{"id":1297,"date":"2016-11-28T19:55:20","date_gmt":"2016-12-02T16:34:56","guid":{"rendered":"http:\/\/www.lacostituzione.info\/?p=1297"},"modified":"2018-01-03T11:29:00","modified_gmt":"2018-01-03T10:29:00","slug":"la-riforma-e-le-regioni-a-statuto-speciale","status":"publish","type":"post","link":"https:\/\/www.lacostituzione.info\/index.php\/2016\/11\/28\/la-riforma-e-le-regioni-a-statuto-speciale\/","title":{"rendered":"La riforma e le Regioni a statuto speciale"},"content":{"rendered":"<p><img loading=\"lazy\" decoding=\"async\" data-attachment-id=\"1302\" data-permalink=\"https:\/\/www.lacostituzione.info\/index.php\/2016\/11\/28\/la-riforma-e-le-regioni-a-statuto-speciale\/th-21\/#main\" data-orig-file=\"https:\/\/www.lacostituzione.info\/wp-content\/uploads\/2016\/12\/th-6.jpg\" data-orig-size=\"102,120\" data-comments-opened=\"1\" data-image-meta=\"{&quot;aperture&quot;:&quot;0&quot;,&quot;credit&quot;:&quot;&quot;,&quot;camera&quot;:&quot;&quot;,&quot;caption&quot;:&quot;&quot;,&quot;created_timestamp&quot;:&quot;0&quot;,&quot;copyright&quot;:&quot;&quot;,&quot;focal_length&quot;:&quot;0&quot;,&quot;iso&quot;:&quot;0&quot;,&quot;shutter_speed&quot;:&quot;0&quot;,&quot;title&quot;:&quot;&quot;,&quot;orientation&quot;:&quot;0&quot;}\" data-image-title=\"th\" data-image-description=\"\" data-image-caption=\"\" data-medium-file=\"https:\/\/www.lacostituzione.info\/wp-content\/uploads\/2016\/12\/th-6.jpg\" data-large-file=\"https:\/\/www.lacostituzione.info\/wp-content\/uploads\/2016\/12\/th-6.jpg\" class=\"alignright wp-image-1302 size-full\" src=\"http:\/\/www.lacostituzione.info\/wp-content\/uploads\/2016\/12\/th-6.jpg\" alt=\"th\" width=\"102\" height=\"120\" \/>di <b>Giovanni Di Cosimo<\/b><\/p>\n<p>I due assi principali della riforma, ovvero superamento del bicameralismo paritario e rimodulazione dei rapporti fra Stato e regioni, occupano uno spazio ben diverso nel convulso dibattito di questi giorni.<!--more--><\/p>\n<p>Molto si discute del Senato, meno delle regioni. Eppure, nel disegno della riforma i due temi sono strettamente legati, visto che la riduzione delle competenze legislative delle regioni dovrebbe essere <strong>compensato dal loro ingresso al Senato<\/strong> e quindi dalla possibilit\u00e0 di partecipare al procedimento legislativo statale. Col risultato, auspicabile e auspicato, di un sostanziale calo del contenzioso, giacch\u00e9 le regioni \u2013 alle quali spetter\u00e0 applicare quelle leggi sul territorio &#8211; non dovrebbero impugnarle davanti alla Corte costituzionale, avendo concorso ad approvarle.<\/p>\n<p>Uno degli aspetti pi\u00f9 controversi del secondo asse \u00e8 la <strong>diversa sorte riservata alle regioni ordinarie e a quelle speciali<\/strong>. Mentre la rimodulazione dei rapporti fra la legge statale e quella regionale e le altre previsioni del capo IV della legge di revisione (per esempio, l\u2019abolizione delle province) valgono per le regioni ordinarie dall\u2019entrata in vigore della riforma nella prossima legislatura, per quelle speciali ci\u00f2 potrebbe accadere solo in un momento successivo. Il condizionale \u00e8 d\u2019obbligo perch\u00e9 l\u2019estensione \u00e8 condizionata alla revisione degli statuti speciali che, a sua volta, \u00e8 subordinata alla previa intesa con la regione interessata. In altre parole, la modifica degli statuti speciali non si far\u00e0 fintanto che le regioni speciali non saranno d\u2019accordo, con la conseguenza che la rimodulazione le riguarder\u00e0 soltanto dopo la modifica degli statuti.<\/p>\n<p>Oltre a ci\u00f2, la riforma estende alle regioni speciali l\u2019attuale disposizione costituzionale, che finora riguardava solo le regioni ordinarie, secondo cui alla regione possono essere concesse \u201culteriori forme e condizioni particolari di autonomia\u201d (\u00e8 il terzo comma dell\u2019art. 116). Veramente l\u2019operazione \u00e8 pi\u00f9 complessa, perch\u00e9 contemporaneamente la riforma: a) modifica il testo di questa disposizione, introducendo, fra l\u2019altro, la condizione che la regione \u201csia in condizione di equilibrio tra le entrate e le spese del proprio bilancio\u201d; b) stabilisce che il testo modificato si applichi subito alle regioni ordinarie e soltanto in seguito a quelle speciali. Pertanto le regioni speciali beneficeranno dell\u2019attuale versione dell\u2019articolo fino alla modifica degli statuti (ma non per alcune delle materie alle quali l\u2019articolo si riferisce), dopodich\u00e9 si applicher\u00e0 la nuova versione. Un marchingegno un po\u2019 complicato, che sembra pensato nella <strong>consapevolezza che la modifica degli statuti potrebbe tardare per molto tempo<\/strong>.<\/p>\n<p>Insomma, fino a quando gli statuti speciali non saranno modificati, e dunque per un periodo che potrebbe essere anche lungo, le regioni speciali: a) non subiranno la riduzione delle competenze legislative (e quindi, sembrerebbe, potranno continuare ad approvare leggi nelle materie concorrenti che la riforma cancella) e neanche l\u2019abolizione delle province; b) nondimeno entreranno fin da subito nel Senato; c) avranno la possibilit\u00e0 di aumentare la loro autonomia.<\/p>\n<p>C\u2019\u00e8 poi la questione del <strong>rapporto fra la revisione costituzionale e gli statuti speciali<\/strong>. In particolare, gli statuti prevedono l\u2019incompatibilit\u00e0 fra il ruolo di consigliere e quello di parlamentare, mentre la riforma prevede che alcuni consiglieri saranno contemporaneamente senatori. Il contrasto si risolve sulla base del principio secondo cui la disposizione pi\u00f9 recente abroga quella precedente. Siccome lo statuto delle regioni speciali \u00e8 una legge costituzionale per la cui modifica serve il procedimento previsto dall\u2019art. 138 della Costituzione per le leggi costituzionali, la contraddizione si risolve ritenendo che la riforma, approvata in forza dell\u2019art. 138, abroghi le precedenti disposizioni statutarie che prevedono l\u2019incompatibilit\u00e0. Certo, sarebbe stato meglio dirlo chiaramente, considerato fra l\u2019altro che proprio la riforma introduce il principio per cui le leggi vanno modificate espressamente (nel nuovo art. 70 primo comma in relazioni alle leggi bicamerali).<\/p>\n<p>Meno facile da risolvere \u00e8 un altro problema interpretativo. Gli statuti speciali prevedono che i progetti di modifica del testo debbano essere sottoposti entro due mesi al parere del Consiglio regionale. Siccome ci\u00f2 non \u00e8 avvenuto, si deve pensare che la riforma abroga anche questa previsione degli statuti, che quindi non si applicher\u00e0 pi\u00f9 in futuro? Oppure semplicemente la disapplica, e quindi resta in vigore per il futuro?<\/p>\n","protected":false},"excerpt":{"rendered":"<p>di Giovanni Di Cosimo I due assi principali della riforma, ovvero superamento del bicameralismo paritario e rimodulazione dei rapporti fra Stato e regioni, occupano uno spazio ben diverso nel convulso dibattito di questi giorni.<\/p>\n<div class='heateorSssClear'><\/div><div  class='heateor_sss_sharing_container heateor_sss_horizontal_sharing' data-heateor-sss-href='https:\/\/www.lacostituzione.info\/index.php\/2016\/11\/28\/la-riforma-e-le-regioni-a-statuto-speciale\/'><div class='heateor_sss_sharing_title' style=\"font-weight:bold\" >Condividi!<\/div><div class=\"heateor_sss_sharing_ul\"><a aria-label=\"Facebook\" class=\"heateor_sss_facebook\" href=\"https:\/\/www.facebook.com\/sharer\/sharer.php?u=https%3A%2F%2Fwww.lacostituzione.info%2Findex.php%2F2016%2F11%2F28%2Fla-riforma-e-le-regioni-a-statuto-speciale%2F\" title=\"Facebook\" rel=\"nofollow noopener\" target=\"_blank\" style=\"font-size:32px!important;box-shadow:none;display:inline-block;vertical-align:middle\"><span class=\"heateor_sss_svg\" style=\"background-color:#0765FE;width:35px;height:35px;display:inline-block;opacity:1;float:left;font-size:32px;box-shadow:none;display:inline-block;font-size:16px;padding:0 4px;vertical-align:middle;background-repeat:repeat;overflow:hidden;padding:0;cursor:pointer;box-sizing:content-box\"><svg style=\"display:block;\" focusable=\"false\" aria-hidden=\"true\" xmlns=\"http:\/\/www.w3.org\/2000\/svg\" width=\"100%\" height=\"100%\" viewBox=\"0 0 32 32\"><path fill=\"#fff\" d=\"M28 16c0-6.627-5.373-12-12-12S4 9.373 4 16c0 5.628 3.875 10.35 9.101 11.647v-7.98h-2.474V16H13.1v-1.58c0-4.085 1.849-5.978 5.859-5.978.76 0 2.072.15 2.608.298v3.325c-.283-.03-.775-.045-1.386-.045-1.967 0-2.728.745-2.728 2.683V16h3.92l-.673 3.667h-3.247v8.245C23.395 27.195 28 22.135 28 16Z\"><\/path><\/svg><\/span><\/a><a aria-label=\"Twitter\" class=\"heateor_sss_button_twitter\" href=\"https:\/\/twitter.com\/intent\/tweet?text=La%20riforma%20e%20le%20Regioni%20a%20statuto%20speciale&url=https%3A%2F%2Fwww.lacostituzione.info%2Findex.php%2F2016%2F11%2F28%2Fla-riforma-e-le-regioni-a-statuto-speciale%2F\" title=\"Twitter\" rel=\"nofollow noopener\" target=\"_blank\" style=\"font-size:32px!important;box-shadow:none;display:inline-block;vertical-align:middle\"><span class=\"heateor_sss_svg heateor_sss_s__default heateor_sss_s_twitter\" style=\"background-color:#55acee;width:35px;height:35px;display:inline-block;opacity:1;float:left;font-size:32px;box-shadow:none;display:inline-block;font-size:16px;padding:0 4px;vertical-align:middle;background-repeat:repeat;overflow:hidden;padding:0;cursor:pointer;box-sizing:content-box\"><svg style=\"display:block;\" focusable=\"false\" aria-hidden=\"true\" xmlns=\"http:\/\/www.w3.org\/2000\/svg\" width=\"100%\" height=\"100%\" viewBox=\"-4 -4 39 39\"><path d=\"M28 8.557a9.913 9.913 0 0 1-2.828.775 4.93 4.93 0 0 0 2.166-2.725 9.738 9.738 0 0 1-3.13 1.194 4.92 4.92 0 0 0-3.593-1.55 4.924 4.924 0 0 0-4.794 6.049c-4.09-.21-7.72-2.17-10.15-5.15a4.942 4.942 0 0 0-.665 2.477c0 1.71.87 3.214 2.19 4.1a4.968 4.968 0 0 1-2.23-.616v.06c0 2.39 1.7 4.38 3.952 4.83-.414.115-.85.174-1.297.174-.318 0-.626-.03-.928-.086a4.935 4.935 0 0 0 4.6 3.42 9.893 9.893 0 0 1-6.114 2.107c-.398 0-.79-.023-1.175-.068a13.953 13.953 0 0 0 7.55 2.213c9.056 0 14.01-7.507 14.01-14.013 0-.213-.005-.426-.015-.637.96-.695 1.795-1.56 2.455-2.55z\" fill=\"#fff\"><\/path><\/svg><\/span><\/a><a aria-label=\"Reddit\" class=\"heateor_sss_button_reddit\" href=\"https:\/\/reddit.com\/submit?url=https%3A%2F%2Fwww.lacostituzione.info%2Findex.php%2F2016%2F11%2F28%2Fla-riforma-e-le-regioni-a-statuto-speciale%2F&title=La%20riforma%20e%20le%20Regioni%20a%20statuto%20speciale\" title=\"Reddit\" rel=\"nofollow noopener\" target=\"_blank\" style=\"font-size:32px!important;box-shadow:none;display:inline-block;vertical-align:middle\"><span class=\"heateor_sss_svg heateor_sss_s__default heateor_sss_s_reddit\" style=\"background-color:#ff5700;width:35px;height:35px;display:inline-block;opacity:1;float:left;font-size:32px;box-shadow:none;display:inline-block;font-size:16px;padding:0 4px;vertical-align:middle;background-repeat:repeat;overflow:hidden;padding:0;cursor:pointer;box-sizing:content-box\"><svg style=\"display:block;\" focusable=\"false\" aria-hidden=\"true\" xmlns=\"http:\/\/www.w3.org\/2000\/svg\" width=\"100%\" height=\"100%\" viewBox=\"-3.5 -3.5 39 39\"><path d=\"M28.543 15.774a2.953 2.953 0 0 0-2.951-2.949 2.882 2.882 0 0 0-1.9.713 14.075 14.075 0 0 0-6.85-2.044l1.38-4.349 3.768.884a2.452 2.452 0 1 0 .24-1.176l-4.274-1a.6.6 0 0 0-.709.4l-1.659 5.224a14.314 14.314 0 0 0-7.316 2.029 2.908 2.908 0 0 0-1.872-.681 2.942 2.942 0 0 0-1.618 5.4 5.109 5.109 0 0 0-.062.765c0 4.158 5.037 7.541 11.229 7.541s11.22-3.383 11.22-7.541a5.2 5.2 0 0 0-.053-.706 2.963 2.963 0 0 0 1.427-2.51zm-18.008 1.88a1.753 1.753 0 0 1 1.73-1.74 1.73 1.73 0 0 1 1.709 1.74 1.709 1.709 0 0 1-1.709 1.711 1.733 1.733 0 0 1-1.73-1.711zm9.565 4.968a5.573 5.573 0 0 1-4.081 1.272h-.032a5.576 5.576 0 0 1-4.087-1.272.6.6 0 0 1 .844-.854 4.5 4.5 0 0 0 3.238.927h.032a4.5 4.5 0 0 0 3.237-.927.6.6 0 1 1 .844.854zm-.331-3.256a1.726 1.726 0 1 1 1.709-1.712 1.717 1.717 0 0 1-1.712 1.712z\" fill=\"#fff\"\/><\/svg><\/span><\/a><a aria-label=\"Linkedin\" class=\"heateor_sss_button_linkedin\" href=\"https:\/\/www.linkedin.com\/sharing\/share-offsite\/?url=https%3A%2F%2Fwww.lacostituzione.info%2Findex.php%2F2016%2F11%2F28%2Fla-riforma-e-le-regioni-a-statuto-speciale%2F\" title=\"Linkedin\" rel=\"nofollow noopener\" target=\"_blank\" style=\"font-size:32px!important;box-shadow:none;display:inline-block;vertical-align:middle\"><span class=\"heateor_sss_svg heateor_sss_s__default heateor_sss_s_linkedin\" style=\"background-color:#0077b5;width:35px;height:35px;display:inline-block;opacity:1;float:left;font-size:32px;box-shadow:none;display:inline-block;font-size:16px;padding:0 4px;vertical-align:middle;background-repeat:repeat;overflow:hidden;padding:0;cursor:pointer;box-sizing:content-box\"><svg style=\"display:block;\" focusable=\"false\" aria-hidden=\"true\" xmlns=\"http:\/\/www.w3.org\/2000\/svg\" width=\"100%\" height=\"100%\" viewBox=\"0 0 32 32\"><path d=\"M6.227 12.61h4.19v13.48h-4.19V12.61zm2.095-6.7a2.43 2.43 0 0 1 0 4.86c-1.344 0-2.428-1.09-2.428-2.43s1.084-2.43 2.428-2.43m4.72 6.7h4.02v1.84h.058c.56-1.058 1.927-2.176 3.965-2.176 4.238 0 5.02 2.792 5.02 6.42v7.395h-4.183v-6.56c0-1.564-.03-3.574-2.178-3.574-2.18 0-2.514 1.7-2.514 3.46v6.668h-4.187V12.61z\" fill=\"#fff\"><\/path><\/svg><\/span><\/a><a aria-label=\"Pinterest\" class=\"heateor_sss_button_pinterest\" href=\"https:\/\/www.lacostituzione.info\/index.php\/2016\/11\/28\/la-riforma-e-le-regioni-a-statuto-speciale\/\" onclick=\"event.preventDefault();javascript:void( (function() {var e=document.createElement('script' );e.setAttribute('type','text\/javascript' );e.setAttribute('charset','UTF-8' );e.setAttribute('src','\/\/assets.pinterest.com\/js\/pinmarklet.js?r='+Math.random()*99999999);document.body.appendChild(e)})());\" title=\"Pinterest\" rel=\"noopener\" style=\"font-size:32px!important;box-shadow:none;display:inline-block;vertical-align:middle\"><span class=\"heateor_sss_svg heateor_sss_s__default heateor_sss_s_pinterest\" style=\"background-color:#cc2329;width:35px;height:35px;display:inline-block;opacity:1;float:left;font-size:32px;box-shadow:none;display:inline-block;font-size:16px;padding:0 4px;vertical-align:middle;background-repeat:repeat;overflow:hidden;padding:0;cursor:pointer;box-sizing:content-box\"><svg style=\"display:block;\" focusable=\"false\" aria-hidden=\"true\" xmlns=\"http:\/\/www.w3.org\/2000\/svg\" width=\"100%\" height=\"100%\" viewBox=\"-2 -2 35 35\"><path fill=\"#fff\" d=\"M16.539 4.5c-6.277 0-9.442 4.5-9.442 8.253 0 2.272.86 4.293 2.705 5.046.303.125.574.005.662-.33.061-.231.205-.816.27-1.06.088-.331.053-.447-.191-.736-.532-.627-.873-1.439-.873-2.591 0-3.338 2.498-6.327 6.505-6.327 3.548 0 5.497 2.168 5.497 5.062 0 3.81-1.686 7.025-4.188 7.025-1.382 0-2.416-1.142-2.085-2.545.397-1.674 1.166-3.48 1.166-4.689 0-1.081-.581-1.983-1.782-1.983-1.413 0-2.548 1.462-2.548 3.419 0 1.247.421 2.091.421 2.091l-1.699 7.199c-.505 2.137-.076 4.755-.039 5.019.021.158.223.196.314.077.13-.17 1.813-2.247 2.384-4.324.162-.587.929-3.631.929-3.631.46.876 1.801 1.646 3.227 1.646 4.247 0 7.128-3.871 7.128-9.053.003-3.918-3.317-7.568-8.361-7.568z\"\/><\/svg><\/span><\/a><a aria-label=\"Whatsapp\" class=\"heateor_sss_whatsapp\" href=\"https:\/\/api.whatsapp.com\/send?text=La%20riforma%20e%20le%20Regioni%20a%20statuto%20speciale%20https%3A%2F%2Fwww.lacostituzione.info%2Findex.php%2F2016%2F11%2F28%2Fla-riforma-e-le-regioni-a-statuto-speciale%2F\" title=\"Whatsapp\" rel=\"nofollow noopener\" target=\"_blank\" style=\"font-size:32px!important;box-shadow:none;display:inline-block;vertical-align:middle\"><span class=\"heateor_sss_svg\" style=\"background-color:#55eb4c;width:35px;height:35px;display:inline-block;opacity:1;float:left;font-size:32px;box-shadow:none;display:inline-block;font-size:16px;padding:0 4px;vertical-align:middle;background-repeat:repeat;overflow:hidden;padding:0;cursor:pointer;box-sizing:content-box\"><svg style=\"display:block;\" focusable=\"false\" aria-hidden=\"true\" xmlns=\"http:\/\/www.w3.org\/2000\/svg\" width=\"100%\" height=\"100%\" viewBox=\"-6 -5 40 40\"><path class=\"heateor_sss_svg_stroke heateor_sss_no_fill\" stroke=\"#fff\" stroke-width=\"2\" fill=\"none\" d=\"M 11.579798566743314 24.396926207859085 A 10 10 0 1 0 6.808479557110079 20.73576436351046\"><\/path><path d=\"M 7 19 l -1 6 l 6 -1\" class=\"heateor_sss_no_fill heateor_sss_svg_stroke\" stroke=\"#fff\" stroke-width=\"2\" fill=\"none\"><\/path><path d=\"M 10 10 q -1 8 8 11 c 5 -1 0 -6 -1 -3 q -4 -3 -5 -5 c 4 -2 -1 -5 -1 -4\" fill=\"#fff\"><\/path><\/svg><\/span><\/a><\/div><div class=\"heateorSssClear\"><\/div><\/div><div class='heateorSssClear'><\/div>","protected":false},"author":9,"featured_media":0,"comment_status":"open","ping_status":"open","sticky":false,"template":"","format":"standard","meta":{"jetpack_post_was_ever_published":false,"_jetpack_newsletter_access":"","_jetpack_dont_email_post_to_subs":false,"_jetpack_newsletter_tier_id":0,"_jetpack_memberships_contains_paywalled_content":false,"_jetpack_memberships_contains_paid_content":false,"footnotes":"","jetpack_publicize_message":"","jetpack_publicize_feature_enabled":true,"jetpack_social_post_already_shared":false,"jetpack_social_options":{"image_generator_settings":{"template":"highway","default_image_id":0,"enabled":false},"version":2}},"categories":[4],"tags":[21,168,30],"class_list":["post-1297","post","type-post","status-publish","format-standard","hentry","category-attualita","tag-regioni","tag-regioni-a-statuto-speciale","tag-riforma"],"jetpack_publicize_connections":[],"jetpack_featured_media_url":"","jetpack_shortlink":"https:\/\/wp.me\/p84sDq-kV","jetpack_likes_enabled":true,"jetpack_sharing_enabled":true,"_links":{"self":[{"href":"https:\/\/www.lacostituzione.info\/index.php\/wp-json\/wp\/v2\/posts\/1297","targetHints":{"allow":["GET"]}}],"collection":[{"href":"https:\/\/www.lacostituzione.info\/index.php\/wp-json\/wp\/v2\/posts"}],"about":[{"href":"https:\/\/www.lacostituzione.info\/index.php\/wp-json\/wp\/v2\/types\/post"}],"author":[{"embeddable":true,"href":"https:\/\/www.lacostituzione.info\/index.php\/wp-json\/wp\/v2\/users\/9"}],"replies":[{"embeddable":true,"href":"https:\/\/www.lacostituzione.info\/index.php\/wp-json\/wp\/v2\/comments?post=1297"}],"version-history":[{"count":0,"href":"https:\/\/www.lacostituzione.info\/index.php\/wp-json\/wp\/v2\/posts\/1297\/revisions"}],"wp:attachment":[{"href":"https:\/\/www.lacostituzione.info\/index.php\/wp-json\/wp\/v2\/media?parent=1297"}],"wp:term":[{"taxonomy":"category","embeddable":true,"href":"https:\/\/www.lacostituzione.info\/index.php\/wp-json\/wp\/v2\/categories?post=1297"},{"taxonomy":"post_tag","embeddable":true,"href":"https:\/\/www.lacostituzione.info\/index.php\/wp-json\/wp\/v2\/tags?post=1297"}],"curies":[{"name":"wp","href":"https:\/\/api.w.org\/{rel}","templated":true}]}}