{"id":1452,"date":"2016-12-13T16:31:08","date_gmt":"2016-12-13T15:31:08","guid":{"rendered":"http:\/\/www.lacostituzione.info\/?p=1452"},"modified":"2016-12-13T16:43:50","modified_gmt":"2016-12-13T15:43:50","slug":"il-quarto-presidente-del-consiglionon-eletto-dal-popolo","status":"publish","type":"post","link":"https:\/\/www.lacostituzione.info\/index.php\/2016\/12\/13\/il-quarto-presidente-del-consiglionon-eletto-dal-popolo\/","title":{"rendered":"Il quarto presidente del Consiglio<br>non eletto dal popolo"},"content":{"rendered":"<p>di <b>Pietro Faraguna<\/b><br \/>\nEcco a voi il quarto Presidente del Consiglio non eletto dal popolo. Dopo Monti, Letta, Renzi, \u00e8 Gentiloni a continuare questa hall of fame di eversori della Costituzione. Ma \u00e8 davvero cos\u00ec? Cio\u00e8, siamo sicuri che sia solo il quarto, e non il 64esimo?<!--more--><br \/>\nSe interroghiamo la Costituzione italiana vi leggiamo che \u201cIl Presidente della Repubblica nomina il Presidente del Consiglio dei Ministri e, su proposta di questo, i Ministri\u201d (Art. 92, comma secondo). Sembra dunque che il popolo abbia ben poco a che fare con la scelta del Presidente del Consiglio, che non solo non viene eletto dal popolo, ma non viene eletto da nessuno: la Costituzione utilizza il verbo \u201cnomina\u201d e il soggetto \u201cIl Presidente della Repubblica\u201d. E infatti, il Presidente del Consiglio dei Ministri pu\u00f2 essere anche chi non sia stato precedentemente eletto ad alcuna carica, nemmeno parlamentare (era questo il caso del Presidente del Consiglio uscente). Questa lettura, tuttavia, chiude soltanto apparentemente la questione.<\/p>\n<p>\u00c8 vero infatti che \u00e8 il Presidente della Repubblica a nominare il Presidente del Consiglio. Ma come lo sceglie? Sceglie chi gli \u00e8 pi\u00f9 simpatico, vicino, affine? Sceglie il pi\u00f9 bravo? Sceglie il pi\u00f9 telegenico? La questione non \u00e8 da poco, e non \u00e8 nemmeno semplice da risolvere. Anche in questo caso \u00e8 dal testo della Costituzione (nel testo che molti di quelli che sostengono la tesi del Presidente illegittimo hanno \u2013 del tutto legittimamente \u2013 lottato per preservare intatto il 4 dicembre scorso) che possiamo trarre qualche conforto: il Presidente del Consiglio, infatti, dopo essere stato nominato dal Presidente del Repubblica presta giuramento, assieme ai ministri, nelle mani di quest\u2019ultimo (Art. 93), assumendo cos\u00ec le funzioni. Per\u00f2, entro dieci giorni, il Governo deve presentarsi a entrambe le Camere per ottenere la fiducia. Singolarmente e in entrambe: sia alla Camera che al Senato (Art. 94). E non \u00e8 detto che il pi\u00f9 amico del Presidente della Repubblica, o il pi\u00f9 simpatico, il pi\u00f9 bravo, il pi\u00f9 telegenico sia in grado di superare il difficile test di ottenere la fiducia da entrambe le Camere meglio di altri.<\/p>\n<p>Ecco, dunque, alcune indicazioni in pi\u00f9 circa il criterio che il Presidente della Repubblica dovr\u00e0 seguire per scegliere il Presidente del Consiglio: dovr\u00e0 nominare il soggetto che abbia una ragionevole possibilit\u00e0 di presentarsi alle Camere e ottenere la fiducia sia della Camera che del Senato. Opzione non scontata: vi sono stati ben quattro casi nei quali un Governo nominato non l&#8217; ha ottenuta: con De Gasperi nel 1953, Fanfani nel 1954 e Andreotti nel 1972 e nel 1979 (non necessariamente esclusa anche nel caso del Governo che ha giurato il 12 dicembre scorso).<\/p>\n<p>Ma chi \u00e8 il soggetto che ha pi\u00f9 possibilit\u00e0 di guidare un Governo che ottenga la fiducia da entrambe le Camere? Questo \u00e8 il grattacapo principale, che impedisce di dare una risposta secca alla domanda di partenza (\u201c\u00e8 vero che il Presidente del Consiglio \u00e8 eletto dal popolo?\u201d). La possibilit\u00e0 di un Governo di ottenere la fiducia dalle Camere dipende infatti da molte cose. O meglio, da una in particolare, che a sua volta dipende da tanti altri fattori: la leggibilit\u00e0 del quadro politico dentro alle due Camere. Se nelle due Camere sono rappresentati due soli partiti, blu e gialli, e in entrambe le Camere i blu hanno la maggioranza, \u00e8 facile prevedere che il capo dei blu \u2013 sempre che i blu abbiano un capo \u2013 avr\u00e0 ottime chance di portare il suo Governo oltre le forche caudine del voto di fiducia. Se per\u00f2 la situazione \u00e8 pi\u00f9 complicata, e oltre ai blu e ai gialli ci sono anche i verdi, i rossi, i gialli con i pallini blu, e i blu con le striature bianche, allora la situazione si fa pi\u00f9 difficile da leggere, e il Presidente della Repubblica dovr\u00e0 darsi molto pi\u00f9 da fare per capire quale sia il soggetto pi\u00f9 appropriato a formare un Governo che ottenga la fiducia di entrambe le Camere.<\/p>\n<p>La complessit\u00e0 del quadro politico all\u2019interno delle Camere pu\u00f2 dipendere da molti fattori, a cominciare dalle legge elettorale: ci sono leggi elettorali che producono assai pi\u00f9 probabilmente un risultato semplice da leggere (con il difetto di lasciare fuori dalla rappresentanza parlamentare quelli che renderebbero il quadro pi\u00f9 difficile da leggere), e leggi elettorali che producono pi\u00f9 probabilmente un quadro frammentato e difficile da leggere, ma pi\u00f9 fedele alla pluralit\u00e0 politica che contraddistingue la realt\u00e0 italiana. Inoltre, pu\u00f2 essere anche la stessa realt\u00e0 partitica a mutare nel corso del tempo, con la fusione di tanti piccoli partiti in pochi grandi partiti, oppure con il processo inverso: la scissione di pochi grandi partiti in tante piccole formazioni politiche. Ci\u00f2 che rende il quadro ancora pi\u00f9 complicato \u00e8 che la legge elettorale e la realt\u00e0 partitica non sono impermeabili, ma si influenzano a vicenda. Tanti piccoli partiti difficilmente supporteranno una legge elettorale che premia maggiormente i grandi partiti, oppure potrebbe darsi che i piccoli partiti confluiscano in un grande partito quando le regole del gioco suggeriscono l\u2019utilit\u00e0 di questa mossa. Salvo poi distaccarsene in Parlamento, formando piccoli gruppi parlamentari autonomi, non appena si presenta l\u2019occasione.<\/p>\n<p>In quei casi in cui i blu hanno un capo ben identificato e all\u2019esito delle elezioni ottengono la maggioranza dei seggi in entrambe le Camere, pu\u00f2 ben dirsi che il Presidente della Repubblica abbia poco da riflettere: nominer\u00e0 Presidente del Consiglio il capo dei blu. E allo stesso modo il popolo che ha eletto il Parlamento con una maggioranza di blu, si sentir\u00e0 di aver determinato direttamente quella scelta. \u00c8 successo con Berlusconi, ed \u00e8 successo, seppure in quel caso la maggioranza dei blu fosse davvero molto esigua, con Prodi.<\/p>\n<p>La leggibilit\u00e0 politica del Parlamento pu\u00f2 essere semplice a seguito delle elezioni, ma pu\u00f2 complicarsi successivamente, perch\u00e9 i partiti litigano, e le maggioranze parlamentari che esistevano dopo le elezioni non esistono pi\u00f9. Pu\u00f2 darsi per\u00f2 ne vengano a esistere di nuove e diverse: \u00e8 il famigerato ribaltone, rispetto al quale la Costituzione non pone ostacoli. Caduto un Governo, se ne cerca un altro che possa ottenere la fiducia dallo stesso Parlamento. Se ci\u00f2 non \u00e8 possibile, il Presidente della Repubblica ha in mano l\u2019arma dello scioglimento delle Camere, e si torna a votare. \u00c8 sufficiente infatti che il Governo ottenga la fiducia da entrambe le Camere, e non \u00e8 detto che questa fiducia debba provenire da una maggioranza di soggetti politici che si sono presentati come alleati alle elezioni. Ci\u00f2 non vuol dire che la decisione sia totalmente in mano al Presidente della Repubblica. \u00c8 infatti pur sempre il Parlamento a dover dare la fiducia, e ad avere quindi in mano l\u2019arma per impedire la formazione di qualunque Governo.<\/p>\n<p>Vi sono inoltre casi in cui la leggibilit\u00e0 politica delle Camere \u00e8 complessa fin da subito dopo le elezioni. Non ci pu\u00f2 essere nessun ribaltone, perch\u00e9 la situazione, per cos\u00ec dire, nasce gi\u00e0 ribaltata. Fin dall\u2019inizio non c\u2019\u00e8 una maggioranza semplice da leggere, n\u00e9 di blu n\u00e9 di gialli: cos\u00ec \u00e8 stato per l\u2019avvio della legislatura in corso.<br \/>\nCome se non bastasse, a rendere ancora pi\u00f9 complicato questo quadro, vi sono stati partiti che hanno ispirato la loro azione politica ed elettorale all\u2019auspicio che il quadro parlamentare risultante dalle elezioni fosse facile da leggere: cos\u00ec si sono svolte primarie di partito, e anche di coalizione, per indicare \u201cil capo dei blu\u201d. Poi, per\u00f2, il loro auspicio non si \u00e8 affatto avverato: il quadro parlamentare risultante dalle elezioni \u00e8 stato tutt\u2019altro che facile da leggere, con una situazione in cui il capo dei blu si \u00e8 ritrovato senza una maggioranza di blu nelle due Camere (i blu, in quel caso, erano il PD e la coalizione di centrosinistra nella campagna elettorale che ha preceduto le elezioni del 2013, e il capo dei blu \u2013 risultante da quelle elezioni primarie \u2013 era Bersani, che per\u00f2, per le ragioni che si \u00e8 cercato di spiegare qui, non divent\u00f2 mai Presidente del Consiglio dei Ministri). Cos\u00ec, dopo essersi fatte delle primarie di partito per scegliere il \u201ccandidato\u201d (sic!) presidente del Consiglio tra Bersani e Renzi, il Presidente della Repubblica ha scelto\u2026 Letta, che poi \u00e8 stato politicamente defenestrato da\u2026 Renzi.<\/p>\n<p>In sintesi: \u00e8 vero che il Presidente del Consiglio \u00e8 eletto dal popolo? In punto di diritto, certamente mai. Guardando a tutto il quadro politico e partitico, il popolo mette nelle mani del Presidente della Repubblica il Presidente del Consiglio soltanto al verificarsi di alcune condizioni: quando le elezioni producono un Parlamento in cui vi sia una maggioranza omogenea nelle due Camere, e un capo di quella maggioranza sia immediatamente identificabile. Condizioni che in Italia si sono verificate molto raramente.<\/p>\n<p>&nbsp;<\/p>\n","protected":false},"excerpt":{"rendered":"<p>di Pietro Faraguna Ecco a voi il quarto Presidente del Consiglio non eletto dal popolo. Dopo Monti, Letta, Renzi, \u00e8 Gentiloni a continuare questa hall of fame di eversori della Costituzione. Ma \u00e8 davvero cos\u00ec? Cio\u00e8, siamo sicuri che sia solo il quarto, e non il 64esimo?<\/p>\n<div class='heateorSssClear'><\/div><div  class='heateor_sss_sharing_container heateor_sss_horizontal_sharing' data-heateor-sss-href='https:\/\/www.lacostituzione.info\/index.php\/2016\/12\/13\/il-quarto-presidente-del-consiglionon-eletto-dal-popolo\/'><div class='heateor_sss_sharing_title' style=\"font-weight:bold\" >Condividi!<\/div><div class=\"heateor_sss_sharing_ul\"><a aria-label=\"Facebook\" class=\"heateor_sss_facebook\" href=\"https:\/\/www.facebook.com\/sharer\/sharer.php?u=https%3A%2F%2Fwww.lacostituzione.info%2Findex.php%2F2016%2F12%2F13%2Fil-quarto-presidente-del-consiglionon-eletto-dal-popolo%2F\" title=\"Facebook\" rel=\"nofollow noopener\" target=\"_blank\" style=\"font-size:32px!important;box-shadow:none;display:inline-block;vertical-align:middle\"><span class=\"heateor_sss_svg\" style=\"background-color:#0765FE;width:35px;height:35px;display:inline-block;opacity:1;float:left;font-size:32px;box-shadow:none;display:inline-block;font-size:16px;padding:0 4px;vertical-align:middle;background-repeat:repeat;overflow:hidden;padding:0;cursor:pointer;box-sizing:content-box\"><svg style=\"display:block;\" focusable=\"false\" aria-hidden=\"true\" xmlns=\"http:\/\/www.w3.org\/2000\/svg\" width=\"100%\" height=\"100%\" viewBox=\"0 0 32 32\"><path fill=\"#fff\" d=\"M28 16c0-6.627-5.373-12-12-12S4 9.373 4 16c0 5.628 3.875 10.35 9.101 11.647v-7.98h-2.474V16H13.1v-1.58c0-4.085 1.849-5.978 5.859-5.978.76 0 2.072.15 2.608.298v3.325c-.283-.03-.775-.045-1.386-.045-1.967 0-2.728.745-2.728 2.683V16h3.92l-.673 3.667h-3.247v8.245C23.395 27.195 28 22.135 28 16Z\"><\/path><\/svg><\/span><\/a><a aria-label=\"Twitter\" class=\"heateor_sss_button_twitter\" href=\"https:\/\/twitter.com\/intent\/tweet?text=Il%20quarto%20presidente%20del%20Consiglio%3Cbr%3Enon%20eletto%20dal%20popolo&url=https%3A%2F%2Fwww.lacostituzione.info%2Findex.php%2F2016%2F12%2F13%2Fil-quarto-presidente-del-consiglionon-eletto-dal-popolo%2F\" title=\"Twitter\" rel=\"nofollow noopener\" target=\"_blank\" style=\"font-size:32px!important;box-shadow:none;display:inline-block;vertical-align:middle\"><span class=\"heateor_sss_svg heateor_sss_s__default heateor_sss_s_twitter\" style=\"background-color:#55acee;width:35px;height:35px;display:inline-block;opacity:1;float:left;font-size:32px;box-shadow:none;display:inline-block;font-size:16px;padding:0 4px;vertical-align:middle;background-repeat:repeat;overflow:hidden;padding:0;cursor:pointer;box-sizing:content-box\"><svg style=\"display:block;\" focusable=\"false\" aria-hidden=\"true\" xmlns=\"http:\/\/www.w3.org\/2000\/svg\" width=\"100%\" height=\"100%\" viewBox=\"-4 -4 39 39\"><path d=\"M28 8.557a9.913 9.913 0 0 1-2.828.775 4.93 4.93 0 0 0 2.166-2.725 9.738 9.738 0 0 1-3.13 1.194 4.92 4.92 0 0 0-3.593-1.55 4.924 4.924 0 0 0-4.794 6.049c-4.09-.21-7.72-2.17-10.15-5.15a4.942 4.942 0 0 0-.665 2.477c0 1.71.87 3.214 2.19 4.1a4.968 4.968 0 0 1-2.23-.616v.06c0 2.39 1.7 4.38 3.952 4.83-.414.115-.85.174-1.297.174-.318 0-.626-.03-.928-.086a4.935 4.935 0 0 0 4.6 3.42 9.893 9.893 0 0 1-6.114 2.107c-.398 0-.79-.023-1.175-.068a13.953 13.953 0 0 0 7.55 2.213c9.056 0 14.01-7.507 14.01-14.013 0-.213-.005-.426-.015-.637.96-.695 1.795-1.56 2.455-2.55z\" fill=\"#fff\"><\/path><\/svg><\/span><\/a><a aria-label=\"Reddit\" class=\"heateor_sss_button_reddit\" href=\"https:\/\/reddit.com\/submit?url=https%3A%2F%2Fwww.lacostituzione.info%2Findex.php%2F2016%2F12%2F13%2Fil-quarto-presidente-del-consiglionon-eletto-dal-popolo%2F&title=Il%20quarto%20presidente%20del%20Consiglio%3Cbr%3Enon%20eletto%20dal%20popolo\" title=\"Reddit\" rel=\"nofollow noopener\" target=\"_blank\" style=\"font-size:32px!important;box-shadow:none;display:inline-block;vertical-align:middle\"><span class=\"heateor_sss_svg heateor_sss_s__default heateor_sss_s_reddit\" style=\"background-color:#ff5700;width:35px;height:35px;display:inline-block;opacity:1;float:left;font-size:32px;box-shadow:none;display:inline-block;font-size:16px;padding:0 4px;vertical-align:middle;background-repeat:repeat;overflow:hidden;padding:0;cursor:pointer;box-sizing:content-box\"><svg style=\"display:block;\" focusable=\"false\" aria-hidden=\"true\" xmlns=\"http:\/\/www.w3.org\/2000\/svg\" width=\"100%\" height=\"100%\" viewBox=\"-3.5 -3.5 39 39\"><path d=\"M28.543 15.774a2.953 2.953 0 0 0-2.951-2.949 2.882 2.882 0 0 0-1.9.713 14.075 14.075 0 0 0-6.85-2.044l1.38-4.349 3.768.884a2.452 2.452 0 1 0 .24-1.176l-4.274-1a.6.6 0 0 0-.709.4l-1.659 5.224a14.314 14.314 0 0 0-7.316 2.029 2.908 2.908 0 0 0-1.872-.681 2.942 2.942 0 0 0-1.618 5.4 5.109 5.109 0 0 0-.062.765c0 4.158 5.037 7.541 11.229 7.541s11.22-3.383 11.22-7.541a5.2 5.2 0 0 0-.053-.706 2.963 2.963 0 0 0 1.427-2.51zm-18.008 1.88a1.753 1.753 0 0 1 1.73-1.74 1.73 1.73 0 0 1 1.709 1.74 1.709 1.709 0 0 1-1.709 1.711 1.733 1.733 0 0 1-1.73-1.711zm9.565 4.968a5.573 5.573 0 0 1-4.081 1.272h-.032a5.576 5.576 0 0 1-4.087-1.272.6.6 0 0 1 .844-.854 4.5 4.5 0 0 0 3.238.927h.032a4.5 4.5 0 0 0 3.237-.927.6.6 0 1 1 .844.854zm-.331-3.256a1.726 1.726 0 1 1 1.709-1.712 1.717 1.717 0 0 1-1.712 1.712z\" fill=\"#fff\"\/><\/svg><\/span><\/a><a aria-label=\"Linkedin\" class=\"heateor_sss_button_linkedin\" href=\"https:\/\/www.linkedin.com\/sharing\/share-offsite\/?url=https%3A%2F%2Fwww.lacostituzione.info%2Findex.php%2F2016%2F12%2F13%2Fil-quarto-presidente-del-consiglionon-eletto-dal-popolo%2F\" title=\"Linkedin\" rel=\"nofollow noopener\" target=\"_blank\" style=\"font-size:32px!important;box-shadow:none;display:inline-block;vertical-align:middle\"><span class=\"heateor_sss_svg heateor_sss_s__default heateor_sss_s_linkedin\" style=\"background-color:#0077b5;width:35px;height:35px;display:inline-block;opacity:1;float:left;font-size:32px;box-shadow:none;display:inline-block;font-size:16px;padding:0 4px;vertical-align:middle;background-repeat:repeat;overflow:hidden;padding:0;cursor:pointer;box-sizing:content-box\"><svg style=\"display:block;\" focusable=\"false\" aria-hidden=\"true\" xmlns=\"http:\/\/www.w3.org\/2000\/svg\" width=\"100%\" height=\"100%\" viewBox=\"0 0 32 32\"><path d=\"M6.227 12.61h4.19v13.48h-4.19V12.61zm2.095-6.7a2.43 2.43 0 0 1 0 4.86c-1.344 0-2.428-1.09-2.428-2.43s1.084-2.43 2.428-2.43m4.72 6.7h4.02v1.84h.058c.56-1.058 1.927-2.176 3.965-2.176 4.238 0 5.02 2.792 5.02 6.42v7.395h-4.183v-6.56c0-1.564-.03-3.574-2.178-3.574-2.18 0-2.514 1.7-2.514 3.46v6.668h-4.187V12.61z\" fill=\"#fff\"><\/path><\/svg><\/span><\/a><a aria-label=\"Pinterest\" class=\"heateor_sss_button_pinterest\" href=\"https:\/\/www.lacostituzione.info\/index.php\/2016\/12\/13\/il-quarto-presidente-del-consiglionon-eletto-dal-popolo\/\" onclick=\"event.preventDefault();javascript:void( (function() {var e=document.createElement('script' );e.setAttribute('type','text\/javascript' );e.setAttribute('charset','UTF-8' );e.setAttribute('src','\/\/assets.pinterest.com\/js\/pinmarklet.js?r='+Math.random()*99999999);document.body.appendChild(e)})());\" title=\"Pinterest\" rel=\"noopener\" style=\"font-size:32px!important;box-shadow:none;display:inline-block;vertical-align:middle\"><span class=\"heateor_sss_svg heateor_sss_s__default heateor_sss_s_pinterest\" style=\"background-color:#cc2329;width:35px;height:35px;display:inline-block;opacity:1;float:left;font-size:32px;box-shadow:none;display:inline-block;font-size:16px;padding:0 4px;vertical-align:middle;background-repeat:repeat;overflow:hidden;padding:0;cursor:pointer;box-sizing:content-box\"><svg style=\"display:block;\" focusable=\"false\" aria-hidden=\"true\" xmlns=\"http:\/\/www.w3.org\/2000\/svg\" width=\"100%\" height=\"100%\" viewBox=\"-2 -2 35 35\"><path fill=\"#fff\" d=\"M16.539 4.5c-6.277 0-9.442 4.5-9.442 8.253 0 2.272.86 4.293 2.705 5.046.303.125.574.005.662-.33.061-.231.205-.816.27-1.06.088-.331.053-.447-.191-.736-.532-.627-.873-1.439-.873-2.591 0-3.338 2.498-6.327 6.505-6.327 3.548 0 5.497 2.168 5.497 5.062 0 3.81-1.686 7.025-4.188 7.025-1.382 0-2.416-1.142-2.085-2.545.397-1.674 1.166-3.48 1.166-4.689 0-1.081-.581-1.983-1.782-1.983-1.413 0-2.548 1.462-2.548 3.419 0 1.247.421 2.091.421 2.091l-1.699 7.199c-.505 2.137-.076 4.755-.039 5.019.021.158.223.196.314.077.13-.17 1.813-2.247 2.384-4.324.162-.587.929-3.631.929-3.631.46.876 1.801 1.646 3.227 1.646 4.247 0 7.128-3.871 7.128-9.053.003-3.918-3.317-7.568-8.361-7.568z\"\/><\/svg><\/span><\/a><a aria-label=\"Whatsapp\" class=\"heateor_sss_whatsapp\" href=\"https:\/\/api.whatsapp.com\/send?text=Il%20quarto%20presidente%20del%20Consiglio%3Cbr%3Enon%20eletto%20dal%20popolo%20https%3A%2F%2Fwww.lacostituzione.info%2Findex.php%2F2016%2F12%2F13%2Fil-quarto-presidente-del-consiglionon-eletto-dal-popolo%2F\" title=\"Whatsapp\" rel=\"nofollow noopener\" target=\"_blank\" style=\"font-size:32px!important;box-shadow:none;display:inline-block;vertical-align:middle\"><span class=\"heateor_sss_svg\" style=\"background-color:#55eb4c;width:35px;height:35px;display:inline-block;opacity:1;float:left;font-size:32px;box-shadow:none;display:inline-block;font-size:16px;padding:0 4px;vertical-align:middle;background-repeat:repeat;overflow:hidden;padding:0;cursor:pointer;box-sizing:content-box\"><svg style=\"display:block;\" focusable=\"false\" aria-hidden=\"true\" xmlns=\"http:\/\/www.w3.org\/2000\/svg\" width=\"100%\" height=\"100%\" viewBox=\"-6 -5 40 40\"><path class=\"heateor_sss_svg_stroke heateor_sss_no_fill\" stroke=\"#fff\" stroke-width=\"2\" fill=\"none\" d=\"M 11.579798566743314 24.396926207859085 A 10 10 0 1 0 6.808479557110079 20.73576436351046\"><\/path><path d=\"M 7 19 l -1 6 l 6 -1\" class=\"heateor_sss_no_fill heateor_sss_svg_stroke\" stroke=\"#fff\" stroke-width=\"2\" fill=\"none\"><\/path><path d=\"M 10 10 q -1 8 8 11 c 5 -1 0 -6 -1 -3 q -4 -3 -5 -5 c 4 -2 -1 -5 -1 -4\" fill=\"#fff\"><\/path><\/svg><\/span><\/a><\/div><div class=\"heateorSssClear\"><\/div><\/div><div class='heateorSssClear'><\/div>","protected":false},"author":14,"featured_media":0,"comment_status":"open","ping_status":"open","sticky":false,"template":"","format":"standard","meta":{"jetpack_post_was_ever_published":false,"_jetpack_newsletter_access":"","_jetpack_dont_email_post_to_subs":false,"_jetpack_newsletter_tier_id":0,"_jetpack_memberships_contains_paywalled_content":false,"_jetpack_memberships_contains_paid_content":false,"footnotes":"","jetpack_publicize_message":"","jetpack_publicize_feature_enabled":true,"jetpack_social_post_already_shared":false,"jetpack_social_options":{"image_generator_settings":{"template":"highway","default_image_id":0,"enabled":false},"version":2}},"categories":[4],"tags":[183,192,194,193,191,180],"class_list":["post-1452","post","type-post","status-publish","format-standard","hentry","category-attualita","tag-camere","tag-elezioni","tag-fiducia","tag-partiti","tag-presidente-del-consiglio","tag-presidente-della-repubblica"],"jetpack_publicize_connections":[],"jetpack_featured_media_url":"","jetpack_shortlink":"https:\/\/wp.me\/p84sDq-nq","jetpack_likes_enabled":true,"jetpack_sharing_enabled":true,"_links":{"self":[{"href":"https:\/\/www.lacostituzione.info\/index.php\/wp-json\/wp\/v2\/posts\/1452","targetHints":{"allow":["GET"]}}],"collection":[{"href":"https:\/\/www.lacostituzione.info\/index.php\/wp-json\/wp\/v2\/posts"}],"about":[{"href":"https:\/\/www.lacostituzione.info\/index.php\/wp-json\/wp\/v2\/types\/post"}],"author":[{"embeddable":true,"href":"https:\/\/www.lacostituzione.info\/index.php\/wp-json\/wp\/v2\/users\/14"}],"replies":[{"embeddable":true,"href":"https:\/\/www.lacostituzione.info\/index.php\/wp-json\/wp\/v2\/comments?post=1452"}],"version-history":[{"count":0,"href":"https:\/\/www.lacostituzione.info\/index.php\/wp-json\/wp\/v2\/posts\/1452\/revisions"}],"wp:attachment":[{"href":"https:\/\/www.lacostituzione.info\/index.php\/wp-json\/wp\/v2\/media?parent=1452"}],"wp:term":[{"taxonomy":"category","embeddable":true,"href":"https:\/\/www.lacostituzione.info\/index.php\/wp-json\/wp\/v2\/categories?post=1452"},{"taxonomy":"post_tag","embeddable":true,"href":"https:\/\/www.lacostituzione.info\/index.php\/wp-json\/wp\/v2\/tags?post=1452"}],"curies":[{"name":"wp","href":"https:\/\/api.w.org\/{rel}","templated":true}]}}