{"id":1859,"date":"2017-01-19T11:59:08","date_gmt":"2017-01-19T10:59:08","guid":{"rendered":"http:\/\/www.lacostituzione.info\/?p=1859"},"modified":"2018-01-03T11:02:57","modified_gmt":"2018-01-03T10:02:57","slug":"la-corte-e-la-legge-elettorale-e-difficile-credere-ad-un-ritorno-indietro","status":"publish","type":"post","link":"https:\/\/www.lacostituzione.info\/index.php\/2017\/01\/19\/la-corte-e-la-legge-elettorale-e-difficile-credere-ad-un-ritorno-indietro\/","title":{"rendered":"La Corte e la legge elettorale: <br> &#8220;\u00e8 difficile credere ad un ritorno indietro&#8221;?"},"content":{"rendered":"<p><img loading=\"lazy\" decoding=\"async\" data-attachment-id=\"1077\" data-permalink=\"https:\/\/www.lacostituzione.info\/index.php\/2017\/01\/05\/questioni\/image-44\/#main\" data-orig-file=\"https:\/\/www.lacostituzione.info\/wp-content\/uploads\/2016\/11\/image-15.jpeg\" data-orig-size=\"1785,1041\" data-comments-opened=\"1\" data-image-meta=\"{&quot;aperture&quot;:&quot;0&quot;,&quot;credit&quot;:&quot;&quot;,&quot;camera&quot;:&quot;&quot;,&quot;caption&quot;:&quot;&quot;,&quot;created_timestamp&quot;:&quot;0&quot;,&quot;copyright&quot;:&quot;&quot;,&quot;focal_length&quot;:&quot;0&quot;,&quot;iso&quot;:&quot;0&quot;,&quot;shutter_speed&quot;:&quot;0&quot;,&quot;title&quot;:&quot;&quot;,&quot;orientation&quot;:&quot;0&quot;}\" data-image-title=\"image\" data-image-description=\"\" data-image-caption=\"\" data-medium-file=\"https:\/\/www.lacostituzione.info\/wp-content\/uploads\/2016\/11\/image-15-300x175.jpeg\" data-large-file=\"https:\/\/www.lacostituzione.info\/wp-content\/uploads\/2016\/11\/image-15-1024x597.jpeg\" class=\"alignleft wp-image-1077 size-medium\" src=\"http:\/\/www.lacostituzione.info\/wp-content\/uploads\/2016\/11\/image-15-300x175.jpeg\" alt=\"\" width=\"300\" height=\"175\" srcset=\"https:\/\/www.lacostituzione.info\/wp-content\/uploads\/2016\/11\/image-15-300x175.jpeg 300w, https:\/\/www.lacostituzione.info\/wp-content\/uploads\/2016\/11\/image-15-768x448.jpeg 768w, https:\/\/www.lacostituzione.info\/wp-content\/uploads\/2016\/11\/image-15-1024x597.jpeg 1024w, https:\/\/www.lacostituzione.info\/wp-content\/uploads\/2016\/11\/image-15.jpeg 1785w\" sizes=\"auto, (max-width: 300px) 100vw, 300px\" \/><\/p>\n<p>di <b><abbr class='c2c-text-hover' title='Professore ordinario di Diritto costituzionale - Universit\u00e0 di Ferrara'>Roberto Bin<\/abbr>\u00a0<\/b><br \/>\nIl virgolettato del titolo \u00e8 tratto dall\u2019introduzione di <a href=\"http:\/\/www.federalismi.it\/nv14\/articolo-documento.cfm?Artid=33215\">Beniamino Caravita<\/a> a un interessante seminario di <em>federalismi.it<\/em> sulle prospettive del giudizio della Corte costituzionale sulla legge elettorale. <!--more-->La tesi \u00e8 che la Corte non potrebbe e neppure dovrebbe \u201ctornare indietro\u201d rispetto alla <a href=\"http:\/\/www.giurcost.org\/decisioni\/2014\/0001s-14.html\">sentenza 1\/2014<\/a> con cui aveva dichiarato l\u2019illegittimit\u00e0 del c.d. <em>Porcellum<\/em>: soprattutto non potrebbe n\u00e9 dovrebbe chiudere la porta del suo giudizio dichiarando inammissibile la <a href=\"http:\/\/www.lacostituzione.info\/index.php\/2017\/01\/05\/questioni\/\">questione sollevata da cinque tribunali<\/a>.<\/p>\n<p>Quello che a me sta a cuore non \u00e8 tanto la sorte dell\u2019<em>Italicum<\/em>, ma quella della Corte costituzionale. Accettando di occuparsi della vecchia legge elettorale, la Corte ha dovuto superare la sua costante giurisprudenza in materia di ammissibilit\u00e0 delle questioni sollevate dai giudici. Ha dovuto infatti allargare le maglie della \u201crilevanza\u201d della questione, che \u00e8 \u201cincidentale\u201d perch\u00e9 \u00e8 un \u201cincidente\u201d che blocca il giudice quando si trova ad applicare una norma che gli appare in insanabile contrasto con la Costituzione; e pu\u00f2 superarlo solo rivolgendosi alla Corte costituzionale.<\/p>\n<p>Nel 2014 la Cassazione, smentendo i giudici dei due gradi precedenti di giudizio, aveva sostenuto che il ricorrente aveva agito per \u201caccertare\u201d la violazione del suo diritto di voto e che aveva interesse a promuovere tale azione di accertamento perch\u00e9 quella legge era stata applicata al momento delle elezioni.<br \/>\nLa Corte costituzionale aveva sviluppato due argomenti per ammettere la questione formulata dalla Cassazione: spetta al giudice che solleva la questione valutare la rilevanza, mentre il controllo che svolge la Corte <em>\u00abva limitato all\u2019adeguatezza delle motivazioni in ordine ai presupposti in base ai quali il giudizio a quo possa dirsi concretamente ed effettivamente instaurato, con un proprio oggetto\u00bb<\/em>: le valutazioni del giudice <em>\u201cnon sono suscettibili di riesame da parte di questa Corte, qualora sorretti da una motivazione non implausibile\u201d<\/em>.<\/p>\n<p>Allora \u2013 spiega la sent. 1\/2014 &#8211; la Cassazione aveva cos\u00ec motivato la rilevanza della questione: l\u2019elettore aveva agito allo scopo <em>\u00abdi rimuovere un pregiudizio\u00bb<\/em>, frutto di <em>\u00abuna (gi\u00e0 avvenuta) modificazione della realt\u00e0 giuridica che postula di essere rimossa mediante un\u2019attivit\u00e0 ulteriore, giuridica e materiale, che consenta ai cittadini elettori di esercitare realmente il diritto di voto in modo pieno e in sintonia con i valori costituzionali\u00bb<\/em>.\u00a0Aveva perci\u00f2 <em>\u00abchiesto al giudice ordinario \u2013 in qualit\u00e0 di giudice dei diritti \u2013 di accertare la portata del proprio diritto di voto, resa incerta da una normativa elettorale in ipotesi incostituzionale, previa l\u2019eventuale proposizione della relativa questione\u00bb<\/em>. Per\u00f2, come la giurisprudenza costituzionale aveva sempre ribadito, non pu\u00f2 esservi \u201cincidentalit\u00e0\u201d (e quindi rilevanza) se uno va dal giudice al solo scopo di fargli impugnare una legge davanti alla Corte costituzionale (il punto \u00e8 ben spiegato da <a href=\"http:\/\/www.lacostituzione.info\/index.php\/2016\/12\/08\/la-corte-e-litalicum-ma-siamo-proprio-sicuri-che-giudichera\/\">Fabio Ferrari<\/a>).<\/p>\n<p>C\u2019\u00e8 incidentalit\u00e0 solo se <em>\u00abl\u2019eventuale accoglimento delle questioni di legittimit\u00e0 costituzionale non esaurirebbe la tutela richiesta nel giudizio principale, che si realizzerebbe solo a seguito ed in virt\u00f9 della pronuncia con la quale il giudice ordinario accerta il contenuto del diritto dell\u2019attore, all\u2019esito della sentenza di questa Corte\u00bb<\/em>. Nel caso del <em>Porcellum<\/em> \u2013 scrisse la Corte allora &#8211;<em> \u00abtale condizione \u00e8 soddisfatta, perch\u00e9 il petitum oggetto del giudizio principale \u00e8 costituito dalla pronuncia di accertamento del diritto azionato, in ipotesi condizionata dalla decisione delle sollevate questioni di legittimit\u00e0 costituzionale, non risultando l\u2019accertamento richiesto al giudice comune totalmente assorbito dalla sentenza di questa Corte, in quanto residuerebbe la verifica delle altre condizioni cui la legge fa dipendere il riconoscimento del diritto di voto\u00bb.<\/em><\/p>\n<p>Poi la Corte svilupp\u00f2 un\u2019altra linea di argomentazione. <em>\u00abL\u2019ammissibilit\u00e0 delle questioni di legittimit\u00e0 costituzionale sollevate nel corso di tale giudizio \u2013 scrive la sent. 1\/2014 &#8211; si desume precisamente dalla peculiarit\u00e0 e dal rilievo costituzionale, da un lato, del diritto oggetto di accertamento; dall\u2019altro, della legge che, per il sospetto di illegittimit\u00e0 costituzionale, ne rende incerta la portata. Detta ammissibilit\u00e0 costituisce anche l\u2019ineludibile corollario del principio che impone di assicurare la tutela del diritto inviolabile di voto, pregiudicato \u2013 secondo l\u2019ordinanza del giudice rimettente \u2013 da una normativa elettorale non conforme ai principi costituzionali, indipendentemente da atti applicativi della stessa, in quanto gi\u00e0 l\u2019incertezza sulla portata del diritto costituisce una lesione giuridicamente rilevante. L\u2019esigenza di garantire il principio di costituzionalit\u00e0 rende quindi imprescindibile affermare il sindacato di questa Corte\u2026 anche sulle leggi, come quelle relative alle elezioni della Camera e del Senato, che pi\u00f9 difficilmente verrebbero per altra via ad essa sottoposte\u00bb.<\/em><\/p>\n<p>L\u2019ammettere la questione della legittimit\u00e0 costituzionale del <em>Porcellum<\/em> rispondeva quindi anche alla esigenza <em>\u00abche non siano sottratte al sindacato di costituzionalit\u00e0 le leggi, quali quelle concernenti le elezioni della Camera e del Senato, che definiscono le regole della composizione di organi costituzionali essenziali per il funzionamento di un sistema democratico-rappresentativo e che quindi non possono essere immuni da quel sindacato. Diversamente, si finirebbe con il creare una zona franca nel sistema di giustizia costituzionale proprio in un ambito strettamente connesso con l\u2019assetto democratico, in quanto incide sul diritto fondamentale di voto; per ci\u00f2 stesso, si determinerebbe un vulnus intollerabile per l\u2019ordinamento costituzionale complessivamente considerato\u00bb.<\/em><\/p>\n<p>Questa \u2013 dunque \u2013 la \u201cstrada aperta\u201d dalla sent. 1\/2014. Dove pu\u00f2 portare questa strada? E le ordinanze che impugnano l\u2019<em>Italicum<\/em> si collocherebbero su di essa?<br \/>\nCi sono almeno due motivi per rispondere di no al secondo interrogativo e a consigliare prudenza nel rispondere al primo.<br \/>\nLe cinque ordinanze hanno impugnato una legge mai applicata: se la Corte ammettesse la questione sarebbe la prima volta nella storia della nostra giustizia costituzionale. Nel nostro sistema si impugnano le leggi quando sono concretamente applicate, anzi, perch\u00e9 sono concretamente applicate: le persone interessate alla sua applicazione, cio\u00e8 colpite nei loro interessi dall\u2019atto di applicazione, possono impugnarlo davanti al giudice e chiedere poi di far rimuovere dalla Corte la legge che lo autorizza. Anche nel caso del <em>Porcellum<\/em> era contro l\u2019applicazione della legge elettorale che il ricorrente aveva fatto ricorso, per chiedere l\u2019accertamento della concreta violazione del suo diritto: in questi termini la Corte aveva ammesso la questione, pur con una certa generosit\u00e0. Nel caso di oggi si discute di una legge mai applicata e che forse non lo sar\u00e0 neppure mai. Una questione teorica, dunque.<\/p>\n<p>Ma \u00e8 opportuno derogare dalle regole processuali di fronte alle leggi elettorali, data la loro importanza per il funzionamento del sistema democratico? Se la Corte vuole essere ancora considerata un giudice deve farsi guidare da ragionamenti giuridici, non da motivi esplicitamente di opportunit\u00e0 politica. Un giudice non \u00e8 libero di scegliere se occuparsi di un caso o meno ragionando in termini di opportunit\u00e0: lo ha fatto e lo fa la Corte suprema americana, con l\u2019esito di perdere credibilit\u00e0 e di diventare l\u2019oggetto di ogni tipo di critica.<\/p>\n<p>\u00c8 bene che la Corte non cada in questo inganno e non prosegua sulla strada aperta dalla sentenza del 2014. Se chiunque potesse promuovere un\u2019azione di accertamento di un qualche suo diritto prima della concreta violazione di esso avremmo introdotto in Italia una forma di impugnazione diretta delle leggi che in altri Paesi c\u2019\u00e8, ma \u00e8 prevista dalla loro Costituzione.<\/p>\n<p>Una volta avviata per questa strada, come potr\u00e0 la Corte spiegare che essa \u00e8 aperta solo per le leggi elettorali e per i \u201cdiritti politici\u201d e non per altri diritti certo non meno rilevanti per i cittadini: il diritto all\u2019ambiente, la tutela del risparmio, la protezione dei beni culturali, il diritto alla ricerca scientifica, la salute\u2026 Perch\u00e9 per questi diritti bisognerebbe aspettare atti concreti e personali di violazione e non si potrebbe chiedere preventivamente l\u2019accertamento giudiziale della loro violazione? Posso chiedere che si accerti che il decreto \u201csalva banche\u201d viola il mio diritto al risparmio perch\u00e9 \u201cbuca\u201d il bilancio dello Stato? La Corte risponderebbe certo di no, ma quanti giudici civili potrebbero essere tentati di sollevare la questione?<\/p>\n<p>Capisco, anche queste sono questioni di opportunit\u00e0: perci\u00f2 \u00e8 bene che le regole processuali siano esattamente rispettate. Altrimenti la Corte dovr\u00e0 un giorno dire che il pericolo che vi siano \u201czone franche\u201d in cui non \u00e8 assicurato il controllo di legittimit\u00e0 costituzionale esiste solo per le leggi elettorali. Che era esattamente il motivo per cui la riforma costituzionale bocciata dal referendum voleva introdurre un apposito giudizio preventivo da parte della Corte costituzionale. Ma la riforma \u00e8 stata, appunto, bocciata e non spetta alla Corte costituzionale sostituirla con la propria giurisprudenza.<\/p>\n","protected":false},"excerpt":{"rendered":"<p>di <abbr class='c2c-text-hover' title='Professore ordinario di Diritto costituzionale - Universit\u00e0 di Ferrara'>Roberto Bin<\/abbr>\u00a0 Il virgolettato del titolo \u00e8 tratto dall\u2019introduzione di Beniamino Caravita a un interessante seminario di federalismi.it sulle prospettive del giudizio della Corte costituzionale sulla legge elettorale.<\/p>\n<div class='heateorSssClear'><\/div><div  class='heateor_sss_sharing_container heateor_sss_horizontal_sharing' data-heateor-sss-href='https:\/\/www.lacostituzione.info\/index.php\/2017\/01\/19\/la-corte-e-la-legge-elettorale-e-difficile-credere-ad-un-ritorno-indietro\/'><div class='heateor_sss_sharing_title' style=\"font-weight:bold\" >Condividi!<\/div><div class=\"heateor_sss_sharing_ul\"><a aria-label=\"Facebook\" class=\"heateor_sss_facebook\" href=\"https:\/\/www.facebook.com\/sharer\/sharer.php?u=https%3A%2F%2Fwww.lacostituzione.info%2Findex.php%2F2017%2F01%2F19%2Fla-corte-e-la-legge-elettorale-e-difficile-credere-ad-un-ritorno-indietro%2F\" title=\"Facebook\" rel=\"nofollow noopener\" target=\"_blank\" style=\"font-size:32px!important;box-shadow:none;display:inline-block;vertical-align:middle\"><span class=\"heateor_sss_svg\" style=\"background-color:#0765FE;width:35px;height:35px;display:inline-block;opacity:1;float:left;font-size:32px;box-shadow:none;display:inline-block;font-size:16px;padding:0 4px;vertical-align:middle;background-repeat:repeat;overflow:hidden;padding:0;cursor:pointer;box-sizing:content-box\"><svg style=\"display:block;\" focusable=\"false\" aria-hidden=\"true\" xmlns=\"http:\/\/www.w3.org\/2000\/svg\" width=\"100%\" height=\"100%\" viewBox=\"0 0 32 32\"><path fill=\"#fff\" d=\"M28 16c0-6.627-5.373-12-12-12S4 9.373 4 16c0 5.628 3.875 10.35 9.101 11.647v-7.98h-2.474V16H13.1v-1.58c0-4.085 1.849-5.978 5.859-5.978.76 0 2.072.15 2.608.298v3.325c-.283-.03-.775-.045-1.386-.045-1.967 0-2.728.745-2.728 2.683V16h3.92l-.673 3.667h-3.247v8.245C23.395 27.195 28 22.135 28 16Z\"><\/path><\/svg><\/span><\/a><a aria-label=\"Twitter\" class=\"heateor_sss_button_twitter\" href=\"https:\/\/twitter.com\/intent\/tweet?text=La%20Corte%20e%20la%20legge%20elettorale%3A%20%3Cbr%3E%20%22%C3%A8%20difficile%20credere%20ad%20un%20ritorno%20indietro%22%3F&url=https%3A%2F%2Fwww.lacostituzione.info%2Findex.php%2F2017%2F01%2F19%2Fla-corte-e-la-legge-elettorale-e-difficile-credere-ad-un-ritorno-indietro%2F\" title=\"Twitter\" rel=\"nofollow noopener\" target=\"_blank\" style=\"font-size:32px!important;box-shadow:none;display:inline-block;vertical-align:middle\"><span class=\"heateor_sss_svg heateor_sss_s__default heateor_sss_s_twitter\" style=\"background-color:#55acee;width:35px;height:35px;display:inline-block;opacity:1;float:left;font-size:32px;box-shadow:none;display:inline-block;font-size:16px;padding:0 4px;vertical-align:middle;background-repeat:repeat;overflow:hidden;padding:0;cursor:pointer;box-sizing:content-box\"><svg style=\"display:block;\" focusable=\"false\" aria-hidden=\"true\" xmlns=\"http:\/\/www.w3.org\/2000\/svg\" width=\"100%\" height=\"100%\" viewBox=\"-4 -4 39 39\"><path d=\"M28 8.557a9.913 9.913 0 0 1-2.828.775 4.93 4.93 0 0 0 2.166-2.725 9.738 9.738 0 0 1-3.13 1.194 4.92 4.92 0 0 0-3.593-1.55 4.924 4.924 0 0 0-4.794 6.049c-4.09-.21-7.72-2.17-10.15-5.15a4.942 4.942 0 0 0-.665 2.477c0 1.71.87 3.214 2.19 4.1a4.968 4.968 0 0 1-2.23-.616v.06c0 2.39 1.7 4.38 3.952 4.83-.414.115-.85.174-1.297.174-.318 0-.626-.03-.928-.086a4.935 4.935 0 0 0 4.6 3.42 9.893 9.893 0 0 1-6.114 2.107c-.398 0-.79-.023-1.175-.068a13.953 13.953 0 0 0 7.55 2.213c9.056 0 14.01-7.507 14.01-14.013 0-.213-.005-.426-.015-.637.96-.695 1.795-1.56 2.455-2.55z\" fill=\"#fff\"><\/path><\/svg><\/span><\/a><a aria-label=\"Reddit\" class=\"heateor_sss_button_reddit\" href=\"https:\/\/reddit.com\/submit?url=https%3A%2F%2Fwww.lacostituzione.info%2Findex.php%2F2017%2F01%2F19%2Fla-corte-e-la-legge-elettorale-e-difficile-credere-ad-un-ritorno-indietro%2F&title=La%20Corte%20e%20la%20legge%20elettorale%3A%20%3Cbr%3E%20%22%C3%A8%20difficile%20credere%20ad%20un%20ritorno%20indietro%22%3F\" title=\"Reddit\" rel=\"nofollow noopener\" target=\"_blank\" style=\"font-size:32px!important;box-shadow:none;display:inline-block;vertical-align:middle\"><span class=\"heateor_sss_svg heateor_sss_s__default heateor_sss_s_reddit\" style=\"background-color:#ff5700;width:35px;height:35px;display:inline-block;opacity:1;float:left;font-size:32px;box-shadow:none;display:inline-block;font-size:16px;padding:0 4px;vertical-align:middle;background-repeat:repeat;overflow:hidden;padding:0;cursor:pointer;box-sizing:content-box\"><svg style=\"display:block;\" focusable=\"false\" aria-hidden=\"true\" xmlns=\"http:\/\/www.w3.org\/2000\/svg\" width=\"100%\" height=\"100%\" viewBox=\"-3.5 -3.5 39 39\"><path d=\"M28.543 15.774a2.953 2.953 0 0 0-2.951-2.949 2.882 2.882 0 0 0-1.9.713 14.075 14.075 0 0 0-6.85-2.044l1.38-4.349 3.768.884a2.452 2.452 0 1 0 .24-1.176l-4.274-1a.6.6 0 0 0-.709.4l-1.659 5.224a14.314 14.314 0 0 0-7.316 2.029 2.908 2.908 0 0 0-1.872-.681 2.942 2.942 0 0 0-1.618 5.4 5.109 5.109 0 0 0-.062.765c0 4.158 5.037 7.541 11.229 7.541s11.22-3.383 11.22-7.541a5.2 5.2 0 0 0-.053-.706 2.963 2.963 0 0 0 1.427-2.51zm-18.008 1.88a1.753 1.753 0 0 1 1.73-1.74 1.73 1.73 0 0 1 1.709 1.74 1.709 1.709 0 0 1-1.709 1.711 1.733 1.733 0 0 1-1.73-1.711zm9.565 4.968a5.573 5.573 0 0 1-4.081 1.272h-.032a5.576 5.576 0 0 1-4.087-1.272.6.6 0 0 1 .844-.854 4.5 4.5 0 0 0 3.238.927h.032a4.5 4.5 0 0 0 3.237-.927.6.6 0 1 1 .844.854zm-.331-3.256a1.726 1.726 0 1 1 1.709-1.712 1.717 1.717 0 0 1-1.712 1.712z\" fill=\"#fff\"\/><\/svg><\/span><\/a><a aria-label=\"Linkedin\" class=\"heateor_sss_button_linkedin\" href=\"https:\/\/www.linkedin.com\/sharing\/share-offsite\/?url=https%3A%2F%2Fwww.lacostituzione.info%2Findex.php%2F2017%2F01%2F19%2Fla-corte-e-la-legge-elettorale-e-difficile-credere-ad-un-ritorno-indietro%2F\" title=\"Linkedin\" rel=\"nofollow noopener\" target=\"_blank\" style=\"font-size:32px!important;box-shadow:none;display:inline-block;vertical-align:middle\"><span class=\"heateor_sss_svg heateor_sss_s__default heateor_sss_s_linkedin\" style=\"background-color:#0077b5;width:35px;height:35px;display:inline-block;opacity:1;float:left;font-size:32px;box-shadow:none;display:inline-block;font-size:16px;padding:0 4px;vertical-align:middle;background-repeat:repeat;overflow:hidden;padding:0;cursor:pointer;box-sizing:content-box\"><svg style=\"display:block;\" focusable=\"false\" aria-hidden=\"true\" xmlns=\"http:\/\/www.w3.org\/2000\/svg\" width=\"100%\" height=\"100%\" viewBox=\"0 0 32 32\"><path d=\"M6.227 12.61h4.19v13.48h-4.19V12.61zm2.095-6.7a2.43 2.43 0 0 1 0 4.86c-1.344 0-2.428-1.09-2.428-2.43s1.084-2.43 2.428-2.43m4.72 6.7h4.02v1.84h.058c.56-1.058 1.927-2.176 3.965-2.176 4.238 0 5.02 2.792 5.02 6.42v7.395h-4.183v-6.56c0-1.564-.03-3.574-2.178-3.574-2.18 0-2.514 1.7-2.514 3.46v6.668h-4.187V12.61z\" fill=\"#fff\"><\/path><\/svg><\/span><\/a><a aria-label=\"Pinterest\" class=\"heateor_sss_button_pinterest\" href=\"https:\/\/www.lacostituzione.info\/index.php\/2017\/01\/19\/la-corte-e-la-legge-elettorale-e-difficile-credere-ad-un-ritorno-indietro\/\" onclick=\"event.preventDefault();javascript:void( (function() {var e=document.createElement('script' );e.setAttribute('type','text\/javascript' );e.setAttribute('charset','UTF-8' );e.setAttribute('src','\/\/assets.pinterest.com\/js\/pinmarklet.js?r='+Math.random()*99999999);document.body.appendChild(e)})());\" title=\"Pinterest\" rel=\"noopener\" style=\"font-size:32px!important;box-shadow:none;display:inline-block;vertical-align:middle\"><span class=\"heateor_sss_svg heateor_sss_s__default heateor_sss_s_pinterest\" style=\"background-color:#cc2329;width:35px;height:35px;display:inline-block;opacity:1;float:left;font-size:32px;box-shadow:none;display:inline-block;font-size:16px;padding:0 4px;vertical-align:middle;background-repeat:repeat;overflow:hidden;padding:0;cursor:pointer;box-sizing:content-box\"><svg style=\"display:block;\" focusable=\"false\" aria-hidden=\"true\" xmlns=\"http:\/\/www.w3.org\/2000\/svg\" width=\"100%\" height=\"100%\" viewBox=\"-2 -2 35 35\"><path fill=\"#fff\" d=\"M16.539 4.5c-6.277 0-9.442 4.5-9.442 8.253 0 2.272.86 4.293 2.705 5.046.303.125.574.005.662-.33.061-.231.205-.816.27-1.06.088-.331.053-.447-.191-.736-.532-.627-.873-1.439-.873-2.591 0-3.338 2.498-6.327 6.505-6.327 3.548 0 5.497 2.168 5.497 5.062 0 3.81-1.686 7.025-4.188 7.025-1.382 0-2.416-1.142-2.085-2.545.397-1.674 1.166-3.48 1.166-4.689 0-1.081-.581-1.983-1.782-1.983-1.413 0-2.548 1.462-2.548 3.419 0 1.247.421 2.091.421 2.091l-1.699 7.199c-.505 2.137-.076 4.755-.039 5.019.021.158.223.196.314.077.13-.17 1.813-2.247 2.384-4.324.162-.587.929-3.631.929-3.631.46.876 1.801 1.646 3.227 1.646 4.247 0 7.128-3.871 7.128-9.053.003-3.918-3.317-7.568-8.361-7.568z\"\/><\/svg><\/span><\/a><a aria-label=\"Whatsapp\" class=\"heateor_sss_whatsapp\" href=\"https:\/\/api.whatsapp.com\/send?text=La%20Corte%20e%20la%20legge%20elettorale%3A%20%3Cbr%3E%20%22%C3%A8%20difficile%20credere%20ad%20un%20ritorno%20indietro%22%3F%20https%3A%2F%2Fwww.lacostituzione.info%2Findex.php%2F2017%2F01%2F19%2Fla-corte-e-la-legge-elettorale-e-difficile-credere-ad-un-ritorno-indietro%2F\" title=\"Whatsapp\" rel=\"nofollow noopener\" target=\"_blank\" style=\"font-size:32px!important;box-shadow:none;display:inline-block;vertical-align:middle\"><span class=\"heateor_sss_svg\" style=\"background-color:#55eb4c;width:35px;height:35px;display:inline-block;opacity:1;float:left;font-size:32px;box-shadow:none;display:inline-block;font-size:16px;padding:0 4px;vertical-align:middle;background-repeat:repeat;overflow:hidden;padding:0;cursor:pointer;box-sizing:content-box\"><svg style=\"display:block;\" focusable=\"false\" aria-hidden=\"true\" xmlns=\"http:\/\/www.w3.org\/2000\/svg\" width=\"100%\" height=\"100%\" viewBox=\"-6 -5 40 40\"><path class=\"heateor_sss_svg_stroke heateor_sss_no_fill\" stroke=\"#fff\" stroke-width=\"2\" fill=\"none\" d=\"M 11.579798566743314 24.396926207859085 A 10 10 0 1 0 6.808479557110079 20.73576436351046\"><\/path><path d=\"M 7 19 l -1 6 l 6 -1\" class=\"heateor_sss_no_fill heateor_sss_svg_stroke\" stroke=\"#fff\" stroke-width=\"2\" fill=\"none\"><\/path><path d=\"M 10 10 q -1 8 8 11 c 5 -1 0 -6 -1 -3 q -4 -3 -5 -5 c 4 -2 -1 -5 -1 -4\" fill=\"#fff\"><\/path><\/svg><\/span><\/a><\/div><div class=\"heateorSssClear\"><\/div><\/div><div class='heateorSssClear'><\/div>","protected":false},"author":3,"featured_media":0,"comment_status":"open","ping_status":"open","sticky":false,"template":"","format":"standard","meta":{"jetpack_post_was_ever_published":false,"_jetpack_newsletter_access":"","_jetpack_dont_email_post_to_subs":false,"_jetpack_newsletter_tier_id":0,"_jetpack_memberships_contains_paywalled_content":false,"_jetpack_memberships_contains_paid_content":false,"footnotes":"","jetpack_publicize_message":"","jetpack_publicize_feature_enabled":true,"jetpack_social_post_already_shared":false,"jetpack_social_options":{"image_generator_settings":{"template":"highway","default_image_id":0,"enabled":false},"version":2}},"categories":[4],"tags":[],"class_list":["post-1859","post","type-post","status-publish","format-standard","hentry","category-attualita"],"jetpack_publicize_connections":[],"jetpack_featured_media_url":"","jetpack_shortlink":"https:\/\/wp.me\/p84sDq-tZ","jetpack_likes_enabled":true,"jetpack_sharing_enabled":true,"_links":{"self":[{"href":"https:\/\/www.lacostituzione.info\/index.php\/wp-json\/wp\/v2\/posts\/1859","targetHints":{"allow":["GET"]}}],"collection":[{"href":"https:\/\/www.lacostituzione.info\/index.php\/wp-json\/wp\/v2\/posts"}],"about":[{"href":"https:\/\/www.lacostituzione.info\/index.php\/wp-json\/wp\/v2\/types\/post"}],"author":[{"embeddable":true,"href":"https:\/\/www.lacostituzione.info\/index.php\/wp-json\/wp\/v2\/users\/3"}],"replies":[{"embeddable":true,"href":"https:\/\/www.lacostituzione.info\/index.php\/wp-json\/wp\/v2\/comments?post=1859"}],"version-history":[{"count":0,"href":"https:\/\/www.lacostituzione.info\/index.php\/wp-json\/wp\/v2\/posts\/1859\/revisions"}],"wp:attachment":[{"href":"https:\/\/www.lacostituzione.info\/index.php\/wp-json\/wp\/v2\/media?parent=1859"}],"wp:term":[{"taxonomy":"category","embeddable":true,"href":"https:\/\/www.lacostituzione.info\/index.php\/wp-json\/wp\/v2\/categories?post=1859"},{"taxonomy":"post_tag","embeddable":true,"href":"https:\/\/www.lacostituzione.info\/index.php\/wp-json\/wp\/v2\/tags?post=1859"}],"curies":[{"name":"wp","href":"https:\/\/api.w.org\/{rel}","templated":true}]}}