{"id":1950,"date":"2017-01-27T09:44:13","date_gmt":"2017-01-27T08:44:13","guid":{"rendered":"http:\/\/www.lacostituzione.info\/?p=1950"},"modified":"2018-01-03T11:00:03","modified_gmt":"2018-01-03T10:00:03","slug":"regno-unito-la-brexit-di-fronte-alla-corte-suprema","status":"publish","type":"post","link":"https:\/\/www.lacostituzione.info\/index.php\/2017\/01\/27\/regno-unito-la-brexit-di-fronte-alla-corte-suprema\/","title":{"rendered":"REGNO UNITO <br>La Brexit di fronte <br> alla Corte Suprema"},"content":{"rendered":"<p><img loading=\"lazy\" decoding=\"async\" data-attachment-id=\"1951\" data-permalink=\"https:\/\/www.lacostituzione.info\/index.php\/2017\/01\/27\/regno-unito-la-brexit-di-fronte-alla-corte-suprema\/th-50\/#main\" data-orig-file=\"https:\/\/www.lacostituzione.info\/wp-content\/uploads\/2017\/01\/th-12.jpg\" data-orig-size=\"300,187\" data-comments-opened=\"1\" data-image-meta=\"{&quot;aperture&quot;:&quot;0&quot;,&quot;credit&quot;:&quot;&quot;,&quot;camera&quot;:&quot;&quot;,&quot;caption&quot;:&quot;&quot;,&quot;created_timestamp&quot;:&quot;0&quot;,&quot;copyright&quot;:&quot;&quot;,&quot;focal_length&quot;:&quot;0&quot;,&quot;iso&quot;:&quot;0&quot;,&quot;shutter_speed&quot;:&quot;0&quot;,&quot;title&quot;:&quot;&quot;,&quot;orientation&quot;:&quot;0&quot;}\" data-image-title=\"th\" data-image-description=\"\" data-image-caption=\"\" data-medium-file=\"https:\/\/www.lacostituzione.info\/wp-content\/uploads\/2017\/01\/th-12-300x187.jpg\" data-large-file=\"https:\/\/www.lacostituzione.info\/wp-content\/uploads\/2017\/01\/th-12.jpg\" class=\"aligncenter wp-image-1951 size-medium\" src=\"http:\/\/www.lacostituzione.info\/wp-content\/uploads\/2017\/01\/th-12-300x187.jpg\" alt=\"\" width=\"300\" height=\"187\" \/><\/p>\n<p style=\"text-align: center;\"><strong>di Francesca Rosa *<br \/>\n<\/strong><\/p>\n<p>Decidendo sul <a href=\"https:\/\/www.supremecourt.uk\/cases\/docs\/uksc-2016-0196-judgment.pdf\">caso Miller<\/a> la Corte Suprema del Regno Unito ha definitivamente chiarito che l&#8217;avvio del recesso dall&#8217;Unione europea deve essere preceduto da una legge del Parlamento. <!--more--><\/p>\n<p>Ha pure stabilito che le Assemblee rappresentative di Scozia, Galles e Irlanda del Nord non hanno alcun diritto di veto nel procedimento legislativo che si svolger\u00e0 a Westminster.<\/p>\n<p>L&#8217;antefatto \u00e8 noto. Il 23 giugno scorso nel Regno Unito si \u00e8 svolto un referendum popolare sulla permanenza del Paese nell&#8217;Unione europea: a fronte di una significativa affluenza alle urne (72,2% degli aventi diritto), il 51,9% degli elettori si \u00e8 espresso a favore del \u201cleave\u201d e il 48,1% a favore del \u201cremain\u201d. Un risultato elettorale netto e politicamente dirompente ma inidoneo a produrre effetti giuridici: la consultazione \u00e8 stata infatti disciplinata dallo <em>European Union Referendum Act 2015<\/em> [<a href=\"http:\/\/www.legislation.gov.uk\/ukpga\/2015\/36\/contents\/enacted\">http:\/\/www.legislation.gov.uk\/ukpga\/2015\/36\/contents\/enacted<\/a>], che nulla prevede sulle conseguenze del voto, contribuendo a qualificarlo come meramente consultivo.<\/p>\n<p>Anche per questa ragione all&#8217;indomani del referendum si \u00e8 aperto il problema di definire il ruolo di Governo e Parlamento nel processo di recesso &#8211; oggi regolato dall\u2019art. 50 del TUE &#8211; a partire dalla sua attivazione, cio\u00e8 dalla notifica dell&#8217;intenzione di recedere al Consiglio europeo. Due cittadini hanno adito l&#8217;autorit\u00e0 giudiziaria per chiarire se il Governo avesse il potere di notificare l\u2019intenzione di recedere in forza della sola prerogativa regia, nella quale abitualmente si radica l\u2019azione dell\u2019esecutivo in politica estera. L&#8217;Alta Corte [<a href=\"https:\/\/www.judiciary.gov.uk\/judgments\/r-miller-v-secretary-of-state-for-exiting-the-european-union\/\" class=\"broken_link\">https:\/\/www.judiciary.gov.uk\/judgments\/r-miller-v-secretary-of-state-for-exiting-the-european-union\/<\/a>] ha negato tale possibilit\u00e0, poich\u00e9 in ossequio al principio della sovranit\u00e0 del Parlamento l&#8217;esercizio della prerogativa regia non pu\u00f2 violare il diritto vigente sia esso giurisprudenziale (<em>common law<\/em>) o legislativo (<em>statute law<\/em>). Nel caso di specie, dopo due anni dalla notifica, in assenza di un accordo tra le parti, il recesso sarebbe efficace e l\u2019azione unilaterale del Governo revocherebbe in dubbio i diritti dei cittadini britannici derivanti dall\u2019appartenenza all\u2019Unione, primo fra tutti il diritto di voto (attivo e passivo) per il Parlamento europeo. Tale appartenenza si radica nello <em>European Communities Act 1972 <\/em>(ECA) [<a href=\"http:\/\/www.legislation.gov.uk\/ukpga\/1972\/68\/contents\">http:\/\/www.legislation.gov.uk\/ukpga\/1972\/68\/contents<\/a>], una legge che ha incorporato al diritto interno il diritto comunitario allora vigente, introducendo <em>pro futuro<\/em> un meccanismo di adeguamento (automatico e non) del diritto interno a quello (prima) comunitario e (poi) euro-unitario<em>.<\/em><\/p>\n<p>Il Governo ha impugnato la decisione dell&#8217;Alta Corte di fronte alla Corte Suprema, sostenendo che ancora oggi la prerogativa regia \u201ccopre\u201d le relazioni internazionali, e con esse anche il recesso dall&#8217;Unione Europea, perch\u00e9 la legislazione del 1972 e quella successiva non l\u2019hanno n\u00e9 limitata n\u00e9 abrogata. Con una decisione assunta a maggioranza (8 a 3) la Corte Suprema ha rigettato il ricorso dell\u2019esecutivo e confermato la conclusione dell&#8217;Alta Corte. Al cuore dell&#8217;argomentazione ci sono l&#8217;analisi della legge del 1972 e la ricostruzione dei rapporti tra ordinamento nazionale e ordinamento europeo. In una prospettiva che pu\u00f2 definirsi monista, la Corte ritiene che tramite lo ECA il Legislatore abbia introdotto il diritto europeo tra le fonti del diritto interno. Il radicale cambiamento costituzionale derivante dall\u2019adesione alla CEE non attiene alla sola sfera delle relazioni internazionali e non pu\u00f2 pertanto lasciato all\u2019esercizio della prerogativa regia da parte del Governo, ma necessita una legge del Parlamento che sancisca l\u2019inversione costituzionale in corso.<\/p>\n<p>Tra le opinioni dei giudici di minoranza merita di essere segnalata quella pi\u00f9 compiuta e approfondita, scritta da Lord Reed, il quale legge in termini del tutto alternativi (dualistici) il rapporto tra ordinamento interno ed europeo. Egli afferma che il diritto europeo deve essere considerato un sistema normativo distinto e autonomo da quello interno che ha effetto entro i confini del Paese in forza della legge del 1972. In questa prospettiva lo ECA consegue ad un obbligo pattizio, che viene meno quando muta l\u2019assetto della relazione del Paese con l\u2019Unione europea. Il recesso dall\u2019Unione, determinando il venir meno di quell\u2019obbligo, neutralizza la <em>ratio<\/em> della legge del 1972.<\/p>\n<p>La Corte ha invece deciso all\u2019unanimit\u00e0 la questione relativa al ruolo delle regioni nel processo di recesso, negando l&#8217;esistenza di un diritto di veto delle Assemblee rappresentative regionali nel procedimento legislativo nazionale. Nel riparto di competenze legislative tra i livelli di governo, la politica estera \u00e8 materia riservata allo Stato e il consenso che le Assemblee legislative regionali esprimono quando il Parlamento di Westminster legifera (per esse) modificando poteri e competenze delle regioni si radica in una regola convenzionale (<em>Sewel convention<\/em>). Le convenzioni costituzionali non sono regole giuridiche e non sono suscettibili di essere invocate di fronte ad un giudice per chiederne l\u2019applicazione, le Regioni non possono pertanto chiamare in causa la Corte Suprema per veder riconosciuto un ruolo nel procedimento legislativo che preceder\u00e0 la notifica dell&#8217;intenzione di recedere.<\/p>\n<p>Chiusa la partita giudiziaria, si apre quella parlamentare, e per quanto il Governo sia forte della propria maggioranza, per quanto sia difficile per i rappresentanti del popolo \u201cnegare\u201d il voto dei propri elettori, non escludiamo che qualche colpo di scena possa sorprenderci.<\/p>\n<p>*<em>Professore associato in Diritto pubblico comparato all&#8217;Universit\u00e0 degli studi di Foggia<\/em><\/p>\n","protected":false},"excerpt":{"rendered":"<p>di Francesca Rosa * Decidendo sul caso Miller la Corte Suprema del Regno Unito ha definitivamente chiarito che l&#8217;avvio del recesso dall&#8217;Unione europea deve essere preceduto da una legge del Parlamento.<\/p>\n<div class='heateorSssClear'><\/div><div  class='heateor_sss_sharing_container heateor_sss_horizontal_sharing' data-heateor-sss-href='https:\/\/www.lacostituzione.info\/index.php\/2017\/01\/27\/regno-unito-la-brexit-di-fronte-alla-corte-suprema\/'><div class='heateor_sss_sharing_title' style=\"font-weight:bold\" >Condividi!<\/div><div class=\"heateor_sss_sharing_ul\"><a aria-label=\"Facebook\" class=\"heateor_sss_facebook\" href=\"https:\/\/www.facebook.com\/sharer\/sharer.php?u=https%3A%2F%2Fwww.lacostituzione.info%2Findex.php%2F2017%2F01%2F27%2Fregno-unito-la-brexit-di-fronte-alla-corte-suprema%2F\" title=\"Facebook\" rel=\"nofollow noopener\" target=\"_blank\" style=\"font-size:32px!important;box-shadow:none;display:inline-block;vertical-align:middle\"><span class=\"heateor_sss_svg\" style=\"background-color:#0765FE;width:35px;height:35px;display:inline-block;opacity:1;float:left;font-size:32px;box-shadow:none;display:inline-block;font-size:16px;padding:0 4px;vertical-align:middle;background-repeat:repeat;overflow:hidden;padding:0;cursor:pointer;box-sizing:content-box\"><svg style=\"display:block;\" focusable=\"false\" aria-hidden=\"true\" xmlns=\"http:\/\/www.w3.org\/2000\/svg\" width=\"100%\" height=\"100%\" viewBox=\"0 0 32 32\"><path fill=\"#fff\" d=\"M28 16c0-6.627-5.373-12-12-12S4 9.373 4 16c0 5.628 3.875 10.35 9.101 11.647v-7.98h-2.474V16H13.1v-1.58c0-4.085 1.849-5.978 5.859-5.978.76 0 2.072.15 2.608.298v3.325c-.283-.03-.775-.045-1.386-.045-1.967 0-2.728.745-2.728 2.683V16h3.92l-.673 3.667h-3.247v8.245C23.395 27.195 28 22.135 28 16Z\"><\/path><\/svg><\/span><\/a><a aria-label=\"Twitter\" class=\"heateor_sss_button_twitter\" href=\"https:\/\/twitter.com\/intent\/tweet?text=REGNO%20UNITO%20%3Cbr%3ELa%20Brexit%20di%20fronte%20%3Cbr%3E%20alla%20Corte%20Suprema&url=https%3A%2F%2Fwww.lacostituzione.info%2Findex.php%2F2017%2F01%2F27%2Fregno-unito-la-brexit-di-fronte-alla-corte-suprema%2F\" title=\"Twitter\" rel=\"nofollow noopener\" target=\"_blank\" style=\"font-size:32px!important;box-shadow:none;display:inline-block;vertical-align:middle\"><span class=\"heateor_sss_svg heateor_sss_s__default heateor_sss_s_twitter\" style=\"background-color:#55acee;width:35px;height:35px;display:inline-block;opacity:1;float:left;font-size:32px;box-shadow:none;display:inline-block;font-size:16px;padding:0 4px;vertical-align:middle;background-repeat:repeat;overflow:hidden;padding:0;cursor:pointer;box-sizing:content-box\"><svg style=\"display:block;\" focusable=\"false\" aria-hidden=\"true\" xmlns=\"http:\/\/www.w3.org\/2000\/svg\" width=\"100%\" height=\"100%\" viewBox=\"-4 -4 39 39\"><path d=\"M28 8.557a9.913 9.913 0 0 1-2.828.775 4.93 4.93 0 0 0 2.166-2.725 9.738 9.738 0 0 1-3.13 1.194 4.92 4.92 0 0 0-3.593-1.55 4.924 4.924 0 0 0-4.794 6.049c-4.09-.21-7.72-2.17-10.15-5.15a4.942 4.942 0 0 0-.665 2.477c0 1.71.87 3.214 2.19 4.1a4.968 4.968 0 0 1-2.23-.616v.06c0 2.39 1.7 4.38 3.952 4.83-.414.115-.85.174-1.297.174-.318 0-.626-.03-.928-.086a4.935 4.935 0 0 0 4.6 3.42 9.893 9.893 0 0 1-6.114 2.107c-.398 0-.79-.023-1.175-.068a13.953 13.953 0 0 0 7.55 2.213c9.056 0 14.01-7.507 14.01-14.013 0-.213-.005-.426-.015-.637.96-.695 1.795-1.56 2.455-2.55z\" fill=\"#fff\"><\/path><\/svg><\/span><\/a><a aria-label=\"Reddit\" class=\"heateor_sss_button_reddit\" href=\"https:\/\/reddit.com\/submit?url=https%3A%2F%2Fwww.lacostituzione.info%2Findex.php%2F2017%2F01%2F27%2Fregno-unito-la-brexit-di-fronte-alla-corte-suprema%2F&title=REGNO%20UNITO%20%3Cbr%3ELa%20Brexit%20di%20fronte%20%3Cbr%3E%20alla%20Corte%20Suprema\" title=\"Reddit\" rel=\"nofollow noopener\" target=\"_blank\" style=\"font-size:32px!important;box-shadow:none;display:inline-block;vertical-align:middle\"><span class=\"heateor_sss_svg heateor_sss_s__default heateor_sss_s_reddit\" style=\"background-color:#ff5700;width:35px;height:35px;display:inline-block;opacity:1;float:left;font-size:32px;box-shadow:none;display:inline-block;font-size:16px;padding:0 4px;vertical-align:middle;background-repeat:repeat;overflow:hidden;padding:0;cursor:pointer;box-sizing:content-box\"><svg style=\"display:block;\" focusable=\"false\" aria-hidden=\"true\" xmlns=\"http:\/\/www.w3.org\/2000\/svg\" width=\"100%\" height=\"100%\" viewBox=\"-3.5 -3.5 39 39\"><path d=\"M28.543 15.774a2.953 2.953 0 0 0-2.951-2.949 2.882 2.882 0 0 0-1.9.713 14.075 14.075 0 0 0-6.85-2.044l1.38-4.349 3.768.884a2.452 2.452 0 1 0 .24-1.176l-4.274-1a.6.6 0 0 0-.709.4l-1.659 5.224a14.314 14.314 0 0 0-7.316 2.029 2.908 2.908 0 0 0-1.872-.681 2.942 2.942 0 0 0-1.618 5.4 5.109 5.109 0 0 0-.062.765c0 4.158 5.037 7.541 11.229 7.541s11.22-3.383 11.22-7.541a5.2 5.2 0 0 0-.053-.706 2.963 2.963 0 0 0 1.427-2.51zm-18.008 1.88a1.753 1.753 0 0 1 1.73-1.74 1.73 1.73 0 0 1 1.709 1.74 1.709 1.709 0 0 1-1.709 1.711 1.733 1.733 0 0 1-1.73-1.711zm9.565 4.968a5.573 5.573 0 0 1-4.081 1.272h-.032a5.576 5.576 0 0 1-4.087-1.272.6.6 0 0 1 .844-.854 4.5 4.5 0 0 0 3.238.927h.032a4.5 4.5 0 0 0 3.237-.927.6.6 0 1 1 .844.854zm-.331-3.256a1.726 1.726 0 1 1 1.709-1.712 1.717 1.717 0 0 1-1.712 1.712z\" fill=\"#fff\"\/><\/svg><\/span><\/a><a aria-label=\"Linkedin\" class=\"heateor_sss_button_linkedin\" href=\"https:\/\/www.linkedin.com\/sharing\/share-offsite\/?url=https%3A%2F%2Fwww.lacostituzione.info%2Findex.php%2F2017%2F01%2F27%2Fregno-unito-la-brexit-di-fronte-alla-corte-suprema%2F\" title=\"Linkedin\" rel=\"nofollow noopener\" target=\"_blank\" style=\"font-size:32px!important;box-shadow:none;display:inline-block;vertical-align:middle\"><span class=\"heateor_sss_svg heateor_sss_s__default heateor_sss_s_linkedin\" style=\"background-color:#0077b5;width:35px;height:35px;display:inline-block;opacity:1;float:left;font-size:32px;box-shadow:none;display:inline-block;font-size:16px;padding:0 4px;vertical-align:middle;background-repeat:repeat;overflow:hidden;padding:0;cursor:pointer;box-sizing:content-box\"><svg style=\"display:block;\" focusable=\"false\" aria-hidden=\"true\" xmlns=\"http:\/\/www.w3.org\/2000\/svg\" width=\"100%\" height=\"100%\" viewBox=\"0 0 32 32\"><path d=\"M6.227 12.61h4.19v13.48h-4.19V12.61zm2.095-6.7a2.43 2.43 0 0 1 0 4.86c-1.344 0-2.428-1.09-2.428-2.43s1.084-2.43 2.428-2.43m4.72 6.7h4.02v1.84h.058c.56-1.058 1.927-2.176 3.965-2.176 4.238 0 5.02 2.792 5.02 6.42v7.395h-4.183v-6.56c0-1.564-.03-3.574-2.178-3.574-2.18 0-2.514 1.7-2.514 3.46v6.668h-4.187V12.61z\" fill=\"#fff\"><\/path><\/svg><\/span><\/a><a aria-label=\"Pinterest\" class=\"heateor_sss_button_pinterest\" href=\"https:\/\/www.lacostituzione.info\/index.php\/2017\/01\/27\/regno-unito-la-brexit-di-fronte-alla-corte-suprema\/\" onclick=\"event.preventDefault();javascript:void( (function() {var e=document.createElement('script' );e.setAttribute('type','text\/javascript' );e.setAttribute('charset','UTF-8' );e.setAttribute('src','\/\/assets.pinterest.com\/js\/pinmarklet.js?r='+Math.random()*99999999);document.body.appendChild(e)})());\" title=\"Pinterest\" rel=\"noopener\" style=\"font-size:32px!important;box-shadow:none;display:inline-block;vertical-align:middle\"><span class=\"heateor_sss_svg heateor_sss_s__default heateor_sss_s_pinterest\" style=\"background-color:#cc2329;width:35px;height:35px;display:inline-block;opacity:1;float:left;font-size:32px;box-shadow:none;display:inline-block;font-size:16px;padding:0 4px;vertical-align:middle;background-repeat:repeat;overflow:hidden;padding:0;cursor:pointer;box-sizing:content-box\"><svg style=\"display:block;\" focusable=\"false\" aria-hidden=\"true\" xmlns=\"http:\/\/www.w3.org\/2000\/svg\" width=\"100%\" height=\"100%\" viewBox=\"-2 -2 35 35\"><path fill=\"#fff\" d=\"M16.539 4.5c-6.277 0-9.442 4.5-9.442 8.253 0 2.272.86 4.293 2.705 5.046.303.125.574.005.662-.33.061-.231.205-.816.27-1.06.088-.331.053-.447-.191-.736-.532-.627-.873-1.439-.873-2.591 0-3.338 2.498-6.327 6.505-6.327 3.548 0 5.497 2.168 5.497 5.062 0 3.81-1.686 7.025-4.188 7.025-1.382 0-2.416-1.142-2.085-2.545.397-1.674 1.166-3.48 1.166-4.689 0-1.081-.581-1.983-1.782-1.983-1.413 0-2.548 1.462-2.548 3.419 0 1.247.421 2.091.421 2.091l-1.699 7.199c-.505 2.137-.076 4.755-.039 5.019.021.158.223.196.314.077.13-.17 1.813-2.247 2.384-4.324.162-.587.929-3.631.929-3.631.46.876 1.801 1.646 3.227 1.646 4.247 0 7.128-3.871 7.128-9.053.003-3.918-3.317-7.568-8.361-7.568z\"\/><\/svg><\/span><\/a><a aria-label=\"Whatsapp\" class=\"heateor_sss_whatsapp\" href=\"https:\/\/api.whatsapp.com\/send?text=REGNO%20UNITO%20%3Cbr%3ELa%20Brexit%20di%20fronte%20%3Cbr%3E%20alla%20Corte%20Suprema%20https%3A%2F%2Fwww.lacostituzione.info%2Findex.php%2F2017%2F01%2F27%2Fregno-unito-la-brexit-di-fronte-alla-corte-suprema%2F\" title=\"Whatsapp\" rel=\"nofollow noopener\" target=\"_blank\" style=\"font-size:32px!important;box-shadow:none;display:inline-block;vertical-align:middle\"><span class=\"heateor_sss_svg\" style=\"background-color:#55eb4c;width:35px;height:35px;display:inline-block;opacity:1;float:left;font-size:32px;box-shadow:none;display:inline-block;font-size:16px;padding:0 4px;vertical-align:middle;background-repeat:repeat;overflow:hidden;padding:0;cursor:pointer;box-sizing:content-box\"><svg style=\"display:block;\" focusable=\"false\" aria-hidden=\"true\" xmlns=\"http:\/\/www.w3.org\/2000\/svg\" width=\"100%\" height=\"100%\" viewBox=\"-6 -5 40 40\"><path class=\"heateor_sss_svg_stroke heateor_sss_no_fill\" stroke=\"#fff\" stroke-width=\"2\" fill=\"none\" d=\"M 11.579798566743314 24.396926207859085 A 10 10 0 1 0 6.808479557110079 20.73576436351046\"><\/path><path d=\"M 7 19 l -1 6 l 6 -1\" class=\"heateor_sss_no_fill heateor_sss_svg_stroke\" stroke=\"#fff\" stroke-width=\"2\" fill=\"none\"><\/path><path d=\"M 10 10 q -1 8 8 11 c 5 -1 0 -6 -1 -3 q -4 -3 -5 -5 c 4 -2 -1 -5 -1 -4\" fill=\"#fff\"><\/path><\/svg><\/span><\/a><\/div><div class=\"heateorSssClear\"><\/div><\/div><div class='heateorSssClear'><\/div>","protected":false},"author":1,"featured_media":0,"comment_status":"open","ping_status":"open","sticky":false,"template":"","format":"standard","meta":{"jetpack_post_was_ever_published":false,"_jetpack_newsletter_access":"","_jetpack_dont_email_post_to_subs":false,"_jetpack_newsletter_tier_id":0,"_jetpack_memberships_contains_paywalled_content":false,"_jetpack_memberships_contains_paid_content":false,"footnotes":"","jetpack_publicize_message":"","jetpack_publicize_feature_enabled":true,"jetpack_social_post_already_shared":false,"jetpack_social_options":{"image_generator_settings":{"template":"highway","default_image_id":0,"enabled":false},"version":2}},"categories":[5],"tags":[339,93,338,340,341,94],"class_list":["post-1950","post","type-post","status-publish","format-standard","hentry","category-lavori-in-corso","tag-alta-corte-inglese","tag-brexit","tag-corte-suprema-inglese","tag-european-communities-act","tag-regno-unito","tag-unione-europea"],"jetpack_publicize_connections":[],"jetpack_featured_media_url":"","jetpack_shortlink":"https:\/\/wp.me\/p84sDq-vs","jetpack_likes_enabled":true,"jetpack_sharing_enabled":true,"_links":{"self":[{"href":"https:\/\/www.lacostituzione.info\/index.php\/wp-json\/wp\/v2\/posts\/1950","targetHints":{"allow":["GET"]}}],"collection":[{"href":"https:\/\/www.lacostituzione.info\/index.php\/wp-json\/wp\/v2\/posts"}],"about":[{"href":"https:\/\/www.lacostituzione.info\/index.php\/wp-json\/wp\/v2\/types\/post"}],"author":[{"embeddable":true,"href":"https:\/\/www.lacostituzione.info\/index.php\/wp-json\/wp\/v2\/users\/1"}],"replies":[{"embeddable":true,"href":"https:\/\/www.lacostituzione.info\/index.php\/wp-json\/wp\/v2\/comments?post=1950"}],"version-history":[{"count":0,"href":"https:\/\/www.lacostituzione.info\/index.php\/wp-json\/wp\/v2\/posts\/1950\/revisions"}],"wp:attachment":[{"href":"https:\/\/www.lacostituzione.info\/index.php\/wp-json\/wp\/v2\/media?parent=1950"}],"wp:term":[{"taxonomy":"category","embeddable":true,"href":"https:\/\/www.lacostituzione.info\/index.php\/wp-json\/wp\/v2\/categories?post=1950"},{"taxonomy":"post_tag","embeddable":true,"href":"https:\/\/www.lacostituzione.info\/index.php\/wp-json\/wp\/v2\/tags?post=1950"}],"curies":[{"name":"wp","href":"https:\/\/api.w.org\/{rel}","templated":true}]}}