{"id":1971,"date":"2017-01-27T18:05:58","date_gmt":"2017-01-27T17:05:58","guid":{"rendered":"http:\/\/www.lacostituzione.info\/?p=1971"},"modified":"2018-01-03T10:59:47","modified_gmt":"2018-01-03T09:59:47","slug":"italicum-quel-che-la-corte-non-dice-e-il-nodo-che-resta-da-sciogliere","status":"publish","type":"post","link":"https:\/\/www.lacostituzione.info\/index.php\/2017\/01\/27\/italicum-quel-che-la-corte-non-dice-e-il-nodo-che-resta-da-sciogliere\/","title":{"rendered":"Italicum: quel che la Corte non dice <br> e il nodo che resta da sciogliere"},"content":{"rendered":"<p><img loading=\"lazy\" decoding=\"async\" data-attachment-id=\"1973\" data-permalink=\"https:\/\/www.lacostituzione.info\/index.php\/2017\/01\/27\/italicum-quel-che-la-corte-non-dice-e-il-nodo-che-resta-da-sciogliere\/th-52\/#main\" data-orig-file=\"https:\/\/www.lacostituzione.info\/wp-content\/uploads\/2017\/01\/th-14.jpg\" data-orig-size=\"300,150\" data-comments-opened=\"1\" data-image-meta=\"{&quot;aperture&quot;:&quot;0&quot;,&quot;credit&quot;:&quot;&quot;,&quot;camera&quot;:&quot;&quot;,&quot;caption&quot;:&quot;&quot;,&quot;created_timestamp&quot;:&quot;0&quot;,&quot;copyright&quot;:&quot;&quot;,&quot;focal_length&quot;:&quot;0&quot;,&quot;iso&quot;:&quot;0&quot;,&quot;shutter_speed&quot;:&quot;0&quot;,&quot;title&quot;:&quot;&quot;,&quot;orientation&quot;:&quot;0&quot;}\" data-image-title=\"th\" data-image-description=\"\" data-image-caption=\"\" data-medium-file=\"https:\/\/www.lacostituzione.info\/wp-content\/uploads\/2017\/01\/th-14-300x150.jpg\" data-large-file=\"https:\/\/www.lacostituzione.info\/wp-content\/uploads\/2017\/01\/th-14.jpg\" class=\"alignleft wp-image-1973 size-medium\" src=\"http:\/\/www.lacostituzione.info\/wp-content\/uploads\/2017\/01\/th-14-300x150.jpg\" alt=\"\" width=\"300\" height=\"150\" \/><\/p>\n<p>di <strong>Salvatore Curreri<\/strong><\/p>\n<p>Il comunicato con cui la Corte ha preannunciato la propria sentenza sull\u2019<em>Italicum <\/em>scioglie alcuni nodi ma ne lascia aperti altri, ben pi\u00f9 importanti, sui quali bisogner\u00e0 invece attendere le motivazioni.<!--more--><\/p>\n<p>Innanzi tutto, la Corte <strong>non ha bocciato i<\/strong> <strong>capolista bloccati<\/strong>, ad onta di coloro che sostengono che il voto di preferenza sia l\u2019unica modalit\u00e0 con cui gli elettori possono democraticamente scegliere gli eletti. Tesi ardita sia in fatto, visto che esso, specie nelle regioni meridionali, favorisce le clientele e non i migliori; sia in diritto, perch\u00e9 i capilista bloccati, con il nome riportato sulla scheda, sono assimilabili ai candidati dei collegi uninominali nel maggioritario, in cui non c\u2019\u00e8 voto di preferenza.<\/p>\n<p>In secondo luogo, <strong>le pluri-candidature non sono state bocciate<\/strong> in s\u00e9 ma perch\u00e9, in caso di elezione in pi\u00f9 collegi, mancava un criterio per individuare automaticamente uno, senza affidarne la scelta alla discrezionalit\u00e0 dell\u2019eletto. La scelta dalla Corte di ricorrere ad una soluzione &#8211; il sorteggio \u2013 gi\u00e0 prevista dalla legge come <em>extrema ratio<\/em> in caso di mancata opzione dell\u2019eletto, \u00e8 evidentemente dettata dalla scelta della Corte di individuare una soluzione auto-applicativa, senza essere costretta a farsi essa stessa legislatore per inventarne una. Ma certamente non \u00e8 quella che consente di meglio tutelare il rapporto elettore \u2013 eletto perch\u00e9 potrebbe essere sorteggiato il collegio in cui il pluri-candidato ha ottenuto, in percentuale, il peggior risultato.<\/p>\n<p>In terzo luogo,<strong> \u00e8 rimasto il premio di maggioranza<\/strong> del 54% dei seggi alla lista che al primo turno ottiene il 40% dei voti. Tale premio, quindi, non \u00e8 irragionevole, anche perch\u00e9, contrariamente a quel che sembra, lo scarto tra voti e seggi \u00e8 inferiore al 14%; infatti, chi raggiunge il 40% dei voti ottiene gi\u00e0 pi\u00f9 del 40% dei seggi a causa dell\u2019esclusione dal riparto dei seggi delle liste che non hanno superato lo sbarramento del 3%. L\u2019aver mantenuto tale premio smentisce la tesi che un sistema elettorale, per essere democratico, debba limitarsi a fotografare i rapporti di forza esistenti tra i partiti politici. La Corte, invece, ci dice che attribuire la maggioranza dei seggi a chi non ha preso la maggioranza dei voti non viola il principio democratico e l\u2019eguaglianza di voto.<\/p>\n<p>Infine &#8211; ed \u00e8 il punto centrale della sentenza \u2013 la Corte ha dichiarato <strong>incostituzionale<\/strong> <strong>il ballottaggio<\/strong>, ma nel comunicato non se ne spiega le ragioni. Si possono fare tre ipotesi:<\/p>\n<ul>\n<li>il ballottaggio \u00e8 incostituzionale in s\u00e9, perch\u00e9, a differenza di quel che accade in comuni e regioni, non si pu\u00f2 ricorrere a tale strumento quando si tratti di eleggere non un organo monocratico ma collegio, tanto pi\u00f9 se si tratti del Parlamento, cio\u00e8 la sede della rappresentanza politica nazionale;<\/li>\n<li>il ballottaggio \u00e8 incostituzionale perch\u00e9 il legislatore non ha previsto una percentuale minima di voti per potervi accedere, cos\u00ec da evitare che una lista che al primo turno abbia ottenuto una percentuale minima di voti (intorno al 30%), conquisti il premio di maggioranza del 54% dei seggi, con una dis-proporzionalit\u00e0 che la Corte costituzionale nella sentenza n. 1\/2014 sul <em>Porcellum<\/em> aveva dichiarato incostituzionale. Oppure \u2013 seconda ipotesi \u2013 il ballottaggio \u00e8 stato dichiarato incostituzionale perch\u00e9 non \u00e8 prevista una percentuale minima di votanti per la sua validit\u00e0. In entrambi i casi, il ballottaggio non sarebbe incostituzionale in s\u00e9 ma perch\u00e9 non compiutamente disciplinato;<\/li>\n<li>il ballottaggio \u00e8 incostituzionale perch\u00e9 irragionevole in quanto non in grado di garantire una maggioranza di governo in un sistema come il nostro, rimasto (ahim\u00e8) bicamerale, in cui il governo deve avere la fiducia anche del Senato. Il ballottaggio, quindi, sarebbe incostituzionale non in s\u00e9 ma perch\u00e9 il sistema \u00e8 rimasto bicamerale; il che spiegherebbe perch\u00e9 la Corte ha voluto rinviare la decisione a dopo il referendum costituzionale. Se cos\u00ec fosse, per\u00f2, ci sarebbe da chiedersi perch\u00e9 la Corte non ha bocciato anche il premio di maggioranza al primo turno, giacch\u00e9 anch\u2019esso, in un sistema bicamerale, non idoneo a garantire, come detto, una maggioranza di governo.<\/li>\n<\/ul>\n<p>In effetti, dalle due sentenze della Corte costituzionale \u2013 la 1 del 2014 e quella del 25 gennaio \u2013 emergono tra Camera e Senato due sistema elettorali diversi: il premio di maggioranza \u00e8 previsto solo alla Camera (per la lista) e non al Senato; le coalizioni di liste sono escluse alla Camera ma incentivate al Senato (lo sbarramento scende dall\u20198 al 3% per le liste unite in coalizione che ottengono su base regionale pi\u00f9 del 20% dei voti); gli sbarramenti sono diversi (3% per tutte le liste alla Camera, solo per liste coalizzate al Senato, altrimenti l\u20198%); infine alla Camera vi sono i capilista bloccati, mentre al Senato vige per tutti i candidati il voto di preferenza.<\/p>\n<p>Sono differenze non radicali ma certo significative, che potrebbero determinare maggioranze politiche diverse, se non opposte, tra le due camere, con rischio di paralisi del sistema. Da qui, la necessit\u00e0 di <strong>rendere omogenee (ma non per questo uguali) le formule elettorali delle due camere<\/strong>, a proposito della quale si possono fare tre riflessioni.<\/p>\n<p>Innanzi tutto: <strong>quale dovr\u00e0 essere il verso di tale \u201comogeneizzazione\u201d<\/strong>? Dovr\u00e0 essere il sistema della Camera ad essere omogeneo a quello del Senato, o viceversa? Si dovr\u00e0, insomma, proporzionalizzare il sistema della Camera, togliendo i capilista e, soprattutto, il premio di maggioranza; oppure, al contrario, si dovranno introdurre elementi maggioritari nel sistema del Senato? In questa seconda ipotesi, quali essi potrebbero essere?<\/p>\n<p>Gi\u00e0 la Corte costituzionale, nella sentenza n. 1\/2014, ha bocciato i premi di maggioranza regionali perch\u00e9 inidonei a garantire una maggioranza a livello nazionale. Si potrebbe introdurre al Senato un premio di maggioranza nazionale alla lista o coalizione pi\u00f9 votata? Va ricordato che a tale soluzione, prevista in un primo momento dal centro destra all\u2019atto di redigere il <em>Porcellum<\/em>, fu avversata dalla sinistra e trov\u00f2 un netto rifiuto nell\u2019allora Presidente della Repubblica Carlo Azeglio Ciampi, che per le vie brevi fece sapere di ritenerla in contrasto con l\u2019art. 57.1 Cost., secondo cui il Senato \u201c\u00e8 eletto a base regionale\u201d. La si potrebbe ora riproporre, interpretando tale \u201cbase regionale\u201d come la sede in cui i seggi vengono solo ripartiti ma non aggiudicati?<\/p>\n<p>Pur ammettendo un premio di maggioranza nazionale al Senato, ci\u00f2 non impedirebbe per\u00f2 che a conquistarlo possa essere una forza politica diversa da quella invece vincitrice alla Camera, per cui avremmo la situazione paradossale di due premi di maggioranza attribuiti a liste o coalizione diverse, con rischio, anche qui, di paralisi del sistema. Per scongiurare tale eventualit\u00e0, si potrebbe inserire una clausola per cui i premi di maggioranza scatterebbero solo se ad aggiudicarseli fossero la stessa lista o coalizione in entrambe le Camere? Oppure una simile clausola sarebbe in contrasto con l\u2019art. 58.1 Cost. perch\u00e9 consentirebbe agli elettori diciottenni della Camera di influire sull\u2019elezione del Senato, riservata ai venticinquenni?<\/p>\n<p>Secondo riflessione:<strong> tale omogeneizzazione \u00e8 un\u2019esigenza politica o un obbligo costituzionale<\/strong>? Il costituente del 1948 aveva disegnato un Senato rispetto alla Camera di durata diversa (sei anni contro cinque) ed eletto in modo diverso (su base regionale per l\u2019appunto). Gi\u00e0 per\u00f2 nel 1948, fissando per l\u2019elezione nei collegi uninominali del Senato la soglia irraggiungibile del 65%, le due legge elettorali furono di fatto uniformate sull\u2019asse proporzionale. E nel 1963, dopo gli scioglimenti anticipati del \u201953 e del \u201958, la durata del Senato fu allineata a quella quinquennale della Camera.<\/p>\n<p>Tale situazione \u00e8 per\u00f2 mutata dal 1993. Da allora, infatti, le leggi elettorali delle due Camere sono state diverse: con il <em>Mattarellum <\/em>il 25% dei seggi proporzionali era attribuito in base al voto alla Camera di una seconda scheda, dell\u2019unica scheda invece al Senato; con il <em>Porcellum<\/em>, come detto, il premio di maggioranza era nazionale alla Camera e regionale al Senato; per non dire delle diverse soglie di sbarramento.<\/p>\n<p>Il risultato, com\u2019\u00e8 noto, \u00e8 che dal 1994 abbiamo avuto quattro volte su sei maggioranze politiche diverse, se non opposte, tra le due Camere. Nel 1994 Berlusconi ha la maggioranza alla Camera ma per ottenerla al Senato deve ricorrere al voto di alcuni senatori transfughi eletti con il terzo polo costituito dal Patto Segni; nel 1996 Prodi ha la maggioranza al Senato ma deve ricorrere all\u2019appoggio di Rifondazione comunista alla Camera (con cui comunque aveva stretto un patto di desistenza); nel 2006 Prodi vince il premio di maggioranza alla Camera ma per ottenere la fiducia al Senato deve ricorrere al voto dei senatori a vita ed eletti all\u2019estero; infine, come tutti ricordiamo, nel 2013 il centro sinistra vince il premio di maggioranza alla Camera ma non \u00e8 in maggioranza in un Senato che riflette piuttosto, dopo il successo del M5S, l\u2019assetto politico tripolare.<\/p>\n<p><strong>Il punto, allora, \u00e8 che, per quanti sforzi si facciano, nessuna formula elettorale \u00e8 in grado di garantire che la maggioranza alla Camera sia uguale alla maggioranza al Senato, finch\u00e9 verranno interpretati rigidamente i due requisiti costituzionali che la contraddistinguono, e cio\u00e8 l\u2019essere eletto da un corpo elettorale diverso e pi\u00f9 ristretto (25 anni anzich\u00e9 18) e su base elettorale diversa (regionale anzich\u00e9 nazionale).<\/strong><\/p>\n<p><strong>L\u2019aver mantenuto<\/strong> \u2013 terza ed ultima riflessione \u2013 <strong>il premio di maggioranza alla Camera potrebbe in tal senso rispondere al tentativo di farne comunque la base per la costruzione della maggioranza di governo<\/strong>. In tal senso, esso potrebbe non palesarsi come irragionevole e, quindi, per questo non dichiarato illegittimo dalla Corte costituzionale. Ma \u00e8 un\u2019ipotesi, non una certezza, lasciata ovviamente alla discrezionalit\u00e0 della politica. Ipotesi il cui esito, stante l\u2019indisponibilit\u00e0 del M5S a qualunque accordo, porterebbe dritti a governi di grande coalizione tra una parte del centro destra e una parte del centro sinistra.<\/p>\n<p>Una democrazia bloccata, quindi, in cui la tradizionale linea di frattura destra \u2013 sinistra con cui siamo stati sinora soliti classificare i rapporti tra le forze politiche sarebbe sostituita da altre, forse pi\u00f9 attuali e drammatiche, che passano per l\u2019adesione all\u2019euro e all\u2019Unione europea, per le politiche sull\u2019immigrazione o quelle sulla sicurezza nazionale e internazionale.<\/p>\n<p>Forse \u00e8 questo il preoccupante futuro che ci attende.<\/p>\n<p>&nbsp;<\/p>\n<p>&nbsp;<\/p>\n","protected":false},"excerpt":{"rendered":"<p>di Salvatore Curreri Il comunicato con cui la Corte ha preannunciato la propria sentenza sull\u2019Italicum scioglie alcuni nodi ma ne lascia aperti altri, ben pi\u00f9 importanti, sui quali bisogner\u00e0 invece attendere le motivazioni.<\/p>\n<div class='heateorSssClear'><\/div><div  class='heateor_sss_sharing_container heateor_sss_horizontal_sharing' data-heateor-sss-href='https:\/\/www.lacostituzione.info\/index.php\/2017\/01\/27\/italicum-quel-che-la-corte-non-dice-e-il-nodo-che-resta-da-sciogliere\/'><div class='heateor_sss_sharing_title' style=\"font-weight:bold\" >Condividi!<\/div><div class=\"heateor_sss_sharing_ul\"><a aria-label=\"Facebook\" class=\"heateor_sss_facebook\" href=\"https:\/\/www.facebook.com\/sharer\/sharer.php?u=https%3A%2F%2Fwww.lacostituzione.info%2Findex.php%2F2017%2F01%2F27%2Fitalicum-quel-che-la-corte-non-dice-e-il-nodo-che-resta-da-sciogliere%2F\" title=\"Facebook\" rel=\"nofollow noopener\" target=\"_blank\" style=\"font-size:32px!important;box-shadow:none;display:inline-block;vertical-align:middle\"><span class=\"heateor_sss_svg\" style=\"background-color:#0765FE;width:35px;height:35px;display:inline-block;opacity:1;float:left;font-size:32px;box-shadow:none;display:inline-block;font-size:16px;padding:0 4px;vertical-align:middle;background-repeat:repeat;overflow:hidden;padding:0;cursor:pointer;box-sizing:content-box\"><svg style=\"display:block;\" focusable=\"false\" aria-hidden=\"true\" xmlns=\"http:\/\/www.w3.org\/2000\/svg\" width=\"100%\" height=\"100%\" viewBox=\"0 0 32 32\"><path fill=\"#fff\" d=\"M28 16c0-6.627-5.373-12-12-12S4 9.373 4 16c0 5.628 3.875 10.35 9.101 11.647v-7.98h-2.474V16H13.1v-1.58c0-4.085 1.849-5.978 5.859-5.978.76 0 2.072.15 2.608.298v3.325c-.283-.03-.775-.045-1.386-.045-1.967 0-2.728.745-2.728 2.683V16h3.92l-.673 3.667h-3.247v8.245C23.395 27.195 28 22.135 28 16Z\"><\/path><\/svg><\/span><\/a><a aria-label=\"Twitter\" class=\"heateor_sss_button_twitter\" href=\"https:\/\/twitter.com\/intent\/tweet?text=Italicum%3A%20quel%20che%20la%20Corte%20non%20dice%20%3Cbr%3E%20e%20il%20nodo%20che%20resta%20da%20sciogliere&url=https%3A%2F%2Fwww.lacostituzione.info%2Findex.php%2F2017%2F01%2F27%2Fitalicum-quel-che-la-corte-non-dice-e-il-nodo-che-resta-da-sciogliere%2F\" title=\"Twitter\" rel=\"nofollow noopener\" target=\"_blank\" style=\"font-size:32px!important;box-shadow:none;display:inline-block;vertical-align:middle\"><span class=\"heateor_sss_svg heateor_sss_s__default heateor_sss_s_twitter\" style=\"background-color:#55acee;width:35px;height:35px;display:inline-block;opacity:1;float:left;font-size:32px;box-shadow:none;display:inline-block;font-size:16px;padding:0 4px;vertical-align:middle;background-repeat:repeat;overflow:hidden;padding:0;cursor:pointer;box-sizing:content-box\"><svg style=\"display:block;\" focusable=\"false\" aria-hidden=\"true\" xmlns=\"http:\/\/www.w3.org\/2000\/svg\" width=\"100%\" height=\"100%\" viewBox=\"-4 -4 39 39\"><path d=\"M28 8.557a9.913 9.913 0 0 1-2.828.775 4.93 4.93 0 0 0 2.166-2.725 9.738 9.738 0 0 1-3.13 1.194 4.92 4.92 0 0 0-3.593-1.55 4.924 4.924 0 0 0-4.794 6.049c-4.09-.21-7.72-2.17-10.15-5.15a4.942 4.942 0 0 0-.665 2.477c0 1.71.87 3.214 2.19 4.1a4.968 4.968 0 0 1-2.23-.616v.06c0 2.39 1.7 4.38 3.952 4.83-.414.115-.85.174-1.297.174-.318 0-.626-.03-.928-.086a4.935 4.935 0 0 0 4.6 3.42 9.893 9.893 0 0 1-6.114 2.107c-.398 0-.79-.023-1.175-.068a13.953 13.953 0 0 0 7.55 2.213c9.056 0 14.01-7.507 14.01-14.013 0-.213-.005-.426-.015-.637.96-.695 1.795-1.56 2.455-2.55z\" fill=\"#fff\"><\/path><\/svg><\/span><\/a><a aria-label=\"Reddit\" class=\"heateor_sss_button_reddit\" href=\"https:\/\/reddit.com\/submit?url=https%3A%2F%2Fwww.lacostituzione.info%2Findex.php%2F2017%2F01%2F27%2Fitalicum-quel-che-la-corte-non-dice-e-il-nodo-che-resta-da-sciogliere%2F&title=Italicum%3A%20quel%20che%20la%20Corte%20non%20dice%20%3Cbr%3E%20e%20il%20nodo%20che%20resta%20da%20sciogliere\" title=\"Reddit\" rel=\"nofollow noopener\" target=\"_blank\" style=\"font-size:32px!important;box-shadow:none;display:inline-block;vertical-align:middle\"><span class=\"heateor_sss_svg heateor_sss_s__default heateor_sss_s_reddit\" style=\"background-color:#ff5700;width:35px;height:35px;display:inline-block;opacity:1;float:left;font-size:32px;box-shadow:none;display:inline-block;font-size:16px;padding:0 4px;vertical-align:middle;background-repeat:repeat;overflow:hidden;padding:0;cursor:pointer;box-sizing:content-box\"><svg style=\"display:block;\" focusable=\"false\" aria-hidden=\"true\" xmlns=\"http:\/\/www.w3.org\/2000\/svg\" width=\"100%\" height=\"100%\" viewBox=\"-3.5 -3.5 39 39\"><path d=\"M28.543 15.774a2.953 2.953 0 0 0-2.951-2.949 2.882 2.882 0 0 0-1.9.713 14.075 14.075 0 0 0-6.85-2.044l1.38-4.349 3.768.884a2.452 2.452 0 1 0 .24-1.176l-4.274-1a.6.6 0 0 0-.709.4l-1.659 5.224a14.314 14.314 0 0 0-7.316 2.029 2.908 2.908 0 0 0-1.872-.681 2.942 2.942 0 0 0-1.618 5.4 5.109 5.109 0 0 0-.062.765c0 4.158 5.037 7.541 11.229 7.541s11.22-3.383 11.22-7.541a5.2 5.2 0 0 0-.053-.706 2.963 2.963 0 0 0 1.427-2.51zm-18.008 1.88a1.753 1.753 0 0 1 1.73-1.74 1.73 1.73 0 0 1 1.709 1.74 1.709 1.709 0 0 1-1.709 1.711 1.733 1.733 0 0 1-1.73-1.711zm9.565 4.968a5.573 5.573 0 0 1-4.081 1.272h-.032a5.576 5.576 0 0 1-4.087-1.272.6.6 0 0 1 .844-.854 4.5 4.5 0 0 0 3.238.927h.032a4.5 4.5 0 0 0 3.237-.927.6.6 0 1 1 .844.854zm-.331-3.256a1.726 1.726 0 1 1 1.709-1.712 1.717 1.717 0 0 1-1.712 1.712z\" fill=\"#fff\"\/><\/svg><\/span><\/a><a aria-label=\"Linkedin\" class=\"heateor_sss_button_linkedin\" href=\"https:\/\/www.linkedin.com\/sharing\/share-offsite\/?url=https%3A%2F%2Fwww.lacostituzione.info%2Findex.php%2F2017%2F01%2F27%2Fitalicum-quel-che-la-corte-non-dice-e-il-nodo-che-resta-da-sciogliere%2F\" title=\"Linkedin\" rel=\"nofollow noopener\" target=\"_blank\" style=\"font-size:32px!important;box-shadow:none;display:inline-block;vertical-align:middle\"><span class=\"heateor_sss_svg heateor_sss_s__default heateor_sss_s_linkedin\" style=\"background-color:#0077b5;width:35px;height:35px;display:inline-block;opacity:1;float:left;font-size:32px;box-shadow:none;display:inline-block;font-size:16px;padding:0 4px;vertical-align:middle;background-repeat:repeat;overflow:hidden;padding:0;cursor:pointer;box-sizing:content-box\"><svg style=\"display:block;\" focusable=\"false\" aria-hidden=\"true\" xmlns=\"http:\/\/www.w3.org\/2000\/svg\" width=\"100%\" height=\"100%\" viewBox=\"0 0 32 32\"><path d=\"M6.227 12.61h4.19v13.48h-4.19V12.61zm2.095-6.7a2.43 2.43 0 0 1 0 4.86c-1.344 0-2.428-1.09-2.428-2.43s1.084-2.43 2.428-2.43m4.72 6.7h4.02v1.84h.058c.56-1.058 1.927-2.176 3.965-2.176 4.238 0 5.02 2.792 5.02 6.42v7.395h-4.183v-6.56c0-1.564-.03-3.574-2.178-3.574-2.18 0-2.514 1.7-2.514 3.46v6.668h-4.187V12.61z\" fill=\"#fff\"><\/path><\/svg><\/span><\/a><a aria-label=\"Pinterest\" class=\"heateor_sss_button_pinterest\" href=\"https:\/\/www.lacostituzione.info\/index.php\/2017\/01\/27\/italicum-quel-che-la-corte-non-dice-e-il-nodo-che-resta-da-sciogliere\/\" onclick=\"event.preventDefault();javascript:void( (function() {var e=document.createElement('script' );e.setAttribute('type','text\/javascript' );e.setAttribute('charset','UTF-8' );e.setAttribute('src','\/\/assets.pinterest.com\/js\/pinmarklet.js?r='+Math.random()*99999999);document.body.appendChild(e)})());\" title=\"Pinterest\" rel=\"noopener\" style=\"font-size:32px!important;box-shadow:none;display:inline-block;vertical-align:middle\"><span class=\"heateor_sss_svg heateor_sss_s__default heateor_sss_s_pinterest\" style=\"background-color:#cc2329;width:35px;height:35px;display:inline-block;opacity:1;float:left;font-size:32px;box-shadow:none;display:inline-block;font-size:16px;padding:0 4px;vertical-align:middle;background-repeat:repeat;overflow:hidden;padding:0;cursor:pointer;box-sizing:content-box\"><svg style=\"display:block;\" focusable=\"false\" aria-hidden=\"true\" xmlns=\"http:\/\/www.w3.org\/2000\/svg\" width=\"100%\" height=\"100%\" viewBox=\"-2 -2 35 35\"><path fill=\"#fff\" d=\"M16.539 4.5c-6.277 0-9.442 4.5-9.442 8.253 0 2.272.86 4.293 2.705 5.046.303.125.574.005.662-.33.061-.231.205-.816.27-1.06.088-.331.053-.447-.191-.736-.532-.627-.873-1.439-.873-2.591 0-3.338 2.498-6.327 6.505-6.327 3.548 0 5.497 2.168 5.497 5.062 0 3.81-1.686 7.025-4.188 7.025-1.382 0-2.416-1.142-2.085-2.545.397-1.674 1.166-3.48 1.166-4.689 0-1.081-.581-1.983-1.782-1.983-1.413 0-2.548 1.462-2.548 3.419 0 1.247.421 2.091.421 2.091l-1.699 7.199c-.505 2.137-.076 4.755-.039 5.019.021.158.223.196.314.077.13-.17 1.813-2.247 2.384-4.324.162-.587.929-3.631.929-3.631.46.876 1.801 1.646 3.227 1.646 4.247 0 7.128-3.871 7.128-9.053.003-3.918-3.317-7.568-8.361-7.568z\"\/><\/svg><\/span><\/a><a aria-label=\"Whatsapp\" class=\"heateor_sss_whatsapp\" href=\"https:\/\/api.whatsapp.com\/send?text=Italicum%3A%20quel%20che%20la%20Corte%20non%20dice%20%3Cbr%3E%20e%20il%20nodo%20che%20resta%20da%20sciogliere%20https%3A%2F%2Fwww.lacostituzione.info%2Findex.php%2F2017%2F01%2F27%2Fitalicum-quel-che-la-corte-non-dice-e-il-nodo-che-resta-da-sciogliere%2F\" title=\"Whatsapp\" rel=\"nofollow noopener\" target=\"_blank\" style=\"font-size:32px!important;box-shadow:none;display:inline-block;vertical-align:middle\"><span class=\"heateor_sss_svg\" style=\"background-color:#55eb4c;width:35px;height:35px;display:inline-block;opacity:1;float:left;font-size:32px;box-shadow:none;display:inline-block;font-size:16px;padding:0 4px;vertical-align:middle;background-repeat:repeat;overflow:hidden;padding:0;cursor:pointer;box-sizing:content-box\"><svg style=\"display:block;\" focusable=\"false\" aria-hidden=\"true\" xmlns=\"http:\/\/www.w3.org\/2000\/svg\" width=\"100%\" height=\"100%\" viewBox=\"-6 -5 40 40\"><path class=\"heateor_sss_svg_stroke heateor_sss_no_fill\" stroke=\"#fff\" stroke-width=\"2\" fill=\"none\" d=\"M 11.579798566743314 24.396926207859085 A 10 10 0 1 0 6.808479557110079 20.73576436351046\"><\/path><path d=\"M 7 19 l -1 6 l 6 -1\" class=\"heateor_sss_no_fill heateor_sss_svg_stroke\" stroke=\"#fff\" stroke-width=\"2\" fill=\"none\"><\/path><path d=\"M 10 10 q -1 8 8 11 c 5 -1 0 -6 -1 -3 q -4 -3 -5 -5 c 4 -2 -1 -5 -1 -4\" fill=\"#fff\"><\/path><\/svg><\/span><\/a><\/div><div class=\"heateorSssClear\"><\/div><\/div><div class='heateorSssClear'><\/div>","protected":false},"author":13,"featured_media":0,"comment_status":"open","ping_status":"open","sticky":false,"template":"","format":"standard","meta":{"jetpack_post_was_ever_published":false,"_jetpack_newsletter_access":"","_jetpack_dont_email_post_to_subs":false,"_jetpack_newsletter_tier_id":0,"_jetpack_memberships_contains_paywalled_content":false,"_jetpack_memberships_contains_paid_content":false,"footnotes":"","jetpack_publicize_message":"","jetpack_publicize_feature_enabled":true,"jetpack_social_post_already_shared":false,"jetpack_social_options":{"image_generator_settings":{"template":"highway","default_image_id":0,"enabled":false},"version":2}},"categories":[4],"tags":[32,345,149,102,37,346,347,319,26],"class_list":["post-1971","post","type-post","status-publish","format-standard","hentry","category-attualita","tag-camera","tag-capolista","tag-corte-costituzionale","tag-italicum","tag-legge-elettorale","tag-pluricandidature","tag-porcellum","tag-premio-di-maggioranza","tag-senato"],"jetpack_publicize_connections":[],"jetpack_featured_media_url":"","jetpack_shortlink":"https:\/\/wp.me\/p84sDq-vN","jetpack_likes_enabled":true,"jetpack_sharing_enabled":true,"_links":{"self":[{"href":"https:\/\/www.lacostituzione.info\/index.php\/wp-json\/wp\/v2\/posts\/1971","targetHints":{"allow":["GET"]}}],"collection":[{"href":"https:\/\/www.lacostituzione.info\/index.php\/wp-json\/wp\/v2\/posts"}],"about":[{"href":"https:\/\/www.lacostituzione.info\/index.php\/wp-json\/wp\/v2\/types\/post"}],"author":[{"embeddable":true,"href":"https:\/\/www.lacostituzione.info\/index.php\/wp-json\/wp\/v2\/users\/13"}],"replies":[{"embeddable":true,"href":"https:\/\/www.lacostituzione.info\/index.php\/wp-json\/wp\/v2\/comments?post=1971"}],"version-history":[{"count":0,"href":"https:\/\/www.lacostituzione.info\/index.php\/wp-json\/wp\/v2\/posts\/1971\/revisions"}],"wp:attachment":[{"href":"https:\/\/www.lacostituzione.info\/index.php\/wp-json\/wp\/v2\/media?parent=1971"}],"wp:term":[{"taxonomy":"category","embeddable":true,"href":"https:\/\/www.lacostituzione.info\/index.php\/wp-json\/wp\/v2\/categories?post=1971"},{"taxonomy":"post_tag","embeddable":true,"href":"https:\/\/www.lacostituzione.info\/index.php\/wp-json\/wp\/v2\/tags?post=1971"}],"curies":[{"name":"wp","href":"https:\/\/api.w.org\/{rel}","templated":true}]}}