{"id":1999,"date":"2017-02-06T16:34:37","date_gmt":"2017-02-06T15:34:37","guid":{"rendered":"http:\/\/www.lacostituzione.info\/?p=1999"},"modified":"2018-01-03T10:59:01","modified_gmt":"2018-01-03T09:59:01","slug":"a-proposito-dei-vitalizi-ai-parlamentari","status":"publish","type":"post","link":"https:\/\/www.lacostituzione.info\/index.php\/2017\/02\/06\/a-proposito-dei-vitalizi-ai-parlamentari\/","title":{"rendered":"A proposito dei &#8220;vitalizi&#8221; ai parlamentari"},"content":{"rendered":"<p><img loading=\"lazy\" decoding=\"async\" data-attachment-id=\"2000\" data-permalink=\"https:\/\/www.lacostituzione.info\/index.php\/2017\/02\/06\/a-proposito-dei-vitalizi-ai-parlamentari\/image-82\/#main\" data-orig-file=\"https:\/\/www.lacostituzione.info\/wp-content\/uploads\/2017\/02\/image.jpeg\" data-orig-size=\"1678,864\" data-comments-opened=\"1\" data-image-meta=\"{&quot;aperture&quot;:&quot;0&quot;,&quot;credit&quot;:&quot;&quot;,&quot;camera&quot;:&quot;&quot;,&quot;caption&quot;:&quot;&quot;,&quot;created_timestamp&quot;:&quot;0&quot;,&quot;copyright&quot;:&quot;&quot;,&quot;focal_length&quot;:&quot;0&quot;,&quot;iso&quot;:&quot;0&quot;,&quot;shutter_speed&quot;:&quot;0&quot;,&quot;title&quot;:&quot;&quot;,&quot;orientation&quot;:&quot;0&quot;}\" data-image-title=\"image\" data-image-description=\"\" data-image-caption=\"\" data-medium-file=\"https:\/\/www.lacostituzione.info\/wp-content\/uploads\/2017\/02\/image-300x154.jpeg\" data-large-file=\"https:\/\/www.lacostituzione.info\/wp-content\/uploads\/2017\/02\/image-1024x527.jpeg\" class=\"alignright wp-image-2000 size-medium\" src=\"http:\/\/www.lacostituzione.info\/wp-content\/uploads\/2017\/02\/image-300x154.jpeg\" alt=\"\" width=\"300\" height=\"154\" srcset=\"https:\/\/www.lacostituzione.info\/wp-content\/uploads\/2017\/02\/image-300x154.jpeg 300w, https:\/\/www.lacostituzione.info\/wp-content\/uploads\/2017\/02\/image-768x395.jpeg 768w, https:\/\/www.lacostituzione.info\/wp-content\/uploads\/2017\/02\/image-1024x527.jpeg 1024w, https:\/\/www.lacostituzione.info\/wp-content\/uploads\/2017\/02\/image.jpeg 1678w\" sizes=\"auto, (max-width: 300px) 100vw, 300px\" \/><\/p>\n<p>di\u00a0<strong>Salvatore Curreri<\/strong><br \/>\nL\u2019improvvido sms inviato dall\u2019ex Presidente del Consiglio Renzi alla trasmissione DiMarted\u00ec di Giovanni Floris (\u00abPer me votare nel 2017 o nel 2018 \u00e8 lo stesso. L&#8217;unica cosa \u00e8 evitare che scattino i vitalizi perch\u00e9 sarebbe molto ingiusto verso i cittadini. Sarebbe assurdo\u00bb) ha contribuito a rinfocolare le polemiche circa l\u2019ipotesi che l\u2019attuale legislatura non venga sciolta anticipatamente per permettere ai parlamentari di poter maturare il diritto a percepire tale c.d. vitalizio.<!--more--><br \/>\nIn caso, infatti, di scioglimento anticipato, i non pochi parlamentari di prima legislatura (402 deputati e 193 senatori: rispettivamente circa il 65 e il 60 per cento del totale; dati openpolis.it), perderebbero tale diritto e, con esso, i contributi versati (stimati in circa 20 milioni di euro), che non verrebbero loro restituiti.<\/p>\n<p>Ma \u00e8 proprio cos\u00ec? Quella sui c.d. \u201cvitalizi\u201d sarebbe veramente una disposizione, apparentemente interna, ma di contenuto cos\u00ec materialmente fondamentale, ai fini dello scioglimento delle camere, da rientrare a pieno titolo tra quelle che determinano l\u2019identit\u00e0 del nostro ordinamento costituzionale?<br \/>\nPer rispondere a tale domanda, occorre subito precisare che quel che i giornalisti continuano a definire \u2013 con comoda ma impropria semplificazione &#8211; \u201cvitalizi\u201d, evocando trattamenti pensionistici da nababbi sulle spalle di tutti noi contribuenti, non sono pi\u00f9 tali dal 2012.<\/p>\n<p>Prima del 2012, infatti, gli ex parlamentari, al superamento di una certa soglia d\u2019et\u00e0, percepivano un assegno, detto per l\u2019appunto vitalizio, indipendentemente dai contributi versati (regime retributivo).<br \/>\nA partire dalla corrente legislatura, gli uffici di presidenza di entrambe le camera hanno abrogato tale sistema previdenziale per tutti i nuovi eletti. Costoro, infatti, al termine del mandato, avranno diritto ad una pensione integrativa erogata, come ogni altro pubblico dipendente, in base esclusivamente ai contributi versati al Fondo pensioni rispettivamente di Camera e Senato (metodo contributivo) tramite trattenute (quasi 800 euro al mese, pari all\u20198,8% dell\u2019indennit\u00e0 parlamentare lorda, a fronte dei quasi 1550 euro versati dalle Camere per ogni eletto).<br \/>\nSecondo quanto dichiarato dal Presidente dell\u2019Inps, Boeri, grazie al passaggio dal sistema retributivo al sistema contributivo la spesa per i vitalizi si \u00e8 ridotta del 40% (circa 193 mln.)<\/p>\n<p>Tale pensione integrativa viene percepita dall\u2019ex parlamentare non immediatamente al termine della legislatura ma quando avr\u00e0 compiuto 65 anni, a condizione che abbia svolto cinque anni di mandato parlamentare effettivo. Il limite di 65 anni \u00e8 diminuito per ogni anno di mandato parlamentare in pi\u00f9 rispetto ai cinque minimi previsti (64 anni in caso di sei anni, 63 per sette\u2026.) con il limite minimo inderogabile di 60 anni, anche per chi ha alle spalle pi\u00f9 di 10 anni di legislatura.<\/p>\n<p>Come per il pubblico impiego (ricordate quando per andare in pensione con venti anni di servizio bastava aver lavorato 19 anni, sei mesi e un giorno?), anche per il parlamentare i cinque anni di legislatura si compiono dopo aver svolto il mandato per quattro anni, sei mesi ed un giorno. Ci\u00f2 per evitare che i cinque anni non siano considerati raggiunti nel caso in cui la legislatura sia sciolta, per problemi \u201ctecnici\u201d, qualche settimana o mese prima.<\/p>\n<p>Si tratta, quindi, di qualcosa molto simile alle rendite assicurative private perch\u00e9 dirette ad assolvere una funzione assistenziale e previdenziale. Come tali, tali pensioni integrative sono diverse dalle indennit\u00e0 che, secondo l\u2019art. 69 Cost. spettano ai parlamentari per garantire loro, specie ai meno abbienti, la possibilit\u00e0 di accedere in Parlamento e di svolgere liberamente il mandato parlamentare. Tant\u2019\u00e8 che, a differenza delle indennit\u00e0, sono sequestrabili e pignorabili su iniziativa dei creditori; possono essere revocate retroattivamente se l\u2019ex parlamentare \u00e8 condannato in via definitiva per reati particolarmente gravi, specie quelli contro la pubblica amministrazione, eccezion fatta per l\u2019abuso d\u2019ufficio (v. delibere delle Presidenze di Camera e Senato del 7 maggio 2015); infine, non trattandosi di pensioni pubbliche, non possono essere assoggettate a contributi straordinari di perequazione (C. cost. 116\/2013).<\/p>\n<p>Tutto ci\u00f2 dimostra che quando si parla di \u201cvitalizi\u201d parliamo di rendite pensionistiche \u2013 dai 500 ai 1000 euro circa al mese \u2013 di cui i neo parlamentari di questa legislatura avranno diritto a partire dal 65\u00b0 anno d\u2019et\u00e0.<br \/>\nIn tempi come gli attuali di feroce antipolitica, \u00e8 comprensibile che alcuni ritengano una tale somma \u2013 per quanto lontana nel tempo &#8211; cos\u00ec determinante da blindare in tal modo le sorti della legislatura. E del resto, parafrasando il divo Giulio i pi\u00f9 \u201cpensano male\u201d perch\u00e9 \u201cconvinti d\u2019azzeccarci\u201d.<br \/>\nAltro \u00e8, invece, che una simile ipotesi sia formulata da chi voglia cos\u00ec accordarsi alla polemica grillina contro la casta e i suoi privilegi.<br \/>\nPerch\u00e9 alle copie si preferisce sempre l\u2019originale.<\/p>\n","protected":false},"excerpt":{"rendered":"<p>di\u00a0Salvatore Curreri L\u2019improvvido sms inviato dall\u2019ex Presidente del Consiglio Renzi alla trasmissione DiMarted\u00ec di Giovanni Floris (\u00abPer me votare nel 2017 o nel 2018 \u00e8 lo stesso. L&#8217;unica cosa \u00e8 evitare che scattino i vitalizi perch\u00e9 sarebbe molto ingiusto verso i cittadini. Sarebbe assurdo\u00bb) ha contribuito a rinfocolare le polemiche circa l\u2019ipotesi che l\u2019attuale legislatura &#8230; <a title=\"A proposito dei &#8220;vitalizi&#8221; ai parlamentari\" class=\"read-more\" href=\"https:\/\/www.lacostituzione.info\/index.php\/2017\/02\/06\/a-proposito-dei-vitalizi-ai-parlamentari\/\">Leggi tutto<\/a><\/p>\n<div class='heateorSssClear'><\/div><div  class='heateor_sss_sharing_container heateor_sss_horizontal_sharing' data-heateor-sss-href='https:\/\/www.lacostituzione.info\/index.php\/2017\/02\/06\/a-proposito-dei-vitalizi-ai-parlamentari\/'><div class='heateor_sss_sharing_title' style=\"font-weight:bold\" >Condividi!<\/div><div class=\"heateor_sss_sharing_ul\"><a aria-label=\"Facebook\" class=\"heateor_sss_facebook\" href=\"https:\/\/www.facebook.com\/sharer\/sharer.php?u=https%3A%2F%2Fwww.lacostituzione.info%2Findex.php%2F2017%2F02%2F06%2Fa-proposito-dei-vitalizi-ai-parlamentari%2F\" title=\"Facebook\" rel=\"nofollow noopener\" target=\"_blank\" style=\"font-size:32px!important;box-shadow:none;display:inline-block;vertical-align:middle\"><span class=\"heateor_sss_svg\" style=\"background-color:#0765FE;width:35px;height:35px;display:inline-block;opacity:1;float:left;font-size:32px;box-shadow:none;display:inline-block;font-size:16px;padding:0 4px;vertical-align:middle;background-repeat:repeat;overflow:hidden;padding:0;cursor:pointer;box-sizing:content-box\"><svg style=\"display:block;\" focusable=\"false\" aria-hidden=\"true\" xmlns=\"http:\/\/www.w3.org\/2000\/svg\" width=\"100%\" height=\"100%\" viewBox=\"0 0 32 32\"><path fill=\"#fff\" d=\"M28 16c0-6.627-5.373-12-12-12S4 9.373 4 16c0 5.628 3.875 10.35 9.101 11.647v-7.98h-2.474V16H13.1v-1.58c0-4.085 1.849-5.978 5.859-5.978.76 0 2.072.15 2.608.298v3.325c-.283-.03-.775-.045-1.386-.045-1.967 0-2.728.745-2.728 2.683V16h3.92l-.673 3.667h-3.247v8.245C23.395 27.195 28 22.135 28 16Z\"><\/path><\/svg><\/span><\/a><a aria-label=\"Twitter\" class=\"heateor_sss_button_twitter\" href=\"https:\/\/twitter.com\/intent\/tweet?text=A%20proposito%20dei%20%22vitalizi%22%20ai%20parlamentari&url=https%3A%2F%2Fwww.lacostituzione.info%2Findex.php%2F2017%2F02%2F06%2Fa-proposito-dei-vitalizi-ai-parlamentari%2F\" title=\"Twitter\" rel=\"nofollow noopener\" target=\"_blank\" style=\"font-size:32px!important;box-shadow:none;display:inline-block;vertical-align:middle\"><span class=\"heateor_sss_svg heateor_sss_s__default heateor_sss_s_twitter\" style=\"background-color:#55acee;width:35px;height:35px;display:inline-block;opacity:1;float:left;font-size:32px;box-shadow:none;display:inline-block;font-size:16px;padding:0 4px;vertical-align:middle;background-repeat:repeat;overflow:hidden;padding:0;cursor:pointer;box-sizing:content-box\"><svg style=\"display:block;\" focusable=\"false\" aria-hidden=\"true\" xmlns=\"http:\/\/www.w3.org\/2000\/svg\" width=\"100%\" height=\"100%\" viewBox=\"-4 -4 39 39\"><path d=\"M28 8.557a9.913 9.913 0 0 1-2.828.775 4.93 4.93 0 0 0 2.166-2.725 9.738 9.738 0 0 1-3.13 1.194 4.92 4.92 0 0 0-3.593-1.55 4.924 4.924 0 0 0-4.794 6.049c-4.09-.21-7.72-2.17-10.15-5.15a4.942 4.942 0 0 0-.665 2.477c0 1.71.87 3.214 2.19 4.1a4.968 4.968 0 0 1-2.23-.616v.06c0 2.39 1.7 4.38 3.952 4.83-.414.115-.85.174-1.297.174-.318 0-.626-.03-.928-.086a4.935 4.935 0 0 0 4.6 3.42 9.893 9.893 0 0 1-6.114 2.107c-.398 0-.79-.023-1.175-.068a13.953 13.953 0 0 0 7.55 2.213c9.056 0 14.01-7.507 14.01-14.013 0-.213-.005-.426-.015-.637.96-.695 1.795-1.56 2.455-2.55z\" fill=\"#fff\"><\/path><\/svg><\/span><\/a><a aria-label=\"Reddit\" class=\"heateor_sss_button_reddit\" href=\"https:\/\/reddit.com\/submit?url=https%3A%2F%2Fwww.lacostituzione.info%2Findex.php%2F2017%2F02%2F06%2Fa-proposito-dei-vitalizi-ai-parlamentari%2F&title=A%20proposito%20dei%20%22vitalizi%22%20ai%20parlamentari\" title=\"Reddit\" rel=\"nofollow noopener\" target=\"_blank\" style=\"font-size:32px!important;box-shadow:none;display:inline-block;vertical-align:middle\"><span class=\"heateor_sss_svg heateor_sss_s__default heateor_sss_s_reddit\" style=\"background-color:#ff5700;width:35px;height:35px;display:inline-block;opacity:1;float:left;font-size:32px;box-shadow:none;display:inline-block;font-size:16px;padding:0 4px;vertical-align:middle;background-repeat:repeat;overflow:hidden;padding:0;cursor:pointer;box-sizing:content-box\"><svg style=\"display:block;\" focusable=\"false\" aria-hidden=\"true\" xmlns=\"http:\/\/www.w3.org\/2000\/svg\" width=\"100%\" height=\"100%\" viewBox=\"-3.5 -3.5 39 39\"><path d=\"M28.543 15.774a2.953 2.953 0 0 0-2.951-2.949 2.882 2.882 0 0 0-1.9.713 14.075 14.075 0 0 0-6.85-2.044l1.38-4.349 3.768.884a2.452 2.452 0 1 0 .24-1.176l-4.274-1a.6.6 0 0 0-.709.4l-1.659 5.224a14.314 14.314 0 0 0-7.316 2.029 2.908 2.908 0 0 0-1.872-.681 2.942 2.942 0 0 0-1.618 5.4 5.109 5.109 0 0 0-.062.765c0 4.158 5.037 7.541 11.229 7.541s11.22-3.383 11.22-7.541a5.2 5.2 0 0 0-.053-.706 2.963 2.963 0 0 0 1.427-2.51zm-18.008 1.88a1.753 1.753 0 0 1 1.73-1.74 1.73 1.73 0 0 1 1.709 1.74 1.709 1.709 0 0 1-1.709 1.711 1.733 1.733 0 0 1-1.73-1.711zm9.565 4.968a5.573 5.573 0 0 1-4.081 1.272h-.032a5.576 5.576 0 0 1-4.087-1.272.6.6 0 0 1 .844-.854 4.5 4.5 0 0 0 3.238.927h.032a4.5 4.5 0 0 0 3.237-.927.6.6 0 1 1 .844.854zm-.331-3.256a1.726 1.726 0 1 1 1.709-1.712 1.717 1.717 0 0 1-1.712 1.712z\" fill=\"#fff\"\/><\/svg><\/span><\/a><a aria-label=\"Linkedin\" class=\"heateor_sss_button_linkedin\" href=\"https:\/\/www.linkedin.com\/sharing\/share-offsite\/?url=https%3A%2F%2Fwww.lacostituzione.info%2Findex.php%2F2017%2F02%2F06%2Fa-proposito-dei-vitalizi-ai-parlamentari%2F\" title=\"Linkedin\" rel=\"nofollow noopener\" target=\"_blank\" style=\"font-size:32px!important;box-shadow:none;display:inline-block;vertical-align:middle\"><span class=\"heateor_sss_svg heateor_sss_s__default heateor_sss_s_linkedin\" style=\"background-color:#0077b5;width:35px;height:35px;display:inline-block;opacity:1;float:left;font-size:32px;box-shadow:none;display:inline-block;font-size:16px;padding:0 4px;vertical-align:middle;background-repeat:repeat;overflow:hidden;padding:0;cursor:pointer;box-sizing:content-box\"><svg style=\"display:block;\" focusable=\"false\" aria-hidden=\"true\" xmlns=\"http:\/\/www.w3.org\/2000\/svg\" width=\"100%\" height=\"100%\" viewBox=\"0 0 32 32\"><path d=\"M6.227 12.61h4.19v13.48h-4.19V12.61zm2.095-6.7a2.43 2.43 0 0 1 0 4.86c-1.344 0-2.428-1.09-2.428-2.43s1.084-2.43 2.428-2.43m4.72 6.7h4.02v1.84h.058c.56-1.058 1.927-2.176 3.965-2.176 4.238 0 5.02 2.792 5.02 6.42v7.395h-4.183v-6.56c0-1.564-.03-3.574-2.178-3.574-2.18 0-2.514 1.7-2.514 3.46v6.668h-4.187V12.61z\" fill=\"#fff\"><\/path><\/svg><\/span><\/a><a aria-label=\"Pinterest\" class=\"heateor_sss_button_pinterest\" href=\"https:\/\/www.lacostituzione.info\/index.php\/2017\/02\/06\/a-proposito-dei-vitalizi-ai-parlamentari\/\" onclick=\"event.preventDefault();javascript:void( (function() {var e=document.createElement('script' );e.setAttribute('type','text\/javascript' );e.setAttribute('charset','UTF-8' );e.setAttribute('src','\/\/assets.pinterest.com\/js\/pinmarklet.js?r='+Math.random()*99999999);document.body.appendChild(e)})());\" title=\"Pinterest\" rel=\"noopener\" style=\"font-size:32px!important;box-shadow:none;display:inline-block;vertical-align:middle\"><span class=\"heateor_sss_svg heateor_sss_s__default heateor_sss_s_pinterest\" style=\"background-color:#cc2329;width:35px;height:35px;display:inline-block;opacity:1;float:left;font-size:32px;box-shadow:none;display:inline-block;font-size:16px;padding:0 4px;vertical-align:middle;background-repeat:repeat;overflow:hidden;padding:0;cursor:pointer;box-sizing:content-box\"><svg style=\"display:block;\" focusable=\"false\" aria-hidden=\"true\" xmlns=\"http:\/\/www.w3.org\/2000\/svg\" width=\"100%\" height=\"100%\" viewBox=\"-2 -2 35 35\"><path fill=\"#fff\" d=\"M16.539 4.5c-6.277 0-9.442 4.5-9.442 8.253 0 2.272.86 4.293 2.705 5.046.303.125.574.005.662-.33.061-.231.205-.816.27-1.06.088-.331.053-.447-.191-.736-.532-.627-.873-1.439-.873-2.591 0-3.338 2.498-6.327 6.505-6.327 3.548 0 5.497 2.168 5.497 5.062 0 3.81-1.686 7.025-4.188 7.025-1.382 0-2.416-1.142-2.085-2.545.397-1.674 1.166-3.48 1.166-4.689 0-1.081-.581-1.983-1.782-1.983-1.413 0-2.548 1.462-2.548 3.419 0 1.247.421 2.091.421 2.091l-1.699 7.199c-.505 2.137-.076 4.755-.039 5.019.021.158.223.196.314.077.13-.17 1.813-2.247 2.384-4.324.162-.587.929-3.631.929-3.631.46.876 1.801 1.646 3.227 1.646 4.247 0 7.128-3.871 7.128-9.053.003-3.918-3.317-7.568-8.361-7.568z\"\/><\/svg><\/span><\/a><a aria-label=\"Whatsapp\" class=\"heateor_sss_whatsapp\" href=\"https:\/\/api.whatsapp.com\/send?text=A%20proposito%20dei%20%22vitalizi%22%20ai%20parlamentari%20https%3A%2F%2Fwww.lacostituzione.info%2Findex.php%2F2017%2F02%2F06%2Fa-proposito-dei-vitalizi-ai-parlamentari%2F\" title=\"Whatsapp\" rel=\"nofollow noopener\" target=\"_blank\" style=\"font-size:32px!important;box-shadow:none;display:inline-block;vertical-align:middle\"><span class=\"heateor_sss_svg\" style=\"background-color:#55eb4c;width:35px;height:35px;display:inline-block;opacity:1;float:left;font-size:32px;box-shadow:none;display:inline-block;font-size:16px;padding:0 4px;vertical-align:middle;background-repeat:repeat;overflow:hidden;padding:0;cursor:pointer;box-sizing:content-box\"><svg style=\"display:block;\" focusable=\"false\" aria-hidden=\"true\" xmlns=\"http:\/\/www.w3.org\/2000\/svg\" width=\"100%\" height=\"100%\" viewBox=\"-6 -5 40 40\"><path class=\"heateor_sss_svg_stroke heateor_sss_no_fill\" stroke=\"#fff\" stroke-width=\"2\" fill=\"none\" d=\"M 11.579798566743314 24.396926207859085 A 10 10 0 1 0 6.808479557110079 20.73576436351046\"><\/path><path d=\"M 7 19 l -1 6 l 6 -1\" class=\"heateor_sss_no_fill heateor_sss_svg_stroke\" stroke=\"#fff\" stroke-width=\"2\" fill=\"none\"><\/path><path d=\"M 10 10 q -1 8 8 11 c 5 -1 0 -6 -1 -3 q -4 -3 -5 -5 c 4 -2 -1 -5 -1 -4\" fill=\"#fff\"><\/path><\/svg><\/span><\/a><\/div><div class=\"heateorSssClear\"><\/div><\/div><div class='heateorSssClear'><\/div>","protected":false},"author":13,"featured_media":0,"comment_status":"open","ping_status":"open","sticky":false,"template":"","format":"standard","meta":{"jetpack_post_was_ever_published":false,"_jetpack_newsletter_access":"","_jetpack_dont_email_post_to_subs":false,"_jetpack_newsletter_tier_id":0,"_jetpack_memberships_contains_paywalled_content":false,"_jetpack_memberships_contains_paid_content":false,"footnotes":"","jetpack_publicize_message":"","jetpack_publicize_feature_enabled":true,"jetpack_social_post_already_shared":false,"jetpack_social_options":{"image_generator_settings":{"template":"highway","default_image_id":0,"enabled":false},"version":2}},"categories":[4],"tags":[32,297,356,26,355],"class_list":["post-1999","post","type-post","status-publish","format-standard","hentry","category-attualita","tag-camera","tag-parlamentari","tag-pensione","tag-senato","tag-vitalizio"],"jetpack_publicize_connections":[],"jetpack_featured_media_url":"","jetpack_shortlink":"https:\/\/wp.me\/p84sDq-wf","jetpack_likes_enabled":true,"jetpack_sharing_enabled":true,"_links":{"self":[{"href":"https:\/\/www.lacostituzione.info\/index.php\/wp-json\/wp\/v2\/posts\/1999","targetHints":{"allow":["GET"]}}],"collection":[{"href":"https:\/\/www.lacostituzione.info\/index.php\/wp-json\/wp\/v2\/posts"}],"about":[{"href":"https:\/\/www.lacostituzione.info\/index.php\/wp-json\/wp\/v2\/types\/post"}],"author":[{"embeddable":true,"href":"https:\/\/www.lacostituzione.info\/index.php\/wp-json\/wp\/v2\/users\/13"}],"replies":[{"embeddable":true,"href":"https:\/\/www.lacostituzione.info\/index.php\/wp-json\/wp\/v2\/comments?post=1999"}],"version-history":[{"count":0,"href":"https:\/\/www.lacostituzione.info\/index.php\/wp-json\/wp\/v2\/posts\/1999\/revisions"}],"wp:attachment":[{"href":"https:\/\/www.lacostituzione.info\/index.php\/wp-json\/wp\/v2\/media?parent=1999"}],"wp:term":[{"taxonomy":"category","embeddable":true,"href":"https:\/\/www.lacostituzione.info\/index.php\/wp-json\/wp\/v2\/categories?post=1999"},{"taxonomy":"post_tag","embeddable":true,"href":"https:\/\/www.lacostituzione.info\/index.php\/wp-json\/wp\/v2\/tags?post=1999"}],"curies":[{"name":"wp","href":"https:\/\/api.w.org\/{rel}","templated":true}]}}