{"id":2002,"date":"2017-02-07T10:19:09","date_gmt":"2017-02-07T09:19:09","guid":{"rendered":"http:\/\/www.lacostituzione.info\/?p=2002"},"modified":"2018-01-03T10:58:54","modified_gmt":"2018-01-03T09:58:54","slug":"preparativi-allintesa-con-lislam","status":"publish","type":"post","link":"https:\/\/www.lacostituzione.info\/index.php\/2017\/02\/07\/preparativi-allintesa-con-lislam\/","title":{"rendered":"Preparativi all&#8217;intesa con l&#8217;Islam?"},"content":{"rendered":"<p class=\"Testopreformattato\"><img loading=\"lazy\" decoding=\"async\" data-attachment-id=\"2004\" data-permalink=\"https:\/\/www.lacostituzione.info\/index.php\/2017\/02\/07\/preparativi-allintesa-con-lislam\/image-83\/#main\" data-orig-file=\"https:\/\/www.lacostituzione.info\/wp-content\/uploads\/2017\/02\/image-1.jpeg\" data-orig-size=\"1339,908\" data-comments-opened=\"1\" data-image-meta=\"{&quot;aperture&quot;:&quot;0&quot;,&quot;credit&quot;:&quot;&quot;,&quot;camera&quot;:&quot;&quot;,&quot;caption&quot;:&quot;&quot;,&quot;created_timestamp&quot;:&quot;0&quot;,&quot;copyright&quot;:&quot;&quot;,&quot;focal_length&quot;:&quot;0&quot;,&quot;iso&quot;:&quot;0&quot;,&quot;shutter_speed&quot;:&quot;0&quot;,&quot;title&quot;:&quot;&quot;,&quot;orientation&quot;:&quot;0&quot;}\" data-image-title=\"image\" data-image-description=\"\" data-image-caption=\"\" data-medium-file=\"https:\/\/www.lacostituzione.info\/wp-content\/uploads\/2017\/02\/image-1-300x203.jpeg\" data-large-file=\"https:\/\/www.lacostituzione.info\/wp-content\/uploads\/2017\/02\/image-1-1024x694.jpeg\" class=\"alignleft wp-image-2004 size-medium\" src=\"http:\/\/www.lacostituzione.info\/wp-content\/uploads\/2017\/02\/image-1-300x203.jpeg\" alt=\"\" width=\"300\" height=\"203\" srcset=\"https:\/\/www.lacostituzione.info\/wp-content\/uploads\/2017\/02\/image-1-300x203.jpeg 300w, https:\/\/www.lacostituzione.info\/wp-content\/uploads\/2017\/02\/image-1-768x521.jpeg 768w, https:\/\/www.lacostituzione.info\/wp-content\/uploads\/2017\/02\/image-1-1024x694.jpeg 1024w, https:\/\/www.lacostituzione.info\/wp-content\/uploads\/2017\/02\/image-1.jpeg 1339w\" sizes=\"auto, (max-width: 300px) 100vw, 300px\" \/><\/p>\n<p class=\"Testopreformattato\">di <b>Marco Croce<\/b><\/p>\n<p class=\"Testopreformattato\">\u00c8 stato firmato al Viminale, l&#8217;1 febbraio scorso, dal Ministro Minniti e da nove associazioni rappresentative dei fedeli di religione islamica in Italia, il <a href=\"http:\/\/www.interno.gov.it\/sites\/default\/files\/patto_nazionale_per_un_islam_italiano.pdf\">Patto nazionale<\/a> per un Islam italiano: tale patto \u00e8 il frutto del lavoro svolto dal Consiglio per i rapporti con l&#8217;Islam italiano istituito presso il Ministero dell&#8217;Interno e dalle stesse associazioni religiose.<!--more--><\/p>\n<p class=\"Testopreformattato\">Il documento si struttura come un doppio decalogo: dieci impegni delle comunit\u00e0 religiose e dieci impegni dello Stato italiano.<\/p>\n<p class=\"Testopreformattato\">Il preambolo vede i rappresentanti delle associazioni richiamare dapprima i valori costituzionali in materia (laicit\u00e0, diritti inviolabili del singolo anche nelle formazioni sociali, libert\u00e0 religiosa ed eguaglianza senza distinzione di religione, pluralismo confessionale), passare poi a considerazioni di contesto socio-politico, prendendo atto dell&#8217;esistenza di un nuovo pluralismo religioso e di aumento della presenza dell&#8217;Islam nel contesto italiano, infine rendersi strumento di collaborazione coi pubblici poteri per combattere il radicalismo religioso (\u201cRitenuto di dover contribuire a favorire la convivenza armoniosa e costruttiva tra le diverse comunit\u00e0 religiose per consolidare la coesione sociale e promuovere processi di integrazione; Considerato il ruolo rilevante che le associazioni islamiche svolgono nell&#8217;azione di contrasto a ogni espressione di radicalismo religioso\u201d).<\/p>\n<p class=\"Testopreformattato\">Seguono a questo punto i dieci impegni dell&#8217;Islam italiano rappresentato da queste associazioni fra cui spiccano la volont\u00e0 di creare un dialogo permanente con il Viminale, di promuovere un processo di organizzazione giuridica delle associazioni islamiche in armonia con la normativa vigente, di formare imam e guide religiose in maniera da far loro svolgere anche il ruolo di mediatori culturali ed educatori ai princ\u00ecpi costituzionali, di aprire i luoghi di culto islamico alla cittadinanza tutta e di tenere il sermone del venerd\u00ec in lingua italiana o comunque con traduzione, nonch\u00e9 di garantire massima trasparenza rispetto alla provenienza dei fondi utilizzati per l&#8217;edilizia di culto. Il senso complessivo di questi impegni \u00e8 il tentativo di favorire il dialogo interculturale e, attraverso lo stesso, generare processi di integrazione che tendano a limitare le fughe, soprattutto delle nuove generazioni, verso esiti terroristici.<\/p>\n<p class=\"Testopreformattato\">Da parte sua il Ministero dell&#8217;Interno si impegna a supportare queste attivit\u00e0 delle organizzazioni islamiche, collaborando con loro, promuovendo eventi pubblici atti a rafforzare il dialogo e l&#8217;integrazione, valorizzando i programmi e le azioni gi\u00e0 avviate tramite il Dipartimento per le libert\u00e0 civili e l\u2019immigrazione &#8211; Direzione centrale per gli Affari dei Culti (\u00e8 imminente la partenza di un corso di formazione per rappresentanti stranieri delle confessioni prive di intesa a Ravenna a cura della Fondazione Flaminia e delle universit\u00e0 di Firenze, Pisa, Bologna, Salerno, Cosenza e Palermo) soprattutto in tema di formazione dei ministri di culto, favorendo l&#8217;evoluzione dell&#8217;Islam italiano verso modelli di organizzazione giuridica compatibili con la normativa del settore in vista di una futura intesa, supportando iniziative coerenti da parte degli enti locali in maniera da decentrare su tutto il territorio nazionale le azioni di formazione e integrazione, e, infine, promuovendo \u201cuna conferenza con l\u2019ANCI dedicata al tema dei luoghi di culto islamici in cui richiamare il diritto alla libert\u00e0 religiosa che si esprime anche nella disponibilit\u00e0 di sedi adeguate e quindi di aree destinate all\u2019apertura o alla costruzione di luoghi di culto nel rispetto delle normative in materia urbanistica di sicurezza igiene e sanit\u00e0, dei principi costituzionali e delle linee guida europee in materia di libert\u00e0 religiosa\u201d.<\/p>\n<p class=\"Testopreformattato\">In definitiva si tratta dunque di una sorta di alleanza tra \u201ctrono e altare\u201d, il tentativo di strutturare un Islam italiano affidabile, capace di svolgere le funzioni di mediatore tra i pubblici poteri, la societ\u00e0 italiana e la realt\u00e0 islamica, cui affidare anche funzioni sostanzialmente pubbliche come, ad esempio, la lotta contro la radicalizzazione islamista nelle carceri attraverso l&#8217;azione di Imam.<\/p>\n<p class=\"Testopreformattato\">Nulla di nuovo sotto il sole peraltro: questa linea del Ministero dell&#8217;Interno va avanti dagli anni in cui Giuliano Amato ricopriva il ruolo di Ministro e nei quali si era elaborata la Carta dei valori e della cittadinanza come primo momento di apprendimento dei valori costituzionali. Di diverso rispetto ad allora pare esserci per\u00f2 la disponibilit\u00e0 delle diverse sigle dell&#8217;Islam italiano a farsi raggruppare, pur nel rispetto della diversit\u00e0, sotto un&#8217;unica forma organizzativa capace poi di ottenere quell&#8217;intesa che a oggi pare essere ancora un miraggio che \u00e8 nella piena disponibilit\u00e0 della volont\u00e0 del Governo, dopo che la sentenza n. 52 del 2016 della Corte costituzionale ha deciso che gli atti dell&#8217;esecutivo in materia di intesa con le confessioni religiose sono giurisdizionalmente insindacabili.<\/p>\n<p class=\"Testopreformattato\">La ragion pratica che spinge in queste delicato periodo a intraprendere politiche di questo tipo \u00e8 sicuramente comprensibile. Residua per\u00f2 il rischio di un certo paternalismo dei toni e delle azioni, nonch\u00e9 il rischio di rendere pi\u00f9 gravoso il percorso dell&#8217;Islam italiano verso assetti giuridici che lo stesso avrebbe diritto di ottenere in virt\u00f9 dei princ\u00ecpi costituzionali, a prescindere dal dover fornire patenti di affidabilit\u00e0, quasi che la presunzione fosse di segno opposto, e senza dover per forza ridurre a unit\u00e0 un mondo cos\u00ec variegato.<\/p>\n<p class=\"Testopreformattato\">Le associazioni che hanno firmato il Patto pare siano rappresentative di un buon 70% dell&#8217;Islam italiano. Residua comunque un 30% che potrebbe in questa maniera sentirsi escluso e inclinare verso una ghettizzazione e radicalizzazione sicuramente non auspicabile. Forse per questo sarebbe bene che gli impegni dello Stato italiano fossero radicati, prima che in patti di questo tipo, direttamente nei princ\u00ecpi costituzionali in materia di eguaglianza e libert\u00e0 religiosa che attendono ancora piena realizzazione, e fossero portati avanti attraverso una legislazione unilaterale tesa a favorire l&#8217;esplicarsi del sentire religioso (o irreligioso) di tutti a prescindere dalle contingenti alleanze tra i troni e gli altari.<\/p>\n<p class=\"Testopreformattato\"><a href=\"http:\/\/www.interno.gov.it\/sites\/default\/files\/patto_nazionale_per_un_islam_italiano.pdf\">http:\/\/www.interno.gov.it\/sites\/default\/files\/patto_nazionale_per_un_islam_italiano.pdf<\/a><\/p>\n","protected":false},"excerpt":{"rendered":"<p>di Marco Croce \u00c8 stato firmato al Viminale, l&#8217;1 febbraio scorso, dal Ministro Minniti e da nove associazioni rappresentative dei fedeli di religione islamica in Italia, il Patto nazionale per un Islam italiano: tale patto \u00e8 il frutto del lavoro svolto dal Consiglio per i rapporti con l&#8217;Islam italiano istituito presso il Ministero dell&#8217;Interno e &#8230; <a title=\"Preparativi all&#8217;intesa con l&#8217;Islam?\" class=\"read-more\" href=\"https:\/\/www.lacostituzione.info\/index.php\/2017\/02\/07\/preparativi-allintesa-con-lislam\/\">Leggi tutto<\/a><\/p>\n<div class='heateorSssClear'><\/div><div  class='heateor_sss_sharing_container heateor_sss_horizontal_sharing' data-heateor-sss-href='https:\/\/www.lacostituzione.info\/index.php\/2017\/02\/07\/preparativi-allintesa-con-lislam\/'><div class='heateor_sss_sharing_title' style=\"font-weight:bold\" >Condividi!<\/div><div class=\"heateor_sss_sharing_ul\"><a aria-label=\"Facebook\" class=\"heateor_sss_facebook\" href=\"https:\/\/www.facebook.com\/sharer\/sharer.php?u=https%3A%2F%2Fwww.lacostituzione.info%2Findex.php%2F2017%2F02%2F07%2Fpreparativi-allintesa-con-lislam%2F\" title=\"Facebook\" rel=\"nofollow noopener\" target=\"_blank\" style=\"font-size:32px!important;box-shadow:none;display:inline-block;vertical-align:middle\"><span class=\"heateor_sss_svg\" style=\"background-color:#0765FE;width:35px;height:35px;display:inline-block;opacity:1;float:left;font-size:32px;box-shadow:none;display:inline-block;font-size:16px;padding:0 4px;vertical-align:middle;background-repeat:repeat;overflow:hidden;padding:0;cursor:pointer;box-sizing:content-box\"><svg style=\"display:block;\" focusable=\"false\" aria-hidden=\"true\" xmlns=\"http:\/\/www.w3.org\/2000\/svg\" width=\"100%\" height=\"100%\" viewBox=\"0 0 32 32\"><path fill=\"#fff\" d=\"M28 16c0-6.627-5.373-12-12-12S4 9.373 4 16c0 5.628 3.875 10.35 9.101 11.647v-7.98h-2.474V16H13.1v-1.58c0-4.085 1.849-5.978 5.859-5.978.76 0 2.072.15 2.608.298v3.325c-.283-.03-.775-.045-1.386-.045-1.967 0-2.728.745-2.728 2.683V16h3.92l-.673 3.667h-3.247v8.245C23.395 27.195 28 22.135 28 16Z\"><\/path><\/svg><\/span><\/a><a aria-label=\"Twitter\" class=\"heateor_sss_button_twitter\" href=\"https:\/\/twitter.com\/intent\/tweet?text=Preparativi%20all%27intesa%20con%20l%27Islam%3F&url=https%3A%2F%2Fwww.lacostituzione.info%2Findex.php%2F2017%2F02%2F07%2Fpreparativi-allintesa-con-lislam%2F\" title=\"Twitter\" rel=\"nofollow noopener\" target=\"_blank\" style=\"font-size:32px!important;box-shadow:none;display:inline-block;vertical-align:middle\"><span class=\"heateor_sss_svg heateor_sss_s__default heateor_sss_s_twitter\" style=\"background-color:#55acee;width:35px;height:35px;display:inline-block;opacity:1;float:left;font-size:32px;box-shadow:none;display:inline-block;font-size:16px;padding:0 4px;vertical-align:middle;background-repeat:repeat;overflow:hidden;padding:0;cursor:pointer;box-sizing:content-box\"><svg style=\"display:block;\" focusable=\"false\" aria-hidden=\"true\" xmlns=\"http:\/\/www.w3.org\/2000\/svg\" width=\"100%\" height=\"100%\" viewBox=\"-4 -4 39 39\"><path d=\"M28 8.557a9.913 9.913 0 0 1-2.828.775 4.93 4.93 0 0 0 2.166-2.725 9.738 9.738 0 0 1-3.13 1.194 4.92 4.92 0 0 0-3.593-1.55 4.924 4.924 0 0 0-4.794 6.049c-4.09-.21-7.72-2.17-10.15-5.15a4.942 4.942 0 0 0-.665 2.477c0 1.71.87 3.214 2.19 4.1a4.968 4.968 0 0 1-2.23-.616v.06c0 2.39 1.7 4.38 3.952 4.83-.414.115-.85.174-1.297.174-.318 0-.626-.03-.928-.086a4.935 4.935 0 0 0 4.6 3.42 9.893 9.893 0 0 1-6.114 2.107c-.398 0-.79-.023-1.175-.068a13.953 13.953 0 0 0 7.55 2.213c9.056 0 14.01-7.507 14.01-14.013 0-.213-.005-.426-.015-.637.96-.695 1.795-1.56 2.455-2.55z\" fill=\"#fff\"><\/path><\/svg><\/span><\/a><a aria-label=\"Reddit\" class=\"heateor_sss_button_reddit\" href=\"https:\/\/reddit.com\/submit?url=https%3A%2F%2Fwww.lacostituzione.info%2Findex.php%2F2017%2F02%2F07%2Fpreparativi-allintesa-con-lislam%2F&title=Preparativi%20all%27intesa%20con%20l%27Islam%3F\" title=\"Reddit\" rel=\"nofollow noopener\" target=\"_blank\" style=\"font-size:32px!important;box-shadow:none;display:inline-block;vertical-align:middle\"><span class=\"heateor_sss_svg heateor_sss_s__default heateor_sss_s_reddit\" style=\"background-color:#ff5700;width:35px;height:35px;display:inline-block;opacity:1;float:left;font-size:32px;box-shadow:none;display:inline-block;font-size:16px;padding:0 4px;vertical-align:middle;background-repeat:repeat;overflow:hidden;padding:0;cursor:pointer;box-sizing:content-box\"><svg style=\"display:block;\" focusable=\"false\" aria-hidden=\"true\" xmlns=\"http:\/\/www.w3.org\/2000\/svg\" width=\"100%\" height=\"100%\" viewBox=\"-3.5 -3.5 39 39\"><path d=\"M28.543 15.774a2.953 2.953 0 0 0-2.951-2.949 2.882 2.882 0 0 0-1.9.713 14.075 14.075 0 0 0-6.85-2.044l1.38-4.349 3.768.884a2.452 2.452 0 1 0 .24-1.176l-4.274-1a.6.6 0 0 0-.709.4l-1.659 5.224a14.314 14.314 0 0 0-7.316 2.029 2.908 2.908 0 0 0-1.872-.681 2.942 2.942 0 0 0-1.618 5.4 5.109 5.109 0 0 0-.062.765c0 4.158 5.037 7.541 11.229 7.541s11.22-3.383 11.22-7.541a5.2 5.2 0 0 0-.053-.706 2.963 2.963 0 0 0 1.427-2.51zm-18.008 1.88a1.753 1.753 0 0 1 1.73-1.74 1.73 1.73 0 0 1 1.709 1.74 1.709 1.709 0 0 1-1.709 1.711 1.733 1.733 0 0 1-1.73-1.711zm9.565 4.968a5.573 5.573 0 0 1-4.081 1.272h-.032a5.576 5.576 0 0 1-4.087-1.272.6.6 0 0 1 .844-.854 4.5 4.5 0 0 0 3.238.927h.032a4.5 4.5 0 0 0 3.237-.927.6.6 0 1 1 .844.854zm-.331-3.256a1.726 1.726 0 1 1 1.709-1.712 1.717 1.717 0 0 1-1.712 1.712z\" fill=\"#fff\"\/><\/svg><\/span><\/a><a aria-label=\"Linkedin\" class=\"heateor_sss_button_linkedin\" href=\"https:\/\/www.linkedin.com\/sharing\/share-offsite\/?url=https%3A%2F%2Fwww.lacostituzione.info%2Findex.php%2F2017%2F02%2F07%2Fpreparativi-allintesa-con-lislam%2F\" title=\"Linkedin\" rel=\"nofollow noopener\" target=\"_blank\" style=\"font-size:32px!important;box-shadow:none;display:inline-block;vertical-align:middle\"><span class=\"heateor_sss_svg heateor_sss_s__default heateor_sss_s_linkedin\" style=\"background-color:#0077b5;width:35px;height:35px;display:inline-block;opacity:1;float:left;font-size:32px;box-shadow:none;display:inline-block;font-size:16px;padding:0 4px;vertical-align:middle;background-repeat:repeat;overflow:hidden;padding:0;cursor:pointer;box-sizing:content-box\"><svg style=\"display:block;\" focusable=\"false\" aria-hidden=\"true\" xmlns=\"http:\/\/www.w3.org\/2000\/svg\" width=\"100%\" height=\"100%\" viewBox=\"0 0 32 32\"><path d=\"M6.227 12.61h4.19v13.48h-4.19V12.61zm2.095-6.7a2.43 2.43 0 0 1 0 4.86c-1.344 0-2.428-1.09-2.428-2.43s1.084-2.43 2.428-2.43m4.72 6.7h4.02v1.84h.058c.56-1.058 1.927-2.176 3.965-2.176 4.238 0 5.02 2.792 5.02 6.42v7.395h-4.183v-6.56c0-1.564-.03-3.574-2.178-3.574-2.18 0-2.514 1.7-2.514 3.46v6.668h-4.187V12.61z\" fill=\"#fff\"><\/path><\/svg><\/span><\/a><a aria-label=\"Pinterest\" class=\"heateor_sss_button_pinterest\" href=\"https:\/\/www.lacostituzione.info\/index.php\/2017\/02\/07\/preparativi-allintesa-con-lislam\/\" onclick=\"event.preventDefault();javascript:void( (function() {var e=document.createElement('script' );e.setAttribute('type','text\/javascript' );e.setAttribute('charset','UTF-8' );e.setAttribute('src','\/\/assets.pinterest.com\/js\/pinmarklet.js?r='+Math.random()*99999999);document.body.appendChild(e)})());\" title=\"Pinterest\" rel=\"noopener\" style=\"font-size:32px!important;box-shadow:none;display:inline-block;vertical-align:middle\"><span class=\"heateor_sss_svg heateor_sss_s__default heateor_sss_s_pinterest\" style=\"background-color:#cc2329;width:35px;height:35px;display:inline-block;opacity:1;float:left;font-size:32px;box-shadow:none;display:inline-block;font-size:16px;padding:0 4px;vertical-align:middle;background-repeat:repeat;overflow:hidden;padding:0;cursor:pointer;box-sizing:content-box\"><svg style=\"display:block;\" focusable=\"false\" aria-hidden=\"true\" xmlns=\"http:\/\/www.w3.org\/2000\/svg\" width=\"100%\" height=\"100%\" viewBox=\"-2 -2 35 35\"><path fill=\"#fff\" d=\"M16.539 4.5c-6.277 0-9.442 4.5-9.442 8.253 0 2.272.86 4.293 2.705 5.046.303.125.574.005.662-.33.061-.231.205-.816.27-1.06.088-.331.053-.447-.191-.736-.532-.627-.873-1.439-.873-2.591 0-3.338 2.498-6.327 6.505-6.327 3.548 0 5.497 2.168 5.497 5.062 0 3.81-1.686 7.025-4.188 7.025-1.382 0-2.416-1.142-2.085-2.545.397-1.674 1.166-3.48 1.166-4.689 0-1.081-.581-1.983-1.782-1.983-1.413 0-2.548 1.462-2.548 3.419 0 1.247.421 2.091.421 2.091l-1.699 7.199c-.505 2.137-.076 4.755-.039 5.019.021.158.223.196.314.077.13-.17 1.813-2.247 2.384-4.324.162-.587.929-3.631.929-3.631.46.876 1.801 1.646 3.227 1.646 4.247 0 7.128-3.871 7.128-9.053.003-3.918-3.317-7.568-8.361-7.568z\"\/><\/svg><\/span><\/a><a aria-label=\"Whatsapp\" class=\"heateor_sss_whatsapp\" href=\"https:\/\/api.whatsapp.com\/send?text=Preparativi%20all%27intesa%20con%20l%27Islam%3F%20https%3A%2F%2Fwww.lacostituzione.info%2Findex.php%2F2017%2F02%2F07%2Fpreparativi-allintesa-con-lislam%2F\" title=\"Whatsapp\" rel=\"nofollow noopener\" target=\"_blank\" style=\"font-size:32px!important;box-shadow:none;display:inline-block;vertical-align:middle\"><span class=\"heateor_sss_svg\" style=\"background-color:#55eb4c;width:35px;height:35px;display:inline-block;opacity:1;float:left;font-size:32px;box-shadow:none;display:inline-block;font-size:16px;padding:0 4px;vertical-align:middle;background-repeat:repeat;overflow:hidden;padding:0;cursor:pointer;box-sizing:content-box\"><svg style=\"display:block;\" focusable=\"false\" aria-hidden=\"true\" xmlns=\"http:\/\/www.w3.org\/2000\/svg\" width=\"100%\" height=\"100%\" viewBox=\"-6 -5 40 40\"><path class=\"heateor_sss_svg_stroke heateor_sss_no_fill\" stroke=\"#fff\" stroke-width=\"2\" fill=\"none\" d=\"M 11.579798566743314 24.396926207859085 A 10 10 0 1 0 6.808479557110079 20.73576436351046\"><\/path><path d=\"M 7 19 l -1 6 l 6 -1\" class=\"heateor_sss_no_fill heateor_sss_svg_stroke\" stroke=\"#fff\" stroke-width=\"2\" fill=\"none\"><\/path><path d=\"M 10 10 q -1 8 8 11 c 5 -1 0 -6 -1 -3 q -4 -3 -5 -5 c 4 -2 -1 -5 -1 -4\" fill=\"#fff\"><\/path><\/svg><\/span><\/a><\/div><div class=\"heateorSssClear\"><\/div><\/div><div class='heateorSssClear'><\/div>","protected":false},"author":1,"featured_media":0,"comment_status":"open","ping_status":"open","sticky":false,"template":"","format":"standard","meta":{"jetpack_post_was_ever_published":false,"_jetpack_newsletter_access":"","_jetpack_dont_email_post_to_subs":false,"_jetpack_newsletter_tier_id":0,"_jetpack_memberships_contains_paywalled_content":false,"_jetpack_memberships_contains_paid_content":false,"footnotes":"","jetpack_publicize_message":"","jetpack_publicize_feature_enabled":true,"jetpack_social_post_already_shared":false,"jetpack_social_options":{"image_generator_settings":{"template":"highway","default_image_id":0,"enabled":false},"version":2}},"categories":[4],"tags":[359,357,256,358],"class_list":["post-2002","post","type-post","status-publish","format-standard","hentry","category-attualita","tag-carta-dei-valori-e-della-cittadinanza","tag-islam","tag-ministero-interno","tag-patto-per-islam-italiano"],"jetpack_publicize_connections":[],"jetpack_featured_media_url":"","jetpack_shortlink":"https:\/\/wp.me\/p84sDq-wi","jetpack_likes_enabled":true,"jetpack_sharing_enabled":true,"_links":{"self":[{"href":"https:\/\/www.lacostituzione.info\/index.php\/wp-json\/wp\/v2\/posts\/2002","targetHints":{"allow":["GET"]}}],"collection":[{"href":"https:\/\/www.lacostituzione.info\/index.php\/wp-json\/wp\/v2\/posts"}],"about":[{"href":"https:\/\/www.lacostituzione.info\/index.php\/wp-json\/wp\/v2\/types\/post"}],"author":[{"embeddable":true,"href":"https:\/\/www.lacostituzione.info\/index.php\/wp-json\/wp\/v2\/users\/1"}],"replies":[{"embeddable":true,"href":"https:\/\/www.lacostituzione.info\/index.php\/wp-json\/wp\/v2\/comments?post=2002"}],"version-history":[{"count":0,"href":"https:\/\/www.lacostituzione.info\/index.php\/wp-json\/wp\/v2\/posts\/2002\/revisions"}],"wp:attachment":[{"href":"https:\/\/www.lacostituzione.info\/index.php\/wp-json\/wp\/v2\/media?parent=2002"}],"wp:term":[{"taxonomy":"category","embeddable":true,"href":"https:\/\/www.lacostituzione.info\/index.php\/wp-json\/wp\/v2\/categories?post=2002"},{"taxonomy":"post_tag","embeddable":true,"href":"https:\/\/www.lacostituzione.info\/index.php\/wp-json\/wp\/v2\/tags?post=2002"}],"curies":[{"name":"wp","href":"https:\/\/api.w.org\/{rel}","templated":true}]}}