{"id":2008,"date":"2017-02-09T19:32:10","date_gmt":"2017-02-09T18:32:10","guid":{"rendered":"http:\/\/www.lacostituzione.info\/?p=2008"},"modified":"2018-01-03T10:58:46","modified_gmt":"2018-01-03T09:58:46","slug":"fare-dellinutile-il-necessario-la-strana-logica-del-presidente-zaia","status":"publish","type":"post","link":"https:\/\/www.lacostituzione.info\/index.php\/2017\/02\/09\/fare-dellinutile-il-necessario-la-strana-logica-del-presidente-zaia\/","title":{"rendered":"Fare dell&#8217;inutile il necessario: <br> la strana logica del presidente Zaia"},"content":{"rendered":"<p><img loading=\"lazy\" decoding=\"async\" data-attachment-id=\"2010\" data-permalink=\"https:\/\/www.lacostituzione.info\/index.php\/2017\/02\/09\/fare-dellinutile-il-necessario-la-strana-logica-del-presidente-zaia\/1621328_l43_luca_zaia_110603211103_big\/#main\" data-orig-file=\"https:\/\/www.lacostituzione.info\/wp-content\/uploads\/2017\/02\/1621328_l43_luca_zaia_110603211103_big.jpg\" data-orig-size=\"620,339\" data-comments-opened=\"1\" data-image-meta=\"{&quot;aperture&quot;:&quot;0&quot;,&quot;credit&quot;:&quot;&quot;,&quot;camera&quot;:&quot;&quot;,&quot;caption&quot;:&quot;&quot;,&quot;created_timestamp&quot;:&quot;0&quot;,&quot;copyright&quot;:&quot;&quot;,&quot;focal_length&quot;:&quot;0&quot;,&quot;iso&quot;:&quot;0&quot;,&quot;shutter_speed&quot;:&quot;0&quot;,&quot;title&quot;:&quot;&quot;,&quot;orientation&quot;:&quot;0&quot;}\" data-image-title=\"1621328_l43_luca_zaia_110603211103_big\" data-image-description=\"\" data-image-caption=\"\" data-medium-file=\"https:\/\/www.lacostituzione.info\/wp-content\/uploads\/2017\/02\/1621328_l43_luca_zaia_110603211103_big-300x164.jpg\" data-large-file=\"https:\/\/www.lacostituzione.info\/wp-content\/uploads\/2017\/02\/1621328_l43_luca_zaia_110603211103_big.jpg\" class=\"alignright wp-image-2010 size-medium\" src=\"http:\/\/www.lacostituzione.info\/wp-content\/uploads\/2017\/02\/1621328_l43_luca_zaia_110603211103_big-300x164.jpg\" alt=\"\" width=\"300\" height=\"164\" srcset=\"https:\/\/www.lacostituzione.info\/wp-content\/uploads\/2017\/02\/1621328_l43_luca_zaia_110603211103_big-300x164.jpg 300w, https:\/\/www.lacostituzione.info\/wp-content\/uploads\/2017\/02\/1621328_l43_luca_zaia_110603211103_big.jpg 620w\" sizes=\"auto, (max-width: 300px) 100vw, 300px\" \/><\/p>\n<p>di <strong><abbr class='c2c-text-hover' title='Professore ordinario di Diritto costituzionale - Universit\u00e0 di Ferrara'>Roberto Bin<\/abbr><\/strong><br \/>\nLa stampa veneta (vedi <a href=\"http:\/\/mattinopadova.gelocal.it\/regione\/2017\/02\/04\/news\/costa-apre-all-election-day-zaia-al-voto-poi-la-trattativa-1.14823206\"><em>Il Mattino di Padova<\/em><\/a> o <a href=\"http:\/\/www.corriere.it\/notizie-ultima-ora\/Cronache\/Veneto-referendum-confronto-Zaia-Costa\/03-02-2017\/1-A_038976672.shtml\" class=\"broken_link\"><em>Il Corriere del Veneto<\/em><\/a>) ha dato grande risalto al dibattito svolto all\u2019Universit\u00e0 di Padova tra il presidente del Veneto Luca Zaia e il ministro Enrico Costa. Al centro la questione del <em>referendum<\/em> deciso dalla regione, di cui gi\u00e0 <a href=\"http:\/\/www.lacostituzione.info\/index.php\/2016\/12\/15\/zaia-e-maroni-e-i-referendum-astrali\/\">qui<\/a> si \u00e8 scritto. Merita riassumere i fatti.<!--more--><\/p>\n<p>La <a href=\"http:\/\/bur.regione.veneto.it\/BurvServices\/pubblica\/DettaglioLegge.aspx?id=276453\" class=\"broken_link\">legge regionale 15\/2014<\/a> aveva dato il via ad una serie di <em>referendum<\/em> consultivi diretti a sollecitare un voto popolare favorevole a forme pi\u00f9 o meno intense di indipendenza del Veneto. La legge \u00e8 stata impugnata dallo Stato, e la Corte costituzionale ha dichiarato incostituzionali quattro dei cinque <em>referendum<\/em> in essa prospettati (vedi il <a href=\"http:\/\/www.forumcostituzionale.it\/wordpress\/wp-content\/uploads\/2015\/07\/nota_118_2015_conte.pdf\">commento di F. Conte<\/a>), lasciando via libera al pi\u00f9 innocuo. In realt\u00e0 la legge regionale disponeva un percorso diverso, cio\u00e8 che prima ci fosse un passaggio di trattativa con il Governo: \u201cIl Presidente della Giunta regionale \u00e8 autorizzato ad instaurare con il Governo un negoziato volto a definire il contenuto di un referendum consultivo finalizzato a conoscere la volont\u00e0 degli elettori del Veneto circa il conseguimento di ulteriori forme di autonomia della Regione del Veneto\u201d; solo se questo \u201cnegoziato\u201d fosse fallito si sarebbe dato luogo ai <em>referendum<\/em> consultivi.<\/p>\n<p>Un modo curioso di procedere, perch\u00e9 l\u2019<a href=\"http:\/\/www.governo.it\/costituzione-italiana\/parte-seconda-ordinamento-della-repubblica\/titolo-v-le-regionile-province-e-i\">art. 116.3 Cost.<\/a> prevede che \u201culteriori forme e condizioni particolari di autonomia\u201d possano essere attribuite alle regioni ordinarie con legge dello Stato frutto di una negoziazione tra il presidente della regione e il Governo; la legge regionale invece invita il presidente a negoziare lo svolgimento di <em>referendum<\/em> volti esattamente a questo fine, sapere se gli elettori sono d\u2019accordo a che il presidente assuma questa iniziativa. Ma perch\u00e9 il contenuto di questa consultazione deve essere \u201cnegoziato\u201d con il Governo, visto che la regione pu\u00f2 promuovere tutte le consultazioni che crede, salvo che non contrastino con la Costituzione? E, se contrastano con la Costituzione, pu\u00f2 il Governo \u201cpromettere\u201d di lasciar correre e non sollevare la questione alla Corte costituzionale?<\/p>\n<p>Insomma le legge disegnava un itinerario obliquo e furbetto, per forzare il Governo a dire qualcosa sull\u2019estensione dell\u2019autonomia veneta ben oltre il limite della Costituzione: per questo gioco metteva sul piatto quasi 4 milioni di euro per finanziarne la spesa, sottratti in massima parte ai \u201cServizi alle imprese e alla collettivit\u00e0 rurale\u201d e agli \u201cInterventi per il diritto allo studio\u201d. Il Governo, com\u2019era ovvio, non stava al gioco e investiva la Corte costituzionale del giudizio di legittimit\u00e0 della legge veneta.<\/p>\n<p>La <a href=\"http:\/\/www.giurcost.org\/decisioni\/2015\/0118s-15.html\">sent. 118\/2015<\/a> sbarrava la strada ai <em>referendum<\/em> pi\u00f9 marcatamente \u201cindipendentisti\u201d: diventare una Regione speciale implica infatti una riforma costituzionale (per la quale la Regione potrebbe sicuramente proporre un\u2019iniziativa legislativa, come ora Zaia \u201cminaccia\u201d di fare, se il <em>referendum<\/em> va bene), mentre modificare le regole sulla finanza regionale \u2013 oltre che cozzare con i limiti dei <em>referendum<\/em> previsti dall\u2019art. 75 Cost. e dallo stesso Statuto regionale \u2013 andrebbe contro numerose regole legislative e importanti principi costituzionali. L\u2019unico quesito che passa \u00e8 banale: \u201cVuoi che alla Regione del Veneto siano attribuite ulteriori forme e condizioni particolari di autonomia?\u201d. La Corte non oppone alcun limite, salvo quello \u2013 sottinteso \u2013 del buon senso. Dice la Corte: il <em>referendum<\/em> non si sovrappone alla procedura indicata dall\u2019art. 116 Cost., perch\u00e9 la consultazione \u201csi colloca in una fase anteriore ed esterna\u201d rispetto ad esso. Insomma, la procedura (approvazione di una legge dello Stato, su iniziativa della Regione interessata, sentiti gli enti locali, con voto favorevole delle Camere a maggioranza assoluta dei propri componenti e sulla base di un\u2019intesa fra lo Stato e la Regione stessa) non \u00e8 modificata dal <em>referendum<\/em> previsto, che perci\u00f2 darebbe solo un\u2019indicazione politica al presidente della regione se attivarla oppure no. <em>Giuridicamente<\/em> sarebbe perfettamente inutile! Ma quello che potrebbe produrre \u00e8 un risultato <em>politico<\/em>, in caso di un massiccio voto favorevole. Ed \u00e8 proprio quello che Zaia vuole ottenere.<\/p>\n<p>Discutendo con il ministro Costa lo ha detto apertamente. Vi \u00e8 stata una singolare inversione dei ruoli: il ministro sollecitava con insistenza l\u2019avvio dei negoziati, ma Zaia rispondeva no, prima bisogna fare il <em>referendum<\/em>! Ma come, un <em>referendum <\/em>per sapere se il presidente deve fare quello che vuole e pu\u00f2 gi\u00e0 fare? Certo \u2013 dice Zaia \u2013 perch\u00e9 se avvio la trattativa, poi che senso ha fare il <em>referendum<\/em> per sentirmi dire che devo avviare la trattativa? Certo, trattandosi di un <em>referendum<\/em> inutile, \u00e8 una conclusione coerente. Per dare un qualche sostegno al suo ragionamento, Zaia cerca di farsi forte delle stesse argomentazioni della Corte costituzionale: il <em>referendum<\/em> dovrebbe stare in una fase \u201canteriore e esterna\u201d, il che significa che bisogna necessariamente farlo prima dell\u2019avvio della trattativa. Ma la Corte usa quella espressione solo per dire che il <em>referendum<\/em> non influisce <em>giuridicamente<\/em> sulla procedura prevista dalla Costituzione, non ci sarebbe qualche ostacolo <em>giuridico<\/em> per farlo dopo o durante: perch\u00e9 <em>giuridicamente<\/em> non serve a niente! Ma quello che a Zaia interessa non \u00e8 il risultato <em>giuridico<\/em>, cio\u00e8 le maggiori competenze, ma quello <em>politico<\/em> di una mobilitazione elettorale che faccia montare la pressione autonomistica della sua Regione.<\/p>\n<p>\u00c8 un gioco politico che per\u00f2 costa. Il <a href=\"http:\/\/www.consiglioveneto.it\/crvportal\/pdf\/pratiche\/10\/pdl\/PDL_0192\/3000_5Ftesto_20licenziato_20da_20commissione.pdf\" class=\"broken_link\">pdl 192<\/a>, proposto dalla Giunta e appena licenziato dalla Commissione, stanzia 12 milioni per sostenerne la spesa, ma Zaia parla di 14 milioni. Caro come gioco, che per\u00f2 non corrisponde alla spesa necessaria allo svolgimento di una consultazione elettorale (non era quotata 4 milioni scarsi dalla legge del 2014?), ma a qualcosa di molto pi\u00f9 costoso. La legge attualmente in approvazione istituisce infatti una nuova voce di spesa, dal titolo \u201cCampagna informativa\u201d, in cui si prevede che \u201cLa Giunta regionale, \u00e8 autorizzata ad attivare, nel rispetto della vigente normativa in materia, iniziative volte ad assicurare una corretta comunicazione e informazione della comunit\u00e0 regionale in ordine al quesito referendario e allo svolgimento del referendum\u201d. Ecco dove andranno gli 8 (o 10) milioni di differenza, in campagna di propaganda politica.<\/p>\n<p>Si tenga presente che l\u2019ostacolo pi\u00f9 difficile per le trattative con il Governo \u00e8 legato al finanziamento delle competenze che dovrebbero passare alla regione. Come le regioni speciali del nord e le Province autonome, di cui il Veneto aspirerebbe a diventare parte, ben sanno, la partita delle competenze \u00e8 sempre legata alla partita finanziaria: tu eviti tagli finanziari assumendo maggiori compiti (l\u2019Universit\u00e0 per la Provincia di Trento, la spesa sanitaria per il Friuli-Venezia Giulia ecc.) e se lo Stato vuole che tu assuma nuove funzioni chiedi che esse siano \u201ccoperte\u201d finanziariamente. I 14 milioni che si vorrebbero sprecati in una consultazione elettorale inutile e anche cos\u00ec poco sentita da aver bisogno di un pesante supporto propagandistico per poter avere un buon esito, potrebbero assai pi\u00f9 utilmente esser messi sul tavolo delle trattative. Se stornati al sostegno del diritto allo studio, farebbe quasi raddoppiare lo stanziamento di <a href=\"https:\/\/www.regione.veneto.it\/c\/document_library\/get_file?uuid=369a6a6d-13e0-4511-b2e9-0e3cee5170fb&amp;groupId=10721\">bilancio previsto per il 2017<\/a> (16,9 milioni); oppure potrebbero aumentare di 2\/3 l\u2019investimento regionale nell\u2019edilizia abitativa e nell\u2019assetto del territorio (22,8 milioni). La cifra corrisponderebbe a circa 450 assegni di ricerca, quanto basterebbe a \u201cregionalizzare\u201d una politica della ricerca universitaria a favore dei tre Atenei veneti: cinquanta assegni per tre anni per ciascuno di essi, un miraggio! E invece saranno sprecati in una propaganda politica di retroguardia che fa dell\u2019autonomia una bandiera senza alcun contenuto. Chiss\u00e0 se di ci\u00f2 saranno debitamente informati i cittadini veneti nella costosa campagna elettorale?<\/p>\n<p>&nbsp;<\/p>\n<p>&nbsp;<\/p>\n<p>&nbsp;<\/p>\n<p>&nbsp;<\/p>\n<p>&nbsp;<\/p>\n","protected":false},"excerpt":{"rendered":"<p>di <abbr class='c2c-text-hover' title='Professore ordinario di Diritto costituzionale - Universit\u00e0 di Ferrara'>Roberto Bin<\/abbr> La stampa veneta (vedi Il Mattino di Padova o Il Corriere del Veneto) ha dato grande risalto al dibattito svolto all\u2019Universit\u00e0 di Padova tra il presidente del Veneto Luca Zaia e il ministro Enrico Costa. Al centro la questione del referendum deciso dalla regione, di cui gi\u00e0 qui si \u00e8 scritto. Merita &#8230; <a title=\"Fare dell&#8217;inutile il necessario: &lt;br&gt; la strana logica del presidente Zaia\" class=\"read-more\" href=\"https:\/\/www.lacostituzione.info\/index.php\/2017\/02\/09\/fare-dellinutile-il-necessario-la-strana-logica-del-presidente-zaia\/\">Leggi tutto<\/a><\/p>\n<div class='heateorSssClear'><\/div><div  class='heateor_sss_sharing_container heateor_sss_horizontal_sharing' data-heateor-sss-href='https:\/\/www.lacostituzione.info\/index.php\/2017\/02\/09\/fare-dellinutile-il-necessario-la-strana-logica-del-presidente-zaia\/'><div class='heateor_sss_sharing_title' style=\"font-weight:bold\" >Condividi!<\/div><div class=\"heateor_sss_sharing_ul\"><a aria-label=\"Facebook\" class=\"heateor_sss_facebook\" href=\"https:\/\/www.facebook.com\/sharer\/sharer.php?u=https%3A%2F%2Fwww.lacostituzione.info%2Findex.php%2F2017%2F02%2F09%2Ffare-dellinutile-il-necessario-la-strana-logica-del-presidente-zaia%2F\" title=\"Facebook\" rel=\"nofollow noopener\" target=\"_blank\" style=\"font-size:32px!important;box-shadow:none;display:inline-block;vertical-align:middle\"><span class=\"heateor_sss_svg\" style=\"background-color:#0765FE;width:35px;height:35px;display:inline-block;opacity:1;float:left;font-size:32px;box-shadow:none;display:inline-block;font-size:16px;padding:0 4px;vertical-align:middle;background-repeat:repeat;overflow:hidden;padding:0;cursor:pointer;box-sizing:content-box\"><svg style=\"display:block;\" focusable=\"false\" aria-hidden=\"true\" xmlns=\"http:\/\/www.w3.org\/2000\/svg\" width=\"100%\" height=\"100%\" viewBox=\"0 0 32 32\"><path fill=\"#fff\" d=\"M28 16c0-6.627-5.373-12-12-12S4 9.373 4 16c0 5.628 3.875 10.35 9.101 11.647v-7.98h-2.474V16H13.1v-1.58c0-4.085 1.849-5.978 5.859-5.978.76 0 2.072.15 2.608.298v3.325c-.283-.03-.775-.045-1.386-.045-1.967 0-2.728.745-2.728 2.683V16h3.92l-.673 3.667h-3.247v8.245C23.395 27.195 28 22.135 28 16Z\"><\/path><\/svg><\/span><\/a><a aria-label=\"Twitter\" class=\"heateor_sss_button_twitter\" href=\"https:\/\/twitter.com\/intent\/tweet?text=Fare%20dell%27inutile%20il%20necessario%3A%20%3Cbr%3E%20la%20strana%20logica%20del%20presidente%20Zaia&url=https%3A%2F%2Fwww.lacostituzione.info%2Findex.php%2F2017%2F02%2F09%2Ffare-dellinutile-il-necessario-la-strana-logica-del-presidente-zaia%2F\" title=\"Twitter\" rel=\"nofollow noopener\" target=\"_blank\" style=\"font-size:32px!important;box-shadow:none;display:inline-block;vertical-align:middle\"><span class=\"heateor_sss_svg heateor_sss_s__default heateor_sss_s_twitter\" style=\"background-color:#55acee;width:35px;height:35px;display:inline-block;opacity:1;float:left;font-size:32px;box-shadow:none;display:inline-block;font-size:16px;padding:0 4px;vertical-align:middle;background-repeat:repeat;overflow:hidden;padding:0;cursor:pointer;box-sizing:content-box\"><svg style=\"display:block;\" focusable=\"false\" aria-hidden=\"true\" xmlns=\"http:\/\/www.w3.org\/2000\/svg\" width=\"100%\" height=\"100%\" viewBox=\"-4 -4 39 39\"><path d=\"M28 8.557a9.913 9.913 0 0 1-2.828.775 4.93 4.93 0 0 0 2.166-2.725 9.738 9.738 0 0 1-3.13 1.194 4.92 4.92 0 0 0-3.593-1.55 4.924 4.924 0 0 0-4.794 6.049c-4.09-.21-7.72-2.17-10.15-5.15a4.942 4.942 0 0 0-.665 2.477c0 1.71.87 3.214 2.19 4.1a4.968 4.968 0 0 1-2.23-.616v.06c0 2.39 1.7 4.38 3.952 4.83-.414.115-.85.174-1.297.174-.318 0-.626-.03-.928-.086a4.935 4.935 0 0 0 4.6 3.42 9.893 9.893 0 0 1-6.114 2.107c-.398 0-.79-.023-1.175-.068a13.953 13.953 0 0 0 7.55 2.213c9.056 0 14.01-7.507 14.01-14.013 0-.213-.005-.426-.015-.637.96-.695 1.795-1.56 2.455-2.55z\" fill=\"#fff\"><\/path><\/svg><\/span><\/a><a aria-label=\"Reddit\" class=\"heateor_sss_button_reddit\" href=\"https:\/\/reddit.com\/submit?url=https%3A%2F%2Fwww.lacostituzione.info%2Findex.php%2F2017%2F02%2F09%2Ffare-dellinutile-il-necessario-la-strana-logica-del-presidente-zaia%2F&title=Fare%20dell%27inutile%20il%20necessario%3A%20%3Cbr%3E%20la%20strana%20logica%20del%20presidente%20Zaia\" title=\"Reddit\" rel=\"nofollow noopener\" target=\"_blank\" style=\"font-size:32px!important;box-shadow:none;display:inline-block;vertical-align:middle\"><span class=\"heateor_sss_svg heateor_sss_s__default heateor_sss_s_reddit\" style=\"background-color:#ff5700;width:35px;height:35px;display:inline-block;opacity:1;float:left;font-size:32px;box-shadow:none;display:inline-block;font-size:16px;padding:0 4px;vertical-align:middle;background-repeat:repeat;overflow:hidden;padding:0;cursor:pointer;box-sizing:content-box\"><svg style=\"display:block;\" focusable=\"false\" aria-hidden=\"true\" xmlns=\"http:\/\/www.w3.org\/2000\/svg\" width=\"100%\" height=\"100%\" viewBox=\"-3.5 -3.5 39 39\"><path d=\"M28.543 15.774a2.953 2.953 0 0 0-2.951-2.949 2.882 2.882 0 0 0-1.9.713 14.075 14.075 0 0 0-6.85-2.044l1.38-4.349 3.768.884a2.452 2.452 0 1 0 .24-1.176l-4.274-1a.6.6 0 0 0-.709.4l-1.659 5.224a14.314 14.314 0 0 0-7.316 2.029 2.908 2.908 0 0 0-1.872-.681 2.942 2.942 0 0 0-1.618 5.4 5.109 5.109 0 0 0-.062.765c0 4.158 5.037 7.541 11.229 7.541s11.22-3.383 11.22-7.541a5.2 5.2 0 0 0-.053-.706 2.963 2.963 0 0 0 1.427-2.51zm-18.008 1.88a1.753 1.753 0 0 1 1.73-1.74 1.73 1.73 0 0 1 1.709 1.74 1.709 1.709 0 0 1-1.709 1.711 1.733 1.733 0 0 1-1.73-1.711zm9.565 4.968a5.573 5.573 0 0 1-4.081 1.272h-.032a5.576 5.576 0 0 1-4.087-1.272.6.6 0 0 1 .844-.854 4.5 4.5 0 0 0 3.238.927h.032a4.5 4.5 0 0 0 3.237-.927.6.6 0 1 1 .844.854zm-.331-3.256a1.726 1.726 0 1 1 1.709-1.712 1.717 1.717 0 0 1-1.712 1.712z\" fill=\"#fff\"\/><\/svg><\/span><\/a><a aria-label=\"Linkedin\" class=\"heateor_sss_button_linkedin\" href=\"https:\/\/www.linkedin.com\/sharing\/share-offsite\/?url=https%3A%2F%2Fwww.lacostituzione.info%2Findex.php%2F2017%2F02%2F09%2Ffare-dellinutile-il-necessario-la-strana-logica-del-presidente-zaia%2F\" title=\"Linkedin\" rel=\"nofollow noopener\" target=\"_blank\" style=\"font-size:32px!important;box-shadow:none;display:inline-block;vertical-align:middle\"><span class=\"heateor_sss_svg heateor_sss_s__default heateor_sss_s_linkedin\" style=\"background-color:#0077b5;width:35px;height:35px;display:inline-block;opacity:1;float:left;font-size:32px;box-shadow:none;display:inline-block;font-size:16px;padding:0 4px;vertical-align:middle;background-repeat:repeat;overflow:hidden;padding:0;cursor:pointer;box-sizing:content-box\"><svg style=\"display:block;\" focusable=\"false\" aria-hidden=\"true\" xmlns=\"http:\/\/www.w3.org\/2000\/svg\" width=\"100%\" height=\"100%\" viewBox=\"0 0 32 32\"><path d=\"M6.227 12.61h4.19v13.48h-4.19V12.61zm2.095-6.7a2.43 2.43 0 0 1 0 4.86c-1.344 0-2.428-1.09-2.428-2.43s1.084-2.43 2.428-2.43m4.72 6.7h4.02v1.84h.058c.56-1.058 1.927-2.176 3.965-2.176 4.238 0 5.02 2.792 5.02 6.42v7.395h-4.183v-6.56c0-1.564-.03-3.574-2.178-3.574-2.18 0-2.514 1.7-2.514 3.46v6.668h-4.187V12.61z\" fill=\"#fff\"><\/path><\/svg><\/span><\/a><a aria-label=\"Pinterest\" class=\"heateor_sss_button_pinterest\" href=\"https:\/\/www.lacostituzione.info\/index.php\/2017\/02\/09\/fare-dellinutile-il-necessario-la-strana-logica-del-presidente-zaia\/\" onclick=\"event.preventDefault();javascript:void( (function() {var e=document.createElement('script' );e.setAttribute('type','text\/javascript' );e.setAttribute('charset','UTF-8' );e.setAttribute('src','\/\/assets.pinterest.com\/js\/pinmarklet.js?r='+Math.random()*99999999);document.body.appendChild(e)})());\" title=\"Pinterest\" rel=\"noopener\" style=\"font-size:32px!important;box-shadow:none;display:inline-block;vertical-align:middle\"><span class=\"heateor_sss_svg heateor_sss_s__default heateor_sss_s_pinterest\" style=\"background-color:#cc2329;width:35px;height:35px;display:inline-block;opacity:1;float:left;font-size:32px;box-shadow:none;display:inline-block;font-size:16px;padding:0 4px;vertical-align:middle;background-repeat:repeat;overflow:hidden;padding:0;cursor:pointer;box-sizing:content-box\"><svg style=\"display:block;\" focusable=\"false\" aria-hidden=\"true\" xmlns=\"http:\/\/www.w3.org\/2000\/svg\" width=\"100%\" height=\"100%\" viewBox=\"-2 -2 35 35\"><path fill=\"#fff\" d=\"M16.539 4.5c-6.277 0-9.442 4.5-9.442 8.253 0 2.272.86 4.293 2.705 5.046.303.125.574.005.662-.33.061-.231.205-.816.27-1.06.088-.331.053-.447-.191-.736-.532-.627-.873-1.439-.873-2.591 0-3.338 2.498-6.327 6.505-6.327 3.548 0 5.497 2.168 5.497 5.062 0 3.81-1.686 7.025-4.188 7.025-1.382 0-2.416-1.142-2.085-2.545.397-1.674 1.166-3.48 1.166-4.689 0-1.081-.581-1.983-1.782-1.983-1.413 0-2.548 1.462-2.548 3.419 0 1.247.421 2.091.421 2.091l-1.699 7.199c-.505 2.137-.076 4.755-.039 5.019.021.158.223.196.314.077.13-.17 1.813-2.247 2.384-4.324.162-.587.929-3.631.929-3.631.46.876 1.801 1.646 3.227 1.646 4.247 0 7.128-3.871 7.128-9.053.003-3.918-3.317-7.568-8.361-7.568z\"\/><\/svg><\/span><\/a><a aria-label=\"Whatsapp\" class=\"heateor_sss_whatsapp\" href=\"https:\/\/api.whatsapp.com\/send?text=Fare%20dell%27inutile%20il%20necessario%3A%20%3Cbr%3E%20la%20strana%20logica%20del%20presidente%20Zaia%20https%3A%2F%2Fwww.lacostituzione.info%2Findex.php%2F2017%2F02%2F09%2Ffare-dellinutile-il-necessario-la-strana-logica-del-presidente-zaia%2F\" title=\"Whatsapp\" rel=\"nofollow noopener\" target=\"_blank\" style=\"font-size:32px!important;box-shadow:none;display:inline-block;vertical-align:middle\"><span class=\"heateor_sss_svg\" style=\"background-color:#55eb4c;width:35px;height:35px;display:inline-block;opacity:1;float:left;font-size:32px;box-shadow:none;display:inline-block;font-size:16px;padding:0 4px;vertical-align:middle;background-repeat:repeat;overflow:hidden;padding:0;cursor:pointer;box-sizing:content-box\"><svg style=\"display:block;\" focusable=\"false\" aria-hidden=\"true\" xmlns=\"http:\/\/www.w3.org\/2000\/svg\" width=\"100%\" height=\"100%\" viewBox=\"-6 -5 40 40\"><path class=\"heateor_sss_svg_stroke heateor_sss_no_fill\" stroke=\"#fff\" stroke-width=\"2\" fill=\"none\" d=\"M 11.579798566743314 24.396926207859085 A 10 10 0 1 0 6.808479557110079 20.73576436351046\"><\/path><path d=\"M 7 19 l -1 6 l 6 -1\" class=\"heateor_sss_no_fill heateor_sss_svg_stroke\" stroke=\"#fff\" stroke-width=\"2\" fill=\"none\"><\/path><path d=\"M 10 10 q -1 8 8 11 c 5 -1 0 -6 -1 -3 q -4 -3 -5 -5 c 4 -2 -1 -5 -1 -4\" fill=\"#fff\"><\/path><\/svg><\/span><\/a><\/div><div class=\"heateorSssClear\"><\/div><\/div><div class='heateorSssClear'><\/div>","protected":false},"author":3,"featured_media":0,"comment_status":"open","ping_status":"open","sticky":false,"template":"","format":"standard","meta":{"jetpack_post_was_ever_published":false,"_jetpack_newsletter_access":"","_jetpack_dont_email_post_to_subs":false,"_jetpack_newsletter_tier_id":0,"_jetpack_memberships_contains_paywalled_content":false,"_jetpack_memberships_contains_paid_content":false,"footnotes":"","jetpack_publicize_message":"","jetpack_publicize_feature_enabled":true,"jetpack_social_post_already_shared":false,"jetpack_social_options":{"image_generator_settings":{"template":"highway","default_image_id":0,"enabled":false},"version":2}},"categories":[4],"tags":[149,74,361,40,360,27,205],"class_list":["post-2008","post","type-post","status-publish","format-standard","hentry","category-attualita","tag-corte-costituzionale","tag-costituzione","tag-enrico-costa","tag-governo","tag-luca-zaia","tag-referendum","tag-regione-veneto"],"jetpack_publicize_connections":[],"jetpack_featured_media_url":"","jetpack_shortlink":"https:\/\/wp.me\/p84sDq-wo","jetpack_likes_enabled":true,"jetpack_sharing_enabled":true,"_links":{"self":[{"href":"https:\/\/www.lacostituzione.info\/index.php\/wp-json\/wp\/v2\/posts\/2008","targetHints":{"allow":["GET"]}}],"collection":[{"href":"https:\/\/www.lacostituzione.info\/index.php\/wp-json\/wp\/v2\/posts"}],"about":[{"href":"https:\/\/www.lacostituzione.info\/index.php\/wp-json\/wp\/v2\/types\/post"}],"author":[{"embeddable":true,"href":"https:\/\/www.lacostituzione.info\/index.php\/wp-json\/wp\/v2\/users\/3"}],"replies":[{"embeddable":true,"href":"https:\/\/www.lacostituzione.info\/index.php\/wp-json\/wp\/v2\/comments?post=2008"}],"version-history":[{"count":0,"href":"https:\/\/www.lacostituzione.info\/index.php\/wp-json\/wp\/v2\/posts\/2008\/revisions"}],"wp:attachment":[{"href":"https:\/\/www.lacostituzione.info\/index.php\/wp-json\/wp\/v2\/media?parent=2008"}],"wp:term":[{"taxonomy":"category","embeddable":true,"href":"https:\/\/www.lacostituzione.info\/index.php\/wp-json\/wp\/v2\/categories?post=2008"},{"taxonomy":"post_tag","embeddable":true,"href":"https:\/\/www.lacostituzione.info\/index.php\/wp-json\/wp\/v2\/tags?post=2008"}],"curies":[{"name":"wp","href":"https:\/\/api.w.org\/{rel}","templated":true}]}}