{"id":2169,"date":"2017-03-11T13:35:42","date_gmt":"2017-03-11T12:35:42","guid":{"rendered":"http:\/\/www.lacostituzione.info\/?p=2169"},"modified":"2018-01-03T10:52:05","modified_gmt":"2018-01-03T09:52:05","slug":"lelezione-di-tusk-e-lircocervo-del-governo-ue","status":"publish","type":"post","link":"https:\/\/www.lacostituzione.info\/index.php\/2017\/03\/11\/lelezione-di-tusk-e-lircocervo-del-governo-ue\/","title":{"rendered":"L&#8217;elezione di Tusk e l&#8217;ircocervo del governo Ue"},"content":{"rendered":"<p><strong><img loading=\"lazy\" decoding=\"async\" data-attachment-id=\"2170\" data-permalink=\"https:\/\/www.lacostituzione.info\/index.php\/2017\/03\/11\/lelezione-di-tusk-e-lircocervo-del-governo-ue\/th-62\/#main\" data-orig-file=\"https:\/\/www.lacostituzione.info\/wp-content\/uploads\/2017\/03\/th-1.jpg\" data-orig-size=\"300,200\" data-comments-opened=\"1\" data-image-meta=\"{&quot;aperture&quot;:&quot;0&quot;,&quot;credit&quot;:&quot;&quot;,&quot;camera&quot;:&quot;&quot;,&quot;caption&quot;:&quot;&quot;,&quot;created_timestamp&quot;:&quot;0&quot;,&quot;copyright&quot;:&quot;&quot;,&quot;focal_length&quot;:&quot;0&quot;,&quot;iso&quot;:&quot;0&quot;,&quot;shutter_speed&quot;:&quot;0&quot;,&quot;title&quot;:&quot;&quot;,&quot;orientation&quot;:&quot;0&quot;}\" data-image-title=\"th\" data-image-description=\"\" data-image-caption=\"\" data-medium-file=\"https:\/\/www.lacostituzione.info\/wp-content\/uploads\/2017\/03\/th-1-300x200.jpg\" data-large-file=\"https:\/\/www.lacostituzione.info\/wp-content\/uploads\/2017\/03\/th-1.jpg\" class=\"alignright wp-image-2170 size-thumbnail\" src=\"http:\/\/www.lacostituzione.info\/wp-content\/uploads\/2017\/03\/th-1-150x150.jpg\" alt=\"\" width=\"150\" height=\"150\" \/><\/strong>di <strong>Andrea Guazzarotti<\/strong><a href=\"#_ftn1\" name=\"_ftnref1\">*<\/a><\/p>\n<p>Contro la volont\u00e0 del suo Paese d\u2019origine, il 9 marzo \u00e8 stato riconfermato nella carica di Presidente del Consiglio europeo il polacco Donald Tusk, che potr\u00e0 cos\u00ec \u2018completare\u2019 il mandato per altri due anni e mezzo, come gi\u00e0 riusc\u00ec al precedente Presidente eletto, il belga Herman Van Rompuy.<!--more--> Sembrer\u00e0 strano, ma si pu\u00f2 diventare Presidente dell\u2019organo pi\u00f9 &#8220;intergovernativo&#8221; di tutti nell\u2019UE (composto dai Capi di stato e di governo degli Stati membri) non solo senza bisogno di essere un capo di stato, ma anche senza il supporto del <em>proprio<\/em> Stato. L\u2019art. 15 del TUE, infatti, parla solo di un Presidente eletto a maggioranza qualificata dai membri del Consiglio europeo e dell\u2019incompatibilit\u00e0 del Presidente, una volta eletto, con qualsiasi mandato nazionale. Si tratta di una novit\u00e0 introdotta dal Trattato di Lisbona a partire dal 2009, che innova la precedente prassi della presidenza a turno ogni sei mesi (regola tuttora vigente per il Consiglio dell\u2019UE, composto dai ministri degli Stati membri volta a volta competenti nella materia all\u2019ordine del giorno).<\/p>\n<p>Tale innovazione avrebbe dovuto contribuire a fare del Consiglio europeo un\u2019istituzione dell\u2019UE a tutti gli effetti e non un mero <em>summit<\/em> di Capi di stato o di governo, ove l\u2019informalit\u00e0 della politica domina sull\u2019esigenza di garanzie procedurali del diritto. Il problema \u00e8 che il \u2018capo dei capi\u2019 non ha il peso politico di un vero capo: a confermarcelo sta proprio la rielezione di Tusk. Se, infatti, alla prima elezione, il polacco Tusk (cos\u00ec come il belga Van Rumpuy nel 2009) era il primo ministro del proprio Stato, eletto dai propri \u2018pari\u2019, alla rielezione egli gode della sola legittimazione della scelta dei &#8220;veri&#8221; Capi di stato o di governo (tuttora alla guida dei propri Stati membri). Il governo polacco in carica (di colore opposto a quello di Tusk) ha, cos\u00ec, avuto gioco facile a parlare di &#8220;uomo di fiducia della Merkel&#8221;, per stigmatizzare la natura eterodiretta della scelta. Si dir\u00e0 che le nuove regole di Lisbona contemplano la decisione a maggioranza e che gi\u00e0 il Presidente della Commissione Junker e l\u2019Alto Rappresentante per gli affari esteri e la sicurezza, Mogherini, sono stati eletti senza l\u2019unanimit\u00e0 (col voto contrario di Regno Unito e Ungheria, il primo, e della Lituania, la seconda).<\/p>\n<p>\u00c8 la politica, bellezza! Ossia: tanto pi\u00f9 l\u2019UE si politicizza e tende ad assomigliare a una forma di governo (<em>vedi<\/em> la pseudo elezione diretta del Presidente della Commissione), tanto pi\u00f9 \u00e8 facile l\u2019insorgenza di opposizioni da parte dei Governi nazionali, specie quelli ostili al &#8220;superstato&#8221; europeo. Tuttavia una differenza salta agli occhi: sarebbe stato mai concepibile eleggere Presidente della Commissione e Alto rappresentante con l\u2019espressa opposizione del proprio Paese d\u2019appartenenza? Vero \u00e8 che un membro della Commissione (compreso il suo Presidente) o lo stesso Alto rappresentante, sponsorizzati dal proprio Governo nazionale all\u2019atto della designazione, non sono affatto tenuti a dimettersi una volta quel Governo nazionale cada a seguito di elezioni nazionali democratiche, n\u00e9 il nuovo Governo (per avventura, di colore politico opposto al precedente) pu\u00f2 in alcun modo sollecitarne la rimozione. Ma, oltre al fatto che la Commissione, a differenza del Consiglio europeo, non \u00e8 un organo intergovernativo bens\u00ec &#8220;eurounitario&#8221; (deve patrocinare gli interessi di tutta l\u2019Unione e non mediare interessi dei singoli governi nazionali), resta il dato dell\u2019impossibilit\u00e0 di imporre a uno Stato la nomina di un membro della Commissione non voluto dal Governo nazionale. Avrebbe mai potuto essere designato Romano Prodi a Presidente della Commissione se a Roma fosse stato in carica il secondo Governo Berlusconi?<\/p>\n<p>La depoliticizzazione del Presidente del Consiglio europeo pu\u00f2 comprendersi, in parte, se si guarda ai suoi poteri, che sono pi\u00f9 di natura di mediatore che non di \u2018guida\u2019: convocare le riunioni del Consiglio minimo due volte a semestre, presiederle e animarne i lavori, adoperandosi per \u00abfacilitare la coesione e il consenso in seno al Consiglio europeo\u00bb (art. 15.6 TUE). Non pu\u00f2 far pendere l\u2019ago della bilancia da una parte o dall\u2019altra, in caso di decisioni combattute, posto che non ha potere di voto, ed \u00e8 altamente dubitabile che possa essere lui a decidere l\u2019ordine del giorno (magari con l\u2019opposizione della Germania e di qualche altro \u2018grande\u2019 Stato membro). Il Presidente ha una visibilit\u00e0 esterna apparentemente notevole, posto che dovrebbe assicurare la rappresentanza dell\u2019Unione per le materie relative alla politica estera e di sicurezza comune. Ma si tratta di una funzione in cogestione con l\u2019Alto rappresentante. Una poltrona per due, insomma.<\/p>\n<p>Come per l\u2019Alto rappresentante e, in fondo, lo stesso Presidente della Commissione, al di l\u00e0 dei poteri formali attribuiti dai Trattati, conta la caratura politica del personaggio che ricopre il ruolo. Con una differenza rilevante, per\u00f2: il Presidente della Commissione, dopo l\u2019investitura, pu\u00f2 godere del supporto politico costante del Parlamento europeo, che ne legittima i poteri e il modo d\u2019esercizio di questi ultimi. Il Presidente del Consiglio europeo ha solo il supporto dei suoi ex pari: deve evitare di scontentarli troppo, specie quelli pi\u00f9 pesanti. Il rischio che si corre, con una simile architettura istituzionale, \u00e8 che un Presidente indebolito sia visto dall\u2019esterno, specie dagli elettorati nazionali, come un burattino nelle mani dei Paesi pi\u00f9 forti, finendo cos\u00ec per screditare l\u2019istituzione, o meglio, vanificando il tentativo compiuto a Lisbona di dare al Consiglio europeo una patina pi\u00f9 unionista e meno intergovernativa. Tuttavia, se si pensa al fatto che soltanto la Polonia si \u00e8 opposta alla rielezione di Tusk, senza neppure ottenere il sostegno degli altri Paesi del Gruppo di Viesegr\u00e1d (Ungheria in testa), possiamo anche concludere che il Presidente riconfermato abbia saputo conquistarsi la sua autorevolezza sul campo, dando dimostrazione di saper mediare tra i diversi e sempre pi\u00f9 divergenti interessi nazionali. Sar\u00e0 una dote di cui dovr\u00e0 dar prova nei difficili due anni e mezzo che lo attendono, in un\u2019Unione all\u2019affannosa ricerca di se stessa.<\/p>\n<p><a href=\"#_ftnref1\" name=\"_ftn1\">*<\/a> <em>Professore associato di Diritto costituzionale, Universit\u00e0 di Ferrara<\/em><\/p>\n","protected":false},"excerpt":{"rendered":"<p>di Andrea Guazzarotti* Contro la volont\u00e0 del suo Paese d\u2019origine, il 9 marzo \u00e8 stato riconfermato nella carica di Presidente del Consiglio europeo il polacco Donald Tusk, che potr\u00e0 cos\u00ec \u2018completare\u2019 il mandato per altri due anni e mezzo, come gi\u00e0 riusc\u00ec al precedente Presidente eletto, il belga Herman Van Rompuy.<\/p>\n<div class='heateorSssClear'><\/div><div  class='heateor_sss_sharing_container heateor_sss_horizontal_sharing' data-heateor-sss-href='https:\/\/www.lacostituzione.info\/index.php\/2017\/03\/11\/lelezione-di-tusk-e-lircocervo-del-governo-ue\/'><div class='heateor_sss_sharing_title' style=\"font-weight:bold\" >Condividi!<\/div><div class=\"heateor_sss_sharing_ul\"><a aria-label=\"Facebook\" class=\"heateor_sss_facebook\" href=\"https:\/\/www.facebook.com\/sharer\/sharer.php?u=https%3A%2F%2Fwww.lacostituzione.info%2Findex.php%2F2017%2F03%2F11%2Flelezione-di-tusk-e-lircocervo-del-governo-ue%2F\" title=\"Facebook\" rel=\"nofollow noopener\" target=\"_blank\" style=\"font-size:32px!important;box-shadow:none;display:inline-block;vertical-align:middle\"><span class=\"heateor_sss_svg\" style=\"background-color:#0765FE;width:35px;height:35px;display:inline-block;opacity:1;float:left;font-size:32px;box-shadow:none;display:inline-block;font-size:16px;padding:0 4px;vertical-align:middle;background-repeat:repeat;overflow:hidden;padding:0;cursor:pointer;box-sizing:content-box\"><svg style=\"display:block;\" focusable=\"false\" aria-hidden=\"true\" xmlns=\"http:\/\/www.w3.org\/2000\/svg\" width=\"100%\" height=\"100%\" viewBox=\"0 0 32 32\"><path fill=\"#fff\" d=\"M28 16c0-6.627-5.373-12-12-12S4 9.373 4 16c0 5.628 3.875 10.35 9.101 11.647v-7.98h-2.474V16H13.1v-1.58c0-4.085 1.849-5.978 5.859-5.978.76 0 2.072.15 2.608.298v3.325c-.283-.03-.775-.045-1.386-.045-1.967 0-2.728.745-2.728 2.683V16h3.92l-.673 3.667h-3.247v8.245C23.395 27.195 28 22.135 28 16Z\"><\/path><\/svg><\/span><\/a><a aria-label=\"Twitter\" class=\"heateor_sss_button_twitter\" href=\"https:\/\/twitter.com\/intent\/tweet?text=L%27elezione%20di%20Tusk%20e%20l%27ircocervo%20del%20governo%20Ue&url=https%3A%2F%2Fwww.lacostituzione.info%2Findex.php%2F2017%2F03%2F11%2Flelezione-di-tusk-e-lircocervo-del-governo-ue%2F\" title=\"Twitter\" rel=\"nofollow noopener\" target=\"_blank\" style=\"font-size:32px!important;box-shadow:none;display:inline-block;vertical-align:middle\"><span class=\"heateor_sss_svg heateor_sss_s__default heateor_sss_s_twitter\" style=\"background-color:#55acee;width:35px;height:35px;display:inline-block;opacity:1;float:left;font-size:32px;box-shadow:none;display:inline-block;font-size:16px;padding:0 4px;vertical-align:middle;background-repeat:repeat;overflow:hidden;padding:0;cursor:pointer;box-sizing:content-box\"><svg style=\"display:block;\" focusable=\"false\" aria-hidden=\"true\" xmlns=\"http:\/\/www.w3.org\/2000\/svg\" width=\"100%\" height=\"100%\" viewBox=\"-4 -4 39 39\"><path d=\"M28 8.557a9.913 9.913 0 0 1-2.828.775 4.93 4.93 0 0 0 2.166-2.725 9.738 9.738 0 0 1-3.13 1.194 4.92 4.92 0 0 0-3.593-1.55 4.924 4.924 0 0 0-4.794 6.049c-4.09-.21-7.72-2.17-10.15-5.15a4.942 4.942 0 0 0-.665 2.477c0 1.71.87 3.214 2.19 4.1a4.968 4.968 0 0 1-2.23-.616v.06c0 2.39 1.7 4.38 3.952 4.83-.414.115-.85.174-1.297.174-.318 0-.626-.03-.928-.086a4.935 4.935 0 0 0 4.6 3.42 9.893 9.893 0 0 1-6.114 2.107c-.398 0-.79-.023-1.175-.068a13.953 13.953 0 0 0 7.55 2.213c9.056 0 14.01-7.507 14.01-14.013 0-.213-.005-.426-.015-.637.96-.695 1.795-1.56 2.455-2.55z\" fill=\"#fff\"><\/path><\/svg><\/span><\/a><a aria-label=\"Reddit\" class=\"heateor_sss_button_reddit\" href=\"https:\/\/reddit.com\/submit?url=https%3A%2F%2Fwww.lacostituzione.info%2Findex.php%2F2017%2F03%2F11%2Flelezione-di-tusk-e-lircocervo-del-governo-ue%2F&title=L%27elezione%20di%20Tusk%20e%20l%27ircocervo%20del%20governo%20Ue\" title=\"Reddit\" rel=\"nofollow noopener\" target=\"_blank\" style=\"font-size:32px!important;box-shadow:none;display:inline-block;vertical-align:middle\"><span class=\"heateor_sss_svg heateor_sss_s__default heateor_sss_s_reddit\" style=\"background-color:#ff5700;width:35px;height:35px;display:inline-block;opacity:1;float:left;font-size:32px;box-shadow:none;display:inline-block;font-size:16px;padding:0 4px;vertical-align:middle;background-repeat:repeat;overflow:hidden;padding:0;cursor:pointer;box-sizing:content-box\"><svg style=\"display:block;\" focusable=\"false\" aria-hidden=\"true\" xmlns=\"http:\/\/www.w3.org\/2000\/svg\" width=\"100%\" height=\"100%\" viewBox=\"-3.5 -3.5 39 39\"><path d=\"M28.543 15.774a2.953 2.953 0 0 0-2.951-2.949 2.882 2.882 0 0 0-1.9.713 14.075 14.075 0 0 0-6.85-2.044l1.38-4.349 3.768.884a2.452 2.452 0 1 0 .24-1.176l-4.274-1a.6.6 0 0 0-.709.4l-1.659 5.224a14.314 14.314 0 0 0-7.316 2.029 2.908 2.908 0 0 0-1.872-.681 2.942 2.942 0 0 0-1.618 5.4 5.109 5.109 0 0 0-.062.765c0 4.158 5.037 7.541 11.229 7.541s11.22-3.383 11.22-7.541a5.2 5.2 0 0 0-.053-.706 2.963 2.963 0 0 0 1.427-2.51zm-18.008 1.88a1.753 1.753 0 0 1 1.73-1.74 1.73 1.73 0 0 1 1.709 1.74 1.709 1.709 0 0 1-1.709 1.711 1.733 1.733 0 0 1-1.73-1.711zm9.565 4.968a5.573 5.573 0 0 1-4.081 1.272h-.032a5.576 5.576 0 0 1-4.087-1.272.6.6 0 0 1 .844-.854 4.5 4.5 0 0 0 3.238.927h.032a4.5 4.5 0 0 0 3.237-.927.6.6 0 1 1 .844.854zm-.331-3.256a1.726 1.726 0 1 1 1.709-1.712 1.717 1.717 0 0 1-1.712 1.712z\" fill=\"#fff\"\/><\/svg><\/span><\/a><a aria-label=\"Linkedin\" class=\"heateor_sss_button_linkedin\" href=\"https:\/\/www.linkedin.com\/sharing\/share-offsite\/?url=https%3A%2F%2Fwww.lacostituzione.info%2Findex.php%2F2017%2F03%2F11%2Flelezione-di-tusk-e-lircocervo-del-governo-ue%2F\" title=\"Linkedin\" rel=\"nofollow noopener\" target=\"_blank\" style=\"font-size:32px!important;box-shadow:none;display:inline-block;vertical-align:middle\"><span class=\"heateor_sss_svg heateor_sss_s__default heateor_sss_s_linkedin\" style=\"background-color:#0077b5;width:35px;height:35px;display:inline-block;opacity:1;float:left;font-size:32px;box-shadow:none;display:inline-block;font-size:16px;padding:0 4px;vertical-align:middle;background-repeat:repeat;overflow:hidden;padding:0;cursor:pointer;box-sizing:content-box\"><svg style=\"display:block;\" focusable=\"false\" aria-hidden=\"true\" xmlns=\"http:\/\/www.w3.org\/2000\/svg\" width=\"100%\" height=\"100%\" viewBox=\"0 0 32 32\"><path d=\"M6.227 12.61h4.19v13.48h-4.19V12.61zm2.095-6.7a2.43 2.43 0 0 1 0 4.86c-1.344 0-2.428-1.09-2.428-2.43s1.084-2.43 2.428-2.43m4.72 6.7h4.02v1.84h.058c.56-1.058 1.927-2.176 3.965-2.176 4.238 0 5.02 2.792 5.02 6.42v7.395h-4.183v-6.56c0-1.564-.03-3.574-2.178-3.574-2.18 0-2.514 1.7-2.514 3.46v6.668h-4.187V12.61z\" fill=\"#fff\"><\/path><\/svg><\/span><\/a><a aria-label=\"Pinterest\" class=\"heateor_sss_button_pinterest\" href=\"https:\/\/www.lacostituzione.info\/index.php\/2017\/03\/11\/lelezione-di-tusk-e-lircocervo-del-governo-ue\/\" onclick=\"event.preventDefault();javascript:void( (function() {var e=document.createElement('script' );e.setAttribute('type','text\/javascript' );e.setAttribute('charset','UTF-8' );e.setAttribute('src','\/\/assets.pinterest.com\/js\/pinmarklet.js?r='+Math.random()*99999999);document.body.appendChild(e)})());\" title=\"Pinterest\" rel=\"noopener\" style=\"font-size:32px!important;box-shadow:none;display:inline-block;vertical-align:middle\"><span class=\"heateor_sss_svg heateor_sss_s__default heateor_sss_s_pinterest\" style=\"background-color:#cc2329;width:35px;height:35px;display:inline-block;opacity:1;float:left;font-size:32px;box-shadow:none;display:inline-block;font-size:16px;padding:0 4px;vertical-align:middle;background-repeat:repeat;overflow:hidden;padding:0;cursor:pointer;box-sizing:content-box\"><svg style=\"display:block;\" focusable=\"false\" aria-hidden=\"true\" xmlns=\"http:\/\/www.w3.org\/2000\/svg\" width=\"100%\" height=\"100%\" viewBox=\"-2 -2 35 35\"><path fill=\"#fff\" d=\"M16.539 4.5c-6.277 0-9.442 4.5-9.442 8.253 0 2.272.86 4.293 2.705 5.046.303.125.574.005.662-.33.061-.231.205-.816.27-1.06.088-.331.053-.447-.191-.736-.532-.627-.873-1.439-.873-2.591 0-3.338 2.498-6.327 6.505-6.327 3.548 0 5.497 2.168 5.497 5.062 0 3.81-1.686 7.025-4.188 7.025-1.382 0-2.416-1.142-2.085-2.545.397-1.674 1.166-3.48 1.166-4.689 0-1.081-.581-1.983-1.782-1.983-1.413 0-2.548 1.462-2.548 3.419 0 1.247.421 2.091.421 2.091l-1.699 7.199c-.505 2.137-.076 4.755-.039 5.019.021.158.223.196.314.077.13-.17 1.813-2.247 2.384-4.324.162-.587.929-3.631.929-3.631.46.876 1.801 1.646 3.227 1.646 4.247 0 7.128-3.871 7.128-9.053.003-3.918-3.317-7.568-8.361-7.568z\"\/><\/svg><\/span><\/a><a aria-label=\"Whatsapp\" class=\"heateor_sss_whatsapp\" href=\"https:\/\/api.whatsapp.com\/send?text=L%27elezione%20di%20Tusk%20e%20l%27ircocervo%20del%20governo%20Ue%20https%3A%2F%2Fwww.lacostituzione.info%2Findex.php%2F2017%2F03%2F11%2Flelezione-di-tusk-e-lircocervo-del-governo-ue%2F\" title=\"Whatsapp\" rel=\"nofollow noopener\" target=\"_blank\" style=\"font-size:32px!important;box-shadow:none;display:inline-block;vertical-align:middle\"><span class=\"heateor_sss_svg\" style=\"background-color:#55eb4c;width:35px;height:35px;display:inline-block;opacity:1;float:left;font-size:32px;box-shadow:none;display:inline-block;font-size:16px;padding:0 4px;vertical-align:middle;background-repeat:repeat;overflow:hidden;padding:0;cursor:pointer;box-sizing:content-box\"><svg style=\"display:block;\" focusable=\"false\" aria-hidden=\"true\" xmlns=\"http:\/\/www.w3.org\/2000\/svg\" width=\"100%\" height=\"100%\" viewBox=\"-6 -5 40 40\"><path class=\"heateor_sss_svg_stroke heateor_sss_no_fill\" stroke=\"#fff\" stroke-width=\"2\" fill=\"none\" d=\"M 11.579798566743314 24.396926207859085 A 10 10 0 1 0 6.808479557110079 20.73576436351046\"><\/path><path d=\"M 7 19 l -1 6 l 6 -1\" class=\"heateor_sss_no_fill heateor_sss_svg_stroke\" stroke=\"#fff\" stroke-width=\"2\" fill=\"none\"><\/path><path d=\"M 10 10 q -1 8 8 11 c 5 -1 0 -6 -1 -3 q -4 -3 -5 -5 c 4 -2 -1 -5 -1 -4\" fill=\"#fff\"><\/path><\/svg><\/span><\/a><\/div><div class=\"heateorSssClear\"><\/div><\/div><div class='heateorSssClear'><\/div>","protected":false},"author":1,"featured_media":0,"comment_status":"open","ping_status":"open","sticky":false,"template":"","format":"standard","meta":{"jetpack_post_was_ever_published":false,"_jetpack_newsletter_access":"","_jetpack_dont_email_post_to_subs":false,"_jetpack_newsletter_tier_id":0,"_jetpack_memberships_contains_paywalled_content":false,"_jetpack_memberships_contains_paid_content":false,"footnotes":"","jetpack_publicize_message":"","jetpack_publicize_feature_enabled":true,"jetpack_social_post_already_shared":false,"jetpack_social_options":{"image_generator_settings":{"template":"highway","default_image_id":0,"enabled":false},"version":2}},"categories":[4],"tags":[309,421,422,94],"class_list":["post-2169","post","type-post","status-publish","format-standard","hentry","category-attualita","tag-commissione-europea","tag-consiglio-europeo","tag-tusk","tag-unione-europea"],"jetpack_publicize_connections":[],"jetpack_featured_media_url":"","jetpack_shortlink":"https:\/\/wp.me\/p84sDq-yZ","jetpack_likes_enabled":true,"jetpack_sharing_enabled":true,"_links":{"self":[{"href":"https:\/\/www.lacostituzione.info\/index.php\/wp-json\/wp\/v2\/posts\/2169","targetHints":{"allow":["GET"]}}],"collection":[{"href":"https:\/\/www.lacostituzione.info\/index.php\/wp-json\/wp\/v2\/posts"}],"about":[{"href":"https:\/\/www.lacostituzione.info\/index.php\/wp-json\/wp\/v2\/types\/post"}],"author":[{"embeddable":true,"href":"https:\/\/www.lacostituzione.info\/index.php\/wp-json\/wp\/v2\/users\/1"}],"replies":[{"embeddable":true,"href":"https:\/\/www.lacostituzione.info\/index.php\/wp-json\/wp\/v2\/comments?post=2169"}],"version-history":[{"count":0,"href":"https:\/\/www.lacostituzione.info\/index.php\/wp-json\/wp\/v2\/posts\/2169\/revisions"}],"wp:attachment":[{"href":"https:\/\/www.lacostituzione.info\/index.php\/wp-json\/wp\/v2\/media?parent=2169"}],"wp:term":[{"taxonomy":"category","embeddable":true,"href":"https:\/\/www.lacostituzione.info\/index.php\/wp-json\/wp\/v2\/categories?post=2169"},{"taxonomy":"post_tag","embeddable":true,"href":"https:\/\/www.lacostituzione.info\/index.php\/wp-json\/wp\/v2\/tags?post=2169"}],"curies":[{"name":"wp","href":"https:\/\/api.w.org\/{rel}","templated":true}]}}