{"id":2188,"date":"2017-03-16T22:51:04","date_gmt":"2017-03-16T21:51:04","guid":{"rendered":"http:\/\/www.lacostituzione.info\/?p=2188"},"modified":"2018-01-03T10:49:56","modified_gmt":"2018-01-03T09:49:56","slug":"la-querelle-sul-velo-e-i-diritti-individuali","status":"publish","type":"post","link":"https:\/\/www.lacostituzione.info\/index.php\/2017\/03\/16\/la-querelle-sul-velo-e-i-diritti-individuali\/","title":{"rendered":"La querelle sul velo e la dimensione <br> pubblica dei diritti individuali"},"content":{"rendered":"<p><img loading=\"lazy\" decoding=\"async\" data-attachment-id=\"2187\" data-permalink=\"https:\/\/www.lacostituzione.info\/index.php\/2017\/03\/16\/questo-velo-invece-resiste\/donna-con-velo-770x439_c\/#main\" data-orig-file=\"https:\/\/www.lacostituzione.info\/wp-content\/uploads\/2017\/03\/donna-con-velo-770x439_c.jpg\" data-orig-size=\"770,439\" data-comments-opened=\"1\" data-image-meta=\"{&quot;aperture&quot;:&quot;0&quot;,&quot;credit&quot;:&quot;&quot;,&quot;camera&quot;:&quot;&quot;,&quot;caption&quot;:&quot;&quot;,&quot;created_timestamp&quot;:&quot;0&quot;,&quot;copyright&quot;:&quot;&quot;,&quot;focal_length&quot;:&quot;0&quot;,&quot;iso&quot;:&quot;0&quot;,&quot;shutter_speed&quot;:&quot;0&quot;,&quot;title&quot;:&quot;&quot;,&quot;orientation&quot;:&quot;0&quot;}\" data-image-title=\"donna-con-velo-770x439_c\" data-image-description=\"\" data-image-caption=\"\" data-medium-file=\"https:\/\/www.lacostituzione.info\/wp-content\/uploads\/2017\/03\/donna-con-velo-770x439_c-300x171.jpg\" data-large-file=\"https:\/\/www.lacostituzione.info\/wp-content\/uploads\/2017\/03\/donna-con-velo-770x439_c.jpg\" class=\"alignleft wp-image-2187 size-thumbnail\" src=\"http:\/\/www.lacostituzione.info\/wp-content\/uploads\/2017\/03\/donna-con-velo-770x439_c-150x150.jpg\" alt=\"\" width=\"150\" height=\"150\" \/>di <b>Andrea Guazzarotti<\/b><br \/>\nLe sentenze della Corte di giustizia dell\u2019UE sul velo islamico indossato sul luogo di lavoro sono due e sono state emesse lo stesso giorno: gli esiti, per\u00f2, sono opposti.<!--more--><\/p>\n<p>Nel primo caso <a href=\"http:\/\/curia.europa.eu\/juris\/document\/document.jsf?text=&amp;docid=188852&amp;pageIndex=0&amp;doclang=IT&amp;mode=lst&amp;dir=&amp;occ=first&amp;part=1&amp;cid=555708\">http:\/\/curia.europa.eu\/juris\/document\/document.jsf?text=&amp;docid=188852&amp;pageIndex=0&amp;doclang=IT&amp;mode=lst&amp;dir=&amp;occ=first&amp;part=1&amp;cid=555708<\/a> , la Corte d\u00e0 ragione al datore di lavoro, che aveva licenziato la dipendente musulmana per essersi rifiutata di togliersi il velo sul lavoro.\u00a0Nel secondo caso\u00a0<a href=\"http:\/\/curia.europa.eu\/juris\/document\/document.jsf;jsessionid=9ea7d0f130d664bc5e465fda467aa8dcd69f88e6765e.e34KaxiLc3eQc40LaxqMbN4PahuSe0?text=&amp;docid=188853&amp;pageIndex=0&amp;doclang=IT&amp;mode=lst&amp;dir=&amp;occ=first&amp;part=1&amp;cid=555151\">http:\/\/curia.europa.eu\/juris\/document\/document.jsf;jsessionid=9ea7d0f130d664bc5e465fda467aa8dcd69f88e6765e.e34KaxiLc3eQc40LaxqMbN4PahuSe0?text=&amp;docid=188853&amp;pageIndex=0&amp;doclang=IT&amp;mode=lst&amp;dir=&amp;occ=first&amp;part=1&amp;cid=555151<\/a> , la Corte d\u00e0 invece ragione alla lavoratrice, ritenendo il licenziamento discriminatorio.<\/p>\n<p>A fare la differenza, per la Corte, sono i motivi del licenziamento: questo \u00e8, in astratto, legittimo, quando adottato in applicazione di un \u2018codice\u2019 di condotta dell\u2019impresa ispirato alla \u2018neutralit\u00e0\u2019 (niente segni distintivi dell\u2019appartenenza religiosa, ideologica o filosofica). A rafforzare la legittimit\u00e0 della scelta dell\u2019impresa sta il fatto che la lavoratrice col velo era a contatto con la clientela. Nel secondo caso, invece, l\u2019unica giustificazione addotta dal datore di lavoro era quella di tener conto del desiderio di alcuni clienti che i servizi (consulenze ingegneristiche fatte all\u2019esterno della sede del datore di lavoro) non fossero pi\u00f9 materialmente forniti da una dipendente col velo islamico. La mera idiosincrasia dei clienti dell\u2019impresa datrice di lavoro non pu\u00f2 essere considerata tanto importante da trasformare in requisito essenziale e determinante della prestazione la \u2018neutralit\u00e0 religiosa\u2019 dell\u2019abbigliamento della dipendente. Dunque, le sentenze si distinguono.<\/p>\n<p>Ma, per qualcuno, si tratta di un ben tenue distinguo: v\u2019\u00e8, infatti, una linea sottilissima tra il sostenere che il velo islamico della dipendente non pu\u00f2 essere bandito solo perch\u00e9 i clienti lo pretendono, da una parte, e permettere al datore di lavoro di bandirlo (con codici di \u2018neutralit\u00e0\u2019 dell\u2019abbigliamento) allo scopo di anticipare le possibili reazioni dei clienti. Una finzione legale al limite del bizantinismo <a href=\"http:\/\/eulawanalysis.blogspot.it\/2017\/03\/headscarf-bans-at-work-explaining-ecj.html\">http:\/\/eulawanalysis.blogspot.it\/2017\/03\/headscarf-bans-at-work-explaining-ecj.html<\/a> .<\/p>\n<p>Sebbene nel caso in cui ammette il licenziamento la Corte di giustizia faccia riferimento a un precedente della Corte europea dei diritti dell\u2019uomo (competente a pronunciarsi sulle violazioni della CEDU e non sul diritto dell\u2019UE), il caso Eweida e altri c. il Regno Unito del 2013 <a href=\"http:\/\/hudoc.echr.coe.int\/eng#{%22itemid%22:[%22001-115881%22]}\">http:\/\/hudoc.echr.coe.int\/eng#{%22itemid%22:[%22001-115881%22]}<\/a> , quel caso ci dice molto di pi\u00f9 di quanto la Corte UE si limita a citare (la liceit\u00e0, in astratto, della scelta del datore di lavoro di dare un\u2019immagine di neutralit\u00e0 dell\u2019impresa verso i propri clienti). E sebbene si tratti di un precedente di un\u2019altra Corte europea, responsabile di un diverso sistema giuridico (la CEDU), tale precedente riveste, in principio, forza vincolante per l\u2019ordinamento UE e la Corte di giustizia: ai sensi dell\u2019art. 52.3 della Carta dei diritti fondamentali dell\u2019UE (avente lo stesso valore dei Trattati sull\u2019UE), laddove la Carta contenga diritti corrispondenti a quelli garantiti dalla CEDU, \u00abil significato e la portata degli stessi sono uguali a quelli conferiti dalla suddetta convenzione\u00bb.<\/p>\n<p>In entrambe le \u2018Carte\u2019, viene garantita la libert\u00e0 religiosa (art. 10 della Carta dell\u2019UE, art. 9 della CEDU), ivi compresa la facolt\u00e0 di manifestare in pubblico la propria convinzione religiosa. Ebbene, quel precedente della Corte EDU compie una serie di passaggi assai pi\u00f9 stringenti e impegnativi della decisione della Corte di giustizia UE nel caso Achbita. Innanzitutto, la Corte EDU afferma che, vista l\u2019importanza della libert\u00e0 religiosa in una societ\u00e0 democratica, non \u00e8 sufficiente a sottrarsi dall\u2019obbligo di rispettare le convinzioni religiose del proprio dipendente offrire a quest\u2019ultimo una mansione diversa, che lo nasconda alla vista della clientela (soluzione che sembra invece suggerita dalla Corte di giustizia). In secondo luogo, non \u00e8 sufficiente neppure l\u2019approccio \u2018liberale\u2019 dell\u2019eguaglianza formale: il divieto di indossare simboli religiosi, filosofici o \u2018ideologici\u2019 (il basco del Che?) era previsto per tutte le convinzioni dei propri dipendenti, dunque, nessuna discriminazione nei confronti della lavoratrice islamica.<\/p>\n<p>Per la Corte EDU, si viola l\u2019eguaglianza anche quando si omette di trattare in modo diverso persone la cui condizione \u00e8 significativamente diversa da quella degli altri. Il velo islamico, piaccia o meno, \u00e8 considerato da una parte non irrilevante dei fedeli musulmani una componente identitaria fondamentale, la cui funzione \u00e8 proprio quella di intrattenere relazioni tra s\u00e9 (il proprio corpo) e gli altri (specie, l\u2019altro sesso) secondo un codice religioso ispirato alla pudicizia. Considerato che la gran parte del tempo della vita \u00e8 un \u2018tempo di lavoro\u2019 e che per tutto questo tempo la lavoratrice \u00e8 chiamata a relazionarsi con altre persone, non pu\u00f2 presumersi che basti imporre a tutti il divieto di mostrare la propria identit\u00e0 religiosa sul posto di lavoro per mettersi in pace con l\u2019obbligo di garantire la libert\u00e0 religiosa. Per la Corte EDU, si tratta di un diritto fondamentale la cui garanzia va interpretata alla luce della necessit\u00e0 che una societ\u00e0 democratica sana ha di tollerare e sostenere il pluralismo e la diversit\u00e0, oltre alla luce della volont\u00e0 individuale di centrare la vita attorno alla propria scelta religiosa, tanto da voler rendere nota agli altri tale scelta. Tale diritto, ovviamente, va bilanciato con la volont\u00e0 dell\u2019impresa datrice di darsi una certa immagine, ma quest\u2019ultima non deve assumere un peso eccessivo (come invece, nel caso Eweida, la Corte EDU ha ritenuto).<\/p>\n<p>Quel che rileva, al di l\u00e0 delle sempre cangianti circostanze dei casi concreti, non \u00e8 l\u2019esito finale delle due decisioni, bens\u00ec il fatto che per la Corte EDU, la libert\u00e0 religiosa del lavoratore fa scattare un obbligo positivo del datore di lavoro (l\u2019esigenza di farsi carico, fintanto che possibile, delle pretese identitarie della propria dipendente), il che appare qualcosa di diverso e di livello superiore rispetto alla semplice indagine sull\u2019intento non discriminatorio del licenziamento.<\/p>\n<p>Al fondo dei casi sul velo sta un\u2019esigenza vecchia come il mondo, almeno come il mondo uscito dalla fine del politeismo: la societ\u00e0 si cementa attraverso una comune religione (oggi: una comune ideologia, fosse pure quella tiepida del consumismo e dell\u2019autoimprenditorialit\u00e0 neoliberista); le religioni di minoranza sono tollerabili purch\u00e9 si rendano invisibili nello spazio pubblico. Nel lontano 1986, la stessa Corte EDU aveva ritenuto legittimo bandire dalla scuola pubblica della Germania ovest docenti appartenenti al partito comunista (casi Glasenapp e Kosiek c. Germania del 28 agosto 1986); meno di dieci anni dopo, la Corte ribalta quei precedenti, condannando la Germania per aver licenziato una docente attivista del partito comunista (caso Vogt c. Germania del 26 settembre 1995). Cos\u2019era successo nel frattempo? Era caduto il muro di Berlino e il comunismo non faceva pi\u00f9 paura a nessuno.<\/p>\n<p>carta dei diritti fondamentali, Mi pare che l&#8217;Islam, oggi, sia una delle poche ideologie non ancora addomesticate dai valori capitalistici (turbo-capitalistici) e capace di agglutinare (pericolose) sacche di ribellione presenti nella societ\u00e0. Ma l&#8217;Islam \u00e8 una realt\u00e0 talmente plurale da non poter essere appiattita su un&#8217;unica versione identitaria. Tollerare l&#8217;ostentazione pubblica dell&#8217;appartenenza all&#8217;Islam con modalit\u00e0 non estremistiche (come potrebbe essere il velo integrale o burqua) sarebbe un segno di maturit\u00e0 da parte di chi ha il potere di decidere e di &#8230; discernere!<\/p>\n","protected":false},"excerpt":{"rendered":"<p>di Andrea Guazzarotti Le sentenze della Corte di giustizia dell\u2019UE sul velo islamico indossato sul luogo di lavoro sono due e sono state emesse lo stesso giorno: gli esiti, per\u00f2, sono opposti.<\/p>\n<div class='heateorSssClear'><\/div><div  class='heateor_sss_sharing_container heateor_sss_horizontal_sharing' data-heateor-sss-href='https:\/\/www.lacostituzione.info\/index.php\/2017\/03\/16\/la-querelle-sul-velo-e-i-diritti-individuali\/'><div class='heateor_sss_sharing_title' style=\"font-weight:bold\" >Condividi!<\/div><div class=\"heateor_sss_sharing_ul\"><a aria-label=\"Facebook\" class=\"heateor_sss_facebook\" href=\"https:\/\/www.facebook.com\/sharer\/sharer.php?u=https%3A%2F%2Fwww.lacostituzione.info%2Findex.php%2F2017%2F03%2F16%2Fla-querelle-sul-velo-e-i-diritti-individuali%2F\" title=\"Facebook\" rel=\"nofollow noopener\" target=\"_blank\" style=\"font-size:32px!important;box-shadow:none;display:inline-block;vertical-align:middle\"><span class=\"heateor_sss_svg\" style=\"background-color:#0765FE;width:35px;height:35px;display:inline-block;opacity:1;float:left;font-size:32px;box-shadow:none;display:inline-block;font-size:16px;padding:0 4px;vertical-align:middle;background-repeat:repeat;overflow:hidden;padding:0;cursor:pointer;box-sizing:content-box\"><svg style=\"display:block;\" focusable=\"false\" aria-hidden=\"true\" xmlns=\"http:\/\/www.w3.org\/2000\/svg\" width=\"100%\" height=\"100%\" viewBox=\"0 0 32 32\"><path fill=\"#fff\" d=\"M28 16c0-6.627-5.373-12-12-12S4 9.373 4 16c0 5.628 3.875 10.35 9.101 11.647v-7.98h-2.474V16H13.1v-1.58c0-4.085 1.849-5.978 5.859-5.978.76 0 2.072.15 2.608.298v3.325c-.283-.03-.775-.045-1.386-.045-1.967 0-2.728.745-2.728 2.683V16h3.92l-.673 3.667h-3.247v8.245C23.395 27.195 28 22.135 28 16Z\"><\/path><\/svg><\/span><\/a><a aria-label=\"Twitter\" class=\"heateor_sss_button_twitter\" href=\"https:\/\/twitter.com\/intent\/tweet?text=La%20querelle%20sul%20velo%20e%20la%20dimensione%20%3Cbr%3E%20pubblica%20dei%20diritti%20individuali&url=https%3A%2F%2Fwww.lacostituzione.info%2Findex.php%2F2017%2F03%2F16%2Fla-querelle-sul-velo-e-i-diritti-individuali%2F\" title=\"Twitter\" rel=\"nofollow noopener\" target=\"_blank\" style=\"font-size:32px!important;box-shadow:none;display:inline-block;vertical-align:middle\"><span class=\"heateor_sss_svg heateor_sss_s__default heateor_sss_s_twitter\" style=\"background-color:#55acee;width:35px;height:35px;display:inline-block;opacity:1;float:left;font-size:32px;box-shadow:none;display:inline-block;font-size:16px;padding:0 4px;vertical-align:middle;background-repeat:repeat;overflow:hidden;padding:0;cursor:pointer;box-sizing:content-box\"><svg style=\"display:block;\" focusable=\"false\" aria-hidden=\"true\" xmlns=\"http:\/\/www.w3.org\/2000\/svg\" width=\"100%\" height=\"100%\" viewBox=\"-4 -4 39 39\"><path d=\"M28 8.557a9.913 9.913 0 0 1-2.828.775 4.93 4.93 0 0 0 2.166-2.725 9.738 9.738 0 0 1-3.13 1.194 4.92 4.92 0 0 0-3.593-1.55 4.924 4.924 0 0 0-4.794 6.049c-4.09-.21-7.72-2.17-10.15-5.15a4.942 4.942 0 0 0-.665 2.477c0 1.71.87 3.214 2.19 4.1a4.968 4.968 0 0 1-2.23-.616v.06c0 2.39 1.7 4.38 3.952 4.83-.414.115-.85.174-1.297.174-.318 0-.626-.03-.928-.086a4.935 4.935 0 0 0 4.6 3.42 9.893 9.893 0 0 1-6.114 2.107c-.398 0-.79-.023-1.175-.068a13.953 13.953 0 0 0 7.55 2.213c9.056 0 14.01-7.507 14.01-14.013 0-.213-.005-.426-.015-.637.96-.695 1.795-1.56 2.455-2.55z\" fill=\"#fff\"><\/path><\/svg><\/span><\/a><a aria-label=\"Reddit\" class=\"heateor_sss_button_reddit\" href=\"https:\/\/reddit.com\/submit?url=https%3A%2F%2Fwww.lacostituzione.info%2Findex.php%2F2017%2F03%2F16%2Fla-querelle-sul-velo-e-i-diritti-individuali%2F&title=La%20querelle%20sul%20velo%20e%20la%20dimensione%20%3Cbr%3E%20pubblica%20dei%20diritti%20individuali\" title=\"Reddit\" rel=\"nofollow noopener\" target=\"_blank\" style=\"font-size:32px!important;box-shadow:none;display:inline-block;vertical-align:middle\"><span class=\"heateor_sss_svg heateor_sss_s__default heateor_sss_s_reddit\" style=\"background-color:#ff5700;width:35px;height:35px;display:inline-block;opacity:1;float:left;font-size:32px;box-shadow:none;display:inline-block;font-size:16px;padding:0 4px;vertical-align:middle;background-repeat:repeat;overflow:hidden;padding:0;cursor:pointer;box-sizing:content-box\"><svg style=\"display:block;\" focusable=\"false\" aria-hidden=\"true\" xmlns=\"http:\/\/www.w3.org\/2000\/svg\" width=\"100%\" height=\"100%\" viewBox=\"-3.5 -3.5 39 39\"><path d=\"M28.543 15.774a2.953 2.953 0 0 0-2.951-2.949 2.882 2.882 0 0 0-1.9.713 14.075 14.075 0 0 0-6.85-2.044l1.38-4.349 3.768.884a2.452 2.452 0 1 0 .24-1.176l-4.274-1a.6.6 0 0 0-.709.4l-1.659 5.224a14.314 14.314 0 0 0-7.316 2.029 2.908 2.908 0 0 0-1.872-.681 2.942 2.942 0 0 0-1.618 5.4 5.109 5.109 0 0 0-.062.765c0 4.158 5.037 7.541 11.229 7.541s11.22-3.383 11.22-7.541a5.2 5.2 0 0 0-.053-.706 2.963 2.963 0 0 0 1.427-2.51zm-18.008 1.88a1.753 1.753 0 0 1 1.73-1.74 1.73 1.73 0 0 1 1.709 1.74 1.709 1.709 0 0 1-1.709 1.711 1.733 1.733 0 0 1-1.73-1.711zm9.565 4.968a5.573 5.573 0 0 1-4.081 1.272h-.032a5.576 5.576 0 0 1-4.087-1.272.6.6 0 0 1 .844-.854 4.5 4.5 0 0 0 3.238.927h.032a4.5 4.5 0 0 0 3.237-.927.6.6 0 1 1 .844.854zm-.331-3.256a1.726 1.726 0 1 1 1.709-1.712 1.717 1.717 0 0 1-1.712 1.712z\" fill=\"#fff\"\/><\/svg><\/span><\/a><a aria-label=\"Linkedin\" class=\"heateor_sss_button_linkedin\" href=\"https:\/\/www.linkedin.com\/sharing\/share-offsite\/?url=https%3A%2F%2Fwww.lacostituzione.info%2Findex.php%2F2017%2F03%2F16%2Fla-querelle-sul-velo-e-i-diritti-individuali%2F\" title=\"Linkedin\" rel=\"nofollow noopener\" target=\"_blank\" style=\"font-size:32px!important;box-shadow:none;display:inline-block;vertical-align:middle\"><span class=\"heateor_sss_svg heateor_sss_s__default heateor_sss_s_linkedin\" style=\"background-color:#0077b5;width:35px;height:35px;display:inline-block;opacity:1;float:left;font-size:32px;box-shadow:none;display:inline-block;font-size:16px;padding:0 4px;vertical-align:middle;background-repeat:repeat;overflow:hidden;padding:0;cursor:pointer;box-sizing:content-box\"><svg style=\"display:block;\" focusable=\"false\" aria-hidden=\"true\" xmlns=\"http:\/\/www.w3.org\/2000\/svg\" width=\"100%\" height=\"100%\" viewBox=\"0 0 32 32\"><path d=\"M6.227 12.61h4.19v13.48h-4.19V12.61zm2.095-6.7a2.43 2.43 0 0 1 0 4.86c-1.344 0-2.428-1.09-2.428-2.43s1.084-2.43 2.428-2.43m4.72 6.7h4.02v1.84h.058c.56-1.058 1.927-2.176 3.965-2.176 4.238 0 5.02 2.792 5.02 6.42v7.395h-4.183v-6.56c0-1.564-.03-3.574-2.178-3.574-2.18 0-2.514 1.7-2.514 3.46v6.668h-4.187V12.61z\" fill=\"#fff\"><\/path><\/svg><\/span><\/a><a aria-label=\"Pinterest\" class=\"heateor_sss_button_pinterest\" href=\"https:\/\/www.lacostituzione.info\/index.php\/2017\/03\/16\/la-querelle-sul-velo-e-i-diritti-individuali\/\" onclick=\"event.preventDefault();javascript:void( (function() {var e=document.createElement('script' );e.setAttribute('type','text\/javascript' );e.setAttribute('charset','UTF-8' );e.setAttribute('src','\/\/assets.pinterest.com\/js\/pinmarklet.js?r='+Math.random()*99999999);document.body.appendChild(e)})());\" title=\"Pinterest\" rel=\"noopener\" style=\"font-size:32px!important;box-shadow:none;display:inline-block;vertical-align:middle\"><span class=\"heateor_sss_svg heateor_sss_s__default heateor_sss_s_pinterest\" style=\"background-color:#cc2329;width:35px;height:35px;display:inline-block;opacity:1;float:left;font-size:32px;box-shadow:none;display:inline-block;font-size:16px;padding:0 4px;vertical-align:middle;background-repeat:repeat;overflow:hidden;padding:0;cursor:pointer;box-sizing:content-box\"><svg style=\"display:block;\" focusable=\"false\" aria-hidden=\"true\" xmlns=\"http:\/\/www.w3.org\/2000\/svg\" width=\"100%\" height=\"100%\" viewBox=\"-2 -2 35 35\"><path fill=\"#fff\" d=\"M16.539 4.5c-6.277 0-9.442 4.5-9.442 8.253 0 2.272.86 4.293 2.705 5.046.303.125.574.005.662-.33.061-.231.205-.816.27-1.06.088-.331.053-.447-.191-.736-.532-.627-.873-1.439-.873-2.591 0-3.338 2.498-6.327 6.505-6.327 3.548 0 5.497 2.168 5.497 5.062 0 3.81-1.686 7.025-4.188 7.025-1.382 0-2.416-1.142-2.085-2.545.397-1.674 1.166-3.48 1.166-4.689 0-1.081-.581-1.983-1.782-1.983-1.413 0-2.548 1.462-2.548 3.419 0 1.247.421 2.091.421 2.091l-1.699 7.199c-.505 2.137-.076 4.755-.039 5.019.021.158.223.196.314.077.13-.17 1.813-2.247 2.384-4.324.162-.587.929-3.631.929-3.631.46.876 1.801 1.646 3.227 1.646 4.247 0 7.128-3.871 7.128-9.053.003-3.918-3.317-7.568-8.361-7.568z\"\/><\/svg><\/span><\/a><a aria-label=\"Whatsapp\" class=\"heateor_sss_whatsapp\" href=\"https:\/\/api.whatsapp.com\/send?text=La%20querelle%20sul%20velo%20e%20la%20dimensione%20%3Cbr%3E%20pubblica%20dei%20diritti%20individuali%20https%3A%2F%2Fwww.lacostituzione.info%2Findex.php%2F2017%2F03%2F16%2Fla-querelle-sul-velo-e-i-diritti-individuali%2F\" title=\"Whatsapp\" rel=\"nofollow noopener\" target=\"_blank\" style=\"font-size:32px!important;box-shadow:none;display:inline-block;vertical-align:middle\"><span class=\"heateor_sss_svg\" style=\"background-color:#55eb4c;width:35px;height:35px;display:inline-block;opacity:1;float:left;font-size:32px;box-shadow:none;display:inline-block;font-size:16px;padding:0 4px;vertical-align:middle;background-repeat:repeat;overflow:hidden;padding:0;cursor:pointer;box-sizing:content-box\"><svg style=\"display:block;\" focusable=\"false\" aria-hidden=\"true\" xmlns=\"http:\/\/www.w3.org\/2000\/svg\" width=\"100%\" height=\"100%\" viewBox=\"-6 -5 40 40\"><path class=\"heateor_sss_svg_stroke heateor_sss_no_fill\" stroke=\"#fff\" stroke-width=\"2\" fill=\"none\" d=\"M 11.579798566743314 24.396926207859085 A 10 10 0 1 0 6.808479557110079 20.73576436351046\"><\/path><path d=\"M 7 19 l -1 6 l 6 -1\" class=\"heateor_sss_no_fill heateor_sss_svg_stroke\" stroke=\"#fff\" stroke-width=\"2\" fill=\"none\"><\/path><path d=\"M 10 10 q -1 8 8 11 c 5 -1 0 -6 -1 -3 q -4 -3 -5 -5 c 4 -2 -1 -5 -1 -4\" fill=\"#fff\"><\/path><\/svg><\/span><\/a><\/div><div class=\"heateorSssClear\"><\/div><\/div><div class='heateorSssClear'><\/div>","protected":false},"author":1,"featured_media":0,"comment_status":"open","ping_status":"open","sticky":false,"template":"","format":"standard","meta":{"jetpack_post_was_ever_published":false,"_jetpack_newsletter_access":"","_jetpack_dont_email_post_to_subs":false,"_jetpack_newsletter_tier_id":0,"_jetpack_memberships_contains_paywalled_content":false,"_jetpack_memberships_contains_paid_content":false,"footnotes":"","jetpack_publicize_message":"","jetpack_publicize_feature_enabled":true,"jetpack_social_post_already_shared":false,"jetpack_social_options":{"image_generator_settings":{"template":"highway","default_image_id":0,"enabled":false},"version":2}},"categories":[4],"tags":[427,385,357,424],"class_list":["post-2188","post","type-post","status-publish","format-standard","hentry","category-attualita","tag-carta-dei-diritti-fondamentali","tag-corte-di-giustizia-ue","tag-islam","tag-velo"],"jetpack_publicize_connections":[],"jetpack_featured_media_url":"","jetpack_shortlink":"https:\/\/wp.me\/p84sDq-zi","jetpack_likes_enabled":true,"jetpack_sharing_enabled":true,"_links":{"self":[{"href":"https:\/\/www.lacostituzione.info\/index.php\/wp-json\/wp\/v2\/posts\/2188","targetHints":{"allow":["GET"]}}],"collection":[{"href":"https:\/\/www.lacostituzione.info\/index.php\/wp-json\/wp\/v2\/posts"}],"about":[{"href":"https:\/\/www.lacostituzione.info\/index.php\/wp-json\/wp\/v2\/types\/post"}],"author":[{"embeddable":true,"href":"https:\/\/www.lacostituzione.info\/index.php\/wp-json\/wp\/v2\/users\/1"}],"replies":[{"embeddable":true,"href":"https:\/\/www.lacostituzione.info\/index.php\/wp-json\/wp\/v2\/comments?post=2188"}],"version-history":[{"count":0,"href":"https:\/\/www.lacostituzione.info\/index.php\/wp-json\/wp\/v2\/posts\/2188\/revisions"}],"wp:attachment":[{"href":"https:\/\/www.lacostituzione.info\/index.php\/wp-json\/wp\/v2\/media?parent=2188"}],"wp:term":[{"taxonomy":"category","embeddable":true,"href":"https:\/\/www.lacostituzione.info\/index.php\/wp-json\/wp\/v2\/categories?post=2188"},{"taxonomy":"post_tag","embeddable":true,"href":"https:\/\/www.lacostituzione.info\/index.php\/wp-json\/wp\/v2\/tags?post=2188"}],"curies":[{"name":"wp","href":"https:\/\/api.w.org\/{rel}","templated":true}]}}