{"id":2428,"date":"2017-04-13T18:20:56","date_gmt":"2017-04-13T16:20:56","guid":{"rendered":"http:\/\/www.lacostituzione.info\/?p=2428"},"modified":"2018-01-03T10:44:34","modified_gmt":"2018-01-03T09:44:34","slug":"bolzaneto-la-corte-di-strasburgo-e-un-libro-interessante-limportanza-dei-precedenti-giurisprudenziali","status":"publish","type":"post","link":"https:\/\/www.lacostituzione.info\/index.php\/2017\/04\/13\/bolzaneto-la-corte-di-strasburgo-e-un-libro-interessante-limportanza-dei-precedenti-giurisprudenziali\/","title":{"rendered":"Bolzaneto, la Corte di Strasburgo <br> e un libro interessante. <br> L&#8217;importanza dei precedenti giurisprudenziali"},"content":{"rendered":"<p><img loading=\"lazy\" decoding=\"async\" data-attachment-id=\"2429\" data-permalink=\"https:\/\/www.lacostituzione.info\/index.php\/2017\/04\/13\/bolzaneto-la-corte-di-strasburgo-e-un-libro-interessante-limportanza-dei-precedenti-giurisprudenziali\/th-76\/#main\" data-orig-file=\"https:\/\/www.lacostituzione.info\/wp-content\/uploads\/2017\/04\/th-3.jpg\" data-orig-size=\"300,200\" data-comments-opened=\"1\" data-image-meta=\"{&quot;aperture&quot;:&quot;0&quot;,&quot;credit&quot;:&quot;&quot;,&quot;camera&quot;:&quot;&quot;,&quot;caption&quot;:&quot;&quot;,&quot;created_timestamp&quot;:&quot;0&quot;,&quot;copyright&quot;:&quot;&quot;,&quot;focal_length&quot;:&quot;0&quot;,&quot;iso&quot;:&quot;0&quot;,&quot;shutter_speed&quot;:&quot;0&quot;,&quot;title&quot;:&quot;&quot;,&quot;orientation&quot;:&quot;0&quot;}\" data-image-title=\"th\" data-image-description=\"\" data-image-caption=\"\" data-medium-file=\"https:\/\/www.lacostituzione.info\/wp-content\/uploads\/2017\/04\/th-3-300x200.jpg\" data-large-file=\"https:\/\/www.lacostituzione.info\/wp-content\/uploads\/2017\/04\/th-3.jpg\" class=\"alignright wp-image-2429 size-thumbnail\" src=\"http:\/\/www.lacostituzione.info\/wp-content\/uploads\/2017\/04\/th-3-150x150.jpg\" alt=\"\" width=\"150\" height=\"150\" \/>di\u00a0<strong>Davide Galliani<\/strong><\/p>\n<p>Sembra interessante segnalare la \u201cnuova\u201d importanza che sta assumendo il tema dei precedenti giurisprudenziali, da sempre all\u2019attenzione dei giuristi, che tuttavia proprio nell\u2019attuale momento \u00e8 destinato a diventare di ancora pi\u00f9 cruciale rilevanza. Il \u201cmerito\u201d va ascritto anche alla Corte europea dei diritti dell\u2019uomo o, meglio, all\u2019impostazione prescelta ad oggi da parte della Corte costituzionale italiana per \u201cregolare\u201d le relazioni tra i giudici italiani e la Corte di Strasburgo.<!--more--><\/p>\n<p>Il giudice delle leggi, a quasi dieci anni di distanza dalle <a href=\"http:\/\/www.giurcost.org\/decisioni\/2007\/0348s-07.html\">sentenze quasi gemelle del 2007<\/a>, ha rimodulato alcune delle coordinate fondamentali del rapporto tra i giudici italiani e la Corte europea, sostenendo, nella nota <a href=\"http:\/\/www.giurcost.org\/decisioni\/2015\/0049s-15.html\">sent. 49\/2015<\/a>, confermata dalla n. <a href=\"http:\/\/www.giurcost.org\/decisioni\/2016\/0036s-16.html\">36\/2016<\/a>, che i primi devono conformarsi (appunto) alla sola giurisprudenza consolidata della seconda. Se l\u2019orientamento di Strasburgo non \u00e8 consolidato, i giudici italiani restano liberi di decidere come credono. E, ovviamente, in questo confermando l\u2019orientamento del 2007, la Corte costituzionale ha rafforzato il fatto che resta preclusa, per i giudici italiani, la possibilit\u00e0 di disapplicare una legge nel caso di contrasto con la giurisprudenza (consolidata) di Strasburgo, dovendo invece sollevare in questi casi la questione di costituzionalit\u00e0. Conscio della problematica, il giudice costituzionale ha anche indicato taluni \u201cindici\u201d grazie ai quali i giudici italiani potrebbero meglio comprendere se sono alla presenza o meno di un orientamento consolidato.<\/p>\n<p>Senza considerare i pregi e i difetti di questa impostazione della Corte costituzionale, cos\u00ec come la persuasivit\u00e0 o meno degli indici evocati, di certo \u00e8 che \u00e8 proprio il tema dei precedenti a entrare prepotentemente in gioco. Non che sia una novit\u00e0, ma di sicuro l\u2019aspetto interessante \u00e8 rappresentato dal fatto che ora i giudici italiani, per decidere come procedere nel caso di specie, devono essere in grado di maneggiare \u201cin chiave\u201d di precedenti la giurisprudenza di Strasburgo. Quindi, oltre a valutare il \u201cpeso\u201d dei precedenti decisi dal giudice delle leggi, oltre a considerare la \u201cpersuasivit\u00e0\u201d dei precedenti decidi dal giudice di legittimit\u00e0, i giudici italiani sono ora chiamati a valutare anche l\u2019esistenza o meno di un orientamento consolidato della Corte europea dei diritti dell\u2019uomo. Un compito non facile, ma sicuramente intrigante, peraltro ennesima riconferma di quanto oramai le \u201csomme\u201d distinzioni con le quali siamo soliti confrontarci siano da riconsiderare, come per esempio la distinzione tra le famiglie di ordinamenti appartenenti all\u2019area di <em>civil law <\/em>e quelle di <em>common law<\/em>.<\/p>\n<p>In siffatto scenario, segnaliamo un recentissimo caso deciso a Strasburgo e un libro che sempre di recente \u00e8 stato ampiamente commentato in Italia. In entrambi i casi, vi \u00e8 molto \u201cmateriale\u201d sul quale poter ulteriormente riflettere sul tema dei precedenti nel mondo del diritto, in particolare del diritto costituzionale.<\/p>\n<p>La Prima Sezione della Corte europea dei diritti dell\u2019uomo, il 6 aprile 2017, all\u2019unanimit\u00e0, ha emesso una decisione nel caso <em><a href=\"http:\/\/hudoc.echr.coe.int\/eng#{&quot;fulltext&quot;:[&quot;alessandra battista&quot;],&quot;documentcollectionid2&quot;:[&quot;DECISIONS&quot;],&quot;itemid&quot;:[&quot;001-172948&quot;]}\">Alessandra Battista e altri v. Italia<\/a><\/em>, ricorso 22045\/14, riguardante i ben noti fatti accaduti alla caserma di Bolzaneto nel 2001. La Corte ha preso atto di un <em>r\u00e9glement amiable <\/em>raggiunto tra i cinque ricorrenti e la parte resistente, il Governo italiano. Di conseguenza, ha deciso di radiare dal ruolo il caso, considerando che l\u2019accordo rispetta i diritti dell\u2019uomo riconosciuti dalla Convenzione e che non esiste alcun giustificato motivo per proseguire nell\u2019esame del ricorso.<\/p>\n<p>L\u2019accordo in breve \u00e8 stato il seguente. Il Governo ha riconosciuto i <em>mauvais traitements <\/em>nella caserma di Bolzaneto, cos\u00ec come l\u2019assenza di disposizioni legislative adeguate per punirli; si \u00e8 impegnato ad adottare tutte le misure necessarie per garantire il rispetto dell\u2019art. 3 della Convenzione, vale a dire l\u2019approvazione della legge sul reato di tortura, oltre che il soddisfacimento dell\u2019obbligo di condurre delle inchieste penali effettive; inoltre, sempre il Governo ha dichiarato di impegnarsi nel mettere a disposizione della forze dell\u2019ordine un\u2019adeguata e specifica formazione nel campo del rispetto dei diritti dell\u2019uomo; infine, \u00e8 stato proposto un risarcimento di 45.000 euro a ciascuno dei cinque ricorrenti (lo stesso accordato nel caso <em>Cestaro v. Italia <\/em>del 7 aprile 2015). Da parte loro, i ricorrenti hanno rinunciato a ogni ulteriore pretesa nei confronti del nostro paese in merito ai fatti all\u2019origine del ricorso.<\/p>\n<p>A parere di chi scrive, il problema principale della decisione della Corte, adottata si ripete all\u2019unanimit\u00e0, non riguarda n\u00e9 il versante dei ricorrenti n\u00e9 quello della parte resistente. Non sappiamo esprimerci sulla questione della \u201ccredibilit\u00e0\u201d del nostro paese, se \u00e8 stata in questo modo \u201cdifesa\u201d (evitando una quasi certa e non prima condanna per violazione del divieto di tortura) oppure se ne \u00e8 uscita \u201cdistrutta\u201d (da un punto di vista sostanziale ha riconosciuto tutte le doglianze dei ricorrenti ed ha ribadito degli \u201cimpegni\u201d che da tempo oramai immemore ha sostenuto di voler soddisfare). Nemmeno abbiamo alcuna competenza per esprimere una qualche riflessione sulla posizione dei ricorrenti, le cui valutazioni restando soggettive e individuali, in s\u00e9 forse da nessuno contestabili.<\/p>\n<p>Vogliamo per\u00f2 dire con molta chiarezza una cosa: una Corte europea dei <em>diritti dell\u2019uomo<\/em> non dovrebbe <em>mai<\/em> accettare dei compromessi in materia di proibizione della tortura. Possono essere proposti dai Governi, essere accettati dai ricorrenti, ma una Corte europea dei diritti dell\u2019uomo dovrebbe semplicemente evitare di accogliere simili accordi. Tra i molti motivi, ne vogliamo indicare uno: si tratta di decisioni che \u201cdistruggono\u201d insieme l\u2019attendibilit\u00e0 di quella Corte e l\u2019importanza della sua giurisprudenza alla quale si dovrebbe poter guardare anche in termini di consolidamento e quindi di precedenti. Si possono anche comprendere le motivazioni che hanno spinto la Prima Sezione ad accettare la risoluzione amichevole, ma riteniamo che abbiano poco a che fare con il mondo del diritto, in particolare con quello dei diritti umani, che \u201cdovrebbe\u201d fare della Corte di Strasburgo una sorta di corte costituzionale europea, almeno una corte il cui ambito di azione \u00e8 di certo materialmente costituzionale. Soprattutto, la decisione nel caso Bolzaneto \u00e8 l\u2019ennesima dimostrazione che il riferimento a orientamenti giurisprudenziali consolidati \u00e8 in s\u00e9 anche positivo, ma poi moltissimo dipende dalla corte alla quale si guarda per ricercare i precedenti: campo abituale di \u201clavoro\u201d per le Corti costituzionali, sforzo \u201cenorme\u201d per i giudici di legittimit\u00e0 incaricati di nomofilachia, ma davvero dei pi\u00f9 problematici se ci si riferisce alla Corte europea dei diritti dell\u2019uomo.<\/p>\n<p>Anche sostenendo che il suo precipuo compito non \u00e8 il consolidamento, ma affermare giusta giustizia, di certo il caso Bolzaneto la vede \u201cperdere\u201d su entrambi i fronti, poich\u00e9, di fatto, ha adottato una logica di giudizio \u201cintergovernativa\u201d e di certo poco \u201csovranazionale\u201d.<\/p>\n<p>Infine, riteniamo utile\u00a0 segnalare, convinti dell\u2019importanza del dialogo tra la dottrina e i giudici, forse il vero e proprio \u201cdialogo\u201d, un libro di Frederick Schauer, <em>Thinking Like a Lawyer: A New Introduction to Legal Reasoning<\/em>, pubblicato nel 1999 dalla <em>Harvard Universitary Press<\/em>, che di recente \u00e8 stato oggetto di diversi approfondimenti in un simposio appositamente dedicato nella rivista <em>Materiali per una storia della cultura giuridica<\/em>, numero 1 del 2017. I commenti sono di Giovanni Battista Ratti, Mauro Barberis, Jorge Luis Rodriguez e Pierluigi Chiassoni, ai quali segue un articolato scritto di risposta dello stesso Schauer. La tesi di fondo dell\u2019autore, <em>Professor of Law <\/em>alla <em>School of Law <\/em>dell\u2019Universit\u00e0 della Virginia, le cui pubblicazioni possono essere consultate <a href=\"https:\/\/content.law.virginia.edu\/faculty\/profile\/fs7t\/1206076\" class=\"broken_link\">qui<\/a>, \u00e8 che esiste una fondamentale differenza tra il precedente e l\u2019analogia, tra il ricorso ai precedenti e l\u2019utilizzo dell\u2019analogia.<\/p>\n<p>Un tema di fondamentale e rilevante interesse, da sempre ma ancora di pi\u00f9 oggi, nel momento in cui, a qualunque corte appartengano, \u00e8 richiesto ai giudici un compito davvero formidabile, quello di tenere insieme certezza e giustizia, in un contesto nel quale per\u00f2, a differenza di ieri, abbiamo certamente pi\u00f9 \u201ccontezza\u201d circa l\u2019esistenza di un qualche minimo comune denominatore di giustizia, la cui capacit\u00e0 di consolidarsi in fin dei conti \u00e8 per\u00f2 pur sempre da verificare giorno per giorno, non solo per quello che le corti decidono, ma anche per ci\u00f2 che decidono di non decidere, poich\u00e9, come ha scritto Edgard Morin, ci\u00f2 che illumina resta sempre nell\u2019ombra.<\/p>\n<p>&nbsp;<\/p>\n<p>&nbsp;<\/p>\n<p>&nbsp;<\/p>\n","protected":false},"excerpt":{"rendered":"<p>di\u00a0Davide Galliani Sembra interessante segnalare la \u201cnuova\u201d importanza che sta assumendo il tema dei precedenti giurisprudenziali, da sempre all\u2019attenzione dei giuristi, che tuttavia proprio nell\u2019attuale momento \u00e8 destinato a diventare di ancora pi\u00f9 cruciale rilevanza. Il \u201cmerito\u201d va ascritto anche alla Corte europea dei diritti dell\u2019uomo o, meglio, all\u2019impostazione prescelta ad oggi da parte della &#8230; <a title=\"Bolzaneto, la Corte di Strasburgo &lt;br&gt; e un libro interessante. &lt;br&gt; L&#8217;importanza dei precedenti giurisprudenziali\" class=\"read-more\" href=\"https:\/\/www.lacostituzione.info\/index.php\/2017\/04\/13\/bolzaneto-la-corte-di-strasburgo-e-un-libro-interessante-limportanza-dei-precedenti-giurisprudenziali\/\">Leggi tutto<\/a><\/p>\n<div class='heateorSssClear'><\/div><div  class='heateor_sss_sharing_container heateor_sss_horizontal_sharing' data-heateor-sss-href='https:\/\/www.lacostituzione.info\/index.php\/2017\/04\/13\/bolzaneto-la-corte-di-strasburgo-e-un-libro-interessante-limportanza-dei-precedenti-giurisprudenziali\/'><div class='heateor_sss_sharing_title' style=\"font-weight:bold\" >Condividi!<\/div><div class=\"heateor_sss_sharing_ul\"><a aria-label=\"Facebook\" class=\"heateor_sss_facebook\" href=\"https:\/\/www.facebook.com\/sharer\/sharer.php?u=https%3A%2F%2Fwww.lacostituzione.info%2Findex.php%2F2017%2F04%2F13%2Fbolzaneto-la-corte-di-strasburgo-e-un-libro-interessante-limportanza-dei-precedenti-giurisprudenziali%2F\" title=\"Facebook\" rel=\"nofollow noopener\" target=\"_blank\" style=\"font-size:32px!important;box-shadow:none;display:inline-block;vertical-align:middle\"><span class=\"heateor_sss_svg\" style=\"background-color:#0765FE;width:35px;height:35px;display:inline-block;opacity:1;float:left;font-size:32px;box-shadow:none;display:inline-block;font-size:16px;padding:0 4px;vertical-align:middle;background-repeat:repeat;overflow:hidden;padding:0;cursor:pointer;box-sizing:content-box\"><svg style=\"display:block;\" focusable=\"false\" aria-hidden=\"true\" xmlns=\"http:\/\/www.w3.org\/2000\/svg\" width=\"100%\" height=\"100%\" viewBox=\"0 0 32 32\"><path fill=\"#fff\" d=\"M28 16c0-6.627-5.373-12-12-12S4 9.373 4 16c0 5.628 3.875 10.35 9.101 11.647v-7.98h-2.474V16H13.1v-1.58c0-4.085 1.849-5.978 5.859-5.978.76 0 2.072.15 2.608.298v3.325c-.283-.03-.775-.045-1.386-.045-1.967 0-2.728.745-2.728 2.683V16h3.92l-.673 3.667h-3.247v8.245C23.395 27.195 28 22.135 28 16Z\"><\/path><\/svg><\/span><\/a><a aria-label=\"Twitter\" class=\"heateor_sss_button_twitter\" href=\"https:\/\/twitter.com\/intent\/tweet?text=Bolzaneto%2C%20la%20Corte%20di%20Strasburgo%20%3Cbr%3E%20e%20un%20libro%20interessante.%20%3Cbr%3E%20L%27importanza%20dei%20precedenti%20giurisprudenziali&url=https%3A%2F%2Fwww.lacostituzione.info%2Findex.php%2F2017%2F04%2F13%2Fbolzaneto-la-corte-di-strasburgo-e-un-libro-interessante-limportanza-dei-precedenti-giurisprudenziali%2F\" title=\"Twitter\" rel=\"nofollow noopener\" target=\"_blank\" style=\"font-size:32px!important;box-shadow:none;display:inline-block;vertical-align:middle\"><span class=\"heateor_sss_svg heateor_sss_s__default heateor_sss_s_twitter\" style=\"background-color:#55acee;width:35px;height:35px;display:inline-block;opacity:1;float:left;font-size:32px;box-shadow:none;display:inline-block;font-size:16px;padding:0 4px;vertical-align:middle;background-repeat:repeat;overflow:hidden;padding:0;cursor:pointer;box-sizing:content-box\"><svg style=\"display:block;\" focusable=\"false\" aria-hidden=\"true\" xmlns=\"http:\/\/www.w3.org\/2000\/svg\" width=\"100%\" height=\"100%\" viewBox=\"-4 -4 39 39\"><path d=\"M28 8.557a9.913 9.913 0 0 1-2.828.775 4.93 4.93 0 0 0 2.166-2.725 9.738 9.738 0 0 1-3.13 1.194 4.92 4.92 0 0 0-3.593-1.55 4.924 4.924 0 0 0-4.794 6.049c-4.09-.21-7.72-2.17-10.15-5.15a4.942 4.942 0 0 0-.665 2.477c0 1.71.87 3.214 2.19 4.1a4.968 4.968 0 0 1-2.23-.616v.06c0 2.39 1.7 4.38 3.952 4.83-.414.115-.85.174-1.297.174-.318 0-.626-.03-.928-.086a4.935 4.935 0 0 0 4.6 3.42 9.893 9.893 0 0 1-6.114 2.107c-.398 0-.79-.023-1.175-.068a13.953 13.953 0 0 0 7.55 2.213c9.056 0 14.01-7.507 14.01-14.013 0-.213-.005-.426-.015-.637.96-.695 1.795-1.56 2.455-2.55z\" fill=\"#fff\"><\/path><\/svg><\/span><\/a><a aria-label=\"Reddit\" class=\"heateor_sss_button_reddit\" href=\"https:\/\/reddit.com\/submit?url=https%3A%2F%2Fwww.lacostituzione.info%2Findex.php%2F2017%2F04%2F13%2Fbolzaneto-la-corte-di-strasburgo-e-un-libro-interessante-limportanza-dei-precedenti-giurisprudenziali%2F&title=Bolzaneto%2C%20la%20Corte%20di%20Strasburgo%20%3Cbr%3E%20e%20un%20libro%20interessante.%20%3Cbr%3E%20L%27importanza%20dei%20precedenti%20giurisprudenziali\" title=\"Reddit\" rel=\"nofollow noopener\" target=\"_blank\" style=\"font-size:32px!important;box-shadow:none;display:inline-block;vertical-align:middle\"><span class=\"heateor_sss_svg heateor_sss_s__default heateor_sss_s_reddit\" style=\"background-color:#ff5700;width:35px;height:35px;display:inline-block;opacity:1;float:left;font-size:32px;box-shadow:none;display:inline-block;font-size:16px;padding:0 4px;vertical-align:middle;background-repeat:repeat;overflow:hidden;padding:0;cursor:pointer;box-sizing:content-box\"><svg style=\"display:block;\" focusable=\"false\" aria-hidden=\"true\" xmlns=\"http:\/\/www.w3.org\/2000\/svg\" width=\"100%\" height=\"100%\" viewBox=\"-3.5 -3.5 39 39\"><path d=\"M28.543 15.774a2.953 2.953 0 0 0-2.951-2.949 2.882 2.882 0 0 0-1.9.713 14.075 14.075 0 0 0-6.85-2.044l1.38-4.349 3.768.884a2.452 2.452 0 1 0 .24-1.176l-4.274-1a.6.6 0 0 0-.709.4l-1.659 5.224a14.314 14.314 0 0 0-7.316 2.029 2.908 2.908 0 0 0-1.872-.681 2.942 2.942 0 0 0-1.618 5.4 5.109 5.109 0 0 0-.062.765c0 4.158 5.037 7.541 11.229 7.541s11.22-3.383 11.22-7.541a5.2 5.2 0 0 0-.053-.706 2.963 2.963 0 0 0 1.427-2.51zm-18.008 1.88a1.753 1.753 0 0 1 1.73-1.74 1.73 1.73 0 0 1 1.709 1.74 1.709 1.709 0 0 1-1.709 1.711 1.733 1.733 0 0 1-1.73-1.711zm9.565 4.968a5.573 5.573 0 0 1-4.081 1.272h-.032a5.576 5.576 0 0 1-4.087-1.272.6.6 0 0 1 .844-.854 4.5 4.5 0 0 0 3.238.927h.032a4.5 4.5 0 0 0 3.237-.927.6.6 0 1 1 .844.854zm-.331-3.256a1.726 1.726 0 1 1 1.709-1.712 1.717 1.717 0 0 1-1.712 1.712z\" fill=\"#fff\"\/><\/svg><\/span><\/a><a aria-label=\"Linkedin\" class=\"heateor_sss_button_linkedin\" href=\"https:\/\/www.linkedin.com\/sharing\/share-offsite\/?url=https%3A%2F%2Fwww.lacostituzione.info%2Findex.php%2F2017%2F04%2F13%2Fbolzaneto-la-corte-di-strasburgo-e-un-libro-interessante-limportanza-dei-precedenti-giurisprudenziali%2F\" title=\"Linkedin\" rel=\"nofollow noopener\" target=\"_blank\" style=\"font-size:32px!important;box-shadow:none;display:inline-block;vertical-align:middle\"><span class=\"heateor_sss_svg heateor_sss_s__default heateor_sss_s_linkedin\" style=\"background-color:#0077b5;width:35px;height:35px;display:inline-block;opacity:1;float:left;font-size:32px;box-shadow:none;display:inline-block;font-size:16px;padding:0 4px;vertical-align:middle;background-repeat:repeat;overflow:hidden;padding:0;cursor:pointer;box-sizing:content-box\"><svg style=\"display:block;\" focusable=\"false\" aria-hidden=\"true\" xmlns=\"http:\/\/www.w3.org\/2000\/svg\" width=\"100%\" height=\"100%\" viewBox=\"0 0 32 32\"><path d=\"M6.227 12.61h4.19v13.48h-4.19V12.61zm2.095-6.7a2.43 2.43 0 0 1 0 4.86c-1.344 0-2.428-1.09-2.428-2.43s1.084-2.43 2.428-2.43m4.72 6.7h4.02v1.84h.058c.56-1.058 1.927-2.176 3.965-2.176 4.238 0 5.02 2.792 5.02 6.42v7.395h-4.183v-6.56c0-1.564-.03-3.574-2.178-3.574-2.18 0-2.514 1.7-2.514 3.46v6.668h-4.187V12.61z\" fill=\"#fff\"><\/path><\/svg><\/span><\/a><a aria-label=\"Pinterest\" class=\"heateor_sss_button_pinterest\" href=\"https:\/\/www.lacostituzione.info\/index.php\/2017\/04\/13\/bolzaneto-la-corte-di-strasburgo-e-un-libro-interessante-limportanza-dei-precedenti-giurisprudenziali\/\" onclick=\"event.preventDefault();javascript:void( (function() {var e=document.createElement('script' );e.setAttribute('type','text\/javascript' );e.setAttribute('charset','UTF-8' );e.setAttribute('src','\/\/assets.pinterest.com\/js\/pinmarklet.js?r='+Math.random()*99999999);document.body.appendChild(e)})());\" title=\"Pinterest\" rel=\"noopener\" style=\"font-size:32px!important;box-shadow:none;display:inline-block;vertical-align:middle\"><span class=\"heateor_sss_svg heateor_sss_s__default heateor_sss_s_pinterest\" style=\"background-color:#cc2329;width:35px;height:35px;display:inline-block;opacity:1;float:left;font-size:32px;box-shadow:none;display:inline-block;font-size:16px;padding:0 4px;vertical-align:middle;background-repeat:repeat;overflow:hidden;padding:0;cursor:pointer;box-sizing:content-box\"><svg style=\"display:block;\" focusable=\"false\" aria-hidden=\"true\" xmlns=\"http:\/\/www.w3.org\/2000\/svg\" width=\"100%\" height=\"100%\" viewBox=\"-2 -2 35 35\"><path fill=\"#fff\" d=\"M16.539 4.5c-6.277 0-9.442 4.5-9.442 8.253 0 2.272.86 4.293 2.705 5.046.303.125.574.005.662-.33.061-.231.205-.816.27-1.06.088-.331.053-.447-.191-.736-.532-.627-.873-1.439-.873-2.591 0-3.338 2.498-6.327 6.505-6.327 3.548 0 5.497 2.168 5.497 5.062 0 3.81-1.686 7.025-4.188 7.025-1.382 0-2.416-1.142-2.085-2.545.397-1.674 1.166-3.48 1.166-4.689 0-1.081-.581-1.983-1.782-1.983-1.413 0-2.548 1.462-2.548 3.419 0 1.247.421 2.091.421 2.091l-1.699 7.199c-.505 2.137-.076 4.755-.039 5.019.021.158.223.196.314.077.13-.17 1.813-2.247 2.384-4.324.162-.587.929-3.631.929-3.631.46.876 1.801 1.646 3.227 1.646 4.247 0 7.128-3.871 7.128-9.053.003-3.918-3.317-7.568-8.361-7.568z\"\/><\/svg><\/span><\/a><a aria-label=\"Whatsapp\" class=\"heateor_sss_whatsapp\" href=\"https:\/\/api.whatsapp.com\/send?text=Bolzaneto%2C%20la%20Corte%20di%20Strasburgo%20%3Cbr%3E%20e%20un%20libro%20interessante.%20%3Cbr%3E%20L%27importanza%20dei%20precedenti%20giurisprudenziali%20https%3A%2F%2Fwww.lacostituzione.info%2Findex.php%2F2017%2F04%2F13%2Fbolzaneto-la-corte-di-strasburgo-e-un-libro-interessante-limportanza-dei-precedenti-giurisprudenziali%2F\" title=\"Whatsapp\" rel=\"nofollow noopener\" target=\"_blank\" style=\"font-size:32px!important;box-shadow:none;display:inline-block;vertical-align:middle\"><span class=\"heateor_sss_svg\" style=\"background-color:#55eb4c;width:35px;height:35px;display:inline-block;opacity:1;float:left;font-size:32px;box-shadow:none;display:inline-block;font-size:16px;padding:0 4px;vertical-align:middle;background-repeat:repeat;overflow:hidden;padding:0;cursor:pointer;box-sizing:content-box\"><svg style=\"display:block;\" focusable=\"false\" aria-hidden=\"true\" xmlns=\"http:\/\/www.w3.org\/2000\/svg\" width=\"100%\" height=\"100%\" viewBox=\"-6 -5 40 40\"><path class=\"heateor_sss_svg_stroke heateor_sss_no_fill\" stroke=\"#fff\" stroke-width=\"2\" fill=\"none\" d=\"M 11.579798566743314 24.396926207859085 A 10 10 0 1 0 6.808479557110079 20.73576436351046\"><\/path><path d=\"M 7 19 l -1 6 l 6 -1\" class=\"heateor_sss_no_fill heateor_sss_svg_stroke\" stroke=\"#fff\" stroke-width=\"2\" fill=\"none\"><\/path><path d=\"M 10 10 q -1 8 8 11 c 5 -1 0 -6 -1 -3 q -4 -3 -5 -5 c 4 -2 -1 -5 -1 -4\" fill=\"#fff\"><\/path><\/svg><\/span><\/a><\/div><div class=\"heateorSssClear\"><\/div><\/div><div class='heateorSssClear'><\/div>","protected":false},"author":1,"featured_media":0,"comment_status":"open","ping_status":"open","sticky":false,"template":"","format":"standard","meta":{"jetpack_post_was_ever_published":false,"_jetpack_newsletter_access":"","_jetpack_dont_email_post_to_subs":false,"_jetpack_newsletter_tier_id":0,"_jetpack_memberships_contains_paywalled_content":false,"_jetpack_memberships_contains_paid_content":false,"footnotes":"","jetpack_publicize_message":"","jetpack_publicize_feature_enabled":true,"jetpack_social_post_already_shared":false,"jetpack_social_options":{"image_generator_settings":{"template":"highway","default_image_id":0,"enabled":false},"version":2}},"categories":[4],"tags":[497,336,498,496,499],"class_list":["post-2428","post","type-post","status-publish","format-standard","hentry","category-attualita","tag-bolzaneto","tag-corte-di-giustizia-europea","tag-giustizia","tag-precedenti-giurisprudenziali","tag-tortura"],"jetpack_publicize_connections":[],"jetpack_featured_media_url":"","jetpack_shortlink":"https:\/\/wp.me\/p84sDq-Da","jetpack_likes_enabled":true,"jetpack_sharing_enabled":true,"_links":{"self":[{"href":"https:\/\/www.lacostituzione.info\/index.php\/wp-json\/wp\/v2\/posts\/2428","targetHints":{"allow":["GET"]}}],"collection":[{"href":"https:\/\/www.lacostituzione.info\/index.php\/wp-json\/wp\/v2\/posts"}],"about":[{"href":"https:\/\/www.lacostituzione.info\/index.php\/wp-json\/wp\/v2\/types\/post"}],"author":[{"embeddable":true,"href":"https:\/\/www.lacostituzione.info\/index.php\/wp-json\/wp\/v2\/users\/1"}],"replies":[{"embeddable":true,"href":"https:\/\/www.lacostituzione.info\/index.php\/wp-json\/wp\/v2\/comments?post=2428"}],"version-history":[{"count":0,"href":"https:\/\/www.lacostituzione.info\/index.php\/wp-json\/wp\/v2\/posts\/2428\/revisions"}],"wp:attachment":[{"href":"https:\/\/www.lacostituzione.info\/index.php\/wp-json\/wp\/v2\/media?parent=2428"}],"wp:term":[{"taxonomy":"category","embeddable":true,"href":"https:\/\/www.lacostituzione.info\/index.php\/wp-json\/wp\/v2\/categories?post=2428"},{"taxonomy":"post_tag","embeddable":true,"href":"https:\/\/www.lacostituzione.info\/index.php\/wp-json\/wp\/v2\/tags?post=2428"}],"curies":[{"name":"wp","href":"https:\/\/api.w.org\/{rel}","templated":true}]}}