{"id":2538,"date":"2017-04-27T09:31:11","date_gmt":"2017-04-27T07:31:11","guid":{"rendered":"http:\/\/www.lacostituzione.info\/?p=2538"},"modified":"2018-01-03T10:43:15","modified_gmt":"2018-01-03T09:43:15","slug":"semel-in-anno-puo-un-magistrato-votare-alle-primarie-di-partito","status":"publish","type":"post","link":"https:\/\/www.lacostituzione.info\/index.php\/2017\/04\/27\/semel-in-anno-puo-un-magistrato-votare-alle-primarie-di-partito\/","title":{"rendered":"Semel in anno&#8230; Pu\u00f2 un magistrato votare alle primarie di partito?"},"content":{"rendered":"<p><img loading=\"lazy\" decoding=\"async\" data-attachment-id=\"227\" data-permalink=\"https:\/\/www.lacostituzione.info\/index.php\/2016\/11\/01\/regioni\/image-7\/#main\" data-orig-file=\"https:\/\/www.lacostituzione.info\/wp-content\/uploads\/2016\/07\/image-6.jpeg\" data-orig-size=\"1190,862\" data-comments-opened=\"1\" data-image-meta=\"{&quot;aperture&quot;:&quot;0&quot;,&quot;credit&quot;:&quot;&quot;,&quot;camera&quot;:&quot;&quot;,&quot;caption&quot;:&quot;&quot;,&quot;created_timestamp&quot;:&quot;0&quot;,&quot;copyright&quot;:&quot;&quot;,&quot;focal_length&quot;:&quot;0&quot;,&quot;iso&quot;:&quot;0&quot;,&quot;shutter_speed&quot;:&quot;0&quot;,&quot;title&quot;:&quot;&quot;,&quot;orientation&quot;:&quot;0&quot;}\" data-image-title=\"image\" data-image-description=\"\" data-image-caption=\"\" data-medium-file=\"https:\/\/www.lacostituzione.info\/wp-content\/uploads\/2016\/07\/image-6-300x217.jpeg\" data-large-file=\"https:\/\/www.lacostituzione.info\/wp-content\/uploads\/2016\/07\/image-6-1024x742.jpeg\" class=\"alignleft wp-image-227 size-thumbnail\" src=\"http:\/\/www.lacostituzione.info\/wp-content\/uploads\/2016\/07\/image-6-150x150.jpeg\" alt=\"\" width=\"150\" height=\"150\" \/>di <strong>Ilario Nasso<\/strong><em> *<\/em><\/p>\n<p>L\u2019art. 3, I c., lettera h), del d. lgs. 109\/2006, recante norme in materia d\u2019illeciti disciplinari dei magistrati, vieta ai medesimi \u00abl&#8217;iscrizione o la partecipazione a partiti politici ovvero il coinvolgimento nelle attivit\u00e0 di centri politici o operativi nel settore finanziario che possono condizionare l&#8217;esercizio delle funzioni o comunque compromettere l&#8217;immagine del magistrato\u00bb.<!--more--><\/p>\n<p>Trattasi di una disposizione a pi\u00f9 fattispecie, in cui risiedono due distinte ipotesi sanzionatorie, la prima delle quali attiene ai legami fra singolo magistrato e partiti politici.\u00a0 A tutela della terziet\u00e0 dei titolari di funzioni giudiziarie, a questi \u00e8 precluso l\u2019inserimento all\u2019interno di strutture di partito, di cui \u00e8 presunta l\u2019idoneit\u00e0 ad influenzare l\u2019esercizio della giurisdizione, e a condizionare l\u2019indipendenza dell\u2019ordine giudiziario nel suo complesso. La norma attua l\u2019art. 98, III c., Cost., il quale demanda alla legge l\u2019opzione di limitare il diritto dei magistrati (e non soltanto) d\u2019iscriversi a partiti politici, sul presupposto dell\u2019incompatibilit\u00e0 fra \u00abservizio esclusivo della Nazione\u00bb e loro appartenenze politiche conclamate.<\/p>\n<p>Per tentare di rispondere all\u2019interrogativo qui formulato, allora, \u00e8 forse opportuno verificare la persistente tenuta di quest\u2019ultimo argomento, alla luce dell\u2019evoluzione del sistema dei partiti.<\/p>\n<p>Al momento del dibattito in Assemblea costituente, i partiti politici erano comunit\u00e0 pi\u00f9 complesse dei loro omologhi del tempo presente: capillare diffusione territoriale, struttura gerarchica e forte connotazione ideologica rappresentavano peculiarit\u00e0 tendenzialmente riscontrabili \u2013 pur con accenti diversi \u2013 fra le principali formazioni dell\u2019arco partitico. La scelta della Carta del \u201848, di rimettere al legislatore le valutazioni di opportunit\u00e0 in merito all\u2019introduzione di sbarramenti normativi tra giurisdizione e affiliazione partitica, risult\u00f2 senz\u2019altro condivisibile: associarsi ad un partito, a ben vedere, equivaleva ad una sorta d\u2019immedesimazione organica fra l\u2019iscritto e l\u2019intera compagine, tanto sul piano operativo quanto \u2013 e non secondariamente \u2013 su quello valoriale.<\/p>\n<p>La situazione appare, oggi, piuttosto differente: la crisi della tradizionale concezione dei partiti, lo svuotamento dei registri degli iscritti, il progressivo smantellamento dell\u2019articolazione territoriale, e soprattutto la comparsa sulla scena politica di formazioni affatto nuove \u2013 anche nell\u2019impostazione del rapporto con il proprio elettorato di riferimento \u2013 autorizzano ad una rimeditazione delle conclusioni fatte proprie dai costituenti, circa il rapporto tra militanza politica e appartenenza alla magistratura.<\/p>\n<p>Quanto al fenomeno delle primarie, si pu\u00f2 notare come alcuni partiti sembrerebbero rinunziarvi senza eccessivo malcontento interno, mentre altri ne avrebbero ormai fatto un <em>totem<\/em> irrinunciabile (nella dichiarata convinzione della loro \u2013 dimostrata? \u2013 democraticit\u00e0). Esse, poi, non sono tutte uguali, poich\u00e9 variano per oggetto e modalit\u00e0 di svolgimento. Alcune formazioni vi ricorrono per la designazione dei propri dirigenti, altre ancora per la scelta dei candidati con cui presentarsi alle elezioni, politiche e amministrative. In alcuni casi, inoltre, esse risultano disciplinate da puntuali norme interne, e si tengono in sedi fisiche; in altri, invece, il luogo di svolgimento \u00e8 virtuale, e non meno\u2026 virtuali sembrano i meccanismi di celebrazione (donde l\u2019urgenza, in materia, di regole certe e universali, purtroppo di l\u00e0 da venire).<\/p>\n<p>Poich\u00e9 la legge sugli illeciti (extra)funzionali dei magistrati ne impedisce \u00abl\u2019iscrizione o la partecipazione a partiti politici\u00bb, bisogna chiedersi se rispondere all\u2019appello di una campagna di partito, assegnando formalmente una determinata preferenza all\u2019interno di competizioni elettorali primarie, equivalga all\u2019iscrizione o alla partecipazione al partito di volta in volta considerato.<\/p>\n<p>Per articolare una risposta, tuttavia, occorre prendere atto dell\u2019apparente alternativit\u00e0 sussistente fra le condotte incriminate dall\u2019art. 3, I c., lettera h), del d. lgs. 109\/2006: \u00abiscrizione\u00bb e \u00abpartecipazione\u00bb sono comportamenti differenziati \u2013 a monte \u2013 dalla stessa disposizione, e il dato letterale non rievoca una \u201cprogressione criminosa\u201d, per effetto della quale l\u2019iscrizione funga da antecedente necessario del successivo svolgimento di concreta attivit\u00e0 di partito.<\/p>\n<p>A diritto vigente, pertanto, la norma bandisce sia il profilo formale dell\u2019inclusione del magistrato negli elenchi degli iscritti ad un partito, sia quello sostanziale del suo effettivo impegno in favore (e all\u2019interno) dell\u2019organizzazione politica. Dal momento che alcune tra le formazioni solitamente pi\u00f9 familiari con la prassi delle primarie non richiedono all\u2019elettore la previa iscrizione \u2013 perch\u00e9, se cos\u00ec fosse, il divieto opererebbe pacificamente \u2013 si deve valutare se il singolo atto della votazione alle primarie corrisponda ad attivit\u00e0 politica.<\/p>\n<p>Due ci sembrano le risposte proponibili.<\/p>\n<p>Qualora si consideri l\u2019esercizio dell\u2019elettorato attivo in occasione di una competizione primaria alla stregua di un fattivo contributo all\u2019andamento interno del partito, allora \u00e8 bene che il magistrato si astenga dal prendervi parte, anche soltanto come sporadico elettore. Laddove, di contro, s\u2019intravveda nel voto alle primarie una condotta inferiore a quella soglia minima indicativa di \u201cvitalit\u00e0 politica\u201d, nessun impedimento di legge potr\u00e0 opporsi al magistrato che intenda conferire il proprio voto in sede di primarie. I termini della questione sarebbero solo in parte differenti, allorch\u00e9 fosse consentita al magistrato (quantomeno) l\u2019iscrizione ad un partito politico: in questo (molto futuribile) scenario, la condotta dell\u2019appartenente all\u2019ordine giudiziario votante alle primarie sarebbe incensurabile soltanto se si aderisse alla seconda alternativa interpretativa, fra quelle appena evocate.<\/p>\n<p>Sono, per\u00f2, maturi i tempi per una riflessione di pi\u00f9 ampio respiro: a fronte dell\u2019evanescenza dell\u2019idea di partito come apparato informato ad una ferrea disciplina di tipo organizzativo e ideale, continuare a vietare al magistrato l\u2019iscrizione a formazioni politiche appare eccessivo. Ritengo che, con la sentenza 209\/2009, la Corte costituzionale abbia irragionevolmente avallato la sovrapposizione di due comportamenti \u2013 quello dell\u2019iscrizione e quello della \u00abpartecipazione sistematica e continuativa a partiti politici\u00bb \u2013 che presentano, ad un adeguato esame, significativi tratti differenziali: oggigiorno, l\u2019iscrizione \u00e8 di per s\u00e9 inoffensiva del valore dell\u2019indipendenza del giudice, tant\u2019\u00e8 che molti aderenti ad un partito non svolgono in esso alcuna concreta attivit\u00e0, n\u00e9 decisionale n\u00e9 materiale.<\/p>\n<p>Ove si consideri, peraltro, come la legge preveda apertamente l\u2019eventualit\u00e0 della candidatura elettorale del magistrato \u2013 evidentemente espressiva di una spiccata vocazione politica del medesimo \u2013 e ci\u00f2 possa pacificamente avvenire nonostante la persistente vigenza del divieto di sua iscrizione partitica, ben si comprende come detta preclusione non trovi attuale giustificazione. Basterebbe, allora, allineare la disciplina stabilita per i magistrati a quella apprestata \u2013 pur nell\u2019ovvia diversit\u00e0 di ruoli \u2013 per i giudici della Corte costituzionale (cui l\u2019art. 8, l. 87\/1957, semplicemente inibisce \u00abdi svolgere attivit\u00e0 inerente ad un\u2019associazione o partito politico\u00bb), e per i membri del Consiglio superiore della magistratura (i quali debbono limitarsi, ai sensi dell\u2019art. 12, l. 74\/1990, a \u00abnon svolgere attivit\u00e0 proprie degli iscritti ad un partito politico\u00bb), e altres\u00ec ricordare come l\u2019imparzialit\u00e0 del magistrato derivi essenzialmente dalle garanzie ordinamentali di cui egli \u00e8 circondato, cos\u00ec come dalla procedimentalizzazione delle funzioni giudiziarie, e dai correlati obblighi motivazionali.<\/p>\n<p>*<em>Magistrato ordinario in tirocinio presso il Tribunale di Reggio Calabria. Dottorando di ricerca in diritto costituzionale presso l&#8217; Universit\u00e0 di Bologna<\/em><\/p>\n<p>&nbsp;<\/p>\n","protected":false},"excerpt":{"rendered":"<p>di Ilario Nasso * L\u2019art. 3, I c., lettera h), del d. lgs. 109\/2006, recante norme in materia d\u2019illeciti disciplinari dei magistrati, vieta ai medesimi \u00abl&#8217;iscrizione o la partecipazione a partiti politici ovvero il coinvolgimento nelle attivit\u00e0 di centri politici o operativi nel settore finanziario che possono condizionare l&#8217;esercizio delle funzioni o comunque compromettere l&#8217;immagine &#8230; <a title=\"Semel in anno&#8230; Pu\u00f2 un magistrato votare alle primarie di partito?\" class=\"read-more\" href=\"https:\/\/www.lacostituzione.info\/index.php\/2017\/04\/27\/semel-in-anno-puo-un-magistrato-votare-alle-primarie-di-partito\/\">Leggi tutto<\/a><\/p>\n<div class='heateorSssClear'><\/div><div  class='heateor_sss_sharing_container heateor_sss_horizontal_sharing' data-heateor-sss-href='https:\/\/www.lacostituzione.info\/index.php\/2017\/04\/27\/semel-in-anno-puo-un-magistrato-votare-alle-primarie-di-partito\/'><div class='heateor_sss_sharing_title' style=\"font-weight:bold\" >Condividi!<\/div><div class=\"heateor_sss_sharing_ul\"><a aria-label=\"Facebook\" class=\"heateor_sss_facebook\" href=\"https:\/\/www.facebook.com\/sharer\/sharer.php?u=https%3A%2F%2Fwww.lacostituzione.info%2Findex.php%2F2017%2F04%2F27%2Fsemel-in-anno-puo-un-magistrato-votare-alle-primarie-di-partito%2F\" title=\"Facebook\" rel=\"nofollow noopener\" target=\"_blank\" style=\"font-size:32px!important;box-shadow:none;display:inline-block;vertical-align:middle\"><span class=\"heateor_sss_svg\" style=\"background-color:#0765FE;width:35px;height:35px;display:inline-block;opacity:1;float:left;font-size:32px;box-shadow:none;display:inline-block;font-size:16px;padding:0 4px;vertical-align:middle;background-repeat:repeat;overflow:hidden;padding:0;cursor:pointer;box-sizing:content-box\"><svg style=\"display:block;\" focusable=\"false\" aria-hidden=\"true\" xmlns=\"http:\/\/www.w3.org\/2000\/svg\" width=\"100%\" height=\"100%\" viewBox=\"0 0 32 32\"><path fill=\"#fff\" d=\"M28 16c0-6.627-5.373-12-12-12S4 9.373 4 16c0 5.628 3.875 10.35 9.101 11.647v-7.98h-2.474V16H13.1v-1.58c0-4.085 1.849-5.978 5.859-5.978.76 0 2.072.15 2.608.298v3.325c-.283-.03-.775-.045-1.386-.045-1.967 0-2.728.745-2.728 2.683V16h3.92l-.673 3.667h-3.247v8.245C23.395 27.195 28 22.135 28 16Z\"><\/path><\/svg><\/span><\/a><a aria-label=\"Twitter\" class=\"heateor_sss_button_twitter\" href=\"https:\/\/twitter.com\/intent\/tweet?text=Semel%20in%20anno...%20Pu%C3%B2%20un%20magistrato%20votare%20alle%20primarie%20di%20partito%3F&url=https%3A%2F%2Fwww.lacostituzione.info%2Findex.php%2F2017%2F04%2F27%2Fsemel-in-anno-puo-un-magistrato-votare-alle-primarie-di-partito%2F\" title=\"Twitter\" rel=\"nofollow noopener\" target=\"_blank\" style=\"font-size:32px!important;box-shadow:none;display:inline-block;vertical-align:middle\"><span class=\"heateor_sss_svg heateor_sss_s__default heateor_sss_s_twitter\" style=\"background-color:#55acee;width:35px;height:35px;display:inline-block;opacity:1;float:left;font-size:32px;box-shadow:none;display:inline-block;font-size:16px;padding:0 4px;vertical-align:middle;background-repeat:repeat;overflow:hidden;padding:0;cursor:pointer;box-sizing:content-box\"><svg style=\"display:block;\" focusable=\"false\" aria-hidden=\"true\" xmlns=\"http:\/\/www.w3.org\/2000\/svg\" width=\"100%\" height=\"100%\" viewBox=\"-4 -4 39 39\"><path d=\"M28 8.557a9.913 9.913 0 0 1-2.828.775 4.93 4.93 0 0 0 2.166-2.725 9.738 9.738 0 0 1-3.13 1.194 4.92 4.92 0 0 0-3.593-1.55 4.924 4.924 0 0 0-4.794 6.049c-4.09-.21-7.72-2.17-10.15-5.15a4.942 4.942 0 0 0-.665 2.477c0 1.71.87 3.214 2.19 4.1a4.968 4.968 0 0 1-2.23-.616v.06c0 2.39 1.7 4.38 3.952 4.83-.414.115-.85.174-1.297.174-.318 0-.626-.03-.928-.086a4.935 4.935 0 0 0 4.6 3.42 9.893 9.893 0 0 1-6.114 2.107c-.398 0-.79-.023-1.175-.068a13.953 13.953 0 0 0 7.55 2.213c9.056 0 14.01-7.507 14.01-14.013 0-.213-.005-.426-.015-.637.96-.695 1.795-1.56 2.455-2.55z\" fill=\"#fff\"><\/path><\/svg><\/span><\/a><a aria-label=\"Reddit\" class=\"heateor_sss_button_reddit\" href=\"https:\/\/reddit.com\/submit?url=https%3A%2F%2Fwww.lacostituzione.info%2Findex.php%2F2017%2F04%2F27%2Fsemel-in-anno-puo-un-magistrato-votare-alle-primarie-di-partito%2F&title=Semel%20in%20anno...%20Pu%C3%B2%20un%20magistrato%20votare%20alle%20primarie%20di%20partito%3F\" title=\"Reddit\" rel=\"nofollow noopener\" target=\"_blank\" style=\"font-size:32px!important;box-shadow:none;display:inline-block;vertical-align:middle\"><span class=\"heateor_sss_svg heateor_sss_s__default heateor_sss_s_reddit\" style=\"background-color:#ff5700;width:35px;height:35px;display:inline-block;opacity:1;float:left;font-size:32px;box-shadow:none;display:inline-block;font-size:16px;padding:0 4px;vertical-align:middle;background-repeat:repeat;overflow:hidden;padding:0;cursor:pointer;box-sizing:content-box\"><svg style=\"display:block;\" focusable=\"false\" aria-hidden=\"true\" xmlns=\"http:\/\/www.w3.org\/2000\/svg\" width=\"100%\" height=\"100%\" viewBox=\"-3.5 -3.5 39 39\"><path d=\"M28.543 15.774a2.953 2.953 0 0 0-2.951-2.949 2.882 2.882 0 0 0-1.9.713 14.075 14.075 0 0 0-6.85-2.044l1.38-4.349 3.768.884a2.452 2.452 0 1 0 .24-1.176l-4.274-1a.6.6 0 0 0-.709.4l-1.659 5.224a14.314 14.314 0 0 0-7.316 2.029 2.908 2.908 0 0 0-1.872-.681 2.942 2.942 0 0 0-1.618 5.4 5.109 5.109 0 0 0-.062.765c0 4.158 5.037 7.541 11.229 7.541s11.22-3.383 11.22-7.541a5.2 5.2 0 0 0-.053-.706 2.963 2.963 0 0 0 1.427-2.51zm-18.008 1.88a1.753 1.753 0 0 1 1.73-1.74 1.73 1.73 0 0 1 1.709 1.74 1.709 1.709 0 0 1-1.709 1.711 1.733 1.733 0 0 1-1.73-1.711zm9.565 4.968a5.573 5.573 0 0 1-4.081 1.272h-.032a5.576 5.576 0 0 1-4.087-1.272.6.6 0 0 1 .844-.854 4.5 4.5 0 0 0 3.238.927h.032a4.5 4.5 0 0 0 3.237-.927.6.6 0 1 1 .844.854zm-.331-3.256a1.726 1.726 0 1 1 1.709-1.712 1.717 1.717 0 0 1-1.712 1.712z\" fill=\"#fff\"\/><\/svg><\/span><\/a><a aria-label=\"Linkedin\" class=\"heateor_sss_button_linkedin\" href=\"https:\/\/www.linkedin.com\/sharing\/share-offsite\/?url=https%3A%2F%2Fwww.lacostituzione.info%2Findex.php%2F2017%2F04%2F27%2Fsemel-in-anno-puo-un-magistrato-votare-alle-primarie-di-partito%2F\" title=\"Linkedin\" rel=\"nofollow noopener\" target=\"_blank\" style=\"font-size:32px!important;box-shadow:none;display:inline-block;vertical-align:middle\"><span class=\"heateor_sss_svg heateor_sss_s__default heateor_sss_s_linkedin\" style=\"background-color:#0077b5;width:35px;height:35px;display:inline-block;opacity:1;float:left;font-size:32px;box-shadow:none;display:inline-block;font-size:16px;padding:0 4px;vertical-align:middle;background-repeat:repeat;overflow:hidden;padding:0;cursor:pointer;box-sizing:content-box\"><svg style=\"display:block;\" focusable=\"false\" aria-hidden=\"true\" xmlns=\"http:\/\/www.w3.org\/2000\/svg\" width=\"100%\" height=\"100%\" viewBox=\"0 0 32 32\"><path d=\"M6.227 12.61h4.19v13.48h-4.19V12.61zm2.095-6.7a2.43 2.43 0 0 1 0 4.86c-1.344 0-2.428-1.09-2.428-2.43s1.084-2.43 2.428-2.43m4.72 6.7h4.02v1.84h.058c.56-1.058 1.927-2.176 3.965-2.176 4.238 0 5.02 2.792 5.02 6.42v7.395h-4.183v-6.56c0-1.564-.03-3.574-2.178-3.574-2.18 0-2.514 1.7-2.514 3.46v6.668h-4.187V12.61z\" fill=\"#fff\"><\/path><\/svg><\/span><\/a><a aria-label=\"Pinterest\" class=\"heateor_sss_button_pinterest\" href=\"https:\/\/www.lacostituzione.info\/index.php\/2017\/04\/27\/semel-in-anno-puo-un-magistrato-votare-alle-primarie-di-partito\/\" onclick=\"event.preventDefault();javascript:void( (function() {var e=document.createElement('script' );e.setAttribute('type','text\/javascript' );e.setAttribute('charset','UTF-8' );e.setAttribute('src','\/\/assets.pinterest.com\/js\/pinmarklet.js?r='+Math.random()*99999999);document.body.appendChild(e)})());\" title=\"Pinterest\" rel=\"noopener\" style=\"font-size:32px!important;box-shadow:none;display:inline-block;vertical-align:middle\"><span class=\"heateor_sss_svg heateor_sss_s__default heateor_sss_s_pinterest\" style=\"background-color:#cc2329;width:35px;height:35px;display:inline-block;opacity:1;float:left;font-size:32px;box-shadow:none;display:inline-block;font-size:16px;padding:0 4px;vertical-align:middle;background-repeat:repeat;overflow:hidden;padding:0;cursor:pointer;box-sizing:content-box\"><svg style=\"display:block;\" focusable=\"false\" aria-hidden=\"true\" xmlns=\"http:\/\/www.w3.org\/2000\/svg\" width=\"100%\" height=\"100%\" viewBox=\"-2 -2 35 35\"><path fill=\"#fff\" d=\"M16.539 4.5c-6.277 0-9.442 4.5-9.442 8.253 0 2.272.86 4.293 2.705 5.046.303.125.574.005.662-.33.061-.231.205-.816.27-1.06.088-.331.053-.447-.191-.736-.532-.627-.873-1.439-.873-2.591 0-3.338 2.498-6.327 6.505-6.327 3.548 0 5.497 2.168 5.497 5.062 0 3.81-1.686 7.025-4.188 7.025-1.382 0-2.416-1.142-2.085-2.545.397-1.674 1.166-3.48 1.166-4.689 0-1.081-.581-1.983-1.782-1.983-1.413 0-2.548 1.462-2.548 3.419 0 1.247.421 2.091.421 2.091l-1.699 7.199c-.505 2.137-.076 4.755-.039 5.019.021.158.223.196.314.077.13-.17 1.813-2.247 2.384-4.324.162-.587.929-3.631.929-3.631.46.876 1.801 1.646 3.227 1.646 4.247 0 7.128-3.871 7.128-9.053.003-3.918-3.317-7.568-8.361-7.568z\"\/><\/svg><\/span><\/a><a aria-label=\"Whatsapp\" class=\"heateor_sss_whatsapp\" href=\"https:\/\/api.whatsapp.com\/send?text=Semel%20in%20anno...%20Pu%C3%B2%20un%20magistrato%20votare%20alle%20primarie%20di%20partito%3F%20https%3A%2F%2Fwww.lacostituzione.info%2Findex.php%2F2017%2F04%2F27%2Fsemel-in-anno-puo-un-magistrato-votare-alle-primarie-di-partito%2F\" title=\"Whatsapp\" rel=\"nofollow noopener\" target=\"_blank\" style=\"font-size:32px!important;box-shadow:none;display:inline-block;vertical-align:middle\"><span class=\"heateor_sss_svg\" style=\"background-color:#55eb4c;width:35px;height:35px;display:inline-block;opacity:1;float:left;font-size:32px;box-shadow:none;display:inline-block;font-size:16px;padding:0 4px;vertical-align:middle;background-repeat:repeat;overflow:hidden;padding:0;cursor:pointer;box-sizing:content-box\"><svg style=\"display:block;\" focusable=\"false\" aria-hidden=\"true\" xmlns=\"http:\/\/www.w3.org\/2000\/svg\" width=\"100%\" height=\"100%\" viewBox=\"-6 -5 40 40\"><path class=\"heateor_sss_svg_stroke heateor_sss_no_fill\" stroke=\"#fff\" stroke-width=\"2\" fill=\"none\" d=\"M 11.579798566743314 24.396926207859085 A 10 10 0 1 0 6.808479557110079 20.73576436351046\"><\/path><path d=\"M 7 19 l -1 6 l 6 -1\" class=\"heateor_sss_no_fill heateor_sss_svg_stroke\" stroke=\"#fff\" stroke-width=\"2\" fill=\"none\"><\/path><path d=\"M 10 10 q -1 8 8 11 c 5 -1 0 -6 -1 -3 q -4 -3 -5 -5 c 4 -2 -1 -5 -1 -4\" fill=\"#fff\"><\/path><\/svg><\/span><\/a><\/div><div class=\"heateorSssClear\"><\/div><\/div><div class='heateorSssClear'><\/div>","protected":false},"author":1,"featured_media":0,"comment_status":"open","ping_status":"open","sticky":false,"template":"","format":"standard","meta":{"jetpack_post_was_ever_published":false,"_jetpack_newsletter_access":"","_jetpack_dont_email_post_to_subs":false,"_jetpack_newsletter_tier_id":0,"_jetpack_memberships_contains_paywalled_content":false,"_jetpack_memberships_contains_paid_content":false,"footnotes":"","jetpack_publicize_message":"","jetpack_publicize_feature_enabled":true,"jetpack_social_post_already_shared":false,"jetpack_social_options":{"image_generator_settings":{"template":"highway","default_image_id":0,"enabled":false},"version":2}},"categories":[4],"tags":[74,537,535,193,536],"class_list":["post-2538","post","type-post","status-publish","format-standard","hentry","category-attualita","tag-costituzione","tag-illeciti-dei-magistrati","tag-magistrato","tag-partiti","tag-primarie"],"jetpack_publicize_connections":[],"jetpack_featured_media_url":"","jetpack_shortlink":"https:\/\/wp.me\/p84sDq-EW","jetpack_likes_enabled":true,"jetpack_sharing_enabled":true,"_links":{"self":[{"href":"https:\/\/www.lacostituzione.info\/index.php\/wp-json\/wp\/v2\/posts\/2538","targetHints":{"allow":["GET"]}}],"collection":[{"href":"https:\/\/www.lacostituzione.info\/index.php\/wp-json\/wp\/v2\/posts"}],"about":[{"href":"https:\/\/www.lacostituzione.info\/index.php\/wp-json\/wp\/v2\/types\/post"}],"author":[{"embeddable":true,"href":"https:\/\/www.lacostituzione.info\/index.php\/wp-json\/wp\/v2\/users\/1"}],"replies":[{"embeddable":true,"href":"https:\/\/www.lacostituzione.info\/index.php\/wp-json\/wp\/v2\/comments?post=2538"}],"version-history":[{"count":0,"href":"https:\/\/www.lacostituzione.info\/index.php\/wp-json\/wp\/v2\/posts\/2538\/revisions"}],"wp:attachment":[{"href":"https:\/\/www.lacostituzione.info\/index.php\/wp-json\/wp\/v2\/media?parent=2538"}],"wp:term":[{"taxonomy":"category","embeddable":true,"href":"https:\/\/www.lacostituzione.info\/index.php\/wp-json\/wp\/v2\/categories?post=2538"},{"taxonomy":"post_tag","embeddable":true,"href":"https:\/\/www.lacostituzione.info\/index.php\/wp-json\/wp\/v2\/tags?post=2538"}],"curies":[{"name":"wp","href":"https:\/\/api.w.org\/{rel}","templated":true}]}}