{"id":2710,"date":"2017-05-22T09:37:50","date_gmt":"2017-05-22T07:37:50","guid":{"rendered":"http:\/\/www.lacostituzione.info\/?p=2710"},"modified":"2018-01-03T10:37:23","modified_gmt":"2018-01-03T09:37:23","slug":"intercettazioni-le-interviste-a-vladimiro-zagrebelsky-e-caterina-malavenda","status":"publish","type":"post","link":"https:\/\/www.lacostituzione.info\/index.php\/2017\/05\/22\/intercettazioni-le-interviste-a-vladimiro-zagrebelsky-e-caterina-malavenda\/","title":{"rendered":"Intercettazioni: le interviste a <br> Vladimiro Zagrebelsky e Caterina Malavenda"},"content":{"rendered":"<p><img loading=\"lazy\" decoding=\"async\" data-attachment-id=\"2714\" data-permalink=\"https:\/\/www.lacostituzione.info\/index.php\/2017\/05\/22\/intercettazioni-le-interviste-a-vladimiro-zagrebelsky-e-caterina-malavenda\/download\/#main\" data-orig-file=\"https:\/\/www.lacostituzione.info\/wp-content\/uploads\/2017\/05\/download.jpg\" data-orig-size=\"285,177\" data-comments-opened=\"1\" data-image-meta=\"{&quot;aperture&quot;:&quot;0&quot;,&quot;credit&quot;:&quot;&quot;,&quot;camera&quot;:&quot;&quot;,&quot;caption&quot;:&quot;&quot;,&quot;created_timestamp&quot;:&quot;0&quot;,&quot;copyright&quot;:&quot;&quot;,&quot;focal_length&quot;:&quot;0&quot;,&quot;iso&quot;:&quot;0&quot;,&quot;shutter_speed&quot;:&quot;0&quot;,&quot;title&quot;:&quot;&quot;,&quot;orientation&quot;:&quot;0&quot;}\" data-image-title=\"download\" data-image-description=\"\" data-image-caption=\"\" data-medium-file=\"https:\/\/www.lacostituzione.info\/wp-content\/uploads\/2017\/05\/download.jpg\" data-large-file=\"https:\/\/www.lacostituzione.info\/wp-content\/uploads\/2017\/05\/download.jpg\" class=\"alignleft wp-image-2714 size-thumbnail\" src=\"http:\/\/www.lacostituzione.info\/wp-content\/uploads\/2017\/05\/download-150x150.jpg\" alt=\"\" width=\"150\" height=\"150\" \/>Il problema della pubblicazione delle intercettazioni, dopo il caso Renzi-Lillo, resta al centro del dibattito politico. Pubblichiamo due interessanti interviste apparse su Repubblica, a Vladimiro Zagrebelsky ex giudice della Corte europea dei diritti umani e a all&#8217;avvocato penalista Caterina Malavenda, apparsa su Il fatto quotidiano.<!--more--><\/p>\n<p>di <strong>Liana Milella &#8211; La Repubblica<\/strong><\/p>\n<p>ROMA. \u00abLa stampa \u00e8, come si usa dire, il quarto potere. La separazione dei poteri porta con s\u00e9, come ha scritto Repubblica, la separazione dei doveri. E quindi il magistrato cerca le prove, il giornalista pubblica le notizie\u00bb. Dice cos\u00ec <strong>Vladimiro Zagrebelsky<\/strong>, ex giudice della Corte europea dei diritti umani di Strasburgo.<br \/>\n<strong>La telefonata tra i Renzi padre e figlio ha riaperto lo scontro sulle intercettazioni. Ritiene che andasse pubblicata?<\/strong><br \/>\n\u00abCredo che si debba fare un discorso sui principi. Il magistrato accerta reati, segue le regole del processo, e non si occupa d&#8217;altro. Il giornalista fa un mestiere completamente diverso, deve informare l&#8217;opinione pubblica su tutto ci\u00f2 che \u00e8 importante per la vita democratica. E per questo la Corte di Strasburgo definisce i giornalisti &#8220;cani da guardia della democrazia&#8221;. E i cani da guardia sono l\u00ec per mordere, qualche volta\u00bb.<br \/>\n<strong>Arriviamo alla &#8220;separazione dei doveri&#8221;, il dovere del magistrato di indagare, quello del giornalista d&#8217; informare. Pensa che uno di noi debba cercare e pubblicare tutte le notizie che trova, no?<\/strong><br \/>\n\u00abIl giornalista deve pubblicare le notizie che sono di interesse pubblico, non quelle che soddisfano solo la curiosit\u00e0 del pubblico. La distinzione tra penalmente rilevante e penalmente irrilevante per il giornalista, mi si passi il gioco di parole, non ha nessuna rilevanza. La pretesa per cui sarebbero pubblicabili solo le notizie penalmente rilevanti \u00e8 priva di senso. E non acquista senso ripetendola all&#8217; infinito\u00bb.<br \/>\n<strong>Forse, anche in stagioni politiche diverse, \u00e8 utile alla politica tentare di imporla.<\/strong><br \/>\n\u00abIl &#8220;potere&#8221;, qualunque ne sia il colore, cerca di difendersi dai morsi che vengono da un&#8217; informazione non condizionata. Si tratta del pendant, sul piano dell&#8217; informazione, dell&#8217; altra regola che si \u00e8 affermata in Italia: non solo le notizie, ma anche i fatti che non sono penalmente rilevanti, \u00e8 come se non esistessero. Fino al punto di pretendere una sentenza penale definitiva per prenderli in considerazione. E tanto meglio se la sentenza non arriva mai\u00bb.<br \/>\n<strong>Ammetter\u00e0 che, in questi giorni, c&#8217; \u00e8 stata una ricerca ossessiva delle fonti. Non si rischia andando avanti cos\u00ec una sorta di attentato alla stampa?<\/strong><br \/>\n\u00abLa protezione delle fonti del giornalista \u00e8 affermata sia dalla giurisprudenza nazionale sia da quella europea, ed \u00e8 un principio sacrosanto che dimostra come vi sia tensione, e qualche volta contraddizione, tra le esigenze del segreto, e quella di informare l&#8217; opinione pubblica. Conflitti simili sono ben noti nei regimi liberali. La libert\u00e0 di stampa \u00e8 fondamentale, ma pu\u00f2 incontrare limiti, non solo quelli che riguardano la vita privata dei singoli. Anche altri interessi pubblici possono richiedere tutela\u00bb.<br \/>\n<strong>L&#8217; annunciata legge sulle intercettazioni ha innescato l&#8217;autocensura dei procuratori che con le circolari l&#8217; hanno anticipata, mettendo paletti stretti alle telefonate. Gi\u00e0 ora decidono cosa pu\u00f2 uscire e cosa no.<\/strong><br \/>\n\u00abSecondo me non \u00e8 cos\u00ec, nel senso che quelle circolari specificano le regole che sono gi\u00e0 nel codice di procedura penale e che riguardano l&#8217; uso o l&#8217; eliminazione di intercettazioni ai fini del processo penale. E la selezione vien fatta da un giudice, nel contraddittorio del pubblico ministero e dei difensori. Ma adesso parlavamo del lavoro del giornalista\u00bb.<br \/>\n<strong>Ma una volta che la toga ha etichettato come irrilevante una conversazione, che magari, come per i Renzi, \u00e8 giornalisticamente interessante, va a finire che se la si pubblica si scatena il putiferio.<\/strong><br \/>\n\u00ab\u00c8 la prova che tra i doveri interni al processo e i doveri fuori dal processo, che riguardano i giornalisti, vi \u00e8 una competizione che va composta tenendo conto degli interessi legittimi che sono in ballo e del valore fondamentale della libert\u00e0 del giornalista, in primo luogo di cercare le notizie significative e poi di pubblicarle \u00bb.<br \/>\n<strong>Ma la legge che si vuole fare non comporta il bavaglio e il rischio di incriminazioni?<\/strong><br \/>\n\u00abIntanto si tratta di una legge delega e molto dipender\u00e0 da come il governo la eserciter\u00e0, e poi i divieti di pubblicazione esistono gi\u00e0&#8230;\u00bb.<br \/>\n<em>Liana Milella<\/em><\/p>\n<p>&nbsp;<\/p>\n<p><strong>di Gianluca Roselli- Il fatto quotidiano<\/strong><\/p>\n<p>&#8220;Un atto d&#8217; indagine, anche se riservato, se \u00e8 d&#8217; interesse pubblico un giornalista ha il dovere di pubblicarlo. Poi, se ci sono contestazioni, alla fine chi decide \u00e8 il giudice, che pu\u00f2 condannare il cronista o assolverlo&#8221;. L&#8217;avvocato <strong>Caterina Malavenda<\/strong>, penalista ed esperta di diritto dell&#8217;informazione, mette qualche paletto riguardo alle polemiche di questi giorni sulla telefonata tra Matteo Renzi e suo padre Tiziano pubblicata sul Fatto Quotidiano.<\/p>\n<p><strong>Avvocato, partiamo dall&#8217; inizio. Cosa prevede la legge?<\/strong><br \/>\nLa legge dice che gli atti che un indagato non conosce sono riservati, quindi non possono essere pubblicati. La legge punisce chi li pubblica, per pubblicazione arbitraria di atti d&#8217; indagine, con arresto o ammenda. Se l&#8217; imputato paga la met\u00e0 dell&#8217; ammenda prevista (129 euro, ndr), il reato si estingue. Se invece il giornalista istiga o spinge il pubblico ufficiale a passargli certi atti, allora pu\u00f2 essere condannato per concorso in rivelazione di segreto d&#8217; ufficio. Qualcuno avanza l&#8217; idea di aumentare quella pena pecuniaria. Una contravvenzione troppo alta pu\u00f2 essere un deterrente e indurre il giornalista a non scrivere una notizia. Se la somma prevista \u00e8 tale da dissuadere il giornalista a svolgere il suo lavoro, allora siamo di fronte a una violazione della Convenzione europea dei diritti dell&#8217;Uomo (Cedu).<br \/>\n<strong>Se un cronista v\u00ecola il segreto delle indagini e pubblica un atto riservato, si pu\u00f2 invocare il diritto di cronaca?<\/strong><br \/>\nS\u00ec, ma occorre valutare se l&#8217;atto che il cronista pubblica, commettendo un reato, sia vero e d&#8217; interesse pubblico. Chi commette un reato esercitando il diritto di cronaca, non \u00e8 punibile, cos\u00ec come chi diffama non \u00e8 punibile se i fatti sono veri. Un giornalista che riporta un atto giudiziario non \u00e8 tenuto a verificare che i fatti siano veri, ma che l&#8217; atto esista, che sia di interesse pubblico e a riportarlo in modo fedele. L&#8217; interesse pubblico, per\u00f2, a volte contrasta con la privacy. Le due cose vanno bilanciate. Se l&#8217;atto giudiziario riguarda la sfera intima &#8211; come le telefonate private delle persone intercettate &#8211; \u00e8 evidente che la privacy prevale e quindi l&#8217;atto non pu\u00f2 essere pubblicato. Se invece il cronista ritiene che l&#8217; atto sia d&#8217; interesse pubblico, questo prevale sulla riservatezza delle persone interessate e pu\u00f2 pubblicarlo perch\u00e9 rientra nel diritto di cronaca. Ci pu\u00f2 essere il caso in cui non \u00e8 chiaro se prevalga la privacy o l&#8217; interesse pubblico. Quando c&#8217; \u00e8 una contestazione in tal senso, \u00e8 il giudice che decide. La legge sulla privacy prevede gi\u00e0 che il giornalista possa pubblicare dati personali di un soggetto senza il suo consenso se quel dato \u00e8 ritenuto essenziale per l&#8217; informazione che si vuole dare al pubblico. Dopo di che, \u00e8 il giudice che stabilisce se la condotta del cronista \u00e8 giusta oppure no.<br \/>\nPoi c&#8217; \u00e8 privacy e privacy. Quella degli uomini pubblici \u00e8 pi\u00f9 bassa rispetto ai normali cittadini. La Corte europea dei diritti dell&#8217; uomo dice che un uomo pubblico ha una privacy attenuata in rapporto all&#8217; attivit\u00e0 che svolge. Se un politico non paga la sua domestica, quella sua cattiva abitudine \u00e8 rilevante ed \u00e8 giusto che si sappia. La sua condotta personale incide nella sua vita politica, perch\u00e9 i cittadini, sulla base di una notizia, possono decidere di non votarlo.<br \/>\n<strong>Per mettersi al riparo dalla fuga di notizie dai tribunali, \u00e8 sufficiente distruggere le intercettazioni dopo che le parti le hanno selezionate?<\/strong><br \/>\nTutte le intercettazioni vengono messe a disposizione della difesa che, dopo averle ascoltate, d&#8217; intesa con l&#8217; accusa, seleziona quelle rilevanti che verranno utilizzate per il processo. Tutte le altre vengono archiviate fino alla fine del processo e poi distrutte. Ma anche questo non mette al riparo dalla fuga di notizie, perch\u00e9 c&#8217; \u00e8 sempre qualcuno che, nei vari passaggi, ascolta le telefonate e pu\u00f2 rivelarle all&#8217; esterno. Poi c&#8217; \u00e8 il problema delle fonti.<br \/>\n<strong>Ovvero?<\/strong><br \/>\nCosa spinge un pubblico ufficiale a passare un atto riservato alla stampa? Preferisco credere che lo faccia perch\u00e9 teme che una notizia che potrebbe interessare l&#8217; opinione pubblica rimanga segreta. Anche qui le leggi ci sono, perch\u00e9 la rivelazione del segreto d&#8217; ufficio per un pubblico ufficiale \u00e8 punita severamente. Il problema \u00e8 che, una volta uscita la notizia, i riflettori si puntano solo sul giornalista e non su chi gliel&#8217; ha passata.<br \/>\n<strong>Quindi secondo lei le leggi attuali sono sufficienti?<\/strong><br \/>\nSe ognuno fa bene il suo mestiere, dal giornalista al giudice, s\u00ec: bastano le leggi che ci sono. Alla fine la cosa migliore \u00e8 sempre lasciare la scelta alla professionalit\u00e0 e all&#8217; etica del giornalista. Il quale, se sbaglia, paga in prima persona.<\/p>\n<p><em>Gianluca Roselli<\/em><\/p>\n","protected":false},"excerpt":{"rendered":"<p>Il problema della pubblicazione delle intercettazioni, dopo il caso Renzi-Lillo, resta al centro del dibattito politico. Pubblichiamo due interessanti interviste apparse su Repubblica, a Vladimiro Zagrebelsky ex giudice della Corte europea dei diritti umani e a all&#8217;avvocato penalista Caterina Malavenda, apparsa su Il fatto quotidiano.<\/p>\n<div class='heateorSssClear'><\/div><div  class='heateor_sss_sharing_container heateor_sss_horizontal_sharing' data-heateor-sss-href='https:\/\/www.lacostituzione.info\/index.php\/2017\/05\/22\/intercettazioni-le-interviste-a-vladimiro-zagrebelsky-e-caterina-malavenda\/'><div class='heateor_sss_sharing_title' style=\"font-weight:bold\" >Condividi!<\/div><div class=\"heateor_sss_sharing_ul\"><a aria-label=\"Facebook\" class=\"heateor_sss_facebook\" href=\"https:\/\/www.facebook.com\/sharer\/sharer.php?u=https%3A%2F%2Fwww.lacostituzione.info%2Findex.php%2F2017%2F05%2F22%2Fintercettazioni-le-interviste-a-vladimiro-zagrebelsky-e-caterina-malavenda%2F\" title=\"Facebook\" rel=\"nofollow noopener\" target=\"_blank\" style=\"font-size:32px!important;box-shadow:none;display:inline-block;vertical-align:middle\"><span class=\"heateor_sss_svg\" style=\"background-color:#0765FE;width:35px;height:35px;display:inline-block;opacity:1;float:left;font-size:32px;box-shadow:none;display:inline-block;font-size:16px;padding:0 4px;vertical-align:middle;background-repeat:repeat;overflow:hidden;padding:0;cursor:pointer;box-sizing:content-box\"><svg style=\"display:block;\" focusable=\"false\" aria-hidden=\"true\" xmlns=\"http:\/\/www.w3.org\/2000\/svg\" width=\"100%\" height=\"100%\" viewBox=\"0 0 32 32\"><path fill=\"#fff\" d=\"M28 16c0-6.627-5.373-12-12-12S4 9.373 4 16c0 5.628 3.875 10.35 9.101 11.647v-7.98h-2.474V16H13.1v-1.58c0-4.085 1.849-5.978 5.859-5.978.76 0 2.072.15 2.608.298v3.325c-.283-.03-.775-.045-1.386-.045-1.967 0-2.728.745-2.728 2.683V16h3.92l-.673 3.667h-3.247v8.245C23.395 27.195 28 22.135 28 16Z\"><\/path><\/svg><\/span><\/a><a aria-label=\"Twitter\" class=\"heateor_sss_button_twitter\" href=\"https:\/\/twitter.com\/intent\/tweet?text=Intercettazioni%3A%20le%20interviste%20a%20%3Cbr%3E%20Vladimiro%20Zagrebelsky%20e%20Caterina%20Malavenda&url=https%3A%2F%2Fwww.lacostituzione.info%2Findex.php%2F2017%2F05%2F22%2Fintercettazioni-le-interviste-a-vladimiro-zagrebelsky-e-caterina-malavenda%2F\" title=\"Twitter\" rel=\"nofollow noopener\" target=\"_blank\" style=\"font-size:32px!important;box-shadow:none;display:inline-block;vertical-align:middle\"><span class=\"heateor_sss_svg heateor_sss_s__default heateor_sss_s_twitter\" style=\"background-color:#55acee;width:35px;height:35px;display:inline-block;opacity:1;float:left;font-size:32px;box-shadow:none;display:inline-block;font-size:16px;padding:0 4px;vertical-align:middle;background-repeat:repeat;overflow:hidden;padding:0;cursor:pointer;box-sizing:content-box\"><svg style=\"display:block;\" focusable=\"false\" aria-hidden=\"true\" xmlns=\"http:\/\/www.w3.org\/2000\/svg\" width=\"100%\" height=\"100%\" viewBox=\"-4 -4 39 39\"><path d=\"M28 8.557a9.913 9.913 0 0 1-2.828.775 4.93 4.93 0 0 0 2.166-2.725 9.738 9.738 0 0 1-3.13 1.194 4.92 4.92 0 0 0-3.593-1.55 4.924 4.924 0 0 0-4.794 6.049c-4.09-.21-7.72-2.17-10.15-5.15a4.942 4.942 0 0 0-.665 2.477c0 1.71.87 3.214 2.19 4.1a4.968 4.968 0 0 1-2.23-.616v.06c0 2.39 1.7 4.38 3.952 4.83-.414.115-.85.174-1.297.174-.318 0-.626-.03-.928-.086a4.935 4.935 0 0 0 4.6 3.42 9.893 9.893 0 0 1-6.114 2.107c-.398 0-.79-.023-1.175-.068a13.953 13.953 0 0 0 7.55 2.213c9.056 0 14.01-7.507 14.01-14.013 0-.213-.005-.426-.015-.637.96-.695 1.795-1.56 2.455-2.55z\" fill=\"#fff\"><\/path><\/svg><\/span><\/a><a aria-label=\"Reddit\" class=\"heateor_sss_button_reddit\" href=\"https:\/\/reddit.com\/submit?url=https%3A%2F%2Fwww.lacostituzione.info%2Findex.php%2F2017%2F05%2F22%2Fintercettazioni-le-interviste-a-vladimiro-zagrebelsky-e-caterina-malavenda%2F&title=Intercettazioni%3A%20le%20interviste%20a%20%3Cbr%3E%20Vladimiro%20Zagrebelsky%20e%20Caterina%20Malavenda\" title=\"Reddit\" rel=\"nofollow noopener\" target=\"_blank\" style=\"font-size:32px!important;box-shadow:none;display:inline-block;vertical-align:middle\"><span class=\"heateor_sss_svg heateor_sss_s__default heateor_sss_s_reddit\" style=\"background-color:#ff5700;width:35px;height:35px;display:inline-block;opacity:1;float:left;font-size:32px;box-shadow:none;display:inline-block;font-size:16px;padding:0 4px;vertical-align:middle;background-repeat:repeat;overflow:hidden;padding:0;cursor:pointer;box-sizing:content-box\"><svg style=\"display:block;\" focusable=\"false\" aria-hidden=\"true\" xmlns=\"http:\/\/www.w3.org\/2000\/svg\" width=\"100%\" height=\"100%\" viewBox=\"-3.5 -3.5 39 39\"><path d=\"M28.543 15.774a2.953 2.953 0 0 0-2.951-2.949 2.882 2.882 0 0 0-1.9.713 14.075 14.075 0 0 0-6.85-2.044l1.38-4.349 3.768.884a2.452 2.452 0 1 0 .24-1.176l-4.274-1a.6.6 0 0 0-.709.4l-1.659 5.224a14.314 14.314 0 0 0-7.316 2.029 2.908 2.908 0 0 0-1.872-.681 2.942 2.942 0 0 0-1.618 5.4 5.109 5.109 0 0 0-.062.765c0 4.158 5.037 7.541 11.229 7.541s11.22-3.383 11.22-7.541a5.2 5.2 0 0 0-.053-.706 2.963 2.963 0 0 0 1.427-2.51zm-18.008 1.88a1.753 1.753 0 0 1 1.73-1.74 1.73 1.73 0 0 1 1.709 1.74 1.709 1.709 0 0 1-1.709 1.711 1.733 1.733 0 0 1-1.73-1.711zm9.565 4.968a5.573 5.573 0 0 1-4.081 1.272h-.032a5.576 5.576 0 0 1-4.087-1.272.6.6 0 0 1 .844-.854 4.5 4.5 0 0 0 3.238.927h.032a4.5 4.5 0 0 0 3.237-.927.6.6 0 1 1 .844.854zm-.331-3.256a1.726 1.726 0 1 1 1.709-1.712 1.717 1.717 0 0 1-1.712 1.712z\" fill=\"#fff\"\/><\/svg><\/span><\/a><a aria-label=\"Linkedin\" class=\"heateor_sss_button_linkedin\" href=\"https:\/\/www.linkedin.com\/sharing\/share-offsite\/?url=https%3A%2F%2Fwww.lacostituzione.info%2Findex.php%2F2017%2F05%2F22%2Fintercettazioni-le-interviste-a-vladimiro-zagrebelsky-e-caterina-malavenda%2F\" title=\"Linkedin\" rel=\"nofollow noopener\" target=\"_blank\" style=\"font-size:32px!important;box-shadow:none;display:inline-block;vertical-align:middle\"><span class=\"heateor_sss_svg heateor_sss_s__default heateor_sss_s_linkedin\" style=\"background-color:#0077b5;width:35px;height:35px;display:inline-block;opacity:1;float:left;font-size:32px;box-shadow:none;display:inline-block;font-size:16px;padding:0 4px;vertical-align:middle;background-repeat:repeat;overflow:hidden;padding:0;cursor:pointer;box-sizing:content-box\"><svg style=\"display:block;\" focusable=\"false\" aria-hidden=\"true\" xmlns=\"http:\/\/www.w3.org\/2000\/svg\" width=\"100%\" height=\"100%\" viewBox=\"0 0 32 32\"><path d=\"M6.227 12.61h4.19v13.48h-4.19V12.61zm2.095-6.7a2.43 2.43 0 0 1 0 4.86c-1.344 0-2.428-1.09-2.428-2.43s1.084-2.43 2.428-2.43m4.72 6.7h4.02v1.84h.058c.56-1.058 1.927-2.176 3.965-2.176 4.238 0 5.02 2.792 5.02 6.42v7.395h-4.183v-6.56c0-1.564-.03-3.574-2.178-3.574-2.18 0-2.514 1.7-2.514 3.46v6.668h-4.187V12.61z\" fill=\"#fff\"><\/path><\/svg><\/span><\/a><a aria-label=\"Pinterest\" class=\"heateor_sss_button_pinterest\" href=\"https:\/\/www.lacostituzione.info\/index.php\/2017\/05\/22\/intercettazioni-le-interviste-a-vladimiro-zagrebelsky-e-caterina-malavenda\/\" onclick=\"event.preventDefault();javascript:void( (function() {var e=document.createElement('script' );e.setAttribute('type','text\/javascript' );e.setAttribute('charset','UTF-8' );e.setAttribute('src','\/\/assets.pinterest.com\/js\/pinmarklet.js?r='+Math.random()*99999999);document.body.appendChild(e)})());\" title=\"Pinterest\" rel=\"noopener\" style=\"font-size:32px!important;box-shadow:none;display:inline-block;vertical-align:middle\"><span class=\"heateor_sss_svg heateor_sss_s__default heateor_sss_s_pinterest\" style=\"background-color:#cc2329;width:35px;height:35px;display:inline-block;opacity:1;float:left;font-size:32px;box-shadow:none;display:inline-block;font-size:16px;padding:0 4px;vertical-align:middle;background-repeat:repeat;overflow:hidden;padding:0;cursor:pointer;box-sizing:content-box\"><svg style=\"display:block;\" focusable=\"false\" aria-hidden=\"true\" xmlns=\"http:\/\/www.w3.org\/2000\/svg\" width=\"100%\" height=\"100%\" viewBox=\"-2 -2 35 35\"><path fill=\"#fff\" d=\"M16.539 4.5c-6.277 0-9.442 4.5-9.442 8.253 0 2.272.86 4.293 2.705 5.046.303.125.574.005.662-.33.061-.231.205-.816.27-1.06.088-.331.053-.447-.191-.736-.532-.627-.873-1.439-.873-2.591 0-3.338 2.498-6.327 6.505-6.327 3.548 0 5.497 2.168 5.497 5.062 0 3.81-1.686 7.025-4.188 7.025-1.382 0-2.416-1.142-2.085-2.545.397-1.674 1.166-3.48 1.166-4.689 0-1.081-.581-1.983-1.782-1.983-1.413 0-2.548 1.462-2.548 3.419 0 1.247.421 2.091.421 2.091l-1.699 7.199c-.505 2.137-.076 4.755-.039 5.019.021.158.223.196.314.077.13-.17 1.813-2.247 2.384-4.324.162-.587.929-3.631.929-3.631.46.876 1.801 1.646 3.227 1.646 4.247 0 7.128-3.871 7.128-9.053.003-3.918-3.317-7.568-8.361-7.568z\"\/><\/svg><\/span><\/a><a aria-label=\"Whatsapp\" class=\"heateor_sss_whatsapp\" href=\"https:\/\/api.whatsapp.com\/send?text=Intercettazioni%3A%20le%20interviste%20a%20%3Cbr%3E%20Vladimiro%20Zagrebelsky%20e%20Caterina%20Malavenda%20https%3A%2F%2Fwww.lacostituzione.info%2Findex.php%2F2017%2F05%2F22%2Fintercettazioni-le-interviste-a-vladimiro-zagrebelsky-e-caterina-malavenda%2F\" title=\"Whatsapp\" rel=\"nofollow noopener\" target=\"_blank\" style=\"font-size:32px!important;box-shadow:none;display:inline-block;vertical-align:middle\"><span class=\"heateor_sss_svg\" style=\"background-color:#55eb4c;width:35px;height:35px;display:inline-block;opacity:1;float:left;font-size:32px;box-shadow:none;display:inline-block;font-size:16px;padding:0 4px;vertical-align:middle;background-repeat:repeat;overflow:hidden;padding:0;cursor:pointer;box-sizing:content-box\"><svg style=\"display:block;\" focusable=\"false\" aria-hidden=\"true\" xmlns=\"http:\/\/www.w3.org\/2000\/svg\" width=\"100%\" height=\"100%\" viewBox=\"-6 -5 40 40\"><path class=\"heateor_sss_svg_stroke heateor_sss_no_fill\" stroke=\"#fff\" stroke-width=\"2\" fill=\"none\" d=\"M 11.579798566743314 24.396926207859085 A 10 10 0 1 0 6.808479557110079 20.73576436351046\"><\/path><path d=\"M 7 19 l -1 6 l 6 -1\" class=\"heateor_sss_no_fill heateor_sss_svg_stroke\" stroke=\"#fff\" stroke-width=\"2\" fill=\"none\"><\/path><path d=\"M 10 10 q -1 8 8 11 c 5 -1 0 -6 -1 -3 q -4 -3 -5 -5 c 4 -2 -1 -5 -1 -4\" fill=\"#fff\"><\/path><\/svg><\/span><\/a><\/div><div class=\"heateorSssClear\"><\/div><\/div><div class='heateorSssClear'><\/div>","protected":false},"author":4,"featured_media":0,"comment_status":"open","ping_status":"open","sticky":false,"template":"","format":"standard","meta":{"jetpack_post_was_ever_published":false,"_jetpack_newsletter_access":"","_jetpack_dont_email_post_to_subs":false,"_jetpack_newsletter_tier_id":0,"_jetpack_memberships_contains_paywalled_content":false,"_jetpack_memberships_contains_paid_content":false,"footnotes":"","jetpack_publicize_message":"","jetpack_publicize_feature_enabled":true,"jetpack_social_post_already_shared":false,"jetpack_social_options":{"image_generator_settings":{"template":"highway","default_image_id":0,"enabled":false},"version":2}},"categories":[4],"tags":[602,591,603,582,604],"class_list":["post-2710","post","type-post","status-publish","format-standard","hentry","category-attualita","tag-corte-europea-diritti-delluomo","tag-diritto-di-cronaca","tag-giornalisti","tag-intercettazioni","tag-pubblico-ufficiale"],"jetpack_publicize_connections":[],"jetpack_featured_media_url":"","jetpack_shortlink":"https:\/\/wp.me\/p84sDq-HI","jetpack_likes_enabled":true,"jetpack_sharing_enabled":true,"_links":{"self":[{"href":"https:\/\/www.lacostituzione.info\/index.php\/wp-json\/wp\/v2\/posts\/2710","targetHints":{"allow":["GET"]}}],"collection":[{"href":"https:\/\/www.lacostituzione.info\/index.php\/wp-json\/wp\/v2\/posts"}],"about":[{"href":"https:\/\/www.lacostituzione.info\/index.php\/wp-json\/wp\/v2\/types\/post"}],"author":[{"embeddable":true,"href":"https:\/\/www.lacostituzione.info\/index.php\/wp-json\/wp\/v2\/users\/4"}],"replies":[{"embeddable":true,"href":"https:\/\/www.lacostituzione.info\/index.php\/wp-json\/wp\/v2\/comments?post=2710"}],"version-history":[{"count":0,"href":"https:\/\/www.lacostituzione.info\/index.php\/wp-json\/wp\/v2\/posts\/2710\/revisions"}],"wp:attachment":[{"href":"https:\/\/www.lacostituzione.info\/index.php\/wp-json\/wp\/v2\/media?parent=2710"}],"wp:term":[{"taxonomy":"category","embeddable":true,"href":"https:\/\/www.lacostituzione.info\/index.php\/wp-json\/wp\/v2\/categories?post=2710"},{"taxonomy":"post_tag","embeddable":true,"href":"https:\/\/www.lacostituzione.info\/index.php\/wp-json\/wp\/v2\/tags?post=2710"}],"curies":[{"name":"wp","href":"https:\/\/api.w.org\/{rel}","templated":true}]}}