{"id":2766,"date":"2017-05-30T14:34:19","date_gmt":"2017-05-30T12:34:19","guid":{"rendered":"http:\/\/www.lacostituzione.info\/?p=2766"},"modified":"2018-01-03T10:32:55","modified_gmt":"2018-01-03T09:32:55","slug":"restare-in-carcere-causa-sciopero-degli-avvocati-penalisti-urge-una-pronuncia-della-corte-costituzionale","status":"publish","type":"post","link":"https:\/\/www.lacostituzione.info\/index.php\/2017\/05\/30\/restare-in-carcere-causa-sciopero-degli-avvocati-penalisti-urge-una-pronuncia-della-corte-costituzionale\/","title":{"rendered":"Restare in carcere causa sciopero degli avvocati penalisti? Urge una pronuncia della Corte Costituzionale"},"content":{"rendered":"<p><strong><em><img loading=\"lazy\" decoding=\"async\" data-attachment-id=\"2767\" data-permalink=\"https:\/\/www.lacostituzione.info\/index.php\/2017\/05\/30\/restare-in-carcere-causa-sciopero-degli-avvocati-penalisti-urge-una-pronuncia-della-corte-costituzionale\/is-3\/#main\" data-orig-file=\"https:\/\/www.lacostituzione.info\/wp-content\/uploads\/2017\/05\/is-2.jpg\" data-orig-size=\"341,212\" data-comments-opened=\"1\" data-image-meta=\"{&quot;aperture&quot;:&quot;0&quot;,&quot;credit&quot;:&quot;&quot;,&quot;camera&quot;:&quot;&quot;,&quot;caption&quot;:&quot;&quot;,&quot;created_timestamp&quot;:&quot;0&quot;,&quot;copyright&quot;:&quot;&quot;,&quot;focal_length&quot;:&quot;0&quot;,&quot;iso&quot;:&quot;0&quot;,&quot;shutter_speed&quot;:&quot;0&quot;,&quot;title&quot;:&quot;&quot;,&quot;orientation&quot;:&quot;0&quot;}\" data-image-title=\"is\" data-image-description=\"\" data-image-caption=\"\" data-medium-file=\"https:\/\/www.lacostituzione.info\/wp-content\/uploads\/2017\/05\/is-2-300x187.jpg\" data-large-file=\"https:\/\/www.lacostituzione.info\/wp-content\/uploads\/2017\/05\/is-2.jpg\" class=\"alignleft wp-image-2767 size-thumbnail\" src=\"http:\/\/www.lacostituzione.info\/wp-content\/uploads\/2017\/05\/is-2-150x150.jpg\" alt=\"\" width=\"150\" height=\"150\" \/><\/em><\/strong>di<strong> Sandro De Nardi<em>*<\/em><\/strong><\/p>\n<p><em>\u00a0<\/em>Nei giorni scorsi sono state pronunciate, da parte di organi giudicanti, due ordinanze di rimessione alla Corte costituzionale perch\u00e9 valuti, sotto distinti profili, se la vigente disciplina normativa che regolamenta l&#8217;astensione dalle udienze degli avvocati \u00e8 conforme oppure no alla Carta fondamentale della Repubblica.<!--more-->In entrambi i casi, i &#8220;portieri&#8221; dei giudizi di costituzionalit\u00e0 erano chiamati a decidere in ordine alla richiesta di ottenere l&#8217;ennesimo rinvio d&#8217;udienza che era stata formulata dai difensori degli imputati stante la loro adesione ad un&#8217;iniziativa collettiva di astensione dalle udienze regolarmente proclamata: e proprio al fine di liberarsi dal vincolo della soggezione ad una legge reputata <em>contra Constitutionem <\/em>(la cui acritica applicazione avrebbe loro imposto di limitarsi a disporre <em>sic et simpliciter <\/em>un ulteriore rinvio dell\u2019udienza), hanno instaurato \u2013 d\u2019ufficio \u2013 due interessanti giudizi di legittimit\u00e0 costituzionale in via incidentale che investono problematiche di primario rilievo pubblicistico.<\/p>\n<p>In particolare, con il primo provvedimento &#8211; che \u00e8 stato deliberato il <strong>23 maggio 2017<\/strong> <strong>dalla sezione penale del Tribunale di Reggio Emilia<\/strong> &#8211; il giudice procedente, davanti al quale si sta celebrando un &#8216;maxi&#8217; processo che vede imputate pi\u00f9 di 150 persone per una molteplicit\u00e0 di reati (ivi compresa l&#8217;associazione a delinquere), ha sollevato questione di legittimit\u00e0 costituzionale dell&#8217;art. 2 <em>bis<\/em> della legge n. 146\/1990 nella parte in cui consente che il prescritto Codice di autoregolamentazione delle astensioni dalle udienze degli avvocati stabilisca che &#8211; nei procedimenti e nei processi in relazione ai quali l&#8217;imputato si trovi in stato di custodia cautelare o di detenzione &#8211; si possa procedere \u00a0nel giudizio, malgrado l&#8217;astensione del difensore, solo se l&#8217;imputato lo consenta. Ebbene, in considerazione della\u00a0complessit\u00e0 argomentativa che caratterizza l&#8217;ordinanza in parola (tramite la quale si ipotizza che il quadro normativo vivente leda gli artt. 1, 3, 13, 24, 27, 70, 97 e 111 della Costituzione),\u00a0in questa sede non \u00e8 certo possibile esaminarla neppure per meri cenni: ci\u00f2 che comunque colpisce il lettore &#8211; a prescindere dalla condivisibilit\u00e0 o meno di ogni singola doglianza &#8211; \u00e8 lo sforzo argomentativo meritoriamente compiuto dal Tribunale per far comprendere ai giudici della Corte che,\u00a0se si attribuisce &#8220;alla manifestazione di protesta e alla rivendicazione di categoria un peso abnorme e sproporzionato&#8221;, rischiano di essere gravemente compromessi (se non addirittura vanificati) alcuni\u00a0diritti fondamentali dell&#8217;imputato detenuto (a cominciare dal bene supremo che \u00e8 rappresentato dalla libert\u00e0 personale); inoltre merita poi di essere segnalato che, sempre al predetto fine, il giudice <em>a quo<\/em> si premura di richiamare l\u2019attenzione su un elemento fattuale che non pu\u00f2 essere trascurato allorquando si sia chiamati a valutare la compatibilit\u00e0 costituzionale dei combinati disposti normativi attualmente in vigore nella materia<em> de qua<\/em>: vale \u00a0a dire, l&#8217;asimmetricit\u00e0 della relazione che, in concreto, si instaura tra avvocato difensore ed imputato detenuto, allorquando a quest&#8217;ultimo viene chiesto di accettare l&#8217;adesione del proprio difensore allo &#8220;sciopero&#8221; indetto dalla categoria forense (imponendogli &#8220;un&#8217;opzione e un atto di volont\u00e0 che non sono e non possono essere libere&#8221;).<\/p>\n<p>Con il secondo provvedimento &#8211; che \u00e8 stato deliberato il <strong>24 maggio 2017<\/strong> <strong>dalla seconda sezione penale della<\/strong> <strong>Corte d&#8217;appello di Venezia<\/strong> &#8211; il collegio giudicante ha invece sollevato una questione di legittimit\u00e0 costituzionale di portata ben pi\u00f9 generale (posto che nel caso di specie l&#8217;imputato si trovava s\u00ec <em>in vinculis<\/em> ma per altra causa): puntando questa volta l&#8217;indice contro l&#8217;art. 2, commi 1, 2 e 5 della vigente legge n. 146\/1990 &#8220;nella parte in cui non prevede che l&#8217;obbligo di congruo preavviso e di ragionevole durata delle astensioni degli avvocati difensori si applichino anche alle iniziative di astensioni dalle udienze, successive e coordinate per essere determinate dalle medesime ragioni e pertanto da doversi considerare unitariamente&#8221;. Anche in tale evenienza il giudice<em> a quo<\/em> sviluppa una serie di articolate considerazioni che sono volte a prospettare dubbi di legittimit\u00e0 (non certo sull&#8217;<em>an<\/em>, quanto piuttosto) sul <em>quomodo<\/em> e sul <em>quando<\/em> delle numerose astensioni gi\u00e0 deliberate (nonch\u00e9, verosimilmente, deliberande) dall&#8217;Unione delle Camere Penali Italiane (UCPI) nel corso del 2017, che sono formalmente e temporalmente distinte ma originate dal medesimo obiettivo (<em>id e<\/em><em>st<\/em> contrastare la definitiva approvazione parlamentare della c.d. riforma del processo penale). Tra gli altri, degno di peculiare riflessione appare il passaggio motivazionale con il quale la Corte veneta pone in evidenza che il Codice di autoregolamentazione &#8211; atto normativo secondario che in base all&#8217;autorevole interpretazione delle sezioni unite penali della Corte di cassazione vincola il giudice procedente (cfr. sent. n. 40187 del 29 settembre 2014, <em>Lattanzio<\/em>) &#8211; finisce per considerare legittima l&#8217;astensione degli avvocati per ben 88 giorni lavorativi all&#8217;anno su un totale di 235 giorni teoricamente disponibili (perlomeno nel 2017): impedendo dunque (ragionevolmente?) che il 35% del tempo annuo ipoteticamente a disposizione per amministrare giustizia possa essere utilizzato per definire &#8211; in modo giusto ed in tempi ragionevoli, cos\u00ec come impone la Costituzione\u00a0&#8211; l&#8217;abnorme numero di processi pendenti (pure) di fronte alla Corte lagunare. Anche per tale ragione il giudice <em>a quo<\/em> si domanda se l\u2019attuale regolamentazione delle modalit\u00e0 di esercizio del diritto di &#8220;sciopero&#8221; da parte degli avvocati (diritto costituzionalmente loro garantito, secondo la pronuncia n. 171\/1996 a suo tempo resa dal Giudice delle leggi), sia rispettoso &#8211; in principalit\u00e0 &#8211; dei principi dell&#8217;efficacia e dell&#8217;efficienza della giurisdizione, del buon andamento dell&#8217;amministrazione della giustizia, della ragionevole durata del processo di cui agli articoli 3, 24, 97 e 111 della Costituzione.<\/p>\n<p>Ora, dato che <strong>la Giunta dell&#8217;Unione delle Camere Penali Italiane ha gi\u00e0 deliberato un&#8217;ulteriore astensione dalle udienze (dal 12 al 16 giugno 2017)<\/strong> \u00e8 molto probabile che la Corte costituzionale venga sollecitata a pronunciarsi in materia pure da altri magistrati ordinari (per i medesimi motivi o anche, sulla scorta delle peculiarit\u00e0 dei casi concreti di volta in volta <em>sub iudice<\/em>, per altre ed ulteriori ragioni): tuttavia, nel frattempo, qualche significativa novit\u00e0 potrebbe forse sopraggiungere grazie all&#8217;intervento della Commissione di garanzia dell\u2019attuazione della legge sullo sciopero nei servizi pubblici essenziali. Quest&#8217;ultima, infatti, \u00e9 stata espressamente sollecitata &#8211; ancora una volta dal Tribunale di Reggio Emilia &#8211; a rivedere il giudizio di idoneit\u00e0 che a suo tempo (il 13.12.2007) aveva espresso proprio sul Codice di autoregolamentazione delle astensioni dalle udienze: ed il relativo procedimento sembra essere in corso (si vedano, in proposito, le note appositamente depositate dall&#8217;UCPI, reperibili al seguente indirizzo:\u00a0<a href=\"http:\/\/www.camerepenali.it\/cat\/8467\/le_note_dellunione_alla_commissione_di_garanzia_dellattuazione_della_legge_sullo_sciopero_nei_servizi_essenziali.html\">http:\/\/www.camerepenali.it<\/a>). Allo stato, ovviamente, non \u00e8 dato sapere se siffatto tentativo volto a stimolare la Commissione di garanzia affinch\u00e9 giunga a rimettere in discussione, <em>in parte qua<\/em>, il contenuto del Codice di autoregolamentazione sortir\u00e0 gli esiti auspicati, anzitutto, dal Collegio giudicante che l&#8217;ha appositamente incalzata: ad ogni buon conto sarebbe senz&#8217;altro opportuno che, perlomeno in prima battuta, le complesse problematiche che sono state poste sul tappeto &#8211; ivi comprese quelle sollevate dalla Corte veneta &#8211; venissero seriamente affrontate, in tutto o almeno in parte, proprio in quella sede istituzionale al fine di garantire il doveroso bilanciamento tra diversi diritti e principi tutelati dalla Costituzione, cercando di perseguire \u201cil pieno e ordinato esercizio di funzioni, come quella giurisdizionale, che assumono un rilievo fondamentale nell\u2019ordinamento\u201d (cos\u00ec Corte cost. sent. n. 171\/1996).<\/p>\n<p>Del resto, e a ben vedere, da una prima lettura dei due provvedimenti di rimessione si matura l&#8217;impressione che gli stessi giudici remittenti abbiano voluto parlare a nuora (la Corte costituzionale), affinch\u00e9 suocera (la Commissione di garanzia per lo sciopero nei servizi pubblici essenziali) intenda: possibilmente alla svelta.<\/p>\n<p>&nbsp;<\/p>\n<p>* <em>Associato di Istituzioni di diritto pubblico nella Scuola di Giurisprudenza dell\u2019Universit\u00e0 di Padova <\/em><\/p>\n<p>&nbsp;<\/p>\n<p>&nbsp;<\/p>\n<p>&nbsp;<\/p>\n","protected":false},"excerpt":{"rendered":"<p>di Sandro De Nardi* \u00a0Nei giorni scorsi sono state pronunciate, da parte di organi giudicanti, due ordinanze di rimessione alla Corte costituzionale perch\u00e9 valuti, sotto distinti profili, se la vigente disciplina normativa che regolamenta l&#8217;astensione dalle udienze degli avvocati \u00e8 conforme oppure no alla Carta fondamentale della Repubblica.<\/p>\n<div class='heateorSssClear'><\/div><div  class='heateor_sss_sharing_container heateor_sss_horizontal_sharing' data-heateor-sss-href='https:\/\/www.lacostituzione.info\/index.php\/2017\/05\/30\/restare-in-carcere-causa-sciopero-degli-avvocati-penalisti-urge-una-pronuncia-della-corte-costituzionale\/'><div class='heateor_sss_sharing_title' style=\"font-weight:bold\" >Condividi!<\/div><div class=\"heateor_sss_sharing_ul\"><a aria-label=\"Facebook\" class=\"heateor_sss_facebook\" href=\"https:\/\/www.facebook.com\/sharer\/sharer.php?u=https%3A%2F%2Fwww.lacostituzione.info%2Findex.php%2F2017%2F05%2F30%2Frestare-in-carcere-causa-sciopero-degli-avvocati-penalisti-urge-una-pronuncia-della-corte-costituzionale%2F\" title=\"Facebook\" rel=\"nofollow noopener\" target=\"_blank\" style=\"font-size:32px!important;box-shadow:none;display:inline-block;vertical-align:middle\"><span class=\"heateor_sss_svg\" style=\"background-color:#0765FE;width:35px;height:35px;display:inline-block;opacity:1;float:left;font-size:32px;box-shadow:none;display:inline-block;font-size:16px;padding:0 4px;vertical-align:middle;background-repeat:repeat;overflow:hidden;padding:0;cursor:pointer;box-sizing:content-box\"><svg style=\"display:block;\" focusable=\"false\" aria-hidden=\"true\" xmlns=\"http:\/\/www.w3.org\/2000\/svg\" width=\"100%\" height=\"100%\" viewBox=\"0 0 32 32\"><path fill=\"#fff\" d=\"M28 16c0-6.627-5.373-12-12-12S4 9.373 4 16c0 5.628 3.875 10.35 9.101 11.647v-7.98h-2.474V16H13.1v-1.58c0-4.085 1.849-5.978 5.859-5.978.76 0 2.072.15 2.608.298v3.325c-.283-.03-.775-.045-1.386-.045-1.967 0-2.728.745-2.728 2.683V16h3.92l-.673 3.667h-3.247v8.245C23.395 27.195 28 22.135 28 16Z\"><\/path><\/svg><\/span><\/a><a aria-label=\"Twitter\" class=\"heateor_sss_button_twitter\" href=\"https:\/\/twitter.com\/intent\/tweet?text=Restare%20in%20carcere%20causa%20sciopero%20degli%20avvocati%20penalisti%3F%20Urge%20una%20pronuncia%20della%20Corte%20Costituzionale&url=https%3A%2F%2Fwww.lacostituzione.info%2Findex.php%2F2017%2F05%2F30%2Frestare-in-carcere-causa-sciopero-degli-avvocati-penalisti-urge-una-pronuncia-della-corte-costituzionale%2F\" title=\"Twitter\" rel=\"nofollow noopener\" target=\"_blank\" style=\"font-size:32px!important;box-shadow:none;display:inline-block;vertical-align:middle\"><span class=\"heateor_sss_svg heateor_sss_s__default heateor_sss_s_twitter\" style=\"background-color:#55acee;width:35px;height:35px;display:inline-block;opacity:1;float:left;font-size:32px;box-shadow:none;display:inline-block;font-size:16px;padding:0 4px;vertical-align:middle;background-repeat:repeat;overflow:hidden;padding:0;cursor:pointer;box-sizing:content-box\"><svg style=\"display:block;\" focusable=\"false\" aria-hidden=\"true\" xmlns=\"http:\/\/www.w3.org\/2000\/svg\" width=\"100%\" height=\"100%\" viewBox=\"-4 -4 39 39\"><path d=\"M28 8.557a9.913 9.913 0 0 1-2.828.775 4.93 4.93 0 0 0 2.166-2.725 9.738 9.738 0 0 1-3.13 1.194 4.92 4.92 0 0 0-3.593-1.55 4.924 4.924 0 0 0-4.794 6.049c-4.09-.21-7.72-2.17-10.15-5.15a4.942 4.942 0 0 0-.665 2.477c0 1.71.87 3.214 2.19 4.1a4.968 4.968 0 0 1-2.23-.616v.06c0 2.39 1.7 4.38 3.952 4.83-.414.115-.85.174-1.297.174-.318 0-.626-.03-.928-.086a4.935 4.935 0 0 0 4.6 3.42 9.893 9.893 0 0 1-6.114 2.107c-.398 0-.79-.023-1.175-.068a13.953 13.953 0 0 0 7.55 2.213c9.056 0 14.01-7.507 14.01-14.013 0-.213-.005-.426-.015-.637.96-.695 1.795-1.56 2.455-2.55z\" fill=\"#fff\"><\/path><\/svg><\/span><\/a><a aria-label=\"Reddit\" class=\"heateor_sss_button_reddit\" href=\"https:\/\/reddit.com\/submit?url=https%3A%2F%2Fwww.lacostituzione.info%2Findex.php%2F2017%2F05%2F30%2Frestare-in-carcere-causa-sciopero-degli-avvocati-penalisti-urge-una-pronuncia-della-corte-costituzionale%2F&title=Restare%20in%20carcere%20causa%20sciopero%20degli%20avvocati%20penalisti%3F%20Urge%20una%20pronuncia%20della%20Corte%20Costituzionale\" title=\"Reddit\" rel=\"nofollow noopener\" target=\"_blank\" style=\"font-size:32px!important;box-shadow:none;display:inline-block;vertical-align:middle\"><span class=\"heateor_sss_svg heateor_sss_s__default heateor_sss_s_reddit\" style=\"background-color:#ff5700;width:35px;height:35px;display:inline-block;opacity:1;float:left;font-size:32px;box-shadow:none;display:inline-block;font-size:16px;padding:0 4px;vertical-align:middle;background-repeat:repeat;overflow:hidden;padding:0;cursor:pointer;box-sizing:content-box\"><svg style=\"display:block;\" focusable=\"false\" aria-hidden=\"true\" xmlns=\"http:\/\/www.w3.org\/2000\/svg\" width=\"100%\" height=\"100%\" viewBox=\"-3.5 -3.5 39 39\"><path d=\"M28.543 15.774a2.953 2.953 0 0 0-2.951-2.949 2.882 2.882 0 0 0-1.9.713 14.075 14.075 0 0 0-6.85-2.044l1.38-4.349 3.768.884a2.452 2.452 0 1 0 .24-1.176l-4.274-1a.6.6 0 0 0-.709.4l-1.659 5.224a14.314 14.314 0 0 0-7.316 2.029 2.908 2.908 0 0 0-1.872-.681 2.942 2.942 0 0 0-1.618 5.4 5.109 5.109 0 0 0-.062.765c0 4.158 5.037 7.541 11.229 7.541s11.22-3.383 11.22-7.541a5.2 5.2 0 0 0-.053-.706 2.963 2.963 0 0 0 1.427-2.51zm-18.008 1.88a1.753 1.753 0 0 1 1.73-1.74 1.73 1.73 0 0 1 1.709 1.74 1.709 1.709 0 0 1-1.709 1.711 1.733 1.733 0 0 1-1.73-1.711zm9.565 4.968a5.573 5.573 0 0 1-4.081 1.272h-.032a5.576 5.576 0 0 1-4.087-1.272.6.6 0 0 1 .844-.854 4.5 4.5 0 0 0 3.238.927h.032a4.5 4.5 0 0 0 3.237-.927.6.6 0 1 1 .844.854zm-.331-3.256a1.726 1.726 0 1 1 1.709-1.712 1.717 1.717 0 0 1-1.712 1.712z\" fill=\"#fff\"\/><\/svg><\/span><\/a><a aria-label=\"Linkedin\" class=\"heateor_sss_button_linkedin\" href=\"https:\/\/www.linkedin.com\/sharing\/share-offsite\/?url=https%3A%2F%2Fwww.lacostituzione.info%2Findex.php%2F2017%2F05%2F30%2Frestare-in-carcere-causa-sciopero-degli-avvocati-penalisti-urge-una-pronuncia-della-corte-costituzionale%2F\" title=\"Linkedin\" rel=\"nofollow noopener\" target=\"_blank\" style=\"font-size:32px!important;box-shadow:none;display:inline-block;vertical-align:middle\"><span class=\"heateor_sss_svg heateor_sss_s__default heateor_sss_s_linkedin\" style=\"background-color:#0077b5;width:35px;height:35px;display:inline-block;opacity:1;float:left;font-size:32px;box-shadow:none;display:inline-block;font-size:16px;padding:0 4px;vertical-align:middle;background-repeat:repeat;overflow:hidden;padding:0;cursor:pointer;box-sizing:content-box\"><svg style=\"display:block;\" focusable=\"false\" aria-hidden=\"true\" xmlns=\"http:\/\/www.w3.org\/2000\/svg\" width=\"100%\" height=\"100%\" viewBox=\"0 0 32 32\"><path d=\"M6.227 12.61h4.19v13.48h-4.19V12.61zm2.095-6.7a2.43 2.43 0 0 1 0 4.86c-1.344 0-2.428-1.09-2.428-2.43s1.084-2.43 2.428-2.43m4.72 6.7h4.02v1.84h.058c.56-1.058 1.927-2.176 3.965-2.176 4.238 0 5.02 2.792 5.02 6.42v7.395h-4.183v-6.56c0-1.564-.03-3.574-2.178-3.574-2.18 0-2.514 1.7-2.514 3.46v6.668h-4.187V12.61z\" fill=\"#fff\"><\/path><\/svg><\/span><\/a><a aria-label=\"Pinterest\" class=\"heateor_sss_button_pinterest\" href=\"https:\/\/www.lacostituzione.info\/index.php\/2017\/05\/30\/restare-in-carcere-causa-sciopero-degli-avvocati-penalisti-urge-una-pronuncia-della-corte-costituzionale\/\" onclick=\"event.preventDefault();javascript:void( (function() {var e=document.createElement('script' );e.setAttribute('type','text\/javascript' );e.setAttribute('charset','UTF-8' );e.setAttribute('src','\/\/assets.pinterest.com\/js\/pinmarklet.js?r='+Math.random()*99999999);document.body.appendChild(e)})());\" title=\"Pinterest\" rel=\"noopener\" style=\"font-size:32px!important;box-shadow:none;display:inline-block;vertical-align:middle\"><span class=\"heateor_sss_svg heateor_sss_s__default heateor_sss_s_pinterest\" style=\"background-color:#cc2329;width:35px;height:35px;display:inline-block;opacity:1;float:left;font-size:32px;box-shadow:none;display:inline-block;font-size:16px;padding:0 4px;vertical-align:middle;background-repeat:repeat;overflow:hidden;padding:0;cursor:pointer;box-sizing:content-box\"><svg style=\"display:block;\" focusable=\"false\" aria-hidden=\"true\" xmlns=\"http:\/\/www.w3.org\/2000\/svg\" width=\"100%\" height=\"100%\" viewBox=\"-2 -2 35 35\"><path fill=\"#fff\" d=\"M16.539 4.5c-6.277 0-9.442 4.5-9.442 8.253 0 2.272.86 4.293 2.705 5.046.303.125.574.005.662-.33.061-.231.205-.816.27-1.06.088-.331.053-.447-.191-.736-.532-.627-.873-1.439-.873-2.591 0-3.338 2.498-6.327 6.505-6.327 3.548 0 5.497 2.168 5.497 5.062 0 3.81-1.686 7.025-4.188 7.025-1.382 0-2.416-1.142-2.085-2.545.397-1.674 1.166-3.48 1.166-4.689 0-1.081-.581-1.983-1.782-1.983-1.413 0-2.548 1.462-2.548 3.419 0 1.247.421 2.091.421 2.091l-1.699 7.199c-.505 2.137-.076 4.755-.039 5.019.021.158.223.196.314.077.13-.17 1.813-2.247 2.384-4.324.162-.587.929-3.631.929-3.631.46.876 1.801 1.646 3.227 1.646 4.247 0 7.128-3.871 7.128-9.053.003-3.918-3.317-7.568-8.361-7.568z\"\/><\/svg><\/span><\/a><a aria-label=\"Whatsapp\" class=\"heateor_sss_whatsapp\" href=\"https:\/\/api.whatsapp.com\/send?text=Restare%20in%20carcere%20causa%20sciopero%20degli%20avvocati%20penalisti%3F%20Urge%20una%20pronuncia%20della%20Corte%20Costituzionale%20https%3A%2F%2Fwww.lacostituzione.info%2Findex.php%2F2017%2F05%2F30%2Frestare-in-carcere-causa-sciopero-degli-avvocati-penalisti-urge-una-pronuncia-della-corte-costituzionale%2F\" title=\"Whatsapp\" rel=\"nofollow noopener\" target=\"_blank\" style=\"font-size:32px!important;box-shadow:none;display:inline-block;vertical-align:middle\"><span class=\"heateor_sss_svg\" style=\"background-color:#55eb4c;width:35px;height:35px;display:inline-block;opacity:1;float:left;font-size:32px;box-shadow:none;display:inline-block;font-size:16px;padding:0 4px;vertical-align:middle;background-repeat:repeat;overflow:hidden;padding:0;cursor:pointer;box-sizing:content-box\"><svg style=\"display:block;\" focusable=\"false\" aria-hidden=\"true\" xmlns=\"http:\/\/www.w3.org\/2000\/svg\" width=\"100%\" height=\"100%\" viewBox=\"-6 -5 40 40\"><path class=\"heateor_sss_svg_stroke heateor_sss_no_fill\" stroke=\"#fff\" stroke-width=\"2\" fill=\"none\" d=\"M 11.579798566743314 24.396926207859085 A 10 10 0 1 0 6.808479557110079 20.73576436351046\"><\/path><path d=\"M 7 19 l -1 6 l 6 -1\" class=\"heateor_sss_no_fill heateor_sss_svg_stroke\" stroke=\"#fff\" stroke-width=\"2\" fill=\"none\"><\/path><path d=\"M 10 10 q -1 8 8 11 c 5 -1 0 -6 -1 -3 q -4 -3 -5 -5 c 4 -2 -1 -5 -1 -4\" fill=\"#fff\"><\/path><\/svg><\/span><\/a><\/div><div class=\"heateorSssClear\"><\/div><\/div><div class='heateorSssClear'><\/div>","protected":false},"author":1,"featured_media":0,"comment_status":"open","ping_status":"open","sticky":false,"template":"","format":"standard","meta":{"jetpack_post_was_ever_published":false,"_jetpack_newsletter_access":"","_jetpack_dont_email_post_to_subs":false,"_jetpack_newsletter_tier_id":0,"_jetpack_memberships_contains_paywalled_content":false,"_jetpack_memberships_contains_paid_content":false,"footnotes":"","jetpack_publicize_message":"","jetpack_publicize_feature_enabled":true,"jetpack_social_post_already_shared":false,"jetpack_social_options":{"image_generator_settings":{"template":"highway","default_image_id":0,"enabled":false},"version":2}},"categories":[4],"tags":[623,625,627,626,149,74,624],"class_list":["post-2766","post","type-post","status-publish","format-standard","hentry","category-attualita","tag-avvocati-penalisti","tag-camere-penali","tag-codice-di-autoregolamentazione","tag-commissione-di-garanzia","tag-corte-costituzionale","tag-costituzione","tag-sciopero"],"jetpack_publicize_connections":[],"jetpack_featured_media_url":"","jetpack_shortlink":"https:\/\/wp.me\/p84sDq-IC","jetpack_likes_enabled":true,"jetpack_sharing_enabled":true,"_links":{"self":[{"href":"https:\/\/www.lacostituzione.info\/index.php\/wp-json\/wp\/v2\/posts\/2766","targetHints":{"allow":["GET"]}}],"collection":[{"href":"https:\/\/www.lacostituzione.info\/index.php\/wp-json\/wp\/v2\/posts"}],"about":[{"href":"https:\/\/www.lacostituzione.info\/index.php\/wp-json\/wp\/v2\/types\/post"}],"author":[{"embeddable":true,"href":"https:\/\/www.lacostituzione.info\/index.php\/wp-json\/wp\/v2\/users\/1"}],"replies":[{"embeddable":true,"href":"https:\/\/www.lacostituzione.info\/index.php\/wp-json\/wp\/v2\/comments?post=2766"}],"version-history":[{"count":0,"href":"https:\/\/www.lacostituzione.info\/index.php\/wp-json\/wp\/v2\/posts\/2766\/revisions"}],"wp:attachment":[{"href":"https:\/\/www.lacostituzione.info\/index.php\/wp-json\/wp\/v2\/media?parent=2766"}],"wp:term":[{"taxonomy":"category","embeddable":true,"href":"https:\/\/www.lacostituzione.info\/index.php\/wp-json\/wp\/v2\/categories?post=2766"},{"taxonomy":"post_tag","embeddable":true,"href":"https:\/\/www.lacostituzione.info\/index.php\/wp-json\/wp\/v2\/tags?post=2766"}],"curies":[{"name":"wp","href":"https:\/\/api.w.org\/{rel}","templated":true}]}}