{"id":2873,"date":"2017-06-13T14:18:46","date_gmt":"2017-06-13T12:18:46","guid":{"rendered":"http:\/\/www.lacostituzione.info\/?p=2873"},"modified":"2020-04-10T16:03:05","modified_gmt":"2020-04-10T14:03:05","slug":"il-giudice-crocefisso","status":"publish","type":"post","link":"https:\/\/www.lacostituzione.info\/index.php\/2017\/06\/13\/il-giudice-crocefisso\/","title":{"rendered":"Il giudice crocefisso"},"content":{"rendered":"<p><img loading=\"lazy\" decoding=\"async\" data-attachment-id=\"2875\" data-permalink=\"https:\/\/www.lacostituzione.info\/index.php\/2017\/06\/13\/il-giudice-crocefisso\/image-100\/#main\" data-orig-file=\"https:\/\/www.lacostituzione.info\/wp-content\/uploads\/2017\/06\/image-2.jpeg\" data-orig-size=\"1195,778\" data-comments-opened=\"1\" data-image-meta=\"{&quot;aperture&quot;:&quot;0&quot;,&quot;credit&quot;:&quot;&quot;,&quot;camera&quot;:&quot;&quot;,&quot;caption&quot;:&quot;&quot;,&quot;created_timestamp&quot;:&quot;0&quot;,&quot;copyright&quot;:&quot;&quot;,&quot;focal_length&quot;:&quot;0&quot;,&quot;iso&quot;:&quot;0&quot;,&quot;shutter_speed&quot;:&quot;0&quot;,&quot;title&quot;:&quot;&quot;,&quot;orientation&quot;:&quot;0&quot;}\" data-image-title=\"image\" data-image-description=\"\" data-image-caption=\"\" data-medium-file=\"https:\/\/www.lacostituzione.info\/wp-content\/uploads\/2017\/06\/image-2-300x195.jpeg\" data-large-file=\"https:\/\/www.lacostituzione.info\/wp-content\/uploads\/2017\/06\/image-2-1024x667.jpeg\" class=\"alignleft wp-image-2875 size-medium\" src=\"http:\/\/www.lacostituzione.info\/wp-content\/uploads\/2017\/06\/image-2-300x195.jpeg\" alt=\"\" width=\"300\" height=\"195\" srcset=\"https:\/\/www.lacostituzione.info\/wp-content\/uploads\/2017\/06\/image-2-300x195.jpeg 300w, https:\/\/www.lacostituzione.info\/wp-content\/uploads\/2017\/06\/image-2-768x500.jpeg 768w, https:\/\/www.lacostituzione.info\/wp-content\/uploads\/2017\/06\/image-2-1024x667.jpeg 1024w, https:\/\/www.lacostituzione.info\/wp-content\/uploads\/2017\/06\/image-2.jpeg 1195w\" sizes=\"auto, (max-width: 300px) 100vw, 300px\" \/>di <strong>Fulvio Cortese<\/strong><\/p>\n<p>La vicenda \u00e8 vecchia, ma una recente <a href=\"https:\/\/www.giustizia-amministrativa.it\/portale\/pages\/istituzionale\/ucm?id=4CEEOZHR5HUCBTUPLIDKO4FFQA&amp;q\" class=\"broken_link\">sentenza del Tar Sardegna<\/a> ci invita a ricordare che negli armadi chiusi si nasconde sempre qualche scheletro.<!--more--><\/p>\n<p>Nel 2009, in piena stagione di \u201cordinanze pazze\u201d (quelle, per intendersi, che molti sindaci si sono ben presto sentiti abilitati ad adottare a tutela della sicurezza urbana in seguito alla modifica dell\u2019art. 54 del TU enti locali, cos\u00ec come introdotta dal \u201cpacchetto sicurezza\u201d varato nell\u2019estate 2008), il primo cittadino di un piccolo comune sardo prescrive l\u2019affissione del crocefisso in tutti gli edifici pubblici presenti nel territorio comunale. Il provvedimento viene impugnato di fronte al giudice amministrativo dall\u2019Uaar (Unione Atei ed Agnostici Razionalisti), ma \u00e8 lo stesso sindaco a revocarlo, pochi giorni dopo la notifica del ricorso. Passa dunque qualche anno e il Tar, investito della decisione, preso atto della sopravvenuta carenza di interesse all\u2019annullamento di un provvedimento che da tempo non spiega pi\u00f9 alcun effetto, decide di pronunciarsi comunque, e sia pur brevemente, sulla legittimit\u00e0 di quell\u2019atto, stimolato dalla corrispondente richiesta dell\u2019Uaar. L\u2019occasione si rivela proficua per lasciare, per cos\u00ec dire, <em>un segno<\/em>.<\/p>\n<p>Secondo il Tar Sardegna, infatti, il ricorso \u2013 a prescindere dalla considerazione dei \u201cvizi formali dell\u2019ordinanza impugnata, divenuti irrilevanti in seguito alla revoca del provvedimento medesimo\u201d \u2013 non \u00e8 fondato, poich\u00e9 \u201cla Grande Camera della Corte europea per i diritti dell\u2019uomo, con sentenza del 18 marzo 2011, ric.30814\/06, ha assolto l\u2019Italia dall&#8217;accusa di violazione dei diritti umani per l&#8217;esposizione del crocefisso nelle aule scolastiche, affermando che la cultura dei diritti dell\u2019uomo non deve essere posta in contraddizione con i fondamenti religiosi della civilt\u00e0 europea, a cui il cristianesimo ha dato un contributo essenziale\u201d. La stessa Corte, infatti, avrebbe evidenziato \u201cche, secondo il principio di sussidiariet\u00e0, \u00e8 doveroso garantire ad ogni Paese un margine di apprezzamento quanto al valore dei simboli religiosi nella propria storia culturale e identit\u00e0 nazionale e quanto al luogo della loro esposizione\u201d; del resto, \u201cin caso contrario, in nome della libert\u00e0 religiosa si tenderebbe paradossalmente invece a limitare o persino a negare questa libert\u00e0, finendo per escluderne dallo spazio pubblico ogni espressione\u201d.<\/p>\n<p>Questa \u00e8 la decisione. E i motivi per rimanerne perplessi sono tanti. Qui occorre segnalarne almeno due.<\/p>\n<p><strong>Primo<\/strong>: senza voler tornare sulla condivisibilit\u00e0 o sulla tenuta complessiva della famosa <a href=\"https:\/\/www.giustizia.it\/giustizia\/it\/mg_1_20_1.page?facetNode_1=0_8_1_14&amp;contentId=SDU647659&amp;previsiousPage=mg_1_20\">decisione della <em>Grande Chambre<\/em><\/a> della Corte europea dei diritti dell\u2019uomo (rammentiamo che in quella sentenza si argomenta lungamente, e curiosamente, sul carattere passivo, e quindi non lesivo, del simbolo religioso considerato nell\u2019atto della sua mera ostensione pubblica\u2026), si pu\u00f2 senz\u2019altro dubitare che basti il riferimento a questa giurisprudenza per concludere che sia del tutto legittimo prescrivere con un\u2019ordinanza sindacale l\u2019obbligo di affissione di un simbolo religioso in ogni edificio pubblico del territorio comunale.<\/p>\n<p>Dalla lettura della pronuncia e della sua sintetica motivazione, viene quasi da pensare che il giudice abbia ritenuto come attinente al novero degli irrilevanti \u201cvizi formali\u201d tutti i profili procedimentali che consentirebbero, in ipotesi, di adottare un\u2019ordinanza di questo genere e che, precisamente, permetterebbero di ricondurre a razionalit\u00e0 l\u2019esercizio di un potere atipico: <em>in primis<\/em>, la motivazione sull\u2019attinenza del tema religioso alla tutela della sicurezza urbana e sulle specifiche ragioni che puntualmente avrebbero dovuto sorreggere, in concreto, l\u2019urgenza dell\u2019intervento istituzionale del sindaco. La Corte costituzionale (<a href=\"http:\/\/www.giurcost.org\/decisioni\/2011\/0115s-11.html\">sentenza n. 115\/2011<\/a>) ha evidenziato la necessit\u00e0 di rispettare rigorosamente questi limiti.<\/p>\n<p>Per non dire del fatto che, diversamente concepita, l\u2019ordinanza si trasforma da strumento potenzialmente proporzionato e flessibile per emergenze specifiche in mezzo di propaganda politico-culturale e religiosa, incorrendo in un chiaro vizio di sviamento di potere. Si pu\u00f2 davvero ammettere che \u2013 visto che per il fatto di prescrivere l\u2019esposizione del crocefisso nelle aule scolastiche l\u2019Italia non \u00e8 stata condannata \u2013 i sindaci possano farsi profeti?<\/p>\n<p><strong>Secondo<\/strong>: ammesso che sia corretto sostenere, con la Corte europea dei diritti dell\u2019uomo, che in materia di simboli religiosi gli Stati mantengono un proprio margine di apprezzamento, che fare, sul piano interno, del rispetto della riserva di legge, costituzionalmente prevista, in tema di libert\u00e0 religiosa? E che fare, inoltre, del doveroso rispetto del principio di legalit\u00e0 sostanziale?<\/p>\n<p>L\u2019impressione \u2013 ahim\u00e8 disarmante \u2013 \u00e8 che la lunga questione del crocefisso abbia ancora insegnato poco alla giurisprudenza nazionale, e che vi sia, anzi, una convinzione diffusa, specie nei giudici amministrativi, sulla possibilit\u00e0 che in proposito vi sia la pi\u00f9 ampia discrezionalit\u00e0 amministrativa e che questa possa farsi tranquillamente fonte di valutazioni e decisioni orientate da presupposizioni culturali assai critiche.<\/p>\n<p>Basti ricordare che, ancor oggi, la tesi seguita da <a href=\"http:\/\/www.costituzionalismo.it\/docs\/Tar%20Veneto.pdf\">Tar<\/a> e <a href=\"https:\/\/www.uaar.it\/uaar\/campagne\/scrocifiggiamo\/47.pdf\">Consiglio di Stato<\/a> sulla legittimit\u00e0 dell\u2019ostensione del crocefisso nelle aule scolastiche \u00e8 quella che si fonda sul suo preteso carattere laico, confermativo e affermativo della laicit\u00e0 repubblicana (e ci\u00f2 perch\u00e9 \u2013 <em>sic <\/em>\u2013 la dottrina cristiana, di cui il simbolo \u00e8 espressione, si farebbe veicolo dei principi e dei valori di solidariet\u00e0 e di eguaglianza di cui anche la nostra Costituzione si fa carico: verrebbe da domandarsi se i credenti siano cos\u00ec contenti di questo <em>battesimo laico<\/em> delle proprie convinzioni pi\u00f9 intime\u2026). Il rischio, qui, non \u00e8 tanto che un crocefisso venga esposto, quanto che a restare, in fondo, crocefisso sia il giudice, con la sua preziosa e irrinunciabile immagine di soggetto indipendente e imparziale.<\/p>\n<p>Un\u2019ultima notazione \u00e8 indispensabile. Se questo \u00e8 ci\u00f2 che resta, ancora, dell\u2019intensa stagione delle \u201cordinanze pazze\u201d e del dibattito che ne era seguito, c\u2019\u00e8 da nutrire poca fiducia sulla capacit\u00e0 razionalizzatrice della giurisprudenza dinanzi alle rinnovate \u2013 e sofisticaste \u2013 insidie del recente <em>restyling<\/em> del potere di ordinanza sindacale, cos\u00ec come rivisto dal decreto Minniti. Se si ritiene seriamente che sia ammissibile e legittimo allocare alle autorit\u00e0 locali la gestione di diritti e libert\u00e0 delicati e assai fragili, allora si deve esigere veramente che i giudici siano vigili custodi dello stato di diritto.<\/p>\n","protected":false},"excerpt":{"rendered":"<p>di Fulvio Cortese La vicenda \u00e8 vecchia, ma una recente sentenza del Tar Sardegna ci invita a ricordare che negli armadi chiusi si nasconde sempre qualche scheletro.<\/p>\n<div class='heateorSssClear'><\/div><div  class='heateor_sss_sharing_container heateor_sss_horizontal_sharing' data-heateor-sss-href='https:\/\/www.lacostituzione.info\/index.php\/2017\/06\/13\/il-giudice-crocefisso\/'><div class='heateor_sss_sharing_title' style=\"font-weight:bold\" >Condividi!<\/div><div class=\"heateor_sss_sharing_ul\"><a aria-label=\"Facebook\" class=\"heateor_sss_facebook\" href=\"https:\/\/www.facebook.com\/sharer\/sharer.php?u=https%3A%2F%2Fwww.lacostituzione.info%2Findex.php%2F2017%2F06%2F13%2Fil-giudice-crocefisso%2F\" title=\"Facebook\" rel=\"nofollow noopener\" target=\"_blank\" style=\"font-size:32px!important;box-shadow:none;display:inline-block;vertical-align:middle\"><span class=\"heateor_sss_svg\" style=\"background-color:#0765FE;width:35px;height:35px;display:inline-block;opacity:1;float:left;font-size:32px;box-shadow:none;display:inline-block;font-size:16px;padding:0 4px;vertical-align:middle;background-repeat:repeat;overflow:hidden;padding:0;cursor:pointer;box-sizing:content-box\"><svg style=\"display:block;\" focusable=\"false\" aria-hidden=\"true\" xmlns=\"http:\/\/www.w3.org\/2000\/svg\" width=\"100%\" height=\"100%\" viewBox=\"0 0 32 32\"><path fill=\"#fff\" d=\"M28 16c0-6.627-5.373-12-12-12S4 9.373 4 16c0 5.628 3.875 10.35 9.101 11.647v-7.98h-2.474V16H13.1v-1.58c0-4.085 1.849-5.978 5.859-5.978.76 0 2.072.15 2.608.298v3.325c-.283-.03-.775-.045-1.386-.045-1.967 0-2.728.745-2.728 2.683V16h3.92l-.673 3.667h-3.247v8.245C23.395 27.195 28 22.135 28 16Z\"><\/path><\/svg><\/span><\/a><a aria-label=\"Twitter\" class=\"heateor_sss_button_twitter\" href=\"https:\/\/twitter.com\/intent\/tweet?text=Il%20giudice%20crocefisso&url=https%3A%2F%2Fwww.lacostituzione.info%2Findex.php%2F2017%2F06%2F13%2Fil-giudice-crocefisso%2F\" title=\"Twitter\" rel=\"nofollow noopener\" target=\"_blank\" style=\"font-size:32px!important;box-shadow:none;display:inline-block;vertical-align:middle\"><span class=\"heateor_sss_svg heateor_sss_s__default heateor_sss_s_twitter\" style=\"background-color:#55acee;width:35px;height:35px;display:inline-block;opacity:1;float:left;font-size:32px;box-shadow:none;display:inline-block;font-size:16px;padding:0 4px;vertical-align:middle;background-repeat:repeat;overflow:hidden;padding:0;cursor:pointer;box-sizing:content-box\"><svg style=\"display:block;\" focusable=\"false\" aria-hidden=\"true\" xmlns=\"http:\/\/www.w3.org\/2000\/svg\" width=\"100%\" height=\"100%\" viewBox=\"-4 -4 39 39\"><path d=\"M28 8.557a9.913 9.913 0 0 1-2.828.775 4.93 4.93 0 0 0 2.166-2.725 9.738 9.738 0 0 1-3.13 1.194 4.92 4.92 0 0 0-3.593-1.55 4.924 4.924 0 0 0-4.794 6.049c-4.09-.21-7.72-2.17-10.15-5.15a4.942 4.942 0 0 0-.665 2.477c0 1.71.87 3.214 2.19 4.1a4.968 4.968 0 0 1-2.23-.616v.06c0 2.39 1.7 4.38 3.952 4.83-.414.115-.85.174-1.297.174-.318 0-.626-.03-.928-.086a4.935 4.935 0 0 0 4.6 3.42 9.893 9.893 0 0 1-6.114 2.107c-.398 0-.79-.023-1.175-.068a13.953 13.953 0 0 0 7.55 2.213c9.056 0 14.01-7.507 14.01-14.013 0-.213-.005-.426-.015-.637.96-.695 1.795-1.56 2.455-2.55z\" fill=\"#fff\"><\/path><\/svg><\/span><\/a><a aria-label=\"Reddit\" class=\"heateor_sss_button_reddit\" href=\"https:\/\/reddit.com\/submit?url=https%3A%2F%2Fwww.lacostituzione.info%2Findex.php%2F2017%2F06%2F13%2Fil-giudice-crocefisso%2F&title=Il%20giudice%20crocefisso\" title=\"Reddit\" rel=\"nofollow noopener\" target=\"_blank\" style=\"font-size:32px!important;box-shadow:none;display:inline-block;vertical-align:middle\"><span class=\"heateor_sss_svg heateor_sss_s__default heateor_sss_s_reddit\" style=\"background-color:#ff5700;width:35px;height:35px;display:inline-block;opacity:1;float:left;font-size:32px;box-shadow:none;display:inline-block;font-size:16px;padding:0 4px;vertical-align:middle;background-repeat:repeat;overflow:hidden;padding:0;cursor:pointer;box-sizing:content-box\"><svg style=\"display:block;\" focusable=\"false\" aria-hidden=\"true\" xmlns=\"http:\/\/www.w3.org\/2000\/svg\" width=\"100%\" height=\"100%\" viewBox=\"-3.5 -3.5 39 39\"><path d=\"M28.543 15.774a2.953 2.953 0 0 0-2.951-2.949 2.882 2.882 0 0 0-1.9.713 14.075 14.075 0 0 0-6.85-2.044l1.38-4.349 3.768.884a2.452 2.452 0 1 0 .24-1.176l-4.274-1a.6.6 0 0 0-.709.4l-1.659 5.224a14.314 14.314 0 0 0-7.316 2.029 2.908 2.908 0 0 0-1.872-.681 2.942 2.942 0 0 0-1.618 5.4 5.109 5.109 0 0 0-.062.765c0 4.158 5.037 7.541 11.229 7.541s11.22-3.383 11.22-7.541a5.2 5.2 0 0 0-.053-.706 2.963 2.963 0 0 0 1.427-2.51zm-18.008 1.88a1.753 1.753 0 0 1 1.73-1.74 1.73 1.73 0 0 1 1.709 1.74 1.709 1.709 0 0 1-1.709 1.711 1.733 1.733 0 0 1-1.73-1.711zm9.565 4.968a5.573 5.573 0 0 1-4.081 1.272h-.032a5.576 5.576 0 0 1-4.087-1.272.6.6 0 0 1 .844-.854 4.5 4.5 0 0 0 3.238.927h.032a4.5 4.5 0 0 0 3.237-.927.6.6 0 1 1 .844.854zm-.331-3.256a1.726 1.726 0 1 1 1.709-1.712 1.717 1.717 0 0 1-1.712 1.712z\" fill=\"#fff\"\/><\/svg><\/span><\/a><a aria-label=\"Linkedin\" class=\"heateor_sss_button_linkedin\" href=\"https:\/\/www.linkedin.com\/sharing\/share-offsite\/?url=https%3A%2F%2Fwww.lacostituzione.info%2Findex.php%2F2017%2F06%2F13%2Fil-giudice-crocefisso%2F\" title=\"Linkedin\" rel=\"nofollow noopener\" target=\"_blank\" style=\"font-size:32px!important;box-shadow:none;display:inline-block;vertical-align:middle\"><span class=\"heateor_sss_svg heateor_sss_s__default heateor_sss_s_linkedin\" style=\"background-color:#0077b5;width:35px;height:35px;display:inline-block;opacity:1;float:left;font-size:32px;box-shadow:none;display:inline-block;font-size:16px;padding:0 4px;vertical-align:middle;background-repeat:repeat;overflow:hidden;padding:0;cursor:pointer;box-sizing:content-box\"><svg style=\"display:block;\" focusable=\"false\" aria-hidden=\"true\" xmlns=\"http:\/\/www.w3.org\/2000\/svg\" width=\"100%\" height=\"100%\" viewBox=\"0 0 32 32\"><path d=\"M6.227 12.61h4.19v13.48h-4.19V12.61zm2.095-6.7a2.43 2.43 0 0 1 0 4.86c-1.344 0-2.428-1.09-2.428-2.43s1.084-2.43 2.428-2.43m4.72 6.7h4.02v1.84h.058c.56-1.058 1.927-2.176 3.965-2.176 4.238 0 5.02 2.792 5.02 6.42v7.395h-4.183v-6.56c0-1.564-.03-3.574-2.178-3.574-2.18 0-2.514 1.7-2.514 3.46v6.668h-4.187V12.61z\" fill=\"#fff\"><\/path><\/svg><\/span><\/a><a aria-label=\"Pinterest\" class=\"heateor_sss_button_pinterest\" href=\"https:\/\/www.lacostituzione.info\/index.php\/2017\/06\/13\/il-giudice-crocefisso\/\" onclick=\"event.preventDefault();javascript:void( (function() {var e=document.createElement('script' );e.setAttribute('type','text\/javascript' );e.setAttribute('charset','UTF-8' );e.setAttribute('src','\/\/assets.pinterest.com\/js\/pinmarklet.js?r='+Math.random()*99999999);document.body.appendChild(e)})());\" title=\"Pinterest\" rel=\"noopener\" style=\"font-size:32px!important;box-shadow:none;display:inline-block;vertical-align:middle\"><span class=\"heateor_sss_svg heateor_sss_s__default heateor_sss_s_pinterest\" style=\"background-color:#cc2329;width:35px;height:35px;display:inline-block;opacity:1;float:left;font-size:32px;box-shadow:none;display:inline-block;font-size:16px;padding:0 4px;vertical-align:middle;background-repeat:repeat;overflow:hidden;padding:0;cursor:pointer;box-sizing:content-box\"><svg style=\"display:block;\" focusable=\"false\" aria-hidden=\"true\" xmlns=\"http:\/\/www.w3.org\/2000\/svg\" width=\"100%\" height=\"100%\" viewBox=\"-2 -2 35 35\"><path fill=\"#fff\" d=\"M16.539 4.5c-6.277 0-9.442 4.5-9.442 8.253 0 2.272.86 4.293 2.705 5.046.303.125.574.005.662-.33.061-.231.205-.816.27-1.06.088-.331.053-.447-.191-.736-.532-.627-.873-1.439-.873-2.591 0-3.338 2.498-6.327 6.505-6.327 3.548 0 5.497 2.168 5.497 5.062 0 3.81-1.686 7.025-4.188 7.025-1.382 0-2.416-1.142-2.085-2.545.397-1.674 1.166-3.48 1.166-4.689 0-1.081-.581-1.983-1.782-1.983-1.413 0-2.548 1.462-2.548 3.419 0 1.247.421 2.091.421 2.091l-1.699 7.199c-.505 2.137-.076 4.755-.039 5.019.021.158.223.196.314.077.13-.17 1.813-2.247 2.384-4.324.162-.587.929-3.631.929-3.631.46.876 1.801 1.646 3.227 1.646 4.247 0 7.128-3.871 7.128-9.053.003-3.918-3.317-7.568-8.361-7.568z\"\/><\/svg><\/span><\/a><a aria-label=\"Whatsapp\" class=\"heateor_sss_whatsapp\" href=\"https:\/\/api.whatsapp.com\/send?text=Il%20giudice%20crocefisso%20https%3A%2F%2Fwww.lacostituzione.info%2Findex.php%2F2017%2F06%2F13%2Fil-giudice-crocefisso%2F\" title=\"Whatsapp\" rel=\"nofollow noopener\" target=\"_blank\" style=\"font-size:32px!important;box-shadow:none;display:inline-block;vertical-align:middle\"><span class=\"heateor_sss_svg\" style=\"background-color:#55eb4c;width:35px;height:35px;display:inline-block;opacity:1;float:left;font-size:32px;box-shadow:none;display:inline-block;font-size:16px;padding:0 4px;vertical-align:middle;background-repeat:repeat;overflow:hidden;padding:0;cursor:pointer;box-sizing:content-box\"><svg style=\"display:block;\" focusable=\"false\" aria-hidden=\"true\" xmlns=\"http:\/\/www.w3.org\/2000\/svg\" width=\"100%\" height=\"100%\" viewBox=\"-6 -5 40 40\"><path class=\"heateor_sss_svg_stroke heateor_sss_no_fill\" stroke=\"#fff\" stroke-width=\"2\" fill=\"none\" d=\"M 11.579798566743314 24.396926207859085 A 10 10 0 1 0 6.808479557110079 20.73576436351046\"><\/path><path d=\"M 7 19 l -1 6 l 6 -1\" class=\"heateor_sss_no_fill heateor_sss_svg_stroke\" stroke=\"#fff\" stroke-width=\"2\" fill=\"none\"><\/path><path d=\"M 10 10 q -1 8 8 11 c 5 -1 0 -6 -1 -3 q -4 -3 -5 -5 c 4 -2 -1 -5 -1 -4\" fill=\"#fff\"><\/path><\/svg><\/span><\/a><\/div><div class=\"heateorSssClear\"><\/div><\/div><div class='heateorSssClear'><\/div>","protected":false},"author":7,"featured_media":0,"comment_status":"open","ping_status":"open","sticky":false,"template":"","format":"standard","meta":{"jetpack_post_was_ever_published":false,"_jetpack_newsletter_access":"","_jetpack_dont_email_post_to_subs":false,"_jetpack_newsletter_tier_id":0,"_jetpack_memberships_contains_paywalled_content":false,"_jetpack_memberships_contains_paid_content":false,"footnotes":"","jetpack_publicize_message":"","jetpack_publicize_feature_enabled":true,"jetpack_social_post_already_shared":false,"jetpack_social_options":{"image_generator_settings":{"template":"highway","default_image_id":0,"enabled":false},"version":2}},"categories":[4],"tags":[119,149,602,674,677,676,675],"class_list":["post-2873","post","type-post","status-publish","format-standard","hentry","category-attualita","tag-consiglio-di-stato","tag-corte-costituzionale","tag-corte-europea-diritti-delluomo","tag-crocefisso","tag-crocefisso-in-edifici-pubblici","tag-ordinanze-pazze","tag-tar-sardegna"],"jetpack_publicize_connections":[],"jetpack_featured_media_url":"","jetpack_shortlink":"https:\/\/wp.me\/p84sDq-Kl","jetpack_likes_enabled":true,"jetpack_sharing_enabled":true,"_links":{"self":[{"href":"https:\/\/www.lacostituzione.info\/index.php\/wp-json\/wp\/v2\/posts\/2873","targetHints":{"allow":["GET"]}}],"collection":[{"href":"https:\/\/www.lacostituzione.info\/index.php\/wp-json\/wp\/v2\/posts"}],"about":[{"href":"https:\/\/www.lacostituzione.info\/index.php\/wp-json\/wp\/v2\/types\/post"}],"author":[{"embeddable":true,"href":"https:\/\/www.lacostituzione.info\/index.php\/wp-json\/wp\/v2\/users\/7"}],"replies":[{"embeddable":true,"href":"https:\/\/www.lacostituzione.info\/index.php\/wp-json\/wp\/v2\/comments?post=2873"}],"version-history":[{"count":0,"href":"https:\/\/www.lacostituzione.info\/index.php\/wp-json\/wp\/v2\/posts\/2873\/revisions"}],"wp:attachment":[{"href":"https:\/\/www.lacostituzione.info\/index.php\/wp-json\/wp\/v2\/media?parent=2873"}],"wp:term":[{"taxonomy":"category","embeddable":true,"href":"https:\/\/www.lacostituzione.info\/index.php\/wp-json\/wp\/v2\/categories?post=2873"},{"taxonomy":"post_tag","embeddable":true,"href":"https:\/\/www.lacostituzione.info\/index.php\/wp-json\/wp\/v2\/tags?post=2873"}],"curies":[{"name":"wp","href":"https:\/\/api.w.org\/{rel}","templated":true}]}}