{"id":2888,"date":"2017-06-14T19:53:35","date_gmt":"2017-06-14T17:53:35","guid":{"rendered":"http:\/\/www.lacostituzione.info\/?p=2888"},"modified":"2018-01-03T10:28:52","modified_gmt":"2018-01-03T09:28:52","slug":"un-fascio-di-polemiche-ma-quanti-conoscono-le-norme","status":"publish","type":"post","link":"https:\/\/www.lacostituzione.info\/index.php\/2017\/06\/14\/un-fascio-di-polemiche-ma-quanti-conoscono-le-norme\/","title":{"rendered":"Un &#8220;fascio&#8221; di polemiche, ma quanti conoscono le norme?"},"content":{"rendered":"<p><strong><img loading=\"lazy\" decoding=\"async\" data-attachment-id=\"2889\" data-permalink=\"https:\/\/www.lacostituzione.info\/index.php\/2017\/06\/14\/un-fascio-di-polemiche-ma-quanti-conoscono-le-norme\/lista-fasci_fb_thumb660x453\/#main\" data-orig-file=\"https:\/\/www.lacostituzione.info\/wp-content\/uploads\/2017\/06\/lista-fasci_fb_thumb660x453.jpg\" data-orig-size=\"425,453\" data-comments-opened=\"1\" data-image-meta=\"{&quot;aperture&quot;:&quot;0&quot;,&quot;credit&quot;:&quot;&quot;,&quot;camera&quot;:&quot;&quot;,&quot;caption&quot;:&quot;&quot;,&quot;created_timestamp&quot;:&quot;0&quot;,&quot;copyright&quot;:&quot;&quot;,&quot;focal_length&quot;:&quot;0&quot;,&quot;iso&quot;:&quot;0&quot;,&quot;shutter_speed&quot;:&quot;0&quot;,&quot;title&quot;:&quot;&quot;,&quot;orientation&quot;:&quot;0&quot;}\" data-image-title=\"lista-fasci_fb_thumb660x453\" data-image-description=\"\" data-image-caption=\"\" data-medium-file=\"https:\/\/www.lacostituzione.info\/wp-content\/uploads\/2017\/06\/lista-fasci_fb_thumb660x453-281x300.jpg\" data-large-file=\"https:\/\/www.lacostituzione.info\/wp-content\/uploads\/2017\/06\/lista-fasci_fb_thumb660x453.jpg\" class=\"alignleft wp-image-2889 size-thumbnail\" src=\"http:\/\/www.lacostituzione.info\/wp-content\/uploads\/2017\/06\/lista-fasci_fb_thumb660x453-150x150.jpg\" alt=\"\" width=\"150\" height=\"150\" \/><\/strong>di <strong>Gabriele Maestri<\/strong> *<\/p>\n<p>Era prevedibile che l\u2019ammissione della lista <strong>Fasci italiani del lavoro <\/strong>nel piccolo comune mantovano di <strong>Sermide e Felonica<\/strong> (con la candidata sindaca eletta in consiglio) scatenasse un vespaio, alimentato da una lettera mandata dalla presidente della Camera <strong>Laura Boldrini<\/strong> al ministro dell\u2019interno Marco Minniti.<!--more--><\/p>\n<p>I <em>media <\/em>hanno dato debitamente conto delle reazioni (comprensibili) dell\u2019Anpi e di altre associazioni e di vari politici, indignati o spaventati dall\u2019idea che passi il messaggio che \u201cil partito fascista pu\u00f2 presentarsi alle elezioni\u201d (anche se la stessa lista aveva partecipato ad altre tre tornate elettorali, con meno polemiche rispetto a oggi). Eppure, come studioso di diritto elettorale e di simboli dei partiti, non sono scandalizzato: di questa questione si discute da un quarto di secolo e molti si indignano ogni volta, spesso senza conoscere a fondo le regole.<\/p>\n<p>Partiamo da queste. Si cita sempre la XII disposizione finale della Costituzione, per cui \u201c\u00c8 vietata la riorganizzazione, sotto qualsiasi forma, del disciolto partito fascista\u201d; si cita anche la &#8220;legge Scelba&#8221; (legge 20 giugno 1952, n. 645) che punisce tanto la ricostituzione del &#8220;disciolto&#8221; partito fascista, l&#8217;apologia di fascismo e le manifestazioni fasciste. Ma di quali fattispecie parliamo? Dall&#8217;inizio, della XII disposizione finale si \u00e8 data una lettura restrittiva, visto che si va a limitare la libert\u00e0 di associarsi in partiti politici (non a caso, l\u2019art. 49 esige solo che il concorso alla politica nazionale avvenga \u201ccon metodo democratico\u201d): il testo non vieta la ricostituzione di un <em>qualunque<\/em> partito fascista, ma del \u201cdisciolto partito fascista\u201d (la prima parola \u00e8 stata aggiunta nella discussione alla Costituente), per cui <strong>\u00e8 vietato richiamarsi interamente a quell\u2019esperienza, nelle stesse forme e con gli stessi metodi di allora<\/strong>.<\/p>\n<p>Quanto alla \u201clegge Scelba\u201d, per il suo art. 1 si ha \u201criorganizzazione del disciolto partito fascista\u201d quando \u201cuna associazione, un movimento o comunque un gruppo di persone non inferiore a cinque persegue finalit\u00e0 antidemocratiche proprie del partito fascista, esaltando, minacciando o usando la violenza quale metodo di lotta politica o propugnando la soppressione delle libert\u00e0 garantite dalla Costituzione o denigrando la democrazia, le sue istituzioni e i valori della Resistenza, o svolgendo propaganda razzista, ovvero rivolge la sua attivit\u00e0 alla esaltazione di esponenti, principi, fatti e metodi propri del predetto partito o compie manifestazioni esteriori di carattere fascista\u201d. Bench\u00e9 l\u2019ultima frase sembri meno concreta di quelle precedenti, anche questa dev\u2019essere letta alla luce delle parole che precedono e del fatto che, via via, si \u00e8 cercato di ridurre lo spazio dei reati di mera opinione: <strong>non si ritiene pi\u00f9 giusto punire per un&#8217;idea, ma solo se quell&#8217;idea minaccia in concreto i diritti degli altri<\/strong>.<\/p>\n<p>Ora, da studioso di simboli <a href=\"http:\/\/www.isimbolidelladiscordia.it\/2013\/01\/fascio-si-fascio-no.html\">mi \u00e8 capitato varie volte di occuparmi<\/a> del <strong>Movimento Fascismo e libert\u00e0 <\/strong>(Mfl), fondato all&#8217;inizio degli anni \u201990 da Giorgio Pisan\u00f2. \u00c8 giusto dire che dal 1992 in poi, <strong>nessuno dei procedimenti penali iniziati nei confronti di Fascismo e libert\u00e0 si \u00e8 concluso con una condanna<\/strong>. Nello statuto del Mfl si legge, tra l\u2019altro, che \u201cIl Movimento fa propria tutta l&#8217;ideologia Fascista Mussoliniana escludendo dal contesto politico, sociale e civile ogni qualsiasi forma di violenza fisica, morale e\/o psicologica rivolta nei confronti dei cittadini appartenenti a qualsiasi nazione, razza, ceto e religione che non si riconoscono ideologicamente nel pensiero politico\u201d del partito stesso. Nulla, dunque, che possa permettere di parlare di ricostituzione del partito fascista.<\/p>\n<p>Certo, il piano elettorale e quello penale sono distinti: non tutto ci\u00f2 che \u00e8 penalmente non rilevante \u00e8 ammissibile quando si vota. Dal 1992 il Mfl ha cercato spesso di far ammettere il suo contrassegno alle elezioni nazionali, cos\u00ec come ha presentato candidature nei comuni pi\u00f9 piccoli, andando incontro a molte difficolt\u00e0. Nel 1994 il Consiglio di Stato, interpellato dal Viminale sul caso di Fascismo e libert\u00e0, in un parere ha riconosciuto che (pur mancando divieti espliciti per i contrassegni elettorali) \u201cnon \u00e8 concepibile che un raggruppamento politico partecipi alla competizione elettorale sotto un contrassegno che si richiama esplicitamente al partito fascista bandito irrevocabilmente dalla Costituzione\u201d (anche se non si pu\u00f2 parlare di ricostituzione del partito fascista).<\/p>\n<p>Per i giudici di Palazzo Spada era illegittimo esporre \u201ccongiuntamente l\u2019emblema del fascio e una scritta comprendente la parola \u2018fascismo\u2019\u201d, <strong>non era per\u00f2 illegittimo l\u2019uso del fascio in s\u00e9<\/strong>, magari accompagnato da parole diverse da \u201cfascismo\u201d. Il fascio, infatti, era un segno romano e prima ancora etrusco, poi ha assunto \u201cil valore di simbolo della forma repubblicana dello Stato\u201d (specie nella Repubblica romana di Mazzini, citata pure nello statuto dei Fasci oggi discussi). L\u2019uso fatto dal partito di Mussolini, dunque, non consente di dire \u201cche quel simbolo, in s\u00e9 e per se, abbia un significato unico ed univoco\u201d: usare il fascio in un contrassegno elettorale, insomma, per il Consiglio di Stato \u00e8 ammissibile, purch\u00e9 sia \u201c<strong>disgiunto dalla parola &#8216;fascismo&#8217;\u201d. <\/strong>Il Ministero dell&#8217;interno ha sempre letto il parere in modo restrittivo, non ammettendo emblemi col fascio del tutto in vista (ma una volta, nel 2001, un\u2019intera catasta di fasci sfugg\u00ec ai funzionari); le commissioni elettorali locali \u2013 che in sede di esame delle candidature devono procedere a controlli molto pi\u00f9 impegnativi per vari comuni \u2013 invece oscillano tra la linea dura e quella morbida, che ammette emblemi con il solo fascio, anche non nascosto, purch\u00e9 non vi sia alcun accenno al fascismo.<\/p>\n<p>Visti questi precedenti, occorre chiedersi \u2013 a costo di apparire lapalissiani \u2013 se i Fasci italiani del lavoro sono fascisti. In base allo statuto \u2013 unico documento che conta per inquadrare un soggetto politico \u2013 il loro fine ultimo \u00e8 la \u201cdemocrazia delle categorie\u201d con \u201cl\u2019individuo al di sopra dalla lotta di classe, nel quadro di istituzioni rappresentative della volont\u00e0 popolare liberamente elette (Presidente della Repubblica, Paramento), dove il cittadino-produttore [&#8230;] possa diventare compartecipe della gestione dello Stato e della Produzione e beneficiario degli utili che dalla Produzione derivano\u201d. C\u2019\u00e8 un giudizio duro sui partiti, \u201cormai egemoni e arbitri incontrollabili della vita del singoli e della collettivit\u00e0 nazionale\u201d, ma non \u00e8 campato in aria ed \u00e8 cosa diversa dal chiedere la loro abolizione.<\/p>\n<p>Al di l\u00e0 di intenti revisionistici (si nega che il fascismo sia stato frutto della sola violenza di pochi sul popolo italiano e che non potesse avere sbocchi democratici), l\u2019orizzonte dei Fasci \u00e8 la democrazia corporativa, la sottrazione del lavoratore alle leggi del mercato, che deve convivere per\u00f2 con \u201cla salvaguardia delle libert\u00e0 di stampa, di associazione, di espressione e di religione\u201d e il \u201crifiuto di ogni forma di discriminazione razziale, rivendicando il rispetto di ogni etnia ciascuna con le proprie peculiarit\u00e0 culturali\u201d. Lo statuto auspica poi come forma di governo una repubblica presidenziale, con un Parlamento bicamerale (eletto con sistema proporzionale e soglia di sbarramento al 5%) diviso tra una Camera (\u201cespressione dei partiti politici\u201d, al plurale&#8230;) che approvi le leggi e un Senato \u201crappresentanza di tutte le categorie produttive\u201d che ne verifichi l&#8217;applicazione. Certo, si parla anche di \u201csoppressione delle norme costituzionali transitorie e delle legislazioni speciali\u201d, di \u201cpacificazione effettiva, con il riconoscimento del servizio militare prestato dai Combattenti della Rsi\u201d e di \u201cverit\u00e0 storiche\u201d da ristabilire, sul fascismo, sul trattato di resa agli Alleati e sul trattato di pace: elementi sgradevoli, ma molto simili a quelli propugnati negli anni da persone e partiti regolarmente presenti nel Parlamento repubblicano.<\/p>\n<p><strong>Basta questo per dire che i Fasci italiani del lavoro sono un tentativo di ricostituire il \u201cdisciolto partito fascista\u201d? Probabilmente no<\/strong>. \u00c8 sufficiente invece a vietare l&#8217;uso del simbolo? La risposta \u00e8 pi\u00f9 difficile. La parola \u201cFasci\u201d, per riprendere la domanda di prima, di per s\u00e9 non \u00e8 fascista, visto che \u00e8 ben precedente (si pensi ai Fasci siciliani dei lavoratori di fine &#8216;800); gli intenti svelati nello statuto sono \u201cfascisti\u201d, ma non per la parte violenta o nemica della libert\u00e0.<\/p>\n<p>Non mi sento di dire che i membri della commissione elettorale (a quanto si apprende, sostituiti dalla prefettura di Mantova) siano stati distratti o superficiali: mi pare che abbiano agito \u2013 non senza avere dubbi, probabilmente \u2013 in conformit\u00e0 al parere del Consiglio di Stato del 1994 e alla lettura restrittiva delle disposizioni costituzionali e di legge. Non \u00e8 impossibile che, nel dubbio, abbiano scelto di ammettere il simbolo, preferendo allargare il numero di concorrenti piuttosto che restringerlo; se avessero optato per la bocciatura del simbolo, i giudici amministrativi avrebbero potuto riammetterlo con riserva (lo hanno fatto nel 1993, con il simbolo di Fascismo e libert\u00e0 con il fascio in bella vista e il nome modificato in Democrazia corporativa e libert\u00e0).<\/p>\n<p>Morale, non serve indignarsi per la mancata applicazione delle norme sul partito fascista: queste ci sono, ma applicarle qui non avrebbe portato a escludere correttamente il simbolo. Si pu\u00f2 ritenere che una disposizione o la sua interpretazione (cio\u00e8 la norma) siano blande. Ma se ci sono e finch\u00e9 ci sono, vanno applicate quelle, non altre.<\/p>\n<p><em>*Dottore di ricerca in Teoria dello Stato e istituzioni politiche comparate all\u2019Universit\u00e0 di Roma \u201cLa Sapienza\u201d<\/em><\/p>\n","protected":false},"excerpt":{"rendered":"<p>di Gabriele Maestri * Era prevedibile che l\u2019ammissione della lista Fasci italiani del lavoro nel piccolo comune mantovano di Sermide e Felonica (con la candidata sindaca eletta in consiglio) scatenasse un vespaio, alimentato da una lettera mandata dalla presidente della Camera Laura Boldrini al ministro dell\u2019interno Marco Minniti.<\/p>\n<div class='heateorSssClear'><\/div><div  class='heateor_sss_sharing_container heateor_sss_horizontal_sharing' data-heateor-sss-href='https:\/\/www.lacostituzione.info\/index.php\/2017\/06\/14\/un-fascio-di-polemiche-ma-quanti-conoscono-le-norme\/'><div class='heateor_sss_sharing_title' style=\"font-weight:bold\" >Condividi!<\/div><div class=\"heateor_sss_sharing_ul\"><a aria-label=\"Facebook\" class=\"heateor_sss_facebook\" href=\"https:\/\/www.facebook.com\/sharer\/sharer.php?u=https%3A%2F%2Fwww.lacostituzione.info%2Findex.php%2F2017%2F06%2F14%2Fun-fascio-di-polemiche-ma-quanti-conoscono-le-norme%2F\" title=\"Facebook\" rel=\"nofollow noopener\" target=\"_blank\" style=\"font-size:32px!important;box-shadow:none;display:inline-block;vertical-align:middle\"><span class=\"heateor_sss_svg\" style=\"background-color:#0765FE;width:35px;height:35px;display:inline-block;opacity:1;float:left;font-size:32px;box-shadow:none;display:inline-block;font-size:16px;padding:0 4px;vertical-align:middle;background-repeat:repeat;overflow:hidden;padding:0;cursor:pointer;box-sizing:content-box\"><svg style=\"display:block;\" focusable=\"false\" aria-hidden=\"true\" xmlns=\"http:\/\/www.w3.org\/2000\/svg\" width=\"100%\" height=\"100%\" viewBox=\"0 0 32 32\"><path fill=\"#fff\" d=\"M28 16c0-6.627-5.373-12-12-12S4 9.373 4 16c0 5.628 3.875 10.35 9.101 11.647v-7.98h-2.474V16H13.1v-1.58c0-4.085 1.849-5.978 5.859-5.978.76 0 2.072.15 2.608.298v3.325c-.283-.03-.775-.045-1.386-.045-1.967 0-2.728.745-2.728 2.683V16h3.92l-.673 3.667h-3.247v8.245C23.395 27.195 28 22.135 28 16Z\"><\/path><\/svg><\/span><\/a><a aria-label=\"Twitter\" class=\"heateor_sss_button_twitter\" href=\"https:\/\/twitter.com\/intent\/tweet?text=Un%20%22fascio%22%20di%20polemiche%2C%20ma%20quanti%20conoscono%20le%20norme%3F&url=https%3A%2F%2Fwww.lacostituzione.info%2Findex.php%2F2017%2F06%2F14%2Fun-fascio-di-polemiche-ma-quanti-conoscono-le-norme%2F\" title=\"Twitter\" rel=\"nofollow noopener\" target=\"_blank\" style=\"font-size:32px!important;box-shadow:none;display:inline-block;vertical-align:middle\"><span class=\"heateor_sss_svg heateor_sss_s__default heateor_sss_s_twitter\" style=\"background-color:#55acee;width:35px;height:35px;display:inline-block;opacity:1;float:left;font-size:32px;box-shadow:none;display:inline-block;font-size:16px;padding:0 4px;vertical-align:middle;background-repeat:repeat;overflow:hidden;padding:0;cursor:pointer;box-sizing:content-box\"><svg style=\"display:block;\" focusable=\"false\" aria-hidden=\"true\" xmlns=\"http:\/\/www.w3.org\/2000\/svg\" width=\"100%\" height=\"100%\" viewBox=\"-4 -4 39 39\"><path d=\"M28 8.557a9.913 9.913 0 0 1-2.828.775 4.93 4.93 0 0 0 2.166-2.725 9.738 9.738 0 0 1-3.13 1.194 4.92 4.92 0 0 0-3.593-1.55 4.924 4.924 0 0 0-4.794 6.049c-4.09-.21-7.72-2.17-10.15-5.15a4.942 4.942 0 0 0-.665 2.477c0 1.71.87 3.214 2.19 4.1a4.968 4.968 0 0 1-2.23-.616v.06c0 2.39 1.7 4.38 3.952 4.83-.414.115-.85.174-1.297.174-.318 0-.626-.03-.928-.086a4.935 4.935 0 0 0 4.6 3.42 9.893 9.893 0 0 1-6.114 2.107c-.398 0-.79-.023-1.175-.068a13.953 13.953 0 0 0 7.55 2.213c9.056 0 14.01-7.507 14.01-14.013 0-.213-.005-.426-.015-.637.96-.695 1.795-1.56 2.455-2.55z\" fill=\"#fff\"><\/path><\/svg><\/span><\/a><a aria-label=\"Reddit\" class=\"heateor_sss_button_reddit\" href=\"https:\/\/reddit.com\/submit?url=https%3A%2F%2Fwww.lacostituzione.info%2Findex.php%2F2017%2F06%2F14%2Fun-fascio-di-polemiche-ma-quanti-conoscono-le-norme%2F&title=Un%20%22fascio%22%20di%20polemiche%2C%20ma%20quanti%20conoscono%20le%20norme%3F\" title=\"Reddit\" rel=\"nofollow noopener\" target=\"_blank\" style=\"font-size:32px!important;box-shadow:none;display:inline-block;vertical-align:middle\"><span class=\"heateor_sss_svg heateor_sss_s__default heateor_sss_s_reddit\" style=\"background-color:#ff5700;width:35px;height:35px;display:inline-block;opacity:1;float:left;font-size:32px;box-shadow:none;display:inline-block;font-size:16px;padding:0 4px;vertical-align:middle;background-repeat:repeat;overflow:hidden;padding:0;cursor:pointer;box-sizing:content-box\"><svg style=\"display:block;\" focusable=\"false\" aria-hidden=\"true\" xmlns=\"http:\/\/www.w3.org\/2000\/svg\" width=\"100%\" height=\"100%\" viewBox=\"-3.5 -3.5 39 39\"><path d=\"M28.543 15.774a2.953 2.953 0 0 0-2.951-2.949 2.882 2.882 0 0 0-1.9.713 14.075 14.075 0 0 0-6.85-2.044l1.38-4.349 3.768.884a2.452 2.452 0 1 0 .24-1.176l-4.274-1a.6.6 0 0 0-.709.4l-1.659 5.224a14.314 14.314 0 0 0-7.316 2.029 2.908 2.908 0 0 0-1.872-.681 2.942 2.942 0 0 0-1.618 5.4 5.109 5.109 0 0 0-.062.765c0 4.158 5.037 7.541 11.229 7.541s11.22-3.383 11.22-7.541a5.2 5.2 0 0 0-.053-.706 2.963 2.963 0 0 0 1.427-2.51zm-18.008 1.88a1.753 1.753 0 0 1 1.73-1.74 1.73 1.73 0 0 1 1.709 1.74 1.709 1.709 0 0 1-1.709 1.711 1.733 1.733 0 0 1-1.73-1.711zm9.565 4.968a5.573 5.573 0 0 1-4.081 1.272h-.032a5.576 5.576 0 0 1-4.087-1.272.6.6 0 0 1 .844-.854 4.5 4.5 0 0 0 3.238.927h.032a4.5 4.5 0 0 0 3.237-.927.6.6 0 1 1 .844.854zm-.331-3.256a1.726 1.726 0 1 1 1.709-1.712 1.717 1.717 0 0 1-1.712 1.712z\" fill=\"#fff\"\/><\/svg><\/span><\/a><a aria-label=\"Linkedin\" class=\"heateor_sss_button_linkedin\" href=\"https:\/\/www.linkedin.com\/sharing\/share-offsite\/?url=https%3A%2F%2Fwww.lacostituzione.info%2Findex.php%2F2017%2F06%2F14%2Fun-fascio-di-polemiche-ma-quanti-conoscono-le-norme%2F\" title=\"Linkedin\" rel=\"nofollow noopener\" target=\"_blank\" style=\"font-size:32px!important;box-shadow:none;display:inline-block;vertical-align:middle\"><span class=\"heateor_sss_svg heateor_sss_s__default heateor_sss_s_linkedin\" style=\"background-color:#0077b5;width:35px;height:35px;display:inline-block;opacity:1;float:left;font-size:32px;box-shadow:none;display:inline-block;font-size:16px;padding:0 4px;vertical-align:middle;background-repeat:repeat;overflow:hidden;padding:0;cursor:pointer;box-sizing:content-box\"><svg style=\"display:block;\" focusable=\"false\" aria-hidden=\"true\" xmlns=\"http:\/\/www.w3.org\/2000\/svg\" width=\"100%\" height=\"100%\" viewBox=\"0 0 32 32\"><path d=\"M6.227 12.61h4.19v13.48h-4.19V12.61zm2.095-6.7a2.43 2.43 0 0 1 0 4.86c-1.344 0-2.428-1.09-2.428-2.43s1.084-2.43 2.428-2.43m4.72 6.7h4.02v1.84h.058c.56-1.058 1.927-2.176 3.965-2.176 4.238 0 5.02 2.792 5.02 6.42v7.395h-4.183v-6.56c0-1.564-.03-3.574-2.178-3.574-2.18 0-2.514 1.7-2.514 3.46v6.668h-4.187V12.61z\" fill=\"#fff\"><\/path><\/svg><\/span><\/a><a aria-label=\"Pinterest\" class=\"heateor_sss_button_pinterest\" href=\"https:\/\/www.lacostituzione.info\/index.php\/2017\/06\/14\/un-fascio-di-polemiche-ma-quanti-conoscono-le-norme\/\" onclick=\"event.preventDefault();javascript:void( (function() {var e=document.createElement('script' );e.setAttribute('type','text\/javascript' );e.setAttribute('charset','UTF-8' );e.setAttribute('src','\/\/assets.pinterest.com\/js\/pinmarklet.js?r='+Math.random()*99999999);document.body.appendChild(e)})());\" title=\"Pinterest\" rel=\"noopener\" style=\"font-size:32px!important;box-shadow:none;display:inline-block;vertical-align:middle\"><span class=\"heateor_sss_svg heateor_sss_s__default heateor_sss_s_pinterest\" style=\"background-color:#cc2329;width:35px;height:35px;display:inline-block;opacity:1;float:left;font-size:32px;box-shadow:none;display:inline-block;font-size:16px;padding:0 4px;vertical-align:middle;background-repeat:repeat;overflow:hidden;padding:0;cursor:pointer;box-sizing:content-box\"><svg style=\"display:block;\" focusable=\"false\" aria-hidden=\"true\" xmlns=\"http:\/\/www.w3.org\/2000\/svg\" width=\"100%\" height=\"100%\" viewBox=\"-2 -2 35 35\"><path fill=\"#fff\" d=\"M16.539 4.5c-6.277 0-9.442 4.5-9.442 8.253 0 2.272.86 4.293 2.705 5.046.303.125.574.005.662-.33.061-.231.205-.816.27-1.06.088-.331.053-.447-.191-.736-.532-.627-.873-1.439-.873-2.591 0-3.338 2.498-6.327 6.505-6.327 3.548 0 5.497 2.168 5.497 5.062 0 3.81-1.686 7.025-4.188 7.025-1.382 0-2.416-1.142-2.085-2.545.397-1.674 1.166-3.48 1.166-4.689 0-1.081-.581-1.983-1.782-1.983-1.413 0-2.548 1.462-2.548 3.419 0 1.247.421 2.091.421 2.091l-1.699 7.199c-.505 2.137-.076 4.755-.039 5.019.021.158.223.196.314.077.13-.17 1.813-2.247 2.384-4.324.162-.587.929-3.631.929-3.631.46.876 1.801 1.646 3.227 1.646 4.247 0 7.128-3.871 7.128-9.053.003-3.918-3.317-7.568-8.361-7.568z\"\/><\/svg><\/span><\/a><a aria-label=\"Whatsapp\" class=\"heateor_sss_whatsapp\" href=\"https:\/\/api.whatsapp.com\/send?text=Un%20%22fascio%22%20di%20polemiche%2C%20ma%20quanti%20conoscono%20le%20norme%3F%20https%3A%2F%2Fwww.lacostituzione.info%2Findex.php%2F2017%2F06%2F14%2Fun-fascio-di-polemiche-ma-quanti-conoscono-le-norme%2F\" title=\"Whatsapp\" rel=\"nofollow noopener\" target=\"_blank\" style=\"font-size:32px!important;box-shadow:none;display:inline-block;vertical-align:middle\"><span class=\"heateor_sss_svg\" style=\"background-color:#55eb4c;width:35px;height:35px;display:inline-block;opacity:1;float:left;font-size:32px;box-shadow:none;display:inline-block;font-size:16px;padding:0 4px;vertical-align:middle;background-repeat:repeat;overflow:hidden;padding:0;cursor:pointer;box-sizing:content-box\"><svg style=\"display:block;\" focusable=\"false\" aria-hidden=\"true\" xmlns=\"http:\/\/www.w3.org\/2000\/svg\" width=\"100%\" height=\"100%\" viewBox=\"-6 -5 40 40\"><path class=\"heateor_sss_svg_stroke heateor_sss_no_fill\" stroke=\"#fff\" stroke-width=\"2\" fill=\"none\" d=\"M 11.579798566743314 24.396926207859085 A 10 10 0 1 0 6.808479557110079 20.73576436351046\"><\/path><path d=\"M 7 19 l -1 6 l 6 -1\" class=\"heateor_sss_no_fill heateor_sss_svg_stroke\" stroke=\"#fff\" stroke-width=\"2\" fill=\"none\"><\/path><path d=\"M 10 10 q -1 8 8 11 c 5 -1 0 -6 -1 -3 q -4 -3 -5 -5 c 4 -2 -1 -5 -1 -4\" fill=\"#fff\"><\/path><\/svg><\/span><\/a><\/div><div class=\"heateorSssClear\"><\/div><\/div><div class='heateorSssClear'><\/div>","protected":false},"author":1,"featured_media":0,"comment_status":"open","ping_status":"open","sticky":false,"template":"","format":"standard","meta":{"jetpack_post_was_ever_published":false,"_jetpack_newsletter_access":"","_jetpack_dont_email_post_to_subs":false,"_jetpack_newsletter_tier_id":0,"_jetpack_memberships_contains_paywalled_content":false,"_jetpack_memberships_contains_paid_content":false,"footnotes":"","jetpack_publicize_message":"","jetpack_publicize_feature_enabled":true,"jetpack_social_post_already_shared":false,"jetpack_social_options":{"image_generator_settings":{"template":"highway","default_image_id":0,"enabled":false},"version":2}},"categories":[4],"tags":[681,119,74,192,682,683,684,685],"class_list":["post-2888","post","type-post","status-publish","format-standard","hentry","category-attualita","tag-anpi","tag-consiglio-di-stato","tag-costituzione","tag-elezioni","tag-fasci","tag-fascismo","tag-liste-elettorali","tag-simbolo-partito"],"jetpack_publicize_connections":[],"jetpack_featured_media_url":"","jetpack_shortlink":"https:\/\/wp.me\/p84sDq-KA","jetpack_likes_enabled":true,"jetpack_sharing_enabled":true,"_links":{"self":[{"href":"https:\/\/www.lacostituzione.info\/index.php\/wp-json\/wp\/v2\/posts\/2888","targetHints":{"allow":["GET"]}}],"collection":[{"href":"https:\/\/www.lacostituzione.info\/index.php\/wp-json\/wp\/v2\/posts"}],"about":[{"href":"https:\/\/www.lacostituzione.info\/index.php\/wp-json\/wp\/v2\/types\/post"}],"author":[{"embeddable":true,"href":"https:\/\/www.lacostituzione.info\/index.php\/wp-json\/wp\/v2\/users\/1"}],"replies":[{"embeddable":true,"href":"https:\/\/www.lacostituzione.info\/index.php\/wp-json\/wp\/v2\/comments?post=2888"}],"version-history":[{"count":0,"href":"https:\/\/www.lacostituzione.info\/index.php\/wp-json\/wp\/v2\/posts\/2888\/revisions"}],"wp:attachment":[{"href":"https:\/\/www.lacostituzione.info\/index.php\/wp-json\/wp\/v2\/media?parent=2888"}],"wp:term":[{"taxonomy":"category","embeddable":true,"href":"https:\/\/www.lacostituzione.info\/index.php\/wp-json\/wp\/v2\/categories?post=2888"},{"taxonomy":"post_tag","embeddable":true,"href":"https:\/\/www.lacostituzione.info\/index.php\/wp-json\/wp\/v2\/tags?post=2888"}],"curies":[{"name":"wp","href":"https:\/\/api.w.org\/{rel}","templated":true}]}}