{"id":2914,"date":"2017-06-15T19:56:30","date_gmt":"2017-06-15T17:56:30","guid":{"rendered":"http:\/\/www.lacostituzione.info\/?p=2914"},"modified":"2018-01-03T10:27:53","modified_gmt":"2018-01-03T09:27:53","slug":"vitalizi-e-pensioni-due-species-un-solo-genus","status":"publish","type":"post","link":"https:\/\/www.lacostituzione.info\/index.php\/2017\/06\/15\/vitalizi-e-pensioni-due-species-un-solo-genus\/","title":{"rendered":"Vitalizi e pensioni: due species, un solo genus?"},"content":{"rendered":"<p><img loading=\"lazy\" decoding=\"async\" data-attachment-id=\"2917\" data-permalink=\"https:\/\/www.lacostituzione.info\/index.php\/2017\/06\/15\/vitalizi-e-pensioni-due-species-un-solo-genus\/images-4\/#main\" data-orig-file=\"https:\/\/www.lacostituzione.info\/wp-content\/uploads\/2017\/06\/images-2.jpg\" data-orig-size=\"271,186\" data-comments-opened=\"1\" data-image-meta=\"{&quot;aperture&quot;:&quot;0&quot;,&quot;credit&quot;:&quot;&quot;,&quot;camera&quot;:&quot;&quot;,&quot;caption&quot;:&quot;&quot;,&quot;created_timestamp&quot;:&quot;0&quot;,&quot;copyright&quot;:&quot;&quot;,&quot;focal_length&quot;:&quot;0&quot;,&quot;iso&quot;:&quot;0&quot;,&quot;shutter_speed&quot;:&quot;0&quot;,&quot;title&quot;:&quot;&quot;,&quot;orientation&quot;:&quot;0&quot;}\" data-image-title=\"images\" data-image-description=\"\" data-image-caption=\"\" data-medium-file=\"https:\/\/www.lacostituzione.info\/wp-content\/uploads\/2017\/06\/images-2.jpg\" data-large-file=\"https:\/\/www.lacostituzione.info\/wp-content\/uploads\/2017\/06\/images-2.jpg\" class=\"alignright wp-image-2917 size-full\" src=\"http:\/\/www.lacostituzione.info\/wp-content\/uploads\/2017\/06\/images-2.jpg\" alt=\"\" width=\"271\" height=\"186\" \/><br \/>\ndi <strong>Giampiero Buonomo<\/strong>*<\/p>\n<p>Quello del politico \u00e8 un lavoro? A leggere la proposta di legge Richetti (<a href=\"http:\/\/www.camera.it\/_dati\/leg17\/lavori\/stampati\/pdf\/17PDL0033040.pdf\">Atto Camera n. 3225-A<\/a>), parrebbe di s\u00ec. Il suo articolo 2, infatti, sposa per gli ex parlamentari la tesi del \u201ctrattamento previdenziale differito\u201d, secondo l\u2019indirizzo gi\u00e0 segnato dalla delibera Schifani\/Fini del 2012. <!--more-->A quell\u2019anno, infatti, si deve l\u2019assimilazione \u2013 in diritto positivo \u2013 tra vitalizi e pensioni: il Regolamento per gli assegni vitalizi delle due Camere venne abrogato; il trattamento erogato agli \u201cex\u201d venne qualificato \u201cpensione del parlamentare\u201d, con requisiti di accesso (anagrafici e di durata del mandato) ancor pi\u00f9 rigorosi del passato e, sotto il profilo del calcolo, <em>pro futuro<\/em> pienamente contributivi.<\/p>\n<p>Lungo la stessa direttrice, il citato Atto Camera, se e quando approvato, collocher\u00e0 i vitalizi e i loro succedanei post-2012 in una gestione separata presso l\u2019INPS, secondo le regole generali di accesso e di calcolo ma con una prevalenza &#8211; nel <em>board<\/em> di amministratori &#8211; dei rappresentanti delle due Camere; inoltre, la norma dell\u2019articolo 5 &#8211; accolto in sede referente &#8211; rinvia alla determinazione dei \u201ccompetenti organi del Senato della Repubblica e della Camera dei deputati\u201d per quanto riguarda \u201cle risorse finanziarie necessarie per il pagamento dei trattamenti previdenziali per ciascun anno di riferimento\u201d.<\/p>\n<p>Invero, la Corte costituzionale, sul punto, \u00e8 stata sempre assai pi\u00f9 problematica: da un lato ha riconosciuto che \u00abl&#8217;evoluzione che, nel corso del tempo, ha caratterizzato questa particolare forma di previdenza ha condotto anche a configurare l&#8217;assegno vitalizio come istituto che, nella sua disciplina positiva, ha recepito, in parte, aspetti riconducibili al modello pensionistico e, in parte, profili tipici del regime delle assicurazioni private\u00bb; dall\u2019altro lato, ha sempre ammonito che tra assegno vitalizio e trattamento pensionistico (nonostante la presenza di alcuni profili di affinit\u00e0) non sussiste una identit\u00e0 n\u00e9 di natura n\u00e9 di regime giuridico (<a href=\"http:\/\/www.giurcost.org\/decisioni\/1994\/0289s-94.html\">sentenza n. 289 del 1994<\/a>).<\/p>\n<p>Nella relazione per l\u2019Assemblea, gli articoli della proposta di legge sono accompagnati dal parere espresso dal <a href=\"http:\/\/www.camera.it\/_dati\/leg17\/lavori\/stampati\/pdf\/17PDL0052590.pdfhttps:\/it.wikipedia.org\/wiki\/Camera_dei_deputati\">Comitato per la legislazione<\/a> della\u00a0<a href=\"https:\/\/it.wikipedia.org\/wiki\/Camera_dei_deputati\">Camera dei deputati<\/a> (pp. 9-10), che esprimono pienamente i contorcimenti nei quali la questione si dibatte. Il parere afferma:<\/p>\n<p>&#8211; che la \u201cmateria del trattamento previdenziale dei deputati e dei senatori e\u0300 stata finora disciplinata dai regolamenti parlamentari e dalle determinazioni dei rispettivi Uffici di presidenza e (\u2026) che, nel caso di approvazione della proposta di legge in titolo, per la prima volta, la materia risulterebbe disciplinata con legge ordinaria\u201d;<\/p>\n<p>&#8211; che \u201cla disciplina in oggetto assimila il trattamento previdenziale dei parlamentari e dei consiglieri regionali a quello dei pubblici dipendenti, anzich\u00e9 a quello dei componenti di altri organi costituzionali, cosi\u0300 innovando l\u2019ordinamento vigente\u201d;<\/p>\n<p>&#8211; che \u201cl\u2019assegno vitalizio, a differenza della pensione ordinaria, si collega ad una indennit\u00e0 di carica goduta in relazione all\u2019esercizio di un mandato pubblico e, per queste ragioni, ha assunto, nella disciplina costituzionale e ordinaria, connotazioni distinte da quelle proprie della retribuzione connessa al rapporto di pubblico impiego\u201d.<\/p>\n<p>Quest\u2019ultima appare l\u2019unica affermazione dotata di indubbia fondatezza, perch\u00e9 rintuzza efficacemente la corriva equiparazione tra pensioni ed emolumenti per gli ex titolari di cariche elettive. Ma le prime due statuizioni del Comitato soffrono di gravi vizi metodologici: ciascuno dei due argomenti non supera il <em>test<\/em> di falsificabilit\u00e0, con cui Popper individuava un\u2019affermazione infondata.<\/p>\n<p>Prendiamo la tesi secondo cui \u201csinora tale materia \u00e8 stata regolamentata con determinazioni assunte nell&#8217;ambito degli uffici di presidenza delle Camere, che\u201d andrebbero considerati \u201cgli unici organi competenti a disciplinare lo status giuridico ed economico dei parlamentari\u201d (Camera dei deputati, prima Commissione, 25 maggio 2017, intervento del deputato Melilla). Ebbene, la \u201criserva di Regolamento\u201d o c\u2019\u00e8, o non c\u2019\u00e8: se \u00e8 veramente \u201cillegittimo intervenire su una materia riservata dall&#8217;articolo 64 della Costituzione ai regolamenti delle Camere, che sono fonti primarie sottoposte solo alla Costituzione e non possono essere superate dalla legge\u201d (<em>ibidem<\/em>), allora non pu\u00f2 essere ammissibile sostenere che la riserva recede o si riespande a seconda del volere del Parlamento (o di ciascuna Camera dello stesso).<\/p>\n<p>Si tratta, a ben guardare, di una tesi affacciata gi\u00e0 varie volte, in relazione al micro-ordinamento parlamentare: la giurisdizione domestica \u201ca geometria variabile\u201d, ad esempio, fu affermata dal TAR Lazio, nella sentenza n. 1030\/2006, mediante una scimmiottatura del modello rappresentato dal \u201cconsenso dell\u2019avente diritto\u201d. Il TAR sostenne che, nel silenzio della fonte regolamentare interna al Senato sulla materia appaltistica, si riespandeva la giurisdizione valida per tutti i cittadini; la giurisdizione \u201cesterna\u201d sarebbe stata pronta a recedere, poi, quando il Regolamento si fosse appropriato del tema. Manco a dirlo, la cosa puntualmente avvenne, in virt\u00f9 del decreto del Presidente del Senato che assoggett\u00f2 ai \u201cgiudici domestici\u201d di palazzo Madama i rapporti tra il Senato ed i terzi.<\/p>\n<p>Qui nasce la seconda contraddizione: secondo il Comitato per la legislazione, innova l\u2019ordinamento vigente il fatto che il trattamento dei parlamentari e dei consiglieri regionali sia assimilato a quello dei pubblici dipendenti, \u201canzich\u00e9 a quello dei componenti di altri organi costituzionali\u201d. In effetti, l\u2019assimilazione degli ex politici ai pensionati \u00e8 stata negata, in radice, da ben due pronunce delle Sezioni Unite civili della Corte di cassazione (ordinanze nn. 23467 e 14920 del 2016: v. \u201cLa riforma dei vitalizi e il vizio dell\u2019autodichia\u201d, in <em>Golem informazione<\/em>, 30 maggio 2017). Il problema \u00e8, per\u00f2, che i componenti degli \u201caltri\u201d organi costituzionali ricevono emolumenti in base alla legge (tutto all\u2019opposto della riserva di Regolamento rivendicata per i vitalizi): l\u2019appannaggio del capo dello Stato, gli emolumenti dei giudici costituzionali, sono tutti erogati per previsione di legge; anche l\u2019indennit\u00e0 parlamentare \u00e8 oggetto della riserva di legge prevista dall\u2019articolo 69 Cost.<\/p>\n<p>Ebbene, visto l\u2019articolo 5 le delibere degli Uffici di Presidenza continueranno a disciplinare la materia della \u201cprevidenza\u201d per gli \u201cex\u201d. Si rischia, cio\u00e8, di\u00a0ripetere ed aggravare la forzatura con la quale la materia indennitaria \u00e8 di fatto diventata materia disponibile degli Uffici di Presidenza delle due Camere (che, per la legge 31 ottobre 1965, n. 1261, avrebbero dovuto esercitare un potere meramente attuativo). Salvare le delibere interne sui vitalizi sembra fatto apposta per (continuare a) riportare in autodichia i ricorsi di coloro che \u2013 ex parlamentari \u2013 dovessero sentirsi lesi. Non va infatti dimenticato che, tra i terzi portati \u201cin autodichia\u201d, non si annoverano solo le ditte coinvolte negli appalti delle Camere, ma gli stessi ex senatori (v. Irene Testa, <em>Sotto il tappeto<\/em>, Aracne ed., 2016, pp. 59-62).<\/p>\n<p>La cosa pu\u00f2 non essere estranea anche a curiose evoluzioni giurisprudenziali di questi \u201cgiudici domestici\u201d. Per la Camera, la \u201czona franca\u201d dell\u2019autodichia sarebbe un po\u2019 meno franca, perch\u00e9 i \u201ctribunalini\u201d sono (anche) giudici costituzionali e, quindi, pongono rimedio alle pi\u00f9 vistose violazioni della Carta all\u2019interno dei Palazzi della politica. Lo disse nell\u2019udienza costituzionale che ha portato alla sentenza n. 120 del 2014, quando furono citate e prodotte varie sentenze dei giudici domestici: tra le altre, ve ne era quella con cui i \u201ctribunalini\u201d hanno pronunciato su ricorsi di parlamentari ed ex parlamentari in tema di vitalizi, ergendosi anche a giudici della costituzionalit\u00e0 della misura che mutava <em>in peius<\/em> i requisiti di accesso al trattamento (Antonello Lo Calzo,\u00a0<a href=\"http:\/\/www.federalismi.it\/ApplOpenFilePDF.cfm?artid=24995&amp;dpath=document&amp;dfile=14052014163017.pdf&amp;content=Il+principio+di+unicit%C3%A0+della+giurisdizione+costituzionale+e+la+giustizia+domestica+delle+Camere+-+stato+-+dottrina+-+\"><em>Il principio di unicit\u00e0 della giurisdizione costituzionale e la giustizia domestica delle Camere<\/em><\/a>, in\u00a0<a href=\"http:\/\/www.federalismi.it\/\">Federalismi.it<\/a>, 14 maggio 2014).<\/p>\n<p>Eppure, quando si \u00e8 trattato di cause attivate da persone diverse dagli ex parlamentari, il medesimo organo di autodichia della Camera ha ritenuto pi\u00f9 prudente rispettare il principio di unicit\u00e0 della giurisdizione costituzionale; in risposta al ricorso dei dipendenti in quiescenza delle Camere contro il contributo di solidariet\u00e0, la Commissione giurisdizionale ha sollevato la questione di legittimit\u00e0 costituzionale (ordinanze nn. 92 e 129 del 2015) che sar\u00e0 affrontata alla Consulta il prossimo 26 settembre.<\/p>\n<p>Manco a dirlo, le due posizioni opposte sono state sostenute a sostegno della medesima tesi, cio\u00e8 che l\u2019autodichia delle Camere \u00e8 costituzionale: eppure, ancora una volta, il criterio popperiano depone contro la loro fondatezza. La condotta dissociata del medesimo organo ne revoca in dubbio proprio la terziet\u00e0, rispetto al collegio maggiore che li esprime (tre in primo grado, tutti in secondo grado, sono parlamentari in carica, appartenenti alla stessa Camera per la quale giudicano): se una proposizione ed il suo opposto sono ugualmente veri, l\u2019argomento \u00e8 malposto o, peggio, \u00e8 alterato da interessi che impediscono di vederne l\u2019erroneit\u00e0.<\/p>\n<p>Del resto, nella stessa seduta in cui le ordinanze del giudice domestico della Camera saranno discusse, \u00e8 calendarizzato ancora una volta il ricorso della Cassazione contro il Senato, in cui si sostiene che l\u2019esistenza di quei \u201ctribunalini\u201d invade il potere della Giurisdizione tutta. L\u2019occasione per rimuovere definitivamente questo ircocervo dall\u2019ordinamento giuridico italiano (l\u2019ultimo al mondo nel quale \u00e8 rimasto) c\u2019\u00e8 e non va perduta.<\/p>\n<p>&nbsp;<\/p>\n<p><em>*Consigliere parlamentare<\/em><\/p>\n","protected":false},"excerpt":{"rendered":"<p>di Giampiero Buonomo* Quello del politico \u00e8 un lavoro? A leggere la proposta di legge Richetti (Atto Camera n. 3225-A), parrebbe di s\u00ec. Il suo articolo 2, infatti, sposa per gli ex parlamentari la tesi del \u201ctrattamento previdenziale differito\u201d, secondo l\u2019indirizzo gi\u00e0 segnato dalla delibera Schifani\/Fini del 2012.<\/p>\n<div class='heateorSssClear'><\/div><div  class='heateor_sss_sharing_container heateor_sss_horizontal_sharing' data-heateor-sss-href='https:\/\/www.lacostituzione.info\/index.php\/2017\/06\/15\/vitalizi-e-pensioni-due-species-un-solo-genus\/'><div class='heateor_sss_sharing_title' style=\"font-weight:bold\" >Condividi!<\/div><div class=\"heateor_sss_sharing_ul\"><a aria-label=\"Facebook\" class=\"heateor_sss_facebook\" href=\"https:\/\/www.facebook.com\/sharer\/sharer.php?u=https%3A%2F%2Fwww.lacostituzione.info%2Findex.php%2F2017%2F06%2F15%2Fvitalizi-e-pensioni-due-species-un-solo-genus%2F\" title=\"Facebook\" rel=\"nofollow noopener\" target=\"_blank\" style=\"font-size:32px!important;box-shadow:none;display:inline-block;vertical-align:middle\"><span class=\"heateor_sss_svg\" style=\"background-color:#0765FE;width:35px;height:35px;display:inline-block;opacity:1;float:left;font-size:32px;box-shadow:none;display:inline-block;font-size:16px;padding:0 4px;vertical-align:middle;background-repeat:repeat;overflow:hidden;padding:0;cursor:pointer;box-sizing:content-box\"><svg style=\"display:block;\" focusable=\"false\" aria-hidden=\"true\" xmlns=\"http:\/\/www.w3.org\/2000\/svg\" width=\"100%\" height=\"100%\" viewBox=\"0 0 32 32\"><path fill=\"#fff\" d=\"M28 16c0-6.627-5.373-12-12-12S4 9.373 4 16c0 5.628 3.875 10.35 9.101 11.647v-7.98h-2.474V16H13.1v-1.58c0-4.085 1.849-5.978 5.859-5.978.76 0 2.072.15 2.608.298v3.325c-.283-.03-.775-.045-1.386-.045-1.967 0-2.728.745-2.728 2.683V16h3.92l-.673 3.667h-3.247v8.245C23.395 27.195 28 22.135 28 16Z\"><\/path><\/svg><\/span><\/a><a aria-label=\"Twitter\" class=\"heateor_sss_button_twitter\" href=\"https:\/\/twitter.com\/intent\/tweet?text=Vitalizi%20e%20pensioni%3A%20due%20species%2C%20un%20solo%20genus%3F&url=https%3A%2F%2Fwww.lacostituzione.info%2Findex.php%2F2017%2F06%2F15%2Fvitalizi-e-pensioni-due-species-un-solo-genus%2F\" title=\"Twitter\" rel=\"nofollow noopener\" target=\"_blank\" style=\"font-size:32px!important;box-shadow:none;display:inline-block;vertical-align:middle\"><span class=\"heateor_sss_svg heateor_sss_s__default heateor_sss_s_twitter\" style=\"background-color:#55acee;width:35px;height:35px;display:inline-block;opacity:1;float:left;font-size:32px;box-shadow:none;display:inline-block;font-size:16px;padding:0 4px;vertical-align:middle;background-repeat:repeat;overflow:hidden;padding:0;cursor:pointer;box-sizing:content-box\"><svg style=\"display:block;\" focusable=\"false\" aria-hidden=\"true\" xmlns=\"http:\/\/www.w3.org\/2000\/svg\" width=\"100%\" height=\"100%\" viewBox=\"-4 -4 39 39\"><path d=\"M28 8.557a9.913 9.913 0 0 1-2.828.775 4.93 4.93 0 0 0 2.166-2.725 9.738 9.738 0 0 1-3.13 1.194 4.92 4.92 0 0 0-3.593-1.55 4.924 4.924 0 0 0-4.794 6.049c-4.09-.21-7.72-2.17-10.15-5.15a4.942 4.942 0 0 0-.665 2.477c0 1.71.87 3.214 2.19 4.1a4.968 4.968 0 0 1-2.23-.616v.06c0 2.39 1.7 4.38 3.952 4.83-.414.115-.85.174-1.297.174-.318 0-.626-.03-.928-.086a4.935 4.935 0 0 0 4.6 3.42 9.893 9.893 0 0 1-6.114 2.107c-.398 0-.79-.023-1.175-.068a13.953 13.953 0 0 0 7.55 2.213c9.056 0 14.01-7.507 14.01-14.013 0-.213-.005-.426-.015-.637.96-.695 1.795-1.56 2.455-2.55z\" fill=\"#fff\"><\/path><\/svg><\/span><\/a><a aria-label=\"Reddit\" class=\"heateor_sss_button_reddit\" href=\"https:\/\/reddit.com\/submit?url=https%3A%2F%2Fwww.lacostituzione.info%2Findex.php%2F2017%2F06%2F15%2Fvitalizi-e-pensioni-due-species-un-solo-genus%2F&title=Vitalizi%20e%20pensioni%3A%20due%20species%2C%20un%20solo%20genus%3F\" title=\"Reddit\" rel=\"nofollow noopener\" target=\"_blank\" style=\"font-size:32px!important;box-shadow:none;display:inline-block;vertical-align:middle\"><span class=\"heateor_sss_svg heateor_sss_s__default heateor_sss_s_reddit\" style=\"background-color:#ff5700;width:35px;height:35px;display:inline-block;opacity:1;float:left;font-size:32px;box-shadow:none;display:inline-block;font-size:16px;padding:0 4px;vertical-align:middle;background-repeat:repeat;overflow:hidden;padding:0;cursor:pointer;box-sizing:content-box\"><svg style=\"display:block;\" focusable=\"false\" aria-hidden=\"true\" xmlns=\"http:\/\/www.w3.org\/2000\/svg\" width=\"100%\" height=\"100%\" viewBox=\"-3.5 -3.5 39 39\"><path d=\"M28.543 15.774a2.953 2.953 0 0 0-2.951-2.949 2.882 2.882 0 0 0-1.9.713 14.075 14.075 0 0 0-6.85-2.044l1.38-4.349 3.768.884a2.452 2.452 0 1 0 .24-1.176l-4.274-1a.6.6 0 0 0-.709.4l-1.659 5.224a14.314 14.314 0 0 0-7.316 2.029 2.908 2.908 0 0 0-1.872-.681 2.942 2.942 0 0 0-1.618 5.4 5.109 5.109 0 0 0-.062.765c0 4.158 5.037 7.541 11.229 7.541s11.22-3.383 11.22-7.541a5.2 5.2 0 0 0-.053-.706 2.963 2.963 0 0 0 1.427-2.51zm-18.008 1.88a1.753 1.753 0 0 1 1.73-1.74 1.73 1.73 0 0 1 1.709 1.74 1.709 1.709 0 0 1-1.709 1.711 1.733 1.733 0 0 1-1.73-1.711zm9.565 4.968a5.573 5.573 0 0 1-4.081 1.272h-.032a5.576 5.576 0 0 1-4.087-1.272.6.6 0 0 1 .844-.854 4.5 4.5 0 0 0 3.238.927h.032a4.5 4.5 0 0 0 3.237-.927.6.6 0 1 1 .844.854zm-.331-3.256a1.726 1.726 0 1 1 1.709-1.712 1.717 1.717 0 0 1-1.712 1.712z\" fill=\"#fff\"\/><\/svg><\/span><\/a><a aria-label=\"Linkedin\" class=\"heateor_sss_button_linkedin\" href=\"https:\/\/www.linkedin.com\/sharing\/share-offsite\/?url=https%3A%2F%2Fwww.lacostituzione.info%2Findex.php%2F2017%2F06%2F15%2Fvitalizi-e-pensioni-due-species-un-solo-genus%2F\" title=\"Linkedin\" rel=\"nofollow noopener\" target=\"_blank\" style=\"font-size:32px!important;box-shadow:none;display:inline-block;vertical-align:middle\"><span class=\"heateor_sss_svg heateor_sss_s__default heateor_sss_s_linkedin\" style=\"background-color:#0077b5;width:35px;height:35px;display:inline-block;opacity:1;float:left;font-size:32px;box-shadow:none;display:inline-block;font-size:16px;padding:0 4px;vertical-align:middle;background-repeat:repeat;overflow:hidden;padding:0;cursor:pointer;box-sizing:content-box\"><svg style=\"display:block;\" focusable=\"false\" aria-hidden=\"true\" xmlns=\"http:\/\/www.w3.org\/2000\/svg\" width=\"100%\" height=\"100%\" viewBox=\"0 0 32 32\"><path d=\"M6.227 12.61h4.19v13.48h-4.19V12.61zm2.095-6.7a2.43 2.43 0 0 1 0 4.86c-1.344 0-2.428-1.09-2.428-2.43s1.084-2.43 2.428-2.43m4.72 6.7h4.02v1.84h.058c.56-1.058 1.927-2.176 3.965-2.176 4.238 0 5.02 2.792 5.02 6.42v7.395h-4.183v-6.56c0-1.564-.03-3.574-2.178-3.574-2.18 0-2.514 1.7-2.514 3.46v6.668h-4.187V12.61z\" fill=\"#fff\"><\/path><\/svg><\/span><\/a><a aria-label=\"Pinterest\" class=\"heateor_sss_button_pinterest\" href=\"https:\/\/www.lacostituzione.info\/index.php\/2017\/06\/15\/vitalizi-e-pensioni-due-species-un-solo-genus\/\" onclick=\"event.preventDefault();javascript:void( (function() {var e=document.createElement('script' );e.setAttribute('type','text\/javascript' );e.setAttribute('charset','UTF-8' );e.setAttribute('src','\/\/assets.pinterest.com\/js\/pinmarklet.js?r='+Math.random()*99999999);document.body.appendChild(e)})());\" title=\"Pinterest\" rel=\"noopener\" style=\"font-size:32px!important;box-shadow:none;display:inline-block;vertical-align:middle\"><span class=\"heateor_sss_svg heateor_sss_s__default heateor_sss_s_pinterest\" style=\"background-color:#cc2329;width:35px;height:35px;display:inline-block;opacity:1;float:left;font-size:32px;box-shadow:none;display:inline-block;font-size:16px;padding:0 4px;vertical-align:middle;background-repeat:repeat;overflow:hidden;padding:0;cursor:pointer;box-sizing:content-box\"><svg style=\"display:block;\" focusable=\"false\" aria-hidden=\"true\" xmlns=\"http:\/\/www.w3.org\/2000\/svg\" width=\"100%\" height=\"100%\" viewBox=\"-2 -2 35 35\"><path fill=\"#fff\" d=\"M16.539 4.5c-6.277 0-9.442 4.5-9.442 8.253 0 2.272.86 4.293 2.705 5.046.303.125.574.005.662-.33.061-.231.205-.816.27-1.06.088-.331.053-.447-.191-.736-.532-.627-.873-1.439-.873-2.591 0-3.338 2.498-6.327 6.505-6.327 3.548 0 5.497 2.168 5.497 5.062 0 3.81-1.686 7.025-4.188 7.025-1.382 0-2.416-1.142-2.085-2.545.397-1.674 1.166-3.48 1.166-4.689 0-1.081-.581-1.983-1.782-1.983-1.413 0-2.548 1.462-2.548 3.419 0 1.247.421 2.091.421 2.091l-1.699 7.199c-.505 2.137-.076 4.755-.039 5.019.021.158.223.196.314.077.13-.17 1.813-2.247 2.384-4.324.162-.587.929-3.631.929-3.631.46.876 1.801 1.646 3.227 1.646 4.247 0 7.128-3.871 7.128-9.053.003-3.918-3.317-7.568-8.361-7.568z\"\/><\/svg><\/span><\/a><a aria-label=\"Whatsapp\" class=\"heateor_sss_whatsapp\" href=\"https:\/\/api.whatsapp.com\/send?text=Vitalizi%20e%20pensioni%3A%20due%20species%2C%20un%20solo%20genus%3F%20https%3A%2F%2Fwww.lacostituzione.info%2Findex.php%2F2017%2F06%2F15%2Fvitalizi-e-pensioni-due-species-un-solo-genus%2F\" title=\"Whatsapp\" rel=\"nofollow noopener\" target=\"_blank\" style=\"font-size:32px!important;box-shadow:none;display:inline-block;vertical-align:middle\"><span class=\"heateor_sss_svg\" style=\"background-color:#55eb4c;width:35px;height:35px;display:inline-block;opacity:1;float:left;font-size:32px;box-shadow:none;display:inline-block;font-size:16px;padding:0 4px;vertical-align:middle;background-repeat:repeat;overflow:hidden;padding:0;cursor:pointer;box-sizing:content-box\"><svg style=\"display:block;\" focusable=\"false\" aria-hidden=\"true\" xmlns=\"http:\/\/www.w3.org\/2000\/svg\" width=\"100%\" height=\"100%\" viewBox=\"-6 -5 40 40\"><path class=\"heateor_sss_svg_stroke heateor_sss_no_fill\" stroke=\"#fff\" stroke-width=\"2\" fill=\"none\" d=\"M 11.579798566743314 24.396926207859085 A 10 10 0 1 0 6.808479557110079 20.73576436351046\"><\/path><path d=\"M 7 19 l -1 6 l 6 -1\" class=\"heateor_sss_no_fill heateor_sss_svg_stroke\" stroke=\"#fff\" stroke-width=\"2\" fill=\"none\"><\/path><path d=\"M 10 10 q -1 8 8 11 c 5 -1 0 -6 -1 -3 q -4 -3 -5 -5 c 4 -2 -1 -5 -1 -4\" fill=\"#fff\"><\/path><\/svg><\/span><\/a><\/div><div class=\"heateorSssClear\"><\/div><\/div><div class='heateorSssClear'><\/div>","protected":false},"author":1,"featured_media":0,"comment_status":"open","ping_status":"open","sticky":false,"template":"","format":"standard","meta":{"jetpack_post_was_ever_published":false,"_jetpack_newsletter_access":"","_jetpack_dont_email_post_to_subs":false,"_jetpack_newsletter_tier_id":0,"_jetpack_memberships_contains_paywalled_content":false,"_jetpack_memberships_contains_paid_content":false,"footnotes":"","jetpack_publicize_message":"","jetpack_publicize_feature_enabled":true,"jetpack_social_post_already_shared":false,"jetpack_social_options":{"image_generator_settings":{"template":"highway","default_image_id":0,"enabled":false},"version":2}},"categories":[4],"tags":[120,692,149,656,297,356,158,355],"class_list":["post-2914","post","type-post","status-publish","format-standard","hentry","category-attualita","tag-cassazione","tag-comitato-per-la-legislazione","tag-corte-costituzionale","tag-deputati","tag-parlamentari","tag-pensione","tag-senatori","tag-vitalizio"],"jetpack_publicize_connections":[],"jetpack_featured_media_url":"","jetpack_shortlink":"https:\/\/wp.me\/p84sDq-L0","jetpack_likes_enabled":true,"jetpack_sharing_enabled":true,"_links":{"self":[{"href":"https:\/\/www.lacostituzione.info\/index.php\/wp-json\/wp\/v2\/posts\/2914","targetHints":{"allow":["GET"]}}],"collection":[{"href":"https:\/\/www.lacostituzione.info\/index.php\/wp-json\/wp\/v2\/posts"}],"about":[{"href":"https:\/\/www.lacostituzione.info\/index.php\/wp-json\/wp\/v2\/types\/post"}],"author":[{"embeddable":true,"href":"https:\/\/www.lacostituzione.info\/index.php\/wp-json\/wp\/v2\/users\/1"}],"replies":[{"embeddable":true,"href":"https:\/\/www.lacostituzione.info\/index.php\/wp-json\/wp\/v2\/comments?post=2914"}],"version-history":[{"count":0,"href":"https:\/\/www.lacostituzione.info\/index.php\/wp-json\/wp\/v2\/posts\/2914\/revisions"}],"wp:attachment":[{"href":"https:\/\/www.lacostituzione.info\/index.php\/wp-json\/wp\/v2\/media?parent=2914"}],"wp:term":[{"taxonomy":"category","embeddable":true,"href":"https:\/\/www.lacostituzione.info\/index.php\/wp-json\/wp\/v2\/categories?post=2914"},{"taxonomy":"post_tag","embeddable":true,"href":"https:\/\/www.lacostituzione.info\/index.php\/wp-json\/wp\/v2\/tags?post=2914"}],"curies":[{"name":"wp","href":"https:\/\/api.w.org\/{rel}","templated":true}]}}