{"id":2969,"date":"2017-07-06T11:32:17","date_gmt":"2017-07-06T09:32:17","guid":{"rendered":"http:\/\/www.lacostituzione.info\/?p=2969"},"modified":"2018-01-03T10:26:52","modified_gmt":"2018-01-03T09:26:52","slug":"la-tortura-tra-antiche-lacune-normative-e-diritto-penale-simbolico","status":"publish","type":"post","link":"https:\/\/www.lacostituzione.info\/index.php\/2017\/07\/06\/la-tortura-tra-antiche-lacune-normative-e-diritto-penale-simbolico\/","title":{"rendered":"La tortura tra antiche lacune normative e diritto penale simbolico"},"content":{"rendered":"<p><img loading=\"lazy\" decoding=\"async\" data-attachment-id=\"2429\" data-permalink=\"https:\/\/www.lacostituzione.info\/index.php\/2017\/04\/13\/bolzaneto-la-corte-di-strasburgo-e-un-libro-interessante-limportanza-dei-precedenti-giurisprudenziali\/th-76\/#main\" data-orig-file=\"https:\/\/www.lacostituzione.info\/wp-content\/uploads\/2017\/04\/th-3.jpg\" data-orig-size=\"300,200\" data-comments-opened=\"1\" data-image-meta=\"{&quot;aperture&quot;:&quot;0&quot;,&quot;credit&quot;:&quot;&quot;,&quot;camera&quot;:&quot;&quot;,&quot;caption&quot;:&quot;&quot;,&quot;created_timestamp&quot;:&quot;0&quot;,&quot;copyright&quot;:&quot;&quot;,&quot;focal_length&quot;:&quot;0&quot;,&quot;iso&quot;:&quot;0&quot;,&quot;shutter_speed&quot;:&quot;0&quot;,&quot;title&quot;:&quot;&quot;,&quot;orientation&quot;:&quot;0&quot;}\" data-image-title=\"th\" data-image-description=\"\" data-image-caption=\"\" data-medium-file=\"https:\/\/www.lacostituzione.info\/wp-content\/uploads\/2017\/04\/th-3-300x200.jpg\" data-large-file=\"https:\/\/www.lacostituzione.info\/wp-content\/uploads\/2017\/04\/th-3.jpg\" class=\"alignleft wp-image-2429 size-thumbnail\" src=\"http:\/\/www.lacostituzione.info\/wp-content\/uploads\/2017\/04\/th-3-150x150.jpg\" alt=\"\" width=\"150\" height=\"150\" \/>di<strong> Lucia Risicato *<br \/>\n<\/strong><\/p>\n<p>Con imbarazzante ritardo sulla Convenzione di New York del 1984 l\u2019Italia ha approvato in via definitiva due distinte fattispecie incriminatrici in tema di tortura: l\u2019art. 613 <em>bis<\/em> c.p., che descrive \u2013 come vedremo &#8211; una sorta di reato abituale, e l\u2019ancora pi\u00f9 improbabile art. 613 <em>ter <\/em>sull\u2019istigazione <em>del pubblico ufficiale<\/em> a commettere tortura.<!--more--><\/p>\n<p>Il disegno di legge giunto alla Camera per l\u2019ultima lettura \u00abnon \u00e8 esattamente quello che avremmo scritto ma ne auspico l\u2019approvazione senza modifiche\u00bb, ha dichiarato pochi giorni fa il sottosegretario alla Giustizia Gennaro Migliore, evidenziando il percorso tortuoso e i rimaneggiamenti subiti nel corso del tempo da un testo troppo spesso interpretato, nel nostro Parlamento, come uno strumento inusitatamente costrittivo nei confronti di comportamenti \u201cdisinvolti\u201d di certi pubblici ufficiali. La mente corre all\u2019irruzione nella scuola Diaz-Pertini nei cupi giorni del G8 genovese del 2001: calci e micidiali manganellate, insieme a umiliazioni gratuite di ogni tipo, furono inflitti a persone inermi dalle nostre forze dell\u2019ordine \u2013 con un\u2019azione definita a dir poco <em>teppistica<\/em> nei vari gradi di giudizio \u2013 col pretesto di stroncare inesistenti resistenze di <em>Black block<\/em>.<\/p>\n<p>Si punta al ribasso, nella convinzione che una cattiva legge sia meglio di una legge assente: il varo faticoso di una norma su un delitto impronunciabile viene spacciata per conquista di civilt\u00e0 a fini di captazione del consenso elettorale prossimo venturo.<\/p>\n<p>Il punto \u00e8 che una cattiva legge non \u00e8 meglio di nulla: una cattiva legge, nel caso di specie, tradisce sia la <em>ratio<\/em> ispiratrice della Convenzione di New York che le indicazioni puntuali fornite all\u2019Italia dalla sentenza <em>Cestaro <\/em>della Corte Europea dei Diritti dell\u2019Uomo, con cui il nostro Paese \u00e8 stato condannato nel 2015 per i fatti vergognosi della scuola Diaz.<\/p>\n<p>La sentenza <em>Cestaro<\/em>, prevedendo un obbligo di criminalizzazione sostanziale e processuale della tortura <em>ex <\/em>art. 3 CEDU, si \u00e8 inserita nel solco di importanti pronunce europee che hanno contribuito a far emergere una nuova dimensione dei rapporti tra diritto penale e tutela dei diritti fondamentali. Nel caso specifico, tra l\u2019altro, il divieto di tortura \u00e8 contemplato in primo luogo dal quarto comma dell\u2019art. 13 Cost.: si tratta dell\u2019unico obbligo di criminalizzazione <em>espresso<\/em> \u2013 e finora clamorosamente disatteso \u2013 contenuto nella nostra Carta costituzionale.<\/p>\n<p>Il nuovo art. 613 <em>bis<\/em> c.p., invece, tutela i diritti fondamentali solo a condizioni inverosimili a livello probatorio-processuale. La tipicit\u00e0 traballante della fattispecie di nuovo conio descrive la condotta di chi, \u00abcon violenze o minacce <em>gravi<\/em> ovvero agendo con crudelt\u00e0, cagioni <em>acute<\/em> sofferenze fisiche o un <em>verificabile trauma psichico<\/em> a una persona privata della libert\u00e0 personale o affidata alla sua custodia, potest\u00e0, vigilanza, cura o assistenza, ovvero che si trovi in minorata difesa\u00bb. Il fatto \u00e8 per\u00f2 punibile solo \u00abse commesso <em>mediante pi\u00f9 condotte<\/em> ovvero <em>se comporta un trattamento inumano e degradante per la dignit\u00e0 della persona<\/em>\u00bb.<\/p>\n<p>Il testo eredita, se possibile, i lati peggiori della versione precedente, rappresentandone nel contempo un\u2019ulteriore degenerazione (il testo precedentemente approvato dalla Camera dei deputati puniva \u00ab<em> chiunque, con violenza o minaccia, ovvero con violazione dei propri obblighi di protezione, cura o assistenza<\/em>, <em>intenzionalmente cagiona ad<\/em> <em>una<\/em> <em>persona a lui affidata, o comunque sottoposta alla sua autorit\u00e0, vigilanza o custodia, acute sofferenze fisiche o psichiche a causa dell\u2019appartenenza etnica, dell\u2019orientamento sessuale o delle opinioni politiche o religiose o al fine di ottenere da essa, o da un terzo, informazioni o dichiarazioni o infliggere una punizione o vincere una resistenza<\/em>\u00bb).<\/p>\n<p>La tortura continua ad essere un reato <em>comune<\/em>, punibile se commesso da chiunque e non dal solo pubblico ufficiale o da un incaricato di un pubblico servizio: si tradisce, cos\u00ec, lo spirito di tutte le Convenzioni internazionali, che considerano la tortura come un delitto che gravita \u00abintorno al rapporto tra autorit\u00e0 ed individuo di cui esprime una delle pi\u00f9 odiose forme di perversione\u00bb (Tullio Padovani). Ma c\u2019\u00e8 di pi\u00f9: gli elementi della <em>gravit\u00e0<\/em> della violenza o della minaccia, unitamente al dato surreale della <em>verificabilit\u00e0<\/em> del trauma psichico, aggravano la prova della commissione di un fatto che assume qui l\u2019incredibile veste di un reato abituale proprio, in cui i singoli episodi criminosi <em>non <\/em>costituiscono reato salvo che integrino gli estremi del trattamento disumano o degradante!<\/p>\n<p>Le insidie di un testo cos\u00ec strutturato, soggetto a termini di prescrizione ordinari, sono talmente numerose che una loro avvilente esemplificazione non riesce a renderle tutte visibili: il fatto non sar\u00e0 punibile se commesso con violenza o minaccia non grave (come se il nostro codice penale distinguesse violenze o minacce serie e facete), se il trauma psichico non sia \u201cverificabile\u201d, ovvero eziologicamente riconducibile in via esclusiva alla tortura, o se la sofferenza della vittima non dovesse essere ritenuta \u201cacuta\u201d.<\/p>\n<p>Non meno discutibile \u00e8 l\u2019ipotesi criminosa di cui all\u2019art. 613 <em>ter<\/em> c.p., che contempla un\u2019eccezione al principio generale di cui all\u2019art. 115 c.p. (in tema di non punibilit\u00e0 del c.d. tentativo di concorso) qualora \u00abil pubblico ufficiale o l\u2019incaricato di un pubblico servizio, nell\u2019esercizio delle funzioni o del servizio, istighi <em>in modo concretamente idoneo<\/em> altro pubblico ufficiale o altro incaricato di pubblico servizio a commettere il delitto di tortura\u00bb. Questa disposizione, che pure appare coerente con le Convenzioni internazionali in materia, subordina la rilevanza penale della condotta istigatoria al dato opinabile dell\u2019<em>idoneit\u00e0 concreta<\/em> della genesi o del rafforzamento del proposito criminoso nell\u2019ambito dei rapporti di subordinazione gerarchica di diritto pubblico. E tuttavia non \u00e8 questo l\u2019elemento pi\u00f9 problematico: a parte la questione della dubbia <em>vis <\/em>istigatoria di un semplice incaricato di un pubblico servizio, a suscitare enormi perplessit\u00e0 \u00e8 l\u2019individuazione dei destinatari della condotta istigatoria nei soli pubblici ufficiali o incaricati di un pubblico servizio, col risultato paradossale che, se un pubblico ufficiale istiga <em>in modo concreto<\/em> alla tortura un privato cittadino (possibile soggetto attivo del reato di cui all\u2019art. 613 <em>bis<\/em>), il fatto risulter\u00e0 non punibile alla stregua dell\u2019art. 115 c.p.<\/p>\n<p>Siamo molto lontani dall\u2019idea, cara alla CEDU, di un diritto penale inteso come strumento di tutela dei diritti umani. Parafrasando Baumann, siamo piuttosto in presenza di un diritto penale \u201cliquido\u201d, troppo spesso forgiato su esigenze politiche di consenso, troppo spesso baluardo inutile a tutela del nulla. Siamo ampiamente recidivi: pensiamo alle draconiane norme incriminatrici a tutela dell\u2019embrione, alla contravvenzione di immigrazione clandestina, agli innalzamenti dei minimi edittali di pena che toccano sempre la tutela del patrimonio, segnando un diritto penale a due velocit\u00e0.<\/p>\n<p>Una cattiva legge \u00e8 una cattiva legge. Il reato di tortura oggi esiste, col forte sospetto che sia stato calibrato per non esistere.<\/p>\n<p>*<em>Ordinario di Diritto penale, Universit\u00e0 degli Studi di Messina<\/em><\/p>\n","protected":false},"excerpt":{"rendered":"<p>di Lucia Risicato * Con imbarazzante ritardo sulla Convenzione di New York del 1984 l\u2019Italia ha approvato in via definitiva due distinte fattispecie incriminatrici in tema di tortura: l\u2019art. 613 bis c.p., che descrive \u2013 come vedremo &#8211; una sorta di reato abituale, e l\u2019ancora pi\u00f9 improbabile art. 613 ter sull\u2019istigazione del pubblico ufficiale a &#8230; <a title=\"La tortura tra antiche lacune normative e diritto penale simbolico\" class=\"read-more\" href=\"https:\/\/www.lacostituzione.info\/index.php\/2017\/07\/06\/la-tortura-tra-antiche-lacune-normative-e-diritto-penale-simbolico\/\">Leggi tutto<\/a><\/p>\n<div class='heateorSssClear'><\/div><div  class='heateor_sss_sharing_container heateor_sss_horizontal_sharing' data-heateor-sss-href='https:\/\/www.lacostituzione.info\/index.php\/2017\/07\/06\/la-tortura-tra-antiche-lacune-normative-e-diritto-penale-simbolico\/'><div class='heateor_sss_sharing_title' style=\"font-weight:bold\" >Condividi!<\/div><div class=\"heateor_sss_sharing_ul\"><a aria-label=\"Facebook\" class=\"heateor_sss_facebook\" href=\"https:\/\/www.facebook.com\/sharer\/sharer.php?u=https%3A%2F%2Fwww.lacostituzione.info%2Findex.php%2F2017%2F07%2F06%2Fla-tortura-tra-antiche-lacune-normative-e-diritto-penale-simbolico%2F\" title=\"Facebook\" rel=\"nofollow noopener\" target=\"_blank\" style=\"font-size:32px!important;box-shadow:none;display:inline-block;vertical-align:middle\"><span class=\"heateor_sss_svg\" style=\"background-color:#0765FE;width:35px;height:35px;display:inline-block;opacity:1;float:left;font-size:32px;box-shadow:none;display:inline-block;font-size:16px;padding:0 4px;vertical-align:middle;background-repeat:repeat;overflow:hidden;padding:0;cursor:pointer;box-sizing:content-box\"><svg style=\"display:block;\" focusable=\"false\" aria-hidden=\"true\" xmlns=\"http:\/\/www.w3.org\/2000\/svg\" width=\"100%\" height=\"100%\" viewBox=\"0 0 32 32\"><path fill=\"#fff\" d=\"M28 16c0-6.627-5.373-12-12-12S4 9.373 4 16c0 5.628 3.875 10.35 9.101 11.647v-7.98h-2.474V16H13.1v-1.58c0-4.085 1.849-5.978 5.859-5.978.76 0 2.072.15 2.608.298v3.325c-.283-.03-.775-.045-1.386-.045-1.967 0-2.728.745-2.728 2.683V16h3.92l-.673 3.667h-3.247v8.245C23.395 27.195 28 22.135 28 16Z\"><\/path><\/svg><\/span><\/a><a aria-label=\"Twitter\" class=\"heateor_sss_button_twitter\" href=\"https:\/\/twitter.com\/intent\/tweet?text=La%20tortura%20tra%20antiche%20lacune%20normative%20e%20diritto%20penale%20simbolico&url=https%3A%2F%2Fwww.lacostituzione.info%2Findex.php%2F2017%2F07%2F06%2Fla-tortura-tra-antiche-lacune-normative-e-diritto-penale-simbolico%2F\" title=\"Twitter\" rel=\"nofollow noopener\" target=\"_blank\" style=\"font-size:32px!important;box-shadow:none;display:inline-block;vertical-align:middle\"><span class=\"heateor_sss_svg heateor_sss_s__default heateor_sss_s_twitter\" style=\"background-color:#55acee;width:35px;height:35px;display:inline-block;opacity:1;float:left;font-size:32px;box-shadow:none;display:inline-block;font-size:16px;padding:0 4px;vertical-align:middle;background-repeat:repeat;overflow:hidden;padding:0;cursor:pointer;box-sizing:content-box\"><svg style=\"display:block;\" focusable=\"false\" aria-hidden=\"true\" xmlns=\"http:\/\/www.w3.org\/2000\/svg\" width=\"100%\" height=\"100%\" viewBox=\"-4 -4 39 39\"><path d=\"M28 8.557a9.913 9.913 0 0 1-2.828.775 4.93 4.93 0 0 0 2.166-2.725 9.738 9.738 0 0 1-3.13 1.194 4.92 4.92 0 0 0-3.593-1.55 4.924 4.924 0 0 0-4.794 6.049c-4.09-.21-7.72-2.17-10.15-5.15a4.942 4.942 0 0 0-.665 2.477c0 1.71.87 3.214 2.19 4.1a4.968 4.968 0 0 1-2.23-.616v.06c0 2.39 1.7 4.38 3.952 4.83-.414.115-.85.174-1.297.174-.318 0-.626-.03-.928-.086a4.935 4.935 0 0 0 4.6 3.42 9.893 9.893 0 0 1-6.114 2.107c-.398 0-.79-.023-1.175-.068a13.953 13.953 0 0 0 7.55 2.213c9.056 0 14.01-7.507 14.01-14.013 0-.213-.005-.426-.015-.637.96-.695 1.795-1.56 2.455-2.55z\" fill=\"#fff\"><\/path><\/svg><\/span><\/a><a aria-label=\"Reddit\" class=\"heateor_sss_button_reddit\" href=\"https:\/\/reddit.com\/submit?url=https%3A%2F%2Fwww.lacostituzione.info%2Findex.php%2F2017%2F07%2F06%2Fla-tortura-tra-antiche-lacune-normative-e-diritto-penale-simbolico%2F&title=La%20tortura%20tra%20antiche%20lacune%20normative%20e%20diritto%20penale%20simbolico\" title=\"Reddit\" rel=\"nofollow noopener\" target=\"_blank\" style=\"font-size:32px!important;box-shadow:none;display:inline-block;vertical-align:middle\"><span class=\"heateor_sss_svg heateor_sss_s__default heateor_sss_s_reddit\" style=\"background-color:#ff5700;width:35px;height:35px;display:inline-block;opacity:1;float:left;font-size:32px;box-shadow:none;display:inline-block;font-size:16px;padding:0 4px;vertical-align:middle;background-repeat:repeat;overflow:hidden;padding:0;cursor:pointer;box-sizing:content-box\"><svg style=\"display:block;\" focusable=\"false\" aria-hidden=\"true\" xmlns=\"http:\/\/www.w3.org\/2000\/svg\" width=\"100%\" height=\"100%\" viewBox=\"-3.5 -3.5 39 39\"><path d=\"M28.543 15.774a2.953 2.953 0 0 0-2.951-2.949 2.882 2.882 0 0 0-1.9.713 14.075 14.075 0 0 0-6.85-2.044l1.38-4.349 3.768.884a2.452 2.452 0 1 0 .24-1.176l-4.274-1a.6.6 0 0 0-.709.4l-1.659 5.224a14.314 14.314 0 0 0-7.316 2.029 2.908 2.908 0 0 0-1.872-.681 2.942 2.942 0 0 0-1.618 5.4 5.109 5.109 0 0 0-.062.765c0 4.158 5.037 7.541 11.229 7.541s11.22-3.383 11.22-7.541a5.2 5.2 0 0 0-.053-.706 2.963 2.963 0 0 0 1.427-2.51zm-18.008 1.88a1.753 1.753 0 0 1 1.73-1.74 1.73 1.73 0 0 1 1.709 1.74 1.709 1.709 0 0 1-1.709 1.711 1.733 1.733 0 0 1-1.73-1.711zm9.565 4.968a5.573 5.573 0 0 1-4.081 1.272h-.032a5.576 5.576 0 0 1-4.087-1.272.6.6 0 0 1 .844-.854 4.5 4.5 0 0 0 3.238.927h.032a4.5 4.5 0 0 0 3.237-.927.6.6 0 1 1 .844.854zm-.331-3.256a1.726 1.726 0 1 1 1.709-1.712 1.717 1.717 0 0 1-1.712 1.712z\" fill=\"#fff\"\/><\/svg><\/span><\/a><a aria-label=\"Linkedin\" class=\"heateor_sss_button_linkedin\" href=\"https:\/\/www.linkedin.com\/sharing\/share-offsite\/?url=https%3A%2F%2Fwww.lacostituzione.info%2Findex.php%2F2017%2F07%2F06%2Fla-tortura-tra-antiche-lacune-normative-e-diritto-penale-simbolico%2F\" title=\"Linkedin\" rel=\"nofollow noopener\" target=\"_blank\" style=\"font-size:32px!important;box-shadow:none;display:inline-block;vertical-align:middle\"><span class=\"heateor_sss_svg heateor_sss_s__default heateor_sss_s_linkedin\" style=\"background-color:#0077b5;width:35px;height:35px;display:inline-block;opacity:1;float:left;font-size:32px;box-shadow:none;display:inline-block;font-size:16px;padding:0 4px;vertical-align:middle;background-repeat:repeat;overflow:hidden;padding:0;cursor:pointer;box-sizing:content-box\"><svg style=\"display:block;\" focusable=\"false\" aria-hidden=\"true\" xmlns=\"http:\/\/www.w3.org\/2000\/svg\" width=\"100%\" height=\"100%\" viewBox=\"0 0 32 32\"><path d=\"M6.227 12.61h4.19v13.48h-4.19V12.61zm2.095-6.7a2.43 2.43 0 0 1 0 4.86c-1.344 0-2.428-1.09-2.428-2.43s1.084-2.43 2.428-2.43m4.72 6.7h4.02v1.84h.058c.56-1.058 1.927-2.176 3.965-2.176 4.238 0 5.02 2.792 5.02 6.42v7.395h-4.183v-6.56c0-1.564-.03-3.574-2.178-3.574-2.18 0-2.514 1.7-2.514 3.46v6.668h-4.187V12.61z\" fill=\"#fff\"><\/path><\/svg><\/span><\/a><a aria-label=\"Pinterest\" class=\"heateor_sss_button_pinterest\" href=\"https:\/\/www.lacostituzione.info\/index.php\/2017\/07\/06\/la-tortura-tra-antiche-lacune-normative-e-diritto-penale-simbolico\/\" onclick=\"event.preventDefault();javascript:void( (function() {var e=document.createElement('script' );e.setAttribute('type','text\/javascript' );e.setAttribute('charset','UTF-8' );e.setAttribute('src','\/\/assets.pinterest.com\/js\/pinmarklet.js?r='+Math.random()*99999999);document.body.appendChild(e)})());\" title=\"Pinterest\" rel=\"noopener\" style=\"font-size:32px!important;box-shadow:none;display:inline-block;vertical-align:middle\"><span class=\"heateor_sss_svg heateor_sss_s__default heateor_sss_s_pinterest\" style=\"background-color:#cc2329;width:35px;height:35px;display:inline-block;opacity:1;float:left;font-size:32px;box-shadow:none;display:inline-block;font-size:16px;padding:0 4px;vertical-align:middle;background-repeat:repeat;overflow:hidden;padding:0;cursor:pointer;box-sizing:content-box\"><svg style=\"display:block;\" focusable=\"false\" aria-hidden=\"true\" xmlns=\"http:\/\/www.w3.org\/2000\/svg\" width=\"100%\" height=\"100%\" viewBox=\"-2 -2 35 35\"><path fill=\"#fff\" d=\"M16.539 4.5c-6.277 0-9.442 4.5-9.442 8.253 0 2.272.86 4.293 2.705 5.046.303.125.574.005.662-.33.061-.231.205-.816.27-1.06.088-.331.053-.447-.191-.736-.532-.627-.873-1.439-.873-2.591 0-3.338 2.498-6.327 6.505-6.327 3.548 0 5.497 2.168 5.497 5.062 0 3.81-1.686 7.025-4.188 7.025-1.382 0-2.416-1.142-2.085-2.545.397-1.674 1.166-3.48 1.166-4.689 0-1.081-.581-1.983-1.782-1.983-1.413 0-2.548 1.462-2.548 3.419 0 1.247.421 2.091.421 2.091l-1.699 7.199c-.505 2.137-.076 4.755-.039 5.019.021.158.223.196.314.077.13-.17 1.813-2.247 2.384-4.324.162-.587.929-3.631.929-3.631.46.876 1.801 1.646 3.227 1.646 4.247 0 7.128-3.871 7.128-9.053.003-3.918-3.317-7.568-8.361-7.568z\"\/><\/svg><\/span><\/a><a aria-label=\"Whatsapp\" class=\"heateor_sss_whatsapp\" href=\"https:\/\/api.whatsapp.com\/send?text=La%20tortura%20tra%20antiche%20lacune%20normative%20e%20diritto%20penale%20simbolico%20https%3A%2F%2Fwww.lacostituzione.info%2Findex.php%2F2017%2F07%2F06%2Fla-tortura-tra-antiche-lacune-normative-e-diritto-penale-simbolico%2F\" title=\"Whatsapp\" rel=\"nofollow noopener\" target=\"_blank\" style=\"font-size:32px!important;box-shadow:none;display:inline-block;vertical-align:middle\"><span class=\"heateor_sss_svg\" style=\"background-color:#55eb4c;width:35px;height:35px;display:inline-block;opacity:1;float:left;font-size:32px;box-shadow:none;display:inline-block;font-size:16px;padding:0 4px;vertical-align:middle;background-repeat:repeat;overflow:hidden;padding:0;cursor:pointer;box-sizing:content-box\"><svg style=\"display:block;\" focusable=\"false\" aria-hidden=\"true\" xmlns=\"http:\/\/www.w3.org\/2000\/svg\" width=\"100%\" height=\"100%\" viewBox=\"-6 -5 40 40\"><path class=\"heateor_sss_svg_stroke heateor_sss_no_fill\" stroke=\"#fff\" stroke-width=\"2\" fill=\"none\" d=\"M 11.579798566743314 24.396926207859085 A 10 10 0 1 0 6.808479557110079 20.73576436351046\"><\/path><path d=\"M 7 19 l -1 6 l 6 -1\" class=\"heateor_sss_no_fill heateor_sss_svg_stroke\" stroke=\"#fff\" stroke-width=\"2\" fill=\"none\"><\/path><path d=\"M 10 10 q -1 8 8 11 c 5 -1 0 -6 -1 -3 q -4 -3 -5 -5 c 4 -2 -1 -5 -1 -4\" fill=\"#fff\"><\/path><\/svg><\/span><\/a><\/div><div class=\"heateorSssClear\"><\/div><\/div><div class='heateorSssClear'><\/div>","protected":false},"author":1,"featured_media":0,"comment_status":"open","ping_status":"open","sticky":false,"template":"","format":"standard","meta":{"jetpack_post_was_ever_published":false,"_jetpack_newsletter_access":"","_jetpack_dont_email_post_to_subs":false,"_jetpack_newsletter_tier_id":0,"_jetpack_memberships_contains_paywalled_content":false,"_jetpack_memberships_contains_paid_content":false,"footnotes":"","jetpack_publicize_message":"","jetpack_publicize_feature_enabled":true,"jetpack_social_post_already_shared":false,"jetpack_social_options":{"image_generator_settings":{"template":"highway","default_image_id":0,"enabled":false},"version":2}},"categories":[4],"tags":[702,254,715,717,716],"class_list":["post-2969","post","type-post","status-publish","format-standard","hentry","category-attualita","tag-cedu","tag-codice-penale","tag-convenzione-onu","tag-g8-genova","tag-tortyra"],"jetpack_publicize_connections":[],"jetpack_featured_media_url":"","jetpack_shortlink":"https:\/\/wp.me\/p84sDq-LT","jetpack_likes_enabled":true,"jetpack_sharing_enabled":true,"_links":{"self":[{"href":"https:\/\/www.lacostituzione.info\/index.php\/wp-json\/wp\/v2\/posts\/2969","targetHints":{"allow":["GET"]}}],"collection":[{"href":"https:\/\/www.lacostituzione.info\/index.php\/wp-json\/wp\/v2\/posts"}],"about":[{"href":"https:\/\/www.lacostituzione.info\/index.php\/wp-json\/wp\/v2\/types\/post"}],"author":[{"embeddable":true,"href":"https:\/\/www.lacostituzione.info\/index.php\/wp-json\/wp\/v2\/users\/1"}],"replies":[{"embeddable":true,"href":"https:\/\/www.lacostituzione.info\/index.php\/wp-json\/wp\/v2\/comments?post=2969"}],"version-history":[{"count":0,"href":"https:\/\/www.lacostituzione.info\/index.php\/wp-json\/wp\/v2\/posts\/2969\/revisions"}],"wp:attachment":[{"href":"https:\/\/www.lacostituzione.info\/index.php\/wp-json\/wp\/v2\/media?parent=2969"}],"wp:term":[{"taxonomy":"category","embeddable":true,"href":"https:\/\/www.lacostituzione.info\/index.php\/wp-json\/wp\/v2\/categories?post=2969"},{"taxonomy":"post_tag","embeddable":true,"href":"https:\/\/www.lacostituzione.info\/index.php\/wp-json\/wp\/v2\/tags?post=2969"}],"curies":[{"name":"wp","href":"https:\/\/api.w.org\/{rel}","templated":true}]}}