{"id":2999,"date":"2017-07-12T17:09:46","date_gmt":"2017-07-12T15:09:46","guid":{"rendered":"http:\/\/www.lacostituzione.info\/?p=2999"},"modified":"2018-01-03T10:26:15","modified_gmt":"2018-01-03T09:26:15","slug":"il-pericolo-dei-rigurgiti-fascisti-e-lo-stallo-della-integrazione-europea","status":"publish","type":"post","link":"https:\/\/www.lacostituzione.info\/index.php\/2017\/07\/12\/il-pericolo-dei-rigurgiti-fascisti-e-lo-stallo-della-integrazione-europea\/","title":{"rendered":"Il pericolo dei rigurgiti fascisti <br> e lo stallo della integrazione europea"},"content":{"rendered":"<p><img loading=\"lazy\" decoding=\"async\" data-attachment-id=\"3000\" data-permalink=\"https:\/\/www.lacostituzione.info\/index.php\/2017\/07\/12\/il-pericolo-dei-rigurgiti-fascisti-e-lo-stallo-della-integrazione-europea\/images-8\/#main\" data-orig-file=\"https:\/\/www.lacostituzione.info\/wp-content\/uploads\/2017\/07\/images-3.jpg\" data-orig-size=\"248,192\" data-comments-opened=\"1\" data-image-meta=\"{&quot;aperture&quot;:&quot;0&quot;,&quot;credit&quot;:&quot;&quot;,&quot;camera&quot;:&quot;&quot;,&quot;caption&quot;:&quot;&quot;,&quot;created_timestamp&quot;:&quot;0&quot;,&quot;copyright&quot;:&quot;&quot;,&quot;focal_length&quot;:&quot;0&quot;,&quot;iso&quot;:&quot;0&quot;,&quot;shutter_speed&quot;:&quot;0&quot;,&quot;title&quot;:&quot;&quot;,&quot;orientation&quot;:&quot;0&quot;}\" data-image-title=\"images\" data-image-description=\"\" data-image-caption=\"\" data-medium-file=\"https:\/\/www.lacostituzione.info\/wp-content\/uploads\/2017\/07\/images-3.jpg\" data-large-file=\"https:\/\/www.lacostituzione.info\/wp-content\/uploads\/2017\/07\/images-3.jpg\" class=\"alignleft wp-image-3000 size-thumbnail\" src=\"http:\/\/www.lacostituzione.info\/wp-content\/uploads\/2017\/07\/images-3-150x150.jpg\" alt=\"\" width=\"150\" height=\"150\" \/>di <strong>Andrea Guazzarotti<\/strong><a href=\"#_ftn1\" name=\"_ftnref1\">*<\/a><\/p>\n<p>L\u2019ondata estiva ci ha portato di nuovo a riflettere sul pericolo di un rigurgito fascista in Italia (v. il disegno di legge <a href=\"http:\/\/www.lacostituzione.info\/index.php\/2017\/07\/10\/la-proposta-di-legge-fiano-e-lantifascismo-estetico\/\">Fiano<\/a> e lo stabilimento balneare neofascista di Chioggia). I dibattiti giornalistici pi\u00f9 elevati accreditano la tesi di un\u2019Italia che non ha mai veramente fatto i conti con il proprio passato, compreso quello coloniale (rispetto al quale, fondamentali sono gli studi di Angelo Del Boca). <!--more-->\u00c8 interessante notare come la tesi dell\u2019ambiguit\u00e0 italiana verso il proprio passato fascista (antidemocratico e liberticida) si leghi paradossalmente con gli sforzi fatti dalle \u00e9lite politiche italiane tra la fine della guerra e l\u2019inizio del nuovo regime democratico: se l\u2019ambiguit\u00e0 della cobelligeranza imped\u00ec un effettivo rinnovamento e una ricostruzione morale, la guerra fredda e la connessa esigenza di recuperare in fretta l\u2019Italia al blocco occidentale aiut\u00f2 la rimozione e contribu\u00ec a perpetuare quell\u2019ambiguit\u00e0 (Sara Lorenzini, <em>L\u2019Italia e il trattato di pace del 1947<\/em>, Bologna 2007, p. 150). L\u2019impasse tra una politica di netta rottura col passato e i rigurgiti nazionalisti che si venne a determinare con la sigla del Trattato di pace di Parigi del febbraio 1947 (pieno di clausole punitive per il nostro Paese), fu superata grazie alla possibilit\u00e0 offerta all\u2019Italia dal Piano Marshall, prima, dall\u2019integrazione europea, poi, di rientrare tra le nazioni europee che contano (<em>ibidem<\/em>, pp. 116 e 133).<\/p>\n<p>Qui sta, se si vuole, gran parte dell\u2019ambiguit\u00e0 della stessa integrazione europea e del gioco che i partiti stanno attualmente conducendo. L\u2019integrazione europea ha offerto su un piatto d\u2019argento l\u2019occasione di riscatto all\u2019Italia, umiliata dall\u2019esito della guerra e, soprattutto, dallo spirito punitivo del Trattato di pace del \u201947; quest\u2019ultimo trasudava da tutte le clausole la diffidenza delle Potenze vincitrici verso un\u2019autentica trasformazione morale dell\u2019Italia in senso antifascista (emblematici gli artt. 15 e 17, rispettivamente sull\u2019obbligo di garantire i diritti umani a tutti i cittadini, senza distinzioni di razza, sesso, lingua o religione, e sull\u2019obbligo di impedire la rinascita delle organizzazioni fasciste, sotto ogni forma). Ma l\u2019opportunit\u00e0 \u00e8 stata forse troppo rapida e troppo condizionata dalla geopolitica della guerra fredda che si impose prepotentemente subito dopo la fine del secondo conflitto mondiale.<\/p>\n<p>Insomma: ci siamo sforzati di dare credenziali di pacifismo e internazionalismo (v. l\u2019art. 11 Cost. che si andava scrivendo prima e a ridosso del Trattato di pace del 1947) non (solo) perch\u00e9 davvero convinti, come popolo, dell\u2019immoralit\u00e0 del fascismo e dell\u2019ingiustizia del nazionalismo bellicista, bens\u00ec (anche) perch\u00e9 ci\u00f2 forniva all\u2019Italia un\u2019ottima occasione per tornare a contare nel mondo (almeno, in Europa). Considerato tutto questo, \u00e8 cos\u00ec sorprendente che, nelle secche in cui si trova oggi l\u2019integrazione europea, torni a riemergere un certo istinto italico alla nostalgia di un passato di grandezza basato su valori antidemocratici?<\/p>\n<p>I partiti sono abili a sfruttare tale ambiguit\u00e0: il Movimento 5 Stelle, per bocca del suo leader Grillo, si auto-attribuisce il merito di aver impedito rigurgiti neo-fascisti, in esito alla grave crisi economica che dura ormai da pi\u00f9 di sette anni, canalizzando la protesta entro argini democratici e non illiberali. Chi, da sinistra, riteneva insostenibile l\u2019attuale assetto economico dell\u2019UE e, specialmente, dell\u2019Eurozona, guarda(va) alla crescita e al rischio di vittoria dei partiti ultranazionalisti (come quello della Le Pen in Francia), come l\u2019unica plausibile molla capace di far crollare il castello di carte costruito sul liberismo autoritario e\/o tecnocratico dell\u2019Eurozona (Sergio Cesaratto, <em>Sei lezioni di economia<\/em>, Reggio Emilia 2016,p. 307). L\u2019attuale frenata che la vittoria di Macron in Francia ha imposto all\u2019ascesa dell\u2019ultranazionalismo rischia di essere un falso successo. La partecipazione popolare alle elezioni (presidenziali, prima; parlamentari, poi) che hanno dato il potere politico al nuovo partito personale dell\u2019ex banchiere di successo francese \u00e8 stata bassissima. E il calo di partecipazione popolare alle recenti elezioni italiane (regionali e amministrative) sembra confermare tale tendenza anche per l\u2019Italia. Lo scontento popolare si rifugia in strati sempre pi\u00f9 profondi e lontani dal gioco legittimante della politica democratico-rappresentativa.<\/p>\n<p>Le conclusioni da trarre non possono che essere provvisorie e discutibili: l\u2019integrazione europea a ridosso del secondo conflitto mondiale ha rappresentato per alcuni, Italia in testa, un\u2019occasione per uscire dal passato ma al contempo una delle ragioni che hanno impedito di fare appieno i conti col passato. La minaccia politica rappresentata allora dalla guerra fredda, che oltre a costringere il capitalismo a pi\u00f9 miti consigli, induceva a bilanciare i diritti politici e civili con quelli sociali, \u00e8 oggi venuta meno. Un suo debole sostituto, che le maggiori forze politiche maneggiano alla bisogna, \u00e8 la minaccia di rigurgiti nazionalisti e\/o fascisti in Europa.<\/p>\n<p>La speranza \u00e8 che quella minaccia venga presa sul serio dai politici chiamati a guidare il processo di integrazione europea: quest\u2019ultima \u00e8 stata, <em>in primis<\/em>, la molla che ha aiutato alcuni stati e alcuni popoli a superare il disastro materiale e morale della seconda guerra mondiale. L\u2019idea di un\u2019Unione europea \u2018di competitivit\u00e0\u2019, capace di costringere stati e popoli a essere pi\u00f9 competitivi e produttivi, \u00e8 arrivata dopo e rischia di mangiarsi l\u2019idea precedente. L\u2019esigenza di crescere economicamente, mettendo assieme alcune competenze sovrane come la moneta, non pu\u00f2 e non deve far dimenticare l\u2019esigenza di elevarsi <em>solidalmente<\/em> al di sopra dei propri fantasmi del passato. E quel \u00absolidalmente\u00bb non indica solo la necessaria solidariet\u00e0 fra gli stati, ma anche quella fra le classi sociali, posto che a caratterizzare il periodo storico che precedette il primo e il secondo conflitto mondiale non fu solo il nazionalismo bellicista, bens\u00ec anche il liberismo delle diseguaglianze estreme.<\/p>\n<p><a href=\"#_ftnref1\" name=\"_ftn1\">*<\/a> <em>Professore associato di Diritto costituzionale, Universit\u00e0 di Ferrara<\/em><\/p>\n","protected":false},"excerpt":{"rendered":"<p>di Andrea Guazzarotti* L\u2019ondata estiva ci ha portato di nuovo a riflettere sul pericolo di un rigurgito fascista in Italia (v. il disegno di legge Fiano e lo stabilimento balneare neofascista di Chioggia). I dibattiti giornalistici pi\u00f9 elevati accreditano la tesi di un\u2019Italia che non ha mai veramente fatto i conti con il proprio passato, &#8230; <a title=\"Il pericolo dei rigurgiti fascisti &lt;br&gt; e lo stallo della integrazione europea\" class=\"read-more\" href=\"https:\/\/www.lacostituzione.info\/index.php\/2017\/07\/12\/il-pericolo-dei-rigurgiti-fascisti-e-lo-stallo-della-integrazione-europea\/\">Leggi tutto<\/a><\/p>\n<div class='heateorSssClear'><\/div><div  class='heateor_sss_sharing_container heateor_sss_horizontal_sharing' data-heateor-sss-href='https:\/\/www.lacostituzione.info\/index.php\/2017\/07\/12\/il-pericolo-dei-rigurgiti-fascisti-e-lo-stallo-della-integrazione-europea\/'><div class='heateor_sss_sharing_title' style=\"font-weight:bold\" >Condividi!<\/div><div class=\"heateor_sss_sharing_ul\"><a aria-label=\"Facebook\" class=\"heateor_sss_facebook\" href=\"https:\/\/www.facebook.com\/sharer\/sharer.php?u=https%3A%2F%2Fwww.lacostituzione.info%2Findex.php%2F2017%2F07%2F12%2Fil-pericolo-dei-rigurgiti-fascisti-e-lo-stallo-della-integrazione-europea%2F\" title=\"Facebook\" rel=\"nofollow noopener\" target=\"_blank\" style=\"font-size:32px!important;box-shadow:none;display:inline-block;vertical-align:middle\"><span class=\"heateor_sss_svg\" style=\"background-color:#0765FE;width:35px;height:35px;display:inline-block;opacity:1;float:left;font-size:32px;box-shadow:none;display:inline-block;font-size:16px;padding:0 4px;vertical-align:middle;background-repeat:repeat;overflow:hidden;padding:0;cursor:pointer;box-sizing:content-box\"><svg style=\"display:block;\" focusable=\"false\" aria-hidden=\"true\" xmlns=\"http:\/\/www.w3.org\/2000\/svg\" width=\"100%\" height=\"100%\" viewBox=\"0 0 32 32\"><path fill=\"#fff\" d=\"M28 16c0-6.627-5.373-12-12-12S4 9.373 4 16c0 5.628 3.875 10.35 9.101 11.647v-7.98h-2.474V16H13.1v-1.58c0-4.085 1.849-5.978 5.859-5.978.76 0 2.072.15 2.608.298v3.325c-.283-.03-.775-.045-1.386-.045-1.967 0-2.728.745-2.728 2.683V16h3.92l-.673 3.667h-3.247v8.245C23.395 27.195 28 22.135 28 16Z\"><\/path><\/svg><\/span><\/a><a aria-label=\"Twitter\" class=\"heateor_sss_button_twitter\" href=\"https:\/\/twitter.com\/intent\/tweet?text=Il%20pericolo%20dei%20rigurgiti%20fascisti%20%3Cbr%3E%20e%20lo%20stallo%20della%20integrazione%20europea&url=https%3A%2F%2Fwww.lacostituzione.info%2Findex.php%2F2017%2F07%2F12%2Fil-pericolo-dei-rigurgiti-fascisti-e-lo-stallo-della-integrazione-europea%2F\" title=\"Twitter\" rel=\"nofollow noopener\" target=\"_blank\" style=\"font-size:32px!important;box-shadow:none;display:inline-block;vertical-align:middle\"><span class=\"heateor_sss_svg heateor_sss_s__default heateor_sss_s_twitter\" style=\"background-color:#55acee;width:35px;height:35px;display:inline-block;opacity:1;float:left;font-size:32px;box-shadow:none;display:inline-block;font-size:16px;padding:0 4px;vertical-align:middle;background-repeat:repeat;overflow:hidden;padding:0;cursor:pointer;box-sizing:content-box\"><svg style=\"display:block;\" focusable=\"false\" aria-hidden=\"true\" xmlns=\"http:\/\/www.w3.org\/2000\/svg\" width=\"100%\" height=\"100%\" viewBox=\"-4 -4 39 39\"><path d=\"M28 8.557a9.913 9.913 0 0 1-2.828.775 4.93 4.93 0 0 0 2.166-2.725 9.738 9.738 0 0 1-3.13 1.194 4.92 4.92 0 0 0-3.593-1.55 4.924 4.924 0 0 0-4.794 6.049c-4.09-.21-7.72-2.17-10.15-5.15a4.942 4.942 0 0 0-.665 2.477c0 1.71.87 3.214 2.19 4.1a4.968 4.968 0 0 1-2.23-.616v.06c0 2.39 1.7 4.38 3.952 4.83-.414.115-.85.174-1.297.174-.318 0-.626-.03-.928-.086a4.935 4.935 0 0 0 4.6 3.42 9.893 9.893 0 0 1-6.114 2.107c-.398 0-.79-.023-1.175-.068a13.953 13.953 0 0 0 7.55 2.213c9.056 0 14.01-7.507 14.01-14.013 0-.213-.005-.426-.015-.637.96-.695 1.795-1.56 2.455-2.55z\" fill=\"#fff\"><\/path><\/svg><\/span><\/a><a aria-label=\"Reddit\" class=\"heateor_sss_button_reddit\" href=\"https:\/\/reddit.com\/submit?url=https%3A%2F%2Fwww.lacostituzione.info%2Findex.php%2F2017%2F07%2F12%2Fil-pericolo-dei-rigurgiti-fascisti-e-lo-stallo-della-integrazione-europea%2F&title=Il%20pericolo%20dei%20rigurgiti%20fascisti%20%3Cbr%3E%20e%20lo%20stallo%20della%20integrazione%20europea\" title=\"Reddit\" rel=\"nofollow noopener\" target=\"_blank\" style=\"font-size:32px!important;box-shadow:none;display:inline-block;vertical-align:middle\"><span class=\"heateor_sss_svg heateor_sss_s__default heateor_sss_s_reddit\" style=\"background-color:#ff5700;width:35px;height:35px;display:inline-block;opacity:1;float:left;font-size:32px;box-shadow:none;display:inline-block;font-size:16px;padding:0 4px;vertical-align:middle;background-repeat:repeat;overflow:hidden;padding:0;cursor:pointer;box-sizing:content-box\"><svg style=\"display:block;\" focusable=\"false\" aria-hidden=\"true\" xmlns=\"http:\/\/www.w3.org\/2000\/svg\" width=\"100%\" height=\"100%\" viewBox=\"-3.5 -3.5 39 39\"><path d=\"M28.543 15.774a2.953 2.953 0 0 0-2.951-2.949 2.882 2.882 0 0 0-1.9.713 14.075 14.075 0 0 0-6.85-2.044l1.38-4.349 3.768.884a2.452 2.452 0 1 0 .24-1.176l-4.274-1a.6.6 0 0 0-.709.4l-1.659 5.224a14.314 14.314 0 0 0-7.316 2.029 2.908 2.908 0 0 0-1.872-.681 2.942 2.942 0 0 0-1.618 5.4 5.109 5.109 0 0 0-.062.765c0 4.158 5.037 7.541 11.229 7.541s11.22-3.383 11.22-7.541a5.2 5.2 0 0 0-.053-.706 2.963 2.963 0 0 0 1.427-2.51zm-18.008 1.88a1.753 1.753 0 0 1 1.73-1.74 1.73 1.73 0 0 1 1.709 1.74 1.709 1.709 0 0 1-1.709 1.711 1.733 1.733 0 0 1-1.73-1.711zm9.565 4.968a5.573 5.573 0 0 1-4.081 1.272h-.032a5.576 5.576 0 0 1-4.087-1.272.6.6 0 0 1 .844-.854 4.5 4.5 0 0 0 3.238.927h.032a4.5 4.5 0 0 0 3.237-.927.6.6 0 1 1 .844.854zm-.331-3.256a1.726 1.726 0 1 1 1.709-1.712 1.717 1.717 0 0 1-1.712 1.712z\" fill=\"#fff\"\/><\/svg><\/span><\/a><a aria-label=\"Linkedin\" class=\"heateor_sss_button_linkedin\" href=\"https:\/\/www.linkedin.com\/sharing\/share-offsite\/?url=https%3A%2F%2Fwww.lacostituzione.info%2Findex.php%2F2017%2F07%2F12%2Fil-pericolo-dei-rigurgiti-fascisti-e-lo-stallo-della-integrazione-europea%2F\" title=\"Linkedin\" rel=\"nofollow noopener\" target=\"_blank\" style=\"font-size:32px!important;box-shadow:none;display:inline-block;vertical-align:middle\"><span class=\"heateor_sss_svg heateor_sss_s__default heateor_sss_s_linkedin\" style=\"background-color:#0077b5;width:35px;height:35px;display:inline-block;opacity:1;float:left;font-size:32px;box-shadow:none;display:inline-block;font-size:16px;padding:0 4px;vertical-align:middle;background-repeat:repeat;overflow:hidden;padding:0;cursor:pointer;box-sizing:content-box\"><svg style=\"display:block;\" focusable=\"false\" aria-hidden=\"true\" xmlns=\"http:\/\/www.w3.org\/2000\/svg\" width=\"100%\" height=\"100%\" viewBox=\"0 0 32 32\"><path d=\"M6.227 12.61h4.19v13.48h-4.19V12.61zm2.095-6.7a2.43 2.43 0 0 1 0 4.86c-1.344 0-2.428-1.09-2.428-2.43s1.084-2.43 2.428-2.43m4.72 6.7h4.02v1.84h.058c.56-1.058 1.927-2.176 3.965-2.176 4.238 0 5.02 2.792 5.02 6.42v7.395h-4.183v-6.56c0-1.564-.03-3.574-2.178-3.574-2.18 0-2.514 1.7-2.514 3.46v6.668h-4.187V12.61z\" fill=\"#fff\"><\/path><\/svg><\/span><\/a><a aria-label=\"Pinterest\" class=\"heateor_sss_button_pinterest\" href=\"https:\/\/www.lacostituzione.info\/index.php\/2017\/07\/12\/il-pericolo-dei-rigurgiti-fascisti-e-lo-stallo-della-integrazione-europea\/\" onclick=\"event.preventDefault();javascript:void( (function() {var e=document.createElement('script' );e.setAttribute('type','text\/javascript' );e.setAttribute('charset','UTF-8' );e.setAttribute('src','\/\/assets.pinterest.com\/js\/pinmarklet.js?r='+Math.random()*99999999);document.body.appendChild(e)})());\" title=\"Pinterest\" rel=\"noopener\" style=\"font-size:32px!important;box-shadow:none;display:inline-block;vertical-align:middle\"><span class=\"heateor_sss_svg heateor_sss_s__default heateor_sss_s_pinterest\" style=\"background-color:#cc2329;width:35px;height:35px;display:inline-block;opacity:1;float:left;font-size:32px;box-shadow:none;display:inline-block;font-size:16px;padding:0 4px;vertical-align:middle;background-repeat:repeat;overflow:hidden;padding:0;cursor:pointer;box-sizing:content-box\"><svg style=\"display:block;\" focusable=\"false\" aria-hidden=\"true\" xmlns=\"http:\/\/www.w3.org\/2000\/svg\" width=\"100%\" height=\"100%\" viewBox=\"-2 -2 35 35\"><path fill=\"#fff\" d=\"M16.539 4.5c-6.277 0-9.442 4.5-9.442 8.253 0 2.272.86 4.293 2.705 5.046.303.125.574.005.662-.33.061-.231.205-.816.27-1.06.088-.331.053-.447-.191-.736-.532-.627-.873-1.439-.873-2.591 0-3.338 2.498-6.327 6.505-6.327 3.548 0 5.497 2.168 5.497 5.062 0 3.81-1.686 7.025-4.188 7.025-1.382 0-2.416-1.142-2.085-2.545.397-1.674 1.166-3.48 1.166-4.689 0-1.081-.581-1.983-1.782-1.983-1.413 0-2.548 1.462-2.548 3.419 0 1.247.421 2.091.421 2.091l-1.699 7.199c-.505 2.137-.076 4.755-.039 5.019.021.158.223.196.314.077.13-.17 1.813-2.247 2.384-4.324.162-.587.929-3.631.929-3.631.46.876 1.801 1.646 3.227 1.646 4.247 0 7.128-3.871 7.128-9.053.003-3.918-3.317-7.568-8.361-7.568z\"\/><\/svg><\/span><\/a><a aria-label=\"Whatsapp\" class=\"heateor_sss_whatsapp\" href=\"https:\/\/api.whatsapp.com\/send?text=Il%20pericolo%20dei%20rigurgiti%20fascisti%20%3Cbr%3E%20e%20lo%20stallo%20della%20integrazione%20europea%20https%3A%2F%2Fwww.lacostituzione.info%2Findex.php%2F2017%2F07%2F12%2Fil-pericolo-dei-rigurgiti-fascisti-e-lo-stallo-della-integrazione-europea%2F\" title=\"Whatsapp\" rel=\"nofollow noopener\" target=\"_blank\" style=\"font-size:32px!important;box-shadow:none;display:inline-block;vertical-align:middle\"><span class=\"heateor_sss_svg\" style=\"background-color:#55eb4c;width:35px;height:35px;display:inline-block;opacity:1;float:left;font-size:32px;box-shadow:none;display:inline-block;font-size:16px;padding:0 4px;vertical-align:middle;background-repeat:repeat;overflow:hidden;padding:0;cursor:pointer;box-sizing:content-box\"><svg style=\"display:block;\" focusable=\"false\" aria-hidden=\"true\" xmlns=\"http:\/\/www.w3.org\/2000\/svg\" width=\"100%\" height=\"100%\" viewBox=\"-6 -5 40 40\"><path class=\"heateor_sss_svg_stroke heateor_sss_no_fill\" stroke=\"#fff\" stroke-width=\"2\" fill=\"none\" d=\"M 11.579798566743314 24.396926207859085 A 10 10 0 1 0 6.808479557110079 20.73576436351046\"><\/path><path d=\"M 7 19 l -1 6 l 6 -1\" class=\"heateor_sss_no_fill heateor_sss_svg_stroke\" stroke=\"#fff\" stroke-width=\"2\" fill=\"none\"><\/path><path d=\"M 10 10 q -1 8 8 11 c 5 -1 0 -6 -1 -3 q -4 -3 -5 -5 c 4 -2 -1 -5 -1 -4\" fill=\"#fff\"><\/path><\/svg><\/span><\/a><\/div><div class=\"heateorSssClear\"><\/div><\/div><div class='heateorSssClear'><\/div>","protected":false},"author":1,"featured_media":0,"comment_status":"open","ping_status":"open","sticky":false,"template":"","format":"standard","meta":{"jetpack_post_was_ever_published":false,"_jetpack_newsletter_access":"","_jetpack_dont_email_post_to_subs":false,"_jetpack_newsletter_tier_id":0,"_jetpack_memberships_contains_paywalled_content":false,"_jetpack_memberships_contains_paid_content":false,"footnotes":"","jetpack_publicize_message":"","jetpack_publicize_feature_enabled":true,"jetpack_social_post_already_shared":false,"jetpack_social_options":{"image_generator_settings":{"template":"highway","default_image_id":0,"enabled":false},"version":2}},"categories":[4],"tags":[683,734,735,739,736,738,737],"class_list":["post-2999","post","type-post","status-publish","format-standard","hentry","category-attualita","tag-fascismo","tag-integrazione-europea","tag-nazionalismo","tag-neo-fascismo","tag-pacifismo","tag-piano-marshall","tag-trattato-di-pace-di-parigi"],"jetpack_publicize_connections":[],"jetpack_featured_media_url":"","jetpack_shortlink":"https:\/\/wp.me\/p84sDq-Mn","jetpack_likes_enabled":true,"jetpack_sharing_enabled":true,"_links":{"self":[{"href":"https:\/\/www.lacostituzione.info\/index.php\/wp-json\/wp\/v2\/posts\/2999","targetHints":{"allow":["GET"]}}],"collection":[{"href":"https:\/\/www.lacostituzione.info\/index.php\/wp-json\/wp\/v2\/posts"}],"about":[{"href":"https:\/\/www.lacostituzione.info\/index.php\/wp-json\/wp\/v2\/types\/post"}],"author":[{"embeddable":true,"href":"https:\/\/www.lacostituzione.info\/index.php\/wp-json\/wp\/v2\/users\/1"}],"replies":[{"embeddable":true,"href":"https:\/\/www.lacostituzione.info\/index.php\/wp-json\/wp\/v2\/comments?post=2999"}],"version-history":[{"count":0,"href":"https:\/\/www.lacostituzione.info\/index.php\/wp-json\/wp\/v2\/posts\/2999\/revisions"}],"wp:attachment":[{"href":"https:\/\/www.lacostituzione.info\/index.php\/wp-json\/wp\/v2\/media?parent=2999"}],"wp:term":[{"taxonomy":"category","embeddable":true,"href":"https:\/\/www.lacostituzione.info\/index.php\/wp-json\/wp\/v2\/categories?post=2999"},{"taxonomy":"post_tag","embeddable":true,"href":"https:\/\/www.lacostituzione.info\/index.php\/wp-json\/wp\/v2\/tags?post=2999"}],"curies":[{"name":"wp","href":"https:\/\/api.w.org\/{rel}","templated":true}]}}