{"id":3024,"date":"2017-07-18T12:08:04","date_gmt":"2017-07-18T10:08:04","guid":{"rendered":"http:\/\/www.lacostituzione.info\/?p=3024"},"modified":"2018-01-02T18:55:33","modified_gmt":"2018-01-02T17:55:33","slug":"la-mancata-difesa-del-segretario-meno-amato-dalla-sinistra","status":"publish","type":"post","link":"https:\/\/www.lacostituzione.info\/index.php\/2017\/07\/18\/la-mancata-difesa-del-segretario-meno-amato-dalla-sinistra\/","title":{"rendered":"La mancata difesa del segretario meno amato dalla sinistra"},"content":{"rendered":"<p style=\"text-align: center;\"><img loading=\"lazy\" decoding=\"async\" data-attachment-id=\"1241\" data-permalink=\"https:\/\/www.lacostituzione.info\/index.php\/2016\/11\/13\/lassist-della-corte-che-renzi-non-ha-colto\/image-52\/#main\" data-orig-file=\"https:\/\/www.lacostituzione.info\/wp-content\/uploads\/2016\/11\/image-22.jpeg\" data-orig-size=\"603,590\" data-comments-opened=\"1\" data-image-meta=\"{&quot;aperture&quot;:&quot;0&quot;,&quot;credit&quot;:&quot;&quot;,&quot;camera&quot;:&quot;&quot;,&quot;caption&quot;:&quot;&quot;,&quot;created_timestamp&quot;:&quot;0&quot;,&quot;copyright&quot;:&quot;&quot;,&quot;focal_length&quot;:&quot;0&quot;,&quot;iso&quot;:&quot;0&quot;,&quot;shutter_speed&quot;:&quot;0&quot;,&quot;title&quot;:&quot;&quot;,&quot;orientation&quot;:&quot;0&quot;}\" data-image-title=\"image\" data-image-description=\"\" data-image-caption=\"\" data-medium-file=\"https:\/\/www.lacostituzione.info\/wp-content\/uploads\/2016\/11\/image-22-300x294.jpeg\" data-large-file=\"https:\/\/www.lacostituzione.info\/wp-content\/uploads\/2016\/11\/image-22.jpeg\" class=\"aligncenter wp-image-1241 size-medium\" src=\"http:\/\/www.lacostituzione.info\/wp-content\/uploads\/2016\/11\/image-22-300x294.jpeg\" alt=\"\" width=\"300\" height=\"294\" srcset=\"https:\/\/www.lacostituzione.info\/wp-content\/uploads\/2016\/11\/image-22-300x294.jpeg 300w, https:\/\/www.lacostituzione.info\/wp-content\/uploads\/2016\/11\/image-22.jpeg 603w\" sizes=\"auto, (max-width: 300px) 100vw, 300px\" \/>di <strong>Giovanni De Plato<\/strong><\/p>\n<p>Lo psicoanalista Massimo Recalcati in un lungo articolo su la Repubblica, luned\u00ec 17 luglio, si occupa delle ragioni che fanno covare un \u201codio\u201d smisurato per il segretario Pd e dei perch\u00e9 della mancata elaborazione del \u201clutto\u201d che porta la sinistra ad\u00a0 essere rancorosa. Si direbbe una difesa di parte, troppo appassionata per essere oggettiva e poco credibile per le categorie analitiche utilizzate. <!--more-->Si sa che\u00a0 Matteo Renzi, come segretario del Pd, e Recalcati, come ideatore della Scuola quadri del partito, si sono scelti per vincere. Il segretario, sempre pi\u00f9 solo al comando, aspira ad essere eletto Capo del governo nazionale. Lo psicoanalista, sempre pi\u00f9 criticato dai suoi stessi colleghi, mira a divenire il Grande guru della psico-politica italiana. Messa cos\u00ec c&#8217;\u00e8 poco da sperare per le sorti del Paese. Renzi e Recalcati appaiono sempre pi\u00f9 due tragiche maschere della scena politica e psicoanalitica italiana, due che vedono bruciare l&#8217;Italia e incuranti si lodano fino all&#8217;incanto. Forse, non percepiscono che con il loro fare e dire stanno accelerando la precipitazione di entrambi nel baratro. Quello aperto dal rifiuto degli italiani della politica renziana e dall&#8217;assenteismo elettorale dei cittadini.<\/p>\n<p>Questi fattori critici sono in continua crescita e gi\u00e0 in maggioranza nel Paese. Si potrebbe dire che lo stato comatoso di Renzi non trova nei rimedi del suo psicoanalista una possibilit\u00e0 di rianimazione, con molte probabilit\u00e0 ci penser\u00e0 Berlusconi. Il povero Pd si trova cos\u00ec sbattuto da ogni lato, ormai esangue si vede incitato dal suo segretario ad andare &#8220;Avanti&#8221;. Il primo e ultimo libro di Renzi avrebbe dovuto preoccupare il collaboratore psicoanalista, in quanto \u00e8 un documentato pieno dei segni e sintomi dell&#8217;autore. Pagine intrise dei propri fantasmi senza mai trovare una parola significante per la sinistra e i democratici che non vogliono rassegnarsi a consegnare il Paese alla destra. Come, d&#8217;altra parte, lo stesso Recalcati non trova una categoria freudiana o lacaniana credibile che lo possa aiutare ad analizzare la tragicommedia del renzismo e pi\u00f9 in generale del Pd e del radicalismo scissionista.<\/p>\n<p>Parla di odio e di lutto per descrivere lo stato d&#8217;irresponsabilit\u00e0 e di lacerazione in cui si sono ricacciati dirigenti storici e nuovi della sinistra. Parla del Male e del Bene come concetti per risolvere il conflitto del Novecento che attanaglia ancora il socialismo italiano. Recalcati, sempre convinto che le teorie della psicoanalisi europea siano universali, non avverte la necessit\u00e0 di adottare un diverso paradigma proprio del campo che si vuole esplorare, in questo caso delle scienze della politica. L&#8217;odio che sta investendo il segretario del Pd non risponde a logiche arcaiche o pulsionali dei suoi gufi. E&#8217; semplicemente il risultato di una personalizzazione dello scontro politico voluta da Renzi prima con la scanzonata rottamazione e poi con la pretesa di fedelt\u00e0. Queste s\u00ec che sono categorie pre-politiche.<\/p>\n<p>I nodi reali che restano insoluti nella sinistra non sono quelli dell&#8217;odio viscerale e del lutto mancato. Sono, invece, quei nodi fatti di fili storici che continuano a intricarsi nella contrapposizione irrisolta tra egemonia e pluralismo, tra centralismo e democrazia, tra governo e opposizione. Forse, su queste categorie proprie della politica si riesce a capire perch\u00e9 i movimenti del comunismo, del socialismo e del riformismo nella loro evoluzione non siano mai riusciti a darsi una identit\u00e0 unitaria e una pratica di unione.<\/p>\n<p>Questa miopia di visione \u00e8 quella che per esempio non ha permesso di fondere i Ds e la Margherita, la famosa fusione a freddo. In realt\u00e0 Renzi e D&#8217;Alema, come i loro simili, sono vittime della stessa idea politica, quella del culto personale e del potere egemonico. Idea sconfitta definitivamente dalla caduta del muro di Berlino e mai sostituita con quella pi\u00f9 rivoluzionaria \u201cuniti per unire\u201d. Un&#8217;altra parola vincente emersa dalla tragedia del Novecento \u00e8 \u201cdemocrazia\u201d intesa come senso del limite, delle differenze, dell&#8217;inclusione, del pluralismo, della responsabilit\u00e0. Solo con questi \u201cnuovi\u201d connotati la sinistra pu\u00f2 raggiungere l&#8217;unit\u00e0 e costruire una democrazia governante, capace di realizzare il bene comune (la sinistra cattolica) e l&#8217;interesse collettivo (la sinistra riformista).<\/p>\n<p>C&#8217;\u00e8 ancora molta strada per arrivare a un incontro e a una sintesi di una sinistra vincente, sicuramente non servono inesistenti scorciatoie, inappropriate letture e illusori rimedi.<\/p>\n<p>&nbsp;<\/p>\n","protected":false},"excerpt":{"rendered":"<p>di Giovanni De Plato Lo psicoanalista Massimo Recalcati in un lungo articolo su la Repubblica, luned\u00ec 17 luglio, si occupa delle ragioni che fanno covare un \u201codio\u201d smisurato per il segretario Pd e dei perch\u00e9 della mancata elaborazione del \u201clutto\u201d che porta la sinistra ad\u00a0 essere rancorosa. Si direbbe una difesa di parte, troppo appassionata &#8230; <a title=\"La mancata difesa del segretario meno amato dalla sinistra\" class=\"read-more\" href=\"https:\/\/www.lacostituzione.info\/index.php\/2017\/07\/18\/la-mancata-difesa-del-segretario-meno-amato-dalla-sinistra\/\">Leggi tutto<\/a><\/p>\n<div class='heateorSssClear'><\/div><div  class='heateor_sss_sharing_container heateor_sss_horizontal_sharing' data-heateor-sss-href='https:\/\/www.lacostituzione.info\/index.php\/2017\/07\/18\/la-mancata-difesa-del-segretario-meno-amato-dalla-sinistra\/'><div class='heateor_sss_sharing_title' style=\"font-weight:bold\" >Condividi!<\/div><div class=\"heateor_sss_sharing_ul\"><a aria-label=\"Facebook\" class=\"heateor_sss_facebook\" href=\"https:\/\/www.facebook.com\/sharer\/sharer.php?u=https%3A%2F%2Fwww.lacostituzione.info%2Findex.php%2F2017%2F07%2F18%2Fla-mancata-difesa-del-segretario-meno-amato-dalla-sinistra%2F\" title=\"Facebook\" rel=\"nofollow noopener\" target=\"_blank\" style=\"font-size:32px!important;box-shadow:none;display:inline-block;vertical-align:middle\"><span class=\"heateor_sss_svg\" style=\"background-color:#0765FE;width:35px;height:35px;display:inline-block;opacity:1;float:left;font-size:32px;box-shadow:none;display:inline-block;font-size:16px;padding:0 4px;vertical-align:middle;background-repeat:repeat;overflow:hidden;padding:0;cursor:pointer;box-sizing:content-box\"><svg style=\"display:block;\" focusable=\"false\" aria-hidden=\"true\" xmlns=\"http:\/\/www.w3.org\/2000\/svg\" width=\"100%\" height=\"100%\" viewBox=\"0 0 32 32\"><path fill=\"#fff\" d=\"M28 16c0-6.627-5.373-12-12-12S4 9.373 4 16c0 5.628 3.875 10.35 9.101 11.647v-7.98h-2.474V16H13.1v-1.58c0-4.085 1.849-5.978 5.859-5.978.76 0 2.072.15 2.608.298v3.325c-.283-.03-.775-.045-1.386-.045-1.967 0-2.728.745-2.728 2.683V16h3.92l-.673 3.667h-3.247v8.245C23.395 27.195 28 22.135 28 16Z\"><\/path><\/svg><\/span><\/a><a aria-label=\"Twitter\" class=\"heateor_sss_button_twitter\" href=\"https:\/\/twitter.com\/intent\/tweet?text=La%20mancata%20difesa%20del%20segretario%20meno%20amato%20dalla%20sinistra&url=https%3A%2F%2Fwww.lacostituzione.info%2Findex.php%2F2017%2F07%2F18%2Fla-mancata-difesa-del-segretario-meno-amato-dalla-sinistra%2F\" title=\"Twitter\" rel=\"nofollow noopener\" target=\"_blank\" style=\"font-size:32px!important;box-shadow:none;display:inline-block;vertical-align:middle\"><span class=\"heateor_sss_svg heateor_sss_s__default heateor_sss_s_twitter\" style=\"background-color:#55acee;width:35px;height:35px;display:inline-block;opacity:1;float:left;font-size:32px;box-shadow:none;display:inline-block;font-size:16px;padding:0 4px;vertical-align:middle;background-repeat:repeat;overflow:hidden;padding:0;cursor:pointer;box-sizing:content-box\"><svg style=\"display:block;\" focusable=\"false\" aria-hidden=\"true\" xmlns=\"http:\/\/www.w3.org\/2000\/svg\" width=\"100%\" height=\"100%\" viewBox=\"-4 -4 39 39\"><path d=\"M28 8.557a9.913 9.913 0 0 1-2.828.775 4.93 4.93 0 0 0 2.166-2.725 9.738 9.738 0 0 1-3.13 1.194 4.92 4.92 0 0 0-3.593-1.55 4.924 4.924 0 0 0-4.794 6.049c-4.09-.21-7.72-2.17-10.15-5.15a4.942 4.942 0 0 0-.665 2.477c0 1.71.87 3.214 2.19 4.1a4.968 4.968 0 0 1-2.23-.616v.06c0 2.39 1.7 4.38 3.952 4.83-.414.115-.85.174-1.297.174-.318 0-.626-.03-.928-.086a4.935 4.935 0 0 0 4.6 3.42 9.893 9.893 0 0 1-6.114 2.107c-.398 0-.79-.023-1.175-.068a13.953 13.953 0 0 0 7.55 2.213c9.056 0 14.01-7.507 14.01-14.013 0-.213-.005-.426-.015-.637.96-.695 1.795-1.56 2.455-2.55z\" fill=\"#fff\"><\/path><\/svg><\/span><\/a><a aria-label=\"Reddit\" class=\"heateor_sss_button_reddit\" href=\"https:\/\/reddit.com\/submit?url=https%3A%2F%2Fwww.lacostituzione.info%2Findex.php%2F2017%2F07%2F18%2Fla-mancata-difesa-del-segretario-meno-amato-dalla-sinistra%2F&title=La%20mancata%20difesa%20del%20segretario%20meno%20amato%20dalla%20sinistra\" title=\"Reddit\" rel=\"nofollow noopener\" target=\"_blank\" style=\"font-size:32px!important;box-shadow:none;display:inline-block;vertical-align:middle\"><span class=\"heateor_sss_svg heateor_sss_s__default heateor_sss_s_reddit\" style=\"background-color:#ff5700;width:35px;height:35px;display:inline-block;opacity:1;float:left;font-size:32px;box-shadow:none;display:inline-block;font-size:16px;padding:0 4px;vertical-align:middle;background-repeat:repeat;overflow:hidden;padding:0;cursor:pointer;box-sizing:content-box\"><svg style=\"display:block;\" focusable=\"false\" aria-hidden=\"true\" xmlns=\"http:\/\/www.w3.org\/2000\/svg\" width=\"100%\" height=\"100%\" viewBox=\"-3.5 -3.5 39 39\"><path d=\"M28.543 15.774a2.953 2.953 0 0 0-2.951-2.949 2.882 2.882 0 0 0-1.9.713 14.075 14.075 0 0 0-6.85-2.044l1.38-4.349 3.768.884a2.452 2.452 0 1 0 .24-1.176l-4.274-1a.6.6 0 0 0-.709.4l-1.659 5.224a14.314 14.314 0 0 0-7.316 2.029 2.908 2.908 0 0 0-1.872-.681 2.942 2.942 0 0 0-1.618 5.4 5.109 5.109 0 0 0-.062.765c0 4.158 5.037 7.541 11.229 7.541s11.22-3.383 11.22-7.541a5.2 5.2 0 0 0-.053-.706 2.963 2.963 0 0 0 1.427-2.51zm-18.008 1.88a1.753 1.753 0 0 1 1.73-1.74 1.73 1.73 0 0 1 1.709 1.74 1.709 1.709 0 0 1-1.709 1.711 1.733 1.733 0 0 1-1.73-1.711zm9.565 4.968a5.573 5.573 0 0 1-4.081 1.272h-.032a5.576 5.576 0 0 1-4.087-1.272.6.6 0 0 1 .844-.854 4.5 4.5 0 0 0 3.238.927h.032a4.5 4.5 0 0 0 3.237-.927.6.6 0 1 1 .844.854zm-.331-3.256a1.726 1.726 0 1 1 1.709-1.712 1.717 1.717 0 0 1-1.712 1.712z\" fill=\"#fff\"\/><\/svg><\/span><\/a><a aria-label=\"Linkedin\" class=\"heateor_sss_button_linkedin\" href=\"https:\/\/www.linkedin.com\/sharing\/share-offsite\/?url=https%3A%2F%2Fwww.lacostituzione.info%2Findex.php%2F2017%2F07%2F18%2Fla-mancata-difesa-del-segretario-meno-amato-dalla-sinistra%2F\" title=\"Linkedin\" rel=\"nofollow noopener\" target=\"_blank\" style=\"font-size:32px!important;box-shadow:none;display:inline-block;vertical-align:middle\"><span class=\"heateor_sss_svg heateor_sss_s__default heateor_sss_s_linkedin\" style=\"background-color:#0077b5;width:35px;height:35px;display:inline-block;opacity:1;float:left;font-size:32px;box-shadow:none;display:inline-block;font-size:16px;padding:0 4px;vertical-align:middle;background-repeat:repeat;overflow:hidden;padding:0;cursor:pointer;box-sizing:content-box\"><svg style=\"display:block;\" focusable=\"false\" aria-hidden=\"true\" xmlns=\"http:\/\/www.w3.org\/2000\/svg\" width=\"100%\" height=\"100%\" viewBox=\"0 0 32 32\"><path d=\"M6.227 12.61h4.19v13.48h-4.19V12.61zm2.095-6.7a2.43 2.43 0 0 1 0 4.86c-1.344 0-2.428-1.09-2.428-2.43s1.084-2.43 2.428-2.43m4.72 6.7h4.02v1.84h.058c.56-1.058 1.927-2.176 3.965-2.176 4.238 0 5.02 2.792 5.02 6.42v7.395h-4.183v-6.56c0-1.564-.03-3.574-2.178-3.574-2.18 0-2.514 1.7-2.514 3.46v6.668h-4.187V12.61z\" fill=\"#fff\"><\/path><\/svg><\/span><\/a><a aria-label=\"Pinterest\" class=\"heateor_sss_button_pinterest\" href=\"https:\/\/www.lacostituzione.info\/index.php\/2017\/07\/18\/la-mancata-difesa-del-segretario-meno-amato-dalla-sinistra\/\" onclick=\"event.preventDefault();javascript:void( (function() {var e=document.createElement('script' );e.setAttribute('type','text\/javascript' );e.setAttribute('charset','UTF-8' );e.setAttribute('src','\/\/assets.pinterest.com\/js\/pinmarklet.js?r='+Math.random()*99999999);document.body.appendChild(e)})());\" title=\"Pinterest\" rel=\"noopener\" style=\"font-size:32px!important;box-shadow:none;display:inline-block;vertical-align:middle\"><span class=\"heateor_sss_svg heateor_sss_s__default heateor_sss_s_pinterest\" style=\"background-color:#cc2329;width:35px;height:35px;display:inline-block;opacity:1;float:left;font-size:32px;box-shadow:none;display:inline-block;font-size:16px;padding:0 4px;vertical-align:middle;background-repeat:repeat;overflow:hidden;padding:0;cursor:pointer;box-sizing:content-box\"><svg style=\"display:block;\" focusable=\"false\" aria-hidden=\"true\" xmlns=\"http:\/\/www.w3.org\/2000\/svg\" width=\"100%\" height=\"100%\" viewBox=\"-2 -2 35 35\"><path fill=\"#fff\" d=\"M16.539 4.5c-6.277 0-9.442 4.5-9.442 8.253 0 2.272.86 4.293 2.705 5.046.303.125.574.005.662-.33.061-.231.205-.816.27-1.06.088-.331.053-.447-.191-.736-.532-.627-.873-1.439-.873-2.591 0-3.338 2.498-6.327 6.505-6.327 3.548 0 5.497 2.168 5.497 5.062 0 3.81-1.686 7.025-4.188 7.025-1.382 0-2.416-1.142-2.085-2.545.397-1.674 1.166-3.48 1.166-4.689 0-1.081-.581-1.983-1.782-1.983-1.413 0-2.548 1.462-2.548 3.419 0 1.247.421 2.091.421 2.091l-1.699 7.199c-.505 2.137-.076 4.755-.039 5.019.021.158.223.196.314.077.13-.17 1.813-2.247 2.384-4.324.162-.587.929-3.631.929-3.631.46.876 1.801 1.646 3.227 1.646 4.247 0 7.128-3.871 7.128-9.053.003-3.918-3.317-7.568-8.361-7.568z\"\/><\/svg><\/span><\/a><a aria-label=\"Whatsapp\" class=\"heateor_sss_whatsapp\" href=\"https:\/\/api.whatsapp.com\/send?text=La%20mancata%20difesa%20del%20segretario%20meno%20amato%20dalla%20sinistra%20https%3A%2F%2Fwww.lacostituzione.info%2Findex.php%2F2017%2F07%2F18%2Fla-mancata-difesa-del-segretario-meno-amato-dalla-sinistra%2F\" title=\"Whatsapp\" rel=\"nofollow noopener\" target=\"_blank\" style=\"font-size:32px!important;box-shadow:none;display:inline-block;vertical-align:middle\"><span class=\"heateor_sss_svg\" style=\"background-color:#55eb4c;width:35px;height:35px;display:inline-block;opacity:1;float:left;font-size:32px;box-shadow:none;display:inline-block;font-size:16px;padding:0 4px;vertical-align:middle;background-repeat:repeat;overflow:hidden;padding:0;cursor:pointer;box-sizing:content-box\"><svg style=\"display:block;\" focusable=\"false\" aria-hidden=\"true\" xmlns=\"http:\/\/www.w3.org\/2000\/svg\" width=\"100%\" height=\"100%\" viewBox=\"-6 -5 40 40\"><path class=\"heateor_sss_svg_stroke heateor_sss_no_fill\" stroke=\"#fff\" stroke-width=\"2\" fill=\"none\" d=\"M 11.579798566743314 24.396926207859085 A 10 10 0 1 0 6.808479557110079 20.73576436351046\"><\/path><path d=\"M 7 19 l -1 6 l 6 -1\" class=\"heateor_sss_no_fill heateor_sss_svg_stroke\" stroke=\"#fff\" stroke-width=\"2\" fill=\"none\"><\/path><path d=\"M 10 10 q -1 8 8 11 c 5 -1 0 -6 -1 -3 q -4 -3 -5 -5 c 4 -2 -1 -5 -1 -4\" fill=\"#fff\"><\/path><\/svg><\/span><\/a><\/div><div class=\"heateorSssClear\"><\/div><\/div><div class='heateorSssClear'><\/div>","protected":false},"author":1,"featured_media":0,"comment_status":"open","ping_status":"open","sticky":false,"template":"","format":"standard","meta":{"jetpack_post_was_ever_published":false,"_jetpack_newsletter_access":"","_jetpack_dont_email_post_to_subs":false,"_jetpack_newsletter_tier_id":0,"_jetpack_memberships_contains_paywalled_content":false,"_jetpack_memberships_contains_paid_content":false,"footnotes":"","jetpack_publicize_message":"","jetpack_publicize_feature_enabled":true,"jetpack_social_post_already_shared":false,"jetpack_social_options":{"image_generator_settings":{"template":"highway","default_image_id":0,"enabled":false},"version":2}},"categories":[5],"tags":[753,752,129,750,153,751],"class_list":["post-3024","post","type-post","status-publish","format-standard","hentry","category-lavori-in-corso","tag-lutto","tag-odio","tag-pd","tag-recalcati","tag-renzi","tag-sinistra"],"jetpack_publicize_connections":[],"jetpack_featured_media_url":"","jetpack_shortlink":"https:\/\/wp.me\/p84sDq-MM","jetpack_likes_enabled":true,"jetpack_sharing_enabled":true,"_links":{"self":[{"href":"https:\/\/www.lacostituzione.info\/index.php\/wp-json\/wp\/v2\/posts\/3024","targetHints":{"allow":["GET"]}}],"collection":[{"href":"https:\/\/www.lacostituzione.info\/index.php\/wp-json\/wp\/v2\/posts"}],"about":[{"href":"https:\/\/www.lacostituzione.info\/index.php\/wp-json\/wp\/v2\/types\/post"}],"author":[{"embeddable":true,"href":"https:\/\/www.lacostituzione.info\/index.php\/wp-json\/wp\/v2\/users\/1"}],"replies":[{"embeddable":true,"href":"https:\/\/www.lacostituzione.info\/index.php\/wp-json\/wp\/v2\/comments?post=3024"}],"version-history":[{"count":0,"href":"https:\/\/www.lacostituzione.info\/index.php\/wp-json\/wp\/v2\/posts\/3024\/revisions"}],"wp:attachment":[{"href":"https:\/\/www.lacostituzione.info\/index.php\/wp-json\/wp\/v2\/media?parent=3024"}],"wp:term":[{"taxonomy":"category","embeddable":true,"href":"https:\/\/www.lacostituzione.info\/index.php\/wp-json\/wp\/v2\/categories?post=3024"},{"taxonomy":"post_tag","embeddable":true,"href":"https:\/\/www.lacostituzione.info\/index.php\/wp-json\/wp\/v2\/tags?post=3024"}],"curies":[{"name":"wp","href":"https:\/\/api.w.org\/{rel}","templated":true}]}}