{"id":3069,"date":"2017-07-28T14:54:28","date_gmt":"2017-07-28T12:54:28","guid":{"rendered":"http:\/\/www.lacostituzione.info\/?p=3069"},"modified":"2018-01-03T10:20:53","modified_gmt":"2018-01-03T09:20:53","slug":"abolizione-dei-vitalizi-di-che-cosa-si-parla","status":"publish","type":"post","link":"https:\/\/www.lacostituzione.info\/index.php\/2017\/07\/28\/abolizione-dei-vitalizi-di-che-cosa-si-parla\/","title":{"rendered":"Abolizione dei vitalizi: di che cosa si parla?"},"content":{"rendered":"<p><img loading=\"lazy\" decoding=\"async\" data-attachment-id=\"3070\" data-permalink=\"https:\/\/www.lacostituzione.info\/index.php\/2017\/07\/28\/abolizione-dei-vitalizi-di-che-cosa-si-parla\/deputaticamera_ftg\/#main\" data-orig-file=\"https:\/\/www.lacostituzione.info\/wp-content\/uploads\/2017\/07\/deputaticamera_ftg.jpg\" data-orig-size=\"400,266\" data-comments-opened=\"1\" data-image-meta=\"{&quot;aperture&quot;:&quot;0&quot;,&quot;credit&quot;:&quot;&quot;,&quot;camera&quot;:&quot;&quot;,&quot;caption&quot;:&quot;&quot;,&quot;created_timestamp&quot;:&quot;0&quot;,&quot;copyright&quot;:&quot;&quot;,&quot;focal_length&quot;:&quot;0&quot;,&quot;iso&quot;:&quot;0&quot;,&quot;shutter_speed&quot;:&quot;0&quot;,&quot;title&quot;:&quot;&quot;,&quot;orientation&quot;:&quot;0&quot;}\" data-image-title=\"deputaticamera_ftg\" data-image-description=\"\" data-image-caption=\"\" data-medium-file=\"https:\/\/www.lacostituzione.info\/wp-content\/uploads\/2017\/07\/deputaticamera_ftg-300x200.jpg\" data-large-file=\"https:\/\/www.lacostituzione.info\/wp-content\/uploads\/2017\/07\/deputaticamera_ftg.jpg\" class=\"alignleft wp-image-3070 size-thumbnail\" src=\"http:\/\/www.lacostituzione.info\/wp-content\/uploads\/2017\/07\/deputaticamera_ftg-150x150.jpg\" alt=\"\" width=\"150\" height=\"150\" \/>Pubblichiamo il Dossier predisposto dall\u2019Ufficio studi della Camera dei deputati, che contiene un\u2019analisi precisa del testo approvato dalla Camera in materia di vitalizi.<!--more--><strong><em>Dossier n. 219 &#8211; <\/em><\/strong><em>Ufficio Documentazione e Studi <\/em><em>26 luglio 2017<\/em><\/p>\n<p style=\"text-align: center;\"><strong><em>\u00a0<\/em>NORME IN MATERIA DI ABOLIZIONE DEI VITALIZI<\/strong><\/p>\n<p>La Camera dei deputati ha approvato la proposta di legge Richetti in materia di trattamento previdenziale dei parlamentari e dei consiglieri regionali, che applica unsistema di tipo contributivo a tutti gli eletti: a quelli in carica alla data di entrata in vigoredella legge, a quelli eletti successivamente e \u2013 la vera novit\u00e0 \u2013 a quelli cessati dalmandato elettorale. Il Regolamento per il trattamento previdenziale dei deputati e il Regolamento delle pensioni dei senatori avevano gi\u00e0 operato una profonda trasformazione del regime previdenziale dei membri del Parlamento con il superamento dell\u2019assegno vitalizio e l\u2019introduzione, con decorrenza gi\u00e0 dal 1\u00b0 gennaio 2012, di un regime pensionistico basato sul sistema di calcolo contributivo.<\/p>\n<p>La proposta di legge Richetti consente ora di rideterminare su base contributiva anche gli importi dei vitalizi e dei trattamenti previdenziali gi\u00e0 in essere, percepiti dai parlamentari cessati dal mandato prima del 2012. Le Regioni e le Province autonome dovranno adeguare la normativa anche nei confronti dei consiglieri regionali. Specifiche disposizioni riguardano inoltre la decorrenza dell&#8217;erogazione del trattamento previdenziale; la sospensione in caso di elezione o nomina ad altra carica pubblica; le reversibilit\u00e0; la rivalutazione dei trattamenti previdenziali; la rideterminazione, da parte delle Camere, dell&#8217;ammontare di tutti gli assegni vitalizi e pensioni attualmente erogate in modo da adeguarle alle nuove norme introdotte dal provvedimento in esame.<\/p>\n<p>Per ulteriori approfondimenti si rinvia ai lavori parlamentari che hanno consentito l\u2019approvazione delle \u201cDisposizioni in materia di abolizione dei vitalizi e nuova disciplina dei trattamenti pensionistici dei membri del Parlamento e dei consiglieri regionali\u201d AC 3225 \u2013 A\/R e abb. (Relatore Matteo Richetti &#8211; Pd) e ai relativi dossier del Servizio studi della Camera dei deputati.<\/p>\n<p><strong>\u00a0A<\/strong><strong>BOLIZIONE DEI VITALIZI E PASSAGGIO AL SISTEMA CONTRIBUTIVO<\/strong><\/p>\n<p><strong>Con la riforma dei Regolamenti interni delle Camere del 2012, l&#8217;assegno vitalizio di deputati e di senatori \u00e8 stato abolito e al suo posto \u00e8 stato istituito un sistema previdenziale di tipo contributivo. <\/strong>Tuttavia, i parlamentari cessati dal mandato prima del 2012 hanno continuato a beneficiare degli assegni vitalizi pre-riforma e, a coloro che hanno esercitato un mandato prima di tale data e che sono stati poi rieletti, \u00e8 stato applicato un sistema pro-rata, ossia basato in parte sulla quota di assegni vitalizi effettivamente maturata al 31 dicembre 2011 e in parte sulla quota calcolata con il nuovo sistema contributivo. Invece, i parlamentari eletti per la prima volta dopo la riforma del 2012 hanno gi\u00e0 diritto a una pensione interamente calcolata con il sistema contributivo.<\/p>\n<p>Con questo provvedimento <strong>si prevede ora il ricalcolo su base contributiva anche dei vitalizi percepiti dai parlamentari cessati dal mandato prima del 2012<\/strong>.<\/p>\n<p><strong>\u00a0E<\/strong><strong>STENSIONE DELLA DISCIPLINA ALLE <\/strong><strong>R<\/strong><strong>EGIONI E ALLE <\/strong><strong>P<\/strong><strong>ROVINCE AUTONOME<\/strong><\/p>\n<p>Le Regioni a statuto speciale e le Province autonome di Trento e Bolzano dovranno <strong>adeguarsi alle disposizioni previste per i parlamentari entro 6 mesi e rideterminare gli importi dei vitalizi e dei trattamenti in essere<\/strong>. In caso di <strong>mancato adeguamento<\/strong>, i trasferimenti statali a qualunque titolo spettanti alle Regioni e alle Province autonome sono ridotti di un importo corrispondente alla met\u00e0 delle somme destinate dalla Regione e dalle Province autonome per l\u2019esercizio 2017 ai vitalizi e ai trattamenti previdenziali, comunque denominati di cariche elettive.<\/p>\n<p><strong>\u00a0V<\/strong><strong>ERSAMENTO DEI CONTRIBUTI<\/strong><\/p>\n<p>Ai fini della determinazione del trattamento previdenziale, i membri del Parlamento sono assoggettati al <strong>versamento di contributi previdenziali trattenuti d&#8217;ufficio sull&#8217;indennit\u00e0 parlamentare<\/strong>. I membri del Parlamento che optino<a href=\"#_ftn1\" name=\"_ftnref1\">[1]<\/a>, in luogo dell\u2019indennit\u00e0 parlamentare, per il trattamento economico in godimento presso la pubblica amministrazione di appartenenza, possono chiedere di essere ammessi al versamento di contributi, allo scopo di ottenere la valutazione del mandato parlamentare a fini previdenziali. In tale caso, le trattenute sono effettuate sulle competenze accessorie.<\/p>\n<p><strong>\u00a0A<\/strong><strong>CCESSO AL TRATTAMENTO PREVIDENZIALE<\/strong><\/p>\n<p><strong>Hanno accesso al trattamento previdenziale i membri del Parlamento che abbiano esercitato il mandato parlamentare per almeno cinque anni anche cumulando la durata dei mandati di pi\u00f9 legislature<\/strong>. La frazione di anno superiore a sei mesi \u00e8 computata come anno intero ai fini della maturazione del diritto, fermo restando il versamento per intero dei contributi. Il trattamento previdenziale \u00e8 corrisposto ai membri del Parlamento cessati dal mandato a decorrere dal raggiungimento di un\u2019et\u00e0 pari a quella prevista per l\u2019accesso alla pensione di vecchiaia dei lavoratori e delle lavoratrici dipendenti. Per i parlamentari che esercitano o hanno esercitato il mandato fino alla legislatura in corso alla data di entrata in vigore della presente legge si applicano i requisiti anagrafici previsti dalle determinazioni delle Camere vigenti alla medesima data.<\/p>\n<p>Al parlamentare che sostituisce un altro parlamentare, in caso di annullamento dell&#8217;elezione, \u00e8 attribuita figurativamente la contribuzione relativa al periodo della legislatura compreso tra la data in cui si \u00e8 verificata la causa di annullamento e la data del subentro, fermo restando il versamento per intero dei contributi da parte dello stesso membro del Parlamento.<\/p>\n<p><strong>D<\/strong><strong>ETERMINAZIONE DEL TRATTAMENTO PREVIDENZIALE CON IL CONTRIBUTIVO<\/strong><\/p>\n<p>Si prevede che la determinazione del trattamento previdenziale venga effettuata con il <strong>sistema di calcolo contributivo <\/strong>vigente per la generalit\u00e0 dei lavoratori<a href=\"#_ftn2\" name=\"_ftnref2\">[2]<\/a>. Il trattamento previdenziale dei membri del Parlamento \u00e8 corrisposto in <strong>dodici mensilit\u00e0<\/strong>. Esso \u00e8 <strong>determinato <\/strong>dalle Camere moltiplicando il montante contributivo individuale per i coefficienti di trasformazione in vigore per i lavoratori dipendenti e autonomi<a href=\"#_ftn3\" name=\"_ftnref3\">[3]<\/a>, in relazione all\u2019et\u00e0 del parlamentare alla data del conseguimento del diritto alla pensione. Per le frazioni di anno si applica un incremento pari al prodotto tra un dodicesimo della differenza tra il coefficiente di trasformazione dell\u2019et\u00e0 immediatamente superiore e il coefficiente dell\u2019et\u00e0 inferiore a quella del membro del Parlamento e il numero di mesi.<\/p>\n<p><strong>\u00a0M<\/strong><strong>ONTANTE CONTRIBUTIVO INDIVIDUALE<\/strong><\/p>\n<p>Vengono definite le modalit\u00e0 di determinazione del <strong>montante contributivo individuale, <\/strong>determinato applicando alla base imponibile contributiva l\u2019aliquota prevista. La contribuzione cos\u00ec ottenuta si rivaluta su base composta al 31 dicembre di ciascun anno, con esclusione della contribuzione dello stesso anno, al tasso annuo di capitalizzazione. La base imponibile contributiva \u00e8 determinata sulla base dell\u2019indennit\u00e0 parlamentare, con esclusione di qualsiasi ulteriore indennit\u00e0 di funzione o accessoria.<\/p>\n<p>L\u2019ammontare delle quote contributive a carico del membro del Parlamento e dell\u2019organo di appartenenza \u00e8 pari a quello stabilito per i lavoratori dipendenti delle amministrazioni statali<a href=\"#_ftn4\" name=\"_ftnref4\">[4]<\/a>.<\/p>\n<p>Si dispone il metodo di calcolo del <strong>tasso annuo di capitalizzazione <\/strong>(ricalcando anche in questo caso il metodo utilizzato per i lavoratori dipendenti), dato dalla variazione media quinquennale del prodotto interno lordo nominale, calcolata dall&#8217;Istituto nazionale di statistica (ISTAT), con riferimento ai 5 anni precedenti l&#8217;anno da rivalutare. In occasione delle revisioni della serie storica del PIL operate dall&#8217;ISTAT, il tasso di variazione da considerare ai fini della rivalutazione del montante contributivo \u00e8 quello relativo alla serie preesistente anche per l&#8217;anno in cui si verifica la revisione e per quello riguardante alla nuova serie per gli anni successivi.<\/p>\n<p><strong>\u00a0D<\/strong><strong>ECORRENZA DELL<\/strong><strong>\u2019<\/strong><strong>EROGAZIONE DEL TRATTAMENTO PREVIDENZIALE<\/strong><\/p>\n<p>Introdotte norme in tema di <strong>decorrenza dell&#8217;erogazione del trattamento previdenziale<\/strong>, i cui effetti economici decorrono dal primo giorno del mese successivo a quello nel quale il membro del Parlamento cessato dal mandato ha compiuto l\u2019et\u00e0 richiesta per l\u2019accesso al trattamento.<\/p>\n<p>Nel caso in cui il membro del Parlamento, alla data della <strong>cessazione dal mandato<\/strong>, sia gi\u00e0 in possesso dei requisiti, gli effetti economici decorrono dal primo giorno del mese successivo, nel caso in cui il mandato abbia avuto termine nella seconda met\u00e0 del mese, e dal sedicesimo giorno dello stesso mese, nel caso in cui il mandato abbia avuto termine nella prima met\u00e0 del mese.<\/p>\n<p>Nel caso di <strong>cessazione dal mandato per fine della legislatura<\/strong>, coloro che hanno maturato il diritto percepiscono il trattamento previdenziale con decorrenza dal giorno successivo alla fine della legislatura stessa.<\/p>\n<p><strong>\u00a0S<\/strong><strong>OSPENSIONE DEL TRATTAMENTO PREVIDENZIALE<\/strong><\/p>\n<p>\u00c8 prevista una sospensione dell\u2019erogazione del trattamento previdenziale nel caso in cui il membro del Parlamento, <strong>gi\u00e0 cessato dal mandato, sia rieletto <\/strong>membro del Parlamento nazionale o europeo, sia <strong>eletto <\/strong>consigliere regionale, <strong>ovvero sia nominato <\/strong>componente del Governo nazionale, assessore regionale o <strong>titolare di un incarico istituzionale <\/strong>per il quale la Costituzione o altra legge costituzionale prevedano l\u2019incompatibilit\u00e0 con il mandato parlamentare. Tale sospensione durer\u00e0 per tutta la durata del mandato o dell\u2019incarico e riprender\u00e0 alla cessazione dello stesso.<\/p>\n<p>Nel caso di <strong>nomina ad incarico <\/strong>per il quale la legge prevede l\u2019incompatibilit\u00e0 con il mandato parlamentare, l\u2019erogazione del trattamento \u00e8 sospesa se l&#8217;ammontare dell&#8217;indennit\u00e0 per tali cariche sia superiore a quello del trattamento previdenziale.<\/p>\n<p>Nel caso di rielezione al Parlamento nazionale, l\u2019importo del trattamento \u00e8 <strong>rideterminato <\/strong>sulla base di un montante contributivo complessivo, costituito dalla somma del montante contributivo corrispondente al trattamento previdenziale sospeso e dei contributi relativi agli ulteriori mandati parlamentari. Negli altri casi di sospensione, il trattamento previdenziale \u00e8 <strong>rivalutato<\/strong>.<\/p>\n<p><strong>P<\/strong><strong>ENSIONE AI SUPERSTITI<\/strong><\/p>\n<p>Il diritto alla <strong>pensione ai superstiti viene equiparato alle condizioni previste per tutti i lavoratori<\/strong>. In particolare, si dispone che, in caso di morte del titolare del trattamento previdenziale (a condizione che al momento della morte il titolare sia in possesso dei requisiti contributivi) si applichino le disposizioni stabilite per i lavoratori dipendenti e autonomi<a href=\"#_ftn5\" name=\"_ftnref5\">[5]<\/a>, nonch\u00e9 le disposizioni vigenti ai fini della verifica dei requisiti previsti per l&#8217;accesso alla pensione ai superstiti, nonch\u00e9 al calcolo delle aliquote di reversibilit\u00e0 e alle modalit\u00e0 di liquidazione e di rivalutazione della pensione medesima.<\/p>\n<p><strong>\u00a0R<\/strong><strong>IVALUTAZIONE DELLE PENSIONI<\/strong><\/p>\n<p>Il diritto alla rivalutazione dei trattamenti previdenziali \u00e8 equiparato alle condizioni previste per tutti i lavoratori, disponendo che l&#8217;importo del trattamento previdenziale \u00e8 <strong>rivalutato annualmente ai sensi di quanto disposto per i lavoratori dipendenti e autonomi<a href=\"#_ftn6\" name=\"_ftnref6\">[6]<\/a><\/strong>.<\/p>\n<p><strong>R<\/strong><strong>IDETERMINAZIONE DEGLI ASSEGNI VITALIZI<\/strong><\/p>\n<p>Le Camere <strong>rideterminano<\/strong>, <strong>entro sei mesi dalla data di entrata in vigore della presente legge<\/strong>, <strong>gli importi dei vitalizi e dei trattamenti previdenziali gi\u00e0 in essere<\/strong>, comunque denominati, adottando il sistema contributivo. In ogni caso l&#8217;importo non pu\u00f2 essere superiore a quello del trattamento gi\u00e0 percepito al momento dell\u2019entrata in vigore della presente legge. A seguito della rideterminazione l\u2019importo non pu\u00f2 essere inferiore a quello risultante dal calcolo figurativo, effettuato secondo le modalit\u00e0 previste dalla seguente legge, sulla base dell\u2019importo dei contributi previdenziali del membro del parlamento e dell\u2019organo di appartenenza applicato nella legislatura in corso alla data di entrata in vigore della presente legge. I membri del Parlamento cessati dal mandato che gi\u00e0 beneficiano di un trattamento previdenziale o di un assegno vitalizio continuano a percepire gli emolumenti, ricalcolati con il sistema contributivo.<\/p>\n<p>I membri del Parlamento cessati dal mandato e che non percepiscono ancora un trattamento previdenziale o un assegno vitalizio hanno accesso al trattamento previdenziale al raggiungimento dei requisiti anagrafici previsti. In considerazione della difformit\u00e0 tra la natura e il regime giuridico dei vitalizi e dei trattamenti pensionistici comunque denominati dei titolari di cariche elettive e quelli dei trattamenti pensionistici ordinari, <strong>la rideterminazione non pu\u00f2 in alcun caso essere applicata alle pensioni in essere e future dei lavoratori dipendenti e autonomi<\/strong>.<\/p>\n<p>Infine, <strong>si introduce <\/strong>una norma di chiusura che rinvia, per quanto non previsto dal provvedimento, alle <strong>norme generali di disciplina del sistema pensionistico <\/strong>obbligatoriodel lavoratori del settore statale.<\/p>\n<p>&nbsp;<\/p>\n<p>&nbsp;<\/p>\n<p><a href=\"#_ftnref1\" name=\"_ftn1\">[1]<\/a> Ai sensi dell&#8217;articolo 68 del D.Lgs. 30 marzo 2001, n. 165.<\/p>\n<p><a href=\"#_ftnref2\" name=\"_ftn2\">[2]<\/a> L&#8217;articolo 24, comma 2, del D.L. 201\/2011, ha disposto, a decorrere dal 1\u00b0 gennaio 2012, con riferimento alle anzianit\u00e0 maturate a decorrere dalla medesima data, il calcolo della quota di pensione corrispondente a tali anzianit\u00e0 secondo il metodo di calcolo contributivo (calcolo pro-rata).<\/p>\n<p><a href=\"#_ftnref3\" name=\"_ftn3\">[3]<\/a> Tabella A dell\u2019allegato 2 alla legge 24 dicembre 2007, n. 247, come rideterminati triennalmente ai sensi dell\u2019articolo 1, comma 11, della legge 8 agosto 1995, n. 335.<\/p>\n<p><a href=\"#_ftnref4\" name=\"_ftn4\">[4]<\/a> L\u2019articolo 2, comma 2, della L. 335\/1995 cui si fa riferimento ha stabilito l&#8217;obbligo, per le Amministrazioni statali, di versare una contribuzione, rapportata alla base imponibile, per un&#8217;aliquota di finanziamento, al netto di specifici incrementi contributivi, complessivamente pari a 32 punti percentuali (di cui 8,20 punti a carico del dipendente). Successivamente tale aliquota \u00e8 stata portata, sulla base di una serie di interventi legislativi, al 33% (con l&#8217;8,80% a carico del lavoratore).<\/p>\n<p><a href=\"#_ftnref5\" name=\"_ftn5\">(5]<\/a> Articolo 13 del R.D.L. 636\/1939, e all&#8217;articolo 1, comma 41, della L. 335\/1995.<\/p>\n<p><a href=\"#_ftnref6\" name=\"_ftn6\">[6]<\/a> Articolo 11 del D.Lgs. 30 dicembre 1992, n. 503.<\/p>\n<p>&nbsp;<\/p>\n","protected":false},"excerpt":{"rendered":"<p>Pubblichiamo il Dossier predisposto dall\u2019Ufficio studi della Camera dei deputati, che contiene un\u2019analisi precisa del testo approvato dalla Camera in materia di vitalizi.<\/p>\n<div class='heateorSssClear'><\/div><div  class='heateor_sss_sharing_container heateor_sss_horizontal_sharing' data-heateor-sss-href='https:\/\/www.lacostituzione.info\/index.php\/2017\/07\/28\/abolizione-dei-vitalizi-di-che-cosa-si-parla\/'><div class='heateor_sss_sharing_title' style=\"font-weight:bold\" >Condividi!<\/div><div class=\"heateor_sss_sharing_ul\"><a aria-label=\"Facebook\" class=\"heateor_sss_facebook\" href=\"https:\/\/www.facebook.com\/sharer\/sharer.php?u=https%3A%2F%2Fwww.lacostituzione.info%2Findex.php%2F2017%2F07%2F28%2Fabolizione-dei-vitalizi-di-che-cosa-si-parla%2F\" title=\"Facebook\" rel=\"nofollow noopener\" target=\"_blank\" style=\"font-size:32px!important;box-shadow:none;display:inline-block;vertical-align:middle\"><span class=\"heateor_sss_svg\" style=\"background-color:#0765FE;width:35px;height:35px;display:inline-block;opacity:1;float:left;font-size:32px;box-shadow:none;display:inline-block;font-size:16px;padding:0 4px;vertical-align:middle;background-repeat:repeat;overflow:hidden;padding:0;cursor:pointer;box-sizing:content-box\"><svg style=\"display:block;\" focusable=\"false\" aria-hidden=\"true\" xmlns=\"http:\/\/www.w3.org\/2000\/svg\" width=\"100%\" height=\"100%\" viewBox=\"0 0 32 32\"><path fill=\"#fff\" d=\"M28 16c0-6.627-5.373-12-12-12S4 9.373 4 16c0 5.628 3.875 10.35 9.101 11.647v-7.98h-2.474V16H13.1v-1.58c0-4.085 1.849-5.978 5.859-5.978.76 0 2.072.15 2.608.298v3.325c-.283-.03-.775-.045-1.386-.045-1.967 0-2.728.745-2.728 2.683V16h3.92l-.673 3.667h-3.247v8.245C23.395 27.195 28 22.135 28 16Z\"><\/path><\/svg><\/span><\/a><a aria-label=\"Twitter\" class=\"heateor_sss_button_twitter\" href=\"https:\/\/twitter.com\/intent\/tweet?text=Abolizione%20dei%20vitalizi%3A%20di%20che%20cosa%20si%20parla%3F&url=https%3A%2F%2Fwww.lacostituzione.info%2Findex.php%2F2017%2F07%2F28%2Fabolizione-dei-vitalizi-di-che-cosa-si-parla%2F\" title=\"Twitter\" rel=\"nofollow noopener\" target=\"_blank\" style=\"font-size:32px!important;box-shadow:none;display:inline-block;vertical-align:middle\"><span class=\"heateor_sss_svg heateor_sss_s__default heateor_sss_s_twitter\" style=\"background-color:#55acee;width:35px;height:35px;display:inline-block;opacity:1;float:left;font-size:32px;box-shadow:none;display:inline-block;font-size:16px;padding:0 4px;vertical-align:middle;background-repeat:repeat;overflow:hidden;padding:0;cursor:pointer;box-sizing:content-box\"><svg style=\"display:block;\" focusable=\"false\" aria-hidden=\"true\" xmlns=\"http:\/\/www.w3.org\/2000\/svg\" width=\"100%\" height=\"100%\" viewBox=\"-4 -4 39 39\"><path d=\"M28 8.557a9.913 9.913 0 0 1-2.828.775 4.93 4.93 0 0 0 2.166-2.725 9.738 9.738 0 0 1-3.13 1.194 4.92 4.92 0 0 0-3.593-1.55 4.924 4.924 0 0 0-4.794 6.049c-4.09-.21-7.72-2.17-10.15-5.15a4.942 4.942 0 0 0-.665 2.477c0 1.71.87 3.214 2.19 4.1a4.968 4.968 0 0 1-2.23-.616v.06c0 2.39 1.7 4.38 3.952 4.83-.414.115-.85.174-1.297.174-.318 0-.626-.03-.928-.086a4.935 4.935 0 0 0 4.6 3.42 9.893 9.893 0 0 1-6.114 2.107c-.398 0-.79-.023-1.175-.068a13.953 13.953 0 0 0 7.55 2.213c9.056 0 14.01-7.507 14.01-14.013 0-.213-.005-.426-.015-.637.96-.695 1.795-1.56 2.455-2.55z\" fill=\"#fff\"><\/path><\/svg><\/span><\/a><a aria-label=\"Reddit\" class=\"heateor_sss_button_reddit\" href=\"https:\/\/reddit.com\/submit?url=https%3A%2F%2Fwww.lacostituzione.info%2Findex.php%2F2017%2F07%2F28%2Fabolizione-dei-vitalizi-di-che-cosa-si-parla%2F&title=Abolizione%20dei%20vitalizi%3A%20di%20che%20cosa%20si%20parla%3F\" title=\"Reddit\" rel=\"nofollow noopener\" target=\"_blank\" style=\"font-size:32px!important;box-shadow:none;display:inline-block;vertical-align:middle\"><span class=\"heateor_sss_svg heateor_sss_s__default heateor_sss_s_reddit\" style=\"background-color:#ff5700;width:35px;height:35px;display:inline-block;opacity:1;float:left;font-size:32px;box-shadow:none;display:inline-block;font-size:16px;padding:0 4px;vertical-align:middle;background-repeat:repeat;overflow:hidden;padding:0;cursor:pointer;box-sizing:content-box\"><svg style=\"display:block;\" focusable=\"false\" aria-hidden=\"true\" xmlns=\"http:\/\/www.w3.org\/2000\/svg\" width=\"100%\" height=\"100%\" viewBox=\"-3.5 -3.5 39 39\"><path d=\"M28.543 15.774a2.953 2.953 0 0 0-2.951-2.949 2.882 2.882 0 0 0-1.9.713 14.075 14.075 0 0 0-6.85-2.044l1.38-4.349 3.768.884a2.452 2.452 0 1 0 .24-1.176l-4.274-1a.6.6 0 0 0-.709.4l-1.659 5.224a14.314 14.314 0 0 0-7.316 2.029 2.908 2.908 0 0 0-1.872-.681 2.942 2.942 0 0 0-1.618 5.4 5.109 5.109 0 0 0-.062.765c0 4.158 5.037 7.541 11.229 7.541s11.22-3.383 11.22-7.541a5.2 5.2 0 0 0-.053-.706 2.963 2.963 0 0 0 1.427-2.51zm-18.008 1.88a1.753 1.753 0 0 1 1.73-1.74 1.73 1.73 0 0 1 1.709 1.74 1.709 1.709 0 0 1-1.709 1.711 1.733 1.733 0 0 1-1.73-1.711zm9.565 4.968a5.573 5.573 0 0 1-4.081 1.272h-.032a5.576 5.576 0 0 1-4.087-1.272.6.6 0 0 1 .844-.854 4.5 4.5 0 0 0 3.238.927h.032a4.5 4.5 0 0 0 3.237-.927.6.6 0 1 1 .844.854zm-.331-3.256a1.726 1.726 0 1 1 1.709-1.712 1.717 1.717 0 0 1-1.712 1.712z\" fill=\"#fff\"\/><\/svg><\/span><\/a><a aria-label=\"Linkedin\" class=\"heateor_sss_button_linkedin\" href=\"https:\/\/www.linkedin.com\/sharing\/share-offsite\/?url=https%3A%2F%2Fwww.lacostituzione.info%2Findex.php%2F2017%2F07%2F28%2Fabolizione-dei-vitalizi-di-che-cosa-si-parla%2F\" title=\"Linkedin\" rel=\"nofollow noopener\" target=\"_blank\" style=\"font-size:32px!important;box-shadow:none;display:inline-block;vertical-align:middle\"><span class=\"heateor_sss_svg heateor_sss_s__default heateor_sss_s_linkedin\" style=\"background-color:#0077b5;width:35px;height:35px;display:inline-block;opacity:1;float:left;font-size:32px;box-shadow:none;display:inline-block;font-size:16px;padding:0 4px;vertical-align:middle;background-repeat:repeat;overflow:hidden;padding:0;cursor:pointer;box-sizing:content-box\"><svg style=\"display:block;\" focusable=\"false\" aria-hidden=\"true\" xmlns=\"http:\/\/www.w3.org\/2000\/svg\" width=\"100%\" height=\"100%\" viewBox=\"0 0 32 32\"><path d=\"M6.227 12.61h4.19v13.48h-4.19V12.61zm2.095-6.7a2.43 2.43 0 0 1 0 4.86c-1.344 0-2.428-1.09-2.428-2.43s1.084-2.43 2.428-2.43m4.72 6.7h4.02v1.84h.058c.56-1.058 1.927-2.176 3.965-2.176 4.238 0 5.02 2.792 5.02 6.42v7.395h-4.183v-6.56c0-1.564-.03-3.574-2.178-3.574-2.18 0-2.514 1.7-2.514 3.46v6.668h-4.187V12.61z\" fill=\"#fff\"><\/path><\/svg><\/span><\/a><a aria-label=\"Pinterest\" class=\"heateor_sss_button_pinterest\" href=\"https:\/\/www.lacostituzione.info\/index.php\/2017\/07\/28\/abolizione-dei-vitalizi-di-che-cosa-si-parla\/\" onclick=\"event.preventDefault();javascript:void( (function() {var e=document.createElement('script' );e.setAttribute('type','text\/javascript' );e.setAttribute('charset','UTF-8' );e.setAttribute('src','\/\/assets.pinterest.com\/js\/pinmarklet.js?r='+Math.random()*99999999);document.body.appendChild(e)})());\" title=\"Pinterest\" rel=\"noopener\" style=\"font-size:32px!important;box-shadow:none;display:inline-block;vertical-align:middle\"><span class=\"heateor_sss_svg heateor_sss_s__default heateor_sss_s_pinterest\" style=\"background-color:#cc2329;width:35px;height:35px;display:inline-block;opacity:1;float:left;font-size:32px;box-shadow:none;display:inline-block;font-size:16px;padding:0 4px;vertical-align:middle;background-repeat:repeat;overflow:hidden;padding:0;cursor:pointer;box-sizing:content-box\"><svg style=\"display:block;\" focusable=\"false\" aria-hidden=\"true\" xmlns=\"http:\/\/www.w3.org\/2000\/svg\" width=\"100%\" height=\"100%\" viewBox=\"-2 -2 35 35\"><path fill=\"#fff\" d=\"M16.539 4.5c-6.277 0-9.442 4.5-9.442 8.253 0 2.272.86 4.293 2.705 5.046.303.125.574.005.662-.33.061-.231.205-.816.27-1.06.088-.331.053-.447-.191-.736-.532-.627-.873-1.439-.873-2.591 0-3.338 2.498-6.327 6.505-6.327 3.548 0 5.497 2.168 5.497 5.062 0 3.81-1.686 7.025-4.188 7.025-1.382 0-2.416-1.142-2.085-2.545.397-1.674 1.166-3.48 1.166-4.689 0-1.081-.581-1.983-1.782-1.983-1.413 0-2.548 1.462-2.548 3.419 0 1.247.421 2.091.421 2.091l-1.699 7.199c-.505 2.137-.076 4.755-.039 5.019.021.158.223.196.314.077.13-.17 1.813-2.247 2.384-4.324.162-.587.929-3.631.929-3.631.46.876 1.801 1.646 3.227 1.646 4.247 0 7.128-3.871 7.128-9.053.003-3.918-3.317-7.568-8.361-7.568z\"\/><\/svg><\/span><\/a><a aria-label=\"Whatsapp\" class=\"heateor_sss_whatsapp\" href=\"https:\/\/api.whatsapp.com\/send?text=Abolizione%20dei%20vitalizi%3A%20di%20che%20cosa%20si%20parla%3F%20https%3A%2F%2Fwww.lacostituzione.info%2Findex.php%2F2017%2F07%2F28%2Fabolizione-dei-vitalizi-di-che-cosa-si-parla%2F\" title=\"Whatsapp\" rel=\"nofollow noopener\" target=\"_blank\" style=\"font-size:32px!important;box-shadow:none;display:inline-block;vertical-align:middle\"><span class=\"heateor_sss_svg\" style=\"background-color:#55eb4c;width:35px;height:35px;display:inline-block;opacity:1;float:left;font-size:32px;box-shadow:none;display:inline-block;font-size:16px;padding:0 4px;vertical-align:middle;background-repeat:repeat;overflow:hidden;padding:0;cursor:pointer;box-sizing:content-box\"><svg style=\"display:block;\" focusable=\"false\" aria-hidden=\"true\" xmlns=\"http:\/\/www.w3.org\/2000\/svg\" width=\"100%\" height=\"100%\" viewBox=\"-6 -5 40 40\"><path class=\"heateor_sss_svg_stroke heateor_sss_no_fill\" stroke=\"#fff\" stroke-width=\"2\" fill=\"none\" d=\"M 11.579798566743314 24.396926207859085 A 10 10 0 1 0 6.808479557110079 20.73576436351046\"><\/path><path d=\"M 7 19 l -1 6 l 6 -1\" class=\"heateor_sss_no_fill heateor_sss_svg_stroke\" stroke=\"#fff\" stroke-width=\"2\" fill=\"none\"><\/path><path d=\"M 10 10 q -1 8 8 11 c 5 -1 0 -6 -1 -3 q -4 -3 -5 -5 c 4 -2 -1 -5 -1 -4\" fill=\"#fff\"><\/path><\/svg><\/span><\/a><\/div><div class=\"heateorSssClear\"><\/div><\/div><div class='heateorSssClear'><\/div>","protected":false},"author":1,"featured_media":0,"comment_status":"open","ping_status":"open","sticky":false,"template":"","format":"standard","meta":{"jetpack_post_was_ever_published":false,"_jetpack_newsletter_access":"","_jetpack_dont_email_post_to_subs":false,"_jetpack_newsletter_tier_id":0,"_jetpack_memberships_contains_paywalled_content":false,"_jetpack_memberships_contains_paid_content":false,"footnotes":"","jetpack_publicize_message":"","jetpack_publicize_feature_enabled":true,"jetpack_social_post_already_shared":false,"jetpack_social_options":{"image_generator_settings":{"template":"highway","default_image_id":0,"enabled":false},"version":2}},"categories":[4],"tags":[778,782,297,356,780,779,781,355],"class_list":["post-3069","post","type-post","status-publish","format-standard","hentry","category-attualita","tag-contributi","tag-montane-contributivo","tag-parlamentari","tag-pensione","tag-sistema-contributivo","tag-sistema-retributivo","tag-superstiti","tag-vitalizio"],"jetpack_publicize_connections":[],"jetpack_featured_media_url":"","jetpack_shortlink":"https:\/\/wp.me\/p84sDq-Nv","jetpack_likes_enabled":true,"jetpack_sharing_enabled":true,"_links":{"self":[{"href":"https:\/\/www.lacostituzione.info\/index.php\/wp-json\/wp\/v2\/posts\/3069","targetHints":{"allow":["GET"]}}],"collection":[{"href":"https:\/\/www.lacostituzione.info\/index.php\/wp-json\/wp\/v2\/posts"}],"about":[{"href":"https:\/\/www.lacostituzione.info\/index.php\/wp-json\/wp\/v2\/types\/post"}],"author":[{"embeddable":true,"href":"https:\/\/www.lacostituzione.info\/index.php\/wp-json\/wp\/v2\/users\/1"}],"replies":[{"embeddable":true,"href":"https:\/\/www.lacostituzione.info\/index.php\/wp-json\/wp\/v2\/comments?post=3069"}],"version-history":[{"count":0,"href":"https:\/\/www.lacostituzione.info\/index.php\/wp-json\/wp\/v2\/posts\/3069\/revisions"}],"wp:attachment":[{"href":"https:\/\/www.lacostituzione.info\/index.php\/wp-json\/wp\/v2\/media?parent=3069"}],"wp:term":[{"taxonomy":"category","embeddable":true,"href":"https:\/\/www.lacostituzione.info\/index.php\/wp-json\/wp\/v2\/categories?post=3069"},{"taxonomy":"post_tag","embeddable":true,"href":"https:\/\/www.lacostituzione.info\/index.php\/wp-json\/wp\/v2\/tags?post=3069"}],"curies":[{"name":"wp","href":"https:\/\/api.w.org\/{rel}","templated":true}]}}