{"id":3080,"date":"2017-07-29T19:43:55","date_gmt":"2017-07-29T17:43:55","guid":{"rendered":"http:\/\/www.lacostituzione.info\/?p=3080"},"modified":"2018-01-03T10:20:44","modified_gmt":"2018-01-03T09:20:44","slug":"il-referendum-veneto-e-la-sua-impugnazione-quello-che-davvero-e-inaccettabile","status":"publish","type":"post","link":"https:\/\/www.lacostituzione.info\/index.php\/2017\/07\/29\/il-referendum-veneto-e-la-sua-impugnazione-quello-che-davvero-e-inaccettabile\/","title":{"rendered":"Il referendum veneto e la sua impugnazione: quello che davvero \u00e8 inaccettabile"},"content":{"rendered":"<p><img loading=\"lazy\" decoding=\"async\" data-attachment-id=\"3075\" data-permalink=\"https:\/\/www.lacostituzione.info\/index.php\/2017\/07\/28\/il-referendum-veneto-approda-al-tar\/la-festa-dei-popoli-padani\/#main\" data-orig-file=\"https:\/\/www.lacostituzione.info\/wp-content\/uploads\/2017\/07\/zaia.jpg\" data-orig-size=\"1536,1024\" data-comments-opened=\"1\" data-image-meta=\"{&quot;aperture&quot;:&quot;0&quot;,&quot;credit&quot;:&quot;Franco Rossi&quot;,&quot;camera&quot;:&quot;&quot;,&quot;caption&quot;:&quot;07\\\/10\\\/12 Venezia - Raduno nazionale della Lega: Festa dei popoli padani. L&#039;intervento di Luca Zaia -   Errebi&quot;,&quot;created_timestamp&quot;:&quot;0&quot;,&quot;copyright&quot;:&quot;&quot;,&quot;focal_length&quot;:&quot;0&quot;,&quot;iso&quot;:&quot;0&quot;,&quot;shutter_speed&quot;:&quot;0&quot;,&quot;title&quot;:&quot;La Festa dei popoli padani&quot;,&quot;orientation&quot;:&quot;0&quot;}\" data-image-title=\"\" data-image-description=\"\" data-image-caption=\"\" data-medium-file=\"https:\/\/www.lacostituzione.info\/wp-content\/uploads\/2017\/07\/zaia-300x200.jpg\" data-large-file=\"https:\/\/www.lacostituzione.info\/wp-content\/uploads\/2017\/07\/zaia-1024x683.jpg\" class=\"alignleft wp-image-3075 size-thumbnail\" src=\"http:\/\/www.lacostituzione.info\/wp-content\/uploads\/2017\/07\/zaia-150x150.jpg\" alt=\"\" width=\"150\" height=\"150\" \/>di <strong><abbr class='c2c-text-hover' title='Professore ordinario di Diritto costituzionale - Universit\u00e0 di Ferrara'>Roberto Bin<\/abbr><\/strong><\/p>\n<p>L\u2019equilibrato commento di <a href=\"http:\/\/www.lacostituzione.info\/index.php\/2017\/07\/28\/il-referendum-veneto-approda-al-tar\/\">Fulvio Cortese<\/a> non nasconde le difficolt\u00e0 del ricorso contro il <em>referendum<\/em> indetto da Zaia. I profili di illegittimit\u00e0 elencati non hanno tutti la stessa possibilit\u00e0 di essere ammessi dal giudice amministrativo, e non sono neppure tutti dello stesso peso giuridico, politico e morale. S\u00ec, anche morale.<!--more--><\/p>\n<p>Ci sono almeno due profili che rendono la vicenda profondamente indigeribile. Si tratta \u2013 si badi \u2013 di un <em>referendum<\/em> che \u00e8, dal punto di vista giuridico, perfettamente inutile, come si \u00e8 avuto gi\u00e0 modo di sottolineare in un <a href=\"http:\/\/www.lacostituzione.info\/index.php\/2017\/02\/09\/fare-dellinutile-il-necessario-la-strana-logica-del-presidente-zaia\/\">contributo precedente<\/a>. Il significato potr\u00e0 essere politico, un modo per Zaia di mobilitare i cittadini veneti per una battaglia simbolica di colore prettamente leghista, nel segno del rafforzamento di una generica \u201cautonomia\u201d. Ma a parte la mancanza di obiettivi reali, ossia di qualsiasi conseguenza sul piano dell\u2019autonomia da cui loro possano trarre beneficio, qualcuno ha comunicato ai cittadini veneti che questo rito leghista coster\u00e0 almeno 12 milioni di euro? Sono parte di quelle tasse trattenute in Veneto che Zaia vorrebbe aumentare cercando l\u2019appoggio ideale dei suoi cittadini tramite il <em>referendum<\/em>. Anche se fosse vinto, il <em>referendum<\/em> non porterebbe un euro in pi\u00f9 nella Regione, ma molti euro risulterebbero sprecati invano.<\/p>\n<p>E poi a che servono tutti questi soldi? Approvando la <a href=\"http:\/\/bur.regione.veneto.it\/BurvServices\/pubblica\/DettaglioLegge.aspx?id=276453\" class=\"broken_link\">legge regionale<\/a> che avviava la proposizione di questo <em>referendum<\/em> (e di altri quesiti, pi\u00f9 marcatamente \u201cindipendisti\u201d,\u00a0 ma non meno inutili, interdetti per\u00f2 dalla <a href=\"http:\/\/www.giurcost.org\/decisioni\/2015\/0118s-15.html\">Corte costituzionale<\/a>), il Consiglio regionale aveva valutato in \u20ac 3.950.000 la spesa complessiva, equamente ripartita tra l\u2019esercizio 2015 e quello successivo. Perch\u00e9 oggi ne servono invece pi\u00f9 del triplo? Perch\u00e9 la <a href=\"http:\/\/www.consiglioveneto.it\/crvportal\/leggi_storico\/2017\/17lr0007.html?numLegge=7&amp;annoLegge=2017&amp;tipoLegge=Alr\" class=\"broken_link\">legge 7\/2017<\/a> ha introdotto una nuova voce di spesa, quella che sostiene finanziariamente le \u201c<em>iniziative volte ad assicurare una corretta comunicazione e informazione della comunit\u00e0 regionale in ordine al quesito referendario e allo svolgimento del referendum<\/em>\u201d, iniziative \u201c<em>formulate in un apposito piano di comunicazione che viene preventivamente sottoposto al parere della competente commissione consiliare<\/em>\u201d.<\/p>\n<p>Ecco qual \u00e8 l\u2019aspetto disgustoso della vicenda: si stanziano 12 milioni (che Zaia ha gi\u00e0 detto saranno 14) non per sostenere qualcuna delle politiche sociali per le quali la Regione avrebbe gi\u00e0 le competenze (e, come si vede, anche le risorse), ma per una campagna di propaganda politica a favore della Lega e del suo <em>leader<\/em>: un \u201cpiano di comunicazione\u201d proposto da Zaia e sottoposto al parere (consultivo) di un organismo politico di cui Zaia controlla da maggioranza. In questo \u201cpiano della comunicazione\u201d ci sar\u00e0 posto anche per qualche accenno a quali politiche avrebbero potuto essere sostenute con cos\u00ec tanti soldi?<\/p>\n<p>Pochi saranno interessanti a conoscere il mio disgusto, sul piano etico-politico, per chi spreca risorse economiche ingenti per una propaganda di parte, anzich\u00e9 destinarle alle esigenze dei cittadini. Ma, oltre al profilo \u2013 appunto \u2013 etico, c\u2019\u00e8 anche quello giuridico: dove sono le garanzie di <em>par condicio<\/em> nel sostegno della campagna referendaria? Ci saranno spazio e risorse anche per quella parte della cittadinanza veneta che sarebbe interessata piuttosto a vedere finanziato il diritto allo studio (per cui la Regione impegna una cifra di pochissimo superiore) o per la politica della casa?<\/p>\n<p>Qui, come si vede, entrano in gioco i motivi del ricorso al TAR che l\u2019articolo di Cortese elenca nelle lettere C e D: mancanza di qualsiasi garanzia istituzionale sulla correttezza dei quesiti sottoposti a <em>referendum<\/em> e assenza di regole che garantiscano la correttezza della campagna elettorale. Capiter\u00e0 forse che il TAR svicoli accampando problemi di giurisdizione del giudice amministrativo. Se cos\u00ec fosse i promotori del ricorso potrebbero promuovere un\u2019azione davanti al giudice civile di accertamento della violazione delle garanzie del loro diritto di voto: non sarebbe forse una di quelle \u201czone franche\u201d della disciplina elettorale a cui la Corte costituzionale ha inteso estendere le garanzie costituzionali nelle note sentenze sul <em>Porcellum<\/em> e sull\u2019<em>Italicum<\/em>? Su una cosa la Corte costituzionale ha indubbiamente ragione: non si pu\u00f2 permettere che in Italia i meccanismi della politica e della rappresentanza degradino ai livelli che piacciono a Erdogan. Il Veneto non \u00e8 la Turchia: la battaglia di Lepanto sar\u00e0 pur servita a qualcosa!<\/p>\n","protected":false},"excerpt":{"rendered":"<p>di <abbr class='c2c-text-hover' title='Professore ordinario di Diritto costituzionale - Universit\u00e0 di Ferrara'>Roberto Bin<\/abbr> L\u2019equilibrato commento di Fulvio Cortese non nasconde le difficolt\u00e0 del ricorso contro il referendum indetto da Zaia. I profili di illegittimit\u00e0 elencati non hanno tutti la stessa possibilit\u00e0 di essere ammessi dal giudice amministrativo, e non sono neppure tutti dello stesso peso giuridico, politico e morale. S\u00ec, anche morale.<\/p>\n<div class='heateorSssClear'><\/div><div  class='heateor_sss_sharing_container heateor_sss_horizontal_sharing' data-heateor-sss-href='https:\/\/www.lacostituzione.info\/index.php\/2017\/07\/29\/il-referendum-veneto-e-la-sua-impugnazione-quello-che-davvero-e-inaccettabile\/'><div class='heateor_sss_sharing_title' style=\"font-weight:bold\" >Condividi!<\/div><div class=\"heateor_sss_sharing_ul\"><a aria-label=\"Facebook\" class=\"heateor_sss_facebook\" href=\"https:\/\/www.facebook.com\/sharer\/sharer.php?u=https%3A%2F%2Fwww.lacostituzione.info%2Findex.php%2F2017%2F07%2F29%2Fil-referendum-veneto-e-la-sua-impugnazione-quello-che-davvero-e-inaccettabile%2F\" title=\"Facebook\" rel=\"nofollow noopener\" target=\"_blank\" style=\"font-size:32px!important;box-shadow:none;display:inline-block;vertical-align:middle\"><span class=\"heateor_sss_svg\" style=\"background-color:#0765FE;width:35px;height:35px;display:inline-block;opacity:1;float:left;font-size:32px;box-shadow:none;display:inline-block;font-size:16px;padding:0 4px;vertical-align:middle;background-repeat:repeat;overflow:hidden;padding:0;cursor:pointer;box-sizing:content-box\"><svg style=\"display:block;\" focusable=\"false\" aria-hidden=\"true\" xmlns=\"http:\/\/www.w3.org\/2000\/svg\" width=\"100%\" height=\"100%\" viewBox=\"0 0 32 32\"><path fill=\"#fff\" d=\"M28 16c0-6.627-5.373-12-12-12S4 9.373 4 16c0 5.628 3.875 10.35 9.101 11.647v-7.98h-2.474V16H13.1v-1.58c0-4.085 1.849-5.978 5.859-5.978.76 0 2.072.15 2.608.298v3.325c-.283-.03-.775-.045-1.386-.045-1.967 0-2.728.745-2.728 2.683V16h3.92l-.673 3.667h-3.247v8.245C23.395 27.195 28 22.135 28 16Z\"><\/path><\/svg><\/span><\/a><a aria-label=\"Twitter\" class=\"heateor_sss_button_twitter\" href=\"https:\/\/twitter.com\/intent\/tweet?text=Il%20referendum%20veneto%20e%20la%20sua%20impugnazione%3A%20quello%20che%20davvero%20%C3%A8%20inaccettabile&url=https%3A%2F%2Fwww.lacostituzione.info%2Findex.php%2F2017%2F07%2F29%2Fil-referendum-veneto-e-la-sua-impugnazione-quello-che-davvero-e-inaccettabile%2F\" title=\"Twitter\" rel=\"nofollow noopener\" target=\"_blank\" style=\"font-size:32px!important;box-shadow:none;display:inline-block;vertical-align:middle\"><span class=\"heateor_sss_svg heateor_sss_s__default heateor_sss_s_twitter\" style=\"background-color:#55acee;width:35px;height:35px;display:inline-block;opacity:1;float:left;font-size:32px;box-shadow:none;display:inline-block;font-size:16px;padding:0 4px;vertical-align:middle;background-repeat:repeat;overflow:hidden;padding:0;cursor:pointer;box-sizing:content-box\"><svg style=\"display:block;\" focusable=\"false\" aria-hidden=\"true\" xmlns=\"http:\/\/www.w3.org\/2000\/svg\" width=\"100%\" height=\"100%\" viewBox=\"-4 -4 39 39\"><path d=\"M28 8.557a9.913 9.913 0 0 1-2.828.775 4.93 4.93 0 0 0 2.166-2.725 9.738 9.738 0 0 1-3.13 1.194 4.92 4.92 0 0 0-3.593-1.55 4.924 4.924 0 0 0-4.794 6.049c-4.09-.21-7.72-2.17-10.15-5.15a4.942 4.942 0 0 0-.665 2.477c0 1.71.87 3.214 2.19 4.1a4.968 4.968 0 0 1-2.23-.616v.06c0 2.39 1.7 4.38 3.952 4.83-.414.115-.85.174-1.297.174-.318 0-.626-.03-.928-.086a4.935 4.935 0 0 0 4.6 3.42 9.893 9.893 0 0 1-6.114 2.107c-.398 0-.79-.023-1.175-.068a13.953 13.953 0 0 0 7.55 2.213c9.056 0 14.01-7.507 14.01-14.013 0-.213-.005-.426-.015-.637.96-.695 1.795-1.56 2.455-2.55z\" fill=\"#fff\"><\/path><\/svg><\/span><\/a><a aria-label=\"Reddit\" class=\"heateor_sss_button_reddit\" href=\"https:\/\/reddit.com\/submit?url=https%3A%2F%2Fwww.lacostituzione.info%2Findex.php%2F2017%2F07%2F29%2Fil-referendum-veneto-e-la-sua-impugnazione-quello-che-davvero-e-inaccettabile%2F&title=Il%20referendum%20veneto%20e%20la%20sua%20impugnazione%3A%20quello%20che%20davvero%20%C3%A8%20inaccettabile\" title=\"Reddit\" rel=\"nofollow noopener\" target=\"_blank\" style=\"font-size:32px!important;box-shadow:none;display:inline-block;vertical-align:middle\"><span class=\"heateor_sss_svg heateor_sss_s__default heateor_sss_s_reddit\" style=\"background-color:#ff5700;width:35px;height:35px;display:inline-block;opacity:1;float:left;font-size:32px;box-shadow:none;display:inline-block;font-size:16px;padding:0 4px;vertical-align:middle;background-repeat:repeat;overflow:hidden;padding:0;cursor:pointer;box-sizing:content-box\"><svg style=\"display:block;\" focusable=\"false\" aria-hidden=\"true\" xmlns=\"http:\/\/www.w3.org\/2000\/svg\" width=\"100%\" height=\"100%\" viewBox=\"-3.5 -3.5 39 39\"><path d=\"M28.543 15.774a2.953 2.953 0 0 0-2.951-2.949 2.882 2.882 0 0 0-1.9.713 14.075 14.075 0 0 0-6.85-2.044l1.38-4.349 3.768.884a2.452 2.452 0 1 0 .24-1.176l-4.274-1a.6.6 0 0 0-.709.4l-1.659 5.224a14.314 14.314 0 0 0-7.316 2.029 2.908 2.908 0 0 0-1.872-.681 2.942 2.942 0 0 0-1.618 5.4 5.109 5.109 0 0 0-.062.765c0 4.158 5.037 7.541 11.229 7.541s11.22-3.383 11.22-7.541a5.2 5.2 0 0 0-.053-.706 2.963 2.963 0 0 0 1.427-2.51zm-18.008 1.88a1.753 1.753 0 0 1 1.73-1.74 1.73 1.73 0 0 1 1.709 1.74 1.709 1.709 0 0 1-1.709 1.711 1.733 1.733 0 0 1-1.73-1.711zm9.565 4.968a5.573 5.573 0 0 1-4.081 1.272h-.032a5.576 5.576 0 0 1-4.087-1.272.6.6 0 0 1 .844-.854 4.5 4.5 0 0 0 3.238.927h.032a4.5 4.5 0 0 0 3.237-.927.6.6 0 1 1 .844.854zm-.331-3.256a1.726 1.726 0 1 1 1.709-1.712 1.717 1.717 0 0 1-1.712 1.712z\" fill=\"#fff\"\/><\/svg><\/span><\/a><a aria-label=\"Linkedin\" class=\"heateor_sss_button_linkedin\" href=\"https:\/\/www.linkedin.com\/sharing\/share-offsite\/?url=https%3A%2F%2Fwww.lacostituzione.info%2Findex.php%2F2017%2F07%2F29%2Fil-referendum-veneto-e-la-sua-impugnazione-quello-che-davvero-e-inaccettabile%2F\" title=\"Linkedin\" rel=\"nofollow noopener\" target=\"_blank\" style=\"font-size:32px!important;box-shadow:none;display:inline-block;vertical-align:middle\"><span class=\"heateor_sss_svg heateor_sss_s__default heateor_sss_s_linkedin\" style=\"background-color:#0077b5;width:35px;height:35px;display:inline-block;opacity:1;float:left;font-size:32px;box-shadow:none;display:inline-block;font-size:16px;padding:0 4px;vertical-align:middle;background-repeat:repeat;overflow:hidden;padding:0;cursor:pointer;box-sizing:content-box\"><svg style=\"display:block;\" focusable=\"false\" aria-hidden=\"true\" xmlns=\"http:\/\/www.w3.org\/2000\/svg\" width=\"100%\" height=\"100%\" viewBox=\"0 0 32 32\"><path d=\"M6.227 12.61h4.19v13.48h-4.19V12.61zm2.095-6.7a2.43 2.43 0 0 1 0 4.86c-1.344 0-2.428-1.09-2.428-2.43s1.084-2.43 2.428-2.43m4.72 6.7h4.02v1.84h.058c.56-1.058 1.927-2.176 3.965-2.176 4.238 0 5.02 2.792 5.02 6.42v7.395h-4.183v-6.56c0-1.564-.03-3.574-2.178-3.574-2.18 0-2.514 1.7-2.514 3.46v6.668h-4.187V12.61z\" fill=\"#fff\"><\/path><\/svg><\/span><\/a><a aria-label=\"Pinterest\" class=\"heateor_sss_button_pinterest\" href=\"https:\/\/www.lacostituzione.info\/index.php\/2017\/07\/29\/il-referendum-veneto-e-la-sua-impugnazione-quello-che-davvero-e-inaccettabile\/\" onclick=\"event.preventDefault();javascript:void( (function() {var e=document.createElement('script' );e.setAttribute('type','text\/javascript' );e.setAttribute('charset','UTF-8' );e.setAttribute('src','\/\/assets.pinterest.com\/js\/pinmarklet.js?r='+Math.random()*99999999);document.body.appendChild(e)})());\" title=\"Pinterest\" rel=\"noopener\" style=\"font-size:32px!important;box-shadow:none;display:inline-block;vertical-align:middle\"><span class=\"heateor_sss_svg heateor_sss_s__default heateor_sss_s_pinterest\" style=\"background-color:#cc2329;width:35px;height:35px;display:inline-block;opacity:1;float:left;font-size:32px;box-shadow:none;display:inline-block;font-size:16px;padding:0 4px;vertical-align:middle;background-repeat:repeat;overflow:hidden;padding:0;cursor:pointer;box-sizing:content-box\"><svg style=\"display:block;\" focusable=\"false\" aria-hidden=\"true\" xmlns=\"http:\/\/www.w3.org\/2000\/svg\" width=\"100%\" height=\"100%\" viewBox=\"-2 -2 35 35\"><path fill=\"#fff\" d=\"M16.539 4.5c-6.277 0-9.442 4.5-9.442 8.253 0 2.272.86 4.293 2.705 5.046.303.125.574.005.662-.33.061-.231.205-.816.27-1.06.088-.331.053-.447-.191-.736-.532-.627-.873-1.439-.873-2.591 0-3.338 2.498-6.327 6.505-6.327 3.548 0 5.497 2.168 5.497 5.062 0 3.81-1.686 7.025-4.188 7.025-1.382 0-2.416-1.142-2.085-2.545.397-1.674 1.166-3.48 1.166-4.689 0-1.081-.581-1.983-1.782-1.983-1.413 0-2.548 1.462-2.548 3.419 0 1.247.421 2.091.421 2.091l-1.699 7.199c-.505 2.137-.076 4.755-.039 5.019.021.158.223.196.314.077.13-.17 1.813-2.247 2.384-4.324.162-.587.929-3.631.929-3.631.46.876 1.801 1.646 3.227 1.646 4.247 0 7.128-3.871 7.128-9.053.003-3.918-3.317-7.568-8.361-7.568z\"\/><\/svg><\/span><\/a><a aria-label=\"Whatsapp\" class=\"heateor_sss_whatsapp\" href=\"https:\/\/api.whatsapp.com\/send?text=Il%20referendum%20veneto%20e%20la%20sua%20impugnazione%3A%20quello%20che%20davvero%20%C3%A8%20inaccettabile%20https%3A%2F%2Fwww.lacostituzione.info%2Findex.php%2F2017%2F07%2F29%2Fil-referendum-veneto-e-la-sua-impugnazione-quello-che-davvero-e-inaccettabile%2F\" title=\"Whatsapp\" rel=\"nofollow noopener\" target=\"_blank\" style=\"font-size:32px!important;box-shadow:none;display:inline-block;vertical-align:middle\"><span class=\"heateor_sss_svg\" style=\"background-color:#55eb4c;width:35px;height:35px;display:inline-block;opacity:1;float:left;font-size:32px;box-shadow:none;display:inline-block;font-size:16px;padding:0 4px;vertical-align:middle;background-repeat:repeat;overflow:hidden;padding:0;cursor:pointer;box-sizing:content-box\"><svg style=\"display:block;\" focusable=\"false\" aria-hidden=\"true\" xmlns=\"http:\/\/www.w3.org\/2000\/svg\" width=\"100%\" height=\"100%\" viewBox=\"-6 -5 40 40\"><path class=\"heateor_sss_svg_stroke heateor_sss_no_fill\" stroke=\"#fff\" stroke-width=\"2\" fill=\"none\" d=\"M 11.579798566743314 24.396926207859085 A 10 10 0 1 0 6.808479557110079 20.73576436351046\"><\/path><path d=\"M 7 19 l -1 6 l 6 -1\" class=\"heateor_sss_no_fill heateor_sss_svg_stroke\" stroke=\"#fff\" stroke-width=\"2\" fill=\"none\"><\/path><path d=\"M 10 10 q -1 8 8 11 c 5 -1 0 -6 -1 -3 q -4 -3 -5 -5 c 4 -2 -1 -5 -1 -4\" fill=\"#fff\"><\/path><\/svg><\/span><\/a><\/div><div class=\"heateorSssClear\"><\/div><\/div><div class='heateorSssClear'><\/div>","protected":false},"author":3,"featured_media":0,"comment_status":"open","ping_status":"open","sticky":false,"template":"","format":"standard","meta":{"jetpack_post_was_ever_published":false,"_jetpack_newsletter_access":"","_jetpack_dont_email_post_to_subs":false,"_jetpack_newsletter_tier_id":0,"_jetpack_memberships_contains_paywalled_content":false,"_jetpack_memberships_contains_paid_content":false,"footnotes":"","jetpack_publicize_message":"","jetpack_publicize_feature_enabled":true,"jetpack_social_post_already_shared":false,"jetpack_social_options":{"image_generator_settings":{"template":"highway","default_image_id":0,"enabled":false},"version":2}},"categories":[4],"tags":[787,149,785,85,786],"class_list":["post-3080","post","type-post","status-publish","format-standard","hentry","category-attualita","tag-battaglia-di-lepanto","tag-corte-costituzionale","tag-referendum-veneto","tag-tar","tag-zaia"],"jetpack_publicize_connections":[],"jetpack_featured_media_url":"","jetpack_shortlink":"https:\/\/wp.me\/p84sDq-NG","jetpack_likes_enabled":true,"jetpack_sharing_enabled":true,"_links":{"self":[{"href":"https:\/\/www.lacostituzione.info\/index.php\/wp-json\/wp\/v2\/posts\/3080","targetHints":{"allow":["GET"]}}],"collection":[{"href":"https:\/\/www.lacostituzione.info\/index.php\/wp-json\/wp\/v2\/posts"}],"about":[{"href":"https:\/\/www.lacostituzione.info\/index.php\/wp-json\/wp\/v2\/types\/post"}],"author":[{"embeddable":true,"href":"https:\/\/www.lacostituzione.info\/index.php\/wp-json\/wp\/v2\/users\/3"}],"replies":[{"embeddable":true,"href":"https:\/\/www.lacostituzione.info\/index.php\/wp-json\/wp\/v2\/comments?post=3080"}],"version-history":[{"count":0,"href":"https:\/\/www.lacostituzione.info\/index.php\/wp-json\/wp\/v2\/posts\/3080\/revisions"}],"wp:attachment":[{"href":"https:\/\/www.lacostituzione.info\/index.php\/wp-json\/wp\/v2\/media?parent=3080"}],"wp:term":[{"taxonomy":"category","embeddable":true,"href":"https:\/\/www.lacostituzione.info\/index.php\/wp-json\/wp\/v2\/categories?post=3080"},{"taxonomy":"post_tag","embeddable":true,"href":"https:\/\/www.lacostituzione.info\/index.php\/wp-json\/wp\/v2\/tags?post=3080"}],"curies":[{"name":"wp","href":"https:\/\/api.w.org\/{rel}","templated":true}]}}