{"id":3178,"date":"2017-09-24T20:32:34","date_gmt":"2017-09-24T18:32:34","guid":{"rendered":"http:\/\/www.lacostituzione.info\/?p=3178"},"modified":"2020-04-10T16:03:04","modified_gmt":"2020-04-10T14:03:04","slug":"il-veneto-non-e-la-catalogna-non-serve-la-guardia-civil-basta-la-corte-dei-conti","status":"publish","type":"post","link":"https:\/\/www.lacostituzione.info\/index.php\/2017\/09\/24\/il-veneto-non-e-la-catalogna-non-serve-la-guardia-civil-basta-la-corte-dei-conti\/","title":{"rendered":"Il Veneto non \u00e8 la Catalogna. Non serve la Guardia civil, basta la Corte dei conti"},"content":{"rendered":"<p><img loading=\"lazy\" decoding=\"async\" data-attachment-id=\"2010\" data-permalink=\"https:\/\/www.lacostituzione.info\/index.php\/2017\/02\/09\/fare-dellinutile-il-necessario-la-strana-logica-del-presidente-zaia\/1621328_l43_luca_zaia_110603211103_big\/#main\" data-orig-file=\"https:\/\/www.lacostituzione.info\/wp-content\/uploads\/2017\/02\/1621328_l43_luca_zaia_110603211103_big.jpg\" data-orig-size=\"620,339\" data-comments-opened=\"1\" data-image-meta=\"{&quot;aperture&quot;:&quot;0&quot;,&quot;credit&quot;:&quot;&quot;,&quot;camera&quot;:&quot;&quot;,&quot;caption&quot;:&quot;&quot;,&quot;created_timestamp&quot;:&quot;0&quot;,&quot;copyright&quot;:&quot;&quot;,&quot;focal_length&quot;:&quot;0&quot;,&quot;iso&quot;:&quot;0&quot;,&quot;shutter_speed&quot;:&quot;0&quot;,&quot;title&quot;:&quot;&quot;,&quot;orientation&quot;:&quot;0&quot;}\" data-image-title=\"1621328_l43_luca_zaia_110603211103_big\" data-image-description=\"\" data-image-caption=\"\" data-medium-file=\"https:\/\/www.lacostituzione.info\/wp-content\/uploads\/2017\/02\/1621328_l43_luca_zaia_110603211103_big-300x164.jpg\" data-large-file=\"https:\/\/www.lacostituzione.info\/wp-content\/uploads\/2017\/02\/1621328_l43_luca_zaia_110603211103_big.jpg\" class=\"alignleft wp-image-2010 size-thumbnail\" src=\"http:\/\/www.lacostituzione.info\/wp-content\/uploads\/2017\/02\/1621328_l43_luca_zaia_110603211103_big-150x150.jpg\" alt=\"\" width=\"150\" height=\"150\" \/>di <b><abbr class='c2c-text-hover' title='Professore ordinario di Diritto costituzionale - Universit\u00e0 di Ferrara'>Roberto Bin<\/abbr><\/b><\/p>\n<p>La Catalogna aveva scelto la strada dello scontro istituzionale avviando le procedure per lo svolgimento di un <em>referendum<\/em> che il Tribunale costituzionale spagnolo aveva giudicato incostituzionale; e, per di pi\u00f9, facendo approvare dal parlamento catalano, con una manciata di voti e con molte contestazioni politiche e denunce di illegittimit\u00e0 procedurali, alcuni provvedimenti legislativi diretti a dare immediata esecuzione alla decisione secessionista eventualmente uscita dal voto popolare e a disapplicare le leggi e la Costituzione spagnola. Il Governo spagnolo ha risposto con durezza inaudita a un atto inaudito di disobbedienza costituzionale (che \u00e8 stato definito, non senza ragione, \u201c<a href=\"http:\/\/verfassungsblog.de\/the-catalan-self-determination-referendum-act-a-new-legal-order-in-europe\/\">un colpo di stato costituzionale<\/a>\u201d). L\u2019inizio di un dramma, abbastanza inutile, ma che ha una <a href=\"http:\/\/www.ilpost.it\/2017\/09\/22\/referendum-indipendenza-catalogna-3\/\">lunga storia<\/a> alle spalle (per una rapida ma attenta analisi, si pu\u00f2 leggere un interessante <a href=\"http:\/\/blog.juspoliticum.com\/2017\/09\/18\/crise-catalane-qui-a-suspendu-quoi-par-anthony-sfez\/\">articolo in francese<\/a>).<!--more--><\/p>\n<p>Il <em>referendum<\/em> veneto (e lombardo) non \u00e8 affatto cos\u00ec drammatico. La Corte costituzionale aveva <a href=\"http:\/\/www.forumcostituzionale.it\/wordpress\/wp-content\/uploads\/2015\/07\/nota_118_2015_conte.pdf\">dichiarato illegittime<\/a> due leggi venete che prevedevano una serie di <em>referendum<\/em> dal tenore pi\u00f9 o meno apertamente secessionista. Un unico <em>referendum<\/em> era sopravvissuto al controllo di costituzionalista (a cui non erano sopravvissuti neppure precedenti leggi referendarie venete e lombarde), ed \u00e8 sopravvissuto grazie alla sua perfetta inutilit\u00e0: \u201c<em>il quesito referendario non prelude a sviluppi dell\u2019autonomia eccedenti i limiti costituzionalmente previsti<\/em>\u201d (<a href=\"http:\/\/www.giurcost.org\/decisioni\/2015\/0118s-15.html\">sent. 118\/2015<\/a>), \u00e8 un modo cortese per dire, appunto, che si tratta di una consultazione il cui esito non produce alcuna conseguenza giuridica. A che serve chiedere al corpo elettorale se \u00e8 favorevole o contrario a che il Presidente della Regione svolga una funzione che gi\u00e0 la Costituzione lo autorizza a svolgere?<\/p>\n<p>La <a href=\"http:\/\/bur.regione.veneto.it\/BurvServices\/pubblica\/DettaglioLegge.aspx?id=276453\" class=\"broken_link\">legge regionale 15\/2014<\/a>\u00a0 disponeva un percorso preciso: il primo passaggio avrebbe dovuto essere una trattativa con il Governo, tramite la quale si sarebbe dovuto definire il pacchetto di nuove funzioni da riconoscere alla Regione Veneto, sul quale si sarebbe dovuto poi \u00a0consultare il corpo elettorale (questa la lettera della legge veneta: \u201c<em>Il Presidente della Giunta regionale \u00e8 autorizzato ad instaurare con il Governo un negoziato volto a definire il contenuto di un referendum consultivo finalizzato a conoscere la volont\u00e0 degli elettori del Veneto circa il conseguimento di ulteriori forme di autonomia della Regione del Veneto<\/em>\u201d). Se poi il negoziato non fosse andato a buon fine, il Presidente della Giunta avrebbe potuto promuovere un <em>referendum<\/em> con diversi quesiti, di cui l\u2019unico ammesso dalla Corte costituzionale \u00e8 il seguente: \u201c<em>Vuoi che alla Regione del Veneto siano attribuite ulteriori forme e condizioni particolari di autonomia?<\/em>\u201d.<\/p>\n<p>Un modo curioso di procedere, come avevo gi\u00e0 avuto <a href=\"http:\/\/www.lacostituzione.info\/index.php\/2017\/02\/09\/fare-dellinutile-il-necessario-la-strana-logica-del-presidente-zaia\/\">modo di osservare<\/a>, perch\u00e9 l\u2019<a href=\"http:\/\/www.governo.it\/costituzione-italiana\/parte-seconda-ordinamento-della-repubblica\/titolo-v-le-regionile-province-e-i\">art. 116.3 Cost.<\/a>\u00a0prevede gi\u00e0 che \u201c<em>ulteriori forme e condizioni particolari di autonomia<\/em>\u201d possano essere attribuite alle regioni ordinarie con legge dello Stato frutto di una negoziazione tra il Governo e il presidente della Regione, per iniziativa di quest\u2019ultimo. Consultare il popolo veneto in caso di fallimento del negoziato dovrebbe servire dunque solo a chiamare gli elettori a sostegno delle richieste gi\u00e0 avanzate invano dal loro Presidente. Ciononostante la <a href=\"http:\/\/www.consiglioveneto.it\/crvportal\/leggi_storico\/2017\/17lr0007.html?numLegge=7&amp;annoLegge=2017&amp;tipoLegge=Alr\" class=\"broken_link\">legge regionale 7\/2017<\/a> rifinanzia l\u2019organizzazione del <em>referendum<\/em>, sempre precisando per\u00f2 che \u201c<em>Il Presidente della Giunta regionale, <u>in caso di mancato raggiungimento dell\u2019intesa<\/u> di cui al comma 2, \u00e8 autorizzato ad indire il referendum di cui all\u2019articolo 1 con oneri a carico della Regione<\/em>\u201d.<\/p>\n<p>Ma il Presidente Zaia decide di abbreviare questo procedimento, saltando la fase di negoziato con il Governo, bench\u00e9 il Governo si fosse pi\u00f9 volte dichiarato disponibile ad aprire tale negoziato.<\/p>\n<p>Si deve notare che la legge regionale serve anche a finanziare l\u2019operazione, con uno stanziamento che a quanto pare supera i 14 milioni di euro. \u00c8 un\u2019autorizzazione di spesa destinata allo svolgimento di un <em>referendum<\/em> (e soprattutto della relativa campagna propagandistica) che \u00e8 <em>facoltativo<\/em> (il presidente \u201c<em>\u00e8 autorizzato<\/em>\u201d) ed \u00e8 preceduto da una fase procedurale necessaria (il presidente \u201c<em>\u00e8 autorizzato a instaurare con il Governo un negoziato volto a definire il contenuto di un <\/em><em>referendum<\/em>\u2026). La domanda a cui dunque bisogna rispondere non pu\u00f2 che essere questa: \u00e8 iniziato il negoziato? La risposta \u00e8 no.<\/p>\n<p>\u00c8 vero che la <a href=\"https:\/\/bur.regione.veneto.it\/BurvServices\/Pubblica\/DettaglioDgr.aspx?id=319237\">delibera della Giunta veneta n. 315 del 15 marzo 2016<\/a> aveva approvato un denso documento di possibili richieste \u201c<em>per attivare il negoziato con il Governo al fine del referendum regionale per il riconoscimento di ulteriori forme di autonomia della Regione del Veneto<\/em>\u201d, ma, dando mandato al Presidente \u201c<em>di instaurare il negoziato con il Governo<\/em>\u201d, gli demandava anche contestualmente il compito \u201c<em>di indire il referendum consultivo secondo le modalit\u00e0 previste dalla legge regionale n. 15\/2014<\/em> \u201d. Il Governo, contattato da Zaia, si dichiara disponibile al negoziato, ma Zaia (assieme a Maroni, presidente della Lombardia) replica chiedendo di fissare l\u2019<em>election day<\/em> in cui celebrare anche il <em>referendum<\/em> regionale. Questo era l\u2019obiettivo prioritario.<\/p>\n<p>Gi\u00e0 in un dibattito dello scorso febbraio, cui la stampa veneta (vedi <a href=\"http:\/\/mattinopadova.gelocal.it\/regione\/2017\/02\/04\/news\/costa-apre-all-election-day-zaia-al-voto-poi-la-trattativa-1.14823206\">Il Mattino<\/a> di Padova o <a href=\"http:\/\/www.corriere.it\/notizie-ultima-ora\/Cronache\/Veneto-referendum-confronto-Zaia-Costa\/03-02-2017\/1-A_038976672.shtml\" class=\"broken_link\">Il Corriere del Veneto<\/a>) ha dato grande risalto, il ministro Enrico Costa ha caldeggiato l\u2019avvio del negoziato; ma il presidente del Veneto Luca Zaia \u00e8 deciso a procedere per altra strada: \u201c<em>Voglio essere chiaro una volta per tutte<\/em>\u2026 <em>noi negozieremo con il Governo dopo il voto referendario, che avverr\u00e0 in ogni caso entro il 2017<\/em>\u201d. E supporta questo suo proposito con alcune argomentazioni \u201ctecniche\u201d francamente curiose (da me <a href=\"http:\/\/www.lacostituzione.info\/index.php\/2017\/02\/09\/fare-dellinutile-il-necessario-la-strana-logica-del-presidente-zaia\/\">gi\u00e0 esaminate altrove<\/a>).<\/p>\n<p>Sta di fatto che ormai ci siamo, il <em>referendum<\/em> \u00e8 indetto per il 22 ottobre 2017. Alcuni cittadini hanno fatto <a href=\"http:\/\/www.lacostituzione.info\/index.php\/2017\/07\/28\/il-referendum-veneto-approda-al-tar\/\">ricorso al TAR<\/a> denunciandone l\u2019illegittimit\u00e0 \u00a0(oltre alla mancanza dei presupposti, avendo Zaia rifiutato di avviare il negoziato, c\u2019\u00e8 il problema della formulazione del quesito, che \u00e8 vago, non essendoci un\u2019indicazione di quali siano le funzioni che si vorrebbero attratte in Regione; ma poi c\u2019\u00e8 soprattutto la questione delle garanzie di una corretta conduzione della campagna elettorale, costosissima visto l\u2019ingente somma stanziata dalla legge regionale: su questo aspetto, che mi sembra di particolare rilievo, rinvio a un <a href=\"http:\/\/www.lacostituzione.info\/index.php\/2017\/07\/29\/il-referendum-veneto-e-la-sua-impugnazione-quello-che-davvero-e-inaccettabile\/\">mio commento<\/a>). Per\u00f2 il TAR ha <a href=\"https:\/\/www.giustizia-amministrativa.it\/portale\/pages\/istituzionale\/ucm?id=FLYVQJMNLAQDA6XPVYSSCGST6U&amp;q=referendum\" class=\"broken_link\">respinto il ricorso cautelare<\/a>, sulla base di una semplice constatazione: perch\u00e9 \u201c<em>il risultato referendario non ha alcuna efficacia vincolante<\/em>\u201d, e quindi non c\u2019\u00e8 alcun pregiudizio per i ricorrenti (vedi il <a href=\"http:\/\/www.lacostituzione.info\/index.php\/2017\/09\/08\/3139\/\">commento di Ferrari<\/a>). Anche il ricorso al giudice civile, che dev\u2019essere deciso in questi giorni, non ha molte speranze di essere accolto, sebbene non mancherebbero diritti individuali incisi dalla mancanza di garanzie di <em>par condicio<\/em> nello svolgimento della costosissima campagna elettorale.<\/p>\n<p>Quindi non c\u2019\u00e8 un giudice che possa far valere la responsabilit\u00e0 di un\u2019amministrazione che butta letteralmente milioni di euro per sostenere un evento che altro non \u00e8 che un\u2019occasione per fare propaganda politica, senza garanzie di imparzialit\u00e0 n\u00e9 attesa di risultati che abbiano un minimo di effetto benefico per la collettivit\u00e0? Si, ci sarebbe, \u00e8 la procura della Corte dei conti regionale. Sempre molto attenta a frugare nelle pieghe della spesa pubblica \u2013 per esempio per controllare il motivo per cui un consigliere regionale ha chiesto il rimborso di un pedaggio autostradale di pochi euro \u2013 davvero pu\u00f2 restare indifferente davanti a un cos\u00ec evidente e ingente spreco del danaro pubblico? \u00c8 vero che a monte c\u2019\u00e8 una decisione politica \u2013 le legge regionale &#8211; che stanzia tutti quei quattrini: ma se poi in fase di attuazione della legge l\u2019amministrazione procede in forme diverse da quelle previste dalla legge, non rispettando i presupposti che essa indica per l\u2019indizione del <em>referendum<\/em>; e se, proprio per questa ragione, il <em>referendum<\/em> risulta perfettamente inutile, \u00e8 possibile che la Corte dei conti resti del tutto indifferente? Ci sono troppe cose che gridano vendetta.<\/p>\n<p>Assieme alla legge 15\/2014, che prelude all\u2019attuale <em>referendum<\/em>, la Regione aveva approvato anche un\u2019altra legge, la legge <a href=\"http:\/\/www.consiglioveneto.it\/crvportal\/leggi_storico\/2014\/14lr0016.html?numLegge=16&amp;annoLegge=2014&amp;tipoLegge=Alr\" class=\"broken_link\">16\/2014<\/a>, con cui si obbligava (non semplicemente autorizzava) il Presidente a indire un <em>referendum<\/em> consultivo \u201c<em>per conoscere la volont\u00e0 degli elettori del Veneto sul seguente quesito:<\/em> \u00ab<em>Vuoi che il Veneto diventi una Repubblica indipendente e sovrana? Si o No?<\/em>\u00bb\u201d. Naturalmente la Corte costituzionale lo ha bocciato sonoramente con la stessa sentenza che ammetteva il <em>referendum<\/em> attuale. A seguito di questa sentenza, la Giunta regionale <a href=\"https:\/\/bur.regione.veneto.it\/BurvServices\/Pubblica\/DettaglioDgr.aspx?id=310675\">deliberava<\/a> nel novembre 2015 di procedere alla restituzione delle \u201c<em>somme versate dai cittadini e imprese destinate al finanziamento del referendum consultivo per l&#8217;indipendenza del Veneto<\/em>\u201d. Una cifra irrisoria (in tutto euro 114.914,88), ben lontani dai 14 milioni che le legge riteneva necessari e che avrebbe voluto finanziare integralmente con \u201c<em>erogazioni liberali e donazioni da parte di cittadini ed imprese<\/em>\u201d. Ma pur cos\u00ec esigue, queste somme, la cui raccolta \u00e8 iniziata dopo che il Governo aveva gi\u00e0 impugnato la legge regionale, vanno restituite e perci\u00f2 la Giunta dispone che vengano assegnate \u201c<em>almeno 2 nuove unit\u00e0 di personale qualificato, con specifica competenza in materia economico finanziaria, per le attivit\u00e0 esecutive correlate a quanto sopra descritto<\/em>\u201d. Un bel modo di sprecare le risorse umane della Regione.<\/p>\n<p>Nella motivazione di questa delibera, il proponente (il vicepresidente della Regione, Forcolin) ci tiene a precisare che la delibera non intacca \u201c<em>minimamente la ferma volont\u00e0 di esperire ogni azione giuridica, anche in relazione alla recente esperienza referendaria in Catalogna, affinch\u00e9 possa essere riconosciuta al Veneto ogni forma e condizione particolare di autonomia<\/em>\u201d. Qualcuno sta giocando con cose troppo serie e sta usando l\u2019amministrazione pubblica e le risorse collettive per finanziare questo gioco. Non sarebbe male che la Corte dei conti se ne accorgesse.<\/p>\n<p>&nbsp;<\/p>\n","protected":false},"excerpt":{"rendered":"<p>di <abbr class='c2c-text-hover' title='Professore ordinario di Diritto costituzionale - Universit\u00e0 di Ferrara'>Roberto Bin<\/abbr> La Catalogna aveva scelto la strada dello scontro istituzionale avviando le procedure per lo svolgimento di un referendum che il Tribunale costituzionale spagnolo aveva giudicato incostituzionale; e, per di pi\u00f9, facendo approvare dal parlamento catalano, con una manciata di voti e con molte contestazioni politiche e denunce di illegittimit\u00e0 procedurali, alcuni provvedimenti &#8230; <a title=\"Il Veneto non \u00e8 la Catalogna. Non serve la Guardia civil, basta la Corte dei conti\" class=\"read-more\" href=\"https:\/\/www.lacostituzione.info\/index.php\/2017\/09\/24\/il-veneto-non-e-la-catalogna-non-serve-la-guardia-civil-basta-la-corte-dei-conti\/\">Leggi tutto<\/a><\/p>\n<div class='heateorSssClear'><\/div><div  class='heateor_sss_sharing_container heateor_sss_horizontal_sharing' data-heateor-sss-href='https:\/\/www.lacostituzione.info\/index.php\/2017\/09\/24\/il-veneto-non-e-la-catalogna-non-serve-la-guardia-civil-basta-la-corte-dei-conti\/'><div class='heateor_sss_sharing_title' style=\"font-weight:bold\" >Condividi!<\/div><div class=\"heateor_sss_sharing_ul\"><a aria-label=\"Facebook\" class=\"heateor_sss_facebook\" href=\"https:\/\/www.facebook.com\/sharer\/sharer.php?u=https%3A%2F%2Fwww.lacostituzione.info%2Findex.php%2F2017%2F09%2F24%2Fil-veneto-non-e-la-catalogna-non-serve-la-guardia-civil-basta-la-corte-dei-conti%2F\" title=\"Facebook\" rel=\"nofollow noopener\" target=\"_blank\" style=\"font-size:32px!important;box-shadow:none;display:inline-block;vertical-align:middle\"><span class=\"heateor_sss_svg\" style=\"background-color:#0765FE;width:35px;height:35px;display:inline-block;opacity:1;float:left;font-size:32px;box-shadow:none;display:inline-block;font-size:16px;padding:0 4px;vertical-align:middle;background-repeat:repeat;overflow:hidden;padding:0;cursor:pointer;box-sizing:content-box\"><svg style=\"display:block;\" focusable=\"false\" aria-hidden=\"true\" xmlns=\"http:\/\/www.w3.org\/2000\/svg\" width=\"100%\" height=\"100%\" viewBox=\"0 0 32 32\"><path fill=\"#fff\" d=\"M28 16c0-6.627-5.373-12-12-12S4 9.373 4 16c0 5.628 3.875 10.35 9.101 11.647v-7.98h-2.474V16H13.1v-1.58c0-4.085 1.849-5.978 5.859-5.978.76 0 2.072.15 2.608.298v3.325c-.283-.03-.775-.045-1.386-.045-1.967 0-2.728.745-2.728 2.683V16h3.92l-.673 3.667h-3.247v8.245C23.395 27.195 28 22.135 28 16Z\"><\/path><\/svg><\/span><\/a><a aria-label=\"Twitter\" class=\"heateor_sss_button_twitter\" href=\"https:\/\/twitter.com\/intent\/tweet?text=Il%20Veneto%20non%20%C3%A8%20la%20Catalogna.%20Non%20serve%20la%20Guardia%20civil%2C%20basta%20la%20Corte%20dei%20conti&url=https%3A%2F%2Fwww.lacostituzione.info%2Findex.php%2F2017%2F09%2F24%2Fil-veneto-non-e-la-catalogna-non-serve-la-guardia-civil-basta-la-corte-dei-conti%2F\" title=\"Twitter\" rel=\"nofollow noopener\" target=\"_blank\" style=\"font-size:32px!important;box-shadow:none;display:inline-block;vertical-align:middle\"><span class=\"heateor_sss_svg heateor_sss_s__default heateor_sss_s_twitter\" style=\"background-color:#55acee;width:35px;height:35px;display:inline-block;opacity:1;float:left;font-size:32px;box-shadow:none;display:inline-block;font-size:16px;padding:0 4px;vertical-align:middle;background-repeat:repeat;overflow:hidden;padding:0;cursor:pointer;box-sizing:content-box\"><svg style=\"display:block;\" focusable=\"false\" aria-hidden=\"true\" xmlns=\"http:\/\/www.w3.org\/2000\/svg\" width=\"100%\" height=\"100%\" viewBox=\"-4 -4 39 39\"><path d=\"M28 8.557a9.913 9.913 0 0 1-2.828.775 4.93 4.93 0 0 0 2.166-2.725 9.738 9.738 0 0 1-3.13 1.194 4.92 4.92 0 0 0-3.593-1.55 4.924 4.924 0 0 0-4.794 6.049c-4.09-.21-7.72-2.17-10.15-5.15a4.942 4.942 0 0 0-.665 2.477c0 1.71.87 3.214 2.19 4.1a4.968 4.968 0 0 1-2.23-.616v.06c0 2.39 1.7 4.38 3.952 4.83-.414.115-.85.174-1.297.174-.318 0-.626-.03-.928-.086a4.935 4.935 0 0 0 4.6 3.42 9.893 9.893 0 0 1-6.114 2.107c-.398 0-.79-.023-1.175-.068a13.953 13.953 0 0 0 7.55 2.213c9.056 0 14.01-7.507 14.01-14.013 0-.213-.005-.426-.015-.637.96-.695 1.795-1.56 2.455-2.55z\" fill=\"#fff\"><\/path><\/svg><\/span><\/a><a aria-label=\"Reddit\" class=\"heateor_sss_button_reddit\" href=\"https:\/\/reddit.com\/submit?url=https%3A%2F%2Fwww.lacostituzione.info%2Findex.php%2F2017%2F09%2F24%2Fil-veneto-non-e-la-catalogna-non-serve-la-guardia-civil-basta-la-corte-dei-conti%2F&title=Il%20Veneto%20non%20%C3%A8%20la%20Catalogna.%20Non%20serve%20la%20Guardia%20civil%2C%20basta%20la%20Corte%20dei%20conti\" title=\"Reddit\" rel=\"nofollow noopener\" target=\"_blank\" style=\"font-size:32px!important;box-shadow:none;display:inline-block;vertical-align:middle\"><span class=\"heateor_sss_svg heateor_sss_s__default heateor_sss_s_reddit\" style=\"background-color:#ff5700;width:35px;height:35px;display:inline-block;opacity:1;float:left;font-size:32px;box-shadow:none;display:inline-block;font-size:16px;padding:0 4px;vertical-align:middle;background-repeat:repeat;overflow:hidden;padding:0;cursor:pointer;box-sizing:content-box\"><svg style=\"display:block;\" focusable=\"false\" aria-hidden=\"true\" xmlns=\"http:\/\/www.w3.org\/2000\/svg\" width=\"100%\" height=\"100%\" viewBox=\"-3.5 -3.5 39 39\"><path d=\"M28.543 15.774a2.953 2.953 0 0 0-2.951-2.949 2.882 2.882 0 0 0-1.9.713 14.075 14.075 0 0 0-6.85-2.044l1.38-4.349 3.768.884a2.452 2.452 0 1 0 .24-1.176l-4.274-1a.6.6 0 0 0-.709.4l-1.659 5.224a14.314 14.314 0 0 0-7.316 2.029 2.908 2.908 0 0 0-1.872-.681 2.942 2.942 0 0 0-1.618 5.4 5.109 5.109 0 0 0-.062.765c0 4.158 5.037 7.541 11.229 7.541s11.22-3.383 11.22-7.541a5.2 5.2 0 0 0-.053-.706 2.963 2.963 0 0 0 1.427-2.51zm-18.008 1.88a1.753 1.753 0 0 1 1.73-1.74 1.73 1.73 0 0 1 1.709 1.74 1.709 1.709 0 0 1-1.709 1.711 1.733 1.733 0 0 1-1.73-1.711zm9.565 4.968a5.573 5.573 0 0 1-4.081 1.272h-.032a5.576 5.576 0 0 1-4.087-1.272.6.6 0 0 1 .844-.854 4.5 4.5 0 0 0 3.238.927h.032a4.5 4.5 0 0 0 3.237-.927.6.6 0 1 1 .844.854zm-.331-3.256a1.726 1.726 0 1 1 1.709-1.712 1.717 1.717 0 0 1-1.712 1.712z\" fill=\"#fff\"\/><\/svg><\/span><\/a><a aria-label=\"Linkedin\" class=\"heateor_sss_button_linkedin\" href=\"https:\/\/www.linkedin.com\/sharing\/share-offsite\/?url=https%3A%2F%2Fwww.lacostituzione.info%2Findex.php%2F2017%2F09%2F24%2Fil-veneto-non-e-la-catalogna-non-serve-la-guardia-civil-basta-la-corte-dei-conti%2F\" title=\"Linkedin\" rel=\"nofollow noopener\" target=\"_blank\" style=\"font-size:32px!important;box-shadow:none;display:inline-block;vertical-align:middle\"><span class=\"heateor_sss_svg heateor_sss_s__default heateor_sss_s_linkedin\" style=\"background-color:#0077b5;width:35px;height:35px;display:inline-block;opacity:1;float:left;font-size:32px;box-shadow:none;display:inline-block;font-size:16px;padding:0 4px;vertical-align:middle;background-repeat:repeat;overflow:hidden;padding:0;cursor:pointer;box-sizing:content-box\"><svg style=\"display:block;\" focusable=\"false\" aria-hidden=\"true\" xmlns=\"http:\/\/www.w3.org\/2000\/svg\" width=\"100%\" height=\"100%\" viewBox=\"0 0 32 32\"><path d=\"M6.227 12.61h4.19v13.48h-4.19V12.61zm2.095-6.7a2.43 2.43 0 0 1 0 4.86c-1.344 0-2.428-1.09-2.428-2.43s1.084-2.43 2.428-2.43m4.72 6.7h4.02v1.84h.058c.56-1.058 1.927-2.176 3.965-2.176 4.238 0 5.02 2.792 5.02 6.42v7.395h-4.183v-6.56c0-1.564-.03-3.574-2.178-3.574-2.18 0-2.514 1.7-2.514 3.46v6.668h-4.187V12.61z\" fill=\"#fff\"><\/path><\/svg><\/span><\/a><a aria-label=\"Pinterest\" class=\"heateor_sss_button_pinterest\" href=\"https:\/\/www.lacostituzione.info\/index.php\/2017\/09\/24\/il-veneto-non-e-la-catalogna-non-serve-la-guardia-civil-basta-la-corte-dei-conti\/\" onclick=\"event.preventDefault();javascript:void( (function() {var e=document.createElement('script' );e.setAttribute('type','text\/javascript' );e.setAttribute('charset','UTF-8' );e.setAttribute('src','\/\/assets.pinterest.com\/js\/pinmarklet.js?r='+Math.random()*99999999);document.body.appendChild(e)})());\" title=\"Pinterest\" rel=\"noopener\" style=\"font-size:32px!important;box-shadow:none;display:inline-block;vertical-align:middle\"><span class=\"heateor_sss_svg heateor_sss_s__default heateor_sss_s_pinterest\" style=\"background-color:#cc2329;width:35px;height:35px;display:inline-block;opacity:1;float:left;font-size:32px;box-shadow:none;display:inline-block;font-size:16px;padding:0 4px;vertical-align:middle;background-repeat:repeat;overflow:hidden;padding:0;cursor:pointer;box-sizing:content-box\"><svg style=\"display:block;\" focusable=\"false\" aria-hidden=\"true\" xmlns=\"http:\/\/www.w3.org\/2000\/svg\" width=\"100%\" height=\"100%\" viewBox=\"-2 -2 35 35\"><path fill=\"#fff\" d=\"M16.539 4.5c-6.277 0-9.442 4.5-9.442 8.253 0 2.272.86 4.293 2.705 5.046.303.125.574.005.662-.33.061-.231.205-.816.27-1.06.088-.331.053-.447-.191-.736-.532-.627-.873-1.439-.873-2.591 0-3.338 2.498-6.327 6.505-6.327 3.548 0 5.497 2.168 5.497 5.062 0 3.81-1.686 7.025-4.188 7.025-1.382 0-2.416-1.142-2.085-2.545.397-1.674 1.166-3.48 1.166-4.689 0-1.081-.581-1.983-1.782-1.983-1.413 0-2.548 1.462-2.548 3.419 0 1.247.421 2.091.421 2.091l-1.699 7.199c-.505 2.137-.076 4.755-.039 5.019.021.158.223.196.314.077.13-.17 1.813-2.247 2.384-4.324.162-.587.929-3.631.929-3.631.46.876 1.801 1.646 3.227 1.646 4.247 0 7.128-3.871 7.128-9.053.003-3.918-3.317-7.568-8.361-7.568z\"\/><\/svg><\/span><\/a><a aria-label=\"Whatsapp\" class=\"heateor_sss_whatsapp\" href=\"https:\/\/api.whatsapp.com\/send?text=Il%20Veneto%20non%20%C3%A8%20la%20Catalogna.%20Non%20serve%20la%20Guardia%20civil%2C%20basta%20la%20Corte%20dei%20conti%20https%3A%2F%2Fwww.lacostituzione.info%2Findex.php%2F2017%2F09%2F24%2Fil-veneto-non-e-la-catalogna-non-serve-la-guardia-civil-basta-la-corte-dei-conti%2F\" title=\"Whatsapp\" rel=\"nofollow noopener\" target=\"_blank\" style=\"font-size:32px!important;box-shadow:none;display:inline-block;vertical-align:middle\"><span class=\"heateor_sss_svg\" style=\"background-color:#55eb4c;width:35px;height:35px;display:inline-block;opacity:1;float:left;font-size:32px;box-shadow:none;display:inline-block;font-size:16px;padding:0 4px;vertical-align:middle;background-repeat:repeat;overflow:hidden;padding:0;cursor:pointer;box-sizing:content-box\"><svg style=\"display:block;\" focusable=\"false\" aria-hidden=\"true\" xmlns=\"http:\/\/www.w3.org\/2000\/svg\" width=\"100%\" height=\"100%\" viewBox=\"-6 -5 40 40\"><path class=\"heateor_sss_svg_stroke heateor_sss_no_fill\" stroke=\"#fff\" stroke-width=\"2\" fill=\"none\" d=\"M 11.579798566743314 24.396926207859085 A 10 10 0 1 0 6.808479557110079 20.73576436351046\"><\/path><path d=\"M 7 19 l -1 6 l 6 -1\" class=\"heateor_sss_no_fill heateor_sss_svg_stroke\" stroke=\"#fff\" stroke-width=\"2\" fill=\"none\"><\/path><path d=\"M 10 10 q -1 8 8 11 c 5 -1 0 -6 -1 -3 q -4 -3 -5 -5 c 4 -2 -1 -5 -1 -4\" fill=\"#fff\"><\/path><\/svg><\/span><\/a><\/div><div class=\"heateorSssClear\"><\/div><\/div><div class='heateorSssClear'><\/div>","protected":false},"author":3,"featured_media":0,"comment_status":"open","ping_status":"open","sticky":false,"template":"","format":"standard","meta":{"jetpack_post_was_ever_published":false,"_jetpack_newsletter_access":"","_jetpack_dont_email_post_to_subs":false,"_jetpack_newsletter_tier_id":0,"_jetpack_memberships_contains_paywalled_content":false,"_jetpack_memberships_contains_paid_content":false,"footnotes":"","jetpack_publicize_message":"","jetpack_publicize_feature_enabled":true,"jetpack_social_post_already_shared":false,"jetpack_social_options":{"image_generator_settings":{"template":"highway","default_image_id":0,"enabled":false},"version":2}},"categories":[4],"tags":[849,149,300,850,27,85,130,786],"class_list":["post-3178","post","type-post","status-publish","format-standard","hentry","category-attualita","tag-catalogna","tag-corte-costituzionale","tag-corte-dei-conti","tag-maroni","tag-referendum","tag-tar","tag-veneto","tag-zaia"],"jetpack_publicize_connections":[],"jetpack_featured_media_url":"","jetpack_shortlink":"https:\/\/wp.me\/p84sDq-Pg","jetpack_likes_enabled":true,"jetpack_sharing_enabled":true,"_links":{"self":[{"href":"https:\/\/www.lacostituzione.info\/index.php\/wp-json\/wp\/v2\/posts\/3178","targetHints":{"allow":["GET"]}}],"collection":[{"href":"https:\/\/www.lacostituzione.info\/index.php\/wp-json\/wp\/v2\/posts"}],"about":[{"href":"https:\/\/www.lacostituzione.info\/index.php\/wp-json\/wp\/v2\/types\/post"}],"author":[{"embeddable":true,"href":"https:\/\/www.lacostituzione.info\/index.php\/wp-json\/wp\/v2\/users\/3"}],"replies":[{"embeddable":true,"href":"https:\/\/www.lacostituzione.info\/index.php\/wp-json\/wp\/v2\/comments?post=3178"}],"version-history":[{"count":0,"href":"https:\/\/www.lacostituzione.info\/index.php\/wp-json\/wp\/v2\/posts\/3178\/revisions"}],"wp:attachment":[{"href":"https:\/\/www.lacostituzione.info\/index.php\/wp-json\/wp\/v2\/media?parent=3178"}],"wp:term":[{"taxonomy":"category","embeddable":true,"href":"https:\/\/www.lacostituzione.info\/index.php\/wp-json\/wp\/v2\/categories?post=3178"},{"taxonomy":"post_tag","embeddable":true,"href":"https:\/\/www.lacostituzione.info\/index.php\/wp-json\/wp\/v2\/tags?post=3178"}],"curies":[{"name":"wp","href":"https:\/\/api.w.org\/{rel}","templated":true}]}}