{"id":3336,"date":"2017-12-06T09:41:39","date_gmt":"2017-12-06T08:41:39","guid":{"rendered":"http:\/\/www.lacostituzione.info\/?p=3336"},"modified":"2018-01-03T10:01:29","modified_gmt":"2018-01-03T09:01:29","slug":"frodi-sulliva-e-il-caso-taricco-la-corte-di-giustizia-fa-marcia-indietro","status":"publish","type":"post","link":"https:\/\/www.lacostituzione.info\/index.php\/2017\/12\/06\/frodi-sulliva-e-il-caso-taricco-la-corte-di-giustizia-fa-marcia-indietro\/","title":{"rendered":"Frodi sull&#8217;Iva e il caso Taricco: la Corte di Giustizia fa marcia indietro"},"content":{"rendered":"<p><img loading=\"lazy\" decoding=\"async\" data-attachment-id=\"3337\" data-permalink=\"https:\/\/www.lacostituzione.info\/index.php\/2017\/12\/06\/frodi-sulliva-e-il-caso-taricco-la-corte-di-giustizia-fa-marcia-indietro\/p_61763-1024x683\/#main\" data-orig-file=\"https:\/\/www.lacostituzione.info\/wp-content\/uploads\/2017\/12\/P_61763-1024x683.jpg\" data-orig-size=\"1024,683\" data-comments-opened=\"1\" data-image-meta=\"{&quot;aperture&quot;:&quot;0&quot;,&quot;credit&quot;:&quot;&quot;,&quot;camera&quot;:&quot;&quot;,&quot;caption&quot;:&quot;&quot;,&quot;created_timestamp&quot;:&quot;1386088996&quot;,&quot;copyright&quot;:&quot;&quot;,&quot;focal_length&quot;:&quot;0&quot;,&quot;iso&quot;:&quot;0&quot;,&quot;shutter_speed&quot;:&quot;0&quot;,&quot;title&quot;:&quot;&quot;,&quot;orientation&quot;:&quot;0&quot;}\" data-image-title=\"P_61763-1024&#215;683\" data-image-description=\"\" data-image-caption=\"\" data-medium-file=\"https:\/\/www.lacostituzione.info\/wp-content\/uploads\/2017\/12\/P_61763-1024x683-300x200.jpg\" data-large-file=\"https:\/\/www.lacostituzione.info\/wp-content\/uploads\/2017\/12\/P_61763-1024x683-1024x683.jpg\" class=\"alignright wp-image-3337 size-thumbnail\" src=\"http:\/\/www.lacostituzione.info\/wp-content\/uploads\/2017\/12\/P_61763-1024x683-150x150.jpg\" alt=\"\" width=\"150\" height=\"150\" \/>di <strong>Pietro Faraguna<\/strong><\/p>\n<p>La Corte di giustizia ha <a href=\"http:\/\/curia.europa.eu\/juris\/document\/document.jsf?text&amp;docid=197423&amp;pageIndex=0&amp;doclang=IT&amp;mode=req&amp;dir&amp;occ=first&amp;part=1&amp;cid=529754\">deciso oggi<\/a> (5 dicembre 2017) una questione assai dibattuta e di una certa importanza, se non altro per via del giudice che l\u2019aveva introdotta alla Corte di giustizia, ovvero la Corte costituzionale italiana. Non \u00e8 infatti per nulla comune che una Corte costituzionale bussi alla porta della Corte di giustizia: la Corte costituzionale l\u2019ha fatto soltanto tre volte, e i colleghi delle supreme giurisdizioni costituzionali di altri Stati membri non fanno ricorso assai pi\u00f9 spesso a questo canale.<!--more--><\/p>\n<p>A rendere importante la questione non era per\u00f2 soltanto l\u2019autorevolezza del giudice del rinvio, ma anche la posta in gioco. Per la prima volta nella storia della giurisprudenza della Corte di giustizia, quest\u2019ultima era stata apertamente sfidata da una Corte costituzionale sul terreno dei cd. controlimiti, ovvero quei principi costituzionali supremi, ultima fortezza della cittadella costituzionale statale, la cui tutela \u00e8 sempre stata rivendicata in forma esclusiva dalla stessa Corte costituzionale.<\/p>\n<p>I fatti, in breve, sono questi: nel <a href=\"http:\/\/curia.europa.eu\/juris\/document\/document.jsf?text=&amp;docid=167061&amp;pageIndex=0&amp;doclang=IT&amp;mode=lst&amp;dir=&amp;occ=first&amp;part=1&amp;cid=575548\">2015 la Corte di giustizia<\/a> nella sentenza c.d. Taricco, sollecitata da un giudice italiano che si trovava a dover giudicare su alcuni casi di frodi IVA su un commercio di bottiglie di champagne, aveva ritenuto che la legislazione italiana in materia di prescrizione impedisse di tutelare in maniera adeguata gli interessi finanziari dell\u2019Unione europea, che in parte venivano lesi nei casi di specie (l\u2019IVA, infatti, finanzia in gran parte il bilancio italiano, ma in piccola parte anche il bilancio dell\u2019UE).<\/p>\n<p>La Corte di giustizia aveva stabilito che siccome le regole italiane sulla prescrizione conducevano a una impunit\u00e0 di fatto nei casi in questione, quelle regole andavano disapplicate al ricorrere di determinate condizioni. Quella sentenza aveva generato per\u00f2 parecchi problemi: le circostanze della disapplicazione erano infatti indicate in maniera tale da lasciare un margine di interpretazione assai ampio per il giudice del caso concreto, che era chiamato a valutare se l\u2019applicazione delle norme sulla prescrizione conducesse all\u2019impunit\u00e0 in \u201cun numero considerevole di casi di frode grave\u201d. Oltre a ci\u00f2, la sentenza della Corte di giustizia era applicabile anche ai processi nei quali venivano contestati fatti antecedenti alla sentenza stessa, finendo cos\u00ec per determinare un trattamento degli imputati peggiore di quello che sarebbe stato loro riservato al netto della pronuncia della Corte di giustizia.<\/p>\n<p>Sulla base di queste preoccupazioni, nei giorni e nelle settimane e mesi immediatamente successivi, diversi altri giudici italiani avevano sollecitato l\u2019intervento della Corte costituzionale, ritenendo che l\u2019applicazione della sentenza della Corte di giustizia (ovvero\u2026 la disapplicazione della normativa sulla prescrizione) avrebbe violato il principio di legalit\u00e0 in materia penale in sue varie declinazioni, e ritenendo che quel principio fosse compreso tra quei principi supremi che denotato l\u2019identit\u00e0 costituzionale italiana, e che quindi possono e devono prevalere rispetto a qualunque altra norma.<\/p>\n<p>Alla Corte costituzionale veniva in sostanza richiesta la \u201cautorizzazione\u201d a disobbedire la Corte di giustizia.<\/p>\n<p>La Corte costituzionale, con una decisione abbastanza sorprendente, ha <a href=\"http:\/\/www.giurcost.org\/decisioni\/2017\/0024o-17.html\">deciso a inizio 2017<\/a> di chiamare nuovamente in causa la Corte di giustizia, per far presente e sottolineare gli effetti che l\u2019applicazione della giurisprudenza Taricco comportava in Italia, facendo chiaramente intendere che tali effetti non potevano essere tollerati dall\u2019ordinamento costituzionale italiano.<\/p>\n<p>Con una sentenza non meno sorprendente, la Corte di giustizia ha oggi sostanzialmente teso una mano alla Corte costituzionale italiana, ampiamente sconfessando le posizioni da essa espresse poco pi\u00f9 di un anno prima. La Corte di giustizia ha giocato sul labile confine che passa tra distinguishing e overruling, dicendo in sostanza che soltanto con il nuovo rinvio della Corte costituzionale le era stata presentato il pi\u00f9 ampio quadro normativo, e che sulla base di quel quadro in effetti l\u2019obbligo di disapplicazione delle norme che regolano la prescrizione pu\u00f2 comportare delle controindicazioni pesanti e indesiderabili.<\/p>\n<p>Quel che \u00e8 interessante, \u00e8 che la Corte di giustizia non ha voluto tanto riconoscere una specificit\u00e0 italiana, ma includere le preoccupazioni della Corte costituzionale italiana in un quadro europeo, facendo leva sia sulla CEDU che sulla Carta dei diritti fondamentali dell\u2019Unione europea. In estrema sintesi, la Corte di giustizia ha affermato questa volta l\u2019esigenza di salvaguardare l\u2019integrit\u00e0 del \u201cprincipio di legalit\u00e0 dei reati e delle pene, nei suoi requisiti di prevedibilit\u00e0, determinatezza e irretroattivit\u00e0 della legge penale applicabile\u201d (par. 51), osservando come tale principio \u201cappartiene alle tradizioni costituzionali comuni agli Stati membri\u201d (par. 53).<\/p>\n<p>La Corte di giustizia ha cos\u00ec opportunamente evitato di avventurarsi sul terreno della discussione della sostanza dell\u2019identit\u00e0 costituzionale italiana, come era stato suggerito \u2013 a parere di chi scrive assai inopinatamente \u2013 dall\u2019Avvocato Generale nelle sue <a href=\"http:\/\/curia.europa.eu\/juris\/document\/document.jsf?text=&amp;docid=192922&amp;pageIndex=0&amp;doclang=IT&amp;mode=lst&amp;dir=&amp;occ=first&amp;part=1&amp;cid=619013\">conclusioni<\/a>, ma ha inteso piuttosto prendere atto dell\u2019interpretazione di quel che la Corte costituzionale ha misurato come principio fondamentale della Costituzione italiana, per poi fare lo sforzo di includere quell\u2019interpretazione nei parametri europei.<\/p>\n<p>Il ripensamento della Corte di giustizia sar\u00e0 molto probabilmente accolto con favore, potendosene cogliere il valore di una mossa distensiva in tempi contraddistinti dal moltiplicarsi di impulsi disgregativi dentro l\u2019Unione europea.<\/p>\n<p>Rimane il problema che la sentenza verr\u00e0 accolta con favore non soltanto dai sinceri difensori delle garanzie del processo penale, ma anche da chi \u2013 attento all\u2019esito di questa decisione per altre ragioni, le stesse che sono alla base dell\u2019approvazione della famigerata legge ex-Cirielli oggetto delle censure della prima sentenza della Corte di giustizia \u2013 sta ora stappando bottiglie di champagne (non ivate).<\/p>\n<p>Di fronte a questa seconda ragione di soddisfazione \u00e8 probabilmente il caso di rimettere al centro del dibattito giuridico e soprattutto politico il problema dell\u2019incapacit\u00e0 dell\u2019ordinamento (non solo e non necessariamente) penale italiano di apprestare un sistema sanzionatorio che sia capace di garantire una riscossione efficace dell\u2019IVA, che solo in piccola parte \u00e8 un interesse finanziario dell\u2019Unione, e in gran parte rimane un interesse finanziario dello Stato italiano, ovvero: nostro.<\/p>\n","protected":false},"excerpt":{"rendered":"<p>di Pietro Faraguna La Corte di giustizia ha deciso oggi (5 dicembre 2017) una questione assai dibattuta e di una certa importanza, se non altro per via del giudice che l\u2019aveva introdotta alla Corte di giustizia, ovvero la Corte costituzionale italiana. Non \u00e8 infatti per nulla comune che una Corte costituzionale bussi alla porta della &#8230; <a title=\"Frodi sull&#8217;Iva e il caso Taricco: la Corte di Giustizia fa marcia indietro\" class=\"read-more\" href=\"https:\/\/www.lacostituzione.info\/index.php\/2017\/12\/06\/frodi-sulliva-e-il-caso-taricco-la-corte-di-giustizia-fa-marcia-indietro\/\">Leggi tutto<\/a><\/p>\n<div class='heateorSssClear'><\/div><div  class='heateor_sss_sharing_container heateor_sss_horizontal_sharing' data-heateor-sss-href='https:\/\/www.lacostituzione.info\/index.php\/2017\/12\/06\/frodi-sulliva-e-il-caso-taricco-la-corte-di-giustizia-fa-marcia-indietro\/'><div class='heateor_sss_sharing_title' style=\"font-weight:bold\" >Condividi!<\/div><div class=\"heateor_sss_sharing_ul\"><a aria-label=\"Facebook\" class=\"heateor_sss_facebook\" href=\"https:\/\/www.facebook.com\/sharer\/sharer.php?u=https%3A%2F%2Fwww.lacostituzione.info%2Findex.php%2F2017%2F12%2F06%2Ffrodi-sulliva-e-il-caso-taricco-la-corte-di-giustizia-fa-marcia-indietro%2F\" title=\"Facebook\" rel=\"nofollow noopener\" target=\"_blank\" style=\"font-size:32px!important;box-shadow:none;display:inline-block;vertical-align:middle\"><span class=\"heateor_sss_svg\" style=\"background-color:#0765FE;width:35px;height:35px;display:inline-block;opacity:1;float:left;font-size:32px;box-shadow:none;display:inline-block;font-size:16px;padding:0 4px;vertical-align:middle;background-repeat:repeat;overflow:hidden;padding:0;cursor:pointer;box-sizing:content-box\"><svg style=\"display:block;\" focusable=\"false\" aria-hidden=\"true\" xmlns=\"http:\/\/www.w3.org\/2000\/svg\" width=\"100%\" height=\"100%\" viewBox=\"0 0 32 32\"><path fill=\"#fff\" d=\"M28 16c0-6.627-5.373-12-12-12S4 9.373 4 16c0 5.628 3.875 10.35 9.101 11.647v-7.98h-2.474V16H13.1v-1.58c0-4.085 1.849-5.978 5.859-5.978.76 0 2.072.15 2.608.298v3.325c-.283-.03-.775-.045-1.386-.045-1.967 0-2.728.745-2.728 2.683V16h3.92l-.673 3.667h-3.247v8.245C23.395 27.195 28 22.135 28 16Z\"><\/path><\/svg><\/span><\/a><a aria-label=\"Twitter\" class=\"heateor_sss_button_twitter\" href=\"https:\/\/twitter.com\/intent\/tweet?text=Frodi%20sull%27Iva%20e%20il%20caso%20Taricco%3A%20la%20Corte%20di%20Giustizia%20fa%20marcia%20indietro&url=https%3A%2F%2Fwww.lacostituzione.info%2Findex.php%2F2017%2F12%2F06%2Ffrodi-sulliva-e-il-caso-taricco-la-corte-di-giustizia-fa-marcia-indietro%2F\" title=\"Twitter\" rel=\"nofollow noopener\" target=\"_blank\" style=\"font-size:32px!important;box-shadow:none;display:inline-block;vertical-align:middle\"><span class=\"heateor_sss_svg heateor_sss_s__default heateor_sss_s_twitter\" style=\"background-color:#55acee;width:35px;height:35px;display:inline-block;opacity:1;float:left;font-size:32px;box-shadow:none;display:inline-block;font-size:16px;padding:0 4px;vertical-align:middle;background-repeat:repeat;overflow:hidden;padding:0;cursor:pointer;box-sizing:content-box\"><svg style=\"display:block;\" focusable=\"false\" aria-hidden=\"true\" xmlns=\"http:\/\/www.w3.org\/2000\/svg\" width=\"100%\" height=\"100%\" viewBox=\"-4 -4 39 39\"><path d=\"M28 8.557a9.913 9.913 0 0 1-2.828.775 4.93 4.93 0 0 0 2.166-2.725 9.738 9.738 0 0 1-3.13 1.194 4.92 4.92 0 0 0-3.593-1.55 4.924 4.924 0 0 0-4.794 6.049c-4.09-.21-7.72-2.17-10.15-5.15a4.942 4.942 0 0 0-.665 2.477c0 1.71.87 3.214 2.19 4.1a4.968 4.968 0 0 1-2.23-.616v.06c0 2.39 1.7 4.38 3.952 4.83-.414.115-.85.174-1.297.174-.318 0-.626-.03-.928-.086a4.935 4.935 0 0 0 4.6 3.42 9.893 9.893 0 0 1-6.114 2.107c-.398 0-.79-.023-1.175-.068a13.953 13.953 0 0 0 7.55 2.213c9.056 0 14.01-7.507 14.01-14.013 0-.213-.005-.426-.015-.637.96-.695 1.795-1.56 2.455-2.55z\" fill=\"#fff\"><\/path><\/svg><\/span><\/a><a aria-label=\"Reddit\" class=\"heateor_sss_button_reddit\" href=\"https:\/\/reddit.com\/submit?url=https%3A%2F%2Fwww.lacostituzione.info%2Findex.php%2F2017%2F12%2F06%2Ffrodi-sulliva-e-il-caso-taricco-la-corte-di-giustizia-fa-marcia-indietro%2F&title=Frodi%20sull%27Iva%20e%20il%20caso%20Taricco%3A%20la%20Corte%20di%20Giustizia%20fa%20marcia%20indietro\" title=\"Reddit\" rel=\"nofollow noopener\" target=\"_blank\" style=\"font-size:32px!important;box-shadow:none;display:inline-block;vertical-align:middle\"><span class=\"heateor_sss_svg heateor_sss_s__default heateor_sss_s_reddit\" style=\"background-color:#ff5700;width:35px;height:35px;display:inline-block;opacity:1;float:left;font-size:32px;box-shadow:none;display:inline-block;font-size:16px;padding:0 4px;vertical-align:middle;background-repeat:repeat;overflow:hidden;padding:0;cursor:pointer;box-sizing:content-box\"><svg style=\"display:block;\" focusable=\"false\" aria-hidden=\"true\" xmlns=\"http:\/\/www.w3.org\/2000\/svg\" width=\"100%\" height=\"100%\" viewBox=\"-3.5 -3.5 39 39\"><path d=\"M28.543 15.774a2.953 2.953 0 0 0-2.951-2.949 2.882 2.882 0 0 0-1.9.713 14.075 14.075 0 0 0-6.85-2.044l1.38-4.349 3.768.884a2.452 2.452 0 1 0 .24-1.176l-4.274-1a.6.6 0 0 0-.709.4l-1.659 5.224a14.314 14.314 0 0 0-7.316 2.029 2.908 2.908 0 0 0-1.872-.681 2.942 2.942 0 0 0-1.618 5.4 5.109 5.109 0 0 0-.062.765c0 4.158 5.037 7.541 11.229 7.541s11.22-3.383 11.22-7.541a5.2 5.2 0 0 0-.053-.706 2.963 2.963 0 0 0 1.427-2.51zm-18.008 1.88a1.753 1.753 0 0 1 1.73-1.74 1.73 1.73 0 0 1 1.709 1.74 1.709 1.709 0 0 1-1.709 1.711 1.733 1.733 0 0 1-1.73-1.711zm9.565 4.968a5.573 5.573 0 0 1-4.081 1.272h-.032a5.576 5.576 0 0 1-4.087-1.272.6.6 0 0 1 .844-.854 4.5 4.5 0 0 0 3.238.927h.032a4.5 4.5 0 0 0 3.237-.927.6.6 0 1 1 .844.854zm-.331-3.256a1.726 1.726 0 1 1 1.709-1.712 1.717 1.717 0 0 1-1.712 1.712z\" fill=\"#fff\"\/><\/svg><\/span><\/a><a aria-label=\"Linkedin\" class=\"heateor_sss_button_linkedin\" href=\"https:\/\/www.linkedin.com\/sharing\/share-offsite\/?url=https%3A%2F%2Fwww.lacostituzione.info%2Findex.php%2F2017%2F12%2F06%2Ffrodi-sulliva-e-il-caso-taricco-la-corte-di-giustizia-fa-marcia-indietro%2F\" title=\"Linkedin\" rel=\"nofollow noopener\" target=\"_blank\" style=\"font-size:32px!important;box-shadow:none;display:inline-block;vertical-align:middle\"><span class=\"heateor_sss_svg heateor_sss_s__default heateor_sss_s_linkedin\" style=\"background-color:#0077b5;width:35px;height:35px;display:inline-block;opacity:1;float:left;font-size:32px;box-shadow:none;display:inline-block;font-size:16px;padding:0 4px;vertical-align:middle;background-repeat:repeat;overflow:hidden;padding:0;cursor:pointer;box-sizing:content-box\"><svg style=\"display:block;\" focusable=\"false\" aria-hidden=\"true\" xmlns=\"http:\/\/www.w3.org\/2000\/svg\" width=\"100%\" height=\"100%\" viewBox=\"0 0 32 32\"><path d=\"M6.227 12.61h4.19v13.48h-4.19V12.61zm2.095-6.7a2.43 2.43 0 0 1 0 4.86c-1.344 0-2.428-1.09-2.428-2.43s1.084-2.43 2.428-2.43m4.72 6.7h4.02v1.84h.058c.56-1.058 1.927-2.176 3.965-2.176 4.238 0 5.02 2.792 5.02 6.42v7.395h-4.183v-6.56c0-1.564-.03-3.574-2.178-3.574-2.18 0-2.514 1.7-2.514 3.46v6.668h-4.187V12.61z\" fill=\"#fff\"><\/path><\/svg><\/span><\/a><a aria-label=\"Pinterest\" class=\"heateor_sss_button_pinterest\" href=\"https:\/\/www.lacostituzione.info\/index.php\/2017\/12\/06\/frodi-sulliva-e-il-caso-taricco-la-corte-di-giustizia-fa-marcia-indietro\/\" onclick=\"event.preventDefault();javascript:void( (function() {var e=document.createElement('script' );e.setAttribute('type','text\/javascript' );e.setAttribute('charset','UTF-8' );e.setAttribute('src','\/\/assets.pinterest.com\/js\/pinmarklet.js?r='+Math.random()*99999999);document.body.appendChild(e)})());\" title=\"Pinterest\" rel=\"noopener\" style=\"font-size:32px!important;box-shadow:none;display:inline-block;vertical-align:middle\"><span class=\"heateor_sss_svg heateor_sss_s__default heateor_sss_s_pinterest\" style=\"background-color:#cc2329;width:35px;height:35px;display:inline-block;opacity:1;float:left;font-size:32px;box-shadow:none;display:inline-block;font-size:16px;padding:0 4px;vertical-align:middle;background-repeat:repeat;overflow:hidden;padding:0;cursor:pointer;box-sizing:content-box\"><svg style=\"display:block;\" focusable=\"false\" aria-hidden=\"true\" xmlns=\"http:\/\/www.w3.org\/2000\/svg\" width=\"100%\" height=\"100%\" viewBox=\"-2 -2 35 35\"><path fill=\"#fff\" d=\"M16.539 4.5c-6.277 0-9.442 4.5-9.442 8.253 0 2.272.86 4.293 2.705 5.046.303.125.574.005.662-.33.061-.231.205-.816.27-1.06.088-.331.053-.447-.191-.736-.532-.627-.873-1.439-.873-2.591 0-3.338 2.498-6.327 6.505-6.327 3.548 0 5.497 2.168 5.497 5.062 0 3.81-1.686 7.025-4.188 7.025-1.382 0-2.416-1.142-2.085-2.545.397-1.674 1.166-3.48 1.166-4.689 0-1.081-.581-1.983-1.782-1.983-1.413 0-2.548 1.462-2.548 3.419 0 1.247.421 2.091.421 2.091l-1.699 7.199c-.505 2.137-.076 4.755-.039 5.019.021.158.223.196.314.077.13-.17 1.813-2.247 2.384-4.324.162-.587.929-3.631.929-3.631.46.876 1.801 1.646 3.227 1.646 4.247 0 7.128-3.871 7.128-9.053.003-3.918-3.317-7.568-8.361-7.568z\"\/><\/svg><\/span><\/a><a aria-label=\"Whatsapp\" class=\"heateor_sss_whatsapp\" href=\"https:\/\/api.whatsapp.com\/send?text=Frodi%20sull%27Iva%20e%20il%20caso%20Taricco%3A%20la%20Corte%20di%20Giustizia%20fa%20marcia%20indietro%20https%3A%2F%2Fwww.lacostituzione.info%2Findex.php%2F2017%2F12%2F06%2Ffrodi-sulliva-e-il-caso-taricco-la-corte-di-giustizia-fa-marcia-indietro%2F\" title=\"Whatsapp\" rel=\"nofollow noopener\" target=\"_blank\" style=\"font-size:32px!important;box-shadow:none;display:inline-block;vertical-align:middle\"><span class=\"heateor_sss_svg\" style=\"background-color:#55eb4c;width:35px;height:35px;display:inline-block;opacity:1;float:left;font-size:32px;box-shadow:none;display:inline-block;font-size:16px;padding:0 4px;vertical-align:middle;background-repeat:repeat;overflow:hidden;padding:0;cursor:pointer;box-sizing:content-box\"><svg style=\"display:block;\" focusable=\"false\" aria-hidden=\"true\" xmlns=\"http:\/\/www.w3.org\/2000\/svg\" width=\"100%\" height=\"100%\" viewBox=\"-6 -5 40 40\"><path class=\"heateor_sss_svg_stroke heateor_sss_no_fill\" stroke=\"#fff\" stroke-width=\"2\" fill=\"none\" d=\"M 11.579798566743314 24.396926207859085 A 10 10 0 1 0 6.808479557110079 20.73576436351046\"><\/path><path d=\"M 7 19 l -1 6 l 6 -1\" class=\"heateor_sss_no_fill heateor_sss_svg_stroke\" stroke=\"#fff\" stroke-width=\"2\" fill=\"none\"><\/path><path d=\"M 10 10 q -1 8 8 11 c 5 -1 0 -6 -1 -3 q -4 -3 -5 -5 c 4 -2 -1 -5 -1 -4\" fill=\"#fff\"><\/path><\/svg><\/span><\/a><\/div><div class=\"heateorSssClear\"><\/div><\/div><div class='heateorSssClear'><\/div>","protected":false},"author":1,"featured_media":0,"comment_status":"open","ping_status":"open","sticky":false,"template":"","format":"standard","meta":{"jetpack_post_was_ever_published":false,"_jetpack_newsletter_access":"","_jetpack_dont_email_post_to_subs":false,"_jetpack_newsletter_tier_id":0,"_jetpack_memberships_contains_paywalled_content":false,"_jetpack_memberships_contains_paid_content":false,"footnotes":"","jetpack_publicize_message":"","jetpack_publicize_feature_enabled":true,"jetpack_social_post_already_shared":false,"jetpack_social_options":{"image_generator_settings":{"template":"highway","default_image_id":0,"enabled":false},"version":2}},"categories":[4],"tags":[702,149,423,388],"class_list":["post-3336","post","type-post","status-publish","format-standard","hentry","category-attualita","tag-cedu","tag-corte-costituzionale","tag-corte-di-giustizia","tag-iva"],"jetpack_publicize_connections":[],"jetpack_featured_media_url":"","jetpack_shortlink":"https:\/\/wp.me\/p84sDq-RO","jetpack_likes_enabled":true,"jetpack_sharing_enabled":true,"_links":{"self":[{"href":"https:\/\/www.lacostituzione.info\/index.php\/wp-json\/wp\/v2\/posts\/3336","targetHints":{"allow":["GET"]}}],"collection":[{"href":"https:\/\/www.lacostituzione.info\/index.php\/wp-json\/wp\/v2\/posts"}],"about":[{"href":"https:\/\/www.lacostituzione.info\/index.php\/wp-json\/wp\/v2\/types\/post"}],"author":[{"embeddable":true,"href":"https:\/\/www.lacostituzione.info\/index.php\/wp-json\/wp\/v2\/users\/1"}],"replies":[{"embeddable":true,"href":"https:\/\/www.lacostituzione.info\/index.php\/wp-json\/wp\/v2\/comments?post=3336"}],"version-history":[{"count":0,"href":"https:\/\/www.lacostituzione.info\/index.php\/wp-json\/wp\/v2\/posts\/3336\/revisions"}],"wp:attachment":[{"href":"https:\/\/www.lacostituzione.info\/index.php\/wp-json\/wp\/v2\/media?parent=3336"}],"wp:term":[{"taxonomy":"category","embeddable":true,"href":"https:\/\/www.lacostituzione.info\/index.php\/wp-json\/wp\/v2\/categories?post=3336"},{"taxonomy":"post_tag","embeddable":true,"href":"https:\/\/www.lacostituzione.info\/index.php\/wp-json\/wp\/v2\/tags?post=3336"}],"curies":[{"name":"wp","href":"https:\/\/api.w.org\/{rel}","templated":true}]}}