{"id":3891,"date":"2018-01-10T09:00:40","date_gmt":"2018-01-10T08:00:40","guid":{"rendered":"http:\/\/www.lacostituzione.info\/?p=3891"},"modified":"2018-01-11T19:27:13","modified_gmt":"2018-01-11T18:27:13","slug":"leader-per-leader-il-catalogo-delle-promesse-elettorali","status":"publish","type":"post","link":"https:\/\/www.lacostituzione.info\/index.php\/2018\/01\/10\/leader-per-leader-il-catalogo-delle-promesse-elettorali\/","title":{"rendered":"Leader per leader, il catalogo delle promesse elettorali. Ecco le ultime"},"content":{"rendered":"<p><img loading=\"lazy\" decoding=\"async\" src=\"http:\/\/www.lacostituzione.info\/wp-content\/uploads\/2018\/01\/th-2-300x253.jpg\" alt=\"\" width=\"300\" height=\"253\" \/><\/p>\n<p>Ultime del promessometro. La pi\u00f9 importante \u00e8 di Matteo Renzi che promette: &#8220;Mai al governo con Berlusconi, ha gia guidato il Paese e ha fallito&#8221;. Berlusconi ci ripensa sul Jobs Act. Di\u00a0 Maio promette l&#8217;abolizione della legge sugli studi di settore, l&#8217;abolizione del redditometro e dello spesometro. Salvini si corregge in parte sui vaccini e promette di cancellare la tassa sulle sigarette elettroniche.<\/p>\n<p>Aggiorneremo e completeremo il tabellone che trovate qui sotto nel corso della campagna elettorale.<!--more--><!--more--><\/p>\n<p>\t\t\t\t\t\t\t\t\tElezioni<br \/>\n\t\t\t\t\t\t\t\t\tAutodisciplina<br \/>\n\t\t\t\t\t\t\t\t\tGoverno<br \/>\n\t\t\t\t\t\t\t\t\tRiforme<br \/>\n\t\t\t\t\t\t\t\t\tEuro &#8211; Europa<br \/>\n\t\t\t\t\t\t\t\t\tFisco<br \/>\n\t\t\t\t\t\t\t\t\tEconomia e lavoro<br \/>\n\t\t\t\t\t\t\t\t\tGiustizia<br \/>\n\t\t\t\t\t\t\t\t\tImmigrazione<br \/>\n\t\t\t\t\t\t\t\t\tSicurezza<br \/>\n\t\t\t\t\t\t\t\t\tFamiglia, pensioni, assistenza e ammortizzatori sociali<br \/>\n\t\t\t\t\t\t\t\t\tInfrastrutture<br \/>\n\t\t\t\t\t\t\t\t\tAnimali<br \/>\n\t\t\t\t\t\t\t\t\tAltro<br \/>\n\t\t\t\t\t\t\t\t\tAltro<br \/>\n\t\t\t\t\t\t\t\t\tElezioni<\/p>\n<table style=\"width: 574px;\">\n<tbody>\n<tr>\n<td style=\"width: 99.9318px;\">Matteo Salvini<img loading=\"lazy\" decoding=\"async\" src=\"http:\/\/www.lacostituzione.info\/wp-content\/uploads\/2018\/01\/salvini1-150x150.jpg\" alt=\"\" width=\"150\" height=\"150\" \/><\/td>\n<td style=\"width: 438.068px;\">Se non vinciamo contro Di Maio e Renzi cambiamo mestiere. Punto al 20% e voglio fare il premier.<\/td>\n<\/tr>\n<tr>\n<td style=\"width: 99.9318px;\">Silvio Berlusconi<img loading=\"lazy\" decoding=\"async\" src=\"http:\/\/www.lacostituzione.info\/wp-content\/uploads\/2018\/01\/silvio-berlusconi-3-150x150.jpg\" alt=\"\" width=\"150\" height=\"150\" \/><\/td>\n<td style=\"width: 438.068px;\">Resto in campo per l&#8217;amore che sento per il mio Paese. Il 7 gennaio presentato il simbolo con Forza Italia e sotto la scritta &#8220;Berlusconi presidente&#8221;<\/td>\n<\/tr>\n<tr>\n<td style=\"width: 99.9318px;\">Matteo Renzi<img loading=\"lazy\" decoding=\"async\" src=\"http:\/\/www.lacostituzione.info\/wp-content\/uploads\/2018\/01\/renzi-150x150.jpg\" alt=\"\" width=\"150\" height=\"150\" \/><\/td>\n<td style=\"width: 438.068px;\">\n<p>Berlusconi e Di Maio devono rassegnarsi a lottare per il secondo e terzo posto. Salvini? Lo aspetto nel collegio senatoriale di Firenze.<\/p>\n<p>Liste elettorali:\u00a0il Pd deve chiuderle entro il 15 gennaio per i collegi uninominali e entro il 25 per le liste proporzionali.<\/p>\n<p>Passo dall&#8217;auto blu alla Vespa blu: andr\u00f2 casa per casa. Non mi interessa il mio futuro, mi basta che a Palazzo Chigi vada un dem. Speriamo di fare meglio del 25%.<\/p>\n<p>Entro il 20 gennaio presenteremo le 100 cose fatte e quelle da fare indicando per ciascuna le coperture finanziarie.<\/p>\n<\/td>\n<\/tr>\n<tr>\n<td style=\"width: 99.9318px;\">Luigi Di Maio<img loading=\"lazy\" decoding=\"async\" src=\"http:\/\/www.lacostituzione.info\/wp-content\/uploads\/2018\/01\/di-maio-150x150.jpg\" alt=\"\" width=\"150\" height=\"150\" \/><\/td>\n<td style=\"width: 438.068px;\">Saremo il primo partito. Arriveremo da soli al 40%.<\/td>\n<\/tr>\n<tr>\n<td style=\"width: 99.9318px;\">Pietro Grasso<img loading=\"lazy\" decoding=\"async\" src=\"http:\/\/www.lacostituzione.info\/wp-content\/uploads\/2018\/01\/grasso-150x150.jpg\" alt=\"\" width=\"150\" height=\"150\" \/><\/td>\n<td style=\"width: 438.068px;\">Ci rivolgiamo a settori del mondo cattolico, dei sindacati, di associazioni. Vogliamo convincere ad andare alle urne chi negli ultimi anni si \u00e8 astenuto. Pi\u00f9 che parlare con il M5S preferisco parlare con i suoi elettori. Vorrei riportarli a casa.<\/td>\n<\/tr>\n<tr>\n<td style=\"width: 99.9318px;\">Giorgia Meloni<img loading=\"lazy\" decoding=\"async\" src=\"http:\/\/www.lacostituzione.info\/wp-content\/uploads\/2018\/01\/meloni-150x150.jpg\" alt=\"\" width=\"150\" height=\"150\" \/><\/td>\n<td style=\"width: 438.068px;\">\u00a0<\/td>\n<\/tr>\n<tr>\n<td style=\"width: 99.9318px;\">Beatrice Lorenzin<img loading=\"lazy\" decoding=\"async\" src=\"http:\/\/www.lacostituzione.info\/wp-content\/uploads\/2018\/01\/lorenzin-150x150.jpg\" alt=\"\" width=\"150\" height=\"150\" \/><\/td>\n<td style=\"width: 438.068px;\">\u00a0<\/td>\n<\/tr>\n<tr>\n<td style=\"width: 99.9318px;\">Emma Bonino<img loading=\"lazy\" decoding=\"async\" src=\"http:\/\/www.lacostituzione.info\/wp-content\/uploads\/2018\/01\/bonino-150x150.jpg\" alt=\"\" width=\"150\" height=\"150\" \/><\/td>\n<td style=\"width: 438.068px;\">Partiamo con gli stessi obiettivi riformatori e federalisti europei. Per fermare l&#8217;onda populista, razzista e sovranista che si abbatte sul Continente e rendere l&#8217;Italia protagonista della costruzione degli Stati Uniti d&#8217;Europa.<\/td>\n<\/tr>\n<\/tbody>\n<\/table>\n<p>\t\t\t\t\t\t\t\t\tAutodisciplina<\/p>\n<table>\n<tbody>\n<tr>\n<td>Matteo Salvini<img loading=\"lazy\" decoding=\"async\" src=\"http:\/\/www.lacostituzione.info\/wp-content\/uploads\/2018\/01\/salvini1-150x150.jpg\" alt=\"\" width=\"150\" height=\"150\" \/><\/td>\n<td>Evito di seguire le vicende di quarte, quinte o seste gambe, non \u00e8 problema mio, i miei interlocutori sono due. Dopo il voto chieder\u00f2 un impegno anti inciucio a tutti i segretari.<\/td>\n<\/tr>\n<tr>\n<td>Silvio Berlusconi<img loading=\"lazy\" decoding=\"async\" src=\"http:\/\/www.lacostituzione.info\/wp-content\/uploads\/2018\/01\/silvio-berlusconi-3-150x150.jpg\" alt=\"\" width=\"150\" height=\"150\" \/><\/td>\n<td>Per candidarsi nelle fila di Forza Italia necessario versare al partito tra i 30 e 40 mila euro.<\/td>\n<\/tr>\n<tr>\n<td>Matteo Renzi<img loading=\"lazy\" decoding=\"async\" src=\"http:\/\/www.lacostituzione.info\/wp-content\/uploads\/2018\/01\/renzi-150x150.jpg\" alt=\"\" width=\"150\" height=\"150\" \/><\/td>\n<td>\u00a0<\/td>\n<\/tr>\n<tr>\n<td>Luigi Di Maio<img loading=\"lazy\" decoding=\"async\" src=\"http:\/\/www.lacostituzione.info\/wp-content\/uploads\/2018\/01\/di-maio-150x150.jpg\" alt=\"\" width=\"150\" height=\"150\" \/><\/td>\n<td>Manterremo il massimo di due mandati per i parlamentari. Multa di 100 mila euro a chi cambia gruppo parlamentare e non si dimette.<\/td>\n<\/tr>\n<tr>\n<td>Pietro Grasso<img loading=\"lazy\" decoding=\"async\" src=\"http:\/\/www.lacostituzione.info\/wp-content\/uploads\/2018\/01\/grasso-150x150.jpg\" alt=\"\" width=\"150\" height=\"150\" \/><\/td>\n<td>\n<p>Conservato il limite dei due mandati salvo un numero limitato e motivato di deroghe. Limitate anche le pluricandidature.\u00a0<\/p>\n<p>Fuori dalle liste i condannati, anche in via non definitiva per peculato, concussione, corruzione e fuori pure gli arrestati, rinviati a giudizio o condannati per reati di mafia, terrorismo, criminalit\u00e0 organizzata.<\/p>\n<p>Vogliamo in parlamento donne e uomini rispettabili e rispettati.<\/p>\n<\/td>\n<\/tr>\n<tr>\n<td>Giorgia Meloni<img loading=\"lazy\" decoding=\"async\" src=\"http:\/\/www.lacostituzione.info\/wp-content\/uploads\/2018\/01\/meloni-150x150.jpg\" alt=\"\" width=\"150\" height=\"150\" \/><\/td>\n<td>\u00a0<\/td>\n<\/tr>\n<tr>\n<td>Beatrice Lorenzin<img loading=\"lazy\" decoding=\"async\" src=\"http:\/\/www.lacostituzione.info\/wp-content\/uploads\/2018\/01\/lorenzin-150x150.jpg\" alt=\"\" width=\"150\" height=\"150\" \/><\/td>\n<td>\u00a0<\/td>\n<\/tr>\n<tr>\n<td>Emma Bonino<img loading=\"lazy\" decoding=\"async\" src=\"http:\/\/www.lacostituzione.info\/wp-content\/uploads\/2018\/01\/bonino-150x150.jpg\" alt=\"\" width=\"150\" height=\"150\" \/><\/td>\n<td>\u00a0<\/td>\n<\/tr>\n<\/tbody>\n<\/table>\n<p>\t\t\t\t\t\t\t\t\tGoverno<\/p>\n<table>\n<tbody>\n<tr>\n<td>Matteo Salvini<img loading=\"lazy\" decoding=\"async\" src=\"http:\/\/www.lacostituzione.info\/wp-content\/uploads\/2018\/01\/salvini1-150x150.jpg\" alt=\"\" width=\"150\" height=\"150\" \/><\/td>\n<td>La squadra \u00e8 gi\u00e0 pronta<\/td>\n<\/tr>\n<tr>\n<td>Silvio Berlusconi<img loading=\"lazy\" decoding=\"async\" src=\"http:\/\/www.lacostituzione.info\/wp-content\/uploads\/2018\/01\/silvio-berlusconi-3-150x150.jpg\" alt=\"\" width=\"150\" height=\"150\" \/><\/td>\n<td>\n<p>Il prossimo governo avr\u00e0 20 ministri: tre di Forza Italia, tre della Lega, due di Fratelli d\u2019Italia e 12 che vengono dalla societ\u00e0 civile. Istituzione del ministero della terza et\u00e0<\/p>\n<\/td>\n<\/tr>\n<tr>\n<td>Matteo Renzi<img loading=\"lazy\" decoding=\"async\" src=\"http:\/\/www.lacostituzione.info\/wp-content\/uploads\/2018\/01\/renzi-150x150.jpg\" alt=\"\" width=\"150\" height=\"150\" \/><\/td>\n<td>\n<p>\u00a0Se il presidente del Consiglio sar\u00e0 del Pd sar\u00e0 una vittoria del partito e dell&#8217;Italia.<\/p>\n<p>Mai al governo con Berlusconi, lui ha gi\u00e0 guidato il Paese e ha fallito.<\/p>\n<\/td>\n<\/tr>\n<tr>\n<td>Luigi Di Maio<img loading=\"lazy\" decoding=\"async\" src=\"http:\/\/www.lacostituzione.info\/wp-content\/uploads\/2018\/01\/di-maio-150x150.jpg\" alt=\"\" width=\"150\" height=\"150\" \/><\/td>\n<td>\n<p>Lista dei ministri annunciata prima del voto, una squadra di ministri di ampio respiro aperta a tutte le sensibilit\u00e0 dei cittadini. Alleanze: la sera del voto lanceremo un appello a tutti i partiti e proporremo un tavolo per un\u2019intesa sui programmi senza scambi di poltrone.<\/p>\n<\/td>\n<\/tr>\n<tr>\n<td>Pietro Grasso<img loading=\"lazy\" decoding=\"async\" src=\"http:\/\/www.lacostituzione.info\/wp-content\/uploads\/2018\/01\/grasso-150x150.jpg\" alt=\"\" width=\"150\" height=\"150\" \/><\/td>\n<td>\u00a0Noi saremo una forza responsabile. Contribuire ad una alleanza di governo deve essere il mezzo per produrre la forte inversione di rotta che auspichiamo. Il governo come mezzo e non come fine. Di alleanze si parler\u00e0 dopo il 4 marzo, saremo aperti e inclusivi per tutti quelli che la pensano come noi.<\/td>\n<\/tr>\n<tr>\n<td>Giorgia Meloni<img loading=\"lazy\" decoding=\"async\" src=\"http:\/\/www.lacostituzione.info\/wp-content\/uploads\/2018\/01\/meloni-150x150.jpg\" alt=\"\" width=\"150\" height=\"150\" \/><\/td>\n<td>\u00a0<\/td>\n<\/tr>\n<tr>\n<td>Beatrice Lorenzin<img loading=\"lazy\" decoding=\"async\" src=\"http:\/\/www.lacostituzione.info\/wp-content\/uploads\/2018\/01\/lorenzin-150x150.jpg\" alt=\"\" width=\"150\" height=\"150\" \/><\/td>\n<td>\u00a0<\/td>\n<\/tr>\n<tr>\n<td>Emma Bonino<img loading=\"lazy\" decoding=\"async\" src=\"http:\/\/www.lacostituzione.info\/wp-content\/uploads\/2018\/01\/bonino-150x150.jpg\" alt=\"\" width=\"150\" height=\"150\" \/><\/td>\n<td>\u00a0<\/td>\n<\/tr>\n<\/tbody>\n<\/table>\n<p>\t\t\t\t\t\t\t\t\tRiforme<\/p>\n<table>\n<tbody>\n<tr>\n<td>Matteo Salvini<img loading=\"lazy\" decoding=\"async\" src=\"http:\/\/www.lacostituzione.info\/wp-content\/uploads\/2018\/01\/salvini1-150x150.jpg\" alt=\"\" width=\"150\" height=\"150\" \/><\/td>\n<td>Cancelleremo\u00a0legge Fornero, Jobs act, legge sui vaccini, \u201cbuona scuola\u201d, legge Mancino, legge Fiano. <br \/>Riforma della Buona Scuola.<\/td>\n<\/tr>\n<tr>\n<td>Silvio Berlusconi<img loading=\"lazy\" decoding=\"async\" src=\"http:\/\/www.lacostituzione.info\/wp-content\/uploads\/2018\/01\/silvio-berlusconi-3-150x150.jpg\" alt=\"\" width=\"150\" height=\"150\" \/><\/td>\n<td>\n<p>Riforma della Costituzione che introduca il vincolo di mandato per i parlamentari.<\/p>\n<p>Abolizione del Jobs Act. Il 10 gennaio ci ha ripensato: introdurremo strumenti pi\u00f9 efficaci del Jobs Act per correggerne gli effetti distorsivi.<\/p>\n<p>Elimineremo i provvedimenti iniqui. <\/p>\n<p>Anche nella legge Fornero cambieremo quel che c&#8217;\u00e8 da cambiare ma non la aboliremo.<\/p>\n<\/td>\n<\/tr>\n<tr>\n<td>Matteo Renzi<img loading=\"lazy\" decoding=\"async\" src=\"http:\/\/www.lacostituzione.info\/wp-content\/uploads\/2018\/01\/renzi-150x150.jpg\" alt=\"\" width=\"150\" height=\"150\" \/><\/td>\n<td>\u00a0<\/td>\n<\/tr>\n<tr>\n<td>Luigi Di Maio<img loading=\"lazy\" decoding=\"async\" src=\"http:\/\/www.lacostituzione.info\/wp-content\/uploads\/2018\/01\/di-maio-150x150.jpg\" alt=\"\" width=\"150\" height=\"150\" \/><\/td>\n<td>\n<p>Aboliremo 400 leggi e faremo chiarezza sulla contradditoriet\u00e0 delle norme utilizzando appositi software, ci vogliono meno leggi e meno burocrazia.<\/p>\n<p>Vogliamo abolire il Jobs Act<\/p>\n<p>Faremo subito una legge sul conflitto di interessi<\/p>\n<p>Aboliremo i vitalizi, dimezzeremo gli stipendi dei parlamentari, aboliremo i doppi stipendi e i privilegi di questo palazzo<\/p>\n<\/td>\n<\/tr>\n<tr>\n<td>Pietro Grasso<img loading=\"lazy\" decoding=\"async\" src=\"http:\/\/www.lacostituzione.info\/wp-content\/uploads\/2018\/01\/grasso-150x150.jpg\" alt=\"\" width=\"150\" height=\"150\" \/><\/td>\n<td>\u00a0<\/td>\n<\/tr>\n<tr>\n<td>Giorgia Meloni<img loading=\"lazy\" decoding=\"async\" src=\"http:\/\/www.lacostituzione.info\/wp-content\/uploads\/2018\/01\/meloni-150x150.jpg\" alt=\"\" width=\"150\" height=\"150\" \/><\/td>\n<td>\u00a0<\/td>\n<\/tr>\n<tr>\n<td>Beatrice Lorenzin<img loading=\"lazy\" decoding=\"async\" src=\"http:\/\/www.lacostituzione.info\/wp-content\/uploads\/2018\/01\/meloni-150x150.jpg\" alt=\"\" width=\"150\" height=\"150\" \/><\/td>\n<td>\u00a0<\/td>\n<\/tr>\n<tr>\n<td>Emma Bonino<img loading=\"lazy\" decoding=\"async\" src=\"http:\/\/www.lacostituzione.info\/wp-content\/uploads\/2018\/01\/bonino-150x150.jpg\" alt=\"\" width=\"150\" height=\"150\" \/><\/td>\n<td>\u00a0<\/td>\n<\/tr>\n<\/tbody>\n<\/table>\n<p>\t\t\t\t\t\t\t\t\tEuro &#8211; Europa<\/p>\n<table>\n<tbody>\n<tr>\n<td>Matteo Salvini<img loading=\"lazy\" decoding=\"async\" src=\"http:\/\/www.lacostituzione.info\/wp-content\/uploads\/2018\/01\/salvini1-150x150.jpg\" alt=\"\" width=\"150\" height=\"150\" \/><\/td>\n<td>Se questa Europa non funziona, si cambia. E se non vuole cambiare, si saluta. O le regole europee cambiano o salutiamo.<\/td>\n<\/tr>\n<tr>\n<td>Silvio Berlusconi<img loading=\"lazy\" decoding=\"async\" src=\"http:\/\/www.lacostituzione.info\/wp-content\/uploads\/2018\/01\/silvio-berlusconi-3-150x150.jpg\" alt=\"\" width=\"150\" height=\"150\" \/><\/td>\n<td>L&#8217;ingresso nell&#8217;euro a quei valori improvvidamente accettati ha dimezzato i redditi e i risparmi degli italiani.<\/td>\n<\/tr>\n<tr>\n<td>Matteo Renzi<img loading=\"lazy\" decoding=\"async\" src=\"http:\/\/www.lacostituzione.info\/wp-content\/uploads\/2018\/01\/renzi-150x150.jpg\" alt=\"\" width=\"150\" height=\"150\" \/><\/td>\n<td>L\u2019Italia che non esce dall\u2019Euro ma porta umanit\u00e0 in Europa.<\/td>\n<\/tr>\n<tr>\n<td>Luigi Di Maio<img loading=\"lazy\" decoding=\"async\" src=\"http:\/\/www.lacostituzione.info\/wp-content\/uploads\/2018\/01\/di-maio-150x150.jpg\" alt=\"\" width=\"150\" height=\"150\" \/><\/td>\n<td>Spero non si debba fare il referendum sull\u2019uscita dall\u2019euro.<\/td>\n<\/tr>\n<tr>\n<td>Pietro Grasso<img loading=\"lazy\" decoding=\"async\" src=\"http:\/\/www.lacostituzione.info\/wp-content\/uploads\/2018\/01\/grasso-150x150.jpg\" alt=\"\" width=\"150\" height=\"150\" \/><\/td>\n<td>\u00a0<\/td>\n<\/tr>\n<tr>\n<td>Giorgia Meloni<img loading=\"lazy\" decoding=\"async\" src=\"http:\/\/www.lacostituzione.info\/wp-content\/uploads\/2018\/01\/meloni-150x150.jpg\" alt=\"\" width=\"150\" height=\"150\" \/><\/td>\n<td>\u00a0<\/td>\n<\/tr>\n<tr>\n<td>Beatrice Lorenzin<img loading=\"lazy\" decoding=\"async\" src=\"http:\/\/www.lacostituzione.info\/wp-content\/uploads\/2018\/01\/lorenzin-150x150.jpg\" alt=\"\" width=\"150\" height=\"150\" \/><\/td>\n<td>\u00a0<\/td>\n<\/tr>\n<tr>\n<td>Emma Bonino<img loading=\"lazy\" decoding=\"async\" src=\"http:\/\/www.lacostituzione.info\/wp-content\/uploads\/2018\/01\/bonino-150x150.jpg\" alt=\"\" width=\"150\" height=\"150\" \/><\/td>\n<td>\u00a0<\/td>\n<\/tr>\n<\/tbody>\n<\/table>\n<p>\t\t\t\t\t\t\t\t\tFisco<\/p>\n<table style=\"height: 502px; width: 598px;\">\n<tbody>\n<tr>\n<td style=\"width: 108.645px;\">Matteo Salvini<img loading=\"lazy\" decoding=\"async\" src=\"http:\/\/www.lacostituzione.info\/wp-content\/uploads\/2018\/01\/salvini1-150x150.jpg\" alt=\"\" width=\"150\" height=\"150\" \/><\/td>\n<td style=\"width: 454.355px;\">\n<p>Flat tax al 15%. Azzeramento dell&#8217;IVA su tutti i prodotti per l\u2019infanzia.<\/p>\n<p>Tassazione della prostituzione al 15%.<\/p>\n<p>Via la tassa assurda sulle sigarette elettroniche.<\/p>\n<\/td>\n<\/tr>\n<tr>\n<td style=\"width: 108.645px;\">Silvio Berlusconi<img loading=\"lazy\" decoding=\"async\" src=\"http:\/\/www.lacostituzione.info\/wp-content\/uploads\/2018\/01\/silvio-berlusconi-3-150x150.jpg\" alt=\"\" width=\"150\" height=\"150\" \/><\/td>\n<td style=\"width: 454.355px;\">\n<p>Flat tax al 23-25%. Abolizione delle tasse su prima casa. Abolizione delle tasse di successione e sulle donazioni. Abolizione del bollo sulla prima auto.<\/p>\n<\/td>\n<\/tr>\n<tr>\n<td style=\"width: 108.645px;\">Matteo Renzi<img loading=\"lazy\" decoding=\"async\" src=\"http:\/\/www.lacostituzione.info\/wp-content\/uploads\/2018\/01\/renzi-150x150.jpg\" alt=\"\" width=\"150\" height=\"150\" \/><\/td>\n<td style=\"width: 454.355px;\">Daremo incentivi fiscali per le badanti. Abolizione canone Rai.<\/td>\n<\/tr>\n<tr>\n<td style=\"width: 108.645px;\">Luigi Di Maio<img loading=\"lazy\" decoding=\"async\" src=\"http:\/\/www.lacostituzione.info\/wp-content\/uploads\/2018\/01\/di-maio-150x150.jpg\" alt=\"\" width=\"150\" height=\"150\" \/><\/td>\n<td style=\"width: 454.355px;\">\n<p>Drastica riduzione delle tasse. Lotta all\u2019evasione usando la digitalizzazione con l\u2019incrocio delle informazioni tra le varie banche dati dell\u2019Amministrazione. Basta scudi fiscali.Riduzione dell&#8217;Irpef. per le imprese taglio del cuneo fiscale e abolizione dell&#8217;Irap.<\/p>\n<p>Abolizione di redditometro e spesometro.<\/p>\n<p>Abolizione della legge sugli studi di settore.<\/p>\n<\/td>\n<\/tr>\n<tr>\n<td style=\"width: 108.645px;\">Pietro Grasso<img loading=\"lazy\" decoding=\"async\" src=\"http:\/\/www.lacostituzione.info\/wp-content\/uploads\/2018\/01\/grasso-150x150.jpg\" alt=\"\" width=\"150\" height=\"150\" \/><\/td>\n<td style=\"width: 454.355px;\">\n<p>\u00a0I bonus e gli sgravi non sono bastati: serve una riforma del sistema fiscale per finanziare una trasformazione del welfare che si occupi di vecchie e nuove fragilit\u00e0 e risponda ai cambiamenti avvenuti nel mercato del lavoro.<\/p>\n<p>Abolizione di tutte le tasse universitarie.<\/p>\n<p>Lotta senza quartiere all&#8217;evasione fiscale, dobbiamo recuperare 50 miliardi.<\/p>\n<\/td>\n<\/tr>\n<tr>\n<td style=\"width: 108.645px;\">Giorgia Meloni<img loading=\"lazy\" decoding=\"async\" src=\"http:\/\/www.lacostituzione.info\/wp-content\/uploads\/2018\/01\/meloni-150x150.jpg\" alt=\"\" width=\"150\" height=\"150\" \/><\/td>\n<td style=\"width: 454.355px;\">Quoziente famigliare. Deducibilit\u00e0 del lavoro domestico.<\/td>\n<\/tr>\n<tr>\n<td style=\"width: 108.645px;\">Beatrice Lorenzin<img loading=\"lazy\" decoding=\"async\" src=\"http:\/\/www.lacostituzione.info\/wp-content\/uploads\/2018\/01\/lorenzin-150x150.jpg\" alt=\"\" width=\"150\" height=\"150\" \/><\/td>\n<td style=\"width: 454.355px;\">\u00a0<\/td>\n<\/tr>\n<tr>\n<td style=\"width: 108.645px;\">Emma Bonino<img loading=\"lazy\" decoding=\"async\" src=\"http:\/\/www.lacostituzione.info\/wp-content\/uploads\/2018\/01\/bonino-150x150.jpg\" alt=\"\" width=\"150\" height=\"150\" \/><\/td>\n<td style=\"width: 454.355px;\">\u00a0<\/td>\n<\/tr>\n<\/tbody>\n<\/table>\n<p>e<\/p>\n<p>\t\t\t\t\t\t\t\t\tEconomia e lavoro<\/p>\n<table>\n<tbody>\n<tr>\n<td>Matteo Salvini<img loading=\"lazy\" decoding=\"async\" src=\"http:\/\/www.lacostituzione.info\/wp-content\/uploads\/2018\/01\/salvini1-150x150.jpg\" alt=\"\" width=\"150\" height=\"150\" \/><\/td>\n<td>Pronto un piano di pagamento di tutti i debiti della PA<\/td>\n<\/tr>\n<tr>\n<td>Silvio Berlusconi<img loading=\"lazy\" decoding=\"async\" src=\"http:\/\/www.lacostituzione.info\/wp-content\/uploads\/2018\/01\/silvio-berlusconi-3-150x150.jpg\" alt=\"\" width=\"150\" height=\"150\" \/><\/td>\n<td>\n<p>Le transazioni in contanti consentite fino a 8 mila euro<\/p>\n<p>Serve una seconda moneta nazionale che si affianchi all\u2019euro per tutti i pagamenti interni, come fu nel dopoguerra con le AMlire.<\/p>\n<p>\u00a0<\/p>\n<\/td>\n<\/tr>\n<tr>\n<td>Matteo Renzi<img loading=\"lazy\" decoding=\"async\" src=\"http:\/\/www.lacostituzione.info\/wp-content\/uploads\/2018\/01\/renzi-150x150.jpg\" alt=\"\" width=\"150\" height=\"150\" \/><\/td>\n<td>Salario minimo legale per tutti i lavoratori pari a 10 euro l&#8217;ora. Vogliamo un&#8217;Italia che crea lavoro e non assistenzialismo. L&#8217;Italia dei diritti, del sociale, della cultura.<\/td>\n<\/tr>\n<tr>\n<td>Luigi Di Maio<img loading=\"lazy\" decoding=\"async\" src=\"http:\/\/www.lacostituzione.info\/wp-content\/uploads\/2018\/01\/di-maio-150x150.jpg\" alt=\"\" width=\"150\" height=\"150\" \/><\/td>\n<td>Un piano per abbattere il rapporto debito\/Pil di 40 punti percentuali nel corso di due legislature. Creazione di una banca pubblica per gli investimenti che aiuti imprese e famiglie in modo tale che le banche private siano costrette ad abbassare i tassi di interesse. Rilancio dei centri per l&#8217;impiego con un investimento di 2,1 miliardi di euro.<\/td>\n<\/tr>\n<tr>\n<td>Pietro Grasso<img loading=\"lazy\" decoding=\"async\" src=\"http:\/\/www.lacostituzione.info\/wp-content\/uploads\/2018\/01\/grasso-150x150.jpg\" alt=\"\" width=\"150\" height=\"150\" \/><\/td>\n<td>\u00a0Reintrodurre le garanzie sul lavoro eliminate dal jobs act. Incentivare gli investimenti delle imprese, favorirne la riconversione ecologica.<\/td>\n<\/tr>\n<tr>\n<td>Giorgia Meloni<img loading=\"lazy\" decoding=\"async\" src=\"http:\/\/www.lacostituzione.info\/wp-content\/uploads\/2018\/01\/meloni-150x150.jpg\" alt=\"\" width=\"150\" height=\"150\" \/><\/td>\n<td>\u00a0<\/td>\n<\/tr>\n<tr>\n<td>Beatrice Lorenzin<img loading=\"lazy\" decoding=\"async\" src=\"http:\/\/www.lacostituzione.info\/wp-content\/uploads\/2018\/01\/lorenzin-150x150.jpg\" alt=\"\" width=\"150\" height=\"150\" \/><\/td>\n<td>\u00a0<\/td>\n<\/tr>\n<tr>\n<td>Emma Bonino<img loading=\"lazy\" decoding=\"async\" src=\"http:\/\/www.lacostituzione.info\/wp-content\/uploads\/2018\/01\/bonino-150x150.jpg\" alt=\"\" width=\"150\" height=\"150\" \/><\/td>\n<td>\u00a0<\/td>\n<\/tr>\n<\/tbody>\n<\/table>\n<p>\u00a0<\/p>\n<p>\t\t\t\t\t\t\t\t\tGiustizia<\/p>\n<table>\n<tbody>\n<tr>\n<td>Matteo Salvini<img loading=\"lazy\" decoding=\"async\" src=\"http:\/\/www.lacostituzione.info\/wp-content\/uploads\/2018\/01\/salvini1-150x150.jpg\" alt=\"\" width=\"150\" height=\"150\" \/><\/td>\n<td>Quando saremo al governo proporremo giudici eletti direttamente dal popolo<\/td>\n<\/tr>\n<tr>\n<td>Silvio Berlusconi<img loading=\"lazy\" decoding=\"async\" src=\"http:\/\/www.lacostituzione.info\/wp-content\/uploads\/2018\/01\/silvio-berlusconi-3-150x150.jpg\" alt=\"\" width=\"150\" height=\"150\" \/><\/td>\n<td>\u00a0<\/td>\n<\/tr>\n<tr>\n<td>Matteo Renzi<img loading=\"lazy\" decoding=\"async\" src=\"http:\/\/www.lacostituzione.info\/wp-content\/uploads\/2018\/01\/renzi-150x150.jpg\" alt=\"\" width=\"150\" height=\"150\" \/><\/td>\n<td>\u00a0<\/td>\n<\/tr>\n<tr>\n<td>Luigi Di Maio<img loading=\"lazy\" decoding=\"async\" src=\"http:\/\/www.lacostituzione.info\/wp-content\/uploads\/2018\/01\/di-maio-150x150.jpg\" alt=\"\" width=\"150\" height=\"150\" \/><\/td>\n<td>\u00a0<\/td>\n<\/tr>\n<tr>\n<td>Pietro Grasso<img loading=\"lazy\" decoding=\"async\" src=\"http:\/\/www.lacostituzione.info\/wp-content\/uploads\/2018\/01\/grasso-150x150.jpg\" alt=\"\" width=\"150\" height=\"150\" \/><\/td>\n<td>\u00a0<\/td>\n<\/tr>\n<tr>\n<td>Giorgia Meloni<img loading=\"lazy\" decoding=\"async\" src=\"http:\/\/www.lacostituzione.info\/wp-content\/uploads\/2018\/01\/meloni-150x150.jpg\" alt=\"\" width=\"150\" height=\"150\" \/><\/td>\n<td>\u00a0<\/td>\n<\/tr>\n<tr>\n<td>Beatrice Lorenzin<img loading=\"lazy\" decoding=\"async\" src=\"http:\/\/www.lacostituzione.info\/wp-content\/uploads\/2018\/01\/lorenzin-150x150.jpg\" alt=\"\" width=\"150\" height=\"150\" \/><\/td>\n<td>\u00a0<\/td>\n<\/tr>\n<tr>\n<td>Emma Bonino<img loading=\"lazy\" decoding=\"async\" src=\"http:\/\/www.lacostituzione.info\/wp-content\/uploads\/2018\/01\/bonino-150x150.jpg\" alt=\"\" width=\"150\" height=\"150\" \/><\/td>\n<td>Uso della cannabis legalizzato: va autorizzata l&#8217;auto-coltivazione fino a 5 piantecon chiare indicazioni sul livello di THC e un efficiente sistema di sanzioni.<\/td>\n<\/tr>\n<\/tbody>\n<\/table>\n<p>\u00a0<\/p>\n<p>\t\t\t\t\t\t\t\t\tImmigrazione<\/p>\n<table>\n<tbody>\n<tr>\n<td>Matteo Salvini<img loading=\"lazy\" decoding=\"async\" src=\"http:\/\/www.lacostituzione.info\/wp-content\/uploads\/2018\/01\/salvini1-150x150.jpg\" alt=\"\" width=\"150\" height=\"150\" \/><\/td>\n<td>Reintroduzione del reato di immigrazione clandestina: Controllo delle frontiere ed espulsione dei clandestini.<\/td>\n<\/tr>\n<tr>\n<td>Silvio Berlusconi<img loading=\"lazy\" decoding=\"async\" src=\"http:\/\/www.lacostituzione.info\/wp-content\/uploads\/2018\/01\/silvio-berlusconi-3-150x150.jpg\" alt=\"\" width=\"150\" height=\"150\" \/><\/td>\n<td>\u00a0<\/td>\n<\/tr>\n<tr>\n<td>Matteo Renzi<img loading=\"lazy\" decoding=\"async\" src=\"http:\/\/www.lacostituzione.info\/wp-content\/uploads\/2018\/01\/renzi-150x150.jpg\" alt=\"\" width=\"150\" height=\"150\" \/><\/td>\n<td>\u00a0<\/td>\n<\/tr>\n<tr>\n<td>Luigi Di Maio<img loading=\"lazy\" decoding=\"async\" src=\"http:\/\/www.lacostituzione.info\/wp-content\/uploads\/2018\/01\/di-maio-150x150.jpg\" alt=\"\" width=\"150\" height=\"150\" \/><\/td>\n<td>\u00a0<\/td>\n<\/tr>\n<tr>\n<td>Pietro Grasso<img loading=\"lazy\" decoding=\"async\" src=\"http:\/\/www.lacostituzione.info\/wp-content\/uploads\/2018\/01\/grasso-150x150.jpg\" alt=\"\" width=\"150\" height=\"150\" \/><\/td>\n<td>\u00a0<\/td>\n<\/tr>\n<tr>\n<td>Giorgia Meloni<img loading=\"lazy\" decoding=\"async\" src=\"http:\/\/www.lacostituzione.info\/wp-content\/uploads\/2018\/01\/meloni-150x150.jpg\" alt=\"\" width=\"150\" height=\"150\" \/><\/td>\n<td>Quando saremo al governo renderemo obbligatorio sapere dove arrivano i soldi ai centri islamici e gli imam dovranno predicare in italiano<\/td>\n<\/tr>\n<tr>\n<td>Beatrice Lorenzin<img loading=\"lazy\" decoding=\"async\" src=\"http:\/\/www.lacostituzione.info\/wp-content\/uploads\/2018\/01\/lorenzin-150x150.jpg\" alt=\"\" width=\"150\" height=\"150\" \/><\/td>\n<td>\u00a0<\/td>\n<\/tr>\n<tr>\n<td>Emma Bonino<img loading=\"lazy\" decoding=\"async\" src=\"http:\/\/www.lacostituzione.info\/wp-content\/uploads\/2018\/01\/bonino-150x150.jpg\" alt=\"\" width=\"150\" height=\"150\" \/><\/td>\n<td>\u00a0<\/td>\n<\/tr>\n<\/tbody>\n<\/table>\n<p>\t\t\t\t\t\t\t\t\tSicurezza<\/p>\n<table>\n<tbody>\n<tr>\n<td>Matteo Salvini<img loading=\"lazy\" decoding=\"async\" src=\"http:\/\/www.lacostituzione.info\/wp-content\/uploads\/2018\/01\/salvini1-150x150.jpg\" alt=\"\" width=\"150\" height=\"150\" \/><\/td>\n<td>Mani libere alle forze dell\u2019ordine. Legge sulla legittima difesa gi\u00e0 pronta.<\/td>\n<\/tr>\n<tr>\n<td>Silvio Berlusconi<img loading=\"lazy\" decoding=\"async\" src=\"http:\/\/www.lacostituzione.info\/wp-content\/uploads\/2018\/01\/silvio-berlusconi-3-150x150.jpg\" alt=\"\" width=\"150\" height=\"150\" \/><\/td>\n<td>\u00a0<\/td>\n<\/tr>\n<tr>\n<td>Matteo Renzi<img loading=\"lazy\" decoding=\"async\" src=\"http:\/\/www.lacostituzione.info\/wp-content\/uploads\/2018\/01\/renzi-150x150.jpg\" alt=\"\" width=\"150\" height=\"150\" \/><\/td>\n<td>\u00a0<\/td>\n<\/tr>\n<tr>\n<td>Luigi Di Maio<img loading=\"lazy\" decoding=\"async\" src=\"http:\/\/www.lacostituzione.info\/wp-content\/uploads\/2018\/01\/di-maio-150x150.jpg\" alt=\"\" width=\"150\" height=\"150\" \/><\/td>\n<td>\u00a0<\/td>\n<\/tr>\n<tr>\n<td>Pietro Grasso<img loading=\"lazy\" decoding=\"async\" src=\"http:\/\/www.lacostituzione.info\/wp-content\/uploads\/2018\/01\/grasso-150x150.jpg\" alt=\"\" width=\"150\" height=\"150\" \/><\/td>\n<td>\u00a0<\/td>\n<\/tr>\n<tr>\n<td>Giorgia Meloni<img loading=\"lazy\" decoding=\"async\" src=\"http:\/\/www.lacostituzione.info\/wp-content\/uploads\/2018\/01\/meloni-150x150.jpg\" alt=\"\" width=\"150\" height=\"150\" \/><\/td>\n<td>\u00a0<\/td>\n<\/tr>\n<tr>\n<td>Beatrice Lorenzin<img loading=\"lazy\" decoding=\"async\" src=\"http:\/\/www.lacostituzione.info\/wp-content\/uploads\/2018\/01\/lorenzin-150x150.jpg\" alt=\"\" width=\"150\" height=\"150\" \/><\/td>\n<td>\u00a0<\/td>\n<\/tr>\n<tr>\n<td>Emma Bonino<img loading=\"lazy\" decoding=\"async\" src=\"http:\/\/www.lacostituzione.info\/wp-content\/uploads\/2018\/01\/bonino-150x150.jpg\" alt=\"\" width=\"150\" height=\"150\" \/><\/td>\n<td>\u00a0<\/td>\n<\/tr>\n<\/tbody>\n<\/table>\n<p>\t\t\t\t\t\t\t\t\tFamiglia, pensioni, assistenza e ammortizzatori sociali<\/p>\n<table>\n<tbody>\n<tr>\n<td>Matteo Salvini<img loading=\"lazy\" decoding=\"async\" src=\"http:\/\/www.lacostituzione.info\/wp-content\/uploads\/2018\/01\/salvini1-150x150.jpg\" alt=\"\" width=\"150\" height=\"150\" \/><\/td>\n<td>La prima cosa che far\u00f2 da premier \u00e8 cancellare la Legge Fornero. Rivedere tutto il diritto di famiglia e cio\u00e8 assegno all&#8217;ex coniuge, affido condiviso, adozioni.<\/td>\n<\/tr>\n<tr>\n<td>Silvio Berlusconi<img loading=\"lazy\" decoding=\"async\" src=\"http:\/\/www.lacostituzione.info\/wp-content\/uploads\/2018\/01\/silvio-berlusconi-3-150x150.jpg\" alt=\"\" width=\"150\" height=\"150\" \/><\/td>\n<td>\n<p>Pensione minima a 1000 euro non tassabile per tredici mensilit\u00e0. Reddito di dignit\u00e0:\u00a0 (non ancora specificato l\u2019importo a sostegno delle famiglie povere). Anziani: cure odontoiatriche e per gli occhi, facilitazioni per i trasporti.<\/p>\n<p>In un prossimo futuro prospettiva di vita fino a 125 anni<\/p>\n<\/td>\n<\/tr>\n<tr>\n<td>Matteo Renzi<img loading=\"lazy\" decoding=\"async\" src=\"http:\/\/www.lacostituzione.info\/wp-content\/uploads\/2018\/01\/renzi-150x150.jpg\" alt=\"\" width=\"150\" height=\"150\" \/><\/td>\n<td>80 euro netti mensili: il bonus 2.0 va esteso ai genitori per ciascun figlio minorenne.<\/td>\n<\/tr>\n<tr>\n<td>Luigi Di Maio<img loading=\"lazy\" decoding=\"async\" src=\"http:\/\/www.lacostituzione.info\/wp-content\/uploads\/2018\/01\/di-maio-150x150.jpg\" alt=\"\" width=\"150\" height=\"150\" \/><\/td>\n<td>\n<p>Abbassamento dell&#8217;et\u00e0 pensionabile. Taglio delle pensioni da 5000 euro in su della parte non coperta dai contributi versati. Non aboliremo gli 80 euro voluti da Renzi. Reddito di cittadinanza: per i single a reddito zero 780 euro mensili, una famiglia di due pensionati avr\u00e0 pi\u00f9 di 1.150 euro al mese, fino a 1.950 euro per una famiglia senza reddito di 4 persone.<\/p>\n<\/td>\n<\/tr>\n<tr>\n<td>Pietro Grasso<img loading=\"lazy\" decoding=\"async\" src=\"http:\/\/www.lacostituzione.info\/wp-content\/uploads\/2018\/01\/grasso-150x150.jpg\" alt=\"\" width=\"150\" height=\"150\" \/><\/td>\n<td>\u00a0<\/td>\n<\/tr>\n<tr>\n<td>Giorgia Meloni<img loading=\"lazy\" decoding=\"async\" src=\"http:\/\/www.lacostituzione.info\/wp-content\/uploads\/2018\/01\/meloni-150x150.jpg\" alt=\"\" width=\"150\" height=\"150\" \/><\/td>\n<td>\n<p>Asilo nido gratuito per tutti. &#8220;Reddito bimbo&#8221; di 400 euro mensili per i primi sei anni di et\u00e0 e fino a 18 anni al secondo figlio. Congedo parentale coperto all&#8217;80% fino ai sei anni di et\u00e0 del bambino. Interventi sul prezzo del latte in polvere<\/p>\n<\/td>\n<\/tr>\n<tr>\n<td>Beatrice Lorenzin<img loading=\"lazy\" decoding=\"async\" src=\"http:\/\/www.lacostituzione.info\/wp-content\/uploads\/2018\/01\/lorenzin-150x150.jpg\" alt=\"\" width=\"150\" height=\"150\" \/><\/td>\n<td>\n<p>\u00a0Misure per la natalit\u00e0 universali, non legate al reddito e all&#8217;Isee.<\/p>\n<p>Un piano per la natalit\u00e0 che inizi prima del parto e arrivi almeno ai 5 anni di vita, con incentivi fiscali legati alla casa, al lavoro femminile, alla paternit\u00e0, alle esenzioni sanitarie, al nido .<\/p>\n<\/td>\n<\/tr>\n<tr>\n<td>Emma Bonino<img loading=\"lazy\" decoding=\"async\" src=\"http:\/\/www.lacostituzione.info\/wp-content\/uploads\/2018\/01\/bonino-150x150.jpg\" alt=\"\" width=\"150\" height=\"150\" \/><\/td>\n<td>\u00a0<\/td>\n<\/tr>\n<\/tbody>\n<\/table>\n<p>\t\t\t\t\t\t\t\t\tInfrastrutture<\/p>\n<table>\n<tbody>\n<tr>\n<td>Matteo Salvini<img loading=\"lazy\" decoding=\"async\" src=\"http:\/\/www.lacostituzione.info\/wp-content\/uploads\/2018\/01\/salvini1-150x150.jpg\" alt=\"\" width=\"150\" height=\"150\" \/><\/td>\n<td>\u00a0<\/td>\n<\/tr>\n<tr>\n<td>Silvio Berlusconi<img loading=\"lazy\" decoding=\"async\" src=\"http:\/\/www.lacostituzione.info\/wp-content\/uploads\/2018\/01\/silvio-berlusconi-3-150x150.jpg\" alt=\"\" width=\"150\" height=\"150\" \/><\/td>\n<td>\u00a0<\/td>\n<\/tr>\n<tr>\n<td>Matteo Renzi<img loading=\"lazy\" decoding=\"async\" src=\"http:\/\/www.lacostituzione.info\/wp-content\/uploads\/2018\/01\/renzi-150x150.jpg\" alt=\"\" width=\"150\" height=\"150\" \/><\/td>\n<td>\u00a0<\/td>\n<\/tr>\n<tr>\n<td>Luigi Di Maio<img loading=\"lazy\" decoding=\"async\" src=\"http:\/\/www.lacostituzione.info\/wp-content\/uploads\/2018\/01\/di-maio-150x150.jpg\" alt=\"\" width=\"150\" height=\"150\" \/><\/td>\n<td>Elimineremo i progetti inutili tra i quali sicuramente la Tav. Subito un piano straordinario per i ponti sul Po.<\/td>\n<\/tr>\n<tr>\n<td>Pietro Grasso<img loading=\"lazy\" decoding=\"async\" src=\"http:\/\/www.lacostituzione.info\/wp-content\/uploads\/2018\/01\/grasso-150x150.jpg\" alt=\"\" width=\"150\" height=\"150\" \/><\/td>\n<td>\n<p>\u00a0Nell&#8217;Italia devastata da incendi, inondazoni, terremoti \u00e8 importante proteggere popolazioni e territori con grandi investimenti mirati e strategici.<\/p>\n<p>Urgente un piano di messa in sicurezza del territorio, degli edifici scolastici, della rete idrica.<\/p>\n<\/td>\n<\/tr>\n<tr>\n<td>Giorgia Meloni<img loading=\"lazy\" decoding=\"async\" src=\"http:\/\/www.lacostituzione.info\/wp-content\/uploads\/2018\/01\/meloni-150x150.jpg\" alt=\"\" width=\"150\" height=\"150\" \/><\/td>\n<td>\u00a0<\/td>\n<\/tr>\n<tr>\n<td>Beatrice Lorenzin<img loading=\"lazy\" decoding=\"async\" src=\"http:\/\/www.lacostituzione.info\/wp-content\/uploads\/2018\/01\/lorenzin-150x150.jpg\" alt=\"\" width=\"150\" height=\"150\" \/><\/td>\n<td>\u00a0<\/td>\n<\/tr>\n<tr>\n<td>Emma Bonino<img loading=\"lazy\" decoding=\"async\" src=\"http:\/\/www.lacostituzione.info\/wp-content\/uploads\/2018\/01\/bonino-150x150.jpg\" alt=\"\" width=\"150\" height=\"150\" \/><\/td>\n<td>\u00a0<\/td>\n<\/tr>\n<\/tbody>\n<\/table>\n<p>\t\t\t\t\t\t\t\t\tAnimali<\/p>\n<table>\n<tbody>\n<tr>\n<td>Matteo Salvini<img loading=\"lazy\" decoding=\"async\" src=\"http:\/\/www.lacostituzione.info\/wp-content\/uploads\/2018\/01\/salvini1-150x150.jpg\" alt=\"\" width=\"150\" height=\"150\" \/><\/td>\n<td>\u00a0<\/td>\n<\/tr>\n<tr>\n<td>Silvio Berlusconi<img loading=\"lazy\" decoding=\"async\" src=\"http:\/\/www.lacostituzione.info\/wp-content\/uploads\/2018\/01\/silvio-berlusconi-3-150x150.jpg\" alt=\"\" width=\"150\" height=\"150\" \/><\/td>\n<td>\n<p>Agevolazioni fiscali per chi si prende cura di cani, gatti, ecc. e , per le persone in difficolt\u00e0 economiche, abolizione dell\u2019Iva sui cibi per cani<\/p>\n<p>Pensiamo di poter arrivare a visite quindicinali o mensili gratuite per chi non pu\u00f2 permettersi il veterinario<\/p>\n<\/td>\n<\/tr>\n<tr>\n<td>Matteo Renzi<img loading=\"lazy\" decoding=\"async\" src=\"http:\/\/www.lacostituzione.info\/wp-content\/uploads\/2018\/01\/renzi-150x150.jpg\" alt=\"\" width=\"150\" height=\"150\" \/><\/td>\n<td>\u00a0<\/td>\n<\/tr>\n<tr>\n<td>Luigi Di Maio<img loading=\"lazy\" decoding=\"async\" src=\"http:\/\/www.lacostituzione.info\/wp-content\/uploads\/2018\/01\/di-maio-150x150.jpg\" alt=\"\" width=\"150\" height=\"150\" \/><\/td>\n<td>\u00a0<\/td>\n<\/tr>\n<tr>\n<td>Pietro Grasso<img loading=\"lazy\" decoding=\"async\" src=\"http:\/\/www.lacostituzione.info\/wp-content\/uploads\/2018\/01\/grasso-150x150.jpg\" alt=\"\" width=\"150\" height=\"150\" \/><\/td>\n<td>\u00a0<\/td>\n<\/tr>\n<tr>\n<td>Giorgia Meloni<img loading=\"lazy\" decoding=\"async\" src=\"http:\/\/www.lacostituzione.info\/wp-content\/uploads\/2018\/01\/meloni-150x150.jpg\" alt=\"\" width=\"150\" height=\"150\" \/><\/td>\n<td>\u00a0<\/td>\n<\/tr>\n<tr>\n<td>Beatrice Lorenzin<img loading=\"lazy\" decoding=\"async\" src=\"http:\/\/www.lacostituzione.info\/wp-content\/uploads\/2018\/01\/lorenzin-150x150.jpg\" alt=\"\" width=\"150\" height=\"150\" \/><\/td>\n<td>\u00a0<\/td>\n<\/tr>\n<tr>\n<td>Emma Bonino<img loading=\"lazy\" decoding=\"async\" src=\"http:\/\/www.lacostituzione.info\/wp-content\/uploads\/2018\/01\/bonino-150x150.jpg\" alt=\"\" width=\"150\" height=\"150\" \/><\/td>\n<td>\u00a0<\/td>\n<\/tr>\n<\/tbody>\n<\/table>\n<p>\t\t\t\t\t\t\t\t\tAltro<\/p>\n<table>\n<tbody>\n<tr>\n<td>Matteo Salvini<\/td>\n<td>\u00a0<\/td>\n<\/tr>\n<tr>\n<td>Silvio Berlusconi<\/td>\n<td>\u00a0<\/td>\n<\/tr>\n<tr>\n<td>Matteo Renzi<\/td>\n<td>\u00a0<\/td>\n<\/tr>\n<tr>\n<td>Luigi Di Maio<\/td>\n<td>\u00a0<\/td>\n<\/tr>\n<tr>\n<td>Pietro Grasso<\/td>\n<td>\u00a0<\/td>\n<\/tr>\n<tr>\n<td>Giorgia Meloni<\/td>\n<td>\u00a0<\/td>\n<\/tr>\n<tr>\n<td>Beatrice Lorenzin<\/td>\n<td>\u00a0<\/td>\n<\/tr>\n<tr>\n<td>\u00a0<\/td>\n<td>\u00a0<\/td>\n<\/tr>\n<tr>\n<td>\u00a0<\/td>\n<td>\u00a0<\/td>\n<\/tr>\n<\/tbody>\n<\/table>\n<p>\t\t\t\t\t\t\t\t\tAltro<\/p>\n<table>\n<tbody>\n<tr>\n<td>Matteo Salvini<\/td>\n<td>\u00a0<\/td>\n<\/tr>\n<tr>\n<td>Silvio Berlusconi<\/td>\n<td>\u00a0<\/td>\n<\/tr>\n<tr>\n<td>Matteo Renzi<\/td>\n<td>\u00a0<\/td>\n<\/tr>\n<tr>\n<td>Luigi Di Maio<\/td>\n<td>\u00a0<\/td>\n<\/tr>\n<tr>\n<td>Pietro Grasso<\/td>\n<td>\u00a0<\/td>\n<\/tr>\n<tr>\n<td>Giorgia Meloni<\/td>\n<td>\u00a0<\/td>\n<\/tr>\n<tr>\n<td>Beatrice Lorenzin<\/td>\n<td>\u00a0<\/td>\n<\/tr>\n<tr>\n<td>\u00a0<\/td>\n<td>\u00a0<\/td>\n<\/tr>\n<tr>\n<td>\u00a0<\/td>\n<td>\u00a0<\/td>\n<\/tr>\n<\/tbody>\n<\/table>\n","protected":false},"excerpt":{"rendered":"<p>Ultime del promessometro. La pi\u00f9 importante \u00e8 di Matteo Renzi che promette: &#8220;Mai al governo con Berlusconi, ha gia guidato il Paese e ha fallito&#8221;. Berlusconi ci ripensa sul Jobs Act. Di\u00a0 Maio promette l&#8217;abolizione della legge sugli studi di settore, l&#8217;abolizione del redditometro e dello spesometro. Salvini si corregge in parte sui vaccini e &#8230; <a title=\"Leader per leader, il catalogo delle promesse elettorali. Ecco le ultime\" class=\"read-more\" href=\"https:\/\/www.lacostituzione.info\/index.php\/2018\/01\/10\/leader-per-leader-il-catalogo-delle-promesse-elettorali\/\">Leggi tutto<\/a><\/p>\n<div class='heateorSssClear'><\/div><div  class='heateor_sss_sharing_container heateor_sss_horizontal_sharing' data-heateor-sss-href='https:\/\/www.lacostituzione.info\/index.php\/2018\/01\/10\/leader-per-leader-il-catalogo-delle-promesse-elettorali\/'><div class='heateor_sss_sharing_title' style=\"font-weight:bold\" >Condividi!<\/div><div class=\"heateor_sss_sharing_ul\"><a aria-label=\"Facebook\" class=\"heateor_sss_facebook\" href=\"https:\/\/www.facebook.com\/sharer\/sharer.php?u=https%3A%2F%2Fwww.lacostituzione.info%2Findex.php%2F2018%2F01%2F10%2Fleader-per-leader-il-catalogo-delle-promesse-elettorali%2F\" title=\"Facebook\" rel=\"nofollow noopener\" target=\"_blank\" style=\"font-size:32px!important;box-shadow:none;display:inline-block;vertical-align:middle\"><span class=\"heateor_sss_svg\" style=\"background-color:#0765FE;width:35px;height:35px;display:inline-block;opacity:1;float:left;font-size:32px;box-shadow:none;display:inline-block;font-size:16px;padding:0 4px;vertical-align:middle;background-repeat:repeat;overflow:hidden;padding:0;cursor:pointer;box-sizing:content-box\"><svg style=\"display:block;\" focusable=\"false\" aria-hidden=\"true\" xmlns=\"http:\/\/www.w3.org\/2000\/svg\" width=\"100%\" height=\"100%\" viewBox=\"0 0 32 32\"><path fill=\"#fff\" d=\"M28 16c0-6.627-5.373-12-12-12S4 9.373 4 16c0 5.628 3.875 10.35 9.101 11.647v-7.98h-2.474V16H13.1v-1.58c0-4.085 1.849-5.978 5.859-5.978.76 0 2.072.15 2.608.298v3.325c-.283-.03-.775-.045-1.386-.045-1.967 0-2.728.745-2.728 2.683V16h3.92l-.673 3.667h-3.247v8.245C23.395 27.195 28 22.135 28 16Z\"><\/path><\/svg><\/span><\/a><a aria-label=\"Twitter\" class=\"heateor_sss_button_twitter\" href=\"https:\/\/twitter.com\/intent\/tweet?text=Leader%20per%20leader%2C%20il%20catalogo%20delle%20promesse%20elettorali.%20Ecco%20le%20ultime&url=https%3A%2F%2Fwww.lacostituzione.info%2Findex.php%2F2018%2F01%2F10%2Fleader-per-leader-il-catalogo-delle-promesse-elettorali%2F\" title=\"Twitter\" rel=\"nofollow noopener\" target=\"_blank\" style=\"font-size:32px!important;box-shadow:none;display:inline-block;vertical-align:middle\"><span class=\"heateor_sss_svg heateor_sss_s__default heateor_sss_s_twitter\" style=\"background-color:#55acee;width:35px;height:35px;display:inline-block;opacity:1;float:left;font-size:32px;box-shadow:none;display:inline-block;font-size:16px;padding:0 4px;vertical-align:middle;background-repeat:repeat;overflow:hidden;padding:0;cursor:pointer;box-sizing:content-box\"><svg style=\"display:block;\" focusable=\"false\" aria-hidden=\"true\" xmlns=\"http:\/\/www.w3.org\/2000\/svg\" width=\"100%\" height=\"100%\" viewBox=\"-4 -4 39 39\"><path d=\"M28 8.557a9.913 9.913 0 0 1-2.828.775 4.93 4.93 0 0 0 2.166-2.725 9.738 9.738 0 0 1-3.13 1.194 4.92 4.92 0 0 0-3.593-1.55 4.924 4.924 0 0 0-4.794 6.049c-4.09-.21-7.72-2.17-10.15-5.15a4.942 4.942 0 0 0-.665 2.477c0 1.71.87 3.214 2.19 4.1a4.968 4.968 0 0 1-2.23-.616v.06c0 2.39 1.7 4.38 3.952 4.83-.414.115-.85.174-1.297.174-.318 0-.626-.03-.928-.086a4.935 4.935 0 0 0 4.6 3.42 9.893 9.893 0 0 1-6.114 2.107c-.398 0-.79-.023-1.175-.068a13.953 13.953 0 0 0 7.55 2.213c9.056 0 14.01-7.507 14.01-14.013 0-.213-.005-.426-.015-.637.96-.695 1.795-1.56 2.455-2.55z\" fill=\"#fff\"><\/path><\/svg><\/span><\/a><a aria-label=\"Reddit\" class=\"heateor_sss_button_reddit\" href=\"https:\/\/reddit.com\/submit?url=https%3A%2F%2Fwww.lacostituzione.info%2Findex.php%2F2018%2F01%2F10%2Fleader-per-leader-il-catalogo-delle-promesse-elettorali%2F&title=Leader%20per%20leader%2C%20il%20catalogo%20delle%20promesse%20elettorali.%20Ecco%20le%20ultime\" title=\"Reddit\" rel=\"nofollow noopener\" target=\"_blank\" style=\"font-size:32px!important;box-shadow:none;display:inline-block;vertical-align:middle\"><span class=\"heateor_sss_svg heateor_sss_s__default heateor_sss_s_reddit\" style=\"background-color:#ff5700;width:35px;height:35px;display:inline-block;opacity:1;float:left;font-size:32px;box-shadow:none;display:inline-block;font-size:16px;padding:0 4px;vertical-align:middle;background-repeat:repeat;overflow:hidden;padding:0;cursor:pointer;box-sizing:content-box\"><svg style=\"display:block;\" focusable=\"false\" aria-hidden=\"true\" xmlns=\"http:\/\/www.w3.org\/2000\/svg\" width=\"100%\" height=\"100%\" viewBox=\"-3.5 -3.5 39 39\"><path d=\"M28.543 15.774a2.953 2.953 0 0 0-2.951-2.949 2.882 2.882 0 0 0-1.9.713 14.075 14.075 0 0 0-6.85-2.044l1.38-4.349 3.768.884a2.452 2.452 0 1 0 .24-1.176l-4.274-1a.6.6 0 0 0-.709.4l-1.659 5.224a14.314 14.314 0 0 0-7.316 2.029 2.908 2.908 0 0 0-1.872-.681 2.942 2.942 0 0 0-1.618 5.4 5.109 5.109 0 0 0-.062.765c0 4.158 5.037 7.541 11.229 7.541s11.22-3.383 11.22-7.541a5.2 5.2 0 0 0-.053-.706 2.963 2.963 0 0 0 1.427-2.51zm-18.008 1.88a1.753 1.753 0 0 1 1.73-1.74 1.73 1.73 0 0 1 1.709 1.74 1.709 1.709 0 0 1-1.709 1.711 1.733 1.733 0 0 1-1.73-1.711zm9.565 4.968a5.573 5.573 0 0 1-4.081 1.272h-.032a5.576 5.576 0 0 1-4.087-1.272.6.6 0 0 1 .844-.854 4.5 4.5 0 0 0 3.238.927h.032a4.5 4.5 0 0 0 3.237-.927.6.6 0 1 1 .844.854zm-.331-3.256a1.726 1.726 0 1 1 1.709-1.712 1.717 1.717 0 0 1-1.712 1.712z\" fill=\"#fff\"\/><\/svg><\/span><\/a><a aria-label=\"Linkedin\" class=\"heateor_sss_button_linkedin\" href=\"https:\/\/www.linkedin.com\/sharing\/share-offsite\/?url=https%3A%2F%2Fwww.lacostituzione.info%2Findex.php%2F2018%2F01%2F10%2Fleader-per-leader-il-catalogo-delle-promesse-elettorali%2F\" title=\"Linkedin\" rel=\"nofollow noopener\" target=\"_blank\" style=\"font-size:32px!important;box-shadow:none;display:inline-block;vertical-align:middle\"><span class=\"heateor_sss_svg heateor_sss_s__default heateor_sss_s_linkedin\" style=\"background-color:#0077b5;width:35px;height:35px;display:inline-block;opacity:1;float:left;font-size:32px;box-shadow:none;display:inline-block;font-size:16px;padding:0 4px;vertical-align:middle;background-repeat:repeat;overflow:hidden;padding:0;cursor:pointer;box-sizing:content-box\"><svg style=\"display:block;\" focusable=\"false\" aria-hidden=\"true\" xmlns=\"http:\/\/www.w3.org\/2000\/svg\" width=\"100%\" height=\"100%\" viewBox=\"0 0 32 32\"><path d=\"M6.227 12.61h4.19v13.48h-4.19V12.61zm2.095-6.7a2.43 2.43 0 0 1 0 4.86c-1.344 0-2.428-1.09-2.428-2.43s1.084-2.43 2.428-2.43m4.72 6.7h4.02v1.84h.058c.56-1.058 1.927-2.176 3.965-2.176 4.238 0 5.02 2.792 5.02 6.42v7.395h-4.183v-6.56c0-1.564-.03-3.574-2.178-3.574-2.18 0-2.514 1.7-2.514 3.46v6.668h-4.187V12.61z\" fill=\"#fff\"><\/path><\/svg><\/span><\/a><a aria-label=\"Pinterest\" class=\"heateor_sss_button_pinterest\" href=\"https:\/\/www.lacostituzione.info\/index.php\/2018\/01\/10\/leader-per-leader-il-catalogo-delle-promesse-elettorali\/\" onclick=\"event.preventDefault();javascript:void( (function() {var e=document.createElement('script' );e.setAttribute('type','text\/javascript' );e.setAttribute('charset','UTF-8' );e.setAttribute('src','\/\/assets.pinterest.com\/js\/pinmarklet.js?r='+Math.random()*99999999);document.body.appendChild(e)})());\" title=\"Pinterest\" rel=\"noopener\" style=\"font-size:32px!important;box-shadow:none;display:inline-block;vertical-align:middle\"><span class=\"heateor_sss_svg heateor_sss_s__default heateor_sss_s_pinterest\" style=\"background-color:#cc2329;width:35px;height:35px;display:inline-block;opacity:1;float:left;font-size:32px;box-shadow:none;display:inline-block;font-size:16px;padding:0 4px;vertical-align:middle;background-repeat:repeat;overflow:hidden;padding:0;cursor:pointer;box-sizing:content-box\"><svg style=\"display:block;\" focusable=\"false\" aria-hidden=\"true\" xmlns=\"http:\/\/www.w3.org\/2000\/svg\" width=\"100%\" height=\"100%\" viewBox=\"-2 -2 35 35\"><path fill=\"#fff\" d=\"M16.539 4.5c-6.277 0-9.442 4.5-9.442 8.253 0 2.272.86 4.293 2.705 5.046.303.125.574.005.662-.33.061-.231.205-.816.27-1.06.088-.331.053-.447-.191-.736-.532-.627-.873-1.439-.873-2.591 0-3.338 2.498-6.327 6.505-6.327 3.548 0 5.497 2.168 5.497 5.062 0 3.81-1.686 7.025-4.188 7.025-1.382 0-2.416-1.142-2.085-2.545.397-1.674 1.166-3.48 1.166-4.689 0-1.081-.581-1.983-1.782-1.983-1.413 0-2.548 1.462-2.548 3.419 0 1.247.421 2.091.421 2.091l-1.699 7.199c-.505 2.137-.076 4.755-.039 5.019.021.158.223.196.314.077.13-.17 1.813-2.247 2.384-4.324.162-.587.929-3.631.929-3.631.46.876 1.801 1.646 3.227 1.646 4.247 0 7.128-3.871 7.128-9.053.003-3.918-3.317-7.568-8.361-7.568z\"\/><\/svg><\/span><\/a><a aria-label=\"Whatsapp\" class=\"heateor_sss_whatsapp\" href=\"https:\/\/api.whatsapp.com\/send?text=Leader%20per%20leader%2C%20il%20catalogo%20delle%20promesse%20elettorali.%20Ecco%20le%20ultime%20https%3A%2F%2Fwww.lacostituzione.info%2Findex.php%2F2018%2F01%2F10%2Fleader-per-leader-il-catalogo-delle-promesse-elettorali%2F\" title=\"Whatsapp\" rel=\"nofollow noopener\" target=\"_blank\" style=\"font-size:32px!important;box-shadow:none;display:inline-block;vertical-align:middle\"><span class=\"heateor_sss_svg\" style=\"background-color:#55eb4c;width:35px;height:35px;display:inline-block;opacity:1;float:left;font-size:32px;box-shadow:none;display:inline-block;font-size:16px;padding:0 4px;vertical-align:middle;background-repeat:repeat;overflow:hidden;padding:0;cursor:pointer;box-sizing:content-box\"><svg style=\"display:block;\" focusable=\"false\" aria-hidden=\"true\" xmlns=\"http:\/\/www.w3.org\/2000\/svg\" width=\"100%\" height=\"100%\" viewBox=\"-6 -5 40 40\"><path class=\"heateor_sss_svg_stroke heateor_sss_no_fill\" stroke=\"#fff\" stroke-width=\"2\" fill=\"none\" d=\"M 11.579798566743314 24.396926207859085 A 10 10 0 1 0 6.808479557110079 20.73576436351046\"><\/path><path d=\"M 7 19 l -1 6 l 6 -1\" class=\"heateor_sss_no_fill heateor_sss_svg_stroke\" stroke=\"#fff\" stroke-width=\"2\" fill=\"none\"><\/path><path d=\"M 10 10 q -1 8 8 11 c 5 -1 0 -6 -1 -3 q -4 -3 -5 -5 c 4 -2 -1 -5 -1 -4\" fill=\"#fff\"><\/path><\/svg><\/span><\/a><\/div><div class=\"heateorSssClear\"><\/div><\/div><div class='heateorSssClear'><\/div>","protected":false},"author":4,"featured_media":0,"comment_status":"open","ping_status":"open","sticky":false,"template":"","format":"standard","meta":{"jetpack_post_was_ever_published":false,"_jetpack_newsletter_access":"","_jetpack_dont_email_post_to_subs":false,"_jetpack_newsletter_tier_id":0,"_jetpack_memberships_contains_paywalled_content":false,"_jetpack_memberships_contains_paid_content":false,"footnotes":"","jetpack_publicize_message":"","jetpack_publicize_feature_enabled":true,"jetpack_social_post_already_shared":false,"jetpack_social_options":{"image_generator_settings":{"template":"highway","default_image_id":0,"enabled":false},"version":2}},"categories":[4,956,974,29],"tags":[668,976,983,981],"class_list":["post-3891","post","type-post","status-publish","format-standard","hentry","category-attualita","category-elezioni-2018","category-promesse-elezioni2018","category-senza-categoria","tag-campagna-elettorale","tag-elezioni-2018","tag-leader","tag-promesse-elettorali"],"jetpack_publicize_connections":[],"jetpack_featured_media_url":"","jetpack_shortlink":"https:\/\/wp.me\/p84sDq-10L","jetpack_likes_enabled":true,"jetpack_sharing_enabled":true,"_links":{"self":[{"href":"https:\/\/www.lacostituzione.info\/index.php\/wp-json\/wp\/v2\/posts\/3891","targetHints":{"allow":["GET"]}}],"collection":[{"href":"https:\/\/www.lacostituzione.info\/index.php\/wp-json\/wp\/v2\/posts"}],"about":[{"href":"https:\/\/www.lacostituzione.info\/index.php\/wp-json\/wp\/v2\/types\/post"}],"author":[{"embeddable":true,"href":"https:\/\/www.lacostituzione.info\/index.php\/wp-json\/wp\/v2\/users\/4"}],"replies":[{"embeddable":true,"href":"https:\/\/www.lacostituzione.info\/index.php\/wp-json\/wp\/v2\/comments?post=3891"}],"version-history":[{"count":0,"href":"https:\/\/www.lacostituzione.info\/index.php\/wp-json\/wp\/v2\/posts\/3891\/revisions"}],"wp:attachment":[{"href":"https:\/\/www.lacostituzione.info\/index.php\/wp-json\/wp\/v2\/media?parent=3891"}],"wp:term":[{"taxonomy":"category","embeddable":true,"href":"https:\/\/www.lacostituzione.info\/index.php\/wp-json\/wp\/v2\/categories?post=3891"},{"taxonomy":"post_tag","embeddable":true,"href":"https:\/\/www.lacostituzione.info\/index.php\/wp-json\/wp\/v2\/tags?post=3891"}],"curies":[{"name":"wp","href":"https:\/\/api.w.org\/{rel}","templated":true}]}}