{"id":4361,"date":"2018-01-16T17:07:12","date_gmt":"2018-01-16T16:07:12","guid":{"rendered":"http:\/\/www.lacostituzione.info\/?p=4361"},"modified":"2018-01-19T18:00:37","modified_gmt":"2018-01-19T17:00:37","slug":"regione-sardegna-appunti-per-una-storia-della-coscienza-costituzionale-della-classe-politica-sarda-1948-2018","status":"publish","type":"post","link":"https:\/\/www.lacostituzione.info\/index.php\/2018\/01\/16\/regione-sardegna-appunti-per-una-storia-della-coscienza-costituzionale-della-classe-politica-sarda-1948-2018\/","title":{"rendered":"REGIONE SARDEGNA <br>Appunti per una storia della coscienza costituzionale della classe politica sarda (1948-2018)"},"content":{"rendered":"<p style=\"text-align: center;\"><img loading=\"lazy\" decoding=\"async\" data-attachment-id=\"4366\" data-permalink=\"https:\/\/www.lacostituzione.info\/index.php\/2018\/01\/16\/regione-sardegna-appunti-per-una-storia-della-coscienza-costituzionale-della-classe-politica-sarda-1948-2018\/stemma_sardegna\/#main\" data-orig-file=\"https:\/\/www.lacostituzione.info\/wp-content\/uploads\/2018\/01\/stemma_sardegna.gif\" data-orig-size=\"443,500\" data-comments-opened=\"1\" data-image-meta=\"{&quot;aperture&quot;:&quot;0&quot;,&quot;credit&quot;:&quot;&quot;,&quot;camera&quot;:&quot;&quot;,&quot;caption&quot;:&quot;&quot;,&quot;created_timestamp&quot;:&quot;0&quot;,&quot;copyright&quot;:&quot;&quot;,&quot;focal_length&quot;:&quot;0&quot;,&quot;iso&quot;:&quot;0&quot;,&quot;shutter_speed&quot;:&quot;0&quot;,&quot;title&quot;:&quot;&quot;,&quot;orientation&quot;:&quot;0&quot;}\" data-image-title=\"stemma_sardegna\" data-image-description=\"\" data-image-caption=\"\" data-medium-file=\"https:\/\/www.lacostituzione.info\/wp-content\/uploads\/2018\/01\/stemma_sardegna-266x300.gif\" data-large-file=\"https:\/\/www.lacostituzione.info\/wp-content\/uploads\/2018\/01\/stemma_sardegna.gif\" class=\"aligncenter size-medium wp-image-4366\" src=\"http:\/\/www.lacostituzione.info\/wp-content\/uploads\/2018\/01\/stemma_sardegna-266x300.gif\" alt=\"\" width=\"266\" height=\"300\" \/>di <b>Roberto Deriu<\/b><\/p>\n<p>Il capogruppo del Pd nel Consiglio regionale sardo, Roberto Deriu, ci ha inviato\u00a0 una interessentatissima e stimolante\u00a0 ricognizione della relazione tra sistema dei partiti, cultura politica e forma di governo nella dinamica storica dell&#8217;Autonomia speciale della Sardegna dal dopoguerra a oggi. <!--more-->di <strong>Roberto Deriu*<\/strong><\/p>\n<p><strong>CULTURA POLITICA E INTERPRETAZIONE COSTITUZIONALE<\/strong><br \/>\nSeguendo un&#8217;impostazione ormai classica come quella che Leopoldo Elia diede nel 1970, quando scrisse che &#8220;[&#8230;] le forme di governo dello stato democratico non possono pi\u00f9 essere n\u00e9 classificate n\u00e9 studiate, anche dal punto di vista giuridico, prescindendo dal \u00absistema di partiti\u00bb&#8221;, poich\u00e9 ci\u00f2 &#8220;[&#8230;] \u00e8 esplicitamente o implicitamente presupposto dalle norme costituzionali vigenti&#8221;, possiamo ritenere utile una ricognizione della relazione tra sistema dei partiti, cultura politica e forma di governo nella dinamica storica dell&#8217;Autonomia speciale della Sardegna.<br \/>\nProseguendo nel solco di Elia, pu\u00f2 ben affermarsi &#8220;[&#8230;] chiarissimo che l&#8217;art. 49 cost. e gli art. 72 e 82 cost. presuppongono una pluralit\u00e0 di partiti e di gruppi parlamentari, senza di che le stesse regole previste dalla Carta non potrebbero applicarsi&#8221;, tesi ben estensibile al microsistema costituzionale al quale ha dato vita nel 1948 la l. Cost. N. 3 che ha approvato lo statuto speciale della Sardegna.<br \/>\nParliamo di &#8220;microsistema costituzionale&#8221; non certo nell&#8217;intento di accreditare tesi fantasiose di estraneit\u00e0 o distanza tra la Repubblica e la sua regione speciale della Sardegna, o di &#8220;erosione dell&#8217;accezione classica di sovranit\u00e0&#8221;, confutate con nettezza dalla sentenza della Corte cost. 24 ottobre 2007 n. 365, ma semmai di ribadire i concetti ormai pacifici dell&#8217;articolato pluralismo istituzionale che compone l&#8217;ordinamento repubblicano secondo una consolidata interpretazione che va dal Benvenuti al Berti, sino al pregevole recente contributo di Elena di Carpegna Brivio in materia di forma repubblicana nell&#8217;evoluzione delle autonomie territoriali.<br \/>\nVero \u00e8 anche per\u00f2 che la relazione tra Stato centrale e autonomie si \u00e8 evoluta anche soprattutto sotto il profilo costituzionale nel corso degli anni, in relazione ad eventi storici, economici e sociali decisivi per la Repubblica.<\/p>\n<p><strong>LA CLASSE POLITICA DELLA \u201cRINASCITA\u201d: GLI INTEGRATI<\/strong><br \/>\nIn particolare questo breve contributo mira ad evidenziare il ruolo della classe politica sarda durante quella che la storiografia regionale ha definito \u201cgli anni della Rinascita\u201c, coincidenti con gli anni \u201850 e \u201860 del secolo scorso e il cui influsso \u00e8 estendibile, sotto i profili che ci riguardano, al ventennio successivo, trascorso il quale inizi\u00f2 invece la fase che qua vogliamo definire \u201cdel gregariato istituzionale e politico\u201c.<br \/>\nPer chiarire tale concetto giova pertanto tratteggiare la fisionomia della classe politica della Rinascita per poi determinare il nuovo assetto politico e le sue conseguenze nella interpretazione costituzionale che di se stessa ha dato la Sardegna dagli anni \u201890 del Novecento fino ai giorni nostri, attraversando una fase storico-politica caratterizzata da importanti mutamenti nella vita costituzionale italiana.<br \/>\nLa classe politica della rinascita fu perfettamente e completamente integrata nel sistema politico italiano e naturalmente e pienamente solidale con l\u2019interpretazione costituzionale cos\u00ec come and\u00f2 articolandosi sino alla istituzione delle regioni a statuto ordinario, nel 1970.<br \/>\nLa politica isolana fu, sin dalla nascita della Repubblica (per certi versi anche prima, attraverso le organizzazioni antifascista clandestine e della resistenza) guidata da personalit\u00e0 di primo piano sul livello nazionale italiano.<br \/>\nIn questa sede risulta superfluo trattare in maniera puntuale tale incontestabile verit\u00e0 storica, e sar\u00e0 pertanto sufficiente limitarci ad indicare poche figure di primo piano della politica sarda: i due che assursero alla massima magistratura della Repubblica, cio\u00e8 Antonio Segni e Francesco Cossiga; il segretario del PCI Enrico Berlinguer; il fondatore del Partito Sardo d\u2019Azione e costituente Emilio Lussu; quattro nomi da soli sufficienti per rendere patente l\u2019integrazione completa della classe politica sarda con quella italiana.<br \/>\nTale posizione di completa e centrale integrazione (non si esagererebbe anche a definirla di leadership) consent\u00ec anzi postul\u00f2 l\u2019aderenza spontanea alla cultura politica e giuridica nazionale, alla quale molte di quelle personalit\u00e0 contribuirono in modo attivo quali giuristi.<br \/>\nPossiamo dire che la classe politica sarda dell\u2019epoca in esame non solo si relazion\u00f2 con quella italiana senza complessi di inferiorit\u00e0, ma ne fu elemento trainante e caratterizzante.<br \/>\nL\u2019assenza di un complesso di inferiorit\u00e0 o tantomeno di estraneit\u00e0 nei confronti dello Stato centrale, che viceversa contribuiva guidare, ha pertanto indotto la classe politica isolana ad avvantaggiare l\u2019idea di una interpretazione dello Stato regionalista assai vicina alla sensibilit\u00e0 attuale (che pur risente degli influssi della legislazione della crisi), come quella espressa nella sentenza della Corte cost. 7 giugno 2012, n. 148, che afferma che lo Stato, avendo la responsabilit\u00e0 della politica economica nazionale, deve poter intervenire con la dovuta urgenza rapidit\u00e0 nell\u2019interesse dell\u2019intera comunit\u00e0. Principio che di per s\u00e9 potrebbe essere confuso, secondo talune antiche e contemporanee dottrine \u201csovraniste\u201d, con la posizione predominante dello Stato rispetto alle autonomie ridotte al rango delle precostituzionali autarchie.<br \/>\nLa classe politica della Rinascita volse invece tale principio a suo vantaggio, attraverso la concertazione tra Stato e Regione di intense misure di riequilibrio dello svantaggio economico della Sardegna in attuazione alla previsione del \u201cpiano di rinascita\u201c contenuta nello Statuto speciale, scegliendo quindi quel vasto campo di intervento economico pubblico quale esercizio della leale collaborazione secondo la formulazione durevolmente e anche recentemente ribadita dalla Corte costituzionale rispetto alla quale la Repubblica, e, per essa, in primo luogo lo Stato, opera alla ricerca costante della ricomposizione unitaria dei soggetti e degli interessi, e ci\u00f2 proprio come riconferma della omogeneit\u00e0 della comunit\u00e0 nazionale.<\/p>\n<p><strong>LA CLASSE POLITICA CONTEMPORANEA: I GREGARI<\/strong><\/p>\n<p>Nei primi anni \u201890 del secolo scorso si concluse la prima fase della Repubblica, col tramonto dei partiti fondatori e l\u2019avvento di un nuovo sistema elettorale, nonch\u00e9, a partire dalla met\u00e0 di quel decennio, dell\u2019elezione diretta dei vertici delle regioni e degli enti locali.<br \/>\nLe Sardegna fu in quella circostanza allineata temporalmente alle vicende elettorali del Parlamento, poich\u00e9 le prime elezioni politiche della seconda fase (c.d. Seconda Repubblica) si tennero nel 1994, in coincidenza delle elezioni del Consiglio regionale.<br \/>\nIn quella circostanza, il personale politico \u201cnazionale\u201d sardo pass\u00f2 la mano ad una pi\u00f9 ristretta pattuglia di esponenti provenienti dal sistema istituzionale regionale, e fecero il loro ingresso in Parlamento gli homines novi dei nuovi partiti del Centrodestra.<br \/>\nIl Centrodestra fu dominato dalla figura dell\u2019uomo di fiducia di Silvio Berlusconi, Romano Comincioli, personalit\u00e0 estranea alle istituzioni e alla classe politica sarda.<br \/>\nNel Centrosinistra, le figure dominanti divennero i nuovi parlamentari, che per\u00f2 prolungarono la formula \u201ctecnica\u201d dell\u2019ultima giunta regionale della Prima Repubblica nell\u2019individuazione, da allora in poi, di candidati presidenti della Regione sempre selezionati al di fuori della classe politica.<br \/>\nI due fatti appena illustrati ebbero la conseguenza, combinandosi insieme, di determinare una netta cesura tra classe politica italiana (con la sua componente sarda, la quale seguit\u00f2 a svolgere un ruolo di attiva integrazione, seppur ridimensionato) e quella sarda.<br \/>\nLa classe politica sarda conobbe, da quel momento e nel suo insieme, una fase di ultraventennale gregariato politico nei confronti della politica italiana.<br \/>\nTale atteggiamento di fondo fu causa della brusca interruzione della tradizionale interpretazione dell\u2019Autonomia sarda come elaborazione politico-programmatica concepita ed attuata in stretta relazione con le strutture istituzionali e amministrative dello Stato, in quanto frutto della congiunta ed indistinguibile volont\u00e0 di un\u2019unico ceto di governo.<br \/>\nLa cesura tra le due fasi fu netta, e lasci\u00f2 la politica sarda priva dei tradizionali strumenti di correzione delle asimmetrie strutturali del territorio regionale, articolato in realt\u00e0 tanto diverse tra loro da farci parlare, con formula paradossale, di Sardegne, al plurale.<br \/>\nNon \u00e8 casuale che durante quella fase dell\u2019Autonomia esplosero in Sardegna le contraddizioni, i conflitti e le contrapposizioni tra i territori dei quali essa si compone, determinando ad esempio l\u2019esasperata e in fondo parossistica soluzione delle otto province.<br \/>\nLe relazioni tra Regione ed Enti Territoriali cominciarono infatti da quel momento a conoscere una stagione caratterizzata da rapporti tormentati, durante la quale \u00e8 stato impossibile determinare un equilibrata relazione improntata alla leale collaborazione; viceversa si \u00e8 cristallizzata la giustapposizione delle istituzioni tra loro, accentuata dai mutamenti indotti dall\u2019introduzione dell\u2019elezione diretta dei vertici di comuni, province e regioni.<\/p>\n<p><strong>CONCLUSIONI (PROVVISORIE): DALL\u2019IDEM SENTIRE AL BELLUM OMNIUM ERGA OMNES<\/strong><\/p>\n<p>Si pass\u00f2 dunque da una classe politica omogenea ed integrata a quella italiana, capace di dirigere la Repubblica anche (ma non solo) verso le necessit\u00e0 dell\u2019Isola, ad una congerie di storie individuali, di cordate elettorali e di dominio, dominate dall\u2019ossessione (ad ogni livello) di tutelare il bacino elettorale di riferimento.<br \/>\nLa reazione a catena determinata dalla continua opposizione a chi sta sopra e sotto (regione contro stato ed enti locali; province contro regione e comuni; comuni contro tutti) annull\u00f2 le risorse della cooperazione interistituzionale sacrificandola alla competizione politica, sull\u2019altare della quale fu immolata la cultura costituzionale della classe politica che aveva prodotto la Rinascita.<br \/>\nSi pu\u00f2 uscire da tale crisi?<br \/>\nLe soluzioni hanno da essere radicali; pertanto debbono agire sulle cause, che, come abbiamo illustrato sopra, attengono al sistema politico (e quindi elettorale; istituzionale).<br \/>\nUn intervento che non coinvolga l\u2019intero sistema non offrir\u00e0 la via d\u2019uscita.<br \/>\nDella quale, invece, sentiamo davvero la necessit\u00e0.<\/p>\n<p><strong>\u00a0* <\/strong><em>Capogruppo Pd al Consiglio regionale sardo<\/em><\/p>\n","protected":false},"excerpt":{"rendered":"<p>di Roberto Deriu Il capogruppo del Pd nel Consiglio regionale sardo, Roberto Deriu, ci ha inviato\u00a0 una interessentatissima e stimolante\u00a0 ricognizione della relazione tra sistema dei partiti, cultura politica e forma di governo nella dinamica storica dell&#8217;Autonomia speciale della Sardegna dal dopoguerra a oggi.<\/p>\n<div class='heateorSssClear'><\/div><div  class='heateor_sss_sharing_container heateor_sss_horizontal_sharing' data-heateor-sss-href='https:\/\/www.lacostituzione.info\/index.php\/2018\/01\/16\/regione-sardegna-appunti-per-una-storia-della-coscienza-costituzionale-della-classe-politica-sarda-1948-2018\/'><div class='heateor_sss_sharing_title' style=\"font-weight:bold\" >Condividi!<\/div><div class=\"heateor_sss_sharing_ul\"><a aria-label=\"Facebook\" class=\"heateor_sss_facebook\" href=\"https:\/\/www.facebook.com\/sharer\/sharer.php?u=https%3A%2F%2Fwww.lacostituzione.info%2Findex.php%2F2018%2F01%2F16%2Fregione-sardegna-appunti-per-una-storia-della-coscienza-costituzionale-della-classe-politica-sarda-1948-2018%2F\" title=\"Facebook\" rel=\"nofollow noopener\" target=\"_blank\" style=\"font-size:32px!important;box-shadow:none;display:inline-block;vertical-align:middle\"><span class=\"heateor_sss_svg\" style=\"background-color:#0765FE;width:35px;height:35px;display:inline-block;opacity:1;float:left;font-size:32px;box-shadow:none;display:inline-block;font-size:16px;padding:0 4px;vertical-align:middle;background-repeat:repeat;overflow:hidden;padding:0;cursor:pointer;box-sizing:content-box\"><svg style=\"display:block;\" focusable=\"false\" aria-hidden=\"true\" xmlns=\"http:\/\/www.w3.org\/2000\/svg\" width=\"100%\" height=\"100%\" viewBox=\"0 0 32 32\"><path fill=\"#fff\" d=\"M28 16c0-6.627-5.373-12-12-12S4 9.373 4 16c0 5.628 3.875 10.35 9.101 11.647v-7.98h-2.474V16H13.1v-1.58c0-4.085 1.849-5.978 5.859-5.978.76 0 2.072.15 2.608.298v3.325c-.283-.03-.775-.045-1.386-.045-1.967 0-2.728.745-2.728 2.683V16h3.92l-.673 3.667h-3.247v8.245C23.395 27.195 28 22.135 28 16Z\"><\/path><\/svg><\/span><\/a><a aria-label=\"Twitter\" class=\"heateor_sss_button_twitter\" href=\"https:\/\/twitter.com\/intent\/tweet?text=REGIONE%20SARDEGNA%20%3Cbr%3EAppunti%20per%20una%20storia%20della%20coscienza%20costituzionale%20della%20classe%20politica%20sarda%20%281948-2018%29&url=https%3A%2F%2Fwww.lacostituzione.info%2Findex.php%2F2018%2F01%2F16%2Fregione-sardegna-appunti-per-una-storia-della-coscienza-costituzionale-della-classe-politica-sarda-1948-2018%2F\" title=\"Twitter\" rel=\"nofollow noopener\" target=\"_blank\" style=\"font-size:32px!important;box-shadow:none;display:inline-block;vertical-align:middle\"><span class=\"heateor_sss_svg heateor_sss_s__default heateor_sss_s_twitter\" style=\"background-color:#55acee;width:35px;height:35px;display:inline-block;opacity:1;float:left;font-size:32px;box-shadow:none;display:inline-block;font-size:16px;padding:0 4px;vertical-align:middle;background-repeat:repeat;overflow:hidden;padding:0;cursor:pointer;box-sizing:content-box\"><svg style=\"display:block;\" focusable=\"false\" aria-hidden=\"true\" xmlns=\"http:\/\/www.w3.org\/2000\/svg\" width=\"100%\" height=\"100%\" viewBox=\"-4 -4 39 39\"><path d=\"M28 8.557a9.913 9.913 0 0 1-2.828.775 4.93 4.93 0 0 0 2.166-2.725 9.738 9.738 0 0 1-3.13 1.194 4.92 4.92 0 0 0-3.593-1.55 4.924 4.924 0 0 0-4.794 6.049c-4.09-.21-7.72-2.17-10.15-5.15a4.942 4.942 0 0 0-.665 2.477c0 1.71.87 3.214 2.19 4.1a4.968 4.968 0 0 1-2.23-.616v.06c0 2.39 1.7 4.38 3.952 4.83-.414.115-.85.174-1.297.174-.318 0-.626-.03-.928-.086a4.935 4.935 0 0 0 4.6 3.42 9.893 9.893 0 0 1-6.114 2.107c-.398 0-.79-.023-1.175-.068a13.953 13.953 0 0 0 7.55 2.213c9.056 0 14.01-7.507 14.01-14.013 0-.213-.005-.426-.015-.637.96-.695 1.795-1.56 2.455-2.55z\" fill=\"#fff\"><\/path><\/svg><\/span><\/a><a aria-label=\"Reddit\" class=\"heateor_sss_button_reddit\" href=\"https:\/\/reddit.com\/submit?url=https%3A%2F%2Fwww.lacostituzione.info%2Findex.php%2F2018%2F01%2F16%2Fregione-sardegna-appunti-per-una-storia-della-coscienza-costituzionale-della-classe-politica-sarda-1948-2018%2F&title=REGIONE%20SARDEGNA%20%3Cbr%3EAppunti%20per%20una%20storia%20della%20coscienza%20costituzionale%20della%20classe%20politica%20sarda%20%281948-2018%29\" title=\"Reddit\" rel=\"nofollow noopener\" target=\"_blank\" style=\"font-size:32px!important;box-shadow:none;display:inline-block;vertical-align:middle\"><span class=\"heateor_sss_svg heateor_sss_s__default heateor_sss_s_reddit\" style=\"background-color:#ff5700;width:35px;height:35px;display:inline-block;opacity:1;float:left;font-size:32px;box-shadow:none;display:inline-block;font-size:16px;padding:0 4px;vertical-align:middle;background-repeat:repeat;overflow:hidden;padding:0;cursor:pointer;box-sizing:content-box\"><svg style=\"display:block;\" focusable=\"false\" aria-hidden=\"true\" xmlns=\"http:\/\/www.w3.org\/2000\/svg\" width=\"100%\" height=\"100%\" viewBox=\"-3.5 -3.5 39 39\"><path d=\"M28.543 15.774a2.953 2.953 0 0 0-2.951-2.949 2.882 2.882 0 0 0-1.9.713 14.075 14.075 0 0 0-6.85-2.044l1.38-4.349 3.768.884a2.452 2.452 0 1 0 .24-1.176l-4.274-1a.6.6 0 0 0-.709.4l-1.659 5.224a14.314 14.314 0 0 0-7.316 2.029 2.908 2.908 0 0 0-1.872-.681 2.942 2.942 0 0 0-1.618 5.4 5.109 5.109 0 0 0-.062.765c0 4.158 5.037 7.541 11.229 7.541s11.22-3.383 11.22-7.541a5.2 5.2 0 0 0-.053-.706 2.963 2.963 0 0 0 1.427-2.51zm-18.008 1.88a1.753 1.753 0 0 1 1.73-1.74 1.73 1.73 0 0 1 1.709 1.74 1.709 1.709 0 0 1-1.709 1.711 1.733 1.733 0 0 1-1.73-1.711zm9.565 4.968a5.573 5.573 0 0 1-4.081 1.272h-.032a5.576 5.576 0 0 1-4.087-1.272.6.6 0 0 1 .844-.854 4.5 4.5 0 0 0 3.238.927h.032a4.5 4.5 0 0 0 3.237-.927.6.6 0 1 1 .844.854zm-.331-3.256a1.726 1.726 0 1 1 1.709-1.712 1.717 1.717 0 0 1-1.712 1.712z\" fill=\"#fff\"\/><\/svg><\/span><\/a><a aria-label=\"Linkedin\" class=\"heateor_sss_button_linkedin\" href=\"https:\/\/www.linkedin.com\/sharing\/share-offsite\/?url=https%3A%2F%2Fwww.lacostituzione.info%2Findex.php%2F2018%2F01%2F16%2Fregione-sardegna-appunti-per-una-storia-della-coscienza-costituzionale-della-classe-politica-sarda-1948-2018%2F\" title=\"Linkedin\" rel=\"nofollow noopener\" target=\"_blank\" style=\"font-size:32px!important;box-shadow:none;display:inline-block;vertical-align:middle\"><span class=\"heateor_sss_svg heateor_sss_s__default heateor_sss_s_linkedin\" style=\"background-color:#0077b5;width:35px;height:35px;display:inline-block;opacity:1;float:left;font-size:32px;box-shadow:none;display:inline-block;font-size:16px;padding:0 4px;vertical-align:middle;background-repeat:repeat;overflow:hidden;padding:0;cursor:pointer;box-sizing:content-box\"><svg style=\"display:block;\" focusable=\"false\" aria-hidden=\"true\" xmlns=\"http:\/\/www.w3.org\/2000\/svg\" width=\"100%\" height=\"100%\" viewBox=\"0 0 32 32\"><path d=\"M6.227 12.61h4.19v13.48h-4.19V12.61zm2.095-6.7a2.43 2.43 0 0 1 0 4.86c-1.344 0-2.428-1.09-2.428-2.43s1.084-2.43 2.428-2.43m4.72 6.7h4.02v1.84h.058c.56-1.058 1.927-2.176 3.965-2.176 4.238 0 5.02 2.792 5.02 6.42v7.395h-4.183v-6.56c0-1.564-.03-3.574-2.178-3.574-2.18 0-2.514 1.7-2.514 3.46v6.668h-4.187V12.61z\" fill=\"#fff\"><\/path><\/svg><\/span><\/a><a aria-label=\"Pinterest\" class=\"heateor_sss_button_pinterest\" href=\"https:\/\/www.lacostituzione.info\/index.php\/2018\/01\/16\/regione-sardegna-appunti-per-una-storia-della-coscienza-costituzionale-della-classe-politica-sarda-1948-2018\/\" onclick=\"event.preventDefault();javascript:void( (function() {var e=document.createElement('script' );e.setAttribute('type','text\/javascript' );e.setAttribute('charset','UTF-8' );e.setAttribute('src','\/\/assets.pinterest.com\/js\/pinmarklet.js?r='+Math.random()*99999999);document.body.appendChild(e)})());\" title=\"Pinterest\" rel=\"noopener\" style=\"font-size:32px!important;box-shadow:none;display:inline-block;vertical-align:middle\"><span class=\"heateor_sss_svg heateor_sss_s__default heateor_sss_s_pinterest\" style=\"background-color:#cc2329;width:35px;height:35px;display:inline-block;opacity:1;float:left;font-size:32px;box-shadow:none;display:inline-block;font-size:16px;padding:0 4px;vertical-align:middle;background-repeat:repeat;overflow:hidden;padding:0;cursor:pointer;box-sizing:content-box\"><svg style=\"display:block;\" focusable=\"false\" aria-hidden=\"true\" xmlns=\"http:\/\/www.w3.org\/2000\/svg\" width=\"100%\" height=\"100%\" viewBox=\"-2 -2 35 35\"><path fill=\"#fff\" d=\"M16.539 4.5c-6.277 0-9.442 4.5-9.442 8.253 0 2.272.86 4.293 2.705 5.046.303.125.574.005.662-.33.061-.231.205-.816.27-1.06.088-.331.053-.447-.191-.736-.532-.627-.873-1.439-.873-2.591 0-3.338 2.498-6.327 6.505-6.327 3.548 0 5.497 2.168 5.497 5.062 0 3.81-1.686 7.025-4.188 7.025-1.382 0-2.416-1.142-2.085-2.545.397-1.674 1.166-3.48 1.166-4.689 0-1.081-.581-1.983-1.782-1.983-1.413 0-2.548 1.462-2.548 3.419 0 1.247.421 2.091.421 2.091l-1.699 7.199c-.505 2.137-.076 4.755-.039 5.019.021.158.223.196.314.077.13-.17 1.813-2.247 2.384-4.324.162-.587.929-3.631.929-3.631.46.876 1.801 1.646 3.227 1.646 4.247 0 7.128-3.871 7.128-9.053.003-3.918-3.317-7.568-8.361-7.568z\"\/><\/svg><\/span><\/a><a aria-label=\"Whatsapp\" class=\"heateor_sss_whatsapp\" href=\"https:\/\/api.whatsapp.com\/send?text=REGIONE%20SARDEGNA%20%3Cbr%3EAppunti%20per%20una%20storia%20della%20coscienza%20costituzionale%20della%20classe%20politica%20sarda%20%281948-2018%29%20https%3A%2F%2Fwww.lacostituzione.info%2Findex.php%2F2018%2F01%2F16%2Fregione-sardegna-appunti-per-una-storia-della-coscienza-costituzionale-della-classe-politica-sarda-1948-2018%2F\" title=\"Whatsapp\" rel=\"nofollow noopener\" target=\"_blank\" style=\"font-size:32px!important;box-shadow:none;display:inline-block;vertical-align:middle\"><span class=\"heateor_sss_svg\" style=\"background-color:#55eb4c;width:35px;height:35px;display:inline-block;opacity:1;float:left;font-size:32px;box-shadow:none;display:inline-block;font-size:16px;padding:0 4px;vertical-align:middle;background-repeat:repeat;overflow:hidden;padding:0;cursor:pointer;box-sizing:content-box\"><svg style=\"display:block;\" focusable=\"false\" aria-hidden=\"true\" xmlns=\"http:\/\/www.w3.org\/2000\/svg\" width=\"100%\" height=\"100%\" viewBox=\"-6 -5 40 40\"><path class=\"heateor_sss_svg_stroke heateor_sss_no_fill\" stroke=\"#fff\" stroke-width=\"2\" fill=\"none\" d=\"M 11.579798566743314 24.396926207859085 A 10 10 0 1 0 6.808479557110079 20.73576436351046\"><\/path><path d=\"M 7 19 l -1 6 l 6 -1\" class=\"heateor_sss_no_fill heateor_sss_svg_stroke\" stroke=\"#fff\" stroke-width=\"2\" fill=\"none\"><\/path><path d=\"M 10 10 q -1 8 8 11 c 5 -1 0 -6 -1 -3 q -4 -3 -5 -5 c 4 -2 -1 -5 -1 -4\" fill=\"#fff\"><\/path><\/svg><\/span><\/a><\/div><div class=\"heateorSssClear\"><\/div><\/div><div class='heateorSssClear'><\/div>","protected":false},"author":1,"featured_media":0,"comment_status":"open","ping_status":"open","sticky":false,"template":"","format":"standard","meta":{"jetpack_post_was_ever_published":false,"_jetpack_newsletter_access":"","_jetpack_dont_email_post_to_subs":false,"_jetpack_newsletter_tier_id":0,"_jetpack_memberships_contains_paywalled_content":false,"_jetpack_memberships_contains_paid_content":false,"footnotes":"","jetpack_publicize_message":"","jetpack_publicize_feature_enabled":true,"jetpack_social_post_already_shared":false,"jetpack_social_options":{"image_generator_settings":{"template":"highway","default_image_id":0,"enabled":false},"version":2}},"categories":[8,5],"tags":[35,149,74,1000,113,193,999],"class_list":["post-4361","post","type-post","status-publish","format-standard","hentry","category-autonomie","category-lavori-in-corso","tag-autonomia","tag-corte-costituzionale","tag-costituzione","tag-enti-territoriali","tag-parlamento","tag-partiti","tag-sardegna"],"jetpack_publicize_connections":[],"jetpack_featured_media_url":"","jetpack_shortlink":"https:\/\/wp.me\/p84sDq-18l","jetpack_likes_enabled":true,"jetpack_sharing_enabled":true,"_links":{"self":[{"href":"https:\/\/www.lacostituzione.info\/index.php\/wp-json\/wp\/v2\/posts\/4361","targetHints":{"allow":["GET"]}}],"collection":[{"href":"https:\/\/www.lacostituzione.info\/index.php\/wp-json\/wp\/v2\/posts"}],"about":[{"href":"https:\/\/www.lacostituzione.info\/index.php\/wp-json\/wp\/v2\/types\/post"}],"author":[{"embeddable":true,"href":"https:\/\/www.lacostituzione.info\/index.php\/wp-json\/wp\/v2\/users\/1"}],"replies":[{"embeddable":true,"href":"https:\/\/www.lacostituzione.info\/index.php\/wp-json\/wp\/v2\/comments?post=4361"}],"version-history":[{"count":0,"href":"https:\/\/www.lacostituzione.info\/index.php\/wp-json\/wp\/v2\/posts\/4361\/revisions"}],"wp:attachment":[{"href":"https:\/\/www.lacostituzione.info\/index.php\/wp-json\/wp\/v2\/media?parent=4361"}],"wp:term":[{"taxonomy":"category","embeddable":true,"href":"https:\/\/www.lacostituzione.info\/index.php\/wp-json\/wp\/v2\/categories?post=4361"},{"taxonomy":"post_tag","embeddable":true,"href":"https:\/\/www.lacostituzione.info\/index.php\/wp-json\/wp\/v2\/tags?post=4361"}],"curies":[{"name":"wp","href":"https:\/\/api.w.org\/{rel}","templated":true}]}}