{"id":4561,"date":"2018-01-29T09:46:59","date_gmt":"2018-01-29T08:46:59","guid":{"rendered":"http:\/\/www.lacostituzione.info\/?p=4561"},"modified":"2018-02-03T00:41:53","modified_gmt":"2018-02-02T23:41:53","slug":"la-parola-razza-e-la-costituzione","status":"publish","type":"post","link":"https:\/\/www.lacostituzione.info\/index.php\/2018\/01\/29\/la-parola-razza-e-la-costituzione\/","title":{"rendered":"La parola &#8220;razza&#8221; e la Costituzione"},"content":{"rendered":"<p><img loading=\"lazy\" decoding=\"async\" data-attachment-id=\"4563\" data-permalink=\"https:\/\/www.lacostituzione.info\/index.php\/2018\/01\/29\/la-parola-razza-e-la-costituzione\/th-118\/#main\" data-orig-file=\"https:\/\/www.lacostituzione.info\/wp-content\/uploads\/2018\/01\/th-6.jpg\" data-orig-size=\"475,289\" data-comments-opened=\"1\" data-image-meta=\"{&quot;aperture&quot;:&quot;0&quot;,&quot;credit&quot;:&quot;&quot;,&quot;camera&quot;:&quot;&quot;,&quot;caption&quot;:&quot;&quot;,&quot;created_timestamp&quot;:&quot;0&quot;,&quot;copyright&quot;:&quot;&quot;,&quot;focal_length&quot;:&quot;0&quot;,&quot;iso&quot;:&quot;0&quot;,&quot;shutter_speed&quot;:&quot;0&quot;,&quot;title&quot;:&quot;&quot;,&quot;orientation&quot;:&quot;0&quot;}\" data-image-title=\"th\" data-image-description=\"\" data-image-caption=\"\" data-medium-file=\"https:\/\/www.lacostituzione.info\/wp-content\/uploads\/2018\/01\/th-6-300x183.jpg\" data-large-file=\"https:\/\/www.lacostituzione.info\/wp-content\/uploads\/2018\/01\/th-6.jpg\" class=\"size-medium wp-image-4563 alignleft\" src=\"http:\/\/www.lacostituzione.info\/wp-content\/uploads\/2018\/01\/th-6-300x183.jpg\" alt=\"\" width=\"300\" height=\"183\" srcset=\"https:\/\/www.lacostituzione.info\/wp-content\/uploads\/2018\/01\/th-6-300x183.jpg 300w, https:\/\/www.lacostituzione.info\/wp-content\/uploads\/2018\/01\/th-6.jpg 475w\" sizes=\"auto, (max-width: 300px) 100vw, 300px\" \/>di <strong>Girolamo De Michele<\/strong><\/p>\n<p><em>Nei giorni scorsi, al Liceo Ariosto di Ferrara dove insegna, il professor Girolamo De Michele ha svolto questa lezione di Cittadinanza e Costituzione, sul perch\u00e9 la parola \u201crazza\u201d \u00e8 presente nella nostra Costituzione. Pubblichiamo il testo di questa lezione che \u00e8 apparso anche su estense.com.<br \/>\n<\/em><!--more--><\/p>\n<ol>\n<li><strong> Premessa<\/strong><\/li>\n<\/ol>\n<p>Cominciamo col vedere dov&#8217;\u00e8 la parola \u201crazza\u201d nella Costituzione; nell&#8217;art. 3:<\/p>\n<p><em>Tutti i cittadini hanno pari dignit\u00e0 sociale e sono eguali davanti alla legge, senza distinzione di sesso, di razza, di lingua, di religione, di opinioni politiche, di condizioni personali e sociali.<\/em><br \/>\n<em> \u00c8 compito della Repubblica rimuovere gli ostacoli di ordine economico e sociale, che, limitando di fatto la libert\u00e0 e l\u2019eguaglianza dei cittadini, impediscono il pieno sviluppo della persona umana e l\u2019effettiva partecipazione di tutti i lavoratori all\u2019organizzazione politica, economica e sociale del Paese.<\/em><\/p>\n<p>\u00c8 un articolo che costituisce, com\u2019\u00e8 stato detto, l\u2019architrave della \u201ccostituzione sociale\u201d, perch\u00e9 indica il compito che i costituenti si attribuirono: oltre a scrivere una Costituzione, hanno indicato la via per modificare le condizioni sociali e politiche di un paese dove guerra, dittatura e governi monarchici avevano lasciato in eredit\u00e0 miseria, analfabetismo e profonde disuguaglianze. Non a caso il comma 2 recita \u201cimpediscono\u201d, all&#8217;indicativo, e non \u201cimpediscano\u201d (come propose Pietro Pancrazi, incaricato della revisione stilistica del testo): c\u2019\u00e8 un grande valore etico e politico in quell\u2019indicativo, che fotografa una condizione da cui bisognava uscire.<\/p>\n<p><strong>\u00a0\u00a0\u00a0 2. L\u2019origine fascista dell\u2019uso politico della parola \u201crazza\u201d<\/strong><\/p>\n<p>La parola \u201crazza\u201d non compariva nello Statuto albertino (la costituzione del Regno d&#8217;Italia), che all\u2019art. 24, il cui ruolo \u00e8 formalmente analogo a quello dell\u2019art. 3 della Costituzione, recita: Tutti i regnicoli, qualunque sia il loro titolo o grado, sono eguali dinanzi alla legge. Tutti godono egualmente i diritti civili e politici, e sono ammissibili alle cariche civili, e militari, salve le eccezioni determinate dalle Leggi.<\/p>\n<p>L\u2019ingresso del termine \u201crazza\u201d nel linguaggio politico \u00e8 quindi responsabilit\u00e0 del fascismo, attraverso le leggi razziali (un complesso di Regii Decreti e Leggi varati fra il settembre 1938 e il luglio 1939), premesse dal comunicato della segreteria Politica del PNF <em>Il Fascismo e il problema della razza<\/em> (25 luglio 1938 ). Ecco qui sotto le pagine iniziale e finale del RDL 1728\/1938, con la firma del re Vittorio Emanuele III in evidenza):<img loading=\"lazy\" decoding=\"async\" data-attachment-id=\"4562\" data-permalink=\"https:\/\/www.lacostituzione.info\/index.php\/2018\/01\/29\/la-parola-razza-e-la-costituzione\/leggi_razziali_1938-2\/#main\" data-orig-file=\"https:\/\/www.lacostituzione.info\/wp-content\/uploads\/2018\/01\/Leggi_razziali_1938-2.jpg\" data-orig-size=\"600,437\" data-comments-opened=\"1\" data-image-meta=\"{&quot;aperture&quot;:&quot;0&quot;,&quot;credit&quot;:&quot;&quot;,&quot;camera&quot;:&quot;&quot;,&quot;caption&quot;:&quot;&quot;,&quot;created_timestamp&quot;:&quot;0&quot;,&quot;copyright&quot;:&quot;&quot;,&quot;focal_length&quot;:&quot;0&quot;,&quot;iso&quot;:&quot;0&quot;,&quot;shutter_speed&quot;:&quot;0&quot;,&quot;title&quot;:&quot;&quot;,&quot;orientation&quot;:&quot;0&quot;}\" data-image-title=\"Leggi_razziali_1938-2\" data-image-description=\"\" data-image-caption=\"\" data-medium-file=\"https:\/\/www.lacostituzione.info\/wp-content\/uploads\/2018\/01\/Leggi_razziali_1938-2-300x219.jpg\" data-large-file=\"https:\/\/www.lacostituzione.info\/wp-content\/uploads\/2018\/01\/Leggi_razziali_1938-2.jpg\" class=\"aligncenter size-full wp-image-4562\" src=\"http:\/\/www.lacostituzione.info\/wp-content\/uploads\/2018\/01\/Leggi_razziali_1938-2.jpg\" alt=\"\" width=\"600\" height=\"437\" srcset=\"https:\/\/www.lacostituzione.info\/wp-content\/uploads\/2018\/01\/Leggi_razziali_1938-2.jpg 600w, https:\/\/www.lacostituzione.info\/wp-content\/uploads\/2018\/01\/Leggi_razziali_1938-2-300x219.jpg 300w\" sizes=\"auto, (max-width: 600px) 100vw, 600px\" \/><\/p>\n<p>&nbsp;<\/p>\n<p>&nbsp;<\/p>\n<p>A queste leggi fanno da cornice il <em>Manifesto della razza<\/em> (sulla rivista \u201cLa difesa della razza\u201d, 5 agosto 1938); <em>Il secondo libro del fascista<\/em> (1939), uno dei libri di lettura e di educazione e propaganda fascista diffusi dal Partito; e la <em>Dichiarazione sulla razza<\/em> del Gran Consiglio del Fascismo (6 ottobre 1938), che affermava \u00abl\u2019attualit\u00e0 urgente dei problemi razziali e la necessit\u00e0 di una coscienza razziale\u00bb davanti al rischio di \u00abincroci e imbastardimenti\u00bb, e precisava che \u00abIl problema ebraico non \u00e8 che l\u2019aspetto metropolitano di un problema di carattere generale\u00bb. Detto altrimenti: il rischio che gli italiani si mescolino con i non italiani \u00e8 dovuto nelle citt\u00e0 italiane alla presenza degli ebrei; ma vi \u00e8 un rischio analogo con le popolazioni slave, arabe e \u201cnegroidi\u201d <em>[sic]<\/em> con le quali gli italiani sono in contatto oltre confine o nei domini coloniali.<\/p>\n<p>Vediamo ora gli altri testi. Nel<strong> <em>Manifesto della razza<\/em><\/strong> si legge, ai punti 6-7:<\/p>\n<p><em>Esiste ormai una pura \u201crazza italiana\u201d. Questo enunciato non \u00e8 basato sulla confusione del concetto biologico di razza con il concetto storico-linguistico di popolo e di nazione ma sulla purissima parentela di sangue che unisce gli Italiani di oggi alle generazioni che da millenni popolano l\u2019Italia. Questa antica purezza di sangue \u00e8 il pi\u00f9 grande titolo di nobilt\u00e0 della Nazione italiana.<\/em><br \/>\n<em> \u00c8 tempo che gli italiani si proclamino francamente razzisti. Tutta l\u2019opera che finora ha fatto il Regime in Italia \u00e8 in fondo del razzismo.<\/em><\/p>\n<p>&nbsp;<\/p>\n<p><strong><em>Il secondo libro del fascista<\/em><\/strong> comincia con queste affermazioni:<\/p>\n<p><em>La specie umana \u00e8 unica, discendendo \u2013 secondo l\u2019ammissione oramai quasi generale \u2013 da una sola coppia di antichissimi genitori (monogenesi). Come dal tronco si dipartono i rami, cos\u00ec nella specie umana si distinguono le razze. Quando in genere si parla di razza, si allude a una realt\u00e0 biologica, ossia a un gruppo umano, i cui individui presentano un insieme di caratteri simili, come il colore della pelle, la forma del cranio, il tipo della capigliatura ecc. La razza \u00e8 costituita e delimitata dalla eredit\u00e0 costante di quei caratteri, che la distinguono da tutte le altre. Per\u00f2 oltre a ereditare i caratteri fisici, o biologici, si ereditano, nella razza, anche i caratteri morali, ossia quell\u2019insieme di istinti, di inclinazioni, di attitudini, di doti che compongono la personalit\u00e0 umana. Gli scienziati non sono d\u2019accordo circa il numero e la denominazione delle razze umane. Il sistema pi\u00f9 semplice e pi\u00f9 chiaro \u00e8 quello sintetico, che classifica l\u2019umanit\u00e0 nelle razze bianca, gialla, nera; oppure europoide, mongoloide, negroide. Ciascuna di queste grandi razze, o categorie, si divide in un numero variabile, difficilmente accertabile, di sottorazze, non sempre ben distinguibili fra loro. \u00c8 anche ammessa l\u2019esistenza di razze secondarie. La classificazione tripartita \u2013 ossia quella che riduce a tre le razze umane principali \u2013 corrisponde in modo generale col testo della Bibbia, che fa risalire il popolamento della Terra alla divisione e dispersione della discendenza di No\u00e8, nelle famiglie di Sem, Cam, Jafet. Le differenze fisiche e spirituali esistenti fra le razze principali, fra le razze secondarie e fra le diverse stirpi di una medesima razza, sono dovute a un considerevole numero di fattori, non tutti conosciuti. L\u2019evidente inferiorit\u00e0 di alcune razze, e specialmente di quella che si \u00e8 convenuto di chiamare negroide, viene attribuita a una decadenza progressiva nel corso di lunghissimi periodi di tempo. Altri scienziati attribuiscono tale inferiorit\u00e0 a un arresto di sviluppo.<\/em><br \/>\n<em> Basti comunque constatare che esistono attualmente profondissime differenze fra le razze umane, nonostante la loro comune origine. Si \u00e8 convenuto di chiamare ariane quelle stirpi di razza bianca che, discendendo da una famiglia etnica pura e nobilissima, parlano linguaggi derivanti da una lingua madre comune e appaiono legate nello sviluppo storico della civilt\u00e0.<\/em><\/p>\n<p>Per sostenere le leggi razziali, lo scrittore fascista ferrarese Nello Quilici scrisse <strong><em>La difesa della razza<\/em><\/strong> (in \u201cNuova Antologia\u201d n. 1596, 16 settembre 1938, pp. 133- 139), dove si legge (p. 137):<\/p>\n<p><em>Molti aspetti della cos\u00ec detta \u201cscienza\u201d razzista sono romanzeschi e arbitrarii; altri troppo circoscritti da concezioni puramente materialistiche. Ma un punto \u00e8 da tener fermo: che la disuguaglianza delle razze esiste e che in particolare un abisso divide l\u2019antico ceppo indo-germanico o indo-europeo da quello semitico ed africano: e che la razza italiana appartiene incontestabilmente al primo. L\u2019Italia costituisce insomma un blocco etnico ben definito, inconfondibile e puro, da raggruppare con le pi\u00f9 antiche ed elette razze settentrionali dolicocefale del continente.<\/em><\/p>\n<p>Facendo finta di non accorgerci dello scempio delle verit\u00e0 storiche, scientifiche ed etnografiche, \u00e8\u00a0 evidente che <em>il termine \u201crazza\u201d \u00e8 usato dal fascismo non per descrivere la presenza di differenze fra esseri umani e popolazioni, ma per disciplinare e scongiurare con le leggi i possibili \u201cimbastardimenti e mescolanze\u201d<\/em>; e che il suo uso implica la credenza in <em>una gerarchia fra superiori e inferiori, fra i quali cosiddetti inferiori gli ebrei sono solo una delle componenti<\/em>.<\/p>\n<p>Va infine segnalato che <em>Il secondo libro del fascista<\/em> riporta 43 dichiarazioni razzistiche di Mussolini; di queste, ben 26 sono pronunciate in un arco temporale che va dal 1917 al 1925 (7 sono antecedenti alla presa del potere), per rafforzare l\u2019affermazione che il fascismo \u00abappare, fin da principio, come un movimento di difesa e innalzamento della razza\u00bb. Vale a dire, che il fascismo \u00e8 stato razzista fin dalle origini, e Mussolini lo era ancor prima di fondarlo: chi sostiene che la dottrina della razza fu un errore tardivo dovuto a mere opportunit\u00e0 politiche, pretende o presume di conoscere il fascismo pi\u00f9 e meglio dello stesso Mussolini.<\/p>\n<p>&nbsp;<\/p>\n<ol start=\"3\">\n<li><strong> Il dibattito sulla parola \u201crazza\u201d nella Costituente<\/strong><\/li>\n<\/ol>\n<p><strong>3.1 Premessa di metodo sull\u2019art. 3<\/strong><\/p>\n<p>Perch\u00e9 l\u2019art. 3 della Costituzione non si limita a recepire l\u2019art. 24 dello Statuto albertino?<br \/>\nL\u2019art. 3 \u00e8 molto dettagliato nell\u2019elencare le diversit\u00e0 fra i cittadini: sesso, razza, lingua, religione, opinioni politiche, condizioni personali e sociali (nel testo iniziale, comparivano anche \u201cattitudine\u201d e \u201cclasse\u201d, che sono riassorbiti nella formulazione finale). La ragione \u00e8 che lo Statuto si limitava ad affermare un&#8217;uguaglianza solo formale, salvo limitarla con le leggi ordinarie: lo Statuto, come fu detto, con una mano dava, ma con l\u2019altra toglieva.<\/p>\n<p>La Costituzione voleva invece impedire tali interventi, ed esprime \u00abla tendenza della nuova costituzione ad incanalare lo sviluppo della nostra societ\u00e0 verso una maggiore eguaglianza\u00bb (Mario Dogliani, Chiara Giorgi, <em>Art. 3<\/em>, Carocci editore, 2017, p. 48). Le possibili eccezioni vengono elencate proprio per chiarire che non possono valere per creare disuguaglianze fra i cittadini.<\/p>\n<p>\u00c8 degno di nota, anche se riferito a un altro termine (all\u2019interno del testo dello stesso art. 3) quanto afferm\u00f2 il costituente Aldo Moro nella seduta dell\u201911 settembre 1946 (prima sottocommissione, p. 37 del <a href=\"http:\/\/www.camera.it\/_dati\/costituente\/lavori\/I_Sottocommissione\/sed005\/sed005.pdf\">verbale stenografico<\/a>):<\/p>\n<p>In questa materia, voler definire il senso rigorosamente giuridico, non sia cosa attuabile senza rinunziare ad una dichiarazione di affermazione della tendenza progressiva che deve avere la democrazia italiana nell\u2019attuale momento.<\/p>\n<p>Il fine che giustifica anche l\u2019uso di termini giuridicamente non rigorosi: e \u201crazza\u201d \u00e8 uno di questi.<\/p>\n<p><strong>3.2. Perch\u00e9 la parola \u201crazza\u201d<\/strong><\/p>\n<p>Contro il termine \u201crazza\u201d, nella seduta del 24 marzo 1947, il deputato Cingolani present\u00f2 l\u2019emendamento: \u00ab<em>al primo comma, sostituire alla parola: razza, la parola:<\/em> stirpe\u00bb, motivandolo \u00abper un atto di doverosa cortesia verso le comunit\u00e0 israelitiche italiane\u00bb (<a href=\"http:\/\/www.camera.it\/_dati\/Costituente\/Lavori\/Assemblea\/sed074\/sed074.pdf\">p. 2422 del verbale<\/a>). In questo modo, il dibattito si allargava fino a comprendere la tragedia della deportazione degli ebrei e del loro sterminio. Le comunit\u00e0 ebraiche, afferm\u00f2 Cingolani,<\/p>\n<p>Hanno fatto conoscere a parecchi di noi \u2013 avrete quasi tutti ricevuto le loro circolari \u2013 che sarebbe loro desiderio che alla parola \u201crazza\u201d sia sostituita la parola \u201cstirpe\u201d. Essendo gli israeliti italiani stati vittime della campagna razzista fatta dal nazi-fascismo, a me sembra che accogliere il loro desiderio corrisponda anche ad un riconoscimento della loro ripresa in una perfetta posizione di uguaglianza fra tutti i cittadini italiani.<\/p>\n<p>A Cingolani rispose il costituente Laconi (<a href=\"http:\/\/www.camera.it\/_dati\/Costituente\/Lavori\/Assemblea\/sed074\/sed074.pdf\">pp. 2422-2423 del verbale<\/a>):<\/p>\n<p>Noi non possiamo accettare questa proposta, che \u00e8 gi\u00e0 stata presa in esame da tutti coloro che hanno presentato l\u2019emendamento, sia da parte democristiana che da parte nostra. Non possiamo accettarla, perch\u00e9 in questa parte dell\u2019articolo vi \u00e8 un preciso riferimento a qualche cosa che \u00e8 realmente accaduto in Italia, al fatto cio\u00e8 che determinati princip\u00ee razziali sono stati impiegati come strumento di politica ed hanno fornito un criterio di discriminazione degli italiani, in differenti categorie di reprobi e di eletti. Per questa ragione, e cio\u00e8 per il fatto che questo richiamo alla razza costituisce un richiamo ad un fatto storico realmente avvenuto e che noi vogliamo condannare, oggi in Italia, riteniamo che la parola \u201crazza\u201d debba essere mantenuta.<\/p>\n<p>Laconi concludeva il proprio intervento sottolineando: \u00abIl fatto che si mantenga questo termine per negare il concetto che vi \u00e8 legato, e affermare l\u2019eguaglianza assoluta di tutti i cittadini, mi pare sia positivo e non negativo\u00bb.<\/p>\n<p>Al termine degli interventi, prese la parola il Presidente della Commisione per la Costituzione Meuccio Ruini (<a href=\"http:\/\/www.camera.it\/_dati\/Costituente\/Lavori\/Assemblea\/sed074\/sed074.pdf\">p. 2424 del verbale<\/a>), che cos\u00ec si rivolse al costituente Cingolani:<\/p>\n<p>Si potrebbe apprezzare la parola \u201cstirpe\u201d e preferirla a quella di \u201crazza\u201d, per quanto anche razza abbia un significato ed un uso scientifico, oltrech\u00e9 di linguaggio comune. Comprendo che vi sia chi desideri liberarsi da questa parola maledetta, da questo razzismo che sembra una postuma persecuzione verbale; ma \u00e8 proprio per reagire a quanto \u00e8 avvenuto nei regimi nazifascisti, per negare nettamente ogni diseguaglianza che si leghi in qualche modo alla razza ed alle funeste teoriche fabbricate al riguardo, \u00e8 per questo che \u2013 anche con significato di contingenza storica \u2013 vogliamo affermare la parit\u00e0 umana e civile delle razze.<\/p>\n<p>Laconi e Ruini, insomma hanno sostenuto che la parola \u201crazza\u201d deve essere presente nella nostra Costituzione per ricordare quali tragedie e orrori sono stati perpetrati dal nazifascismo in suo nome. \u00c8 una sorta di antifrasi, di contro-locuzione che va nominata per ricordarci che non pu\u00f2 essere usata come pretesto per discriminare gli uomini.<\/p>\n<p>Davanti a questo argomento, Cingolani ritir\u00f2 l\u2019emendamento, e la parola rimase.<\/p>\n<p>&nbsp;<\/p>\n<ol start=\"4\">\n<li><strong> Conclusione<\/strong><\/li>\n<\/ol>\n<p>Il poeta Franco Fortini ha riassunto nelle poche parole del suo <em>Canto degli ultimi partigiani<\/em> la fatica, lo strazio disumano del fare un paese nuovo avendo davanti agli occhi il sacrificio dei caduti per la libert\u00e0:<\/p>\n<p><em>Ma noi s\u2019\u00e8 letta negli occhi dei morti<\/em><\/p>\n<p><em>E sulla terra faremo libert\u00e0<\/em><\/p>\n<p><em>Ma l\u2019hanno stretta i pugni dei morti<\/em><\/p>\n<p><em>La giustizia che si far\u00e0.<\/em><\/p>\n<p>La Costituzione italiana non riconosce discriminazioni fra cittadini, n\u00e9 limitazioni di diritti fra italiani e stranieri presenti sul territorio della Repubblica. Ma ci ricorda che c\u2019\u00e8 stato un tempo in cui gli esseri umani erano discriminati: per razza, sesso, convinzione religiosa, opinione politica, condizione sociale, orientamento sessuale. I nostri costituenti hanno voluto che questo non venisse dimenticato, e quindi hanno voluto lasciare una parola che ha avuto un inequivoco valore politico fascista, affinch\u00e9, con le parole di Primo Levi \u2013 per il quale, ricordiamolo, <em>ciascuno \u00e8 l\u2019ebreo di qualcun altro<\/em> \u2013 ci si ricordasse che questo \u00e8 stato:<\/p>\n<p><em>Meditate che questo \u00e8 stato:<\/em><\/p>\n<p><em>Vi comando queste parole.<\/em><\/p>\n<p><em>Scolpitele nel vostro cuore<\/em><\/p>\n<p><em>Stando in casa andando per via,<\/em><\/p>\n<p><em>Coricandovi alzandovi;<\/em><\/p>\n<p><em>Ripetetele ai vostri figli.<\/em><\/p>\n<p><em>O vi si sfaccia la casa,<\/em><\/p>\n<p><em>La malattia vi impedisca,<\/em><\/p>\n<p><em>I vostri nati torcano il viso da voi.<\/em><\/p>\n","protected":false},"excerpt":{"rendered":"<p>di Girolamo De Michele Nei giorni scorsi, al Liceo Ariosto di Ferrara dove insegna, il professor Girolamo De Michele ha svolto questa lezione di Cittadinanza e Costituzione, sul perch\u00e9 la parola \u201crazza\u201d \u00e8 presente nella nostra Costituzione. Pubblichiamo il testo di questa lezione che \u00e8 apparso anche su estense.com.<\/p>\n<div class='heateorSssClear'><\/div><div  class='heateor_sss_sharing_container heateor_sss_horizontal_sharing' data-heateor-sss-href='https:\/\/www.lacostituzione.info\/index.php\/2018\/01\/29\/la-parola-razza-e-la-costituzione\/'><div class='heateor_sss_sharing_title' style=\"font-weight:bold\" >Condividi!<\/div><div class=\"heateor_sss_sharing_ul\"><a aria-label=\"Facebook\" class=\"heateor_sss_facebook\" href=\"https:\/\/www.facebook.com\/sharer\/sharer.php?u=https%3A%2F%2Fwww.lacostituzione.info%2Findex.php%2F2018%2F01%2F29%2Fla-parola-razza-e-la-costituzione%2F\" title=\"Facebook\" rel=\"nofollow noopener\" target=\"_blank\" style=\"font-size:32px!important;box-shadow:none;display:inline-block;vertical-align:middle\"><span class=\"heateor_sss_svg\" style=\"background-color:#0765FE;width:35px;height:35px;display:inline-block;opacity:1;float:left;font-size:32px;box-shadow:none;display:inline-block;font-size:16px;padding:0 4px;vertical-align:middle;background-repeat:repeat;overflow:hidden;padding:0;cursor:pointer;box-sizing:content-box\"><svg style=\"display:block;\" focusable=\"false\" aria-hidden=\"true\" xmlns=\"http:\/\/www.w3.org\/2000\/svg\" width=\"100%\" height=\"100%\" viewBox=\"0 0 32 32\"><path fill=\"#fff\" d=\"M28 16c0-6.627-5.373-12-12-12S4 9.373 4 16c0 5.628 3.875 10.35 9.101 11.647v-7.98h-2.474V16H13.1v-1.58c0-4.085 1.849-5.978 5.859-5.978.76 0 2.072.15 2.608.298v3.325c-.283-.03-.775-.045-1.386-.045-1.967 0-2.728.745-2.728 2.683V16h3.92l-.673 3.667h-3.247v8.245C23.395 27.195 28 22.135 28 16Z\"><\/path><\/svg><\/span><\/a><a aria-label=\"Twitter\" class=\"heateor_sss_button_twitter\" href=\"https:\/\/twitter.com\/intent\/tweet?text=La%20parola%20%22razza%22%20e%20la%20Costituzione&url=https%3A%2F%2Fwww.lacostituzione.info%2Findex.php%2F2018%2F01%2F29%2Fla-parola-razza-e-la-costituzione%2F\" title=\"Twitter\" rel=\"nofollow noopener\" target=\"_blank\" style=\"font-size:32px!important;box-shadow:none;display:inline-block;vertical-align:middle\"><span class=\"heateor_sss_svg heateor_sss_s__default heateor_sss_s_twitter\" style=\"background-color:#55acee;width:35px;height:35px;display:inline-block;opacity:1;float:left;font-size:32px;box-shadow:none;display:inline-block;font-size:16px;padding:0 4px;vertical-align:middle;background-repeat:repeat;overflow:hidden;padding:0;cursor:pointer;box-sizing:content-box\"><svg style=\"display:block;\" focusable=\"false\" aria-hidden=\"true\" xmlns=\"http:\/\/www.w3.org\/2000\/svg\" width=\"100%\" height=\"100%\" viewBox=\"-4 -4 39 39\"><path d=\"M28 8.557a9.913 9.913 0 0 1-2.828.775 4.93 4.93 0 0 0 2.166-2.725 9.738 9.738 0 0 1-3.13 1.194 4.92 4.92 0 0 0-3.593-1.55 4.924 4.924 0 0 0-4.794 6.049c-4.09-.21-7.72-2.17-10.15-5.15a4.942 4.942 0 0 0-.665 2.477c0 1.71.87 3.214 2.19 4.1a4.968 4.968 0 0 1-2.23-.616v.06c0 2.39 1.7 4.38 3.952 4.83-.414.115-.85.174-1.297.174-.318 0-.626-.03-.928-.086a4.935 4.935 0 0 0 4.6 3.42 9.893 9.893 0 0 1-6.114 2.107c-.398 0-.79-.023-1.175-.068a13.953 13.953 0 0 0 7.55 2.213c9.056 0 14.01-7.507 14.01-14.013 0-.213-.005-.426-.015-.637.96-.695 1.795-1.56 2.455-2.55z\" fill=\"#fff\"><\/path><\/svg><\/span><\/a><a aria-label=\"Reddit\" class=\"heateor_sss_button_reddit\" href=\"https:\/\/reddit.com\/submit?url=https%3A%2F%2Fwww.lacostituzione.info%2Findex.php%2F2018%2F01%2F29%2Fla-parola-razza-e-la-costituzione%2F&title=La%20parola%20%22razza%22%20e%20la%20Costituzione\" title=\"Reddit\" rel=\"nofollow noopener\" target=\"_blank\" style=\"font-size:32px!important;box-shadow:none;display:inline-block;vertical-align:middle\"><span class=\"heateor_sss_svg heateor_sss_s__default heateor_sss_s_reddit\" style=\"background-color:#ff5700;width:35px;height:35px;display:inline-block;opacity:1;float:left;font-size:32px;box-shadow:none;display:inline-block;font-size:16px;padding:0 4px;vertical-align:middle;background-repeat:repeat;overflow:hidden;padding:0;cursor:pointer;box-sizing:content-box\"><svg style=\"display:block;\" focusable=\"false\" aria-hidden=\"true\" xmlns=\"http:\/\/www.w3.org\/2000\/svg\" width=\"100%\" height=\"100%\" viewBox=\"-3.5 -3.5 39 39\"><path d=\"M28.543 15.774a2.953 2.953 0 0 0-2.951-2.949 2.882 2.882 0 0 0-1.9.713 14.075 14.075 0 0 0-6.85-2.044l1.38-4.349 3.768.884a2.452 2.452 0 1 0 .24-1.176l-4.274-1a.6.6 0 0 0-.709.4l-1.659 5.224a14.314 14.314 0 0 0-7.316 2.029 2.908 2.908 0 0 0-1.872-.681 2.942 2.942 0 0 0-1.618 5.4 5.109 5.109 0 0 0-.062.765c0 4.158 5.037 7.541 11.229 7.541s11.22-3.383 11.22-7.541a5.2 5.2 0 0 0-.053-.706 2.963 2.963 0 0 0 1.427-2.51zm-18.008 1.88a1.753 1.753 0 0 1 1.73-1.74 1.73 1.73 0 0 1 1.709 1.74 1.709 1.709 0 0 1-1.709 1.711 1.733 1.733 0 0 1-1.73-1.711zm9.565 4.968a5.573 5.573 0 0 1-4.081 1.272h-.032a5.576 5.576 0 0 1-4.087-1.272.6.6 0 0 1 .844-.854 4.5 4.5 0 0 0 3.238.927h.032a4.5 4.5 0 0 0 3.237-.927.6.6 0 1 1 .844.854zm-.331-3.256a1.726 1.726 0 1 1 1.709-1.712 1.717 1.717 0 0 1-1.712 1.712z\" fill=\"#fff\"\/><\/svg><\/span><\/a><a aria-label=\"Linkedin\" class=\"heateor_sss_button_linkedin\" href=\"https:\/\/www.linkedin.com\/sharing\/share-offsite\/?url=https%3A%2F%2Fwww.lacostituzione.info%2Findex.php%2F2018%2F01%2F29%2Fla-parola-razza-e-la-costituzione%2F\" title=\"Linkedin\" rel=\"nofollow noopener\" target=\"_blank\" style=\"font-size:32px!important;box-shadow:none;display:inline-block;vertical-align:middle\"><span class=\"heateor_sss_svg heateor_sss_s__default heateor_sss_s_linkedin\" style=\"background-color:#0077b5;width:35px;height:35px;display:inline-block;opacity:1;float:left;font-size:32px;box-shadow:none;display:inline-block;font-size:16px;padding:0 4px;vertical-align:middle;background-repeat:repeat;overflow:hidden;padding:0;cursor:pointer;box-sizing:content-box\"><svg style=\"display:block;\" focusable=\"false\" aria-hidden=\"true\" xmlns=\"http:\/\/www.w3.org\/2000\/svg\" width=\"100%\" height=\"100%\" viewBox=\"0 0 32 32\"><path d=\"M6.227 12.61h4.19v13.48h-4.19V12.61zm2.095-6.7a2.43 2.43 0 0 1 0 4.86c-1.344 0-2.428-1.09-2.428-2.43s1.084-2.43 2.428-2.43m4.72 6.7h4.02v1.84h.058c.56-1.058 1.927-2.176 3.965-2.176 4.238 0 5.02 2.792 5.02 6.42v7.395h-4.183v-6.56c0-1.564-.03-3.574-2.178-3.574-2.18 0-2.514 1.7-2.514 3.46v6.668h-4.187V12.61z\" fill=\"#fff\"><\/path><\/svg><\/span><\/a><a aria-label=\"Pinterest\" class=\"heateor_sss_button_pinterest\" href=\"https:\/\/www.lacostituzione.info\/index.php\/2018\/01\/29\/la-parola-razza-e-la-costituzione\/\" onclick=\"event.preventDefault();javascript:void( (function() {var e=document.createElement('script' );e.setAttribute('type','text\/javascript' );e.setAttribute('charset','UTF-8' );e.setAttribute('src','\/\/assets.pinterest.com\/js\/pinmarklet.js?r='+Math.random()*99999999);document.body.appendChild(e)})());\" title=\"Pinterest\" rel=\"noopener\" style=\"font-size:32px!important;box-shadow:none;display:inline-block;vertical-align:middle\"><span class=\"heateor_sss_svg heateor_sss_s__default heateor_sss_s_pinterest\" style=\"background-color:#cc2329;width:35px;height:35px;display:inline-block;opacity:1;float:left;font-size:32px;box-shadow:none;display:inline-block;font-size:16px;padding:0 4px;vertical-align:middle;background-repeat:repeat;overflow:hidden;padding:0;cursor:pointer;box-sizing:content-box\"><svg style=\"display:block;\" focusable=\"false\" aria-hidden=\"true\" xmlns=\"http:\/\/www.w3.org\/2000\/svg\" width=\"100%\" height=\"100%\" viewBox=\"-2 -2 35 35\"><path fill=\"#fff\" d=\"M16.539 4.5c-6.277 0-9.442 4.5-9.442 8.253 0 2.272.86 4.293 2.705 5.046.303.125.574.005.662-.33.061-.231.205-.816.27-1.06.088-.331.053-.447-.191-.736-.532-.627-.873-1.439-.873-2.591 0-3.338 2.498-6.327 6.505-6.327 3.548 0 5.497 2.168 5.497 5.062 0 3.81-1.686 7.025-4.188 7.025-1.382 0-2.416-1.142-2.085-2.545.397-1.674 1.166-3.48 1.166-4.689 0-1.081-.581-1.983-1.782-1.983-1.413 0-2.548 1.462-2.548 3.419 0 1.247.421 2.091.421 2.091l-1.699 7.199c-.505 2.137-.076 4.755-.039 5.019.021.158.223.196.314.077.13-.17 1.813-2.247 2.384-4.324.162-.587.929-3.631.929-3.631.46.876 1.801 1.646 3.227 1.646 4.247 0 7.128-3.871 7.128-9.053.003-3.918-3.317-7.568-8.361-7.568z\"\/><\/svg><\/span><\/a><a aria-label=\"Whatsapp\" class=\"heateor_sss_whatsapp\" href=\"https:\/\/api.whatsapp.com\/send?text=La%20parola%20%22razza%22%20e%20la%20Costituzione%20https%3A%2F%2Fwww.lacostituzione.info%2Findex.php%2F2018%2F01%2F29%2Fla-parola-razza-e-la-costituzione%2F\" title=\"Whatsapp\" rel=\"nofollow noopener\" target=\"_blank\" style=\"font-size:32px!important;box-shadow:none;display:inline-block;vertical-align:middle\"><span class=\"heateor_sss_svg\" style=\"background-color:#55eb4c;width:35px;height:35px;display:inline-block;opacity:1;float:left;font-size:32px;box-shadow:none;display:inline-block;font-size:16px;padding:0 4px;vertical-align:middle;background-repeat:repeat;overflow:hidden;padding:0;cursor:pointer;box-sizing:content-box\"><svg style=\"display:block;\" focusable=\"false\" aria-hidden=\"true\" xmlns=\"http:\/\/www.w3.org\/2000\/svg\" width=\"100%\" height=\"100%\" viewBox=\"-6 -5 40 40\"><path class=\"heateor_sss_svg_stroke heateor_sss_no_fill\" stroke=\"#fff\" stroke-width=\"2\" fill=\"none\" d=\"M 11.579798566743314 24.396926207859085 A 10 10 0 1 0 6.808479557110079 20.73576436351046\"><\/path><path d=\"M 7 19 l -1 6 l 6 -1\" class=\"heateor_sss_no_fill heateor_sss_svg_stroke\" stroke=\"#fff\" stroke-width=\"2\" fill=\"none\"><\/path><path d=\"M 10 10 q -1 8 8 11 c 5 -1 0 -6 -1 -3 q -4 -3 -5 -5 c 4 -2 -1 -5 -1 -4\" fill=\"#fff\"><\/path><\/svg><\/span><\/a><\/div><div class=\"heateorSssClear\"><\/div><\/div><div class='heateorSssClear'><\/div>","protected":false},"author":1,"featured_media":0,"comment_status":"open","ping_status":"open","sticky":false,"template":"","format":"standard","meta":{"jetpack_post_was_ever_published":false,"_jetpack_newsletter_access":"","_jetpack_dont_email_post_to_subs":false,"_jetpack_newsletter_tier_id":0,"_jetpack_memberships_contains_paywalled_content":false,"_jetpack_memberships_contains_paid_content":false,"footnotes":"","jetpack_publicize_message":"","jetpack_publicize_feature_enabled":true,"jetpack_social_post_already_shared":false,"jetpack_social_options":{"image_generator_settings":{"template":"highway","default_image_id":0,"enabled":false},"version":2}},"categories":[4,956,972],"tags":[1030,74,683,1028,1027,1029],"class_list":["post-4561","post","type-post","status-publish","format-standard","hentry","category-attualita","category-elezioni-2018","category-interventi-elezioni2018","tag-costituente","tag-costituzione","tag-fascismo","tag-leggi-razziali","tag-razza","tag-stirpe"],"jetpack_publicize_connections":[],"jetpack_featured_media_url":"","jetpack_shortlink":"https:\/\/wp.me\/p84sDq-1bz","jetpack_likes_enabled":true,"jetpack_sharing_enabled":true,"_links":{"self":[{"href":"https:\/\/www.lacostituzione.info\/index.php\/wp-json\/wp\/v2\/posts\/4561","targetHints":{"allow":["GET"]}}],"collection":[{"href":"https:\/\/www.lacostituzione.info\/index.php\/wp-json\/wp\/v2\/posts"}],"about":[{"href":"https:\/\/www.lacostituzione.info\/index.php\/wp-json\/wp\/v2\/types\/post"}],"author":[{"embeddable":true,"href":"https:\/\/www.lacostituzione.info\/index.php\/wp-json\/wp\/v2\/users\/1"}],"replies":[{"embeddable":true,"href":"https:\/\/www.lacostituzione.info\/index.php\/wp-json\/wp\/v2\/comments?post=4561"}],"version-history":[{"count":0,"href":"https:\/\/www.lacostituzione.info\/index.php\/wp-json\/wp\/v2\/posts\/4561\/revisions"}],"wp:attachment":[{"href":"https:\/\/www.lacostituzione.info\/index.php\/wp-json\/wp\/v2\/media?parent=4561"}],"wp:term":[{"taxonomy":"category","embeddable":true,"href":"https:\/\/www.lacostituzione.info\/index.php\/wp-json\/wp\/v2\/categories?post=4561"},{"taxonomy":"post_tag","embeddable":true,"href":"https:\/\/www.lacostituzione.info\/index.php\/wp-json\/wp\/v2\/tags?post=4561"}],"curies":[{"name":"wp","href":"https:\/\/api.w.org\/{rel}","templated":true}]}}