{"id":4638,"date":"2018-02-03T00:33:37","date_gmt":"2018-02-02T23:33:37","guid":{"rendered":"http:\/\/www.lacostituzione.info\/?p=4638"},"modified":"2018-02-03T19:24:42","modified_gmt":"2018-02-03T18:24:42","slug":"dalle-alpi-alle-piramidi-dal-manzanarre-al-reno-il-rosatellum-tra-pluri-candidature-e-rappresentanza-dei-territori","status":"publish","type":"post","link":"https:\/\/www.lacostituzione.info\/index.php\/2018\/02\/03\/dalle-alpi-alle-piramidi-dal-manzanarre-al-reno-il-rosatellum-tra-pluri-candidature-e-rappresentanza-dei-territori\/","title":{"rendered":"Dalle Alpi alle piramidi, dal Manzanarre al Reno: il Rosatellum tra (pluri) candidature e rappresentanza dei territori"},"content":{"rendered":"<p><img loading=\"lazy\" decoding=\"async\" data-attachment-id=\"4640\" data-permalink=\"https:\/\/www.lacostituzione.info\/index.php\/2018\/02\/03\/dalle-alpi-alle-piramidi-dal-manzanarre-al-reno-il-rosatellum-tra-pluri-candidature-e-rappresentanza-dei-territori\/image-134\/#main\" data-orig-file=\"https:\/\/www.lacostituzione.info\/wp-content\/uploads\/2018\/02\/image.jpeg\" data-orig-size=\"806,942\" data-comments-opened=\"1\" data-image-meta=\"{&quot;aperture&quot;:&quot;0&quot;,&quot;credit&quot;:&quot;&quot;,&quot;camera&quot;:&quot;&quot;,&quot;caption&quot;:&quot;&quot;,&quot;created_timestamp&quot;:&quot;0&quot;,&quot;copyright&quot;:&quot;&quot;,&quot;focal_length&quot;:&quot;0&quot;,&quot;iso&quot;:&quot;0&quot;,&quot;shutter_speed&quot;:&quot;0&quot;,&quot;title&quot;:&quot;&quot;,&quot;orientation&quot;:&quot;0&quot;}\" data-image-title=\"image\" data-image-description=\"\" data-image-caption=\"\" data-medium-file=\"https:\/\/www.lacostituzione.info\/wp-content\/uploads\/2018\/02\/image-257x300.jpeg\" data-large-file=\"https:\/\/www.lacostituzione.info\/wp-content\/uploads\/2018\/02\/image.jpeg\" class=\"alignleft size-medium wp-image-4640\" src=\"http:\/\/www.lacostituzione.info\/wp-content\/uploads\/2018\/02\/image-257x300.jpeg\" alt=\"\" width=\"257\" height=\"300\" srcset=\"https:\/\/www.lacostituzione.info\/wp-content\/uploads\/2018\/02\/image-257x300.jpeg 257w, https:\/\/www.lacostituzione.info\/wp-content\/uploads\/2018\/02\/image-768x898.jpeg 768w, https:\/\/www.lacostituzione.info\/wp-content\/uploads\/2018\/02\/image.jpeg 806w\" sizes=\"auto, (max-width: 257px) 100vw, 257px\" \/>di <b>Alessandro Lauro<\/b><\/p>\n<p>Les jeux sont faits. Alle ore 20 del 29 gennaio 2018 sono scaduti i termini di legge per la presentazione delle liste dei candidati dinanzi agli Uffici elettorali circoscrizionali e regionali. I partiti e movimenti politici hanno dunque \u201cchiuso\u201d la partita sulle candidature, fra \u201cstrappi\u201d delle minoranze, accuse alle dirigenze ed altre reazioni varie ed eventuali.<!--more--><br \/>\nNell&#8217;attesa che l&#8217;insieme delle liste trovi pubblicazione sul sito del Ministero dell&#8217;Interno (prevista per l&#8217;8 febbraio), i principali partiti hanno reso note le loro compagini ed ecco che, fra conferme e novit\u00e0, saltano agli occhi scelte indubbiamente \u201ccuriose\u201d nella distribuzione territoriale dei candidati.<br \/>\nScopriamo, ad esempio, che l&#8217;esponente del Partito Democratico Maria Elena Boschi \u2013 forse a causa di un peculiare interesse della forza che la sostiene a sottolineare le esigenze di unit\u00e0 nazionale \u2013 si trova candidata nel collegio uninominale di Bolzano, forte del sostegno del S\u00fcdtiroler Volkspartei, ed \u00e8 contemporaneamente capolista per la parte proporzionale in tre collegi plurinominali siciliani (Marsala, Messina e Siracusa), oltre che \u2013 per non trascurare il Centro Italia \u2013 nel plurinominale di Guidonia-Velletri. Il tutto passando per il plurinominale lombardo di Cremona-Mantova.<\/p>\n<p>Ovviamente non \u00e8 l&#8217;unico caso curioso: a Marco Minniti tocca il gravoso compito di dividere la sua campagna elettorale fra la costa adriatica e quella tirrenica, essendo uomo di punta del collegio uninominale di Pesaro e nei plurinominali di Venezia e Salerno-Battipaglia.<br \/>\nC&#8217;\u00e8 anche chi ha scelto di non lanciarsi nel vortice delle pluricandidature, puntando tutto sull&#8217;uninominale: \u00e8 il caso di Roberto Giachetti, gi\u00e0 candidato sindaco di Roma, che corre per il collegio di Sesto Fiorentino.<br \/>\nAnche la Lega (ex Nord) mostra una particolarissima attenzione per la conciliazione nazionale, tant&#8217;\u00e8 che, nella sua culla lombarda (Lombardia 4), candida nel plurinominale al Senato il segretario del Partito sardo d&#8217;Azione Solinas, che sar\u00e0 anche capolista in Sardegna.<\/p>\n<p>In casa Forza Italia non tutti sono contenti: la beneventanissima Nunzia De Girolamo, seconda nel plurinominale della sua terra, si trova suo malgrado a correre in pole position nel plurinominale Bologna-Imola. Anche la campagna elettorale del ferrarese Vittorio Sgarbi si annuncia non facilissima da gestire: candidato nell&#8217;uninominale di Acerra, sar\u00e0 contemporaneamente in lizza nel plurinominale a Modena. Il tutto come membro della Giunta regionale siciliana, dove \u00e8 Assessore ai beni culturali e all&#8217;identit\u00e0 regionale.<br \/>\nPosto che non si sapeva esattamente dove collocarlo, resta fuori dalle liste nazionali Stefano Parisi, gi\u00e0 candidato sindaco a Milano, che \u00e8 stato per\u00f2 dirottato sulla regione Lazio, dove \u00e8 candidato del centrodestra alla carica di governatore.<\/p>\n<p>Questa rassegna \u2013 che potrebbe essere continuata andando a \u201cspulciare\u201d le liste annunciate dai partiti \u2013 mette in luce la difficolt\u00e0 di coniugare la rappresentanza dei territori (e degli elettorati ivi residenti) con il vigente sistema elettorale che tollera fino ad un massimo di 5+1 candidature (dove il cinque si riferisce ai collegi plurinominali e l&#8217;uno all&#8217;uninominale). Considerato che il numero di collegi plurinominali si attesta a 65 per la Camera e che in ogni collegio plurinominale possono esserci al massimo quattro candidati, ecco che davvero le candidature possono spaziare ampiamente su tutto il territorio nazionale. \u00c8 per\u00f2 comune esperienza che le esigenze manifestate da un cittadino a Sondrio siano (legittimamente) diverse da quelle di un elettore di Lecce. E queste diverse esigenze meritano (altrettanto legittimamente) di essere rappresentate all&#8217;interno dell&#8217;Assemblea parlamentare di un Paese estremamente variegato come l&#8217;Italia.<\/p>\n<p>Perch\u00e9 allora una cos\u00ec scarsa attenzione per i territori?<br \/>\nLa ragione (socio-politica) che si potrebbe avanzare \u00e8 che oramai i partiti hanno perso quel radicamento territoriale che li rendeva davvero una \u201ccinghia di trasmissione\u201d fra popolazione dislocata sul territorio e organi centrali di governo. Dunque il singolo partito non ha \u201cesigenze locali\u201d di cui farsi carico, ma deve essere una macchina di slogan generici e generali, in grado di catturare consensi lungo tutto l&#8217;asse della Penisola. Il problema \u00e8 che spesso un fenomeno identicamente etichettato (si pensi all&#8217; \u201cimmigrazione\u201d, alla \u201csicurezza\u201d, alla \u201clotta alla disoccupazione\u201d) ha risvolti estremamente diversi rispetto ai contesti socio-culturali e socio-economici in cui si manifesta. \u00c8 la stessa cosa parlare di sicurezza a Milano e a Palermo? \u00c8 identico riflettere su un piano per l&#8217;occupazione nella pianura veneta o nell&#8217;agro nocerino? Siamo certi che le imprese piemontesi necessitino della medesima strategia industriale nazionale di quelle pugliesi?<\/p>\n<p>Alla ragione politica se ne accosta un&#8217;altra, squisitamente giuridico-elettorale. Alla Camera (diversamente dal Senato, ove si opera a livello regionale) i suffragi espressi dagli elettori (escluse quindi schede bianche e nulle) sono trasformati in seggi a livello nazionale. I \u201cvoti dei territori\u201d quindi non contano, poich\u00e9 l&#8217;unico territorio rilevante \u00e8 quello nazionale. Certo, il sistema prevede poi una non intuitiva opera di trasferimento a cascata dei seggi nazionali al livello locale, ma la necessit\u00e0 di rispettare il conteggio nazionale potr\u00e0 comportare (peraltro tramite complessi meccanismi di \u201cscivolamenti\u201d e \u201cripescaggi\u201d) che in collegi dove una forza politica ha ottenuto pi\u00f9 voti di un&#8217;altra, la prima ottenga meno seggi della seconda. Il tutto con buona pace di quella \u201cprevedibilit\u00e0 degli effetti del voto\u201d che la Corte costituzionale (sent. 1\/2014) ha affermato caratterizzare la \u201cpersonalit\u00e0 del voto\u201d dell&#8217;art. 48 Cost.<\/p>\n<p>Si dir\u00e0: \u201cper\u00f2 esistono i collegi uninominali\u201d. Certamente, ma la previsione del voto congiunto obbligatorio annacquer\u00e0 l&#8217;effetto dei collegi, dal momento che il consenso ottenuto dal candidato sar\u00e0 la sommatoria dei voti dati alle liste che lo sostengono (pi\u00f9, ovviamente, quelli espressi direttamente nei suoi confronti), senza che l&#8217;elettore possa davvero dire se vuole votare quel soggetto. V&#8217;\u00e8 di pi\u00f9: il gioco delle pluricandidature e del voto congiunto rende estremamente volubile la \u201cleggibilit\u00e0\u201d del risultato per l&#8217;elettore che sia un \u201claico\u201d di diritto e sistema elettorale. Esemplificando: l&#8217;elettore di Messina che vota il Partito democratico con l&#8217;intenzione di sostenere l&#8217;elezione di Maria Elena Boschi \u2013 il cui nome gli apparir\u00e0 impresso sulla scheda, per di pi\u00f9 \u2013 come potr\u00e0 sapere esattamente se la Sottosegretaria \u00e8 stata eletta grazie al suo voto oppure nel collegio uninominale di Bolzano (ammesso che un elettore messinese sia tenuto a sapere di questa multicandidatura trans-peninsulare)? Lo scoprir\u00e0 sul sito della Camera, una volta inaugurata la XVIII legislatura. Di certo non potr\u00e0 sapere al momento del voto se la sua indicazione sosterr\u00e0 Maria Elena Boschi oppure il secondo nome della lista oppure, ancora, un candidato in un altro collegio plurinominale, dove \u201cscivoler\u00e0\u201d uno dei seggi qualora i candidati nel collegio plurinominale di Messina siano gi\u00e0 stati eletti altrove e in quell&#8217;altrove debbano accettare la loro elezione, secondo le previsioni della legge.<\/p>\n<p>Si potr\u00e0 obiettare che anche nel Mattarellum esisteva la possibilit\u00e0 di pluricandidature nella parte proporzionale. \u00c8 vero: durante la vigenza di quel sistema elettorale era possibile per un candidato uninominale candidarsi in altre tre circoscrizioni (dunque si aveva un 3+1). Per\u00f2 esiste una macroscopica differenza: i seggi attribuiti nelle circoscrizioni proporzionali erano pochissimi rispetto alla legge attuale (ad esempio in Lombardia 1 \u2013 Milano e dintorni \u2013 i seggi erano 10, oggi sono 25), senza contare che la soglia di sbarramento era di un punto percentuale pi\u00f9 alta, essendo fissata al 4% nazionale. Sicch\u00e9 la vera partita (con le pi\u00f9 consistenti e veritiere \u201csperanze di elezione\u201d) si giocava nei collegi uninominali, dove l&#8217;elettore esprimeva la propria preferenza su una scheda diversa da quella della parte proporzionale, potendo cos\u00ec disgiungere \u201cvoto maggioritario\u201d e \u201cvoto proporzionale\u201d. Al Senato, essendo la disciplina della parte proporzionale diversa da quella della Camera, ci si poteva presentare in un solo collegio uninominale e quindi nella sola circoscrizione proporzionale di questo collegio.<\/p>\n<p>Ecco, dunque, come la \u201cmatematica elettorale\u201d della legge Rosato (due terzi di proporzionale, un terzo di maggioritario uninominale) non solo lasci completamente da parte la tanto invocata \u201cgovernabilit\u00e0\u201d, ma trascuri pure completamente di consegnare, alla fine del processo elettorale, dei rappresentanti che possano contare su un vero appoggio popolare.<br \/>\nCos\u00ec, aspettando con trepidazione il 4 (o forse il 5) marzo, questo quadro lascia l&#8217;amaro in bocca a chi crede che la variet\u00e0 italiana, nella sua complessa, multiforme ed affascinante diversit\u00e0, meriti una maggiore considerazione anche sul terreno della rappresentanza politica: citando un intervento di Giuliano Amato, non si pu\u00f2 raffigurare in un affresco ci\u00f2 che per sua natura \u00e8 un mosaico. Ma evidentemente la nostra legge elettorale preferisce la semplicit\u00e0 della pennellata uniforme al paziente gioco ad incastro degli intarsi.<\/p>\n","protected":false},"excerpt":{"rendered":"<p>di Alessandro Lauro Les jeux sont faits. Alle ore 20 del 29 gennaio 2018 sono scaduti i termini di legge per la presentazione delle liste dei candidati dinanzi agli Uffici elettorali circoscrizionali e regionali. I partiti e movimenti politici hanno dunque \u201cchiuso\u201d la partita sulle candidature, fra \u201cstrappi\u201d delle minoranze, accuse alle dirigenze ed altre &#8230; <a title=\"Dalle Alpi alle piramidi, dal Manzanarre al Reno: il Rosatellum tra (pluri) candidature e rappresentanza dei territori\" class=\"read-more\" href=\"https:\/\/www.lacostituzione.info\/index.php\/2018\/02\/03\/dalle-alpi-alle-piramidi-dal-manzanarre-al-reno-il-rosatellum-tra-pluri-candidature-e-rappresentanza-dei-territori\/\">Leggi tutto<\/a><\/p>\n<div class='heateorSssClear'><\/div><div  class='heateor_sss_sharing_container heateor_sss_horizontal_sharing' data-heateor-sss-href='https:\/\/www.lacostituzione.info\/index.php\/2018\/02\/03\/dalle-alpi-alle-piramidi-dal-manzanarre-al-reno-il-rosatellum-tra-pluri-candidature-e-rappresentanza-dei-territori\/'><div class='heateor_sss_sharing_title' style=\"font-weight:bold\" >Condividi!<\/div><div class=\"heateor_sss_sharing_ul\"><a aria-label=\"Facebook\" class=\"heateor_sss_facebook\" href=\"https:\/\/www.facebook.com\/sharer\/sharer.php?u=https%3A%2F%2Fwww.lacostituzione.info%2Findex.php%2F2018%2F02%2F03%2Fdalle-alpi-alle-piramidi-dal-manzanarre-al-reno-il-rosatellum-tra-pluri-candidature-e-rappresentanza-dei-territori%2F\" title=\"Facebook\" rel=\"nofollow noopener\" target=\"_blank\" style=\"font-size:32px!important;box-shadow:none;display:inline-block;vertical-align:middle\"><span class=\"heateor_sss_svg\" style=\"background-color:#0765FE;width:35px;height:35px;display:inline-block;opacity:1;float:left;font-size:32px;box-shadow:none;display:inline-block;font-size:16px;padding:0 4px;vertical-align:middle;background-repeat:repeat;overflow:hidden;padding:0;cursor:pointer;box-sizing:content-box\"><svg style=\"display:block;\" focusable=\"false\" aria-hidden=\"true\" xmlns=\"http:\/\/www.w3.org\/2000\/svg\" width=\"100%\" height=\"100%\" viewBox=\"0 0 32 32\"><path fill=\"#fff\" d=\"M28 16c0-6.627-5.373-12-12-12S4 9.373 4 16c0 5.628 3.875 10.35 9.101 11.647v-7.98h-2.474V16H13.1v-1.58c0-4.085 1.849-5.978 5.859-5.978.76 0 2.072.15 2.608.298v3.325c-.283-.03-.775-.045-1.386-.045-1.967 0-2.728.745-2.728 2.683V16h3.92l-.673 3.667h-3.247v8.245C23.395 27.195 28 22.135 28 16Z\"><\/path><\/svg><\/span><\/a><a aria-label=\"Twitter\" class=\"heateor_sss_button_twitter\" href=\"https:\/\/twitter.com\/intent\/tweet?text=Dalle%20Alpi%20alle%20piramidi%2C%20dal%20Manzanarre%20al%20Reno%3A%20il%20Rosatellum%20tra%20%28pluri%29%20candidature%20e%20rappresentanza%20dei%20territori&url=https%3A%2F%2Fwww.lacostituzione.info%2Findex.php%2F2018%2F02%2F03%2Fdalle-alpi-alle-piramidi-dal-manzanarre-al-reno-il-rosatellum-tra-pluri-candidature-e-rappresentanza-dei-territori%2F\" title=\"Twitter\" rel=\"nofollow noopener\" target=\"_blank\" style=\"font-size:32px!important;box-shadow:none;display:inline-block;vertical-align:middle\"><span class=\"heateor_sss_svg heateor_sss_s__default heateor_sss_s_twitter\" style=\"background-color:#55acee;width:35px;height:35px;display:inline-block;opacity:1;float:left;font-size:32px;box-shadow:none;display:inline-block;font-size:16px;padding:0 4px;vertical-align:middle;background-repeat:repeat;overflow:hidden;padding:0;cursor:pointer;box-sizing:content-box\"><svg style=\"display:block;\" focusable=\"false\" aria-hidden=\"true\" xmlns=\"http:\/\/www.w3.org\/2000\/svg\" width=\"100%\" height=\"100%\" viewBox=\"-4 -4 39 39\"><path d=\"M28 8.557a9.913 9.913 0 0 1-2.828.775 4.93 4.93 0 0 0 2.166-2.725 9.738 9.738 0 0 1-3.13 1.194 4.92 4.92 0 0 0-3.593-1.55 4.924 4.924 0 0 0-4.794 6.049c-4.09-.21-7.72-2.17-10.15-5.15a4.942 4.942 0 0 0-.665 2.477c0 1.71.87 3.214 2.19 4.1a4.968 4.968 0 0 1-2.23-.616v.06c0 2.39 1.7 4.38 3.952 4.83-.414.115-.85.174-1.297.174-.318 0-.626-.03-.928-.086a4.935 4.935 0 0 0 4.6 3.42 9.893 9.893 0 0 1-6.114 2.107c-.398 0-.79-.023-1.175-.068a13.953 13.953 0 0 0 7.55 2.213c9.056 0 14.01-7.507 14.01-14.013 0-.213-.005-.426-.015-.637.96-.695 1.795-1.56 2.455-2.55z\" fill=\"#fff\"><\/path><\/svg><\/span><\/a><a aria-label=\"Reddit\" class=\"heateor_sss_button_reddit\" href=\"https:\/\/reddit.com\/submit?url=https%3A%2F%2Fwww.lacostituzione.info%2Findex.php%2F2018%2F02%2F03%2Fdalle-alpi-alle-piramidi-dal-manzanarre-al-reno-il-rosatellum-tra-pluri-candidature-e-rappresentanza-dei-territori%2F&title=Dalle%20Alpi%20alle%20piramidi%2C%20dal%20Manzanarre%20al%20Reno%3A%20il%20Rosatellum%20tra%20%28pluri%29%20candidature%20e%20rappresentanza%20dei%20territori\" title=\"Reddit\" rel=\"nofollow noopener\" target=\"_blank\" style=\"font-size:32px!important;box-shadow:none;display:inline-block;vertical-align:middle\"><span class=\"heateor_sss_svg heateor_sss_s__default heateor_sss_s_reddit\" style=\"background-color:#ff5700;width:35px;height:35px;display:inline-block;opacity:1;float:left;font-size:32px;box-shadow:none;display:inline-block;font-size:16px;padding:0 4px;vertical-align:middle;background-repeat:repeat;overflow:hidden;padding:0;cursor:pointer;box-sizing:content-box\"><svg style=\"display:block;\" focusable=\"false\" aria-hidden=\"true\" xmlns=\"http:\/\/www.w3.org\/2000\/svg\" width=\"100%\" height=\"100%\" viewBox=\"-3.5 -3.5 39 39\"><path d=\"M28.543 15.774a2.953 2.953 0 0 0-2.951-2.949 2.882 2.882 0 0 0-1.9.713 14.075 14.075 0 0 0-6.85-2.044l1.38-4.349 3.768.884a2.452 2.452 0 1 0 .24-1.176l-4.274-1a.6.6 0 0 0-.709.4l-1.659 5.224a14.314 14.314 0 0 0-7.316 2.029 2.908 2.908 0 0 0-1.872-.681 2.942 2.942 0 0 0-1.618 5.4 5.109 5.109 0 0 0-.062.765c0 4.158 5.037 7.541 11.229 7.541s11.22-3.383 11.22-7.541a5.2 5.2 0 0 0-.053-.706 2.963 2.963 0 0 0 1.427-2.51zm-18.008 1.88a1.753 1.753 0 0 1 1.73-1.74 1.73 1.73 0 0 1 1.709 1.74 1.709 1.709 0 0 1-1.709 1.711 1.733 1.733 0 0 1-1.73-1.711zm9.565 4.968a5.573 5.573 0 0 1-4.081 1.272h-.032a5.576 5.576 0 0 1-4.087-1.272.6.6 0 0 1 .844-.854 4.5 4.5 0 0 0 3.238.927h.032a4.5 4.5 0 0 0 3.237-.927.6.6 0 1 1 .844.854zm-.331-3.256a1.726 1.726 0 1 1 1.709-1.712 1.717 1.717 0 0 1-1.712 1.712z\" fill=\"#fff\"\/><\/svg><\/span><\/a><a aria-label=\"Linkedin\" class=\"heateor_sss_button_linkedin\" href=\"https:\/\/www.linkedin.com\/sharing\/share-offsite\/?url=https%3A%2F%2Fwww.lacostituzione.info%2Findex.php%2F2018%2F02%2F03%2Fdalle-alpi-alle-piramidi-dal-manzanarre-al-reno-il-rosatellum-tra-pluri-candidature-e-rappresentanza-dei-territori%2F\" title=\"Linkedin\" rel=\"nofollow noopener\" target=\"_blank\" style=\"font-size:32px!important;box-shadow:none;display:inline-block;vertical-align:middle\"><span class=\"heateor_sss_svg heateor_sss_s__default heateor_sss_s_linkedin\" style=\"background-color:#0077b5;width:35px;height:35px;display:inline-block;opacity:1;float:left;font-size:32px;box-shadow:none;display:inline-block;font-size:16px;padding:0 4px;vertical-align:middle;background-repeat:repeat;overflow:hidden;padding:0;cursor:pointer;box-sizing:content-box\"><svg style=\"display:block;\" focusable=\"false\" aria-hidden=\"true\" xmlns=\"http:\/\/www.w3.org\/2000\/svg\" width=\"100%\" height=\"100%\" viewBox=\"0 0 32 32\"><path d=\"M6.227 12.61h4.19v13.48h-4.19V12.61zm2.095-6.7a2.43 2.43 0 0 1 0 4.86c-1.344 0-2.428-1.09-2.428-2.43s1.084-2.43 2.428-2.43m4.72 6.7h4.02v1.84h.058c.56-1.058 1.927-2.176 3.965-2.176 4.238 0 5.02 2.792 5.02 6.42v7.395h-4.183v-6.56c0-1.564-.03-3.574-2.178-3.574-2.18 0-2.514 1.7-2.514 3.46v6.668h-4.187V12.61z\" fill=\"#fff\"><\/path><\/svg><\/span><\/a><a aria-label=\"Pinterest\" class=\"heateor_sss_button_pinterest\" href=\"https:\/\/www.lacostituzione.info\/index.php\/2018\/02\/03\/dalle-alpi-alle-piramidi-dal-manzanarre-al-reno-il-rosatellum-tra-pluri-candidature-e-rappresentanza-dei-territori\/\" onclick=\"event.preventDefault();javascript:void( (function() {var e=document.createElement('script' );e.setAttribute('type','text\/javascript' );e.setAttribute('charset','UTF-8' );e.setAttribute('src','\/\/assets.pinterest.com\/js\/pinmarklet.js?r='+Math.random()*99999999);document.body.appendChild(e)})());\" title=\"Pinterest\" rel=\"noopener\" style=\"font-size:32px!important;box-shadow:none;display:inline-block;vertical-align:middle\"><span class=\"heateor_sss_svg heateor_sss_s__default heateor_sss_s_pinterest\" style=\"background-color:#cc2329;width:35px;height:35px;display:inline-block;opacity:1;float:left;font-size:32px;box-shadow:none;display:inline-block;font-size:16px;padding:0 4px;vertical-align:middle;background-repeat:repeat;overflow:hidden;padding:0;cursor:pointer;box-sizing:content-box\"><svg style=\"display:block;\" focusable=\"false\" aria-hidden=\"true\" xmlns=\"http:\/\/www.w3.org\/2000\/svg\" width=\"100%\" height=\"100%\" viewBox=\"-2 -2 35 35\"><path fill=\"#fff\" d=\"M16.539 4.5c-6.277 0-9.442 4.5-9.442 8.253 0 2.272.86 4.293 2.705 5.046.303.125.574.005.662-.33.061-.231.205-.816.27-1.06.088-.331.053-.447-.191-.736-.532-.627-.873-1.439-.873-2.591 0-3.338 2.498-6.327 6.505-6.327 3.548 0 5.497 2.168 5.497 5.062 0 3.81-1.686 7.025-4.188 7.025-1.382 0-2.416-1.142-2.085-2.545.397-1.674 1.166-3.48 1.166-4.689 0-1.081-.581-1.983-1.782-1.983-1.413 0-2.548 1.462-2.548 3.419 0 1.247.421 2.091.421 2.091l-1.699 7.199c-.505 2.137-.076 4.755-.039 5.019.021.158.223.196.314.077.13-.17 1.813-2.247 2.384-4.324.162-.587.929-3.631.929-3.631.46.876 1.801 1.646 3.227 1.646 4.247 0 7.128-3.871 7.128-9.053.003-3.918-3.317-7.568-8.361-7.568z\"\/><\/svg><\/span><\/a><a aria-label=\"Whatsapp\" class=\"heateor_sss_whatsapp\" href=\"https:\/\/api.whatsapp.com\/send?text=Dalle%20Alpi%20alle%20piramidi%2C%20dal%20Manzanarre%20al%20Reno%3A%20il%20Rosatellum%20tra%20%28pluri%29%20candidature%20e%20rappresentanza%20dei%20territori%20https%3A%2F%2Fwww.lacostituzione.info%2Findex.php%2F2018%2F02%2F03%2Fdalle-alpi-alle-piramidi-dal-manzanarre-al-reno-il-rosatellum-tra-pluri-candidature-e-rappresentanza-dei-territori%2F\" title=\"Whatsapp\" rel=\"nofollow noopener\" target=\"_blank\" style=\"font-size:32px!important;box-shadow:none;display:inline-block;vertical-align:middle\"><span class=\"heateor_sss_svg\" style=\"background-color:#55eb4c;width:35px;height:35px;display:inline-block;opacity:1;float:left;font-size:32px;box-shadow:none;display:inline-block;font-size:16px;padding:0 4px;vertical-align:middle;background-repeat:repeat;overflow:hidden;padding:0;cursor:pointer;box-sizing:content-box\"><svg style=\"display:block;\" focusable=\"false\" aria-hidden=\"true\" xmlns=\"http:\/\/www.w3.org\/2000\/svg\" width=\"100%\" height=\"100%\" viewBox=\"-6 -5 40 40\"><path class=\"heateor_sss_svg_stroke heateor_sss_no_fill\" stroke=\"#fff\" stroke-width=\"2\" fill=\"none\" d=\"M 11.579798566743314 24.396926207859085 A 10 10 0 1 0 6.808479557110079 20.73576436351046\"><\/path><path d=\"M 7 19 l -1 6 l 6 -1\" class=\"heateor_sss_no_fill heateor_sss_svg_stroke\" stroke=\"#fff\" stroke-width=\"2\" fill=\"none\"><\/path><path d=\"M 10 10 q -1 8 8 11 c 5 -1 0 -6 -1 -3 q -4 -3 -5 -5 c 4 -2 -1 -5 -1 -4\" fill=\"#fff\"><\/path><\/svg><\/span><\/a><\/div><div class=\"heateorSssClear\"><\/div><\/div><div class='heateorSssClear'><\/div>","protected":false},"author":1,"featured_media":0,"comment_status":"open","ping_status":"open","sticky":false,"template":"","format":"standard","meta":{"jetpack_post_was_ever_published":false,"_jetpack_newsletter_access":"","_jetpack_dont_email_post_to_subs":false,"_jetpack_newsletter_tier_id":0,"_jetpack_memberships_contains_paywalled_content":false,"_jetpack_memberships_contains_paid_content":false,"footnotes":"","jetpack_publicize_message":"","jetpack_publicize_feature_enabled":true,"jetpack_social_post_already_shared":true,"jetpack_social_options":{"image_generator_settings":{"template":"highway","default_image_id":0,"enabled":false},"version":2}},"categories":[4,956,972],"tags":[398,955,575,976,218,346,691,845],"class_list":["post-4638","post","type-post","status-publish","format-standard","hentry","category-attualita","category-elezioni-2018","category-interventi-elezioni2018","tag-candidati","tag-collegi-plurinominali","tag-collegi-uninominali","tag-elezioni-2018","tag-mattarellum","tag-pluricandidature","tag-rappresentanza","tag-rosatellum"],"jetpack_publicize_connections":[],"jetpack_featured_media_url":"","jetpack_shortlink":"https:\/\/wp.me\/p84sDq-1cO","jetpack_likes_enabled":true,"jetpack_sharing_enabled":true,"_links":{"self":[{"href":"https:\/\/www.lacostituzione.info\/index.php\/wp-json\/wp\/v2\/posts\/4638","targetHints":{"allow":["GET"]}}],"collection":[{"href":"https:\/\/www.lacostituzione.info\/index.php\/wp-json\/wp\/v2\/posts"}],"about":[{"href":"https:\/\/www.lacostituzione.info\/index.php\/wp-json\/wp\/v2\/types\/post"}],"author":[{"embeddable":true,"href":"https:\/\/www.lacostituzione.info\/index.php\/wp-json\/wp\/v2\/users\/1"}],"replies":[{"embeddable":true,"href":"https:\/\/www.lacostituzione.info\/index.php\/wp-json\/wp\/v2\/comments?post=4638"}],"version-history":[{"count":0,"href":"https:\/\/www.lacostituzione.info\/index.php\/wp-json\/wp\/v2\/posts\/4638\/revisions"}],"wp:attachment":[{"href":"https:\/\/www.lacostituzione.info\/index.php\/wp-json\/wp\/v2\/media?parent=4638"}],"wp:term":[{"taxonomy":"category","embeddable":true,"href":"https:\/\/www.lacostituzione.info\/index.php\/wp-json\/wp\/v2\/categories?post=4638"},{"taxonomy":"post_tag","embeddable":true,"href":"https:\/\/www.lacostituzione.info\/index.php\/wp-json\/wp\/v2\/tags?post=4638"}],"curies":[{"name":"wp","href":"https:\/\/api.w.org\/{rel}","templated":true}]}}