{"id":4780,"date":"2018-03-02T13:04:09","date_gmt":"2018-03-02T12:04:09","guid":{"rendered":"http:\/\/www.lacostituzione.info\/?p=4780"},"modified":"2018-03-05T16:17:27","modified_gmt":"2018-03-05T15:17:27","slug":"adelante-pedro-cronoprogramma-di-inizio-legislatura","status":"publish","type":"post","link":"https:\/\/www.lacostituzione.info\/index.php\/2018\/03\/02\/adelante-pedro-cronoprogramma-di-inizio-legislatura\/","title":{"rendered":"Adelante Pedro&#8230; Cronoprogramma di inizio legislatura"},"content":{"rendered":"<p><img loading=\"lazy\" decoding=\"async\" data-attachment-id=\"4785\" data-permalink=\"https:\/\/www.lacostituzione.info\/index.php\/2018\/03\/02\/adelante-pedro-cronoprogramma-di-inizio-legislatura\/italy-politics\/#main\" data-orig-file=\"https:\/\/www.lacostituzione.info\/wp-content\/uploads\/2018\/03\/AP207276112516.jpg\" data-orig-size=\"980,625\" data-comments-opened=\"1\" data-image-meta=\"{&quot;aperture&quot;:&quot;0&quot;,&quot;credit&quot;:&quot;AP&quot;,&quot;camera&quot;:&quot;&quot;,&quot;caption&quot;:&quot;Corazzieri presidential honor guard officers patrol the entrance of the studio where Italian President Giorgio Napolitano meets party representatives at Rome&#039;s Quirinale presidential palace Saturday Dec. 22, 2012. Italy&#039;s President Napolitano is meeting with political leaders to set the stage for general elections early next year as Premier Mario Monti weighs whether to run for office after having handed in his resignation. Monti, appointed 13 months ago to steer Italy away from a Greek-style debt crisis, stepped down Friday after ex-Premier Silvio Berlusconi&#039;s party yanked its support for his technical government. (AP Photo\\\/Alessandra Tarantino)&quot;,&quot;created_timestamp&quot;:&quot;1356175187&quot;,&quot;copyright&quot;:&quot;AP2012&quot;,&quot;focal_length&quot;:&quot;0&quot;,&quot;iso&quot;:&quot;0&quot;,&quot;shutter_speed&quot;:&quot;0&quot;,&quot;title&quot;:&quot;Italy Politics&quot;,&quot;orientation&quot;:&quot;0&quot;}\" data-image-title=\"Italy Politics\" data-image-description=\"\" data-image-caption=\"\" data-medium-file=\"https:\/\/www.lacostituzione.info\/wp-content\/uploads\/2018\/03\/AP207276112516-300x191.jpg\" data-large-file=\"https:\/\/www.lacostituzione.info\/wp-content\/uploads\/2018\/03\/AP207276112516.jpg\" class=\"alignleft size-medium wp-image-4785\" src=\"http:\/\/www.lacostituzione.info\/wp-content\/uploads\/2018\/03\/AP207276112516-300x191.jpg\" alt=\"\" width=\"300\" height=\"191\" srcset=\"https:\/\/www.lacostituzione.info\/wp-content\/uploads\/2018\/03\/AP207276112516-300x191.jpg 300w, https:\/\/www.lacostituzione.info\/wp-content\/uploads\/2018\/03\/AP207276112516-768x490.jpg 768w, https:\/\/www.lacostituzione.info\/wp-content\/uploads\/2018\/03\/AP207276112516.jpg 980w\" sizes=\"auto, (max-width: 300px) 100vw, 300px\" \/>C&#8217;\u00e8 chi, come Matteo Salvini, ha annunciato nei giorni scorsi che marted\u00ec prossimo sieder\u00e0 a Palazzo Chigi e chi, come Luigi Di Maio, ha gi\u00e0 fatto iniziare il riscaldamento alla propria squadra di futuribili ministri. Che fretta! Le cose andranno assai pi\u00f9 lente e ponderate come viene chiaramente spiegato in questo articolo di <b>Giampiero Buonomo<\/b>, tanto che l&#8217;inizio delle consultazioni per il nuovo governo saranno probabilmente avviate dal Presidente della Repubblica non prima del 26 marzo.<!--more--><\/p>\n<p>di <strong>Giampiero Buonomo<\/strong> (*)<\/p>\n<p><span style=\"font-size: 14pt;\"><strong>5-22 marzo 2018:<em> tempo massimo per le proclamazioni degli eletti, ad opera degli Uffici centrali circoscrizionali della Camera e degli Uffici elettorali regionali per il Senato<\/em><\/strong><\/span><\/p>\n<p>Il <em>ping-pong <\/em>tra uffici centrali circoscrizionali ed ufficio centrale nazionale, per le proclamazioni degli eletti alla Camera dei deputati, non era una novit\u00e0 nel nostro ordinamento, neppure ai tempi del <em>Mattarellum<\/em> (e persino ai tempi del proporzionale); ad esso si aggiunge ora, in Senato, il <em>ping-pong<\/em> anche tra uffici elettorali regionali ed ufficio centrale nazionale, sia pur limitatamente al riscontro del superamento delle soglie nazionali delle liste.<\/p>\n<p>Non \u00e8 per\u00f2 questa la vera, prima insidia del meccanismo delle proclamazioni: piuttosto, il <em>Rosatellum<\/em> riapre la questione dello \u201cslittamento\u201d dei voti, ossia la traslazione degli effetti del voto espresso in un ambito territoriale, ai fini dell\u2019attribuzione del seggio ad eletti in altro ambito territoriale. Essa fa calare sulle liste la qualifica di \u201ceccedentarie\u201d ovvero \u201cdeficitarie\u201d, per i casi di non corrispondenza (verso l\u2019alto o verso il basso) della somma dei seggi loro assegnati nelle circoscrizioni, rispetto al numero dei seggi loro spettanti a livello nazionale. Gi\u00e0 l\u2019<em>Italicum<\/em> ne faceva discendere un articolato potere correttivo dell\u2019Ufficio centrale nazionale, che influenzava le proclamazioni alterandone l\u2019ordine \u201cnaturale\u201d.<\/p>\n<p>Nella pur prolissa sentenza n. 35 del 2017, il redattore Zanon dedicava alla questione un lunghissimo \u00a7 10.2 del <em>Considerato in diritto<\/em>, a riprova di quanto la faccenda fosse spinosa gi\u00e0 allora. Il ricorso n. 8\/2017, depositato dall\u2019avvocato Besostri per conflitto di attribuzione tra poteri dello Stato (consultabile alla URL <a href=\"http:\/\/www.giurcost.org\/cronache\/index.html\">http:\/\/www.giurcost.org\/cronache\/index.html<\/a> nella sezione &#8220;Selezione di casi pendenti davanti alla Corte costituzionale&#8221;) sostiene che la n. 165\/2017 rende possibile l\u2019effetto <em>flipper <\/em>tra territori anche lontanissimi tra di loro (vedansi i commi 4, 6 e 7 del nuovo articolo 84 del testo unico Camera). Il gioco delle pluricandidature potrebbe, addirittura, rimettere in pista, anche per la Camera alta, l\u2019obiezione contro un effetto <em>lato sensu<\/em> traslativo: ci\u00f2 in ragione del <em>mix<\/em> tra le decisioni dei partiti di proporre pluricandidature, lo scorrimento verso i candidati uninominali \u201cripescati\u201d e l\u2019impatto del voto \u201cesogeno\u201d nel plurinominale. Tutto ci\u00f2 potrebbe risultare difficilmente digeribile per le parti contro-interessate all\u2019attribuzione del seggio: un\u2019operazione che rischia di bloccarsi, laddove venisse sollecitato, gi\u00e0 in sede di proclamazione, uno scrutinio di costituzionalit\u00e0 della nuova legge elettorale. In questi casi, gli Uffici elettorali regionali affermano per\u00f2 l&#8217;inammissibilit\u00e0 di incidenti di costituzionalit\u00e0, in virt\u00f9 del loro configurarsi come organi meramente amministrativi, e non giurisdizionali: una configurazione che ancora di recente il Consiglio di Stato (sezione III) ha giudicato non lesiva dei principi costituzionali, in quanto &#8220;l\u2019attribuzione della competenza a decidere i reclami contro le esclusioni delle liste e dei candidati adottate, ai sensi dell\u2019art. 22 del D.P.R. n. 361 del 1957, dall\u2019Ufficio Centrale Circoscrizionale (costituito presso la Corte d\u2019Appello o il Tribunale competente) innanzi all\u2019Ufficio Elettorale Centrale Nazionale (costituito presso la Corte di Cassazione), tenuto conto dalla sua composizione soggettiva (essendo i relativi membri tutti magistrati, ai sensi degli artt. 12 e 13 del D.P.R. n. 361 del 1957), garantisce la necessaria imparzialit\u00e0 e indipendenza, in quanto organo neutrale e titolare di funzioni di controllo esterno espletate in posizione di terziet\u00e0 ed indipendenza&#8221; (sentenza n. 999\/2018).<\/p>\n<p><span style=\"font-size: 14pt;\"><strong>Dopo la data della proclamazione altri 20 giorni:<em> per la proposizione dei ricorsi elettorali<\/em><\/strong><\/span><\/p>\n<p>L\u2019articolo 87 del testo unico di cui al d.P.R. n. 361 del 1957 dichiara che spetta alla Camera il \u201cgiudizio\u00a0 definitivo\u00a0 sulle contestazioni, le\u00a0 proteste\u00a0 e,\u00a0 in\u00a0 generale,\u00a0 su\u00a0 tutti\u00a0 i\u00a0 reclami presentati agli Uffici delle singole sezioni elettorali o all&#8217;Ufficio centrale durante la loro attivit\u00e0 o posteriormente. (\u2026) Le proteste e i reclami non presentati agli Uffici delle sezioni\u00a0 o all&#8217;Ufficio centrale devono essere trasmessi\u00a0 alla\u00a0 Segreteria\u00a0 della Camera dei deputati<strong> entro il\u00a0 termine\u00a0 di\u00a0 venti\u00a0\u00a0 giorni <\/strong>dalla proclamazione fatta dall&#8217;Ufficio centrale. La Segreteria ne rilascia ricevuta\u201d. Conformi, con le varianti del caso, sono le previsioni dei regolamenti di verifica dei poteri delle due Camere.<\/p>\n<p>La conseguenza, <em>a rigori<\/em>, dovrebbe essere che &#8211; se le Camere svolgono in via esclusiva ai sensi dell\u2019articolo 66 della Costituzione una funzione giurisdizionale sulla verifica dei poteri &#8211; esse potrebbero in quella sede sollevare questione di legittimit\u00e0 costituzionale in sede di giudizio sui ricorsi contro gli atti del procedimento elettorale, rilevanti nel controllo dei titoli di ammissione dei componenti delle Assemblee parlamentari. Ma sulla loro renitenza abbiamo gi\u00e0 discettato (su questo sito, v. <a href=\"http:\/\/www.lacostituzione.info\/index.php\/2017\/12\/09\/la-procedura-parlamentare-e-il-conflitto-di-attribuzioni-sulle-leggi-elettorali\/\"><em>La procedura parlamentare e il conflitto di attribuzioni sulle leggi elettorali<\/em><\/a>, <a href=\"http:\/\/www.lacostituzione.info\/index.php\/2017\/12\/09\/la-procedura-parlamentare-e-il-conflitto-di-attribuzioni-sulle-leggi-elettorali\/\">9 dicembre 2017<\/a>); pi\u00f9 in generale, sulla &#8220;giustizia politica&#8221; (<em>copyright<\/em> Cassazione \u2013 Sezioni unite civili \u2013 sentenza 8 aprile 2008, n. 9151) aleggia oramai una delegittimazione sia a livello nazionale che sovranazionale. La Corte costituzionale ne ha tratto, anche di recente (inammissibilit\u00e0 della q.l.c. veneziana sulla circoscrizione Estero nel referendum costituzionale), una particolare declinazione del principio della tutela costituzionale: per la legge elettorale delle Camere, non essendovi la possibilit\u00e0 di superare la &#8220;zona franca&#8221;, \u00e8 ammissibile ci\u00f2 che non sarebbe in via ordinaria per le altre elezioni, cio\u00e9 la q.l.c. (questione di leggittimit\u00e0 costituzionale) che nasca da una mera azione di accertamento del diritto di votare secondo Costituzione.<\/p>\n<p><span style=\"font-size: 14pt;\"><strong>23 marzo 2018:<em> Prima seduta delle nuove Camere (Giunta delle elezioni provvisoria)<\/em><\/strong><\/span><\/p>\n<p>\u00c8 ben vero che la legislatura decorre dalla prima seduta e, quindi, dal 23 marzo 2018; ma \u00e8 anche vero che le norme regolamentari (articolo 1 comma 1 Reg Sen.: &#8220;I Senatori acquistano le prerogative della carica e tutti i diritti inerenti alle loro funzioni, per il solo fatto della elezione o della nomina, dal momento della proclamazione se eletti, o dalla comunicazione della nomina se nominati&#8221;; art. 1 Reg. Cam.: &#8220;I deputati entrano nel pieno esercizio delle loro funzioni all&#8217;atto della proclamazione&#8221;) appaiono ricognitive di un principio risalente direttamente alle guarentigie costituzionali e che, tra di esse, non vi sono solo quelle dell&#8217;articolo 68 ma anche quelle dell&#8217;articolo 67 Cost.<\/p>\n<p>Pertanto, non appare probabile che gli uffici elettorali estendano a fattispecie ulteriori quello che sin qui \u00e8 stato l&#8217;unico caso di &#8220;salto&#8221; del nome dell&#8217;avente diritto alla proclamazione (il decesso del candidato, il cui nome era forzatamente rimasto sulla scheda). Ecco perch\u00e9 &#8211; in caso di elezione del candidato indesiderato per motivi sopravvenuti &#8211; il problema si converte in quello delle dimissioni. Sempre ammesso che l&#8217;interessato le depositi, l&#8217;art. 89 del D.P.R. 30 marzo 1957, n. 361 afferma che <em>&#8220;\u00e8 riservata alla Camera dei deputati la facolt\u00e0 di ricevere e accettare le dimissioni dei propri membri&#8221;<\/em>.<\/p>\n<p>Precedenti di dimissioni accolte dall&#8217;Assemblea neoistituita sono rari ma non mancano, come dimostrano le dimissioni di Emma Bonino e Giovanni Negri presentate (ed accolte) nella prima seduta della Camera dei deputati della X legislatura. Il presidente provvisorio Aldo Aniasi il 2 luglio 1987 le pose ai voti addirittura prima di convocare la Giunta delle elezioni provvisoria, che pure (secondo l&#8217;articolo 3 Reg. Cam.) dovrebbe essere il primo adempimento da soddisfare, dopo la costituzione dell&#8217;Ufficio di Presidenza provvisorio. Ma c&#8217;\u00e8 comunque un voto segreto da tenere: non \u00e8 detto che il suo esito incontri gli auspici del dimissionario.<\/p>\n<p>C&#8217;\u00e8 allora chi potrebbe vedere nella Giunta provvisoria la sede per regolare la faccenda. Il Senato, in tempi remoti, conosceva la \u201crinuncia preventiva alla proclamazione a senatore\u201d (caso Toscanini); da essa, in certa misura, deriva anche l&#8217;atto abdicativo che prescinde dal voto dell&#8217;Assemblea in caso di dichiarazione di volont\u00e0 dell&#8217;interessato (v. Assemblea del Senato, 4 luglio 2007, conferma con dichiarazione orale del senatore Bobba della pre-opzione per il subentro in corso di legislatura). Ancora nella X legislatura, a seguito dell\u2019opzione per la Camera dei deputati esercitata dall\u2019onorevole Pannella \u2013 candidato eletto sia alla Camera che al Senato \u2013 la Giunta accert\u00f2 che la prima dei non eletti nel relativo Gruppo era Maria Adelaide Aglietta, gi\u00e0 proclamata anch\u2019essa deputata; costei scrisse al Presidente del Senato dichiarando che, pur trovandosi nella condizione di essere proclamata senatrice in sostituzione di Pannella, preferiva continuare ad appartenere alla Camera dei deputati. Di conseguenza la Giunta riscont\u00f2 che, fra i candidati non eletti del medesimo Gruppo, colui che seguiva la deputata Aglietta in cifra individuale era Piero Craveri, che fu proclamato eletto senatore (Atti Senato, Assemblea, resoconto stenografico, 2 luglio 1987, p. 4).<\/p>\n<p>Il problema, non secondario, \u00e8 per\u00f2 quello di chiarire quale margine di vitalit\u00e0 abbia ancora un istituto, la Giunta provvisoria, sorto in presenza di tutt&#8217;altri presupposti legislativi.<\/p>\n<p><span style=\"font-size: 14pt;\"><strong>23 marzo 2018:<em> Prima seduta delle nuove Camere (elezione dei Presidenti delle Camere)<\/em><\/strong><\/span><\/p>\n<p>La dottrina spiega il peculiare meccanismo di elezione del Presidente del Senato (che &#8211; decorsi invano i primi tre scrutini, due a maggioranza assoluta dei componenti e uno a maggioranza assoluta dei presenti &#8211; conduce comunque ad una scelta al quarto scrutinio, mediante un ballottaggio) con la necessit\u00e0 di ricostituire il prima possibile la figura del supplente del Capo dello Stato. Viceversa, l&#8217;elezione del Presidente della Camera ha luogo (dopo il primo a maggioranza dei due terzi dei componenti; e dopo il secondo e terzo scrutinio a maggioranza dei due terzi dei voti) dal quarto scrutinio sempre con la maggioranza assoluta dei voti.<\/p>\n<p><strong>Entro tre giorni dalla prima seduta, ogni parlamentare \u00e8 tenuto ad indicare alla Presidenza il Gruppo del quale intende far parte<\/strong>: in Senato, ci\u00f2 avverr\u00e0 sotto l&#8217;imperio delle pi\u00f9 rigorose norme di cui alla delibera 20 dicembre 2017, pubblicata nella <em>Gazzetta Ufficiale<\/em> del 19 gennaio 2018.<\/p>\n<p><strong>La Presidenza della Repubblica fa decorrere da questo adempimento la fissazione del calendario per le consultazioni<\/strong>, volte alla costituzione del nuovo Governo. Bench\u00e9 la natura &#8220;facultizzante&#8221; della relativa consuetudine costituzionale conosca casi di maggiore o minore rilevanza delle formazioni politiche o delle coalizioni, elemento imprescindibile delle consultazioni sono i Gruppi parlamentari, visto che \u00e8 dai loro componenti che dovr\u00e0 venire il giudizio politico sulla nomina del Governo, mediante la sottoposizione in Assemblea delle due Camere della mozione di fiducia.<\/p>\n<p><strong>Da questo momento in poi, la scansione degli adempimenti non conosce pi\u00f9 un cronoprogramma giuridico<\/strong>, ma riprende pieno vigore quello politico: nel concorso di volont\u00e0 tra tutti gli attori delle consultazioni, dell&#8217;incarico, dell&#8217;accettazione e della fiducia, la tempistica recede sullo sfondo. Residua soltanto l&#8217;obbligo, di cui all&#8217;articolo 94 secondo comma Cost., per il quale <strong>&#8220;entro dieci giorni dalla sua formazione il Governo si presenta alle Camere per ottenerne la fiducia&#8221;.<\/strong><\/p>\n<p>Tutto il resto \u00e8 affidato al &#8220;trialogo&#8221; Quirinale-Presidente del consiglio incaricato-Parlamento: come sosteneva Alessandro Pizzorusso, il ruolo del Capo dello Stato \u00e8 decisivo, perch\u00e9 ricostituisce il circuito democratico Parlamento-Governo mediante un&#8217;attivit\u00e0 di supplenza, modulata sulle circostanze politiche determinatesi in base all&#8217;esito delle elezioni generali. Ma sulla modalit\u00e0 in cui ci\u00f2 in concreto avverr\u00e0, la strumentazione \u00e8 ampia e non preventivabile giuridicamente e, men che meno, cronologicamente: tra mandati esplorativi, incarichi accettati con riserva, scioglimento della riserva, nomina dei ministri e presentazione del Governo alle Camere, il tutto \u00e8 rimesso alla <em>politique politicienne<\/em> ed all&#8217;equilibrio, con cui l&#8217;alto senso istituzionale del Presidente della Repubblica riterr\u00e0 di orientarne il corso.<\/p>\n<p>&nbsp;<\/p>\n<p>(*) <em>Consigliere parlamentare. Le opinioni espresse sono personali e non impegnano in alcun modo l\u2019Istituzione di appartenenza.<\/em><\/p>\n","protected":false},"excerpt":{"rendered":"<p>C&#8217;\u00e8 chi, come Matteo Salvini, ha annunciato nei giorni scorsi che marted\u00ec prossimo sieder\u00e0 a Palazzo Chigi e chi, come Luigi Di Maio, ha gi\u00e0 fatto iniziare il riscaldamento alla propria squadra di futuribili ministri. Che fretta! Le cose andranno assai pi\u00f9 lente e ponderate come viene chiaramente spiegato in questo articolo di Giampiero Buonomo, &#8230; <a title=\"Adelante Pedro&#8230; Cronoprogramma di inizio legislatura\" class=\"read-more\" href=\"https:\/\/www.lacostituzione.info\/index.php\/2018\/03\/02\/adelante-pedro-cronoprogramma-di-inizio-legislatura\/\">Leggi tutto<\/a><\/p>\n<div class='heateorSssClear'><\/div><div  class='heateor_sss_sharing_container heateor_sss_horizontal_sharing' data-heateor-sss-href='https:\/\/www.lacostituzione.info\/index.php\/2018\/03\/02\/adelante-pedro-cronoprogramma-di-inizio-legislatura\/'><div class='heateor_sss_sharing_title' style=\"font-weight:bold\" >Condividi!<\/div><div class=\"heateor_sss_sharing_ul\"><a aria-label=\"Facebook\" class=\"heateor_sss_facebook\" href=\"https:\/\/www.facebook.com\/sharer\/sharer.php?u=https%3A%2F%2Fwww.lacostituzione.info%2Findex.php%2F2018%2F03%2F02%2Fadelante-pedro-cronoprogramma-di-inizio-legislatura%2F\" title=\"Facebook\" rel=\"nofollow noopener\" target=\"_blank\" style=\"font-size:32px!important;box-shadow:none;display:inline-block;vertical-align:middle\"><span class=\"heateor_sss_svg\" style=\"background-color:#0765FE;width:35px;height:35px;display:inline-block;opacity:1;float:left;font-size:32px;box-shadow:none;display:inline-block;font-size:16px;padding:0 4px;vertical-align:middle;background-repeat:repeat;overflow:hidden;padding:0;cursor:pointer;box-sizing:content-box\"><svg style=\"display:block;\" focusable=\"false\" aria-hidden=\"true\" xmlns=\"http:\/\/www.w3.org\/2000\/svg\" width=\"100%\" height=\"100%\" viewBox=\"0 0 32 32\"><path fill=\"#fff\" d=\"M28 16c0-6.627-5.373-12-12-12S4 9.373 4 16c0 5.628 3.875 10.35 9.101 11.647v-7.98h-2.474V16H13.1v-1.58c0-4.085 1.849-5.978 5.859-5.978.76 0 2.072.15 2.608.298v3.325c-.283-.03-.775-.045-1.386-.045-1.967 0-2.728.745-2.728 2.683V16h3.92l-.673 3.667h-3.247v8.245C23.395 27.195 28 22.135 28 16Z\"><\/path><\/svg><\/span><\/a><a aria-label=\"Twitter\" class=\"heateor_sss_button_twitter\" href=\"https:\/\/twitter.com\/intent\/tweet?text=Adelante%20Pedro...%20Cronoprogramma%20di%20inizio%20legislatura&url=https%3A%2F%2Fwww.lacostituzione.info%2Findex.php%2F2018%2F03%2F02%2Fadelante-pedro-cronoprogramma-di-inizio-legislatura%2F\" title=\"Twitter\" rel=\"nofollow noopener\" target=\"_blank\" style=\"font-size:32px!important;box-shadow:none;display:inline-block;vertical-align:middle\"><span class=\"heateor_sss_svg heateor_sss_s__default heateor_sss_s_twitter\" style=\"background-color:#55acee;width:35px;height:35px;display:inline-block;opacity:1;float:left;font-size:32px;box-shadow:none;display:inline-block;font-size:16px;padding:0 4px;vertical-align:middle;background-repeat:repeat;overflow:hidden;padding:0;cursor:pointer;box-sizing:content-box\"><svg style=\"display:block;\" focusable=\"false\" aria-hidden=\"true\" xmlns=\"http:\/\/www.w3.org\/2000\/svg\" width=\"100%\" height=\"100%\" viewBox=\"-4 -4 39 39\"><path d=\"M28 8.557a9.913 9.913 0 0 1-2.828.775 4.93 4.93 0 0 0 2.166-2.725 9.738 9.738 0 0 1-3.13 1.194 4.92 4.92 0 0 0-3.593-1.55 4.924 4.924 0 0 0-4.794 6.049c-4.09-.21-7.72-2.17-10.15-5.15a4.942 4.942 0 0 0-.665 2.477c0 1.71.87 3.214 2.19 4.1a4.968 4.968 0 0 1-2.23-.616v.06c0 2.39 1.7 4.38 3.952 4.83-.414.115-.85.174-1.297.174-.318 0-.626-.03-.928-.086a4.935 4.935 0 0 0 4.6 3.42 9.893 9.893 0 0 1-6.114 2.107c-.398 0-.79-.023-1.175-.068a13.953 13.953 0 0 0 7.55 2.213c9.056 0 14.01-7.507 14.01-14.013 0-.213-.005-.426-.015-.637.96-.695 1.795-1.56 2.455-2.55z\" fill=\"#fff\"><\/path><\/svg><\/span><\/a><a aria-label=\"Reddit\" class=\"heateor_sss_button_reddit\" href=\"https:\/\/reddit.com\/submit?url=https%3A%2F%2Fwww.lacostituzione.info%2Findex.php%2F2018%2F03%2F02%2Fadelante-pedro-cronoprogramma-di-inizio-legislatura%2F&title=Adelante%20Pedro...%20Cronoprogramma%20di%20inizio%20legislatura\" title=\"Reddit\" rel=\"nofollow noopener\" target=\"_blank\" style=\"font-size:32px!important;box-shadow:none;display:inline-block;vertical-align:middle\"><span class=\"heateor_sss_svg heateor_sss_s__default heateor_sss_s_reddit\" style=\"background-color:#ff5700;width:35px;height:35px;display:inline-block;opacity:1;float:left;font-size:32px;box-shadow:none;display:inline-block;font-size:16px;padding:0 4px;vertical-align:middle;background-repeat:repeat;overflow:hidden;padding:0;cursor:pointer;box-sizing:content-box\"><svg style=\"display:block;\" focusable=\"false\" aria-hidden=\"true\" xmlns=\"http:\/\/www.w3.org\/2000\/svg\" width=\"100%\" height=\"100%\" viewBox=\"-3.5 -3.5 39 39\"><path d=\"M28.543 15.774a2.953 2.953 0 0 0-2.951-2.949 2.882 2.882 0 0 0-1.9.713 14.075 14.075 0 0 0-6.85-2.044l1.38-4.349 3.768.884a2.452 2.452 0 1 0 .24-1.176l-4.274-1a.6.6 0 0 0-.709.4l-1.659 5.224a14.314 14.314 0 0 0-7.316 2.029 2.908 2.908 0 0 0-1.872-.681 2.942 2.942 0 0 0-1.618 5.4 5.109 5.109 0 0 0-.062.765c0 4.158 5.037 7.541 11.229 7.541s11.22-3.383 11.22-7.541a5.2 5.2 0 0 0-.053-.706 2.963 2.963 0 0 0 1.427-2.51zm-18.008 1.88a1.753 1.753 0 0 1 1.73-1.74 1.73 1.73 0 0 1 1.709 1.74 1.709 1.709 0 0 1-1.709 1.711 1.733 1.733 0 0 1-1.73-1.711zm9.565 4.968a5.573 5.573 0 0 1-4.081 1.272h-.032a5.576 5.576 0 0 1-4.087-1.272.6.6 0 0 1 .844-.854 4.5 4.5 0 0 0 3.238.927h.032a4.5 4.5 0 0 0 3.237-.927.6.6 0 1 1 .844.854zm-.331-3.256a1.726 1.726 0 1 1 1.709-1.712 1.717 1.717 0 0 1-1.712 1.712z\" fill=\"#fff\"\/><\/svg><\/span><\/a><a aria-label=\"Linkedin\" class=\"heateor_sss_button_linkedin\" href=\"https:\/\/www.linkedin.com\/sharing\/share-offsite\/?url=https%3A%2F%2Fwww.lacostituzione.info%2Findex.php%2F2018%2F03%2F02%2Fadelante-pedro-cronoprogramma-di-inizio-legislatura%2F\" title=\"Linkedin\" rel=\"nofollow noopener\" target=\"_blank\" style=\"font-size:32px!important;box-shadow:none;display:inline-block;vertical-align:middle\"><span class=\"heateor_sss_svg heateor_sss_s__default heateor_sss_s_linkedin\" style=\"background-color:#0077b5;width:35px;height:35px;display:inline-block;opacity:1;float:left;font-size:32px;box-shadow:none;display:inline-block;font-size:16px;padding:0 4px;vertical-align:middle;background-repeat:repeat;overflow:hidden;padding:0;cursor:pointer;box-sizing:content-box\"><svg style=\"display:block;\" focusable=\"false\" aria-hidden=\"true\" xmlns=\"http:\/\/www.w3.org\/2000\/svg\" width=\"100%\" height=\"100%\" viewBox=\"0 0 32 32\"><path d=\"M6.227 12.61h4.19v13.48h-4.19V12.61zm2.095-6.7a2.43 2.43 0 0 1 0 4.86c-1.344 0-2.428-1.09-2.428-2.43s1.084-2.43 2.428-2.43m4.72 6.7h4.02v1.84h.058c.56-1.058 1.927-2.176 3.965-2.176 4.238 0 5.02 2.792 5.02 6.42v7.395h-4.183v-6.56c0-1.564-.03-3.574-2.178-3.574-2.18 0-2.514 1.7-2.514 3.46v6.668h-4.187V12.61z\" fill=\"#fff\"><\/path><\/svg><\/span><\/a><a aria-label=\"Pinterest\" class=\"heateor_sss_button_pinterest\" href=\"https:\/\/www.lacostituzione.info\/index.php\/2018\/03\/02\/adelante-pedro-cronoprogramma-di-inizio-legislatura\/\" onclick=\"event.preventDefault();javascript:void( (function() {var e=document.createElement('script' );e.setAttribute('type','text\/javascript' );e.setAttribute('charset','UTF-8' );e.setAttribute('src','\/\/assets.pinterest.com\/js\/pinmarklet.js?r='+Math.random()*99999999);document.body.appendChild(e)})());\" title=\"Pinterest\" rel=\"noopener\" style=\"font-size:32px!important;box-shadow:none;display:inline-block;vertical-align:middle\"><span class=\"heateor_sss_svg heateor_sss_s__default heateor_sss_s_pinterest\" style=\"background-color:#cc2329;width:35px;height:35px;display:inline-block;opacity:1;float:left;font-size:32px;box-shadow:none;display:inline-block;font-size:16px;padding:0 4px;vertical-align:middle;background-repeat:repeat;overflow:hidden;padding:0;cursor:pointer;box-sizing:content-box\"><svg style=\"display:block;\" focusable=\"false\" aria-hidden=\"true\" xmlns=\"http:\/\/www.w3.org\/2000\/svg\" width=\"100%\" height=\"100%\" viewBox=\"-2 -2 35 35\"><path fill=\"#fff\" d=\"M16.539 4.5c-6.277 0-9.442 4.5-9.442 8.253 0 2.272.86 4.293 2.705 5.046.303.125.574.005.662-.33.061-.231.205-.816.27-1.06.088-.331.053-.447-.191-.736-.532-.627-.873-1.439-.873-2.591 0-3.338 2.498-6.327 6.505-6.327 3.548 0 5.497 2.168 5.497 5.062 0 3.81-1.686 7.025-4.188 7.025-1.382 0-2.416-1.142-2.085-2.545.397-1.674 1.166-3.48 1.166-4.689 0-1.081-.581-1.983-1.782-1.983-1.413 0-2.548 1.462-2.548 3.419 0 1.247.421 2.091.421 2.091l-1.699 7.199c-.505 2.137-.076 4.755-.039 5.019.021.158.223.196.314.077.13-.17 1.813-2.247 2.384-4.324.162-.587.929-3.631.929-3.631.46.876 1.801 1.646 3.227 1.646 4.247 0 7.128-3.871 7.128-9.053.003-3.918-3.317-7.568-8.361-7.568z\"\/><\/svg><\/span><\/a><a aria-label=\"Whatsapp\" class=\"heateor_sss_whatsapp\" href=\"https:\/\/api.whatsapp.com\/send?text=Adelante%20Pedro...%20Cronoprogramma%20di%20inizio%20legislatura%20https%3A%2F%2Fwww.lacostituzione.info%2Findex.php%2F2018%2F03%2F02%2Fadelante-pedro-cronoprogramma-di-inizio-legislatura%2F\" title=\"Whatsapp\" rel=\"nofollow noopener\" target=\"_blank\" style=\"font-size:32px!important;box-shadow:none;display:inline-block;vertical-align:middle\"><span class=\"heateor_sss_svg\" style=\"background-color:#55eb4c;width:35px;height:35px;display:inline-block;opacity:1;float:left;font-size:32px;box-shadow:none;display:inline-block;font-size:16px;padding:0 4px;vertical-align:middle;background-repeat:repeat;overflow:hidden;padding:0;cursor:pointer;box-sizing:content-box\"><svg style=\"display:block;\" focusable=\"false\" aria-hidden=\"true\" xmlns=\"http:\/\/www.w3.org\/2000\/svg\" width=\"100%\" height=\"100%\" viewBox=\"-6 -5 40 40\"><path class=\"heateor_sss_svg_stroke heateor_sss_no_fill\" stroke=\"#fff\" stroke-width=\"2\" fill=\"none\" d=\"M 11.579798566743314 24.396926207859085 A 10 10 0 1 0 6.808479557110079 20.73576436351046\"><\/path><path d=\"M 7 19 l -1 6 l 6 -1\" class=\"heateor_sss_no_fill heateor_sss_svg_stroke\" stroke=\"#fff\" stroke-width=\"2\" fill=\"none\"><\/path><path d=\"M 10 10 q -1 8 8 11 c 5 -1 0 -6 -1 -3 q -4 -3 -5 -5 c 4 -2 -1 -5 -1 -4\" fill=\"#fff\"><\/path><\/svg><\/span><\/a><\/div><div class=\"heateorSssClear\"><\/div><\/div><div class='heateorSssClear'><\/div>","protected":false},"author":1,"featured_media":0,"comment_status":"open","ping_status":"open","sticky":false,"template":"","format":"standard","meta":{"jetpack_post_was_ever_published":false,"_jetpack_newsletter_access":"","_jetpack_dont_email_post_to_subs":false,"_jetpack_newsletter_tier_id":0,"_jetpack_memberships_contains_paywalled_content":false,"_jetpack_memberships_contains_paid_content":false,"footnotes":"","jetpack_publicize_message":"","jetpack_publicize_feature_enabled":true,"jetpack_social_post_already_shared":true,"jetpack_social_options":{"image_generator_settings":{"template":"highway","default_image_id":0,"enabled":false},"version":2}},"categories":[4,956,972,975],"tags":[32,176,655,192,927,40,315,180,1071,26],"class_list":["post-4780","post","type-post","status-publish","format-standard","hentry","category-attualita","category-elezioni-2018","category-interventi-elezioni2018","category-procedure-elezioni2018","tag-camera","tag-consultazioni","tag-eletti","tag-elezioni","tag-giunta-delle-elezioni","tag-governo","tag-gruppi-parlamentari","tag-presidente-della-repubblica","tag-ricorsi","tag-senato"],"jetpack_publicize_connections":[],"jetpack_featured_media_url":"","jetpack_shortlink":"https:\/\/wp.me\/p84sDq-1f6","jetpack_likes_enabled":true,"jetpack_sharing_enabled":true,"_links":{"self":[{"href":"https:\/\/www.lacostituzione.info\/index.php\/wp-json\/wp\/v2\/posts\/4780","targetHints":{"allow":["GET"]}}],"collection":[{"href":"https:\/\/www.lacostituzione.info\/index.php\/wp-json\/wp\/v2\/posts"}],"about":[{"href":"https:\/\/www.lacostituzione.info\/index.php\/wp-json\/wp\/v2\/types\/post"}],"author":[{"embeddable":true,"href":"https:\/\/www.lacostituzione.info\/index.php\/wp-json\/wp\/v2\/users\/1"}],"replies":[{"embeddable":true,"href":"https:\/\/www.lacostituzione.info\/index.php\/wp-json\/wp\/v2\/comments?post=4780"}],"version-history":[{"count":0,"href":"https:\/\/www.lacostituzione.info\/index.php\/wp-json\/wp\/v2\/posts\/4780\/revisions"}],"wp:attachment":[{"href":"https:\/\/www.lacostituzione.info\/index.php\/wp-json\/wp\/v2\/media?parent=4780"}],"wp:term":[{"taxonomy":"category","embeddable":true,"href":"https:\/\/www.lacostituzione.info\/index.php\/wp-json\/wp\/v2\/categories?post=4780"},{"taxonomy":"post_tag","embeddable":true,"href":"https:\/\/www.lacostituzione.info\/index.php\/wp-json\/wp\/v2\/tags?post=4780"}],"curies":[{"name":"wp","href":"https:\/\/api.w.org\/{rel}","templated":true}]}}