{"id":4836,"date":"2018-03-12T12:50:14","date_gmt":"2018-03-12T11:50:14","guid":{"rendered":"http:\/\/www.lacostituzione.info\/?p=4836"},"modified":"2018-03-13T00:08:30","modified_gmt":"2018-03-12T23:08:30","slug":"governance-finanziaria-europea-prove-generali-di-un-accordo-franco-tedesco","status":"publish","type":"post","link":"https:\/\/www.lacostituzione.info\/index.php\/2018\/03\/12\/governance-finanziaria-europea-prove-generali-di-un-accordo-franco-tedesco\/","title":{"rendered":"Governance finanziaria europea. Prove generali di un accordo Franco-Tedesco?"},"content":{"rendered":"<p><img loading=\"lazy\" decoding=\"async\" data-attachment-id=\"4838\" data-permalink=\"https:\/\/www.lacostituzione.info\/index.php\/2018\/03\/12\/governance-finanziaria-europea-prove-generali-di-un-accordo-franco-tedesco\/th-123\/#main\" data-orig-file=\"https:\/\/www.lacostituzione.info\/wp-content\/uploads\/2018\/03\/th.jpg\" data-orig-size=\"261,173\" data-comments-opened=\"1\" data-image-meta=\"{&quot;aperture&quot;:&quot;0&quot;,&quot;credit&quot;:&quot;&quot;,&quot;camera&quot;:&quot;&quot;,&quot;caption&quot;:&quot;&quot;,&quot;created_timestamp&quot;:&quot;0&quot;,&quot;copyright&quot;:&quot;&quot;,&quot;focal_length&quot;:&quot;0&quot;,&quot;iso&quot;:&quot;0&quot;,&quot;shutter_speed&quot;:&quot;0&quot;,&quot;title&quot;:&quot;&quot;,&quot;orientation&quot;:&quot;0&quot;}\" data-image-title=\"th\" data-image-description=\"\" data-image-caption=\"\" data-medium-file=\"https:\/\/www.lacostituzione.info\/wp-content\/uploads\/2018\/03\/th.jpg\" data-large-file=\"https:\/\/www.lacostituzione.info\/wp-content\/uploads\/2018\/03\/th.jpg\" class=\"alignleft size-full wp-image-4838\" src=\"http:\/\/www.lacostituzione.info\/wp-content\/uploads\/2018\/03\/th.jpg\" alt=\"\" width=\"261\" height=\"173\" \/>di <strong>Andrea Pisaneschi *<\/strong><\/p>\n<p>In un Italia tutta presa dalle elezioni politiche e dai problemi post-elettorali, \u00e8 passato quasi inosservato un documento del gennaio di questo anno, sulla riforma dell\u2019Eurozona, denominato\u00a0<a href=\"https:\/\/cepr.org\/sites\/default\/files\/policy_insights\/PolicyInsight91.pdf\" class=\"broken_link\"><em>Reconciling risk sharing with market approach: a constructive approach to euro area reform<\/em><\/a><em>. <\/em><!--more--><\/p>\n<p>Il documento potrebbe essere tranquillamente liquidato come uno dei tanti studi che in questo momento vengono prodotti sul tema della riforma della <em>governance<\/em> europea, se non fosse per un punto particolarmente qualificante. \u00c8 stato scritto da 14 economisti franco-tedeschi e tra questi vi \u00e8 pure Jean Pisani-Ferry, responsabile per il programma nella campagna presidenziale di Emmanuel Macron. Posto che i tedeschi ed i francesi sono soliti preparare il \u201cterreno\u201d prima di mandare avanti la politica, e normalmente lo fanno proprio con studi delle loro migliori universit\u00e0 o delle loro forti fondazioni (nel caso tedesco), \u00e8 pensabile che il documento non sia solo un esercizio accademico, ma possa rappresentare una linea di sviluppo concreta, dato anche che la Commissione ha gi\u00e0 avanzato la propria proposta di riforma della <em>governance<\/em> finanziaria europea.<\/p>\n<p>La riforma della <em>governance<\/em> finanziaria, peraltro, costituisce il primo passo verso una reale stabilizzazione della zona euro e indirettamente dell\u2019Europa che ha aderito alla moneta unica. L\u2019Europa dei diritti \u2013 da molti giustamente sognata &#8211; rischia di rimanere un sogno lasciato alle tante carte pi\u00f9 o meno ripetitive di generici principi internazionali, se prima non si interviene seriamente sulla <em>governance<\/em> finanziaria, per bilanciare correttamente responsabilit\u00e0 nazionali e vincoli sovranazionali secondo un modello che spinga verso la crescita economica. La crescita economica, del resto, \u00e8 fondamentale per garantire la mobilit\u00e0 sociale e l\u2019attuazione del principio di eguaglianza sostanziale. Forse pu\u00f2 dispiacere dirlo, ma guardando con gli occhi di oggi \u2013 e dei risultati elettorali di oggi &#8211; la stessa tenuta sociale del paese \u00e8 probabilmente dipesa pi\u00f9 dal boom economico degli anni &#8217;60 e poi dal boom del debito degli anni &#8217;70-&#8217;80 (che ha supplito alla fine della crescita economica) che non dai principi costituzionali.<\/p>\n<p>La premessa del documento, dunque, si basa proprio sul fatto che una gestione economica prociclica dell\u2019eurozona ha spinto \u2013 in tutta Europa &#8211; verso la crescita di movimenti populistici, sovranistici, tendenzialmente antieuropeisti. E tiene conto del fatto che la situazione di stallo che si \u00e8 verificata dopo la creazione dell\u2019 European Stability Mechanism (ESM) nel 2014, pericolosa, tra l\u2019altro, se una nuova crisi dovesse verificarsi, dipende dal contrasto tra due visioni: la visione tedesca e dei paesi nordici, che pretenderebbe prima di attivare meccanismi solidaristici comuni che i paesi con debiti eccessivi avessero fatto \u201ci compiti a casa\u201d, e la visione pi\u00f9 mediterranea, che sostiene che senza la previsione di meccanismi solidaristici \u00e8 estremamente difficile, politicamente, far passare proprio quei \u201ccompiti a casa.\u201d<\/p>\n<p>Il documento tratta sia l\u2019architettura fiscale dell\u2019Europa che l\u2019architettura finanziaria e delle banche, e si basa sull\u2019idea degli incentivi e dei disincentivi. Da tempo gli incentivi e i disincentivi sono visti come strumento alternativo alle condizionalit\u00e0, specialmente nella letteratura che si \u00e8 occupata degli interventi del Fondo Monetario Internazionale nei c.d. paesi in via di sviluppo.<\/p>\n<p>In genere, in effetti, le condizionalit\u00e0 non hanno dato buoni risultati. Le condizionalit\u00e0 imposte da organi tecnici esterni schiacciano i governi e le forze politiche, generano movimenti nazionalisti e populisti che si ritrovano sotto bandiere povere di contenuti ma forti nel brandire e rivendicare la sovranit\u00e0 popolare. Da un punto di vista economico, inoltre, gli effetti delle condizionalit\u00e0 sono difficilmente calcolabili: esse liberano denaro, che essendo per\u00f2 un bene fungibile pu\u00f2 essere impiegato in maniera difficilmente prevedibile. Gli incentivi e i disincentivi, invece, lasciano le forze politiche libere di scegliere se beneficiare dell\u2019incentivo o se subire gli effetti negativi del disincentivo. In definitiva non schiacciano la sovranit\u00e0 popolare perch\u00e9 non impediscono la scelta, mentre responsabilizzano la politica.<\/p>\n<p>Lasciando da parte le soluzioni indicate per il sistema bancario, e limitandoci alla struttura fiscale, \u00e8 da rilevare che il documento compie un grande grande mutamento di impostazione sulla questione \u2013 da sempre molto problematica &#8211; del disavanzo. Gli economisti franco-tedeschi, infatti, si propongono di sostituire al limite del disavanzo un tetto alla crescita della spesa pubblica, proprio per evitare gli effetti prociclici delle regole sulla riduzione del disavanzo.<\/p>\n<p>In sostanza la spesa pubblica non dovrebbe aumentare pi\u00f9 rapidamente del tasso di crescita di lungo periodo del reddito, mentre per i paesi che devono ridurre lo stock di debito, la spesa pubblica dovrebbe rimanere al di sotto della crescita del reddito. Se viceversa i paesi intendono spendere di pi\u00f9 \u2013 ed ecco il disincentivo &#8211; l\u2019eccesso di spesa potr\u00e0 essere finanziato con <em>junior bond<\/em> (che verranno ristrutturati prima nel caso di insolvenza) e che pertanto potranno essere collocati sui mercati con tassi di interesse pi\u00f9 elevati (dato il maggior rischio). Alla politica interna la scelta sulla convenienza di questa operazione.<\/p>\n<p>Gli obbiettivi di riduzione del debito a medio e lungo termine dovrebbero essere determinati da un organo indipendente in ciascun paese, che ne verifica la fattibilit\u00e0 sulla base di valutazioni prospettiche macroeconomiche.<\/p>\n<p>L\u2019incentivo ad accogliere questo modello deriva dalla parallela previsione di un meccanismo di riassicurazione tra gli Stati aderenti attraverso la creazione di un fondo di riassicurazione (che dovrebbe superare i limiti di utilizzazione dell\u2019ESM). L\u2019idea \u00e8 quella di prevedere una linea nel bilancio UE che consenta trasferimenti straordinari nel caso che una recessione colpisca un paese dell\u2019eurozona. Gli indicatori di recessione sono legati al livello di disoccupazione, e il fondo opera attraverso il trasferimento automatico di una percentuale del reddito nazionale per ogni punto di aumento del tasso di disoccupazione. Il finanziamento del fondo dovrebbe derivare da contributi di ciascun paese in proporzione al PIL, in misura differente a seconda del rischio che il paese corre di dover ricorrere a trasferimenti del fondo (ancora incentivi-disincentivi).<\/p>\n<p>Evidentemente questa riforma si legherebbe alla proposta della Commissione sulla istituzione di un Ministro delle Finanze europeo, che presieda l\u2019eurogruppo e che dovrebbe sovraintendere all\u2019applicazione di questo complesso sistema di regole.<\/p>\n<p>E\u2019 difficile dire se una riforma di questa imponenza abbia qualche possibilit\u00e0 di essere concretamente attuata. Quello che si nota, per\u00f2, al di l\u00e0 di un evidente tentativo di alleanza franco-tedesca, \u00e8 lo sforzo di superare la condizionalit\u00e0 \u201cpunitiva\u201d sostituendola in grande parte con incentivi e disincentivi, assai pi\u00f9 di quanto la proposta della Commissione abbia gi\u00e0 tentato di fare con la \u201ctrasformazione\u201d dell\u2019ESM in fondo monetario. Il che appare gi\u00e0 un grande passo in avanti.<\/p>\n<p>Inoltre, dietro a questo proposta pare esservi l\u2019idea \u2013 per vero non espressa &#8211; che si possa anche convivere con un debito pubblico molto elevato (come purtroppo dovremo rassegnarci a fare) purch\u00e8 gli shock economici che possono verificarsi non si scarichino sui tassi di interesse del debito pubblico dei grandi debitori della zona euro. Per impedire che questo si verifichi, dato che i mercati sono s\u00ec composti da spietati speculatori come da populistica visione, ma anche da fondi pensioni, assicurazioni ecc., che principalmente non vogliono perdere i loro investimenti, occorre mostrare rispetto delle regole e l\u2019esistenza di ragionevoli strumenti di correzione ed aiuto. Il sentiero di crescita della spesa in parallelo alla crescita del reddito sembra avere la funzione di tranquillizzare i mercati su di una politica prudente di bilancio, mentre il fondo di riassicurazione costituisce un tipo di intervento ad un tempo pi\u00f9 efficace e meno emergenziale e traumatico dell\u2019ESM.<\/p>\n<p>In definitiva ben venga un dibattito su questi temi concreti: spiace solo che l\u2019Italia, forse proprio per la concretezza dei temi, ne sia completamente fuori.<\/p>\n<p>*<em>0rdinario di Diritto costituzionale, Universit\u00e0 di Siena<\/em><\/p>\n<p>&nbsp;<\/p>\n<p>&nbsp;<\/p>\n<p>&nbsp;<\/p>\n<p>&nbsp;<\/p>\n","protected":false},"excerpt":{"rendered":"<p>di Andrea Pisaneschi * In un Italia tutta presa dalle elezioni politiche e dai problemi post-elettorali, \u00e8 passato quasi inosservato un documento del gennaio di questo anno, sulla riforma dell\u2019Eurozona, denominato\u00a0Reconciling risk sharing with market approach: a constructive approach to euro area reform.<\/p>\n<div class='heateorSssClear'><\/div><div  class='heateor_sss_sharing_container heateor_sss_horizontal_sharing' data-heateor-sss-href='https:\/\/www.lacostituzione.info\/index.php\/2018\/03\/12\/governance-finanziaria-europea-prove-generali-di-un-accordo-franco-tedesco\/'><div class='heateor_sss_sharing_title' style=\"font-weight:bold\" >Condividi!<\/div><div class=\"heateor_sss_sharing_ul\"><a aria-label=\"Facebook\" class=\"heateor_sss_facebook\" href=\"https:\/\/www.facebook.com\/sharer\/sharer.php?u=https%3A%2F%2Fwww.lacostituzione.info%2Findex.php%2F2018%2F03%2F12%2Fgovernance-finanziaria-europea-prove-generali-di-un-accordo-franco-tedesco%2F\" title=\"Facebook\" rel=\"nofollow noopener\" target=\"_blank\" style=\"font-size:32px!important;box-shadow:none;display:inline-block;vertical-align:middle\"><span class=\"heateor_sss_svg\" style=\"background-color:#0765FE;width:35px;height:35px;display:inline-block;opacity:1;float:left;font-size:32px;box-shadow:none;display:inline-block;font-size:16px;padding:0 4px;vertical-align:middle;background-repeat:repeat;overflow:hidden;padding:0;cursor:pointer;box-sizing:content-box\"><svg style=\"display:block;\" focusable=\"false\" aria-hidden=\"true\" xmlns=\"http:\/\/www.w3.org\/2000\/svg\" width=\"100%\" height=\"100%\" viewBox=\"0 0 32 32\"><path fill=\"#fff\" d=\"M28 16c0-6.627-5.373-12-12-12S4 9.373 4 16c0 5.628 3.875 10.35 9.101 11.647v-7.98h-2.474V16H13.1v-1.58c0-4.085 1.849-5.978 5.859-5.978.76 0 2.072.15 2.608.298v3.325c-.283-.03-.775-.045-1.386-.045-1.967 0-2.728.745-2.728 2.683V16h3.92l-.673 3.667h-3.247v8.245C23.395 27.195 28 22.135 28 16Z\"><\/path><\/svg><\/span><\/a><a aria-label=\"Twitter\" class=\"heateor_sss_button_twitter\" href=\"https:\/\/twitter.com\/intent\/tweet?text=Governance%20finanziaria%20europea.%20Prove%20generali%20di%20un%20accordo%20Franco-Tedesco%3F&url=https%3A%2F%2Fwww.lacostituzione.info%2Findex.php%2F2018%2F03%2F12%2Fgovernance-finanziaria-europea-prove-generali-di-un-accordo-franco-tedesco%2F\" title=\"Twitter\" rel=\"nofollow noopener\" target=\"_blank\" style=\"font-size:32px!important;box-shadow:none;display:inline-block;vertical-align:middle\"><span class=\"heateor_sss_svg heateor_sss_s__default heateor_sss_s_twitter\" style=\"background-color:#55acee;width:35px;height:35px;display:inline-block;opacity:1;float:left;font-size:32px;box-shadow:none;display:inline-block;font-size:16px;padding:0 4px;vertical-align:middle;background-repeat:repeat;overflow:hidden;padding:0;cursor:pointer;box-sizing:content-box\"><svg style=\"display:block;\" focusable=\"false\" aria-hidden=\"true\" xmlns=\"http:\/\/www.w3.org\/2000\/svg\" width=\"100%\" height=\"100%\" viewBox=\"-4 -4 39 39\"><path d=\"M28 8.557a9.913 9.913 0 0 1-2.828.775 4.93 4.93 0 0 0 2.166-2.725 9.738 9.738 0 0 1-3.13 1.194 4.92 4.92 0 0 0-3.593-1.55 4.924 4.924 0 0 0-4.794 6.049c-4.09-.21-7.72-2.17-10.15-5.15a4.942 4.942 0 0 0-.665 2.477c0 1.71.87 3.214 2.19 4.1a4.968 4.968 0 0 1-2.23-.616v.06c0 2.39 1.7 4.38 3.952 4.83-.414.115-.85.174-1.297.174-.318 0-.626-.03-.928-.086a4.935 4.935 0 0 0 4.6 3.42 9.893 9.893 0 0 1-6.114 2.107c-.398 0-.79-.023-1.175-.068a13.953 13.953 0 0 0 7.55 2.213c9.056 0 14.01-7.507 14.01-14.013 0-.213-.005-.426-.015-.637.96-.695 1.795-1.56 2.455-2.55z\" fill=\"#fff\"><\/path><\/svg><\/span><\/a><a aria-label=\"Reddit\" class=\"heateor_sss_button_reddit\" href=\"https:\/\/reddit.com\/submit?url=https%3A%2F%2Fwww.lacostituzione.info%2Findex.php%2F2018%2F03%2F12%2Fgovernance-finanziaria-europea-prove-generali-di-un-accordo-franco-tedesco%2F&title=Governance%20finanziaria%20europea.%20Prove%20generali%20di%20un%20accordo%20Franco-Tedesco%3F\" title=\"Reddit\" rel=\"nofollow noopener\" target=\"_blank\" style=\"font-size:32px!important;box-shadow:none;display:inline-block;vertical-align:middle\"><span class=\"heateor_sss_svg heateor_sss_s__default heateor_sss_s_reddit\" style=\"background-color:#ff5700;width:35px;height:35px;display:inline-block;opacity:1;float:left;font-size:32px;box-shadow:none;display:inline-block;font-size:16px;padding:0 4px;vertical-align:middle;background-repeat:repeat;overflow:hidden;padding:0;cursor:pointer;box-sizing:content-box\"><svg style=\"display:block;\" focusable=\"false\" aria-hidden=\"true\" xmlns=\"http:\/\/www.w3.org\/2000\/svg\" width=\"100%\" height=\"100%\" viewBox=\"-3.5 -3.5 39 39\"><path d=\"M28.543 15.774a2.953 2.953 0 0 0-2.951-2.949 2.882 2.882 0 0 0-1.9.713 14.075 14.075 0 0 0-6.85-2.044l1.38-4.349 3.768.884a2.452 2.452 0 1 0 .24-1.176l-4.274-1a.6.6 0 0 0-.709.4l-1.659 5.224a14.314 14.314 0 0 0-7.316 2.029 2.908 2.908 0 0 0-1.872-.681 2.942 2.942 0 0 0-1.618 5.4 5.109 5.109 0 0 0-.062.765c0 4.158 5.037 7.541 11.229 7.541s11.22-3.383 11.22-7.541a5.2 5.2 0 0 0-.053-.706 2.963 2.963 0 0 0 1.427-2.51zm-18.008 1.88a1.753 1.753 0 0 1 1.73-1.74 1.73 1.73 0 0 1 1.709 1.74 1.709 1.709 0 0 1-1.709 1.711 1.733 1.733 0 0 1-1.73-1.711zm9.565 4.968a5.573 5.573 0 0 1-4.081 1.272h-.032a5.576 5.576 0 0 1-4.087-1.272.6.6 0 0 1 .844-.854 4.5 4.5 0 0 0 3.238.927h.032a4.5 4.5 0 0 0 3.237-.927.6.6 0 1 1 .844.854zm-.331-3.256a1.726 1.726 0 1 1 1.709-1.712 1.717 1.717 0 0 1-1.712 1.712z\" fill=\"#fff\"\/><\/svg><\/span><\/a><a aria-label=\"Linkedin\" class=\"heateor_sss_button_linkedin\" href=\"https:\/\/www.linkedin.com\/sharing\/share-offsite\/?url=https%3A%2F%2Fwww.lacostituzione.info%2Findex.php%2F2018%2F03%2F12%2Fgovernance-finanziaria-europea-prove-generali-di-un-accordo-franco-tedesco%2F\" title=\"Linkedin\" rel=\"nofollow noopener\" target=\"_blank\" style=\"font-size:32px!important;box-shadow:none;display:inline-block;vertical-align:middle\"><span class=\"heateor_sss_svg heateor_sss_s__default heateor_sss_s_linkedin\" style=\"background-color:#0077b5;width:35px;height:35px;display:inline-block;opacity:1;float:left;font-size:32px;box-shadow:none;display:inline-block;font-size:16px;padding:0 4px;vertical-align:middle;background-repeat:repeat;overflow:hidden;padding:0;cursor:pointer;box-sizing:content-box\"><svg style=\"display:block;\" focusable=\"false\" aria-hidden=\"true\" xmlns=\"http:\/\/www.w3.org\/2000\/svg\" width=\"100%\" height=\"100%\" viewBox=\"0 0 32 32\"><path d=\"M6.227 12.61h4.19v13.48h-4.19V12.61zm2.095-6.7a2.43 2.43 0 0 1 0 4.86c-1.344 0-2.428-1.09-2.428-2.43s1.084-2.43 2.428-2.43m4.72 6.7h4.02v1.84h.058c.56-1.058 1.927-2.176 3.965-2.176 4.238 0 5.02 2.792 5.02 6.42v7.395h-4.183v-6.56c0-1.564-.03-3.574-2.178-3.574-2.18 0-2.514 1.7-2.514 3.46v6.668h-4.187V12.61z\" fill=\"#fff\"><\/path><\/svg><\/span><\/a><a aria-label=\"Pinterest\" class=\"heateor_sss_button_pinterest\" href=\"https:\/\/www.lacostituzione.info\/index.php\/2018\/03\/12\/governance-finanziaria-europea-prove-generali-di-un-accordo-franco-tedesco\/\" onclick=\"event.preventDefault();javascript:void( (function() {var e=document.createElement('script' );e.setAttribute('type','text\/javascript' );e.setAttribute('charset','UTF-8' );e.setAttribute('src','\/\/assets.pinterest.com\/js\/pinmarklet.js?r='+Math.random()*99999999);document.body.appendChild(e)})());\" title=\"Pinterest\" rel=\"noopener\" style=\"font-size:32px!important;box-shadow:none;display:inline-block;vertical-align:middle\"><span class=\"heateor_sss_svg heateor_sss_s__default heateor_sss_s_pinterest\" style=\"background-color:#cc2329;width:35px;height:35px;display:inline-block;opacity:1;float:left;font-size:32px;box-shadow:none;display:inline-block;font-size:16px;padding:0 4px;vertical-align:middle;background-repeat:repeat;overflow:hidden;padding:0;cursor:pointer;box-sizing:content-box\"><svg style=\"display:block;\" focusable=\"false\" aria-hidden=\"true\" xmlns=\"http:\/\/www.w3.org\/2000\/svg\" width=\"100%\" height=\"100%\" viewBox=\"-2 -2 35 35\"><path fill=\"#fff\" d=\"M16.539 4.5c-6.277 0-9.442 4.5-9.442 8.253 0 2.272.86 4.293 2.705 5.046.303.125.574.005.662-.33.061-.231.205-.816.27-1.06.088-.331.053-.447-.191-.736-.532-.627-.873-1.439-.873-2.591 0-3.338 2.498-6.327 6.505-6.327 3.548 0 5.497 2.168 5.497 5.062 0 3.81-1.686 7.025-4.188 7.025-1.382 0-2.416-1.142-2.085-2.545.397-1.674 1.166-3.48 1.166-4.689 0-1.081-.581-1.983-1.782-1.983-1.413 0-2.548 1.462-2.548 3.419 0 1.247.421 2.091.421 2.091l-1.699 7.199c-.505 2.137-.076 4.755-.039 5.019.021.158.223.196.314.077.13-.17 1.813-2.247 2.384-4.324.162-.587.929-3.631.929-3.631.46.876 1.801 1.646 3.227 1.646 4.247 0 7.128-3.871 7.128-9.053.003-3.918-3.317-7.568-8.361-7.568z\"\/><\/svg><\/span><\/a><a aria-label=\"Whatsapp\" class=\"heateor_sss_whatsapp\" href=\"https:\/\/api.whatsapp.com\/send?text=Governance%20finanziaria%20europea.%20Prove%20generali%20di%20un%20accordo%20Franco-Tedesco%3F%20https%3A%2F%2Fwww.lacostituzione.info%2Findex.php%2F2018%2F03%2F12%2Fgovernance-finanziaria-europea-prove-generali-di-un-accordo-franco-tedesco%2F\" title=\"Whatsapp\" rel=\"nofollow noopener\" target=\"_blank\" style=\"font-size:32px!important;box-shadow:none;display:inline-block;vertical-align:middle\"><span class=\"heateor_sss_svg\" style=\"background-color:#55eb4c;width:35px;height:35px;display:inline-block;opacity:1;float:left;font-size:32px;box-shadow:none;display:inline-block;font-size:16px;padding:0 4px;vertical-align:middle;background-repeat:repeat;overflow:hidden;padding:0;cursor:pointer;box-sizing:content-box\"><svg style=\"display:block;\" focusable=\"false\" aria-hidden=\"true\" xmlns=\"http:\/\/www.w3.org\/2000\/svg\" width=\"100%\" height=\"100%\" viewBox=\"-6 -5 40 40\"><path class=\"heateor_sss_svg_stroke heateor_sss_no_fill\" stroke=\"#fff\" stroke-width=\"2\" fill=\"none\" d=\"M 11.579798566743314 24.396926207859085 A 10 10 0 1 0 6.808479557110079 20.73576436351046\"><\/path><path d=\"M 7 19 l -1 6 l 6 -1\" class=\"heateor_sss_no_fill heateor_sss_svg_stroke\" stroke=\"#fff\" stroke-width=\"2\" fill=\"none\"><\/path><path d=\"M 10 10 q -1 8 8 11 c 5 -1 0 -6 -1 -3 q -4 -3 -5 -5 c 4 -2 -1 -5 -1 -4\" fill=\"#fff\"><\/path><\/svg><\/span><\/a><\/div><div class=\"heateorSssClear\"><\/div><\/div><div class='heateorSssClear'><\/div>","protected":false},"author":1,"featured_media":0,"comment_status":"open","ping_status":"open","sticky":false,"template":"","format":"standard","meta":{"jetpack_post_was_ever_published":false,"_jetpack_newsletter_access":"","_jetpack_dont_email_post_to_subs":false,"_jetpack_newsletter_tier_id":0,"_jetpack_memberships_contains_paywalled_content":false,"_jetpack_memberships_contains_paid_content":false,"footnotes":"","jetpack_publicize_message":"","jetpack_publicize_feature_enabled":true,"jetpack_social_post_already_shared":true,"jetpack_social_options":{"image_generator_settings":{"template":"highway","default_image_id":0,"enabled":false},"version":2}},"categories":[4],"tags":[1094,1089,309,296,1093,1092,1088,1091,1096,1095,1090,559,94],"class_list":["post-4836","post","type-post","status-publish","format-standard","hentry","category-attualita","tag-accordo-franco-tedesco","tag-banche","tag-commissione-europea","tag-debito-pubblico","tag-disavanzo","tag-disincentivi","tag-governance","tag-incentivi","tag-ministro-finanze-europeo","tag-nazionalisti","tag-politica-fiscale","tag-populisti","tag-unione-europea"],"jetpack_publicize_connections":[],"jetpack_featured_media_url":"","jetpack_shortlink":"https:\/\/wp.me\/p84sDq-1g0","jetpack_likes_enabled":true,"jetpack_sharing_enabled":true,"_links":{"self":[{"href":"https:\/\/www.lacostituzione.info\/index.php\/wp-json\/wp\/v2\/posts\/4836","targetHints":{"allow":["GET"]}}],"collection":[{"href":"https:\/\/www.lacostituzione.info\/index.php\/wp-json\/wp\/v2\/posts"}],"about":[{"href":"https:\/\/www.lacostituzione.info\/index.php\/wp-json\/wp\/v2\/types\/post"}],"author":[{"embeddable":true,"href":"https:\/\/www.lacostituzione.info\/index.php\/wp-json\/wp\/v2\/users\/1"}],"replies":[{"embeddable":true,"href":"https:\/\/www.lacostituzione.info\/index.php\/wp-json\/wp\/v2\/comments?post=4836"}],"version-history":[{"count":0,"href":"https:\/\/www.lacostituzione.info\/index.php\/wp-json\/wp\/v2\/posts\/4836\/revisions"}],"wp:attachment":[{"href":"https:\/\/www.lacostituzione.info\/index.php\/wp-json\/wp\/v2\/media?parent=4836"}],"wp:term":[{"taxonomy":"category","embeddable":true,"href":"https:\/\/www.lacostituzione.info\/index.php\/wp-json\/wp\/v2\/categories?post=4836"},{"taxonomy":"post_tag","embeddable":true,"href":"https:\/\/www.lacostituzione.info\/index.php\/wp-json\/wp\/v2\/tags?post=4836"}],"curies":[{"name":"wp","href":"https:\/\/api.w.org\/{rel}","templated":true}]}}