{"id":4844,"date":"2018-03-19T09:20:57","date_gmt":"2018-03-19T08:20:57","guid":{"rendered":"http:\/\/www.lacostituzione.info\/?p=4844"},"modified":"2018-03-19T18:08:32","modified_gmt":"2018-03-19T17:08:32","slug":"le-preoccupazioni-di-mattarella-sono-le-nostre","status":"publish","type":"post","link":"https:\/\/www.lacostituzione.info\/index.php\/2018\/03\/19\/le-preoccupazioni-di-mattarella-sono-le-nostre\/","title":{"rendered":"Le preoccupazioni di Mattarella sono le nostre"},"content":{"rendered":"<p><img loading=\"lazy\" decoding=\"async\" data-attachment-id=\"3067\" data-permalink=\"https:\/\/www.lacostituzione.info\/index.php\/2017\/07\/25\/e-bravo-presidente\/attachment\/888631\/#main\" data-orig-file=\"https:\/\/www.lacostituzione.info\/wp-content\/uploads\/2017\/07\/888631.jpg\" data-orig-size=\"1280,973\" data-comments-opened=\"1\" data-image-meta=\"{&quot;aperture&quot;:&quot;0&quot;,&quot;credit&quot;:&quot;&quot;,&quot;camera&quot;:&quot;&quot;,&quot;caption&quot;:&quot;&quot;,&quot;created_timestamp&quot;:&quot;0&quot;,&quot;copyright&quot;:&quot;&quot;,&quot;focal_length&quot;:&quot;0&quot;,&quot;iso&quot;:&quot;0&quot;,&quot;shutter_speed&quot;:&quot;0&quot;,&quot;title&quot;:&quot;&quot;,&quot;orientation&quot;:&quot;0&quot;}\" data-image-title=\"888631\" data-image-description=\"\" data-image-caption=\"\" data-medium-file=\"https:\/\/www.lacostituzione.info\/wp-content\/uploads\/2017\/07\/888631-300x228.jpg\" data-large-file=\"https:\/\/www.lacostituzione.info\/wp-content\/uploads\/2017\/07\/888631-1024x778.jpg\" class=\"alignright size-medium wp-image-3067\" src=\"http:\/\/www.lacostituzione.info\/wp-content\/uploads\/2017\/07\/888631-300x228.jpg\" alt=\"\" width=\"300\" height=\"228\" srcset=\"https:\/\/www.lacostituzione.info\/wp-content\/uploads\/2017\/07\/888631-300x228.jpg 300w, https:\/\/www.lacostituzione.info\/wp-content\/uploads\/2017\/07\/888631-768x584.jpg 768w, https:\/\/www.lacostituzione.info\/wp-content\/uploads\/2017\/07\/888631-1024x778.jpg 1024w, https:\/\/www.lacostituzione.info\/wp-content\/uploads\/2017\/07\/888631.jpg 1280w\" sizes=\"auto, (max-width: 300px) 100vw, 300px\" \/>di <strong><abbr class='c2c-text-hover' title='Professore ordinario di Diritto costituzionale - Universit\u00e0 di Ferrara'>Roberto Bin<\/abbr><\/strong><\/p>\n<p>Gli appelli del Presidente della Repubblica al senso di responsabilit\u00e0 dei partiti e l\u2019invito a preoccuparsi delle sorti del Paese, piuttosto che ai propri interessi tattici, dovrebbero essere sottoscritti da tutti. Ma siamo in Italia, un paese a forma di stadio calcistico, ove dai tempi dei guelfi e dei ghibellini (ma ancora da prima, se si scava un po\u2019) il clima da rissa tra opposte tifoserie domina su qualsiasi riflessione pacata.<!--more--><\/p>\n<p>Ho pubblicato in questo giornale due brevi articoli in cui sostenevo l\u2019ipotesi di un <a href=\"http:\/\/www.lacostituzione.info\/index.php\/2018\/03\/05\/e-adesso-poveruomo-forse-una-via-ce\/\">accordo di governo tra il M5S e il PD<\/a>, sottolineando con forza che c\u2019\u00e8 una bella <a href=\"http:\/\/www.lacostituzione.info\/index.php\/2018\/03\/07\/alleanza-e-accordo-politico-due-cose-ben-diverse-il-pd-puo-fare-lo-schizzinoso\/\">differenza tra un accordo e un\u2019alleanza<\/a>, e mi sono piovute addosso &#8211; pi\u00f9 sui \u201csocial\u201d che sui commenti di questo giornale &#8211; critiche pesantissime e anche qualche insulto (\u201cma chi sta dietro a questo giornale?\u201d si \u00e8 chiesto persino qualcuno\u2026). Un po\u2019 i critici hanno inteso difendere il PD, che si sarebbe sacrificato negli ultimi anni in nome della \u201cresponsabilit\u00e0\u201d e che avrebbe perci\u00f2 pagato con il risultato delle elezioni e con i veri e propri insulti piovuti addosso da molte parti, specie dal M5S; un po\u2019 si \u00e8 voluto gridare basta ai governi dominati da quei \u201cfacinorosi del PD\u201d, auspicando che finalmente governino \u201cquelli cha hanno vinto\u201d. Allora incominciamo da qui.<\/p>\n<p><strong>Chi ha vinto le elezioni?<\/strong><\/p>\n<p>A questa domanda i pi\u00f9 rispondono: il M5S e la Lega. S\u00ec, il M5S ha ottenuto una valanga di voti ed \u00e8 il primo partito (non la prima coalizione, perch\u00e9 questa sarebbe il centro-destra): ma non ha abbastanza seggi da poter governare da solo. La Lega ha guadagnato voti e ha superato FI: ma \u00e8 il terzo partito (ha meno voti anche del PD) e pu\u00f2 dire di \u201caver vinto\u201d solo se calcolata nell\u2019ambito della sua coalizione e resta ben saldamente unita ai suoi alleati, cio\u00e8 al centro-destra. L\u2019unico dato certo \u00e8 che il PD ha perso, pur restando il secondo partito in parlamento. Non c\u2019\u00e8 da discutere, sono numeri.<\/p>\n<p>Ci sono dei vincitori, dunque, ma nessuno dei partiti o delle coalizioni pu\u00f2 pensare o pretendere di governare da solo: il che vuol dire che sar\u00e0 comunque necessario un accordo politico tra pi\u00f9 partiti. Qualcuno sta dicendo che \u00e8 meglio andare a nuove elezioni. Meglio per chi? Forse il M5S pu\u00f2 sperare di guadagnare ancora qualche seggio? E lo pu\u00f2 fare anche la Lega? \u00c8 certo un\u2019ipotesi, ma \u00e8 anche davvero credibile?<\/p>\n<p>Al pi\u00f9 presto si andrebbe a votare a giugno, il che vorrebbe dire che le camere, che faticosamente <a href=\"http:\/\/www.lacostituzione.info\/index.php\/2018\/03\/02\/adelante-pedro-cronoprogramma-di-inizio-legislatura\/\">si costituiranno nei prossimi giorni<\/a>, probabilmente non prima dei primi di aprile (dopo Pasqua), dovrebbero essere sciolte entro il 10 maggio per poter votare \u2013 diciamo \u2013 domenica 24 giugno. Se no probabilmente si dovrebbe votare a ottobre, visto che la campagna elettorale (che dura almeno 45 giorni) non pu\u00f2 certo iniziare ad agosto; o forse addirittura nella prossima primavera, assieme alle europee. Nel frattempo? Nel frattempo resterebbe in carica il Governo Gentiloni per una \u201c<a href=\"http:\/\/www.lacostituzione.info\/index.php\/2017\/12\/18\/una-fake-news-che-gira-indistrurbata-se-sciolte-le-camere-gentiloni-non-si-dimette-resta-nella-pienezza-dei-poteri\/\">ordinaria amministrazione<\/a>\u201d che verrebbe ad essere incredibilmente estesa, perch\u00e9 gli \u201caffari urgenti\u201d si moltiplicherebbero a dismisura.<\/p>\n<p><strong>Sono possibili Governi di minoranza?<\/strong><\/p>\n<p>Per rispondere a questa domanda bisogna considerare alcuni aspetti. Il Governo entra nell\u2019esercizio delle sue funzioni al momento della nomina da parte del Presidente della Repubblica e del giuramento: ma entro 10 giorni deve presentarsi alle Camere e ottenere la fiducia. La mozione di fiducia \u00e8 approvata a maggioranza relativa, ossia con met\u00e0 pi\u00f9 uno dei <em>voti validi<\/em>. Alla Camera \u00e8 sempre stato semplice, perch\u00e9 gli astenuti, le schede bianche ecc. non sono considerati voti validi: per cui se la mozione ottiene, mettiamo, 150 voti, e i contrari sono 149, la mozione \u00e8 approvata, anche se gli altri 331 deputati si astengono. Anche al Senato ora funziona cos\u00ec (come mi ha fatto cortesemente notare un lettore: nella prima stesura avevo dimenticato la riforma del Regolamento votata nel dicembre scorso: solo i voti favorevoli e contrari ora sono considerati voti validamente espressi; chi si astiene \u00e8 per\u00f2 contato come presente, ai fini del calcolo del numero legale. Finalmente da questa legislatura le regole di Camera e Senato sono eguali!).<\/p>\n<p><strong>Che succede se il Governo non ottiene la fiducia? <\/strong><\/p>\n<p>Questa \u00e8 un\u2019ipotesi da non sottovalutare: se il Governo si presenta alle Camere ma non ottiene la fiducia, deve dimettersi e si riapre la crisi. Se questa si conclude con il nuovo scioglimento delle Camere, il Governo battuto \u2013 e che <em>mai ha ottenuto la fiducia del Parlamento<\/em> \u2013 resterebbe in carica per l\u2019ordinaria amministrazione sino a dopo le nuove elezioni e la nomina del nuovo Governo.<\/p>\n<p>Questo \u00e8 un dato che non pu\u00f2 essere trascurato dal Presidente della Repubblica, perch\u00e9, al di l\u00e0 del nome del Presidente del Consiglio nominato, c\u2019\u00e8 il rischio che Gentiloni, che pure un voto di fiducia lo ha avuto, venga sostituto <em>sine die<\/em> da un capo del Governo che mai ha ottenuto il voto parlamentare.<\/p>\n<p><strong>Si pu\u00f2 nominare un Governo \u201cal buio\u201d?<\/strong><\/p>\n<p>Ecco perch\u00e9 una delle ipotesi che Mattarella non pu\u00f2 considerare \u00e8 di nominare un Governo \u201cal buio\u201d, ossia senza la certezza di una maggioranza parlamentare che lo appoggi. Questa \u00e8 invece un\u2019ipotesi molto popolare presso il M5S, sia al vertice che nella base; e mi sembra un\u2019ipotesi ben accolta anche da Salvini. Essa invece va assolutamente scartata: c\u2019\u00e8 un brutto precedente nel 1987, quando Cossiga nomin\u00f2 il Governo Fanfani VI, monocolore DC, che non aveva speranze di ottenere la fiducia, e questo per non far gestire le elezioni al Governo Craxi, dimissionario. Una situazione davvero brutta.<\/p>\n<p><strong>Si ritorna al \u201cmandato esplorativo\u201d?<\/strong><\/p>\n<p>Quando il Presidente della Repubblica, dopo aver svolto le consultazioni, non riesce a intravvedere la soluzione della crisi, tradizionalmente affida un \u201cincarico esplorativo\u201d ad autorit\u00e0 istituzionale, tipo il presidente di una delle Camere. Dev\u2019essere chiaro che il mandato esplorativo non \u00e8 mai affidato ad un esponente politico che ambisca a formare il Governo (Cossiga, per es., nel caso prima citato, affid\u00f2 il mandato a Nilde Jotti, presidente della Camera, un\u2019esponente comunista, come tale allora \u201cfuori dai giochi\u201d). Diverso \u00e8 il c.d. \u201cpre-incarico\u201d, che viene affidato a chi ha buone chance di sciogliere i nodi politici e tesser\u00e0 l\u2019alleanza, e quindi ambisce ad essere nominato.<\/p>\n<p><strong>Se non c\u2019\u00e8 maggioranza, \u00e8 colpa del sistema elettorale?<\/strong><\/p>\n<p>Il quadro \u00e8 complicato, perch\u00e9 una maggioranza \u201cnaturale\u201d non c\u2019\u00e8 e non c\u2019\u00e8 neppure un clima favorevole agli accordi. Troppi insulti sono volati, troppe accuse infamanti e delegittimanti. Forse anche un po\u2019 di inconsapevolezza sugli elementi di base che servono per candidarsi alla guida politica di un paese grande complicato come il nostro. Di Maio e Salvini, i \u201cvincitori\u201d, pensano davvero di poter guidare \u2013 senza allearsi tra loro o con altri \u2013 governi di minoranza?<\/p>\n<p>C\u2019\u00e8 una strana idea che vaga, che la minoranza in fondo governa in tante parti del mondo, e che quindi sarebbe giusto che ci\u00f2 accadesse anche da noi. Si confondono cos\u00ec due fatti molto diversi: l\u2019uno \u00e8 che nessun leader attuale esprime davvero la <em>maggioranza dei consensi del paese<\/em> che governa; l\u2019altro \u00e8 che i sistemi elettorali operano, con strategie molto diverse, in modo che i leader possano per\u00f2 ottenere una <em>maggioranza nei parlamenti<\/em> che li sostengono. Il sistema elettorale diventa perci\u00f2 l\u2019imputato principale.<\/p>\n<p>\u00c8 vero che in Francia Macron governa solo grazie al secondo turno, che lui ha brillantemente vinto contro Le Pen, dopo aver ottenuto al primo turno soltanto il 32,6% dei voti, pi\u00f9 o meno gli stessi del M5S in Italia. Gi\u00e0, ma se Di Maio fosse andato al ballottaggio \u2013 contro chi, poi: Salvini? Gentiloni? \u2013 avrebbe davvero vinto? \u00c8 un\u2019ipotesi, ma per raggiungere il risultato francese non basterebbe introdurre un sistema elettorale a doppio turno, ma sarebbe necessario anche un sistema di tipo presidenziale, in cui gli elettori votano per il Presidente della Repubblica, che guida anche l\u2019esecutivo. Una riforma costituzionale assai vasta ci vorrebbe, non come quella proposta da Renzi-Boschi, ma pi\u00f9 simile al pasticcio che propose Berlusconi nel 2006. Non vedo la strada molto praticabile. Negli altri Paesi (Gran Bretagna, Germania, Spagna ecc.) i sistemi elettorali sono molto diversi, e sono tutti diversi da quello italiano, ma nessuno garantisce un bel niente in fatto di \u201cgovernabilit\u00e0\u201d, come l\u2019attuale frangente dimostra in ognuno di essi.<\/p>\n<p><strong>Un \u201cgoverno di scopo\u201d per modificare la legge elettorale?<\/strong><\/p>\n<p>Un sistema sociale disgregato e diviso non pu\u00f2 essere riparato da un sistema elettorale. Credere che si possa fare un \u201cgoverno di scopo\u201d, che proponga l\u2019ennesima riforma del sistema elettorale \u00e8 un\u2019idea da abbandonare. Le leggi elettorali sono difficilissime da modificare, perch\u00e9 chi le dovrebbe votare ha interessi e obiettivi troppo diversi per coagulare una maggioranza: e non vi \u00e8 nessuna garanzia che il risultato possa essere migliore della legge attuale, che, in fondo, non \u00e8 poi cos\u00ec male.<\/p>\n<p>Per cui il \u201cgoverno di scopo\u201d o il \u201cgoverno di tutti\u201d minaccia di essere l\u2019ennesimo Governo senza un programma politico preciso, impedito dai veti incrociati, di mera sopravvivenza: sostanzialmente un altro Governo \u201ctecnico\u201d. Non ne abbiamo un bel ricordo.<\/p>\n<p>Quello di cui avremmo invece bisogno \u00e8 di un governo pienamente politico, che sia capace di riaggregare il paese attorno ad alcuni obiettivi \u201calti\u201d, di grande rilevanza, chiaramente distinguibili e comprensibili. Il che non vuole dire affatto che devono essere obiettivi che vanno bene a tutti. Ma non \u00e8 affatto detto che per definire e perseguire obiettivi di questo tipo si debba avere una maggioranza \u201cmonocolore\u201d: anzi, l\u2019accordo politico, il contratto di governo, pu\u00f2 essere lo strumento pi\u00f9 adeguato proprio perch\u00e9 impegna forze politiche che sono e vogliono restare diverse.<\/p>\n<p><strong>Ricapitolando: le sue e le nostre preoccupazioni<\/strong><\/p>\n<p>L\u2019invito alla responsabilit\u00e0 che ripete il Presidente della Repubblica ha un senso preciso. Ricorda l\u2019analogo appello che fece il Presidente della Repubblica tedesco Steinmeier alla SPD dopo il fallimento del tentativo della Merkel di formare una coalizione con Verdi e Liberali (la coalizione Jamaica): superate la visione egoistica di partito e pensate a farvi carico delle esigenze del Paese. I nostri stipendi, le nostre pensioni, i nostri servizi sanitari e scolastici, i nostri risparmi e investimenti corrono seri rischi di essere colpiti: un Governo che governi ragionevolmente \u00e8 una necessit\u00e0. Stare all\u2019opposizione fa senz\u2019altro bene, come le odierne fortune elettorali di M5S e Lega dimostrano: fa bene al partito, ma non al Paese, se ci\u00f2 significa lasciarlo senza Governo o dare il Governo in mano ai goliardi. Perch\u00e9 i programmi elettorali sono stati scritti da goliardi, non erano cose serie; e da goliardi \u00e8 l\u2019atteggiamento oggi assunto dai \u201cvincitori\u201d che insistono a dire che un accordo politico lo si pu\u00f2 fare, fermo restando che il programma elettorale e la \u201csquadra di governo\u201d presentati e votati dagli elettori sono intangibili. Come pu\u00f2 un partito candidarsi a guidare il Governo dichiarando: \u00ab<a href=\"https:\/\/www.quotidiano.net\/politica\/nuovo-governo-1.3791603\">Il prossimo obiettivo \u00e8 abolire i vitalizi<\/a>\u00bb, vitalizi che non esistono pi\u00f9 da anni se non per coloro che li hanno maturati in un lontano passato e comportano una spesa irrisoria?<\/p>\n<p>Responsabilit\u00e0 significa accettare di smettere di scambiarsi insulti, sprecarsi in sparate propagandistiche, sedere attorno ad un tavolo e giungere ad un accordo su alcuni punti programmatici <em>comuni<\/em>, senza diktat, senza spirito di rivalsa, cercando la convergenza su poche azioni ritenute necessarie per il Paese. Non significa rinunciare ad essere diversi: i contratti si fanno tra persone che sono e vogliono restare diverse, che sono anche giustamente diffidenti. Per questo vanno scritti, e scritti con molta attenzione.<\/p>\n","protected":false},"excerpt":{"rendered":"<p>di <abbr class='c2c-text-hover' title='Professore ordinario di Diritto costituzionale - Universit\u00e0 di Ferrara'>Roberto Bin<\/abbr> Gli appelli del Presidente della Repubblica al senso di responsabilit\u00e0 dei partiti e l\u2019invito a preoccuparsi delle sorti del Paese, piuttosto che ai propri interessi tattici, dovrebbero essere sottoscritti da tutti. Ma siamo in Italia, un paese a forma di stadio calcistico, ove dai tempi dei guelfi e dei ghibellini (ma ancora &#8230; <a title=\"Le preoccupazioni di Mattarella sono le nostre\" class=\"read-more\" href=\"https:\/\/www.lacostituzione.info\/index.php\/2018\/03\/19\/le-preoccupazioni-di-mattarella-sono-le-nostre\/\">Leggi tutto<\/a><\/p>\n<div class='heateorSssClear'><\/div><div  class='heateor_sss_sharing_container heateor_sss_horizontal_sharing' data-heateor-sss-href='https:\/\/www.lacostituzione.info\/index.php\/2018\/03\/19\/le-preoccupazioni-di-mattarella-sono-le-nostre\/'><div class='heateor_sss_sharing_title' style=\"font-weight:bold\" >Condividi!<\/div><div class=\"heateor_sss_sharing_ul\"><a aria-label=\"Facebook\" class=\"heateor_sss_facebook\" href=\"https:\/\/www.facebook.com\/sharer\/sharer.php?u=https%3A%2F%2Fwww.lacostituzione.info%2Findex.php%2F2018%2F03%2F19%2Fle-preoccupazioni-di-mattarella-sono-le-nostre%2F\" title=\"Facebook\" rel=\"nofollow noopener\" target=\"_blank\" style=\"font-size:32px!important;box-shadow:none;display:inline-block;vertical-align:middle\"><span class=\"heateor_sss_svg\" style=\"background-color:#0765FE;width:35px;height:35px;display:inline-block;opacity:1;float:left;font-size:32px;box-shadow:none;display:inline-block;font-size:16px;padding:0 4px;vertical-align:middle;background-repeat:repeat;overflow:hidden;padding:0;cursor:pointer;box-sizing:content-box\"><svg style=\"display:block;\" focusable=\"false\" aria-hidden=\"true\" xmlns=\"http:\/\/www.w3.org\/2000\/svg\" width=\"100%\" height=\"100%\" viewBox=\"0 0 32 32\"><path fill=\"#fff\" d=\"M28 16c0-6.627-5.373-12-12-12S4 9.373 4 16c0 5.628 3.875 10.35 9.101 11.647v-7.98h-2.474V16H13.1v-1.58c0-4.085 1.849-5.978 5.859-5.978.76 0 2.072.15 2.608.298v3.325c-.283-.03-.775-.045-1.386-.045-1.967 0-2.728.745-2.728 2.683V16h3.92l-.673 3.667h-3.247v8.245C23.395 27.195 28 22.135 28 16Z\"><\/path><\/svg><\/span><\/a><a aria-label=\"Twitter\" class=\"heateor_sss_button_twitter\" href=\"https:\/\/twitter.com\/intent\/tweet?text=Le%20preoccupazioni%20di%20Mattarella%20sono%20le%20nostre&url=https%3A%2F%2Fwww.lacostituzione.info%2Findex.php%2F2018%2F03%2F19%2Fle-preoccupazioni-di-mattarella-sono-le-nostre%2F\" title=\"Twitter\" rel=\"nofollow noopener\" target=\"_blank\" style=\"font-size:32px!important;box-shadow:none;display:inline-block;vertical-align:middle\"><span class=\"heateor_sss_svg heateor_sss_s__default heateor_sss_s_twitter\" style=\"background-color:#55acee;width:35px;height:35px;display:inline-block;opacity:1;float:left;font-size:32px;box-shadow:none;display:inline-block;font-size:16px;padding:0 4px;vertical-align:middle;background-repeat:repeat;overflow:hidden;padding:0;cursor:pointer;box-sizing:content-box\"><svg style=\"display:block;\" focusable=\"false\" aria-hidden=\"true\" xmlns=\"http:\/\/www.w3.org\/2000\/svg\" width=\"100%\" height=\"100%\" viewBox=\"-4 -4 39 39\"><path d=\"M28 8.557a9.913 9.913 0 0 1-2.828.775 4.93 4.93 0 0 0 2.166-2.725 9.738 9.738 0 0 1-3.13 1.194 4.92 4.92 0 0 0-3.593-1.55 4.924 4.924 0 0 0-4.794 6.049c-4.09-.21-7.72-2.17-10.15-5.15a4.942 4.942 0 0 0-.665 2.477c0 1.71.87 3.214 2.19 4.1a4.968 4.968 0 0 1-2.23-.616v.06c0 2.39 1.7 4.38 3.952 4.83-.414.115-.85.174-1.297.174-.318 0-.626-.03-.928-.086a4.935 4.935 0 0 0 4.6 3.42 9.893 9.893 0 0 1-6.114 2.107c-.398 0-.79-.023-1.175-.068a13.953 13.953 0 0 0 7.55 2.213c9.056 0 14.01-7.507 14.01-14.013 0-.213-.005-.426-.015-.637.96-.695 1.795-1.56 2.455-2.55z\" fill=\"#fff\"><\/path><\/svg><\/span><\/a><a aria-label=\"Reddit\" class=\"heateor_sss_button_reddit\" href=\"https:\/\/reddit.com\/submit?url=https%3A%2F%2Fwww.lacostituzione.info%2Findex.php%2F2018%2F03%2F19%2Fle-preoccupazioni-di-mattarella-sono-le-nostre%2F&title=Le%20preoccupazioni%20di%20Mattarella%20sono%20le%20nostre\" title=\"Reddit\" rel=\"nofollow noopener\" target=\"_blank\" style=\"font-size:32px!important;box-shadow:none;display:inline-block;vertical-align:middle\"><span class=\"heateor_sss_svg heateor_sss_s__default heateor_sss_s_reddit\" style=\"background-color:#ff5700;width:35px;height:35px;display:inline-block;opacity:1;float:left;font-size:32px;box-shadow:none;display:inline-block;font-size:16px;padding:0 4px;vertical-align:middle;background-repeat:repeat;overflow:hidden;padding:0;cursor:pointer;box-sizing:content-box\"><svg style=\"display:block;\" focusable=\"false\" aria-hidden=\"true\" xmlns=\"http:\/\/www.w3.org\/2000\/svg\" width=\"100%\" height=\"100%\" viewBox=\"-3.5 -3.5 39 39\"><path d=\"M28.543 15.774a2.953 2.953 0 0 0-2.951-2.949 2.882 2.882 0 0 0-1.9.713 14.075 14.075 0 0 0-6.85-2.044l1.38-4.349 3.768.884a2.452 2.452 0 1 0 .24-1.176l-4.274-1a.6.6 0 0 0-.709.4l-1.659 5.224a14.314 14.314 0 0 0-7.316 2.029 2.908 2.908 0 0 0-1.872-.681 2.942 2.942 0 0 0-1.618 5.4 5.109 5.109 0 0 0-.062.765c0 4.158 5.037 7.541 11.229 7.541s11.22-3.383 11.22-7.541a5.2 5.2 0 0 0-.053-.706 2.963 2.963 0 0 0 1.427-2.51zm-18.008 1.88a1.753 1.753 0 0 1 1.73-1.74 1.73 1.73 0 0 1 1.709 1.74 1.709 1.709 0 0 1-1.709 1.711 1.733 1.733 0 0 1-1.73-1.711zm9.565 4.968a5.573 5.573 0 0 1-4.081 1.272h-.032a5.576 5.576 0 0 1-4.087-1.272.6.6 0 0 1 .844-.854 4.5 4.5 0 0 0 3.238.927h.032a4.5 4.5 0 0 0 3.237-.927.6.6 0 1 1 .844.854zm-.331-3.256a1.726 1.726 0 1 1 1.709-1.712 1.717 1.717 0 0 1-1.712 1.712z\" fill=\"#fff\"\/><\/svg><\/span><\/a><a aria-label=\"Linkedin\" class=\"heateor_sss_button_linkedin\" href=\"https:\/\/www.linkedin.com\/sharing\/share-offsite\/?url=https%3A%2F%2Fwww.lacostituzione.info%2Findex.php%2F2018%2F03%2F19%2Fle-preoccupazioni-di-mattarella-sono-le-nostre%2F\" title=\"Linkedin\" rel=\"nofollow noopener\" target=\"_blank\" style=\"font-size:32px!important;box-shadow:none;display:inline-block;vertical-align:middle\"><span class=\"heateor_sss_svg heateor_sss_s__default heateor_sss_s_linkedin\" style=\"background-color:#0077b5;width:35px;height:35px;display:inline-block;opacity:1;float:left;font-size:32px;box-shadow:none;display:inline-block;font-size:16px;padding:0 4px;vertical-align:middle;background-repeat:repeat;overflow:hidden;padding:0;cursor:pointer;box-sizing:content-box\"><svg style=\"display:block;\" focusable=\"false\" aria-hidden=\"true\" xmlns=\"http:\/\/www.w3.org\/2000\/svg\" width=\"100%\" height=\"100%\" viewBox=\"0 0 32 32\"><path d=\"M6.227 12.61h4.19v13.48h-4.19V12.61zm2.095-6.7a2.43 2.43 0 0 1 0 4.86c-1.344 0-2.428-1.09-2.428-2.43s1.084-2.43 2.428-2.43m4.72 6.7h4.02v1.84h.058c.56-1.058 1.927-2.176 3.965-2.176 4.238 0 5.02 2.792 5.02 6.42v7.395h-4.183v-6.56c0-1.564-.03-3.574-2.178-3.574-2.18 0-2.514 1.7-2.514 3.46v6.668h-4.187V12.61z\" fill=\"#fff\"><\/path><\/svg><\/span><\/a><a aria-label=\"Pinterest\" class=\"heateor_sss_button_pinterest\" href=\"https:\/\/www.lacostituzione.info\/index.php\/2018\/03\/19\/le-preoccupazioni-di-mattarella-sono-le-nostre\/\" onclick=\"event.preventDefault();javascript:void( (function() {var e=document.createElement('script' );e.setAttribute('type','text\/javascript' );e.setAttribute('charset','UTF-8' );e.setAttribute('src','\/\/assets.pinterest.com\/js\/pinmarklet.js?r='+Math.random()*99999999);document.body.appendChild(e)})());\" title=\"Pinterest\" rel=\"noopener\" style=\"font-size:32px!important;box-shadow:none;display:inline-block;vertical-align:middle\"><span class=\"heateor_sss_svg heateor_sss_s__default heateor_sss_s_pinterest\" style=\"background-color:#cc2329;width:35px;height:35px;display:inline-block;opacity:1;float:left;font-size:32px;box-shadow:none;display:inline-block;font-size:16px;padding:0 4px;vertical-align:middle;background-repeat:repeat;overflow:hidden;padding:0;cursor:pointer;box-sizing:content-box\"><svg style=\"display:block;\" focusable=\"false\" aria-hidden=\"true\" xmlns=\"http:\/\/www.w3.org\/2000\/svg\" width=\"100%\" height=\"100%\" viewBox=\"-2 -2 35 35\"><path fill=\"#fff\" d=\"M16.539 4.5c-6.277 0-9.442 4.5-9.442 8.253 0 2.272.86 4.293 2.705 5.046.303.125.574.005.662-.33.061-.231.205-.816.27-1.06.088-.331.053-.447-.191-.736-.532-.627-.873-1.439-.873-2.591 0-3.338 2.498-6.327 6.505-6.327 3.548 0 5.497 2.168 5.497 5.062 0 3.81-1.686 7.025-4.188 7.025-1.382 0-2.416-1.142-2.085-2.545.397-1.674 1.166-3.48 1.166-4.689 0-1.081-.581-1.983-1.782-1.983-1.413 0-2.548 1.462-2.548 3.419 0 1.247.421 2.091.421 2.091l-1.699 7.199c-.505 2.137-.076 4.755-.039 5.019.021.158.223.196.314.077.13-.17 1.813-2.247 2.384-4.324.162-.587.929-3.631.929-3.631.46.876 1.801 1.646 3.227 1.646 4.247 0 7.128-3.871 7.128-9.053.003-3.918-3.317-7.568-8.361-7.568z\"\/><\/svg><\/span><\/a><a aria-label=\"Whatsapp\" class=\"heateor_sss_whatsapp\" href=\"https:\/\/api.whatsapp.com\/send?text=Le%20preoccupazioni%20di%20Mattarella%20sono%20le%20nostre%20https%3A%2F%2Fwww.lacostituzione.info%2Findex.php%2F2018%2F03%2F19%2Fle-preoccupazioni-di-mattarella-sono-le-nostre%2F\" title=\"Whatsapp\" rel=\"nofollow noopener\" target=\"_blank\" style=\"font-size:32px!important;box-shadow:none;display:inline-block;vertical-align:middle\"><span class=\"heateor_sss_svg\" style=\"background-color:#55eb4c;width:35px;height:35px;display:inline-block;opacity:1;float:left;font-size:32px;box-shadow:none;display:inline-block;font-size:16px;padding:0 4px;vertical-align:middle;background-repeat:repeat;overflow:hidden;padding:0;cursor:pointer;box-sizing:content-box\"><svg style=\"display:block;\" focusable=\"false\" aria-hidden=\"true\" xmlns=\"http:\/\/www.w3.org\/2000\/svg\" width=\"100%\" height=\"100%\" viewBox=\"-6 -5 40 40\"><path class=\"heateor_sss_svg_stroke heateor_sss_no_fill\" stroke=\"#fff\" stroke-width=\"2\" fill=\"none\" d=\"M 11.579798566743314 24.396926207859085 A 10 10 0 1 0 6.808479557110079 20.73576436351046\"><\/path><path d=\"M 7 19 l -1 6 l 6 -1\" class=\"heateor_sss_no_fill heateor_sss_svg_stroke\" stroke=\"#fff\" stroke-width=\"2\" fill=\"none\"><\/path><path d=\"M 10 10 q -1 8 8 11 c 5 -1 0 -6 -1 -3 q -4 -3 -5 -5 c 4 -2 -1 -5 -1 -4\" fill=\"#fff\"><\/path><\/svg><\/span><\/a><\/div><div class=\"heateorSssClear\"><\/div><\/div><div class='heateorSssClear'><\/div>","protected":false},"author":3,"featured_media":0,"comment_status":"open","ping_status":"open","sticky":false,"template":"","format":"standard","meta":{"jetpack_post_was_ever_published":false,"_jetpack_newsletter_access":"","_jetpack_dont_email_post_to_subs":false,"_jetpack_newsletter_tier_id":0,"_jetpack_memberships_contains_paywalled_content":false,"_jetpack_memberships_contains_paid_content":false,"footnotes":"","jetpack_publicize_message":"","jetpack_publicize_feature_enabled":true,"jetpack_social_post_already_shared":true,"jetpack_social_options":{"image_generator_settings":{"template":"highway","default_image_id":0,"enabled":false},"version":2}},"categories":[4,956,972],"tags":[183,192,40,1100,1101,1098,37,33,1099,1097],"class_list":["post-4844","post","type-post","status-publish","format-standard","hentry","category-attualita","category-elezioni-2018","category-interventi-elezioni2018","tag-camere","tag-elezioni","tag-governo","tag-governo-di-scopo","tag-governo-tecnico","tag-incarico","tag-legge-elettorale","tag-maggioranza","tag-mandato-esplorativo","tag-minoranza"],"jetpack_publicize_connections":[],"jetpack_featured_media_url":"","jetpack_shortlink":"https:\/\/wp.me\/p84sDq-1g8","jetpack_likes_enabled":true,"jetpack_sharing_enabled":true,"_links":{"self":[{"href":"https:\/\/www.lacostituzione.info\/index.php\/wp-json\/wp\/v2\/posts\/4844","targetHints":{"allow":["GET"]}}],"collection":[{"href":"https:\/\/www.lacostituzione.info\/index.php\/wp-json\/wp\/v2\/posts"}],"about":[{"href":"https:\/\/www.lacostituzione.info\/index.php\/wp-json\/wp\/v2\/types\/post"}],"author":[{"embeddable":true,"href":"https:\/\/www.lacostituzione.info\/index.php\/wp-json\/wp\/v2\/users\/3"}],"replies":[{"embeddable":true,"href":"https:\/\/www.lacostituzione.info\/index.php\/wp-json\/wp\/v2\/comments?post=4844"}],"version-history":[{"count":0,"href":"https:\/\/www.lacostituzione.info\/index.php\/wp-json\/wp\/v2\/posts\/4844\/revisions"}],"wp:attachment":[{"href":"https:\/\/www.lacostituzione.info\/index.php\/wp-json\/wp\/v2\/media?parent=4844"}],"wp:term":[{"taxonomy":"category","embeddable":true,"href":"https:\/\/www.lacostituzione.info\/index.php\/wp-json\/wp\/v2\/categories?post=4844"},{"taxonomy":"post_tag","embeddable":true,"href":"https:\/\/www.lacostituzione.info\/index.php\/wp-json\/wp\/v2\/tags?post=4844"}],"curies":[{"name":"wp","href":"https:\/\/api.w.org\/{rel}","templated":true}]}}