{"id":5053,"date":"2018-05-01T18:02:38","date_gmt":"2018-05-01T16:02:38","guid":{"rendered":"http:\/\/www.lacostituzione.info\/?p=5053"},"modified":"2018-05-03T11:55:55","modified_gmt":"2018-05-03T09:55:55","slug":"cultura-della-vita-e-cultura-della-morte-interrogativi-sul-caso-del-piccolo-alfie-evans","status":"publish","type":"post","link":"https:\/\/www.lacostituzione.info\/index.php\/2018\/05\/01\/cultura-della-vita-e-cultura-della-morte-interrogativi-sul-caso-del-piccolo-alfie-evans\/","title":{"rendered":"Cultura della vita e cultura della morte: interrogativi sul caso del piccolo Alfie Evans"},"content":{"rendered":"<p><img loading=\"lazy\" decoding=\"async\" data-attachment-id=\"5056\" data-permalink=\"https:\/\/www.lacostituzione.info\/index.php\/2018\/05\/01\/cultura-della-vita-e-cultura-della-morte-interrogativi-sul-caso-del-piccolo-alfie-evans\/alfie-evans_02\/#main\" data-orig-file=\"https:\/\/www.lacostituzione.info\/wp-content\/uploads\/2018\/05\/Alfie-Evans_02.jpg\" data-orig-size=\"615,409\" data-comments-opened=\"1\" data-image-meta=\"{&quot;aperture&quot;:&quot;0&quot;,&quot;credit&quot;:&quot;&quot;,&quot;camera&quot;:&quot;&quot;,&quot;caption&quot;:&quot;&quot;,&quot;created_timestamp&quot;:&quot;0&quot;,&quot;copyright&quot;:&quot;&quot;,&quot;focal_length&quot;:&quot;0&quot;,&quot;iso&quot;:&quot;0&quot;,&quot;shutter_speed&quot;:&quot;0&quot;,&quot;title&quot;:&quot;&quot;,&quot;orientation&quot;:&quot;0&quot;}\" data-image-title=\"Alfie-Evans_02\" data-image-description=\"\" data-image-caption=\"\" data-medium-file=\"https:\/\/www.lacostituzione.info\/wp-content\/uploads\/2018\/05\/Alfie-Evans_02-300x200.jpg\" data-large-file=\"https:\/\/www.lacostituzione.info\/wp-content\/uploads\/2018\/05\/Alfie-Evans_02.jpg\" class=\"alignright size-medium wp-image-5056\" src=\"http:\/\/www.lacostituzione.info\/wp-content\/uploads\/2018\/05\/Alfie-Evans_02-300x200.jpg\" alt=\"\" width=\"300\" height=\"200\" srcset=\"https:\/\/www.lacostituzione.info\/wp-content\/uploads\/2018\/05\/Alfie-Evans_02-300x200.jpg 300w, https:\/\/www.lacostituzione.info\/wp-content\/uploads\/2018\/05\/Alfie-Evans_02.jpg 615w\" sizes=\"auto, (max-width: 300px) 100vw, 300px\" \/>di <strong>Ugo Adamo<\/strong><a href=\"#_ftn1\" name=\"_ftnref1\">*<\/a><\/p>\n<p>La dolorosa vicenda del piccolo Alfie Evans ha riproposto la dicotomia falsa tra una (non meglio precisata) cultura della morte e una (non meglio precisata) cultura della vita. Tale contrapposizione, oltre che in Inghilterra, trova espressione pure in Italia, a leggere le prime dichiarazioni (comunicate via social) di uomini e donne anche con elevata responsabilit\u00e0 politico-istituzionale.<!--more--><\/p>\n<p>In realt\u00e0, non siamo dinanzi a nessuna contrapposizione, quanto piuttosto di fronte ad un fatto drammatico attorno al quale (come era prevedibile pensando a casi analoghi, quando non pu\u00f2 esserci \u2018consenso informato\u2019, che \u00e8 nella esclusiva disponibilit\u00e0 di chi \u00e8 maggiorenne, capace e consapevole) si sono sviluppate diverse <em>concezioni<\/em> su quale fosse il \u2018migliore interesse\u2019 del piccolo Alfie.<\/p>\n<p>Una riflessione sul punto suggerisce di richiamare, sia pure in modo essenziale, il caso clinico per come \u00e8 stato riportato dalla stampa e nelle decisioni giudiziali intervenute in merito.<\/p>\n<p>A ridosso della nascita (maggio del 2016), al bambino era stata diagnosticata una serie di patologie neurologiche, ben presto estese da problematiche alla vista ad un complessivo ritardo nello sviluppo cognitivo, fino a che, dopo una grave polmonite, subentrava una condizione di coma irreversibile. La diagnosi a quel punto si precisava in quella di neuropatologia degenerativa.<\/p>\n<p>La situazione, altamente critica, non poteva trovare soluzioni con gli strumenti e le terapie ad oggi resi disponibili dalla pratica medica e nemmeno da studi e ricerche scientifiche in tale campo, tanto che i medici che avevano in cura il bambino hanno ritenuto, <em>in scienza e coscienza,<\/em> che continuare a mantenere in vita il piccolo paziente somministrandogli una ventilazione artificiale non rientrasse nel suo <em>best interest<\/em>.<\/p>\n<p>Da parte dell\u2019<em>\u00e9quipe<\/em> sanitaria, quindi, veniva rivolta al giudice competente la richiesta di interrompere il trattamento \u2013 ritenuto non pi\u00f9 appropriato, del tutto privo di efficacia, inutile, e quindi espressione di una ostinazione irragionevole \u2013 lasciando che la malattia facesse il suo decorso naturale.<\/p>\n<p>In un simile quadro non si tratta di schierarsi tra una posizione <em>pro life<\/em> o una <em>pro death<\/em>, ma di evidenziare che ci si trovava dinanzi non ad una diversit\u00e0 di culture (per la vita o per la morte, appunto), quanto piuttosto di fronte a diverse interpretazioni di un medesimo punto, ovverosia di quale fosse il \u00abmiglior interesse\u00bb del piccolo Alfie.<\/p>\n<p>Data la situazione del caso concreto, la domanda dirimente restava quella relativa a chi spettasse l\u2019ultima parola in merito alle cure (da assicurare o da sospendere). Ai genitori, ai medici o ai giudici? Per come vedremo, la scelta \u00e8 stata imposta sia dalla situazione di contrasto intervenuta sia dalla patologia del piccolo Alfie.<\/p>\n<p>Se i medici dell\u2019<em>Alder Hey Children\u2019s<\/em> stimavano che le sofferenze a cui il bambino era sottoposto non risultavano ulteriormente accettabili in una situazione clinica irrimediabilmente compromessa, diversamente, i genitori assumevano che il miglior interesse per il proprio figlio non dovesse essere quello di \u201clasciarlo morire\u201d. In un sistema ben regolato, come \u00e8 l\u2019ordinamento giuridico inglese, dinanzi ad una concreta contrapposizione su quale fosse il \u2018migliore interesse\u2019 del piccolo paziente, il ricorso al giudice era di fatto obbligato. Anche ricordando la risoluzione sul caso \u2018<em>Charlie Gard<\/em>\u2019<em>,<\/em> i giudici inglesi hanno stabilito che la condizione clinica del piccolo Alfie fosse irreversibile, costringendolo a sofferenze inutili e quindi inaccettabili, in ragione anche della constatazione che il cervello era totalmente compromesso (per la totale distruzione della materia bianca e la massiva compromissione di quella grigia), tanto che nessuna terapia \u2013 anche di tipo sperimentale \u2013 avrebbe potuto invertire, o comunque arrestare, l\u2019andamento certo della patologia.<\/p>\n<p>Il piccolo Alfie veniva mantenuto in vita con un respiratore artificiale, non essendo in grado, secondo i medici che lo avevano in cura, di respirare in modo autonomo. La decisione, pertanto, \u00e8 stata quella di interrompere il trattamento dando inizio alle cure palliative, le sole ritenute in grado di offrire un accompagnamento dignitoso nell\u2019ultima fase della sua breve esistenza.<\/p>\n<p>Oltre a determinarsi in tal modo, il giudice inglese assumeva che il trasferimento in un ospedale italiano avrebbe costretto il piccolo Alfie ad un mero prolungamento delle sofferenze, che anzi sarebbero potute aumentare (per l\u2019alta predisposizione a contrarre infezioni), tanto da portare lo stesso giudice ad affermare che \u00abnessuno vorrebbe che Alfie morisse durante il viaggio\u00bb. Nella certezza fattuale che non esisteva alcuna cura (neanche in Italia) in grado di arrestare il decorso infausto della malattia, il viaggio per il ricovero in un ospedale italiano non veniva autorizzato.<\/p>\n<p>In tal modo, il giudice dava seguito alla valutazione medica fondata su parametri (scientifici) diversi da quelli (amorevoli) dei familiari, assumendo nei termini che seguono la situazione clinica del piccolo paziente. Non potendosi presagire alcun possibile miglioramento n\u00e9 vantaggi di sorta con le cure allo stato disponibili, la consapevolezza (scientifica) che il dolore sarebbe potuto aumentare o comunque non regredire portava i medici a valutare che l\u2019interesse del piccolo Alfie fosse quello di interrompere le cure (e quindi di morire) anzich\u00e9 continuare a soffrire (prolungando l\u2019attivit\u00e0 vitale in modo artificiale).<\/p>\n<p>Dinanzi alla diversit\u00e0 delle \u2018culture\u2019 richiamate in premessa, \u00e8 doveroso precisare che la morte del piccolo Alfie non \u00e8 stata voluta da nessuno, risultando causata da una malattia crudele che lo ha spento a soli 23 mesi e che, per quanto possiamo saperne, neanche in ospedali italiani avrebbe potuto conoscere altro esito; la gravit\u00e0 del danno era altamente critica ed invalidante, tanto da essere irrecuperabile, anche \u2018per la medicina italiana\u2019.<\/p>\n<p>D\u2019altra parte si dovrebbe ricordare che dinanzi ad una malattia non curabile \u00e8 lo stesso Codice di deontologia medica italiano a stabilire che il medico <em>\u00abnon intraprende n\u00e9 insiste in procedure diagnostiche e interventi terapeutici clinicamente inappropriati ed eticamente non proporzionati, dai quali non ci si possa fondatamente attendere un effettivo beneficio per salute e\/o un miglioramento della qualit\u00e0 della vita\u00bb<\/em>.<\/p>\n<p>A volte il sapere medico e il potere tecnologico non possono che limitarsi a mantenere in vita e nulla di pi\u00f9. E questo \u00e8 stato il caso del piccolo Alfie. Si pu\u00f2 per\u00f2 interrompere l\u2019invadenza della tecnica sul corpo martoriato e limitarsi a ricondurre la morte nell\u2019alveo della sua naturalit\u00e0. Ci\u00f2 evidentemente non significa non provare un sentimento di empatia per la morte di un bambino inerme, ma solo essere coscienti della finitezza dell\u2019uomo e delle sue possibilit\u00e0; talora, non si pu\u00f2 fare altro che arrendersi all\u2019esito fatale di una malattia che, purtroppo, finisce per avere l\u2019ultima parola.<\/p>\n<p><a href=\"#_ftnref1\" name=\"_ftn1\">*<\/a> <em>Assegnista di ricerca di diritto costituzionale all\u2019Universit\u00e0 di Catanzaro<\/em><\/p>\n","protected":false},"excerpt":{"rendered":"<p>di Ugo Adamo* La dolorosa vicenda del piccolo Alfie Evans ha riproposto la dicotomia falsa tra una (non meglio precisata) cultura della morte e una (non meglio precisata) cultura della vita. Tale contrapposizione, oltre che in Inghilterra, trova espressione pure in Italia, a leggere le prime dichiarazioni (comunicate via social) di uomini e donne anche &#8230; <a title=\"Cultura della vita e cultura della morte: interrogativi sul caso del piccolo Alfie Evans\" class=\"read-more\" href=\"https:\/\/www.lacostituzione.info\/index.php\/2018\/05\/01\/cultura-della-vita-e-cultura-della-morte-interrogativi-sul-caso-del-piccolo-alfie-evans\/\">Leggi tutto<\/a><\/p>\n<div class='heateorSssClear'><\/div><div  class='heateor_sss_sharing_container heateor_sss_horizontal_sharing' data-heateor-sss-href='https:\/\/www.lacostituzione.info\/index.php\/2018\/05\/01\/cultura-della-vita-e-cultura-della-morte-interrogativi-sul-caso-del-piccolo-alfie-evans\/'><div class='heateor_sss_sharing_title' style=\"font-weight:bold\" >Condividi!<\/div><div class=\"heateor_sss_sharing_ul\"><a aria-label=\"Facebook\" class=\"heateor_sss_facebook\" href=\"https:\/\/www.facebook.com\/sharer\/sharer.php?u=https%3A%2F%2Fwww.lacostituzione.info%2Findex.php%2F2018%2F05%2F01%2Fcultura-della-vita-e-cultura-della-morte-interrogativi-sul-caso-del-piccolo-alfie-evans%2F\" title=\"Facebook\" rel=\"nofollow noopener\" target=\"_blank\" style=\"font-size:32px!important;box-shadow:none;display:inline-block;vertical-align:middle\"><span class=\"heateor_sss_svg\" style=\"background-color:#0765FE;width:35px;height:35px;display:inline-block;opacity:1;float:left;font-size:32px;box-shadow:none;display:inline-block;font-size:16px;padding:0 4px;vertical-align:middle;background-repeat:repeat;overflow:hidden;padding:0;cursor:pointer;box-sizing:content-box\"><svg style=\"display:block;\" focusable=\"false\" aria-hidden=\"true\" xmlns=\"http:\/\/www.w3.org\/2000\/svg\" width=\"100%\" height=\"100%\" viewBox=\"0 0 32 32\"><path fill=\"#fff\" d=\"M28 16c0-6.627-5.373-12-12-12S4 9.373 4 16c0 5.628 3.875 10.35 9.101 11.647v-7.98h-2.474V16H13.1v-1.58c0-4.085 1.849-5.978 5.859-5.978.76 0 2.072.15 2.608.298v3.325c-.283-.03-.775-.045-1.386-.045-1.967 0-2.728.745-2.728 2.683V16h3.92l-.673 3.667h-3.247v8.245C23.395 27.195 28 22.135 28 16Z\"><\/path><\/svg><\/span><\/a><a aria-label=\"Twitter\" class=\"heateor_sss_button_twitter\" href=\"https:\/\/twitter.com\/intent\/tweet?text=Cultura%20della%20vita%20e%20cultura%20della%20morte%3A%20interrogativi%20sul%20caso%20del%20piccolo%20Alfie%20Evans&url=https%3A%2F%2Fwww.lacostituzione.info%2Findex.php%2F2018%2F05%2F01%2Fcultura-della-vita-e-cultura-della-morte-interrogativi-sul-caso-del-piccolo-alfie-evans%2F\" title=\"Twitter\" rel=\"nofollow noopener\" target=\"_blank\" style=\"font-size:32px!important;box-shadow:none;display:inline-block;vertical-align:middle\"><span class=\"heateor_sss_svg heateor_sss_s__default heateor_sss_s_twitter\" style=\"background-color:#55acee;width:35px;height:35px;display:inline-block;opacity:1;float:left;font-size:32px;box-shadow:none;display:inline-block;font-size:16px;padding:0 4px;vertical-align:middle;background-repeat:repeat;overflow:hidden;padding:0;cursor:pointer;box-sizing:content-box\"><svg style=\"display:block;\" focusable=\"false\" aria-hidden=\"true\" xmlns=\"http:\/\/www.w3.org\/2000\/svg\" width=\"100%\" height=\"100%\" viewBox=\"-4 -4 39 39\"><path d=\"M28 8.557a9.913 9.913 0 0 1-2.828.775 4.93 4.93 0 0 0 2.166-2.725 9.738 9.738 0 0 1-3.13 1.194 4.92 4.92 0 0 0-3.593-1.55 4.924 4.924 0 0 0-4.794 6.049c-4.09-.21-7.72-2.17-10.15-5.15a4.942 4.942 0 0 0-.665 2.477c0 1.71.87 3.214 2.19 4.1a4.968 4.968 0 0 1-2.23-.616v.06c0 2.39 1.7 4.38 3.952 4.83-.414.115-.85.174-1.297.174-.318 0-.626-.03-.928-.086a4.935 4.935 0 0 0 4.6 3.42 9.893 9.893 0 0 1-6.114 2.107c-.398 0-.79-.023-1.175-.068a13.953 13.953 0 0 0 7.55 2.213c9.056 0 14.01-7.507 14.01-14.013 0-.213-.005-.426-.015-.637.96-.695 1.795-1.56 2.455-2.55z\" fill=\"#fff\"><\/path><\/svg><\/span><\/a><a aria-label=\"Reddit\" class=\"heateor_sss_button_reddit\" href=\"https:\/\/reddit.com\/submit?url=https%3A%2F%2Fwww.lacostituzione.info%2Findex.php%2F2018%2F05%2F01%2Fcultura-della-vita-e-cultura-della-morte-interrogativi-sul-caso-del-piccolo-alfie-evans%2F&title=Cultura%20della%20vita%20e%20cultura%20della%20morte%3A%20interrogativi%20sul%20caso%20del%20piccolo%20Alfie%20Evans\" title=\"Reddit\" rel=\"nofollow noopener\" target=\"_blank\" style=\"font-size:32px!important;box-shadow:none;display:inline-block;vertical-align:middle\"><span class=\"heateor_sss_svg heateor_sss_s__default heateor_sss_s_reddit\" style=\"background-color:#ff5700;width:35px;height:35px;display:inline-block;opacity:1;float:left;font-size:32px;box-shadow:none;display:inline-block;font-size:16px;padding:0 4px;vertical-align:middle;background-repeat:repeat;overflow:hidden;padding:0;cursor:pointer;box-sizing:content-box\"><svg style=\"display:block;\" focusable=\"false\" aria-hidden=\"true\" xmlns=\"http:\/\/www.w3.org\/2000\/svg\" width=\"100%\" height=\"100%\" viewBox=\"-3.5 -3.5 39 39\"><path d=\"M28.543 15.774a2.953 2.953 0 0 0-2.951-2.949 2.882 2.882 0 0 0-1.9.713 14.075 14.075 0 0 0-6.85-2.044l1.38-4.349 3.768.884a2.452 2.452 0 1 0 .24-1.176l-4.274-1a.6.6 0 0 0-.709.4l-1.659 5.224a14.314 14.314 0 0 0-7.316 2.029 2.908 2.908 0 0 0-1.872-.681 2.942 2.942 0 0 0-1.618 5.4 5.109 5.109 0 0 0-.062.765c0 4.158 5.037 7.541 11.229 7.541s11.22-3.383 11.22-7.541a5.2 5.2 0 0 0-.053-.706 2.963 2.963 0 0 0 1.427-2.51zm-18.008 1.88a1.753 1.753 0 0 1 1.73-1.74 1.73 1.73 0 0 1 1.709 1.74 1.709 1.709 0 0 1-1.709 1.711 1.733 1.733 0 0 1-1.73-1.711zm9.565 4.968a5.573 5.573 0 0 1-4.081 1.272h-.032a5.576 5.576 0 0 1-4.087-1.272.6.6 0 0 1 .844-.854 4.5 4.5 0 0 0 3.238.927h.032a4.5 4.5 0 0 0 3.237-.927.6.6 0 1 1 .844.854zm-.331-3.256a1.726 1.726 0 1 1 1.709-1.712 1.717 1.717 0 0 1-1.712 1.712z\" fill=\"#fff\"\/><\/svg><\/span><\/a><a aria-label=\"Linkedin\" class=\"heateor_sss_button_linkedin\" href=\"https:\/\/www.linkedin.com\/sharing\/share-offsite\/?url=https%3A%2F%2Fwww.lacostituzione.info%2Findex.php%2F2018%2F05%2F01%2Fcultura-della-vita-e-cultura-della-morte-interrogativi-sul-caso-del-piccolo-alfie-evans%2F\" title=\"Linkedin\" rel=\"nofollow noopener\" target=\"_blank\" style=\"font-size:32px!important;box-shadow:none;display:inline-block;vertical-align:middle\"><span class=\"heateor_sss_svg heateor_sss_s__default heateor_sss_s_linkedin\" style=\"background-color:#0077b5;width:35px;height:35px;display:inline-block;opacity:1;float:left;font-size:32px;box-shadow:none;display:inline-block;font-size:16px;padding:0 4px;vertical-align:middle;background-repeat:repeat;overflow:hidden;padding:0;cursor:pointer;box-sizing:content-box\"><svg style=\"display:block;\" focusable=\"false\" aria-hidden=\"true\" xmlns=\"http:\/\/www.w3.org\/2000\/svg\" width=\"100%\" height=\"100%\" viewBox=\"0 0 32 32\"><path d=\"M6.227 12.61h4.19v13.48h-4.19V12.61zm2.095-6.7a2.43 2.43 0 0 1 0 4.86c-1.344 0-2.428-1.09-2.428-2.43s1.084-2.43 2.428-2.43m4.72 6.7h4.02v1.84h.058c.56-1.058 1.927-2.176 3.965-2.176 4.238 0 5.02 2.792 5.02 6.42v7.395h-4.183v-6.56c0-1.564-.03-3.574-2.178-3.574-2.18 0-2.514 1.7-2.514 3.46v6.668h-4.187V12.61z\" fill=\"#fff\"><\/path><\/svg><\/span><\/a><a aria-label=\"Pinterest\" class=\"heateor_sss_button_pinterest\" href=\"https:\/\/www.lacostituzione.info\/index.php\/2018\/05\/01\/cultura-della-vita-e-cultura-della-morte-interrogativi-sul-caso-del-piccolo-alfie-evans\/\" onclick=\"event.preventDefault();javascript:void( (function() {var e=document.createElement('script' );e.setAttribute('type','text\/javascript' );e.setAttribute('charset','UTF-8' );e.setAttribute('src','\/\/assets.pinterest.com\/js\/pinmarklet.js?r='+Math.random()*99999999);document.body.appendChild(e)})());\" title=\"Pinterest\" rel=\"noopener\" style=\"font-size:32px!important;box-shadow:none;display:inline-block;vertical-align:middle\"><span class=\"heateor_sss_svg heateor_sss_s__default heateor_sss_s_pinterest\" style=\"background-color:#cc2329;width:35px;height:35px;display:inline-block;opacity:1;float:left;font-size:32px;box-shadow:none;display:inline-block;font-size:16px;padding:0 4px;vertical-align:middle;background-repeat:repeat;overflow:hidden;padding:0;cursor:pointer;box-sizing:content-box\"><svg style=\"display:block;\" focusable=\"false\" aria-hidden=\"true\" xmlns=\"http:\/\/www.w3.org\/2000\/svg\" width=\"100%\" height=\"100%\" viewBox=\"-2 -2 35 35\"><path fill=\"#fff\" d=\"M16.539 4.5c-6.277 0-9.442 4.5-9.442 8.253 0 2.272.86 4.293 2.705 5.046.303.125.574.005.662-.33.061-.231.205-.816.27-1.06.088-.331.053-.447-.191-.736-.532-.627-.873-1.439-.873-2.591 0-3.338 2.498-6.327 6.505-6.327 3.548 0 5.497 2.168 5.497 5.062 0 3.81-1.686 7.025-4.188 7.025-1.382 0-2.416-1.142-2.085-2.545.397-1.674 1.166-3.48 1.166-4.689 0-1.081-.581-1.983-1.782-1.983-1.413 0-2.548 1.462-2.548 3.419 0 1.247.421 2.091.421 2.091l-1.699 7.199c-.505 2.137-.076 4.755-.039 5.019.021.158.223.196.314.077.13-.17 1.813-2.247 2.384-4.324.162-.587.929-3.631.929-3.631.46.876 1.801 1.646 3.227 1.646 4.247 0 7.128-3.871 7.128-9.053.003-3.918-3.317-7.568-8.361-7.568z\"\/><\/svg><\/span><\/a><a aria-label=\"Whatsapp\" class=\"heateor_sss_whatsapp\" href=\"https:\/\/api.whatsapp.com\/send?text=Cultura%20della%20vita%20e%20cultura%20della%20morte%3A%20interrogativi%20sul%20caso%20del%20piccolo%20Alfie%20Evans%20https%3A%2F%2Fwww.lacostituzione.info%2Findex.php%2F2018%2F05%2F01%2Fcultura-della-vita-e-cultura-della-morte-interrogativi-sul-caso-del-piccolo-alfie-evans%2F\" title=\"Whatsapp\" rel=\"nofollow noopener\" target=\"_blank\" style=\"font-size:32px!important;box-shadow:none;display:inline-block;vertical-align:middle\"><span class=\"heateor_sss_svg\" style=\"background-color:#55eb4c;width:35px;height:35px;display:inline-block;opacity:1;float:left;font-size:32px;box-shadow:none;display:inline-block;font-size:16px;padding:0 4px;vertical-align:middle;background-repeat:repeat;overflow:hidden;padding:0;cursor:pointer;box-sizing:content-box\"><svg style=\"display:block;\" focusable=\"false\" aria-hidden=\"true\" xmlns=\"http:\/\/www.w3.org\/2000\/svg\" width=\"100%\" height=\"100%\" viewBox=\"-6 -5 40 40\"><path class=\"heateor_sss_svg_stroke heateor_sss_no_fill\" stroke=\"#fff\" stroke-width=\"2\" fill=\"none\" d=\"M 11.579798566743314 24.396926207859085 A 10 10 0 1 0 6.808479557110079 20.73576436351046\"><\/path><path d=\"M 7 19 l -1 6 l 6 -1\" class=\"heateor_sss_no_fill heateor_sss_svg_stroke\" stroke=\"#fff\" stroke-width=\"2\" fill=\"none\"><\/path><path d=\"M 10 10 q -1 8 8 11 c 5 -1 0 -6 -1 -3 q -4 -3 -5 -5 c 4 -2 -1 -5 -1 -4\" fill=\"#fff\"><\/path><\/svg><\/span><\/a><\/div><div class=\"heateorSssClear\"><\/div><\/div><div class='heateorSssClear'><\/div>","protected":false},"author":1,"featured_media":0,"comment_status":"open","ping_status":"open","sticky":false,"template":"","format":"standard","meta":{"jetpack_post_was_ever_published":false,"_jetpack_newsletter_access":"","_jetpack_dont_email_post_to_subs":false,"_jetpack_newsletter_tier_id":0,"_jetpack_memberships_contains_paywalled_content":false,"_jetpack_memberships_contains_paid_content":false,"footnotes":"","jetpack_publicize_message":"","jetpack_publicize_feature_enabled":true,"jetpack_social_post_already_shared":true,"jetpack_social_options":{"image_generator_settings":{"template":"highway","default_image_id":0,"enabled":false},"version":2}},"categories":[4],"tags":[1173,1172,1171,69,114,403,1170,1169],"class_list":["post-5053","post","type-post","status-publish","format-standard","hentry","category-attualita","tag-alfie-evans","tag-best-interest","tag-codice-deontologia-medica","tag-genitori","tag-giudice","tag-medici","tag-morte","tag-vita"],"jetpack_publicize_connections":[],"jetpack_featured_media_url":"","jetpack_shortlink":"https:\/\/wp.me\/p84sDq-1jv","jetpack_likes_enabled":true,"jetpack_sharing_enabled":true,"_links":{"self":[{"href":"https:\/\/www.lacostituzione.info\/index.php\/wp-json\/wp\/v2\/posts\/5053","targetHints":{"allow":["GET"]}}],"collection":[{"href":"https:\/\/www.lacostituzione.info\/index.php\/wp-json\/wp\/v2\/posts"}],"about":[{"href":"https:\/\/www.lacostituzione.info\/index.php\/wp-json\/wp\/v2\/types\/post"}],"author":[{"embeddable":true,"href":"https:\/\/www.lacostituzione.info\/index.php\/wp-json\/wp\/v2\/users\/1"}],"replies":[{"embeddable":true,"href":"https:\/\/www.lacostituzione.info\/index.php\/wp-json\/wp\/v2\/comments?post=5053"}],"version-history":[{"count":0,"href":"https:\/\/www.lacostituzione.info\/index.php\/wp-json\/wp\/v2\/posts\/5053\/revisions"}],"wp:attachment":[{"href":"https:\/\/www.lacostituzione.info\/index.php\/wp-json\/wp\/v2\/media?parent=5053"}],"wp:term":[{"taxonomy":"category","embeddable":true,"href":"https:\/\/www.lacostituzione.info\/index.php\/wp-json\/wp\/v2\/categories?post=5053"},{"taxonomy":"post_tag","embeddable":true,"href":"https:\/\/www.lacostituzione.info\/index.php\/wp-json\/wp\/v2\/tags?post=5053"}],"curies":[{"name":"wp","href":"https:\/\/api.w.org\/{rel}","templated":true}]}}