{"id":5098,"date":"2018-05-13T17:48:54","date_gmt":"2018-05-13T15:48:54","guid":{"rendered":"http:\/\/www.lacostituzione.info\/?p=5098"},"modified":"2018-05-15T12:15:29","modified_gmt":"2018-05-15T10:15:29","slug":"malta-la-cittadinanza-maltese-e-quella-europea-e-in-vendita","status":"publish","type":"post","link":"https:\/\/www.lacostituzione.info\/index.php\/2018\/05\/13\/malta-la-cittadinanza-maltese-e-quella-europea-e-in-vendita\/","title":{"rendered":"MALTA <br> La cittadinanza maltese (e quella europea) \u00e8 in vendita?"},"content":{"rendered":"<p style=\"text-align: center;\"><img loading=\"lazy\" decoding=\"async\" data-attachment-id=\"5100\" data-permalink=\"https:\/\/www.lacostituzione.info\/index.php\/2018\/05\/13\/malta-la-cittadinanza-maltese-e-quella-europea-e-in-vendita\/natgeo-recomienda-a-malta-como-destino-cultural-en-2017\/#main\" data-orig-file=\"https:\/\/www.lacostituzione.info\/wp-content\/uploads\/2018\/05\/natgeo-recomienda-a-malta-como-destino-cultural-en-2017.jpg\" data-orig-size=\"1920,1200\" data-comments-opened=\"1\" data-image-meta=\"{&quot;aperture&quot;:&quot;0&quot;,&quot;credit&quot;:&quot;&quot;,&quot;camera&quot;:&quot;&quot;,&quot;caption&quot;:&quot;&quot;,&quot;created_timestamp&quot;:&quot;0&quot;,&quot;copyright&quot;:&quot;&quot;,&quot;focal_length&quot;:&quot;0&quot;,&quot;iso&quot;:&quot;0&quot;,&quot;shutter_speed&quot;:&quot;0&quot;,&quot;title&quot;:&quot;&quot;,&quot;orientation&quot;:&quot;0&quot;}\" data-image-title=\"natgeo-recomienda-a-malta-como-destino-cultural-en-2017\" data-image-description=\"\" data-image-caption=\"\" data-medium-file=\"https:\/\/www.lacostituzione.info\/wp-content\/uploads\/2018\/05\/natgeo-recomienda-a-malta-como-destino-cultural-en-2017-300x188.jpg\" data-large-file=\"https:\/\/www.lacostituzione.info\/wp-content\/uploads\/2018\/05\/natgeo-recomienda-a-malta-como-destino-cultural-en-2017-1024x640.jpg\" class=\"aligncenter size-medium wp-image-5100\" src=\"http:\/\/www.lacostituzione.info\/wp-content\/uploads\/2018\/05\/natgeo-recomienda-a-malta-como-destino-cultural-en-2017-300x188.jpg\" alt=\"\" width=\"300\" height=\"188\" srcset=\"https:\/\/www.lacostituzione.info\/wp-content\/uploads\/2018\/05\/natgeo-recomienda-a-malta-como-destino-cultural-en-2017-300x188.jpg 300w, https:\/\/www.lacostituzione.info\/wp-content\/uploads\/2018\/05\/natgeo-recomienda-a-malta-como-destino-cultural-en-2017-768x480.jpg 768w, https:\/\/www.lacostituzione.info\/wp-content\/uploads\/2018\/05\/natgeo-recomienda-a-malta-como-destino-cultural-en-2017-1024x640.jpg 1024w, https:\/\/www.lacostituzione.info\/wp-content\/uploads\/2018\/05\/natgeo-recomienda-a-malta-como-destino-cultural-en-2017.jpg 1920w\" sizes=\"auto, (max-width: 300px) 100vw, 300px\" \/>di <strong>Claudio Di Maio<\/strong><\/p>\n<p>Negli ultimi mesi del 2013, il governo de La Valletta ha annunciato la creazione di un <a href=\"http:\/\/iip.gov.mt\">Programma individuale per gli investimenti (IIP)<\/a> con l\u2019obiettivo di attrarre soggetti interessati a realizzare un impegno economico di medio o lungo periodo all\u2019interno del sistema finanziario maltese. Una scelta di politica economica che in s\u00e9 non desta alcuna meraviglia, se si considera il quadro internazionale di crisi finanziaria di quel periodo. <!--more--><\/p>\n<p>La peculiarit\u00e0 di questo programma, che si propone di attrarre talenti, competenze e relazioni d&#8217;affari, \u00e8 contenuta nei vantaggi che esso offre agli investitori: la concessione del titolo di cittadino maltese. Prima di arrivare a semplicistiche conclusioni sulle ricadute che questo status \u2013 <em>de facto <\/em>giuridico ancor prima che economico \u2013 comporta, \u00e8 bene comprendere che il governo maltese \u00e8 giunto a questa importante riforma dopo un lungo procedimento di modifica della legislazione allora vigente, ovvero attraverso l\u2019approvazione del <a href=\"https:\/\/www.google.com\/url?sa=t&amp;rct=j&amp;q=&amp;esrc=s&amp;source=web&amp;cd=1&amp;cad=rja&amp;uact=8&amp;ved=0ahUKEwj_1Jnuu4LbAhXJxqQKHUtiD2kQFggnMAA&amp;url=http%3A%2F%2Fjusticeservices.gov.mt%2FDownloadDocument.aspx%3Fapp%3Dlp%26itemid%3D25798%26l%3D1&amp;usg=AOvVaw02MuhMbhzWINZPc64z7y3D\"><em>Act XV del 2013<\/em><\/a>, accompagnato dalla <a href=\"http:\/\/justiceservices.gov.mt\/DownloadDocument.aspx?app=lp&amp;itemid=25863&amp;l=1\"><em>Legal Notice n. 450<\/em><\/a>, quale regolamento attuativo dell\u2019<em>Individual Investor Programme<\/em>.<\/p>\n<p>A questo proposito, come \u00e8 possibile che uno Stato riconosca la propria cittadinanza in virt\u00f9 di un investimento? L\u2019impianto legislativo maltese fa perno su quella potest\u00e0 di naturalizzazione, prevista in molteplici legislazioni moderne. La legge italiana <a href=\"https:\/\/www.esteri.it\/mae\/doc\/l91_1992.pdf\">n. 91 del 1992<\/a>, ad esempio, all\u2019art. 9\u00a0stabilisce le modalit\u00e0 con cui il Presidente della Repubblica esercita il potere di concedere (si badi bene, non riconoscere) sempre e quando rispettino i requisiti minimi previsti, la cittadinanza a coloro che possiedono una posizione giuridica tale da \u00a0abbreviare il naturale percorso di integrazione. La legislazione maltese, quindi, ha esteso questa prerogativa a coloro che contribuiscono allo sviluppo economico dell\u2019isola di Malta (art. 3 dell\u2019IIP), attraverso la previsione di una <em>fast-track naturalization<\/em> per tutti i titolari di un investimento, estensibile anche ai familiari diretti e ai minori a carico.<\/p>\n<p>Dunque, chi decide se la natura dell\u2019investimento o la sua congruit\u00e0 siano idonee ad ottenere la cittadinanza maltese? Al di l\u00e0 delle soglie di spesa annunciate nel primo disegno di riforma \u2013 oggi considerate <a href=\"https:\/\/www.maltatoday.com.mt\/news\/national\/82238\/second_iip_programme_to_be_more_exclusive_than_first__pm#.WvgYNi9aab8\">pi\u00f9 \u201cesclusive\u201d<\/a> \u2013 questa misura comporta un\u2019ampia discrezionalit\u00e0 da parte del Ministero degli interni nel accordare il titolo di soggiorno e una evidente scarsit\u00e0 di pre-condizioni per i potenziali richiedenti. A ci\u00f2 si aggiunga che le autorit\u00e0 maltesi hanno successivamente deciso di esternalizzare la gestione amministrativa del procedimento ad un\u2019agenzia governativa (<a href=\"https:\/\/identitymalta.com\/\"><em>Identity Malta Agency<\/em><\/a>), riservandosi la mera soprintendenza nel procedimento. Questa agenzia, istituita attraverso la <a href=\"http:\/\/justiceservices.gov.mt\/DownloadDocument.aspx?app=lp&amp;itemid=25431&amp;l=1\"><em>Legal Notice n. 269 del 2013<\/em><\/a>, agisce sotto la responsabilit\u00e0 del Ministero degli Interni. Tuttavia, per ci\u00f2 che concerne la raccolta delle istanze e la gestione del procedimento nella cd. fase internazionale, l\u2019organismo \u00e8 agevolato da un\u2019altra entit\u00e0 avente personalit\u00e0 giuridica separata. Si tratta, nello specifico, della societ\u00e0 <a href=\"https:\/\/www.henleyglobal.com\/\">Henley &amp; Partners<\/a>, una <em>Law firm<\/em> specializzata in programmi e azioni di <em>citizenship planning<\/em>, con sedi in 30 Paesi del mondo e un <em>target <\/em>sia nel settore privato che in quello del <em>Government Advisory Practice<\/em>. Questo soggetto, quindi, assume un ruolo di esclusivit\u00e0 nel <em>IIP Process<\/em> maltese ed \u00e8 responsabile della promozione e dell\u2019elaborazione delle domande.<\/p>\n<p>Ma chi diventa cittadino maltese \u2013 qualunque sia la modalit\u00e0 \u2013 \u00e8 a tutti gli effetti un cittadino dell\u2019Unione europea. Vale a dire, gode senza alcuna limitazione di tutti quei diritti accessori che vanno ben oltre la mera libera circolazione (es. tutela diplomatica o iniziativa legislativa). Il Parlamento europeo ha risposto con preoccupazione a questi eventi, avvertendo la Commissione circa l\u2019urgenza di contenere queste forme di ottenimento della cittadinanza maltese, poich\u00e9 comprometterebbero il concetto stesso di cittadinanza europea (<a href=\"http:\/\/eur-lex.europa.eu\/legal-content\/IT\/TXT\/?uri=uriserv:OJ.C_.2016.482.01.0117.01.ITA\">Risoluzione 2013\/2995<\/a>). Da questo documento, l\u2019organo centrale di Bruxelles ha avviato rapidi negoziati con il governo de La Valletta. Frutto di questo dialogo \u00e8 la seconda proposta di modifica contenuta nella <a href=\"http:\/\/iip.gov.mt\/wp-content\/uploads\/2014\/02\/LN-47-2014.pdf\"><em>L.N. 47\/2014<\/em><\/a>: il secondo pacchetto di emendamenti, introduce, al fine di ottenere accesso a questa particolare forma di naturalizzazione, una cd. \u201cprova di residenza\u201d di almeno 12 mesi nel territorio dello Stato. Queste istanze, essendo concesse direttamente e attraverso una prerogativa del potere esecutivo \u2013 seppur coadiuvato da una agenzia esterna \u2013 non sono appellabili, n\u00e9 suscettibili di modifica in seguito ad un diniego, restando solo in capo al Ministero competente la responsabilit\u00e0 del procedimento.<\/p>\n<p>Gli stranieri che beneficiano di questa misura &#8211; va specificato &#8211; assumono in s\u00e9 una posizione giuridica assai pi\u00f9 vantaggiosa rispetto ad altre e similari categorie di soggetti ammessi nel territorio dello Stato. Si pensi, tra gli altri, ai titolari di permesso di soggiorno per soggiornanti di lungo periodo, esclusi da tutto un catalogo di diritti che, al contrario, sono riconosciuti ai cittadini. In ultimo, che ricadute ha una scelta di questo tipo sull\u2019integrit\u00e0 della cittadinanza europea? Certamente, il caso maltese accende i riflettori su una frontiera che risulta &#8211; <em>sic stantibus rebus<\/em> &#8211; invalicabile per l\u2019Unione: la decisione degli Stati Membri di considerare la cittadinanza UE come accessoria (vale a dire legata e non sostitutiva del titolo nazionale) non combacia con un altrettanto meccanismo di armonizzazione delle legislazioni nazionali. A ci\u00f2 si aggiunga che ogni Stato stabilisce le modalit\u00e0 di acquisto e perdita della propria cittadinanza, secondo una sua legittima potest\u00e0 (art. 3.1 della\u00a0<a href=\"https:\/\/www.coe.int\/it\/web\/conventions\/full-list\/-\/conventions\/rms\/090000168007f2c8\" class=\"broken_link\"><u>Convenzione europea sulla nazionalit\u00e0<\/u><\/a>). Dobbiamo, altres\u00ec, constatare l\u2019esigua presenza di strumenti normativi che consentono, al netto delle competenze espresse, un intervento da parte delle istituzioni europee in tal senso. Soltanto una pronuncia specifica da parte della Corte di Giustizia dell\u2019Unione europea, semmai si preavvisino i presupposti e qualora i giudici ne intravedano la necessit\u00e0, potrebbe cercare di delimitare o pi\u00f9 semplicemente individuare i contorni di questo fenomeno.<\/p>\n<p>Peraltro, nel Vecchio Continente questa scelta legislativa non \u00e8 isolata, n\u00e9 \u00e8 unica nel suo genere: similari provvedimenti sono rinvenibili nelle legislazioni di <a href=\"http:\/\/www.moi.gov.cy\/moi\/moi.nsf\/All\/36DB428D50A58C00C2257C1B00218CAB\">Cipro<\/a>, <a href=\"https:\/\/www.loc.gov\/law\/help\/investor-visas\/bulgaria.php\" class=\"broken_link\">Bulgaria<\/a>, <a href=\"http:\/\/www.comercio.es\/es-ES\/inversiones-exteriores\/programa-residencia-inversores-emprendedores\/Paginas\/default.aspx\" class=\"broken_link\">Spagna<\/a>, <a href=\"http:\/\/www.sef.pt\/portal\/v10\/en\/aspx\/apoiocliente\/detalheApoio.aspx?fromIndex=0&amp;id_Linha=6269\">Portogallo<\/a> e, seppur con qualche distinguo, anche in <a href=\"https:\/\/investmentmigration.org\/articles\/austrian-citizenship\/\">Austria<\/a>. Si tratta, come gi\u00e0 detto, di una visione assai estensiva del potere di naturalizzazione, con ricadute assai rilevanti anche sul piano del principio democratico e di pari trattamento dello straniero. Eppure, ci costringe a ragionare su come si sta evolvendo l\u2019essere cittadino in un contesto sempre pi\u00f9 svincolato dalla mera territorialit\u00e0 e dallo stesso concetto di confine. Che sia questa <em>citizenship-by-investment<\/em> una delle prime avvisaglie di una cittadinanza globale?<\/p>\n<p>Occorre, senza dubbio, molta cautela nel giudizio a riguardo: i diritti e i doveri restano e sono difficilmente coniugabili con ragioni di fabbisogno economico.<\/p>\n","protected":false},"excerpt":{"rendered":"<p>di Claudio Di Maio Negli ultimi mesi del 2013, il governo de La Valletta ha annunciato la creazione di un Programma individuale per gli investimenti (IIP) con l\u2019obiettivo di attrarre soggetti interessati a realizzare un impegno economico di medio o lungo periodo all\u2019interno del sistema finanziario maltese. Una scelta di politica economica che in s\u00e9 &#8230; <a title=\"MALTA &lt;br&gt; La cittadinanza maltese (e quella europea) \u00e8 in vendita?\" class=\"read-more\" href=\"https:\/\/www.lacostituzione.info\/index.php\/2018\/05\/13\/malta-la-cittadinanza-maltese-e-quella-europea-e-in-vendita\/\">Leggi tutto<\/a><\/p>\n<div class='heateorSssClear'><\/div><div  class='heateor_sss_sharing_container heateor_sss_horizontal_sharing' data-heateor-sss-href='https:\/\/www.lacostituzione.info\/index.php\/2018\/05\/13\/malta-la-cittadinanza-maltese-e-quella-europea-e-in-vendita\/'><div class='heateor_sss_sharing_title' style=\"font-weight:bold\" >Condividi!<\/div><div class=\"heateor_sss_sharing_ul\"><a aria-label=\"Facebook\" class=\"heateor_sss_facebook\" href=\"https:\/\/www.facebook.com\/sharer\/sharer.php?u=https%3A%2F%2Fwww.lacostituzione.info%2Findex.php%2F2018%2F05%2F13%2Fmalta-la-cittadinanza-maltese-e-quella-europea-e-in-vendita%2F\" title=\"Facebook\" rel=\"nofollow noopener\" target=\"_blank\" style=\"font-size:32px!important;box-shadow:none;display:inline-block;vertical-align:middle\"><span class=\"heateor_sss_svg\" style=\"background-color:#0765FE;width:35px;height:35px;display:inline-block;opacity:1;float:left;font-size:32px;box-shadow:none;display:inline-block;font-size:16px;padding:0 4px;vertical-align:middle;background-repeat:repeat;overflow:hidden;padding:0;cursor:pointer;box-sizing:content-box\"><svg style=\"display:block;\" focusable=\"false\" aria-hidden=\"true\" xmlns=\"http:\/\/www.w3.org\/2000\/svg\" width=\"100%\" height=\"100%\" viewBox=\"0 0 32 32\"><path fill=\"#fff\" d=\"M28 16c0-6.627-5.373-12-12-12S4 9.373 4 16c0 5.628 3.875 10.35 9.101 11.647v-7.98h-2.474V16H13.1v-1.58c0-4.085 1.849-5.978 5.859-5.978.76 0 2.072.15 2.608.298v3.325c-.283-.03-.775-.045-1.386-.045-1.967 0-2.728.745-2.728 2.683V16h3.92l-.673 3.667h-3.247v8.245C23.395 27.195 28 22.135 28 16Z\"><\/path><\/svg><\/span><\/a><a aria-label=\"Twitter\" class=\"heateor_sss_button_twitter\" href=\"https:\/\/twitter.com\/intent\/tweet?text=MALTA%20%3Cbr%3E%20La%20cittadinanza%20maltese%20%28e%20quella%20europea%29%20%C3%A8%20in%20vendita%3F&url=https%3A%2F%2Fwww.lacostituzione.info%2Findex.php%2F2018%2F05%2F13%2Fmalta-la-cittadinanza-maltese-e-quella-europea-e-in-vendita%2F\" title=\"Twitter\" rel=\"nofollow noopener\" target=\"_blank\" style=\"font-size:32px!important;box-shadow:none;display:inline-block;vertical-align:middle\"><span class=\"heateor_sss_svg heateor_sss_s__default heateor_sss_s_twitter\" style=\"background-color:#55acee;width:35px;height:35px;display:inline-block;opacity:1;float:left;font-size:32px;box-shadow:none;display:inline-block;font-size:16px;padding:0 4px;vertical-align:middle;background-repeat:repeat;overflow:hidden;padding:0;cursor:pointer;box-sizing:content-box\"><svg style=\"display:block;\" focusable=\"false\" aria-hidden=\"true\" xmlns=\"http:\/\/www.w3.org\/2000\/svg\" width=\"100%\" height=\"100%\" viewBox=\"-4 -4 39 39\"><path d=\"M28 8.557a9.913 9.913 0 0 1-2.828.775 4.93 4.93 0 0 0 2.166-2.725 9.738 9.738 0 0 1-3.13 1.194 4.92 4.92 0 0 0-3.593-1.55 4.924 4.924 0 0 0-4.794 6.049c-4.09-.21-7.72-2.17-10.15-5.15a4.942 4.942 0 0 0-.665 2.477c0 1.71.87 3.214 2.19 4.1a4.968 4.968 0 0 1-2.23-.616v.06c0 2.39 1.7 4.38 3.952 4.83-.414.115-.85.174-1.297.174-.318 0-.626-.03-.928-.086a4.935 4.935 0 0 0 4.6 3.42 9.893 9.893 0 0 1-6.114 2.107c-.398 0-.79-.023-1.175-.068a13.953 13.953 0 0 0 7.55 2.213c9.056 0 14.01-7.507 14.01-14.013 0-.213-.005-.426-.015-.637.96-.695 1.795-1.56 2.455-2.55z\" fill=\"#fff\"><\/path><\/svg><\/span><\/a><a aria-label=\"Reddit\" class=\"heateor_sss_button_reddit\" href=\"https:\/\/reddit.com\/submit?url=https%3A%2F%2Fwww.lacostituzione.info%2Findex.php%2F2018%2F05%2F13%2Fmalta-la-cittadinanza-maltese-e-quella-europea-e-in-vendita%2F&title=MALTA%20%3Cbr%3E%20La%20cittadinanza%20maltese%20%28e%20quella%20europea%29%20%C3%A8%20in%20vendita%3F\" title=\"Reddit\" rel=\"nofollow noopener\" target=\"_blank\" style=\"font-size:32px!important;box-shadow:none;display:inline-block;vertical-align:middle\"><span class=\"heateor_sss_svg heateor_sss_s__default heateor_sss_s_reddit\" style=\"background-color:#ff5700;width:35px;height:35px;display:inline-block;opacity:1;float:left;font-size:32px;box-shadow:none;display:inline-block;font-size:16px;padding:0 4px;vertical-align:middle;background-repeat:repeat;overflow:hidden;padding:0;cursor:pointer;box-sizing:content-box\"><svg style=\"display:block;\" focusable=\"false\" aria-hidden=\"true\" xmlns=\"http:\/\/www.w3.org\/2000\/svg\" width=\"100%\" height=\"100%\" viewBox=\"-3.5 -3.5 39 39\"><path d=\"M28.543 15.774a2.953 2.953 0 0 0-2.951-2.949 2.882 2.882 0 0 0-1.9.713 14.075 14.075 0 0 0-6.85-2.044l1.38-4.349 3.768.884a2.452 2.452 0 1 0 .24-1.176l-4.274-1a.6.6 0 0 0-.709.4l-1.659 5.224a14.314 14.314 0 0 0-7.316 2.029 2.908 2.908 0 0 0-1.872-.681 2.942 2.942 0 0 0-1.618 5.4 5.109 5.109 0 0 0-.062.765c0 4.158 5.037 7.541 11.229 7.541s11.22-3.383 11.22-7.541a5.2 5.2 0 0 0-.053-.706 2.963 2.963 0 0 0 1.427-2.51zm-18.008 1.88a1.753 1.753 0 0 1 1.73-1.74 1.73 1.73 0 0 1 1.709 1.74 1.709 1.709 0 0 1-1.709 1.711 1.733 1.733 0 0 1-1.73-1.711zm9.565 4.968a5.573 5.573 0 0 1-4.081 1.272h-.032a5.576 5.576 0 0 1-4.087-1.272.6.6 0 0 1 .844-.854 4.5 4.5 0 0 0 3.238.927h.032a4.5 4.5 0 0 0 3.237-.927.6.6 0 1 1 .844.854zm-.331-3.256a1.726 1.726 0 1 1 1.709-1.712 1.717 1.717 0 0 1-1.712 1.712z\" fill=\"#fff\"\/><\/svg><\/span><\/a><a aria-label=\"Linkedin\" class=\"heateor_sss_button_linkedin\" href=\"https:\/\/www.linkedin.com\/sharing\/share-offsite\/?url=https%3A%2F%2Fwww.lacostituzione.info%2Findex.php%2F2018%2F05%2F13%2Fmalta-la-cittadinanza-maltese-e-quella-europea-e-in-vendita%2F\" title=\"Linkedin\" rel=\"nofollow noopener\" target=\"_blank\" style=\"font-size:32px!important;box-shadow:none;display:inline-block;vertical-align:middle\"><span class=\"heateor_sss_svg heateor_sss_s__default heateor_sss_s_linkedin\" style=\"background-color:#0077b5;width:35px;height:35px;display:inline-block;opacity:1;float:left;font-size:32px;box-shadow:none;display:inline-block;font-size:16px;padding:0 4px;vertical-align:middle;background-repeat:repeat;overflow:hidden;padding:0;cursor:pointer;box-sizing:content-box\"><svg style=\"display:block;\" focusable=\"false\" aria-hidden=\"true\" xmlns=\"http:\/\/www.w3.org\/2000\/svg\" width=\"100%\" height=\"100%\" viewBox=\"0 0 32 32\"><path d=\"M6.227 12.61h4.19v13.48h-4.19V12.61zm2.095-6.7a2.43 2.43 0 0 1 0 4.86c-1.344 0-2.428-1.09-2.428-2.43s1.084-2.43 2.428-2.43m4.72 6.7h4.02v1.84h.058c.56-1.058 1.927-2.176 3.965-2.176 4.238 0 5.02 2.792 5.02 6.42v7.395h-4.183v-6.56c0-1.564-.03-3.574-2.178-3.574-2.18 0-2.514 1.7-2.514 3.46v6.668h-4.187V12.61z\" fill=\"#fff\"><\/path><\/svg><\/span><\/a><a aria-label=\"Pinterest\" class=\"heateor_sss_button_pinterest\" href=\"https:\/\/www.lacostituzione.info\/index.php\/2018\/05\/13\/malta-la-cittadinanza-maltese-e-quella-europea-e-in-vendita\/\" onclick=\"event.preventDefault();javascript:void( (function() {var e=document.createElement('script' );e.setAttribute('type','text\/javascript' );e.setAttribute('charset','UTF-8' );e.setAttribute('src','\/\/assets.pinterest.com\/js\/pinmarklet.js?r='+Math.random()*99999999);document.body.appendChild(e)})());\" title=\"Pinterest\" rel=\"noopener\" style=\"font-size:32px!important;box-shadow:none;display:inline-block;vertical-align:middle\"><span class=\"heateor_sss_svg heateor_sss_s__default heateor_sss_s_pinterest\" style=\"background-color:#cc2329;width:35px;height:35px;display:inline-block;opacity:1;float:left;font-size:32px;box-shadow:none;display:inline-block;font-size:16px;padding:0 4px;vertical-align:middle;background-repeat:repeat;overflow:hidden;padding:0;cursor:pointer;box-sizing:content-box\"><svg style=\"display:block;\" focusable=\"false\" aria-hidden=\"true\" xmlns=\"http:\/\/www.w3.org\/2000\/svg\" width=\"100%\" height=\"100%\" viewBox=\"-2 -2 35 35\"><path fill=\"#fff\" d=\"M16.539 4.5c-6.277 0-9.442 4.5-9.442 8.253 0 2.272.86 4.293 2.705 5.046.303.125.574.005.662-.33.061-.231.205-.816.27-1.06.088-.331.053-.447-.191-.736-.532-.627-.873-1.439-.873-2.591 0-3.338 2.498-6.327 6.505-6.327 3.548 0 5.497 2.168 5.497 5.062 0 3.81-1.686 7.025-4.188 7.025-1.382 0-2.416-1.142-2.085-2.545.397-1.674 1.166-3.48 1.166-4.689 0-1.081-.581-1.983-1.782-1.983-1.413 0-2.548 1.462-2.548 3.419 0 1.247.421 2.091.421 2.091l-1.699 7.199c-.505 2.137-.076 4.755-.039 5.019.021.158.223.196.314.077.13-.17 1.813-2.247 2.384-4.324.162-.587.929-3.631.929-3.631.46.876 1.801 1.646 3.227 1.646 4.247 0 7.128-3.871 7.128-9.053.003-3.918-3.317-7.568-8.361-7.568z\"\/><\/svg><\/span><\/a><a aria-label=\"Whatsapp\" class=\"heateor_sss_whatsapp\" href=\"https:\/\/api.whatsapp.com\/send?text=MALTA%20%3Cbr%3E%20La%20cittadinanza%20maltese%20%28e%20quella%20europea%29%20%C3%A8%20in%20vendita%3F%20https%3A%2F%2Fwww.lacostituzione.info%2Findex.php%2F2018%2F05%2F13%2Fmalta-la-cittadinanza-maltese-e-quella-europea-e-in-vendita%2F\" title=\"Whatsapp\" rel=\"nofollow noopener\" target=\"_blank\" style=\"font-size:32px!important;box-shadow:none;display:inline-block;vertical-align:middle\"><span class=\"heateor_sss_svg\" style=\"background-color:#55eb4c;width:35px;height:35px;display:inline-block;opacity:1;float:left;font-size:32px;box-shadow:none;display:inline-block;font-size:16px;padding:0 4px;vertical-align:middle;background-repeat:repeat;overflow:hidden;padding:0;cursor:pointer;box-sizing:content-box\"><svg style=\"display:block;\" focusable=\"false\" aria-hidden=\"true\" xmlns=\"http:\/\/www.w3.org\/2000\/svg\" width=\"100%\" height=\"100%\" viewBox=\"-6 -5 40 40\"><path class=\"heateor_sss_svg_stroke heateor_sss_no_fill\" stroke=\"#fff\" stroke-width=\"2\" fill=\"none\" d=\"M 11.579798566743314 24.396926207859085 A 10 10 0 1 0 6.808479557110079 20.73576436351046\"><\/path><path d=\"M 7 19 l -1 6 l 6 -1\" class=\"heateor_sss_no_fill heateor_sss_svg_stroke\" stroke=\"#fff\" stroke-width=\"2\" fill=\"none\"><\/path><path d=\"M 10 10 q -1 8 8 11 c 5 -1 0 -6 -1 -3 q -4 -3 -5 -5 c 4 -2 -1 -5 -1 -4\" fill=\"#fff\"><\/path><\/svg><\/span><\/a><\/div><div class=\"heateorSssClear\"><\/div><\/div><div class='heateorSssClear'><\/div>","protected":false},"author":1,"featured_media":0,"comment_status":"open","ping_status":"open","sticky":false,"template":"","format":"standard","meta":{"jetpack_post_was_ever_published":false,"_jetpack_newsletter_access":"","_jetpack_dont_email_post_to_subs":false,"_jetpack_newsletter_tier_id":0,"_jetpack_memberships_contains_paywalled_content":false,"_jetpack_memberships_contains_paid_content":false,"footnotes":"","jetpack_publicize_message":"","jetpack_publicize_feature_enabled":true,"jetpack_social_post_already_shared":true,"jetpack_social_options":{"image_generator_settings":{"template":"highway","default_image_id":0,"enabled":false},"version":2}},"categories":[5],"tags":[1198,309,1197,1199,94],"class_list":["post-5098","post","type-post","status-publish","format-standard","hentry","category-lavori-in-corso","tag-cittadinanza","tag-commissione-europea","tag-malta","tag-residenza","tag-unione-europea"],"jetpack_publicize_connections":[],"jetpack_featured_media_url":"","jetpack_shortlink":"https:\/\/wp.me\/p84sDq-1ke","jetpack_likes_enabled":true,"jetpack_sharing_enabled":true,"_links":{"self":[{"href":"https:\/\/www.lacostituzione.info\/index.php\/wp-json\/wp\/v2\/posts\/5098","targetHints":{"allow":["GET"]}}],"collection":[{"href":"https:\/\/www.lacostituzione.info\/index.php\/wp-json\/wp\/v2\/posts"}],"about":[{"href":"https:\/\/www.lacostituzione.info\/index.php\/wp-json\/wp\/v2\/types\/post"}],"author":[{"embeddable":true,"href":"https:\/\/www.lacostituzione.info\/index.php\/wp-json\/wp\/v2\/users\/1"}],"replies":[{"embeddable":true,"href":"https:\/\/www.lacostituzione.info\/index.php\/wp-json\/wp\/v2\/comments?post=5098"}],"version-history":[{"count":0,"href":"https:\/\/www.lacostituzione.info\/index.php\/wp-json\/wp\/v2\/posts\/5098\/revisions"}],"wp:attachment":[{"href":"https:\/\/www.lacostituzione.info\/index.php\/wp-json\/wp\/v2\/media?parent=5098"}],"wp:term":[{"taxonomy":"category","embeddable":true,"href":"https:\/\/www.lacostituzione.info\/index.php\/wp-json\/wp\/v2\/categories?post=5098"},{"taxonomy":"post_tag","embeddable":true,"href":"https:\/\/www.lacostituzione.info\/index.php\/wp-json\/wp\/v2\/tags?post=5098"}],"curies":[{"name":"wp","href":"https:\/\/api.w.org\/{rel}","templated":true}]}}