{"id":5103,"date":"2018-05-15T17:11:45","date_gmt":"2018-05-15T15:11:45","guid":{"rendered":"http:\/\/www.lacostituzione.info\/?p=5103"},"modified":"2018-05-17T00:54:07","modified_gmt":"2018-05-16T22:54:07","slug":"che-ne-capisce-di-diritto-costituzionale-lelefantino","status":"publish","type":"post","link":"https:\/\/www.lacostituzione.info\/index.php\/2018\/05\/15\/che-ne-capisce-di-diritto-costituzionale-lelefantino\/","title":{"rendered":"Che ne capisce di diritto costituzionale l&#8217;Elefantino?"},"content":{"rendered":"<p><img loading=\"lazy\" decoding=\"async\" data-attachment-id=\"5105\" data-permalink=\"https:\/\/www.lacostituzione.info\/index.php\/2018\/05\/15\/che-ne-capisce-di-diritto-costituzionale-lelefantino\/giuliano-ferrara-beppe-grillo\/#main\" data-orig-file=\"https:\/\/www.lacostituzione.info\/wp-content\/uploads\/2018\/05\/giuliano-ferrara-beppe-grillo.jpg\" data-orig-size=\"2160,1440\" data-comments-opened=\"1\" data-image-meta=\"{&quot;aperture&quot;:&quot;0&quot;,&quot;credit&quot;:&quot;LaPresse\\\/Roberto Monaldo&quot;,&quot;camera&quot;:&quot;&quot;,&quot;caption&quot;:&quot;&quot;,&quot;created_timestamp&quot;:&quot;0&quot;,&quot;copyright&quot;:&quot;&quot;,&quot;focal_length&quot;:&quot;0&quot;,&quot;iso&quot;:&quot;0&quot;,&quot;shutter_speed&quot;:&quot;0&quot;,&quot;title&quot;:&quot;&quot;,&quot;orientation&quot;:&quot;0&quot;}\" data-image-title=\"giuliano-ferrara-beppe-grillo\" data-image-description=\"\" data-image-caption=\"\" data-medium-file=\"https:\/\/www.lacostituzione.info\/wp-content\/uploads\/2018\/05\/giuliano-ferrara-beppe-grillo-300x200.jpg\" data-large-file=\"https:\/\/www.lacostituzione.info\/wp-content\/uploads\/2018\/05\/giuliano-ferrara-beppe-grillo-1024x683.jpg\" class=\"alignright size-medium wp-image-5105\" src=\"http:\/\/www.lacostituzione.info\/wp-content\/uploads\/2018\/05\/giuliano-ferrara-beppe-grillo-300x200.jpg\" alt=\"\" width=\"300\" height=\"200\" srcset=\"https:\/\/www.lacostituzione.info\/wp-content\/uploads\/2018\/05\/giuliano-ferrara-beppe-grillo-300x200.jpg 300w, https:\/\/www.lacostituzione.info\/wp-content\/uploads\/2018\/05\/giuliano-ferrara-beppe-grillo-768x512.jpg 768w, https:\/\/www.lacostituzione.info\/wp-content\/uploads\/2018\/05\/giuliano-ferrara-beppe-grillo-1024x683.jpg 1024w\" sizes=\"auto, (max-width: 300px) 100vw, 300px\" \/>di <strong><abbr class='c2c-text-hover' title='Professore ordinario di Diritto costituzionale - Universit\u00e0 di Ferrara'>Roberto Bin<\/abbr><\/strong><\/p>\n<p>Ne <em>Il Foglio<\/em> di ieri, 14 maggio, l\u2019Elefantino \u2013 cio\u00e8 il direttore, pardon il fondatore, Giuliano Ferrara \u2013 ci offre un bel saggio di come si possa torcere la Costituzione al servizio della disinformazione. Commento durissimo sul presidente Mattarella: \u00ab\u00c8 in corso una evidente violazione della Costituzione\u00bb, esordisce Ferrara. Chi ne \u00e8 il responsabile? Il capo dello Stato, che avrebbe violato \u00abil compito di custodire la regola di base della Repubblica\u00bb. Quale? \u00abil diritto e dovere del Quirinale (di) nominare il capo del governo e, su sua proposta, i ministri\u00bb.<!--more--><\/p>\n<p>Effettivamente questa \u00e8 la funzione che l\u2019<a href=\"http:\/\/www.governo.it\/costituzione-italiana\/parte-seconda-ordinamento-della-repubblica\/titolo-iii-il-governo\/2854\">art. 92.2 Cost.<\/a> assegna al Presidente. Come debba svolgerlo per\u00f2 la Costituzione non lo dice (e per ci\u00f2 va lodata, a mio avviso). Ma ce lo dicono i commentatori e la prassi seguita da sempre: il Presidente non \u00e8 totalmente libero di nominare chi vuole (checch\u00e9 sembri credere Ferrara), perch\u00e9 la sua discrezionalit\u00e0 \u00e8 vincolata ad un fine preciso, nominare un Governo che entro 10 giorni sia in grado di chiedere e ottenere la fiducia delle Camere. Per fare questo si \u00e8 sempre seguita la prassi delle consultazioni. I soggetti consultati \u2013 \u00e8 bene sottolinearlo, come poi vedremo &#8211; sono i<em> gruppi parlamentari<\/em>, non direttamente i partiti, che sono semplici associazioni private; la loro \u00abemersione istituzionale\u00bb sono appunto i gruppi, gli unici soggetti che possono essere consultati dall\u2019Istituzione\u2013Presidente della Repubblica per decidere chi debba creare l\u2019altra Istituzione\u2013Governo; sono i gruppi a portare la voce della terza Istituzione\u2013Parlamento nella quale si auspica si formi una maggioranza politica che guider\u00e0 la scelta del capo dello Stato. Le forme sono sostanza. I segretari dei partiti non sono gli invitati, ma semplicemente completano (e \u201cguidano\u201d come riferisce la stampa) la \u201cdelegazione\u201d dei partiti.<\/p>\n<p>Allora qual \u00e8 il torto di Sergio Mattarella? Sarebbe quello di non assolvere correttamente il compito, ma assumere un atteggiamento \u00abdilatorio e neghittoso\u00bb, dando spazio a \u00abnegoziati basso-partitici\u00bb, destinati a culminare con un \u00abpronunciamento paragolpista di una societ\u00e0 di marketing politico privato intitolata a Rousseau\u00bb. Non mi pare che Ferrara avesse usato gli stessi toni quando Berlusconi, ai suoi esordi, affid\u00f2 alla rete di vendita della sua ditta il compito di organizzare il partito sul territorio e di selezionare i candidati. No, anzi accett\u00f2 di buon grado di fare il ministro nel suo primo Governo. Ma non \u00e8 questo il punto.<\/p>\n<p>Secondo Ferrara, Mattarella non solo potrebbe dare l\u2019incarico a chiunque gli piaccia, ma ha il dovere di farlo: \u00abnon pu\u00f2 assentarsi nella dilazione\u00bb, lasciando che i due (presunti) vincitori delle elezioni \u00abfacciano come gli piace, a scorno e al di fuori delle norme costituzionali, concordando direttamente e senza la sua capacit\u00e0 di decisione il nome di un Presidente del Consiglio\u00bb. Ma davvero altre sono le modalit\u00e0 con cui deve svolgersi la procedura di designazione della persona da proporre a Mattarella per l\u2019incarico di formare il Governo? Cio\u00e8, pur essendoci una maggioranza politica che si \u00e8 formata (in ipotesi, \u00e8 ovvio) in sede di trattativa politica (e dove se no?), il Presidente della Repubblica dovrebbe e potrebbe decidere lui a chi affidare l\u2019incarico, disinteressandosi di ci\u00f2 che stanno negoziando i partiti che rappresentano la (possibile) maggioranza? Sarebbe questo \u2013 cito sempre Ferrara \u2013 il \u00abpotere giuridicamente fondato nella Carta, decisivo agli effetti del funzionamento della Repubblica e di preservazione del suo carattere democratico\u00bb?<\/p>\n<p>No, non \u00e8 di questo che ci parla l\u2019Elefantino. L\u2019idea \u00e8 un\u2019altra e ben precisa. Eccola qui: anche se ci fosse un sistema maggioritario \u2013 capace di indicare, il giorno dopo le elezioni, chi ha vinto \u2013 anche in questo caso solo l\u2019incarico da parte del Presidente della Repubblica conferirebbe \u00ablegittimit\u00e0 politica piena a operare per la formazione di un esecutivo\u00bb. Non il voto degli elettori, ma l\u2019atto presidenziale che conferisce l\u2019incarico legittimerebbe dunque il prescelto a proporre il governo. Ci\u00f2 varrebbe ancor di pi\u00f9 con il sistema elettorale attuale &#8211; e con i risultati delle votazioni che si sono avuti \u2013 perch\u00e9 non si pu\u00f2 \u00ablasciare che a decidere del governo, in assenza di una scelta politica del capo dello stato\u00bb siano i leader delle forze politiche. Chi allora? Semplice, lo stesso capo dello stato!<\/p>\n<p>Capisco, la situazione \u00e8 difficile: abbiamo un partito \u2013 e un <em>gruppo parlamentare<\/em> \u2013 che ha la maggioranza relativa in entrambe le Camere, e una <em>coalizione<\/em> \u2013 che per\u00f2 si divide equamente tra <em>due<\/em> <em>gruppi parlamentari<\/em> \u2013 che ha conquistato la maggioranza dei seggi. Non solo per tradizione, ma per rispetto dei risultati delle elezioni \u00e8 a chi detiene la maggioranza relativa che va formulato per primo l\u2019invito a formare il Governo, sia esso un gruppo parlamentare oppure una coalizione. La formazione di una maggioranza pu\u00f2 comportare una lunga trattativa, \u00e8 ovvio; ma pu\u00f2 consigliare, anzi, imporre al Presidente della Repubblica di ignorare l\u2019uno e l\u2019altra (il gruppo e la coalizione maggioritari) anche se essi dichiarano che stanno saldando un patto di maggioranza? e potrebbe, anzi dovrebbe, spingerlo ad agire lui direttamente, interrompendo \u00abuna trattativa integralmente extracostituzionale\u00bb tra i partiti, che rappresenta una sua \u00abrinuncia alla funzione di guida istituzionale che tradisce, dico tradisce, lo spirito e la lettera della Carta\u00bb?<\/p>\n<p>\u00abQuesta, caro presidente, non \u00e8 pi\u00f9 una Repubblica bene ordinata, non \u00e8 pi\u00f9 una democrazia guidata da norme\u00bb, conclude Ferrara. Non sembra un po\u2019 l\u2019invito ad una svolta autoritaria? No, non c\u2019\u00e8 da temerlo, perch\u00e9 per fortuna non va pi\u00f9 di moda. E poi, per fortuna, abbiamo nel Presidente della Repubblica un buon presidio contro la minaccia di un attacco degli elefantini.<\/p>\n<p>&nbsp;<\/p>\n<p>&nbsp;<\/p>\n<p>&nbsp;<\/p>\n","protected":false},"excerpt":{"rendered":"<p>di <abbr class='c2c-text-hover' title='Professore ordinario di Diritto costituzionale - Universit\u00e0 di Ferrara'>Roberto Bin<\/abbr> Ne Il Foglio di ieri, 14 maggio, l\u2019Elefantino \u2013 cio\u00e8 il direttore, pardon il fondatore, Giuliano Ferrara \u2013 ci offre un bel saggio di come si possa torcere la Costituzione al servizio della disinformazione. Commento durissimo sul presidente Mattarella: \u00ab\u00c8 in corso una evidente violazione della Costituzione\u00bb, esordisce Ferrara. Chi ne \u00e8 &#8230; <a title=\"Che ne capisce di diritto costituzionale l&#8217;Elefantino?\" class=\"read-more\" href=\"https:\/\/www.lacostituzione.info\/index.php\/2018\/05\/15\/che-ne-capisce-di-diritto-costituzionale-lelefantino\/\">Leggi tutto<\/a><\/p>\n<div class='heateorSssClear'><\/div><div  class='heateor_sss_sharing_container heateor_sss_horizontal_sharing' data-heateor-sss-href='https:\/\/www.lacostituzione.info\/index.php\/2018\/05\/15\/che-ne-capisce-di-diritto-costituzionale-lelefantino\/'><div class='heateor_sss_sharing_title' style=\"font-weight:bold\" >Condividi!<\/div><div class=\"heateor_sss_sharing_ul\"><a aria-label=\"Facebook\" class=\"heateor_sss_facebook\" href=\"https:\/\/www.facebook.com\/sharer\/sharer.php?u=https%3A%2F%2Fwww.lacostituzione.info%2Findex.php%2F2018%2F05%2F15%2Fche-ne-capisce-di-diritto-costituzionale-lelefantino%2F\" title=\"Facebook\" rel=\"nofollow noopener\" target=\"_blank\" style=\"font-size:32px!important;box-shadow:none;display:inline-block;vertical-align:middle\"><span class=\"heateor_sss_svg\" style=\"background-color:#0765FE;width:35px;height:35px;display:inline-block;opacity:1;float:left;font-size:32px;box-shadow:none;display:inline-block;font-size:16px;padding:0 4px;vertical-align:middle;background-repeat:repeat;overflow:hidden;padding:0;cursor:pointer;box-sizing:content-box\"><svg style=\"display:block;\" focusable=\"false\" aria-hidden=\"true\" xmlns=\"http:\/\/www.w3.org\/2000\/svg\" width=\"100%\" height=\"100%\" viewBox=\"0 0 32 32\"><path fill=\"#fff\" d=\"M28 16c0-6.627-5.373-12-12-12S4 9.373 4 16c0 5.628 3.875 10.35 9.101 11.647v-7.98h-2.474V16H13.1v-1.58c0-4.085 1.849-5.978 5.859-5.978.76 0 2.072.15 2.608.298v3.325c-.283-.03-.775-.045-1.386-.045-1.967 0-2.728.745-2.728 2.683V16h3.92l-.673 3.667h-3.247v8.245C23.395 27.195 28 22.135 28 16Z\"><\/path><\/svg><\/span><\/a><a aria-label=\"Twitter\" class=\"heateor_sss_button_twitter\" href=\"https:\/\/twitter.com\/intent\/tweet?text=Che%20ne%20capisce%20di%20diritto%20costituzionale%20l%27Elefantino%3F&url=https%3A%2F%2Fwww.lacostituzione.info%2Findex.php%2F2018%2F05%2F15%2Fche-ne-capisce-di-diritto-costituzionale-lelefantino%2F\" title=\"Twitter\" rel=\"nofollow noopener\" target=\"_blank\" style=\"font-size:32px!important;box-shadow:none;display:inline-block;vertical-align:middle\"><span class=\"heateor_sss_svg heateor_sss_s__default heateor_sss_s_twitter\" style=\"background-color:#55acee;width:35px;height:35px;display:inline-block;opacity:1;float:left;font-size:32px;box-shadow:none;display:inline-block;font-size:16px;padding:0 4px;vertical-align:middle;background-repeat:repeat;overflow:hidden;padding:0;cursor:pointer;box-sizing:content-box\"><svg style=\"display:block;\" focusable=\"false\" aria-hidden=\"true\" xmlns=\"http:\/\/www.w3.org\/2000\/svg\" width=\"100%\" height=\"100%\" viewBox=\"-4 -4 39 39\"><path d=\"M28 8.557a9.913 9.913 0 0 1-2.828.775 4.93 4.93 0 0 0 2.166-2.725 9.738 9.738 0 0 1-3.13 1.194 4.92 4.92 0 0 0-3.593-1.55 4.924 4.924 0 0 0-4.794 6.049c-4.09-.21-7.72-2.17-10.15-5.15a4.942 4.942 0 0 0-.665 2.477c0 1.71.87 3.214 2.19 4.1a4.968 4.968 0 0 1-2.23-.616v.06c0 2.39 1.7 4.38 3.952 4.83-.414.115-.85.174-1.297.174-.318 0-.626-.03-.928-.086a4.935 4.935 0 0 0 4.6 3.42 9.893 9.893 0 0 1-6.114 2.107c-.398 0-.79-.023-1.175-.068a13.953 13.953 0 0 0 7.55 2.213c9.056 0 14.01-7.507 14.01-14.013 0-.213-.005-.426-.015-.637.96-.695 1.795-1.56 2.455-2.55z\" fill=\"#fff\"><\/path><\/svg><\/span><\/a><a aria-label=\"Reddit\" class=\"heateor_sss_button_reddit\" href=\"https:\/\/reddit.com\/submit?url=https%3A%2F%2Fwww.lacostituzione.info%2Findex.php%2F2018%2F05%2F15%2Fche-ne-capisce-di-diritto-costituzionale-lelefantino%2F&title=Che%20ne%20capisce%20di%20diritto%20costituzionale%20l%27Elefantino%3F\" title=\"Reddit\" rel=\"nofollow noopener\" target=\"_blank\" style=\"font-size:32px!important;box-shadow:none;display:inline-block;vertical-align:middle\"><span class=\"heateor_sss_svg heateor_sss_s__default heateor_sss_s_reddit\" style=\"background-color:#ff5700;width:35px;height:35px;display:inline-block;opacity:1;float:left;font-size:32px;box-shadow:none;display:inline-block;font-size:16px;padding:0 4px;vertical-align:middle;background-repeat:repeat;overflow:hidden;padding:0;cursor:pointer;box-sizing:content-box\"><svg style=\"display:block;\" focusable=\"false\" aria-hidden=\"true\" xmlns=\"http:\/\/www.w3.org\/2000\/svg\" width=\"100%\" height=\"100%\" viewBox=\"-3.5 -3.5 39 39\"><path d=\"M28.543 15.774a2.953 2.953 0 0 0-2.951-2.949 2.882 2.882 0 0 0-1.9.713 14.075 14.075 0 0 0-6.85-2.044l1.38-4.349 3.768.884a2.452 2.452 0 1 0 .24-1.176l-4.274-1a.6.6 0 0 0-.709.4l-1.659 5.224a14.314 14.314 0 0 0-7.316 2.029 2.908 2.908 0 0 0-1.872-.681 2.942 2.942 0 0 0-1.618 5.4 5.109 5.109 0 0 0-.062.765c0 4.158 5.037 7.541 11.229 7.541s11.22-3.383 11.22-7.541a5.2 5.2 0 0 0-.053-.706 2.963 2.963 0 0 0 1.427-2.51zm-18.008 1.88a1.753 1.753 0 0 1 1.73-1.74 1.73 1.73 0 0 1 1.709 1.74 1.709 1.709 0 0 1-1.709 1.711 1.733 1.733 0 0 1-1.73-1.711zm9.565 4.968a5.573 5.573 0 0 1-4.081 1.272h-.032a5.576 5.576 0 0 1-4.087-1.272.6.6 0 0 1 .844-.854 4.5 4.5 0 0 0 3.238.927h.032a4.5 4.5 0 0 0 3.237-.927.6.6 0 1 1 .844.854zm-.331-3.256a1.726 1.726 0 1 1 1.709-1.712 1.717 1.717 0 0 1-1.712 1.712z\" fill=\"#fff\"\/><\/svg><\/span><\/a><a aria-label=\"Linkedin\" class=\"heateor_sss_button_linkedin\" href=\"https:\/\/www.linkedin.com\/sharing\/share-offsite\/?url=https%3A%2F%2Fwww.lacostituzione.info%2Findex.php%2F2018%2F05%2F15%2Fche-ne-capisce-di-diritto-costituzionale-lelefantino%2F\" title=\"Linkedin\" rel=\"nofollow noopener\" target=\"_blank\" style=\"font-size:32px!important;box-shadow:none;display:inline-block;vertical-align:middle\"><span class=\"heateor_sss_svg heateor_sss_s__default heateor_sss_s_linkedin\" style=\"background-color:#0077b5;width:35px;height:35px;display:inline-block;opacity:1;float:left;font-size:32px;box-shadow:none;display:inline-block;font-size:16px;padding:0 4px;vertical-align:middle;background-repeat:repeat;overflow:hidden;padding:0;cursor:pointer;box-sizing:content-box\"><svg style=\"display:block;\" focusable=\"false\" aria-hidden=\"true\" xmlns=\"http:\/\/www.w3.org\/2000\/svg\" width=\"100%\" height=\"100%\" viewBox=\"0 0 32 32\"><path d=\"M6.227 12.61h4.19v13.48h-4.19V12.61zm2.095-6.7a2.43 2.43 0 0 1 0 4.86c-1.344 0-2.428-1.09-2.428-2.43s1.084-2.43 2.428-2.43m4.72 6.7h4.02v1.84h.058c.56-1.058 1.927-2.176 3.965-2.176 4.238 0 5.02 2.792 5.02 6.42v7.395h-4.183v-6.56c0-1.564-.03-3.574-2.178-3.574-2.18 0-2.514 1.7-2.514 3.46v6.668h-4.187V12.61z\" fill=\"#fff\"><\/path><\/svg><\/span><\/a><a aria-label=\"Pinterest\" class=\"heateor_sss_button_pinterest\" href=\"https:\/\/www.lacostituzione.info\/index.php\/2018\/05\/15\/che-ne-capisce-di-diritto-costituzionale-lelefantino\/\" onclick=\"event.preventDefault();javascript:void( (function() {var e=document.createElement('script' );e.setAttribute('type','text\/javascript' );e.setAttribute('charset','UTF-8' );e.setAttribute('src','\/\/assets.pinterest.com\/js\/pinmarklet.js?r='+Math.random()*99999999);document.body.appendChild(e)})());\" title=\"Pinterest\" rel=\"noopener\" style=\"font-size:32px!important;box-shadow:none;display:inline-block;vertical-align:middle\"><span class=\"heateor_sss_svg heateor_sss_s__default heateor_sss_s_pinterest\" style=\"background-color:#cc2329;width:35px;height:35px;display:inline-block;opacity:1;float:left;font-size:32px;box-shadow:none;display:inline-block;font-size:16px;padding:0 4px;vertical-align:middle;background-repeat:repeat;overflow:hidden;padding:0;cursor:pointer;box-sizing:content-box\"><svg style=\"display:block;\" focusable=\"false\" aria-hidden=\"true\" xmlns=\"http:\/\/www.w3.org\/2000\/svg\" width=\"100%\" height=\"100%\" viewBox=\"-2 -2 35 35\"><path fill=\"#fff\" d=\"M16.539 4.5c-6.277 0-9.442 4.5-9.442 8.253 0 2.272.86 4.293 2.705 5.046.303.125.574.005.662-.33.061-.231.205-.816.27-1.06.088-.331.053-.447-.191-.736-.532-.627-.873-1.439-.873-2.591 0-3.338 2.498-6.327 6.505-6.327 3.548 0 5.497 2.168 5.497 5.062 0 3.81-1.686 7.025-4.188 7.025-1.382 0-2.416-1.142-2.085-2.545.397-1.674 1.166-3.48 1.166-4.689 0-1.081-.581-1.983-1.782-1.983-1.413 0-2.548 1.462-2.548 3.419 0 1.247.421 2.091.421 2.091l-1.699 7.199c-.505 2.137-.076 4.755-.039 5.019.021.158.223.196.314.077.13-.17 1.813-2.247 2.384-4.324.162-.587.929-3.631.929-3.631.46.876 1.801 1.646 3.227 1.646 4.247 0 7.128-3.871 7.128-9.053.003-3.918-3.317-7.568-8.361-7.568z\"\/><\/svg><\/span><\/a><a aria-label=\"Whatsapp\" class=\"heateor_sss_whatsapp\" href=\"https:\/\/api.whatsapp.com\/send?text=Che%20ne%20capisce%20di%20diritto%20costituzionale%20l%27Elefantino%3F%20https%3A%2F%2Fwww.lacostituzione.info%2Findex.php%2F2018%2F05%2F15%2Fche-ne-capisce-di-diritto-costituzionale-lelefantino%2F\" title=\"Whatsapp\" rel=\"nofollow noopener\" target=\"_blank\" style=\"font-size:32px!important;box-shadow:none;display:inline-block;vertical-align:middle\"><span class=\"heateor_sss_svg\" style=\"background-color:#55eb4c;width:35px;height:35px;display:inline-block;opacity:1;float:left;font-size:32px;box-shadow:none;display:inline-block;font-size:16px;padding:0 4px;vertical-align:middle;background-repeat:repeat;overflow:hidden;padding:0;cursor:pointer;box-sizing:content-box\"><svg style=\"display:block;\" focusable=\"false\" aria-hidden=\"true\" xmlns=\"http:\/\/www.w3.org\/2000\/svg\" width=\"100%\" height=\"100%\" viewBox=\"-6 -5 40 40\"><path class=\"heateor_sss_svg_stroke heateor_sss_no_fill\" stroke=\"#fff\" stroke-width=\"2\" fill=\"none\" d=\"M 11.579798566743314 24.396926207859085 A 10 10 0 1 0 6.808479557110079 20.73576436351046\"><\/path><path d=\"M 7 19 l -1 6 l 6 -1\" class=\"heateor_sss_no_fill heateor_sss_svg_stroke\" stroke=\"#fff\" stroke-width=\"2\" fill=\"none\"><\/path><path d=\"M 10 10 q -1 8 8 11 c 5 -1 0 -6 -1 -3 q -4 -3 -5 -5 c 4 -2 -1 -5 -1 -4\" fill=\"#fff\"><\/path><\/svg><\/span><\/a><\/div><div class=\"heateorSssClear\"><\/div><\/div><div class='heateorSssClear'><\/div>","protected":false},"author":3,"featured_media":0,"comment_status":"open","ping_status":"open","sticky":false,"template":"","format":"standard","meta":{"jetpack_post_was_ever_published":false,"_jetpack_newsletter_access":"","_jetpack_dont_email_post_to_subs":false,"_jetpack_newsletter_tier_id":0,"_jetpack_memberships_contains_paywalled_content":false,"_jetpack_memberships_contains_paid_content":false,"footnotes":"","jetpack_publicize_message":"","jetpack_publicize_feature_enabled":true,"jetpack_social_post_already_shared":true,"jetpack_social_options":{"image_generator_settings":{"template":"highway","default_image_id":0,"enabled":false},"version":2}},"categories":[4,956,972],"tags":[217,176,74,40,315,1098,172,113,193,180],"class_list":["post-5103","post","type-post","status-publish","format-standard","hentry","category-attualita","category-elezioni-2018","category-interventi-elezioni2018","tag-coalizione","tag-consultazioni","tag-costituzione","tag-governo","tag-gruppi-parlamentari","tag-incarico","tag-maggioritario","tag-parlamento","tag-partiti","tag-presidente-della-repubblica"],"jetpack_publicize_connections":[],"jetpack_featured_media_url":"","jetpack_shortlink":"https:\/\/wp.me\/p84sDq-1kj","jetpack_likes_enabled":true,"jetpack_sharing_enabled":true,"_links":{"self":[{"href":"https:\/\/www.lacostituzione.info\/index.php\/wp-json\/wp\/v2\/posts\/5103","targetHints":{"allow":["GET"]}}],"collection":[{"href":"https:\/\/www.lacostituzione.info\/index.php\/wp-json\/wp\/v2\/posts"}],"about":[{"href":"https:\/\/www.lacostituzione.info\/index.php\/wp-json\/wp\/v2\/types\/post"}],"author":[{"embeddable":true,"href":"https:\/\/www.lacostituzione.info\/index.php\/wp-json\/wp\/v2\/users\/3"}],"replies":[{"embeddable":true,"href":"https:\/\/www.lacostituzione.info\/index.php\/wp-json\/wp\/v2\/comments?post=5103"}],"version-history":[{"count":0,"href":"https:\/\/www.lacostituzione.info\/index.php\/wp-json\/wp\/v2\/posts\/5103\/revisions"}],"wp:attachment":[{"href":"https:\/\/www.lacostituzione.info\/index.php\/wp-json\/wp\/v2\/media?parent=5103"}],"wp:term":[{"taxonomy":"category","embeddable":true,"href":"https:\/\/www.lacostituzione.info\/index.php\/wp-json\/wp\/v2\/categories?post=5103"},{"taxonomy":"post_tag","embeddable":true,"href":"https:\/\/www.lacostituzione.info\/index.php\/wp-json\/wp\/v2\/tags?post=5103"}],"curies":[{"name":"wp","href":"https:\/\/api.w.org\/{rel}","templated":true}]}}