{"id":5128,"date":"2018-05-17T12:10:40","date_gmt":"2018-05-17T10:10:40","guid":{"rendered":"http:\/\/www.lacostituzione.info\/?p=5128"},"modified":"2018-05-17T12:47:58","modified_gmt":"2018-05-17T10:47:58","slug":"il-vincolo-di-mandato-popolare-alla-portoghese-il-contratto-di-governo-non-e-chiaro","status":"publish","type":"post","link":"https:\/\/www.lacostituzione.info\/index.php\/2018\/05\/17\/il-vincolo-di-mandato-popolare-alla-portoghese-il-contratto-di-governo-non-e-chiaro\/","title":{"rendered":"Mandato parlamentare alla portoghese? Il &#8220;contratto di governo&#8221; non \u00e8 chiaro"},"content":{"rendered":"<p><img loading=\"lazy\" decoding=\"async\" data-attachment-id=\"5130\" data-permalink=\"https:\/\/www.lacostituzione.info\/index.php\/2018\/05\/17\/il-vincolo-di-mandato-popolare-alla-portoghese-il-contratto-di-governo-non-e-chiaro\/10155602_10205009803835928_4483544951749954960_n\/#main\" data-orig-file=\"https:\/\/www.lacostituzione.info\/wp-content\/uploads\/2018\/05\/10155602_10205009803835928_4483544951749954960_n.jpg\" data-orig-size=\"331,330\" data-comments-opened=\"1\" data-image-meta=\"{&quot;aperture&quot;:&quot;0&quot;,&quot;credit&quot;:&quot;&quot;,&quot;camera&quot;:&quot;&quot;,&quot;caption&quot;:&quot;&quot;,&quot;created_timestamp&quot;:&quot;0&quot;,&quot;copyright&quot;:&quot;&quot;,&quot;focal_length&quot;:&quot;0&quot;,&quot;iso&quot;:&quot;0&quot;,&quot;shutter_speed&quot;:&quot;0&quot;,&quot;title&quot;:&quot;&quot;,&quot;orientation&quot;:&quot;0&quot;}\" data-image-title=\"10155602_10205009803835928_4483544951749954960_n\" data-image-description=\"\" data-image-caption=\"\" data-medium-file=\"https:\/\/www.lacostituzione.info\/wp-content\/uploads\/2018\/05\/10155602_10205009803835928_4483544951749954960_n-300x300.jpg\" data-large-file=\"https:\/\/www.lacostituzione.info\/wp-content\/uploads\/2018\/05\/10155602_10205009803835928_4483544951749954960_n.jpg\" class=\"alignleft size-full wp-image-5130\" src=\"http:\/\/www.lacostituzione.info\/wp-content\/uploads\/2018\/05\/10155602_10205009803835928_4483544951749954960_n.jpg\" alt=\"\" width=\"331\" height=\"330\" srcset=\"https:\/\/www.lacostituzione.info\/wp-content\/uploads\/2018\/05\/10155602_10205009803835928_4483544951749954960_n.jpg 331w, https:\/\/www.lacostituzione.info\/wp-content\/uploads\/2018\/05\/10155602_10205009803835928_4483544951749954960_n-150x150.jpg 150w, https:\/\/www.lacostituzione.info\/wp-content\/uploads\/2018\/05\/10155602_10205009803835928_4483544951749954960_n-300x300.jpg 300w\" sizes=\"auto, (max-width: 331px) 100vw, 331px\" \/>di <strong>Alessandro Morelli<\/strong><\/p>\n<p><strong>\u00a0<\/strong>Il \u201ccontratto di governo\u201d \u00e8 ormai quasi concluso. La bozza del 15 maggio consta di ben 29 punti, alcuni dei quali, come si legge nel testo, bisognosi di \u201cun ulteriore vaglio in sede contrattuale\u201d, altri di \u201cun vaglio politico primario\u201d, mentre altri ancora sarebbero \u201cin corso di approfondimento\u201d. Tra i punti pi\u00f9 interessanti troviamo l\u2019introduzione di un \u201cvincolo di mandato popolare\u201d (punto 19), che, com\u2019\u00e8 noto, \u00e8 uno dei cavalli di battaglia del M5s.<!--more--> La parte di testo che prevede tale riforma non \u00e8 evidenziata come quelle ancora in discussione, la qual cosa lascerebbe intendere che sul punto i contraenti abbiano raggiunto un accordo definitivo.<\/p>\n<p>Si legge nella bozza, in un passaggio che tuttavia richiederebbe qualche revisione formale, se non altro per le ripetizioni presenti, che \u201c\u00e8 necessario introdurre espressamente il \u2018vincolo di mandato popolare\u2019 per i parlamentari, per rimediare al sempre pi\u00f9 crescente fenomeno del trasformismo. Del resto, altri ordinamenti, anche europei, prevedono il vincolo di mandato per i parlamentari; \u00e8 noto l\u2019articolo 160 della Costituzione portoghese, il quale dispone che il deputato decade dal mandato semplicemente se si dimette dal gruppo parlamentare del suo partito e contemporaneamente si iscrive al gruppo di un\u2019altra fazione politica\u201d. E subito sotto: \u201coccorre, poi, introdurre forme di vincolo di mandato per i parlamentari, per contrastare il sempre crescente fenomeno del trasformismo. Del resto, altri ordinamenti, anche europei, contengono previsioni volte a impedire le defezioni e a far s\u00ec che i gruppi parlamentari siano sempre espressione di forze politiche presentatesi dinanzi agli elettori, come si pu\u00f2 ricavare dall\u2019articolo 160 della Costituzione portoghese o dalla disciplina dei gruppi parlamentari in Spagna\u201d.<\/p>\n<p>Sul punto appare opportuno fare un po\u2019 di chiarezza.<\/p>\n<p>Partiamo dal Portogallo, la cui Costituzione del 1976 prevede, in effetti, una <em>anti-defection clause<\/em> all\u2019art. 160, comma 1, il quale stabilisce che i deputati perdono il seggio, tra le altre cause, qualora s\u2019iscrivano a un partito diverso da quello per il quale si sono presentati alle elezioni. La medesima sanzione interviene qualora essi vengano a trovarsi in situazioni d\u2019incapacit\u00e0 o incompatibilit\u00e0 previste dalla legge, se non frequentano l\u2019Assemblea o superano il numero di assenze previste dal Regolamento e qualora siano condannati in giudizio per determinati delitti. Infine, il secondo comma dello stesso articolo prevede che i deputati possono rinunciare al mandato, mediante una dichiarazione scritta. La perdita del seggio \u00e8 eventualmente dichiarata dall\u2019<em>Assembleia da Rep\u00fablica<\/em>, contro la quale \u00e8 possibile ricorrere al <em>Tribunal Constitucional<\/em>.<\/p>\n<p>Tale istituto deve essere collocato nello specifico contesto istituzionale portoghese, il cui Parlamento ha una struttura monocamerale, \u00e8 presente un sistema elettorale proporzionale e i partiti hanno un ruolo di primaria importanza. L\u2019art. 10, comma 2, della Costituzione prevede, infatti, che essi sono chiamati a concorrere \u201call\u2019organizzazione e all\u2019espressione della volont\u00e0 popolare, nel rispetto dei principi di indipendenza nazionale, di unit\u00e0 dello Stato e di democrazia politica\u201d. Inoltre, l\u2019art. 288, che prevede i limiti materiali alla revisione costituzionale, comprende tra gli stessi, alla lettera <em>i)<\/em>, anche \u201cil pluralismo di espressione e organizzazione politica, inclusi i partiti politici, e il diritto di opposizione democratica\u201d.<\/p>\n<p>Una prima questione da chiarire \u00e8 che non \u00e8 vero che in Portogallo \u00e8 previsto un vincolo di mandato per i parlamentari. L\u2019art. 152, comma 2, della Costituzione stabilisce che \u201ci deputati rappresentano tutto il Paese e non le circoscrizioni nelle quali sono stati eletti\u201d, mentre l\u2019art. 155, comma 1, prevede che gli stessi deputati \u201cesercitano liberamente il proprio mandato\u201d.<\/p>\n<p>E infatti se il parlamentare che abbandona il proprio partito evita d\u2019iscriversi ad altra formazione politica, non perde il proprio seggio e pu\u00f2 continuare a svolgere il mandato da parlamentare indipendente, senza essere sottoposto ad alcuna disciplina di partito. Da tale esperienza si evince, pertanto, che misure come quella portoghese sono compatibili con il divieto di mandato imperativo (previsto, com\u2019\u00e8 noto, anche dall\u2019art. 67 della Costituzione italiana, secondo il quale \u201cogni membro del Parlamento rappresenta la Nazione ed esercita le sue funzioni senza vincolo di mandato\u201d, e dall\u2019art. 67, comma 2, della Costituzione spagnola, a norma del quale \u201cI membri delle Cortes Generali non saranno vincolati da mandato imperativo\u201d).<\/p>\n<p>Peraltro, la misura anti-defezione portoghese \u00e8 facilmente eludibile essendo sufficiente che il parlamentare \u201cribelle\u201d, lasciato il proprio partito, non si iscriva ad altri.<\/p>\n<p>C\u2019\u00e8 poi un altro aspetto di cui occorre tenere conto.<\/p>\n<p>In Portogallo la clausola anti-defezione trova compensazione in previsioni normative stringenti relative all\u2019organizzazione interna dei partiti. In particolare, l\u2019art. 51, comma 5, della Costituzione prevede che i partiti debbano strutturarsi \u201cin base ai principi di trasparenza, di organizzazione e gestione democratiche e di partecipazione di tutti i loro membri\u201d. Quest\u2019ultimo aspetto \u00e8 particolarmente interessante, poich\u00e9 rivela la consapevolezza dei rischi che l\u2019adozione di misure volte a rafforzare il vincolo tra parlamentari e partiti comporta per la stessa democraticit\u00e0 del sistema. Se, infatti, nell\u2019organizzazione delle istituzioni rappresentative, i partiti diventano i primi e diretti \u201crappresentati\u201d, \u00e8 necessario che gli stessi si dotino di una struttura effettivamente democratica, tale da consentire una reale partecipazione dei cittadini alla determinazione della politica nazionale.<\/p>\n<p>Anche la nostra Costituzione, all\u2019art. 49, prevede che tutti i cittadini hanno diritto di associarsi liberamente in partiti per concorrere con \u201cmetodo democratico\u201d a determinare la politica nazionale. E, tuttavia, finora tale disposizione \u00e8 rimasta lettera morta, non essendo stata approvata una legge attuativa che assicuri la democraticit\u00e0 delle organizzazioni partitiche.<\/p>\n<p>Quando una disciplina del genere \u00e8 stata proposta, ad opporsi, tra gli altri, sono stati proprio gli esponenti del M5s, i quali hanno ripetutamente affermato che il loro non \u00e8 un partito, ma appunto un movimento (come, del resto, si precisa anche nel loro Statuto).<\/p>\n<p>Nella bozza del \u201ccontratto di governo\u201d non sono ben definite le modalit\u00e0 di funzionamento di questo \u201cvincolo di mandato popolare\u201d ma se, come sembrerebbe, s\u2019intende adottare una misura simile a quella portoghese, occorre precisare che essa non \u00e8 affatto incompatibile con il principio del libero mandato parlamentare e appare anzi di dubbia efficacia. In ogni caso, pi\u00f9 si limita il principio previsto dall\u2019art. 67 della Costituzione, attribuendo peso al ruolo di rappresentanza dei partiti politici, pi\u00f9 deve essere garantita la democraticit\u00e0 interna di questi ultimi. Anche di quelli che preferiscono chiamarsi \u201cmovimenti\u201d.<\/p>\n<p>&nbsp;<\/p>\n<p>&nbsp;<\/p>\n","protected":false},"excerpt":{"rendered":"<p>di Alessandro Morelli \u00a0Il \u201ccontratto di governo\u201d \u00e8 ormai quasi concluso. La bozza del 15 maggio consta di ben 29 punti, alcuni dei quali, come si legge nel testo, bisognosi di \u201cun ulteriore vaglio in sede contrattuale\u201d, altri di \u201cun vaglio politico primario\u201d, mentre altri ancora sarebbero \u201cin corso di approfondimento\u201d. Tra i punti pi\u00f9 &#8230; <a title=\"Mandato parlamentare alla portoghese? Il &#8220;contratto di governo&#8221; non \u00e8 chiaro\" class=\"read-more\" href=\"https:\/\/www.lacostituzione.info\/index.php\/2018\/05\/17\/il-vincolo-di-mandato-popolare-alla-portoghese-il-contratto-di-governo-non-e-chiaro\/\">Leggi tutto<\/a><\/p>\n<div class='heateorSssClear'><\/div><div  class='heateor_sss_sharing_container heateor_sss_horizontal_sharing' data-heateor-sss-href='https:\/\/www.lacostituzione.info\/index.php\/2018\/05\/17\/il-vincolo-di-mandato-popolare-alla-portoghese-il-contratto-di-governo-non-e-chiaro\/'><div class='heateor_sss_sharing_title' style=\"font-weight:bold\" >Condividi!<\/div><div class=\"heateor_sss_sharing_ul\"><a aria-label=\"Facebook\" class=\"heateor_sss_facebook\" href=\"https:\/\/www.facebook.com\/sharer\/sharer.php?u=https%3A%2F%2Fwww.lacostituzione.info%2Findex.php%2F2018%2F05%2F17%2Fil-vincolo-di-mandato-popolare-alla-portoghese-il-contratto-di-governo-non-e-chiaro%2F\" title=\"Facebook\" rel=\"nofollow noopener\" target=\"_blank\" style=\"font-size:32px!important;box-shadow:none;display:inline-block;vertical-align:middle\"><span class=\"heateor_sss_svg\" style=\"background-color:#0765FE;width:35px;height:35px;display:inline-block;opacity:1;float:left;font-size:32px;box-shadow:none;display:inline-block;font-size:16px;padding:0 4px;vertical-align:middle;background-repeat:repeat;overflow:hidden;padding:0;cursor:pointer;box-sizing:content-box\"><svg style=\"display:block;\" focusable=\"false\" aria-hidden=\"true\" xmlns=\"http:\/\/www.w3.org\/2000\/svg\" width=\"100%\" height=\"100%\" viewBox=\"0 0 32 32\"><path fill=\"#fff\" d=\"M28 16c0-6.627-5.373-12-12-12S4 9.373 4 16c0 5.628 3.875 10.35 9.101 11.647v-7.98h-2.474V16H13.1v-1.58c0-4.085 1.849-5.978 5.859-5.978.76 0 2.072.15 2.608.298v3.325c-.283-.03-.775-.045-1.386-.045-1.967 0-2.728.745-2.728 2.683V16h3.92l-.673 3.667h-3.247v8.245C23.395 27.195 28 22.135 28 16Z\"><\/path><\/svg><\/span><\/a><a aria-label=\"Twitter\" class=\"heateor_sss_button_twitter\" href=\"https:\/\/twitter.com\/intent\/tweet?text=Mandato%20parlamentare%20alla%20portoghese%3F%20Il%20%22contratto%20di%20governo%22%20non%20%C3%A8%20chiaro&url=https%3A%2F%2Fwww.lacostituzione.info%2Findex.php%2F2018%2F05%2F17%2Fil-vincolo-di-mandato-popolare-alla-portoghese-il-contratto-di-governo-non-e-chiaro%2F\" title=\"Twitter\" rel=\"nofollow noopener\" target=\"_blank\" style=\"font-size:32px!important;box-shadow:none;display:inline-block;vertical-align:middle\"><span class=\"heateor_sss_svg heateor_sss_s__default heateor_sss_s_twitter\" style=\"background-color:#55acee;width:35px;height:35px;display:inline-block;opacity:1;float:left;font-size:32px;box-shadow:none;display:inline-block;font-size:16px;padding:0 4px;vertical-align:middle;background-repeat:repeat;overflow:hidden;padding:0;cursor:pointer;box-sizing:content-box\"><svg style=\"display:block;\" focusable=\"false\" aria-hidden=\"true\" xmlns=\"http:\/\/www.w3.org\/2000\/svg\" width=\"100%\" height=\"100%\" viewBox=\"-4 -4 39 39\"><path d=\"M28 8.557a9.913 9.913 0 0 1-2.828.775 4.93 4.93 0 0 0 2.166-2.725 9.738 9.738 0 0 1-3.13 1.194 4.92 4.92 0 0 0-3.593-1.55 4.924 4.924 0 0 0-4.794 6.049c-4.09-.21-7.72-2.17-10.15-5.15a4.942 4.942 0 0 0-.665 2.477c0 1.71.87 3.214 2.19 4.1a4.968 4.968 0 0 1-2.23-.616v.06c0 2.39 1.7 4.38 3.952 4.83-.414.115-.85.174-1.297.174-.318 0-.626-.03-.928-.086a4.935 4.935 0 0 0 4.6 3.42 9.893 9.893 0 0 1-6.114 2.107c-.398 0-.79-.023-1.175-.068a13.953 13.953 0 0 0 7.55 2.213c9.056 0 14.01-7.507 14.01-14.013 0-.213-.005-.426-.015-.637.96-.695 1.795-1.56 2.455-2.55z\" fill=\"#fff\"><\/path><\/svg><\/span><\/a><a aria-label=\"Reddit\" class=\"heateor_sss_button_reddit\" href=\"https:\/\/reddit.com\/submit?url=https%3A%2F%2Fwww.lacostituzione.info%2Findex.php%2F2018%2F05%2F17%2Fil-vincolo-di-mandato-popolare-alla-portoghese-il-contratto-di-governo-non-e-chiaro%2F&title=Mandato%20parlamentare%20alla%20portoghese%3F%20Il%20%22contratto%20di%20governo%22%20non%20%C3%A8%20chiaro\" title=\"Reddit\" rel=\"nofollow noopener\" target=\"_blank\" style=\"font-size:32px!important;box-shadow:none;display:inline-block;vertical-align:middle\"><span class=\"heateor_sss_svg heateor_sss_s__default heateor_sss_s_reddit\" style=\"background-color:#ff5700;width:35px;height:35px;display:inline-block;opacity:1;float:left;font-size:32px;box-shadow:none;display:inline-block;font-size:16px;padding:0 4px;vertical-align:middle;background-repeat:repeat;overflow:hidden;padding:0;cursor:pointer;box-sizing:content-box\"><svg style=\"display:block;\" focusable=\"false\" aria-hidden=\"true\" xmlns=\"http:\/\/www.w3.org\/2000\/svg\" width=\"100%\" height=\"100%\" viewBox=\"-3.5 -3.5 39 39\"><path d=\"M28.543 15.774a2.953 2.953 0 0 0-2.951-2.949 2.882 2.882 0 0 0-1.9.713 14.075 14.075 0 0 0-6.85-2.044l1.38-4.349 3.768.884a2.452 2.452 0 1 0 .24-1.176l-4.274-1a.6.6 0 0 0-.709.4l-1.659 5.224a14.314 14.314 0 0 0-7.316 2.029 2.908 2.908 0 0 0-1.872-.681 2.942 2.942 0 0 0-1.618 5.4 5.109 5.109 0 0 0-.062.765c0 4.158 5.037 7.541 11.229 7.541s11.22-3.383 11.22-7.541a5.2 5.2 0 0 0-.053-.706 2.963 2.963 0 0 0 1.427-2.51zm-18.008 1.88a1.753 1.753 0 0 1 1.73-1.74 1.73 1.73 0 0 1 1.709 1.74 1.709 1.709 0 0 1-1.709 1.711 1.733 1.733 0 0 1-1.73-1.711zm9.565 4.968a5.573 5.573 0 0 1-4.081 1.272h-.032a5.576 5.576 0 0 1-4.087-1.272.6.6 0 0 1 .844-.854 4.5 4.5 0 0 0 3.238.927h.032a4.5 4.5 0 0 0 3.237-.927.6.6 0 1 1 .844.854zm-.331-3.256a1.726 1.726 0 1 1 1.709-1.712 1.717 1.717 0 0 1-1.712 1.712z\" fill=\"#fff\"\/><\/svg><\/span><\/a><a aria-label=\"Linkedin\" class=\"heateor_sss_button_linkedin\" href=\"https:\/\/www.linkedin.com\/sharing\/share-offsite\/?url=https%3A%2F%2Fwww.lacostituzione.info%2Findex.php%2F2018%2F05%2F17%2Fil-vincolo-di-mandato-popolare-alla-portoghese-il-contratto-di-governo-non-e-chiaro%2F\" title=\"Linkedin\" rel=\"nofollow noopener\" target=\"_blank\" style=\"font-size:32px!important;box-shadow:none;display:inline-block;vertical-align:middle\"><span class=\"heateor_sss_svg heateor_sss_s__default heateor_sss_s_linkedin\" style=\"background-color:#0077b5;width:35px;height:35px;display:inline-block;opacity:1;float:left;font-size:32px;box-shadow:none;display:inline-block;font-size:16px;padding:0 4px;vertical-align:middle;background-repeat:repeat;overflow:hidden;padding:0;cursor:pointer;box-sizing:content-box\"><svg style=\"display:block;\" focusable=\"false\" aria-hidden=\"true\" xmlns=\"http:\/\/www.w3.org\/2000\/svg\" width=\"100%\" height=\"100%\" viewBox=\"0 0 32 32\"><path d=\"M6.227 12.61h4.19v13.48h-4.19V12.61zm2.095-6.7a2.43 2.43 0 0 1 0 4.86c-1.344 0-2.428-1.09-2.428-2.43s1.084-2.43 2.428-2.43m4.72 6.7h4.02v1.84h.058c.56-1.058 1.927-2.176 3.965-2.176 4.238 0 5.02 2.792 5.02 6.42v7.395h-4.183v-6.56c0-1.564-.03-3.574-2.178-3.574-2.18 0-2.514 1.7-2.514 3.46v6.668h-4.187V12.61z\" fill=\"#fff\"><\/path><\/svg><\/span><\/a><a aria-label=\"Pinterest\" class=\"heateor_sss_button_pinterest\" href=\"https:\/\/www.lacostituzione.info\/index.php\/2018\/05\/17\/il-vincolo-di-mandato-popolare-alla-portoghese-il-contratto-di-governo-non-e-chiaro\/\" onclick=\"event.preventDefault();javascript:void( (function() {var e=document.createElement('script' );e.setAttribute('type','text\/javascript' );e.setAttribute('charset','UTF-8' );e.setAttribute('src','\/\/assets.pinterest.com\/js\/pinmarklet.js?r='+Math.random()*99999999);document.body.appendChild(e)})());\" title=\"Pinterest\" rel=\"noopener\" style=\"font-size:32px!important;box-shadow:none;display:inline-block;vertical-align:middle\"><span class=\"heateor_sss_svg heateor_sss_s__default heateor_sss_s_pinterest\" style=\"background-color:#cc2329;width:35px;height:35px;display:inline-block;opacity:1;float:left;font-size:32px;box-shadow:none;display:inline-block;font-size:16px;padding:0 4px;vertical-align:middle;background-repeat:repeat;overflow:hidden;padding:0;cursor:pointer;box-sizing:content-box\"><svg style=\"display:block;\" focusable=\"false\" aria-hidden=\"true\" xmlns=\"http:\/\/www.w3.org\/2000\/svg\" width=\"100%\" height=\"100%\" viewBox=\"-2 -2 35 35\"><path fill=\"#fff\" d=\"M16.539 4.5c-6.277 0-9.442 4.5-9.442 8.253 0 2.272.86 4.293 2.705 5.046.303.125.574.005.662-.33.061-.231.205-.816.27-1.06.088-.331.053-.447-.191-.736-.532-.627-.873-1.439-.873-2.591 0-3.338 2.498-6.327 6.505-6.327 3.548 0 5.497 2.168 5.497 5.062 0 3.81-1.686 7.025-4.188 7.025-1.382 0-2.416-1.142-2.085-2.545.397-1.674 1.166-3.48 1.166-4.689 0-1.081-.581-1.983-1.782-1.983-1.413 0-2.548 1.462-2.548 3.419 0 1.247.421 2.091.421 2.091l-1.699 7.199c-.505 2.137-.076 4.755-.039 5.019.021.158.223.196.314.077.13-.17 1.813-2.247 2.384-4.324.162-.587.929-3.631.929-3.631.46.876 1.801 1.646 3.227 1.646 4.247 0 7.128-3.871 7.128-9.053.003-3.918-3.317-7.568-8.361-7.568z\"\/><\/svg><\/span><\/a><a aria-label=\"Whatsapp\" class=\"heateor_sss_whatsapp\" href=\"https:\/\/api.whatsapp.com\/send?text=Mandato%20parlamentare%20alla%20portoghese%3F%20Il%20%22contratto%20di%20governo%22%20non%20%C3%A8%20chiaro%20https%3A%2F%2Fwww.lacostituzione.info%2Findex.php%2F2018%2F05%2F17%2Fil-vincolo-di-mandato-popolare-alla-portoghese-il-contratto-di-governo-non-e-chiaro%2F\" title=\"Whatsapp\" rel=\"nofollow noopener\" target=\"_blank\" style=\"font-size:32px!important;box-shadow:none;display:inline-block;vertical-align:middle\"><span class=\"heateor_sss_svg\" style=\"background-color:#55eb4c;width:35px;height:35px;display:inline-block;opacity:1;float:left;font-size:32px;box-shadow:none;display:inline-block;font-size:16px;padding:0 4px;vertical-align:middle;background-repeat:repeat;overflow:hidden;padding:0;cursor:pointer;box-sizing:content-box\"><svg style=\"display:block;\" focusable=\"false\" aria-hidden=\"true\" xmlns=\"http:\/\/www.w3.org\/2000\/svg\" width=\"100%\" height=\"100%\" viewBox=\"-6 -5 40 40\"><path class=\"heateor_sss_svg_stroke heateor_sss_no_fill\" stroke=\"#fff\" stroke-width=\"2\" fill=\"none\" d=\"M 11.579798566743314 24.396926207859085 A 10 10 0 1 0 6.808479557110079 20.73576436351046\"><\/path><path d=\"M 7 19 l -1 6 l 6 -1\" class=\"heateor_sss_no_fill heateor_sss_svg_stroke\" stroke=\"#fff\" stroke-width=\"2\" fill=\"none\"><\/path><path d=\"M 10 10 q -1 8 8 11 c 5 -1 0 -6 -1 -3 q -4 -3 -5 -5 c 4 -2 -1 -5 -1 -4\" fill=\"#fff\"><\/path><\/svg><\/span><\/a><\/div><div class=\"heateorSssClear\"><\/div><\/div><div class='heateorSssClear'><\/div>","protected":false},"author":12,"featured_media":0,"comment_status":"open","ping_status":"open","sticky":false,"template":"","format":"standard","meta":{"jetpack_post_was_ever_published":false,"_jetpack_newsletter_access":"","_jetpack_dont_email_post_to_subs":false,"_jetpack_newsletter_tier_id":0,"_jetpack_memberships_contains_paywalled_content":false,"_jetpack_memberships_contains_paid_content":false,"footnotes":"","jetpack_publicize_message":"","jetpack_publicize_feature_enabled":true,"jetpack_social_post_already_shared":true,"jetpack_social_options":{"image_generator_settings":{"template":"highway","default_image_id":0,"enabled":false},"version":2}},"categories":[4,956,972],"tags":[1135,74,1209,297,1208,1206,1207,156],"class_list":["post-5128","post","type-post","status-publish","format-standard","hentry","category-attualita","category-elezioni-2018","category-interventi-elezioni2018","tag-contratto-di-governo","tag-costituzione","tag-movimento","tag-parlamentari","tag-partito","tag-perdita-del-seggio","tag-traformismo","tag-vincolo-di-mandato"],"jetpack_publicize_connections":[],"jetpack_featured_media_url":"","jetpack_shortlink":"https:\/\/wp.me\/p84sDq-1kI","jetpack_likes_enabled":true,"jetpack_sharing_enabled":true,"_links":{"self":[{"href":"https:\/\/www.lacostituzione.info\/index.php\/wp-json\/wp\/v2\/posts\/5128","targetHints":{"allow":["GET"]}}],"collection":[{"href":"https:\/\/www.lacostituzione.info\/index.php\/wp-json\/wp\/v2\/posts"}],"about":[{"href":"https:\/\/www.lacostituzione.info\/index.php\/wp-json\/wp\/v2\/types\/post"}],"author":[{"embeddable":true,"href":"https:\/\/www.lacostituzione.info\/index.php\/wp-json\/wp\/v2\/users\/12"}],"replies":[{"embeddable":true,"href":"https:\/\/www.lacostituzione.info\/index.php\/wp-json\/wp\/v2\/comments?post=5128"}],"version-history":[{"count":0,"href":"https:\/\/www.lacostituzione.info\/index.php\/wp-json\/wp\/v2\/posts\/5128\/revisions"}],"wp:attachment":[{"href":"https:\/\/www.lacostituzione.info\/index.php\/wp-json\/wp\/v2\/media?parent=5128"}],"wp:term":[{"taxonomy":"category","embeddable":true,"href":"https:\/\/www.lacostituzione.info\/index.php\/wp-json\/wp\/v2\/categories?post=5128"},{"taxonomy":"post_tag","embeddable":true,"href":"https:\/\/www.lacostituzione.info\/index.php\/wp-json\/wp\/v2\/tags?post=5128"}],"curies":[{"name":"wp","href":"https:\/\/api.w.org\/{rel}","templated":true}]}}