{"id":5167,"date":"2018-05-25T09:26:46","date_gmt":"2018-05-25T07:26:46","guid":{"rendered":"http:\/\/www.lacostituzione.info\/?p=5167"},"modified":"2018-05-25T13:34:32","modified_gmt":"2018-05-25T11:34:32","slug":"il-contratto-di-governo-e-le-questioni-migratorie-nihil-sub-sole-novum","status":"publish","type":"post","link":"https:\/\/www.lacostituzione.info\/index.php\/2018\/05\/25\/il-contratto-di-governo-e-le-questioni-migratorie-nihil-sub-sole-novum\/","title":{"rendered":"Il &#8220;contratto di governo&#8221; e le questioni migratorie: nihil sub sole novum?"},"content":{"rendered":"<p><img loading=\"lazy\" decoding=\"async\" data-attachment-id=\"3113\" data-permalink=\"https:\/\/www.lacostituzione.info\/index.php\/2017\/08\/15\/il-codice-di-condotta-per-le-ong-tra-terra-e-mare\/image-106\/#main\" data-orig-file=\"https:\/\/www.lacostituzione.info\/wp-content\/uploads\/2017\/08\/image.jpeg\" data-orig-size=\"1380,893\" data-comments-opened=\"1\" data-image-meta=\"{&quot;aperture&quot;:&quot;0&quot;,&quot;credit&quot;:&quot;&quot;,&quot;camera&quot;:&quot;&quot;,&quot;caption&quot;:&quot;&quot;,&quot;created_timestamp&quot;:&quot;0&quot;,&quot;copyright&quot;:&quot;&quot;,&quot;focal_length&quot;:&quot;0&quot;,&quot;iso&quot;:&quot;0&quot;,&quot;shutter_speed&quot;:&quot;0&quot;,&quot;title&quot;:&quot;&quot;,&quot;orientation&quot;:&quot;0&quot;}\" data-image-title=\"image\" data-image-description=\"\" data-image-caption=\"\" data-medium-file=\"https:\/\/www.lacostituzione.info\/wp-content\/uploads\/2017\/08\/image-300x194.jpeg\" data-large-file=\"https:\/\/www.lacostituzione.info\/wp-content\/uploads\/2017\/08\/image-1024x663.jpeg\" class=\"size-medium wp-image-3113 alignright\" src=\"http:\/\/www.lacostituzione.info\/wp-content\/uploads\/2017\/08\/image-300x194.jpeg\" alt=\"\" width=\"300\" height=\"194\" srcset=\"https:\/\/www.lacostituzione.info\/wp-content\/uploads\/2017\/08\/image-300x194.jpeg 300w, https:\/\/www.lacostituzione.info\/wp-content\/uploads\/2017\/08\/image-768x497.jpeg 768w, https:\/\/www.lacostituzione.info\/wp-content\/uploads\/2017\/08\/image-1024x663.jpeg 1024w, https:\/\/www.lacostituzione.info\/wp-content\/uploads\/2017\/08\/image.jpeg 1380w\" sizes=\"auto, (max-width: 300px) 100vw, 300px\" \/>di<strong> Donatella Loprieno*<\/strong><\/p>\n<p>Nel contratto di governo, sulla cui \u201cstravaganza\u201d gi\u00e0 hanno qui scritto <a href=\"http:\/\/www.lacostituzione.info\/index.php\/2018\/05\/17\/il-vincolo-di-mandato-popolare-alla-portoghese-il-contratto-di-governo-non-e-chiaro\/\">Alessandro Morelli<\/a> e <a href=\"http:\/\/www.lacostituzione.info\/index.php\/2018\/05\/17\/contratto-di-governo-una-riflessione-sulle-nuove-parole-del-diritto-pubblico\/\">Omar Chessa<\/a>, le questioni legate ai fenomeni migratori vengono affrontate con un mix di superficialit\u00e0, ridondanza, colpevole misconoscimento delle novit\u00e0 gi\u00e0 introdotte dalla legge Minniti-Orlando e di quanto a livello di istituzioni europee si sta provando a fare specie in materia di Stato competente ad esaminare le domande di protezione internazionale.<!--more--><\/p>\n<p>A voler procedere con maggiore sistematicit\u00e0 e tralasciando l\u2019incipit del par. 12 (significativamente intitolato \u201cImmigrazione: rimpatri e stop al business) laddove si enfatizza a dismisura il costo insostenibile della questione migratoria per il nostro Paese, saranno qui attenzionati solo gli intenti macroscopicamente pi\u00f9 implausibili.<\/p>\n<p>Un primo elemento di criticit\u00e0 si coglie laddove si propone che le procedure per l\u2019ottenimento e la revoca dello status di rifugiato (e, aggiungeremmo noi, delle altre forme di protezione internazionale previste tanto a livello europeo che interno) \u201csiano rese certe e veloci, anche mediante l\u2019adozione di procedure accelerate\u201d. Gli estensori del contratto, evidentemente, hanno prestato poca attenzione alle rilevanti (e assai discutibili) novit\u00e0 introdotte lo scorso anno dal d.l. n. 13\/2017, recante disposizioni urgenti per l\u2019accelerazione dei procedimenti di materia di protezione internazionale, nonch\u00e9 per il contrasto dell\u2019immigrazione illegale, poi conv. con mod. dalla l.n. 46\/2017, nota come legge Minniti-Orlandi. Tale normativa ha, infatti, <em>inter alia, <\/em>riformato il sistema amministrativo e giudiziario dei procedimenti in materia di protezione internazionale e, in specie, ha abolito il secondo grado di merito per le cause in materia di protezione internazionale e dal rito sommario di cognizione si \u00e8 ritornati al rito camerale. Gi\u00e0 quest\u2019ultima scelta (rito camerale come unico grado di giudizio di merito ed eventuale udienza di comparizione), facendo del giudizio sulle controversie di protezione internazionale una procedura interamente cartolare, \u00e8 stata a ragione ritenuta un grave vulnus al principio del contraddittorio e della pubblicit\u00e0 del processo.<\/p>\n<p>Tra le misure di semplificazione si ricorda poi la nuova disciplina in materia di notificazioni che tante polemiche ha suscitato tra gli addetti ai lavori, avendo esteso ai responsabili dei centri o delle strutture la qualifica di pubblico ufficiale.<\/p>\n<p>Discutibile, poi, l\u2019idea (affatto nuova in realt\u00e0) di affidare ai paesi di origine, la gran parte dei quali si configura ai sensi della Convenzione di Ginevra del 1951 come agente di persecuzione, la gestione della procedura per l\u2019ottenimento dello status di rifugiato.<\/p>\n<p>Ancora pi\u00f9 inspiegabile \u00e8 l\u2019ipotesi di voler allineare le attuali forme di protezione agli standard internazionali non essendo chiaro a cosa esattamente le \u201cparti contraenti\u201d vogliano riferirsi: a quelli elaborati dall\u2019UNHCR? \u00a0o dal Comitato dei diritti umani (l\u2019organo di monitoraggio del Patto sui diritti civili e politici?) o dal <em>Working Group on Arbitrary Detention? <\/em>o dallo <em>Special Rapporteur on the Human Rights of Migrants? <\/em>Se cos\u00ec fosse, verrebbe da dire che i futuri governanti si sono letteralmente scavati da soli la fossa atteso che gli standard internazionali in materia di protezione internazionale elaborati dagli organismi richiamati sono mediamente elevati.<\/p>\n<p>Nel contratto, poi, non si distingue mai tra i progetti di accoglienza integrata gestiti dalla rete SPRAR e quelli invece affidati ai Centri di Accoglienza straordinaria. Semplificando una materia davvero assai complessa, si deve sottolineare come nel primo caso abbiamo a che fare con un sistema pubblico di accoglienza cui gi\u00e0 partecipano (e non da ieri) istituzioni centrali, locali ed enti del terzo settore, puntigliosamente disciplinato e che giustamente impone a enti gestori e enti attuatori obblighi di trasparenza e rendicontazione. Il secondo sistema, invece, nato per gestire l\u2019Emergenza nord Africa ha finito per affidare alle Prefetture lo scomodo ruolo di apprestare, a fronte della scarsit\u00e0 di posti disponibili nella rete SPRAR e di arrivi consistenti e ravvicinati, misure straordinarie di accoglienza, sentito l\u2019ente locale interessato, secondo le procedure di affidamento dei contratti pubblici e, in caso di estrema urgenza, con ricorso alle procedure di affidamento diretto. Confondere (per non distinguere) i due \u201ccanali\u201d di gestione dell\u2019accoglienza adombrando che, in ogni caso, si operi all\u2019ombra del malaffare \u00e8 operazione, pare a chi scrive, intellettualmente assai disonesta.<\/p>\n<p>Ma parimenti a chi ha scritto quel documento pare sfuggire del tutto la distinzione tra migrazioni economiche e migrazioni politiche che, pur non riuscendo pi\u00f9 (se mai davvero lo ha fatto pienamente) a inquadrare i fenomeni in oggetto, resta imprescindibile quanto meno sul piano del \u201cdiritto\u201d, essendo diversi i plessi normativi che ne dettano le coordinate. E questo spiega, ma non giustifica, l\u2019ulteriore indistinzione tra i centri preposti all\u2019accoglienza dei richiedenti protezione internazionale e quelli che, invece, sono istituzionalmente volti alla detenzione amministrativa dello straniero irregolarmente soggiornante per prepararne il rimpatrio laddove questo non sia immediatamente eseguibile. Nel contratto, difatti, si prevede l\u2019istituzione di \u201csedi di permanenza temporanea\u201d finalizzate al rimpatrio, con almeno una sede per ogni Regione, previo accordo con la Regione interessata e \u201ccon una capienza sufficiente per tutti gli immigrati irregolari, presenti e rintracciati sul territorio nazionale, garantendo (vivaddio) la tutela dei diritti umani\u201d.<\/p>\n<p>Ora, gi\u00e0 la legge Minniti, stanziando la somma di 13 milioni di euro, aveva previsto l\u2019ampliamento della rete dei centri di detenzione amministrativa (con l\u2019intento di istituirne uno per ogni regione) sentiti i presidenti delle Regioni. La leggerezza della formula \u201csentiti\u201d i presidenti delle regioni coinvolte, usata nel testo della legge Minniti, pu\u00f2 essere spiegata con la circostanza che nelle due sole volte in cui la Corte costituzionale si \u00e8 pronunciata sul tema ha ritenuto, da una parte, ammissibile per le regioni prevedere attivit\u00e0 di monitoraggio e di osservazione all\u2019interno dei centri (sent. n. 300 del 2005) ma, dall\u2019altra, che la costituzione e l\u2019individuazione degli stessi, in quanto strutture funzionali alla disciplina che regola il flusso migratorio degli stranieri nel territorio dello Stato, attengono ad aspetti immediatamente riferibili alla competenza legislativa esclusiva dello Stato.<\/p>\n<p>Ad onor del vero, gli estensori del contratto subito dopo aver paventato la costituzione di centri per tutti gli stranieri irregolarmente presenti rilevano che il loro numero si aggirerebbe intorno ai 500.000 e che, quindi, astrattamente ogni regione dovrebbe \u201cgestire\u201d ben 25.000 \u201cospiti\u201d in attesa di espulsione. Non tornando i conti, si vorrebbe fare affidamento su una politica dei rimpatri massiccia da finanziare attingendo ai fondi destinati per l\u2019accoglienza con buona pace degli obblighi internazionali, sovranazionali ed europei in questa materia.<\/p>\n<p>In linea con siffatto geometrico ragionamento, si paventa l\u2019estensione del tempo massimo complessivo di trattenimento a diciotto mesi \u201cin armonia con le disposizioni comunitarie\u201d. Anche qui la svista \u00e8 grossolana assai. La Direttiva Rimpatri, infatti, prevede come ipotesi estrema quella della detenzione amministrativa ai fini del rimpatrio, eccezionalmente da estendere fino ai 18 mesi. E del resto l\u2019inutilit\u00e0 e l\u2019inefficacia dei centri di trattenimento amministrativo sono ormai dato acquisito persino dalla Commissione straordinaria per la tutela e la promozione dei diritti umani del Senato.<\/p>\n<p>Palesemente espressivi di discriminazione istituzionale e parimenti palesemente irragionevoli sono le previsioni in materia di revisione della materia dei ricongiungimenti familiari (materia snazionalizzata da tempo e che gi\u00e0 riduce ai minimi termini i familiari astrattamente ricongiungibili) e di sussidi sociali al fine di garantire l\u2019indebito utilizzo dei sussidi erogati. Se la memoria non ci inganna, le pi\u00f9 imponenti truffe all\u2019INPS hanno visto come attori protagonisti sedicenti imprenditori agricoli e come \u201csfruttati\u201d malcapitati cittadini stranieri (spesso anche regolarmente presenti) ridotti in condizioni di indicibile sfruttamento lavorativo.<\/p>\n<p>Concludendo, dunque, se invero nulla di nuovo sotto il sole c\u2019\u00e8 in questo stravagante patto per il Governo in materia di gestione delle migrazioni, ci\u00f2 che deve allertarci \u00e8 la gratuita e populistica cattiveria che traspare da quel paragrafo ad essa dedicato. Questo, insieme ad una preoccupante (e non \u00e8 dato sapere quanto inconsapevole) ignoranza dei principi e delle normative che la disciplinano, ci obbligheranno a \u201cmonitorare\u201d costantemente il futuro operato del Governo e le sue possibili derive.<\/p>\n<p><em>*Ricercatrice di Istituzioni di diritto pubblico e professoressa aggregata di Diritto dei Migranti, Universit\u00e0 della Calabria <\/em><\/p>\n","protected":false},"excerpt":{"rendered":"<p>di Donatella Loprieno* Nel contratto di governo, sulla cui \u201cstravaganza\u201d gi\u00e0 hanno qui scritto Alessandro Morelli e Omar Chessa, le questioni legate ai fenomeni migratori vengono affrontate con un mix di superficialit\u00e0, ridondanza, colpevole misconoscimento delle novit\u00e0 gi\u00e0 introdotte dalla legge Minniti-Orlando e di quanto a livello di istituzioni europee si sta provando a fare &#8230; <a title=\"Il &#8220;contratto di governo&#8221; e le questioni migratorie: nihil sub sole novum?\" class=\"read-more\" href=\"https:\/\/www.lacostituzione.info\/index.php\/2018\/05\/25\/il-contratto-di-governo-e-le-questioni-migratorie-nihil-sub-sole-novum\/\">Leggi tutto<\/a><\/p>\n<div class='heateorSssClear'><\/div><div  class='heateor_sss_sharing_container heateor_sss_horizontal_sharing' data-heateor-sss-href='https:\/\/www.lacostituzione.info\/index.php\/2018\/05\/25\/il-contratto-di-governo-e-le-questioni-migratorie-nihil-sub-sole-novum\/'><div class='heateor_sss_sharing_title' style=\"font-weight:bold\" >Condividi!<\/div><div class=\"heateor_sss_sharing_ul\"><a aria-label=\"Facebook\" class=\"heateor_sss_facebook\" href=\"https:\/\/www.facebook.com\/sharer\/sharer.php?u=https%3A%2F%2Fwww.lacostituzione.info%2Findex.php%2F2018%2F05%2F25%2Fil-contratto-di-governo-e-le-questioni-migratorie-nihil-sub-sole-novum%2F\" title=\"Facebook\" rel=\"nofollow noopener\" target=\"_blank\" style=\"font-size:32px!important;box-shadow:none;display:inline-block;vertical-align:middle\"><span class=\"heateor_sss_svg\" style=\"background-color:#0765FE;width:35px;height:35px;display:inline-block;opacity:1;float:left;font-size:32px;box-shadow:none;display:inline-block;font-size:16px;padding:0 4px;vertical-align:middle;background-repeat:repeat;overflow:hidden;padding:0;cursor:pointer;box-sizing:content-box\"><svg style=\"display:block;\" focusable=\"false\" aria-hidden=\"true\" xmlns=\"http:\/\/www.w3.org\/2000\/svg\" width=\"100%\" height=\"100%\" viewBox=\"0 0 32 32\"><path fill=\"#fff\" d=\"M28 16c0-6.627-5.373-12-12-12S4 9.373 4 16c0 5.628 3.875 10.35 9.101 11.647v-7.98h-2.474V16H13.1v-1.58c0-4.085 1.849-5.978 5.859-5.978.76 0 2.072.15 2.608.298v3.325c-.283-.03-.775-.045-1.386-.045-1.967 0-2.728.745-2.728 2.683V16h3.92l-.673 3.667h-3.247v8.245C23.395 27.195 28 22.135 28 16Z\"><\/path><\/svg><\/span><\/a><a aria-label=\"Twitter\" class=\"heateor_sss_button_twitter\" href=\"https:\/\/twitter.com\/intent\/tweet?text=Il%20%22contratto%20di%20governo%22%20e%20le%20questioni%20migratorie%3A%20nihil%20sub%20sole%20novum%3F&url=https%3A%2F%2Fwww.lacostituzione.info%2Findex.php%2F2018%2F05%2F25%2Fil-contratto-di-governo-e-le-questioni-migratorie-nihil-sub-sole-novum%2F\" title=\"Twitter\" rel=\"nofollow noopener\" target=\"_blank\" style=\"font-size:32px!important;box-shadow:none;display:inline-block;vertical-align:middle\"><span class=\"heateor_sss_svg heateor_sss_s__default heateor_sss_s_twitter\" style=\"background-color:#55acee;width:35px;height:35px;display:inline-block;opacity:1;float:left;font-size:32px;box-shadow:none;display:inline-block;font-size:16px;padding:0 4px;vertical-align:middle;background-repeat:repeat;overflow:hidden;padding:0;cursor:pointer;box-sizing:content-box\"><svg style=\"display:block;\" focusable=\"false\" aria-hidden=\"true\" xmlns=\"http:\/\/www.w3.org\/2000\/svg\" width=\"100%\" height=\"100%\" viewBox=\"-4 -4 39 39\"><path d=\"M28 8.557a9.913 9.913 0 0 1-2.828.775 4.93 4.93 0 0 0 2.166-2.725 9.738 9.738 0 0 1-3.13 1.194 4.92 4.92 0 0 0-3.593-1.55 4.924 4.924 0 0 0-4.794 6.049c-4.09-.21-7.72-2.17-10.15-5.15a4.942 4.942 0 0 0-.665 2.477c0 1.71.87 3.214 2.19 4.1a4.968 4.968 0 0 1-2.23-.616v.06c0 2.39 1.7 4.38 3.952 4.83-.414.115-.85.174-1.297.174-.318 0-.626-.03-.928-.086a4.935 4.935 0 0 0 4.6 3.42 9.893 9.893 0 0 1-6.114 2.107c-.398 0-.79-.023-1.175-.068a13.953 13.953 0 0 0 7.55 2.213c9.056 0 14.01-7.507 14.01-14.013 0-.213-.005-.426-.015-.637.96-.695 1.795-1.56 2.455-2.55z\" fill=\"#fff\"><\/path><\/svg><\/span><\/a><a aria-label=\"Reddit\" class=\"heateor_sss_button_reddit\" href=\"https:\/\/reddit.com\/submit?url=https%3A%2F%2Fwww.lacostituzione.info%2Findex.php%2F2018%2F05%2F25%2Fil-contratto-di-governo-e-le-questioni-migratorie-nihil-sub-sole-novum%2F&title=Il%20%22contratto%20di%20governo%22%20e%20le%20questioni%20migratorie%3A%20nihil%20sub%20sole%20novum%3F\" title=\"Reddit\" rel=\"nofollow noopener\" target=\"_blank\" style=\"font-size:32px!important;box-shadow:none;display:inline-block;vertical-align:middle\"><span class=\"heateor_sss_svg heateor_sss_s__default heateor_sss_s_reddit\" style=\"background-color:#ff5700;width:35px;height:35px;display:inline-block;opacity:1;float:left;font-size:32px;box-shadow:none;display:inline-block;font-size:16px;padding:0 4px;vertical-align:middle;background-repeat:repeat;overflow:hidden;padding:0;cursor:pointer;box-sizing:content-box\"><svg style=\"display:block;\" focusable=\"false\" aria-hidden=\"true\" xmlns=\"http:\/\/www.w3.org\/2000\/svg\" width=\"100%\" height=\"100%\" viewBox=\"-3.5 -3.5 39 39\"><path d=\"M28.543 15.774a2.953 2.953 0 0 0-2.951-2.949 2.882 2.882 0 0 0-1.9.713 14.075 14.075 0 0 0-6.85-2.044l1.38-4.349 3.768.884a2.452 2.452 0 1 0 .24-1.176l-4.274-1a.6.6 0 0 0-.709.4l-1.659 5.224a14.314 14.314 0 0 0-7.316 2.029 2.908 2.908 0 0 0-1.872-.681 2.942 2.942 0 0 0-1.618 5.4 5.109 5.109 0 0 0-.062.765c0 4.158 5.037 7.541 11.229 7.541s11.22-3.383 11.22-7.541a5.2 5.2 0 0 0-.053-.706 2.963 2.963 0 0 0 1.427-2.51zm-18.008 1.88a1.753 1.753 0 0 1 1.73-1.74 1.73 1.73 0 0 1 1.709 1.74 1.709 1.709 0 0 1-1.709 1.711 1.733 1.733 0 0 1-1.73-1.711zm9.565 4.968a5.573 5.573 0 0 1-4.081 1.272h-.032a5.576 5.576 0 0 1-4.087-1.272.6.6 0 0 1 .844-.854 4.5 4.5 0 0 0 3.238.927h.032a4.5 4.5 0 0 0 3.237-.927.6.6 0 1 1 .844.854zm-.331-3.256a1.726 1.726 0 1 1 1.709-1.712 1.717 1.717 0 0 1-1.712 1.712z\" fill=\"#fff\"\/><\/svg><\/span><\/a><a aria-label=\"Linkedin\" class=\"heateor_sss_button_linkedin\" href=\"https:\/\/www.linkedin.com\/sharing\/share-offsite\/?url=https%3A%2F%2Fwww.lacostituzione.info%2Findex.php%2F2018%2F05%2F25%2Fil-contratto-di-governo-e-le-questioni-migratorie-nihil-sub-sole-novum%2F\" title=\"Linkedin\" rel=\"nofollow noopener\" target=\"_blank\" style=\"font-size:32px!important;box-shadow:none;display:inline-block;vertical-align:middle\"><span class=\"heateor_sss_svg heateor_sss_s__default heateor_sss_s_linkedin\" style=\"background-color:#0077b5;width:35px;height:35px;display:inline-block;opacity:1;float:left;font-size:32px;box-shadow:none;display:inline-block;font-size:16px;padding:0 4px;vertical-align:middle;background-repeat:repeat;overflow:hidden;padding:0;cursor:pointer;box-sizing:content-box\"><svg style=\"display:block;\" focusable=\"false\" aria-hidden=\"true\" xmlns=\"http:\/\/www.w3.org\/2000\/svg\" width=\"100%\" height=\"100%\" viewBox=\"0 0 32 32\"><path d=\"M6.227 12.61h4.19v13.48h-4.19V12.61zm2.095-6.7a2.43 2.43 0 0 1 0 4.86c-1.344 0-2.428-1.09-2.428-2.43s1.084-2.43 2.428-2.43m4.72 6.7h4.02v1.84h.058c.56-1.058 1.927-2.176 3.965-2.176 4.238 0 5.02 2.792 5.02 6.42v7.395h-4.183v-6.56c0-1.564-.03-3.574-2.178-3.574-2.18 0-2.514 1.7-2.514 3.46v6.668h-4.187V12.61z\" fill=\"#fff\"><\/path><\/svg><\/span><\/a><a aria-label=\"Pinterest\" class=\"heateor_sss_button_pinterest\" href=\"https:\/\/www.lacostituzione.info\/index.php\/2018\/05\/25\/il-contratto-di-governo-e-le-questioni-migratorie-nihil-sub-sole-novum\/\" onclick=\"event.preventDefault();javascript:void( (function() {var e=document.createElement('script' );e.setAttribute('type','text\/javascript' );e.setAttribute('charset','UTF-8' );e.setAttribute('src','\/\/assets.pinterest.com\/js\/pinmarklet.js?r='+Math.random()*99999999);document.body.appendChild(e)})());\" title=\"Pinterest\" rel=\"noopener\" style=\"font-size:32px!important;box-shadow:none;display:inline-block;vertical-align:middle\"><span class=\"heateor_sss_svg heateor_sss_s__default heateor_sss_s_pinterest\" style=\"background-color:#cc2329;width:35px;height:35px;display:inline-block;opacity:1;float:left;font-size:32px;box-shadow:none;display:inline-block;font-size:16px;padding:0 4px;vertical-align:middle;background-repeat:repeat;overflow:hidden;padding:0;cursor:pointer;box-sizing:content-box\"><svg style=\"display:block;\" focusable=\"false\" aria-hidden=\"true\" xmlns=\"http:\/\/www.w3.org\/2000\/svg\" width=\"100%\" height=\"100%\" viewBox=\"-2 -2 35 35\"><path fill=\"#fff\" d=\"M16.539 4.5c-6.277 0-9.442 4.5-9.442 8.253 0 2.272.86 4.293 2.705 5.046.303.125.574.005.662-.33.061-.231.205-.816.27-1.06.088-.331.053-.447-.191-.736-.532-.627-.873-1.439-.873-2.591 0-3.338 2.498-6.327 6.505-6.327 3.548 0 5.497 2.168 5.497 5.062 0 3.81-1.686 7.025-4.188 7.025-1.382 0-2.416-1.142-2.085-2.545.397-1.674 1.166-3.48 1.166-4.689 0-1.081-.581-1.983-1.782-1.983-1.413 0-2.548 1.462-2.548 3.419 0 1.247.421 2.091.421 2.091l-1.699 7.199c-.505 2.137-.076 4.755-.039 5.019.021.158.223.196.314.077.13-.17 1.813-2.247 2.384-4.324.162-.587.929-3.631.929-3.631.46.876 1.801 1.646 3.227 1.646 4.247 0 7.128-3.871 7.128-9.053.003-3.918-3.317-7.568-8.361-7.568z\"\/><\/svg><\/span><\/a><a aria-label=\"Whatsapp\" class=\"heateor_sss_whatsapp\" href=\"https:\/\/api.whatsapp.com\/send?text=Il%20%22contratto%20di%20governo%22%20e%20le%20questioni%20migratorie%3A%20nihil%20sub%20sole%20novum%3F%20https%3A%2F%2Fwww.lacostituzione.info%2Findex.php%2F2018%2F05%2F25%2Fil-contratto-di-governo-e-le-questioni-migratorie-nihil-sub-sole-novum%2F\" title=\"Whatsapp\" rel=\"nofollow noopener\" target=\"_blank\" style=\"font-size:32px!important;box-shadow:none;display:inline-block;vertical-align:middle\"><span class=\"heateor_sss_svg\" style=\"background-color:#55eb4c;width:35px;height:35px;display:inline-block;opacity:1;float:left;font-size:32px;box-shadow:none;display:inline-block;font-size:16px;padding:0 4px;vertical-align:middle;background-repeat:repeat;overflow:hidden;padding:0;cursor:pointer;box-sizing:content-box\"><svg style=\"display:block;\" focusable=\"false\" aria-hidden=\"true\" xmlns=\"http:\/\/www.w3.org\/2000\/svg\" width=\"100%\" height=\"100%\" viewBox=\"-6 -5 40 40\"><path class=\"heateor_sss_svg_stroke heateor_sss_no_fill\" stroke=\"#fff\" stroke-width=\"2\" fill=\"none\" d=\"M 11.579798566743314 24.396926207859085 A 10 10 0 1 0 6.808479557110079 20.73576436351046\"><\/path><path d=\"M 7 19 l -1 6 l 6 -1\" class=\"heateor_sss_no_fill heateor_sss_svg_stroke\" stroke=\"#fff\" stroke-width=\"2\" fill=\"none\"><\/path><path d=\"M 10 10 q -1 8 8 11 c 5 -1 0 -6 -1 -3 q -4 -3 -5 -5 c 4 -2 -1 -5 -1 -4\" fill=\"#fff\"><\/path><\/svg><\/span><\/a><\/div><div class=\"heateorSssClear\"><\/div><\/div><div class='heateorSssClear'><\/div>","protected":false},"author":1,"featured_media":0,"comment_status":"open","ping_status":"open","sticky":false,"template":"","format":"standard","meta":{"jetpack_post_was_ever_published":false,"_jetpack_newsletter_access":"","_jetpack_dont_email_post_to_subs":false,"_jetpack_newsletter_tier_id":0,"_jetpack_memberships_contains_paywalled_content":false,"_jetpack_memberships_contains_paid_content":false,"footnotes":"","jetpack_publicize_message":"","jetpack_publicize_feature_enabled":true,"jetpack_social_post_already_shared":true,"jetpack_social_options":{"image_generator_settings":{"template":"highway","default_image_id":0,"enabled":false},"version":2}},"categories":[4,956,972],"tags":[1227,149,1228,98,1226,1225,1224,1223],"class_list":["post-5167","post","type-post","status-publish","format-standard","hentry","category-attualita","category-elezioni-2018","category-interventi-elezioni2018","tag-centri-di-accoglienza","tag-corte-costituzionale","tag-detenzione-amministrativa","tag-immigrati","tag-prefetture","tag-protezione-internazionale","tag-rifugiati","tag-rimpatri"],"jetpack_publicize_connections":[],"jetpack_featured_media_url":"","jetpack_shortlink":"https:\/\/wp.me\/p84sDq-1ll","jetpack_likes_enabled":true,"jetpack_sharing_enabled":true,"_links":{"self":[{"href":"https:\/\/www.lacostituzione.info\/index.php\/wp-json\/wp\/v2\/posts\/5167","targetHints":{"allow":["GET"]}}],"collection":[{"href":"https:\/\/www.lacostituzione.info\/index.php\/wp-json\/wp\/v2\/posts"}],"about":[{"href":"https:\/\/www.lacostituzione.info\/index.php\/wp-json\/wp\/v2\/types\/post"}],"author":[{"embeddable":true,"href":"https:\/\/www.lacostituzione.info\/index.php\/wp-json\/wp\/v2\/users\/1"}],"replies":[{"embeddable":true,"href":"https:\/\/www.lacostituzione.info\/index.php\/wp-json\/wp\/v2\/comments?post=5167"}],"version-history":[{"count":0,"href":"https:\/\/www.lacostituzione.info\/index.php\/wp-json\/wp\/v2\/posts\/5167\/revisions"}],"wp:attachment":[{"href":"https:\/\/www.lacostituzione.info\/index.php\/wp-json\/wp\/v2\/media?parent=5167"}],"wp:term":[{"taxonomy":"category","embeddable":true,"href":"https:\/\/www.lacostituzione.info\/index.php\/wp-json\/wp\/v2\/categories?post=5167"},{"taxonomy":"post_tag","embeddable":true,"href":"https:\/\/www.lacostituzione.info\/index.php\/wp-json\/wp\/v2\/tags?post=5167"}],"curies":[{"name":"wp","href":"https:\/\/api.w.org\/{rel}","templated":true}]}}