{"id":5238,"date":"2018-05-31T21:15:20","date_gmt":"2018-05-31T19:15:20","guid":{"rendered":"http:\/\/www.lacostituzione.info\/?p=5238"},"modified":"2018-05-31T21:36:55","modified_gmt":"2018-05-31T19:36:55","slug":"in-tema-di-nomina-dei-ministri-e-poteri-del-presidente-della-repubblica","status":"publish","type":"post","link":"https:\/\/www.lacostituzione.info\/index.php\/2018\/05\/31\/in-tema-di-nomina-dei-ministri-e-poteri-del-presidente-della-repubblica\/","title":{"rendered":"In tema di nomina dei ministri e poteri del Presidente della Repubblica"},"content":{"rendered":"<p>di Alessandro Gigliotti*<a href=\"http:\/\/www.lacostituzione.info\/wp-content\/uploads\/2018\/05\/maxresdefault.jpg\"><img loading=\"lazy\" decoding=\"async\" data-attachment-id=\"5094\" data-permalink=\"https:\/\/www.lacostituzione.info\/index.php\/2018\/05\/09\/mandati-esplorativi-incarichi-e-preincarichi-di-cosa-stiamo-parlando\/maxresdefault\/#main\" data-orig-file=\"https:\/\/www.lacostituzione.info\/wp-content\/uploads\/2018\/05\/maxresdefault.jpg\" data-orig-size=\"1280,720\" data-comments-opened=\"1\" data-image-meta=\"{&quot;aperture&quot;:&quot;0&quot;,&quot;credit&quot;:&quot;&quot;,&quot;camera&quot;:&quot;&quot;,&quot;caption&quot;:&quot;&quot;,&quot;created_timestamp&quot;:&quot;0&quot;,&quot;copyright&quot;:&quot;&quot;,&quot;focal_length&quot;:&quot;0&quot;,&quot;iso&quot;:&quot;0&quot;,&quot;shutter_speed&quot;:&quot;0&quot;,&quot;title&quot;:&quot;&quot;,&quot;orientation&quot;:&quot;0&quot;}\" data-image-title=\"maxresdefault\" data-image-description=\"\" data-image-caption=\"\" data-medium-file=\"https:\/\/www.lacostituzione.info\/wp-content\/uploads\/2018\/05\/maxresdefault-300x169.jpg\" data-large-file=\"https:\/\/www.lacostituzione.info\/wp-content\/uploads\/2018\/05\/maxresdefault-1024x576.jpg\" class=\"size-thumbnail wp-image-5094 alignleft\" src=\"http:\/\/www.lacostituzione.info\/wp-content\/uploads\/2018\/05\/maxresdefault-150x150.jpg\" alt=\"\" width=\"150\" height=\"150\" \/><\/a><\/p>\n<p>La recentissima vicenda del (mancato) Governo Conte ha riaperto il dibattito sull\u2019<em>iter<\/em> di formazione dell\u2019esecutivo e, soprattutto, sui poteri del Presidente della Repubblica in ordine alla nomina del Presidente del Consiglio e dei ministri. \u00c8 noto che, in argomento, le disposizioni costituzionali sono assai stringate, limitandosi l\u2019art. 92 a disporre che \u00ab<em>il Presidente della Repubblica nomina il Presidente del Consiglio dei ministri e, su proposta di questo, i ministri<\/em>\u00bb. Il resto \u00e8 demandato a consuetudini, convenzioni, prassi, non per questo meno cogenti delle norme espresse, ma indubbiamente pi\u00f9 sfuggenti e controverse.<!--more--><\/p>\n<p>Quanto alla nomina del Presidente del Consiglio, i poteri presidenziali vanno letti alla luce del legame esistente tra l\u2019art. 92 e il successivo art. 94, il quale prevede che il Governo debba avere la fiducia delle due Camere. Ne consegue che il Capo dello Stato non gode di piena discrezionalit\u00e0 nella scelta del nome cui conferire l\u2019incarico, dovendo egli tenere conto degli equilibri parlamentari, della maggioranza formatasi presso le due Camere, e che per tali ragioni \u00e8 tenuto a consultare preventivamente i rappresentanti dei gruppi politici che siedono in Parlamento. Nondimeno, nella delicata fase della nomina del Capo del Governo il ruolo presidenziale \u00e8 tutt\u2019altro che puramente notarile: \u00e8 proprio in relazione a tale potere che si invera la nota immagine di Giuliano Amato, che paragona i poteri presidenziali ad una fisarmonica, in quanto questi si riducono o si dilatano a seconda del grado di maggiore o minore stabilit\u00e0 del sistema. E cos\u00ec, se dinanzi ad una chiara maggioranza parlamentare che si riconosce in una indiscussa <em>leadership<\/em> il Presidente della Repubblica non pu\u00f2 che prenderne atto e nominare detto <em>leader<\/em> alla carica di Presidente del Consiglio, nei casi di crisi di governo e\/o di maggioranze scarsamente chiare o coese il ruolo presidenziale si amplifica notevolmente. Sino a giungere, nell\u2019ipotesi pi\u00f9 drastica della crisi di sistema, alla situazione nella quale il Presidente della Repubblica assurge al ruolo di \u00abreggitore dello Stato\u00bb, secondo quanto teorizzato oltre cinquant\u2019anni fa da Carlo Esposito, come accaduto del resto pi\u00f9 volte nel nostro ordinamento con l\u2019esperienza dei \u00abGoverni del Presidente\u00bb.<\/p>\n<p>Ben diverso, invece, il ruolo presidenziale nella fase successiva, quella in cui si delinea la compagine ministeriale. Qui si pone il problema della dialettica tra Presidente della Repubblica, titolare del potere di nomina, e Presidente del Consiglio, cui compete la proposta. Gi\u00e0 dal mero dato testuale dell\u2019art. 92, del resto, si deduce che la \u00abscelta\u00bb effettiva non spetta n\u00e9 al Capo dello Stato, poich\u00e9 questi non \u00e8 in condizione di esercitarla in assenza di una proposta, n\u00e9 interamente al Capo del Governo, poich\u00e9 altrimenti la Costituzione avrebbe assegnato a quest\u2019ultimo il potere di nomina per mezzo di un proprio decreto. Il fatto che l\u2019art. 92 presupponga una collaborazione tra due organi, pertanto, deve rispondere ad una qualche logica. Non \u00e8 sufficiente, di per s\u00e9, chiamare in causa motivazioni di ordine storico, per quanto non del tutto irrilevanti, in ragione delle quali il potere di nomina dei ministri, spettante al Re, si sia trasferito pressoch\u00e9 ovunque in capo al Presidente della Repubblica. \u00c8 infatti da ritenere che, per quanto il potere di proposta venga giustamente interpretato nel senso di affidare la scelta effettiva dei ministri al Presidente del Consiglio \u2013 che li concorda, in realt\u00e0, con la propria maggioranza \u2013, al Presidente della Repubblica debba spettare un qualche margine di valutazione sulla lista. Si tratta di capire in che misura.<\/p>\n<p>Orbene, il fatto che il Presidente della Repubblica nomini i ministri, ma su proposta di un altro soggetto, implica anzitutto che il Quirinale non possa avanzare, quanto meno formalmente, proprie candidature. I casi anche recenti di ministri \u00absuggeriti\u00bb, se non addirittura \u00abimposti\u00bb, dal Quirinale sono pertanto indice non di un potere di scelta spettante al Capo dello Stato, quanto di una <em>moral suasion<\/em> esercitata nei confronti del Capo del Governo. Pi\u00f9 delicato, invece, \u00e8 rispondere al quesito se il Presidente della Repubblica possa rifiutare una proposta, possa cio\u00e8 porre un veto su un certo nome. La risposta non pu\u00f2 che essere negativa. Egli pu\u00f2 senz\u2019altro confrontarsi con il Presidente incaricato, consigliarlo, fargli notare che una certa nomina \u00e8 inopportuna, che per quel determinato ministero \u00e8 preferibile un\u2019altra figura e cos\u00ec via. Non di pi\u00f9, per\u00f2. Rifiutare espressamente una nomina, in astratto, pu\u00f2 anche ammettersi, ma solo per gravi motivi e mai per ragioni di natura politica. Il Presidente della Repubblica \u00e8 il garante della Costituzione, dei suoi valori, delle sue procedure, dei meccanismi istituzionali, del gioco democratico. \u00c8 un arbitro, non un giocatore. Qualora andasse ad incidere sulle scelte di indirizzo politico riservate al binomio Governo-Parlamento, finirebbe per collocarsi al di fuori del perimetro tracciato dalla Carta costituzionale.<\/p>\n<p>Non muta i termini della questione neppure richiamare i precedenti nei quali il Presidente della Repubblica avrebbe opposto un rifiuto nei confronti di un nome sottopostogli dal Presidente incaricato. Da Darida a Previti, da Maroni a Gratteri, sono diversi i Presidenti e i Governi chiamati in causa. Simili precedenti, tuttavia, non smentiscono quanto affermato sinora, semmai ne danno puntuale conferma. Nei casi citati il Presidente della Repubblica ha s\u00ec espresso perplessit\u00e0 sul nome proposto, ma esclusivamente in virt\u00f9 di gravi motivi generalmente legati alla sfera personale dell\u2019interessato e mai per ragioni puramente politiche; peraltro, ed \u00e8 il punto chiave, tali perplessit\u00e0 sono rimaste confinate ai colloqui svolti nelle stanze del Quirinale. Il veto, in altri termini, \u00e8 stato posto <em>in camera caritatis<\/em>, con il Presidente del Consiglio che ha \u2013 <em>bon gr\u00e9 mal gr\u00e9<\/em> \u2013 deciso di accogliere i rilievi del Quirinale e puntare su una personalit\u00e0 diversa, facendo una nuova \u00abproposta\u00bb al Colle e mantenendo il procedimento nell\u2019alveo dell\u2019art. 92. Tant\u2019\u00e8 vero che si ha contezza di tali precedenti solo tramite indiscrezioni.<\/p>\n<p>In tema di nomina dei ministri, pertanto, i poteri presidenziali sono molto pi\u00f9 contenuti rispetto a quanto avviene per la preposizione del Presidente del Consiglio. Lo conferma la natura giuridica degli stessi atti presidenziali, secondo quanto teorizzato dalla migliore dottrina: mentre l\u2019atto di nomina del Capo del Governo \u00e8 considerato un atto complesso, nel quale cio\u00e8 la volont\u00e0 presidenziale deve fondersi con quella del ministro controfirmante, gli atti di nomina dei ministri proposti dal Presidente del Consiglio rientrano nella categoria degli atti \u00abformalmente presidenziali ma sostanzialmente governativi\u00bb (Mortati). Atti nei quali il ruolo presidenziale \u00e8 circoscritto ad una verifica della legittimit\u00e0 degli stessi, alla compatibilit\u00e0 ed alla conformit\u00e0 con il quadro costituzionale.<\/p>\n<p>In definitiva, nella fase della nomina dei ministri il ruolo decisivo spetta a colui che ha il potere di \u00abproposta\u00bb, non a colui che ha il potere di \u00abnomina\u00bb. La scelta dei ministri compete al Presidente del Consiglio e non al Presidente della Repubblica. Tuttavia, essendo quest\u2019ultimo titolare del potere di nomina, nonch\u00e9 garante della Costituzione, ha senz\u2019altro il potere di valutare ogni singola proposta, non per sindacarne il merito politico, ma esclusivamente per assicurare il rispetto dei valori costituzionali e delle regole del gioco. Il Presidente della Repubblica non sceglie i ministri e non pu\u00f2 mettere il veto sui nomi proposti dal Capo del Governo, ma ha la possibilit\u00e0 di consigliare, dissuadere, indirizzare. In questa sfera cos\u00ec nebulosa e indefinita, pu\u00f2 anche accadere che il Quirinale \u00abimponga\u00bb un certo nome o \u00abconvinca\u00bb a non nominare una certa persona, ma sempre nel quadro di una <em>moral suasion<\/em>, di quel potere di influenza connaturato al ruolo presidenziale e che \u00e8 fisiologico sia esercitato nei confronti del Presidente del Consiglio all\u2019atto della formazione del Governo.<\/p>\n<p>*\u00a0Dottore di ricerca in Teoria dello Stato e istituzioni politiche comparate presso l&#8217;Universit\u00e0 di Roma La Sapienza<\/p>\n","protected":false},"excerpt":{"rendered":"<p>di Alessandro Gigliotti* La recentissima vicenda del (mancato) Governo Conte ha riaperto il dibattito sull\u2019iter di formazione dell\u2019esecutivo e, soprattutto, sui poteri del Presidente della Repubblica in ordine alla nomina del Presidente del Consiglio e dei ministri. \u00c8 noto che, in argomento, le disposizioni costituzionali sono assai stringate, limitandosi l\u2019art. 92 a disporre che \u00abil &#8230; <a title=\"In tema di nomina dei ministri e poteri del Presidente della Repubblica\" class=\"read-more\" href=\"https:\/\/www.lacostituzione.info\/index.php\/2018\/05\/31\/in-tema-di-nomina-dei-ministri-e-poteri-del-presidente-della-repubblica\/\">Leggi tutto<\/a><\/p>\n<div class='heateorSssClear'><\/div><div  class='heateor_sss_sharing_container heateor_sss_horizontal_sharing' data-heateor-sss-href='https:\/\/www.lacostituzione.info\/index.php\/2018\/05\/31\/in-tema-di-nomina-dei-ministri-e-poteri-del-presidente-della-repubblica\/'><div class='heateor_sss_sharing_title' style=\"font-weight:bold\" >Condividi!<\/div><div class=\"heateor_sss_sharing_ul\"><a aria-label=\"Facebook\" class=\"heateor_sss_facebook\" href=\"https:\/\/www.facebook.com\/sharer\/sharer.php?u=https%3A%2F%2Fwww.lacostituzione.info%2Findex.php%2F2018%2F05%2F31%2Fin-tema-di-nomina-dei-ministri-e-poteri-del-presidente-della-repubblica%2F\" title=\"Facebook\" rel=\"nofollow noopener\" target=\"_blank\" style=\"font-size:32px!important;box-shadow:none;display:inline-block;vertical-align:middle\"><span class=\"heateor_sss_svg\" style=\"background-color:#0765FE;width:35px;height:35px;display:inline-block;opacity:1;float:left;font-size:32px;box-shadow:none;display:inline-block;font-size:16px;padding:0 4px;vertical-align:middle;background-repeat:repeat;overflow:hidden;padding:0;cursor:pointer;box-sizing:content-box\"><svg style=\"display:block;\" focusable=\"false\" aria-hidden=\"true\" xmlns=\"http:\/\/www.w3.org\/2000\/svg\" width=\"100%\" height=\"100%\" viewBox=\"0 0 32 32\"><path fill=\"#fff\" d=\"M28 16c0-6.627-5.373-12-12-12S4 9.373 4 16c0 5.628 3.875 10.35 9.101 11.647v-7.98h-2.474V16H13.1v-1.58c0-4.085 1.849-5.978 5.859-5.978.76 0 2.072.15 2.608.298v3.325c-.283-.03-.775-.045-1.386-.045-1.967 0-2.728.745-2.728 2.683V16h3.92l-.673 3.667h-3.247v8.245C23.395 27.195 28 22.135 28 16Z\"><\/path><\/svg><\/span><\/a><a aria-label=\"Twitter\" class=\"heateor_sss_button_twitter\" href=\"https:\/\/twitter.com\/intent\/tweet?text=In%20tema%20di%20nomina%20dei%20ministri%20e%20poteri%20del%20Presidente%20della%20Repubblica&url=https%3A%2F%2Fwww.lacostituzione.info%2Findex.php%2F2018%2F05%2F31%2Fin-tema-di-nomina-dei-ministri-e-poteri-del-presidente-della-repubblica%2F\" title=\"Twitter\" rel=\"nofollow noopener\" target=\"_blank\" style=\"font-size:32px!important;box-shadow:none;display:inline-block;vertical-align:middle\"><span class=\"heateor_sss_svg heateor_sss_s__default heateor_sss_s_twitter\" style=\"background-color:#55acee;width:35px;height:35px;display:inline-block;opacity:1;float:left;font-size:32px;box-shadow:none;display:inline-block;font-size:16px;padding:0 4px;vertical-align:middle;background-repeat:repeat;overflow:hidden;padding:0;cursor:pointer;box-sizing:content-box\"><svg style=\"display:block;\" focusable=\"false\" aria-hidden=\"true\" xmlns=\"http:\/\/www.w3.org\/2000\/svg\" width=\"100%\" height=\"100%\" viewBox=\"-4 -4 39 39\"><path d=\"M28 8.557a9.913 9.913 0 0 1-2.828.775 4.93 4.93 0 0 0 2.166-2.725 9.738 9.738 0 0 1-3.13 1.194 4.92 4.92 0 0 0-3.593-1.55 4.924 4.924 0 0 0-4.794 6.049c-4.09-.21-7.72-2.17-10.15-5.15a4.942 4.942 0 0 0-.665 2.477c0 1.71.87 3.214 2.19 4.1a4.968 4.968 0 0 1-2.23-.616v.06c0 2.39 1.7 4.38 3.952 4.83-.414.115-.85.174-1.297.174-.318 0-.626-.03-.928-.086a4.935 4.935 0 0 0 4.6 3.42 9.893 9.893 0 0 1-6.114 2.107c-.398 0-.79-.023-1.175-.068a13.953 13.953 0 0 0 7.55 2.213c9.056 0 14.01-7.507 14.01-14.013 0-.213-.005-.426-.015-.637.96-.695 1.795-1.56 2.455-2.55z\" fill=\"#fff\"><\/path><\/svg><\/span><\/a><a aria-label=\"Reddit\" class=\"heateor_sss_button_reddit\" href=\"https:\/\/reddit.com\/submit?url=https%3A%2F%2Fwww.lacostituzione.info%2Findex.php%2F2018%2F05%2F31%2Fin-tema-di-nomina-dei-ministri-e-poteri-del-presidente-della-repubblica%2F&title=In%20tema%20di%20nomina%20dei%20ministri%20e%20poteri%20del%20Presidente%20della%20Repubblica\" title=\"Reddit\" rel=\"nofollow noopener\" target=\"_blank\" style=\"font-size:32px!important;box-shadow:none;display:inline-block;vertical-align:middle\"><span class=\"heateor_sss_svg heateor_sss_s__default heateor_sss_s_reddit\" style=\"background-color:#ff5700;width:35px;height:35px;display:inline-block;opacity:1;float:left;font-size:32px;box-shadow:none;display:inline-block;font-size:16px;padding:0 4px;vertical-align:middle;background-repeat:repeat;overflow:hidden;padding:0;cursor:pointer;box-sizing:content-box\"><svg style=\"display:block;\" focusable=\"false\" aria-hidden=\"true\" xmlns=\"http:\/\/www.w3.org\/2000\/svg\" width=\"100%\" height=\"100%\" viewBox=\"-3.5 -3.5 39 39\"><path d=\"M28.543 15.774a2.953 2.953 0 0 0-2.951-2.949 2.882 2.882 0 0 0-1.9.713 14.075 14.075 0 0 0-6.85-2.044l1.38-4.349 3.768.884a2.452 2.452 0 1 0 .24-1.176l-4.274-1a.6.6 0 0 0-.709.4l-1.659 5.224a14.314 14.314 0 0 0-7.316 2.029 2.908 2.908 0 0 0-1.872-.681 2.942 2.942 0 0 0-1.618 5.4 5.109 5.109 0 0 0-.062.765c0 4.158 5.037 7.541 11.229 7.541s11.22-3.383 11.22-7.541a5.2 5.2 0 0 0-.053-.706 2.963 2.963 0 0 0 1.427-2.51zm-18.008 1.88a1.753 1.753 0 0 1 1.73-1.74 1.73 1.73 0 0 1 1.709 1.74 1.709 1.709 0 0 1-1.709 1.711 1.733 1.733 0 0 1-1.73-1.711zm9.565 4.968a5.573 5.573 0 0 1-4.081 1.272h-.032a5.576 5.576 0 0 1-4.087-1.272.6.6 0 0 1 .844-.854 4.5 4.5 0 0 0 3.238.927h.032a4.5 4.5 0 0 0 3.237-.927.6.6 0 1 1 .844.854zm-.331-3.256a1.726 1.726 0 1 1 1.709-1.712 1.717 1.717 0 0 1-1.712 1.712z\" fill=\"#fff\"\/><\/svg><\/span><\/a><a aria-label=\"Linkedin\" class=\"heateor_sss_button_linkedin\" href=\"https:\/\/www.linkedin.com\/sharing\/share-offsite\/?url=https%3A%2F%2Fwww.lacostituzione.info%2Findex.php%2F2018%2F05%2F31%2Fin-tema-di-nomina-dei-ministri-e-poteri-del-presidente-della-repubblica%2F\" title=\"Linkedin\" rel=\"nofollow noopener\" target=\"_blank\" style=\"font-size:32px!important;box-shadow:none;display:inline-block;vertical-align:middle\"><span class=\"heateor_sss_svg heateor_sss_s__default heateor_sss_s_linkedin\" style=\"background-color:#0077b5;width:35px;height:35px;display:inline-block;opacity:1;float:left;font-size:32px;box-shadow:none;display:inline-block;font-size:16px;padding:0 4px;vertical-align:middle;background-repeat:repeat;overflow:hidden;padding:0;cursor:pointer;box-sizing:content-box\"><svg style=\"display:block;\" focusable=\"false\" aria-hidden=\"true\" xmlns=\"http:\/\/www.w3.org\/2000\/svg\" width=\"100%\" height=\"100%\" viewBox=\"0 0 32 32\"><path d=\"M6.227 12.61h4.19v13.48h-4.19V12.61zm2.095-6.7a2.43 2.43 0 0 1 0 4.86c-1.344 0-2.428-1.09-2.428-2.43s1.084-2.43 2.428-2.43m4.72 6.7h4.02v1.84h.058c.56-1.058 1.927-2.176 3.965-2.176 4.238 0 5.02 2.792 5.02 6.42v7.395h-4.183v-6.56c0-1.564-.03-3.574-2.178-3.574-2.18 0-2.514 1.7-2.514 3.46v6.668h-4.187V12.61z\" fill=\"#fff\"><\/path><\/svg><\/span><\/a><a aria-label=\"Pinterest\" class=\"heateor_sss_button_pinterest\" href=\"https:\/\/www.lacostituzione.info\/index.php\/2018\/05\/31\/in-tema-di-nomina-dei-ministri-e-poteri-del-presidente-della-repubblica\/\" onclick=\"event.preventDefault();javascript:void( (function() {var e=document.createElement('script' );e.setAttribute('type','text\/javascript' );e.setAttribute('charset','UTF-8' );e.setAttribute('src','\/\/assets.pinterest.com\/js\/pinmarklet.js?r='+Math.random()*99999999);document.body.appendChild(e)})());\" title=\"Pinterest\" rel=\"noopener\" style=\"font-size:32px!important;box-shadow:none;display:inline-block;vertical-align:middle\"><span class=\"heateor_sss_svg heateor_sss_s__default heateor_sss_s_pinterest\" style=\"background-color:#cc2329;width:35px;height:35px;display:inline-block;opacity:1;float:left;font-size:32px;box-shadow:none;display:inline-block;font-size:16px;padding:0 4px;vertical-align:middle;background-repeat:repeat;overflow:hidden;padding:0;cursor:pointer;box-sizing:content-box\"><svg style=\"display:block;\" focusable=\"false\" aria-hidden=\"true\" xmlns=\"http:\/\/www.w3.org\/2000\/svg\" width=\"100%\" height=\"100%\" viewBox=\"-2 -2 35 35\"><path fill=\"#fff\" d=\"M16.539 4.5c-6.277 0-9.442 4.5-9.442 8.253 0 2.272.86 4.293 2.705 5.046.303.125.574.005.662-.33.061-.231.205-.816.27-1.06.088-.331.053-.447-.191-.736-.532-.627-.873-1.439-.873-2.591 0-3.338 2.498-6.327 6.505-6.327 3.548 0 5.497 2.168 5.497 5.062 0 3.81-1.686 7.025-4.188 7.025-1.382 0-2.416-1.142-2.085-2.545.397-1.674 1.166-3.48 1.166-4.689 0-1.081-.581-1.983-1.782-1.983-1.413 0-2.548 1.462-2.548 3.419 0 1.247.421 2.091.421 2.091l-1.699 7.199c-.505 2.137-.076 4.755-.039 5.019.021.158.223.196.314.077.13-.17 1.813-2.247 2.384-4.324.162-.587.929-3.631.929-3.631.46.876 1.801 1.646 3.227 1.646 4.247 0 7.128-3.871 7.128-9.053.003-3.918-3.317-7.568-8.361-7.568z\"\/><\/svg><\/span><\/a><a aria-label=\"Whatsapp\" class=\"heateor_sss_whatsapp\" href=\"https:\/\/api.whatsapp.com\/send?text=In%20tema%20di%20nomina%20dei%20ministri%20e%20poteri%20del%20Presidente%20della%20Repubblica%20https%3A%2F%2Fwww.lacostituzione.info%2Findex.php%2F2018%2F05%2F31%2Fin-tema-di-nomina-dei-ministri-e-poteri-del-presidente-della-repubblica%2F\" title=\"Whatsapp\" rel=\"nofollow noopener\" target=\"_blank\" style=\"font-size:32px!important;box-shadow:none;display:inline-block;vertical-align:middle\"><span class=\"heateor_sss_svg\" style=\"background-color:#55eb4c;width:35px;height:35px;display:inline-block;opacity:1;float:left;font-size:32px;box-shadow:none;display:inline-block;font-size:16px;padding:0 4px;vertical-align:middle;background-repeat:repeat;overflow:hidden;padding:0;cursor:pointer;box-sizing:content-box\"><svg style=\"display:block;\" focusable=\"false\" aria-hidden=\"true\" xmlns=\"http:\/\/www.w3.org\/2000\/svg\" width=\"100%\" height=\"100%\" viewBox=\"-6 -5 40 40\"><path class=\"heateor_sss_svg_stroke heateor_sss_no_fill\" stroke=\"#fff\" stroke-width=\"2\" fill=\"none\" d=\"M 11.579798566743314 24.396926207859085 A 10 10 0 1 0 6.808479557110079 20.73576436351046\"><\/path><path d=\"M 7 19 l -1 6 l 6 -1\" class=\"heateor_sss_no_fill heateor_sss_svg_stroke\" stroke=\"#fff\" stroke-width=\"2\" fill=\"none\"><\/path><path d=\"M 10 10 q -1 8 8 11 c 5 -1 0 -6 -1 -3 q -4 -3 -5 -5 c 4 -2 -1 -5 -1 -4\" fill=\"#fff\"><\/path><\/svg><\/span><\/a><\/div><div class=\"heateorSssClear\"><\/div><\/div><div class='heateorSssClear'><\/div>","protected":false},"author":3,"featured_media":0,"comment_status":"open","ping_status":"open","sticky":false,"template":"","format":"standard","meta":{"jetpack_post_was_ever_published":false,"_jetpack_newsletter_access":"","_jetpack_dont_email_post_to_subs":false,"_jetpack_newsletter_tier_id":0,"_jetpack_memberships_contains_paywalled_content":false,"_jetpack_memberships_contains_paid_content":false,"footnotes":"","jetpack_publicize_message":"","jetpack_publicize_feature_enabled":true,"jetpack_social_post_already_shared":true,"jetpack_social_options":{"image_generator_settings":{"template":"highway","default_image_id":0,"enabled":false},"version":2}},"categories":[4],"tags":[179,1240,180],"class_list":["post-5238","post","type-post","status-publish","format-standard","hentry","category-attualita","tag-crisi-di-governo","tag-poteri-presidenziali","tag-presidente-della-repubblica"],"jetpack_publicize_connections":[],"jetpack_featured_media_url":"","jetpack_shortlink":"https:\/\/wp.me\/p84sDq-1mu","jetpack_likes_enabled":true,"jetpack_sharing_enabled":true,"_links":{"self":[{"href":"https:\/\/www.lacostituzione.info\/index.php\/wp-json\/wp\/v2\/posts\/5238","targetHints":{"allow":["GET"]}}],"collection":[{"href":"https:\/\/www.lacostituzione.info\/index.php\/wp-json\/wp\/v2\/posts"}],"about":[{"href":"https:\/\/www.lacostituzione.info\/index.php\/wp-json\/wp\/v2\/types\/post"}],"author":[{"embeddable":true,"href":"https:\/\/www.lacostituzione.info\/index.php\/wp-json\/wp\/v2\/users\/3"}],"replies":[{"embeddable":true,"href":"https:\/\/www.lacostituzione.info\/index.php\/wp-json\/wp\/v2\/comments?post=5238"}],"version-history":[{"count":0,"href":"https:\/\/www.lacostituzione.info\/index.php\/wp-json\/wp\/v2\/posts\/5238\/revisions"}],"wp:attachment":[{"href":"https:\/\/www.lacostituzione.info\/index.php\/wp-json\/wp\/v2\/media?parent=5238"}],"wp:term":[{"taxonomy":"category","embeddable":true,"href":"https:\/\/www.lacostituzione.info\/index.php\/wp-json\/wp\/v2\/categories?post=5238"},{"taxonomy":"post_tag","embeddable":true,"href":"https:\/\/www.lacostituzione.info\/index.php\/wp-json\/wp\/v2\/tags?post=5238"}],"curies":[{"name":"wp","href":"https:\/\/api.w.org\/{rel}","templated":true}]}}