{"id":5313,"date":"2018-06-14T12:18:23","date_gmt":"2018-06-14T10:18:23","guid":{"rendered":"http:\/\/www.lacostituzione.info\/?p=5313"},"modified":"2018-06-21T10:20:57","modified_gmt":"2018-06-21T08:20:57","slug":"a-mente-fredda-i-poteri-del-presidente-della-repubblica-e-limportanza-delle-prassi","status":"publish","type":"post","link":"https:\/\/www.lacostituzione.info\/index.php\/2018\/06\/14\/a-mente-fredda-i-poteri-del-presidente-della-repubblica-e-limportanza-delle-prassi\/","title":{"rendered":"A mente fredda. I poteri del Presidente della Repubblica e l\u2019importanza delle prassi"},"content":{"rendered":"<p style=\"text-align: left;\">di\u00a0<strong><abbr class='c2c-text-hover' title='Professore ordinario di Diritto costituzionale - Universit\u00e0 di Ferrara'>Roberto Bin<\/abbr><\/strong><img loading=\"lazy\" decoding=\"async\" data-attachment-id=\"5314\" data-permalink=\"https:\/\/www.lacostituzione.info\/index.php\/2018\/06\/14\/a-mente-fredda-i-poteri-del-presidente-della-repubblica-e-limportanza-delle-prassi\/altan1597\/#main\" data-orig-file=\"https:\/\/www.lacostituzione.info\/wp-content\/uploads\/2018\/06\/altan1597.jpg\" data-orig-size=\"730,694\" data-comments-opened=\"1\" data-image-meta=\"{&quot;aperture&quot;:&quot;0&quot;,&quot;credit&quot;:&quot;&quot;,&quot;camera&quot;:&quot;&quot;,&quot;caption&quot;:&quot;&quot;,&quot;created_timestamp&quot;:&quot;0&quot;,&quot;copyright&quot;:&quot;&quot;,&quot;focal_length&quot;:&quot;0&quot;,&quot;iso&quot;:&quot;0&quot;,&quot;shutter_speed&quot;:&quot;0&quot;,&quot;title&quot;:&quot;&quot;,&quot;orientation&quot;:&quot;0&quot;}\" data-image-title=\"altan1597\" data-image-description=\"\" data-image-caption=\"\" data-medium-file=\"https:\/\/www.lacostituzione.info\/wp-content\/uploads\/2018\/06\/altan1597-300x285.jpg\" data-large-file=\"https:\/\/www.lacostituzione.info\/wp-content\/uploads\/2018\/06\/altan1597.jpg\" class=\"aligncenter size-thumbnail wp-image-5314\" src=\"http:\/\/www.lacostituzione.info\/wp-content\/uploads\/2018\/06\/altan1597-150x150.jpg\" alt=\"\" width=\"150\" height=\"150\" \/>Nei giorni passati le vicende della formazione del Governo Conte hanno suscitato commenti, giudizi, critiche che hanno posto al centro dell\u2019attenzione i poteri del Presidente della Repubblica e i vincoli costituzionali. Molti i commenti che si sono susseguiti anche in questo giornale, sia sulla legittimit\u00e0 del rifiuto di Mattarella di nominare il ministro dell\u2019economia \u201cproposto\u201d da Conte sia sulla sua opportunit\u00e0. Ora che la questione si \u00e8 raffreddata merita riproporla per una riflessione pi\u00f9 posata. Anche perch\u00e9 alcuni nodi restano irrisolti e questo minaccia di accendere altre crisi costituzionali, <a href=\"http:\/\/www.lacostituzione.info\/index.php\/2018\/05\/16\/il-contratto-di-governo-e-il-rischio-di-una-grave-crisi-costituzionale\/\">prevedibili<\/a> come in fondo lo \u00e8 stata quella appena sopita.<!--more--><\/p>\n<p>Quel che dice la Costituzione lo si sa: il Presidente della Repubblica nomina i ministri su proposta del Presidente (che lui ha) incaricato. L\u2019incarico lo ha conferito dopo le consultazioni, avendo accertato quale sia la personalit\u00e0 che pu\u00f2 coagulare una maggioranza in Parlamento, visto che dieci giorni dopo la nomina il Governo dovr\u00e0 presentarsi alle Camere per la fiducia. La scelta dell\u2019incaricato \u2013 si dice perci\u00f2 \u2013 non \u00e8 \u201clibera\u201d ma \u201cdiscrezionale\u201d, ossia vincolata al fine di nominare un Governo che possa ottenere la fiducia.<\/p>\n<p>Che un soggetto <em>proponga<\/em> e l\u2019altro <em>nomini<\/em> i ministri significa che entrambi svolgono una funzione, ossia una valutazione autonoma. Quello che si discute \u00e8 in cosa consista e che ampiezza abbia la valutazione <em>riservata<\/em> al Presidente della Repubblica. I manuali pi\u00f9 qualificati in maggioranza suggeriscono che la proposta dell\u2019incaricato sia <em>vincolante<\/em> e questo ha indotto alcuni a chiudere sbrigativamente la questione nel senso di negare una vera autonoma valutazione del Presidente della Repubblica. Ma si tratta di una lettura sbrigativa, perch\u00e9 la proposta \u00e8 <em>vincolante<\/em> \u2013 e sicuramente lo \u00e8 \u2013 nel senso che il Presidente della Repubblica non potrebbe nominare un ministro <em>diverso da quello proposto<\/em>: ma non significa anche che non possa rifiutare di nominare il ministro proposto.<\/p>\n<p>Qui subentra l\u2019argomento delle prassi. Pi\u00f9 volte il Presidente della Repubblica ha rifiutato la nomina del ministro proposto: si ricorda Pertini che rifiut\u00f2 di nominare politici iscritti alla Loggia P2, si ricorda Scalfaro che rifiut\u00f2 di nominare Previti a ministro della giustizia, e altri casi \u201cminori\u201d, cio\u00e8 meno espliciti o clamorosi (vedi per esempio l\u2019<a href=\"http:\/\/www.ilsole24ore.com\/art\/notizie\/2018-05-25\/da-previti-gratteri-tutte-volte-che-colle-ha-stoppato-nomina-un-ministro-095635.shtml?uuid=AEjC1auE&amp;refresh_ce=1\">articolo del Sole-24 ore<\/a> e <a href=\"http:\/\/www.lacostituzione.info\/index.php\/2018\/05\/29\/le-ragioni-di-mattarella-nel-rifiutare-quella-nomina-ma-lo-ha-fatto-nella-sede-sbagliata\/\">l\u2019articolo di Salvatore Curreri<\/a> qui pubblicato). Per\u00f2, si obietta, in tutti questi casi la motivazione del gesto del Presidente non era \u201cpolitica\u201d, ma quasi \u201ctecnica\u201d, nel senso che si basava su argomenti legati a giudizi penali pendenti o a valutazioni di compatibilit\u00e0 \u201cmorale\u201d: insomma mai un Presidente della Repubblica avrebbe opposto motivazioni di natura \u201cpolitica\u201d, come sarebbero invece quelle che avrebbero spinto Mattarella ad opporsi alla nomina di Savona.<\/p>\n<p>L\u2019appello alle prassi \u00e8 sempre da prendere con le molle. \u00c8 vero, mai \u2013 a quanto sembra \u2013 il rifiuto del Presidente si \u00e8 basato su argomentazioni politiche. Allora? Le prassi citate e stracitate dimostrano soltanto che il Presidente <em>pu\u00f2 rifiutare<\/em> la nomina di un ministro, non anche che lo <em>possa<\/em> fare soltanto per<em> motivi non politici<\/em>. Semplicemente non \u00e8 mai capitato che lo abbia fatto. E su questo dato bisogna riflettere.<\/p>\n<p>La singolarit\u00e0 della formazione del Governo Conte non nasce dal rifiuto di Mattarella, ma ben prima. <em>Mai<\/em> nella storia repubblicana il Governo si \u00e8 formato anticipando ogni passo del percorso politico-istituzionale sulla stampa e nei <em>social<\/em>; <em>mai <\/em>il Presidente della Repubblica \u00e8 stato messo di fronte a decisioni dei partiti gi\u00f9 rese pubbliche e solo dopo \u201critualmente\u201d presentate al Quirinale: l\u2019ha messo bene in luce <a href=\"http:\/\/www.lacostituzione.info\/index.php\/2018\/06\/10\/la-non-nomina-di-un-ministro-nellepoca-dei-social\/\">Lara Trucco in questo giornale<\/a>. Chi vuole intendere correttamente che cosa contano le prassi nella definizione dei poteri presidenziali dovrebbe partire da questa constatazione. Se il Presidente Mattarella avesse accettato la nomina di Savona imposta con prepotenza e <em>pubblicamente<\/em> dalle forze politiche in via di formare la maggioranza, allora s\u00ec che avrebbe dato corso ad un precedente che in seguito qualcuno avrebbe potuto invocare come prassi: il precedente avrebbe indicato che il Presidente della Repubblica <em>non pu\u00f2<\/em> rifiutare di nominare un ministro proposto dal Presidente incaricato per motivi \u201cpolitici\u201d, ma solo per questioni giuridico-morali. E questa \u201cprassi\u201d legittimerebbe anche l\u2019atteggiamento dei partiti che \u2013 come nella vicenda del Governo Conte &#8211; si movessero in palese spregio di tutti i principi e le regole, le consuetudini e le prassi che ci dicono che i rapporti tra le istituzioni costituzionali devono essere ispirate da <em>leale cooperazione, rispetto reciproco, correttezza e fair play<\/em>.<\/p>\n<p>Queste sono norme e principi che bisogna vengano rispettati anche dagli elefanti che entrano nella cristalleria costituzionale: qualcuno lo deve imporre. L\u2019assetto costituzionale \u00e8 fatto di relazioni e equilibri fragili: che le forze politiche si muovano senza consapevolezze e rispetto \u00e8 inaccettabile. Ed \u00e8 proprio questo che Mattarella ha preteso di esprimere (come ho sostenuto in un <a href=\"http:\/\/www.lacostituzione.info\/index.php\/2018\/05\/29\/mattarella-non-poteva-ma-doveva-rifiutare-la-nomina\/\">articolo precedente<\/a>).<\/p>\n<p>C\u2019\u00e8 un gesto di Mattarella che al momento mi ha sorpreso e anche disturbato: quando \u00e8 presentato in sala stampa a spiegare perch\u00e9 Conte avesse rinunciato all\u2019incarico, facendo esplicito riferimento al \u201ccaso Savona\u201d. Mai era successo prima che quanto detto nel colloquio riservato tra Presidente della Repubblica e presidente incaricato fosse reso pubblico in via ufficiale. Ma anche questo episodio rientra nella gestione complessiva della vicenda. \u00c8 semplicemente scandaloso che la lista dei ministri fosse stata resa pubblica prima di essere proposta in via formale al Capo dello Stato; \u00e8 semplicemente scandaloso che l\u2019indicazione di Savona come ministro dell\u2019economia venisse reclamizzata in anticipo come punto fermo dell\u2019accordo politico; \u00e8 semplicemente scandaloso che il rifiuto di Mattarella e la rinuncia di Conte fossero rese pubbliche con dichiarazioni ufficiali dei leader politici prima che fosse comunicata ufficialmente da Conte a conclusione dell\u2019incontro \u201criservato\u201d con Mattarella; \u00e8 semplicemente scandaloso che gi\u00e0 si fossero formulate minacce improbabili (alcuni sprovveduti hanno parlato persino di <em>impeachment<\/em>!) a Mattarella prima che l\u2019incontro nel suo studio avesse termine. \u00c8 stato un comportamento oltraggioso e inaccettabile, che Mattarella ha giustamente respinto con fermezza. Prima che diventasse una prassi catalogabile con le altre e cos\u00ec trasmessa alle future generazioni dagli autorevoli manuali<\/p>\n","protected":false},"excerpt":{"rendered":"<p>di\u00a0Roberto BinNei giorni passati le vicende della formazione del Governo Conte hanno suscitato commenti, giudizi, critiche che hanno posto al centro dell\u2019attenzione i poteri del Presidente della Repubblica e i vincoli costituzionali. Molti i commenti che si sono susseguiti anche in questo giornale, sia sulla legittimit\u00e0 del rifiuto di Mattarella di nominare il ministro dell\u2019economia &#8230; <a title=\"A mente fredda. I poteri del Presidente della Repubblica e l\u2019importanza delle prassi\" class=\"read-more\" href=\"https:\/\/www.lacostituzione.info\/index.php\/2018\/06\/14\/a-mente-fredda-i-poteri-del-presidente-della-repubblica-e-limportanza-delle-prassi\/\">Leggi tutto<\/a><\/p>\n<div class='heateorSssClear'><\/div><div  class='heateor_sss_sharing_container heateor_sss_horizontal_sharing' data-heateor-sss-href='https:\/\/www.lacostituzione.info\/index.php\/2018\/06\/14\/a-mente-fredda-i-poteri-del-presidente-della-repubblica-e-limportanza-delle-prassi\/'><div class='heateor_sss_sharing_title' style=\"font-weight:bold\" >Condividi!<\/div><div class=\"heateor_sss_sharing_ul\"><a aria-label=\"Facebook\" class=\"heateor_sss_facebook\" href=\"https:\/\/www.facebook.com\/sharer\/sharer.php?u=https%3A%2F%2Fwww.lacostituzione.info%2Findex.php%2F2018%2F06%2F14%2Fa-mente-fredda-i-poteri-del-presidente-della-repubblica-e-limportanza-delle-prassi%2F\" title=\"Facebook\" rel=\"nofollow noopener\" target=\"_blank\" style=\"font-size:32px!important;box-shadow:none;display:inline-block;vertical-align:middle\"><span class=\"heateor_sss_svg\" style=\"background-color:#0765FE;width:35px;height:35px;display:inline-block;opacity:1;float:left;font-size:32px;box-shadow:none;display:inline-block;font-size:16px;padding:0 4px;vertical-align:middle;background-repeat:repeat;overflow:hidden;padding:0;cursor:pointer;box-sizing:content-box\"><svg style=\"display:block;\" focusable=\"false\" aria-hidden=\"true\" xmlns=\"http:\/\/www.w3.org\/2000\/svg\" width=\"100%\" height=\"100%\" viewBox=\"0 0 32 32\"><path fill=\"#fff\" d=\"M28 16c0-6.627-5.373-12-12-12S4 9.373 4 16c0 5.628 3.875 10.35 9.101 11.647v-7.98h-2.474V16H13.1v-1.58c0-4.085 1.849-5.978 5.859-5.978.76 0 2.072.15 2.608.298v3.325c-.283-.03-.775-.045-1.386-.045-1.967 0-2.728.745-2.728 2.683V16h3.92l-.673 3.667h-3.247v8.245C23.395 27.195 28 22.135 28 16Z\"><\/path><\/svg><\/span><\/a><a aria-label=\"Twitter\" class=\"heateor_sss_button_twitter\" href=\"https:\/\/twitter.com\/intent\/tweet?text=A%20mente%20fredda.%20I%20poteri%20del%20Presidente%20della%20Repubblica%20e%20l%E2%80%99importanza%20delle%20prassi&url=https%3A%2F%2Fwww.lacostituzione.info%2Findex.php%2F2018%2F06%2F14%2Fa-mente-fredda-i-poteri-del-presidente-della-repubblica-e-limportanza-delle-prassi%2F\" title=\"Twitter\" rel=\"nofollow noopener\" target=\"_blank\" style=\"font-size:32px!important;box-shadow:none;display:inline-block;vertical-align:middle\"><span class=\"heateor_sss_svg heateor_sss_s__default heateor_sss_s_twitter\" style=\"background-color:#55acee;width:35px;height:35px;display:inline-block;opacity:1;float:left;font-size:32px;box-shadow:none;display:inline-block;font-size:16px;padding:0 4px;vertical-align:middle;background-repeat:repeat;overflow:hidden;padding:0;cursor:pointer;box-sizing:content-box\"><svg style=\"display:block;\" focusable=\"false\" aria-hidden=\"true\" xmlns=\"http:\/\/www.w3.org\/2000\/svg\" width=\"100%\" height=\"100%\" viewBox=\"-4 -4 39 39\"><path d=\"M28 8.557a9.913 9.913 0 0 1-2.828.775 4.93 4.93 0 0 0 2.166-2.725 9.738 9.738 0 0 1-3.13 1.194 4.92 4.92 0 0 0-3.593-1.55 4.924 4.924 0 0 0-4.794 6.049c-4.09-.21-7.72-2.17-10.15-5.15a4.942 4.942 0 0 0-.665 2.477c0 1.71.87 3.214 2.19 4.1a4.968 4.968 0 0 1-2.23-.616v.06c0 2.39 1.7 4.38 3.952 4.83-.414.115-.85.174-1.297.174-.318 0-.626-.03-.928-.086a4.935 4.935 0 0 0 4.6 3.42 9.893 9.893 0 0 1-6.114 2.107c-.398 0-.79-.023-1.175-.068a13.953 13.953 0 0 0 7.55 2.213c9.056 0 14.01-7.507 14.01-14.013 0-.213-.005-.426-.015-.637.96-.695 1.795-1.56 2.455-2.55z\" fill=\"#fff\"><\/path><\/svg><\/span><\/a><a aria-label=\"Reddit\" class=\"heateor_sss_button_reddit\" href=\"https:\/\/reddit.com\/submit?url=https%3A%2F%2Fwww.lacostituzione.info%2Findex.php%2F2018%2F06%2F14%2Fa-mente-fredda-i-poteri-del-presidente-della-repubblica-e-limportanza-delle-prassi%2F&title=A%20mente%20fredda.%20I%20poteri%20del%20Presidente%20della%20Repubblica%20e%20l%E2%80%99importanza%20delle%20prassi\" title=\"Reddit\" rel=\"nofollow noopener\" target=\"_blank\" style=\"font-size:32px!important;box-shadow:none;display:inline-block;vertical-align:middle\"><span class=\"heateor_sss_svg heateor_sss_s__default heateor_sss_s_reddit\" style=\"background-color:#ff5700;width:35px;height:35px;display:inline-block;opacity:1;float:left;font-size:32px;box-shadow:none;display:inline-block;font-size:16px;padding:0 4px;vertical-align:middle;background-repeat:repeat;overflow:hidden;padding:0;cursor:pointer;box-sizing:content-box\"><svg style=\"display:block;\" focusable=\"false\" aria-hidden=\"true\" xmlns=\"http:\/\/www.w3.org\/2000\/svg\" width=\"100%\" height=\"100%\" viewBox=\"-3.5 -3.5 39 39\"><path d=\"M28.543 15.774a2.953 2.953 0 0 0-2.951-2.949 2.882 2.882 0 0 0-1.9.713 14.075 14.075 0 0 0-6.85-2.044l1.38-4.349 3.768.884a2.452 2.452 0 1 0 .24-1.176l-4.274-1a.6.6 0 0 0-.709.4l-1.659 5.224a14.314 14.314 0 0 0-7.316 2.029 2.908 2.908 0 0 0-1.872-.681 2.942 2.942 0 0 0-1.618 5.4 5.109 5.109 0 0 0-.062.765c0 4.158 5.037 7.541 11.229 7.541s11.22-3.383 11.22-7.541a5.2 5.2 0 0 0-.053-.706 2.963 2.963 0 0 0 1.427-2.51zm-18.008 1.88a1.753 1.753 0 0 1 1.73-1.74 1.73 1.73 0 0 1 1.709 1.74 1.709 1.709 0 0 1-1.709 1.711 1.733 1.733 0 0 1-1.73-1.711zm9.565 4.968a5.573 5.573 0 0 1-4.081 1.272h-.032a5.576 5.576 0 0 1-4.087-1.272.6.6 0 0 1 .844-.854 4.5 4.5 0 0 0 3.238.927h.032a4.5 4.5 0 0 0 3.237-.927.6.6 0 1 1 .844.854zm-.331-3.256a1.726 1.726 0 1 1 1.709-1.712 1.717 1.717 0 0 1-1.712 1.712z\" fill=\"#fff\"\/><\/svg><\/span><\/a><a aria-label=\"Linkedin\" class=\"heateor_sss_button_linkedin\" href=\"https:\/\/www.linkedin.com\/sharing\/share-offsite\/?url=https%3A%2F%2Fwww.lacostituzione.info%2Findex.php%2F2018%2F06%2F14%2Fa-mente-fredda-i-poteri-del-presidente-della-repubblica-e-limportanza-delle-prassi%2F\" title=\"Linkedin\" rel=\"nofollow noopener\" target=\"_blank\" style=\"font-size:32px!important;box-shadow:none;display:inline-block;vertical-align:middle\"><span class=\"heateor_sss_svg heateor_sss_s__default heateor_sss_s_linkedin\" style=\"background-color:#0077b5;width:35px;height:35px;display:inline-block;opacity:1;float:left;font-size:32px;box-shadow:none;display:inline-block;font-size:16px;padding:0 4px;vertical-align:middle;background-repeat:repeat;overflow:hidden;padding:0;cursor:pointer;box-sizing:content-box\"><svg style=\"display:block;\" focusable=\"false\" aria-hidden=\"true\" xmlns=\"http:\/\/www.w3.org\/2000\/svg\" width=\"100%\" height=\"100%\" viewBox=\"0 0 32 32\"><path d=\"M6.227 12.61h4.19v13.48h-4.19V12.61zm2.095-6.7a2.43 2.43 0 0 1 0 4.86c-1.344 0-2.428-1.09-2.428-2.43s1.084-2.43 2.428-2.43m4.72 6.7h4.02v1.84h.058c.56-1.058 1.927-2.176 3.965-2.176 4.238 0 5.02 2.792 5.02 6.42v7.395h-4.183v-6.56c0-1.564-.03-3.574-2.178-3.574-2.18 0-2.514 1.7-2.514 3.46v6.668h-4.187V12.61z\" fill=\"#fff\"><\/path><\/svg><\/span><\/a><a aria-label=\"Pinterest\" class=\"heateor_sss_button_pinterest\" href=\"https:\/\/www.lacostituzione.info\/index.php\/2018\/06\/14\/a-mente-fredda-i-poteri-del-presidente-della-repubblica-e-limportanza-delle-prassi\/\" onclick=\"event.preventDefault();javascript:void( (function() {var e=document.createElement('script' );e.setAttribute('type','text\/javascript' );e.setAttribute('charset','UTF-8' );e.setAttribute('src','\/\/assets.pinterest.com\/js\/pinmarklet.js?r='+Math.random()*99999999);document.body.appendChild(e)})());\" title=\"Pinterest\" rel=\"noopener\" style=\"font-size:32px!important;box-shadow:none;display:inline-block;vertical-align:middle\"><span class=\"heateor_sss_svg heateor_sss_s__default heateor_sss_s_pinterest\" style=\"background-color:#cc2329;width:35px;height:35px;display:inline-block;opacity:1;float:left;font-size:32px;box-shadow:none;display:inline-block;font-size:16px;padding:0 4px;vertical-align:middle;background-repeat:repeat;overflow:hidden;padding:0;cursor:pointer;box-sizing:content-box\"><svg style=\"display:block;\" focusable=\"false\" aria-hidden=\"true\" xmlns=\"http:\/\/www.w3.org\/2000\/svg\" width=\"100%\" height=\"100%\" viewBox=\"-2 -2 35 35\"><path fill=\"#fff\" d=\"M16.539 4.5c-6.277 0-9.442 4.5-9.442 8.253 0 2.272.86 4.293 2.705 5.046.303.125.574.005.662-.33.061-.231.205-.816.27-1.06.088-.331.053-.447-.191-.736-.532-.627-.873-1.439-.873-2.591 0-3.338 2.498-6.327 6.505-6.327 3.548 0 5.497 2.168 5.497 5.062 0 3.81-1.686 7.025-4.188 7.025-1.382 0-2.416-1.142-2.085-2.545.397-1.674 1.166-3.48 1.166-4.689 0-1.081-.581-1.983-1.782-1.983-1.413 0-2.548 1.462-2.548 3.419 0 1.247.421 2.091.421 2.091l-1.699 7.199c-.505 2.137-.076 4.755-.039 5.019.021.158.223.196.314.077.13-.17 1.813-2.247 2.384-4.324.162-.587.929-3.631.929-3.631.46.876 1.801 1.646 3.227 1.646 4.247 0 7.128-3.871 7.128-9.053.003-3.918-3.317-7.568-8.361-7.568z\"\/><\/svg><\/span><\/a><a aria-label=\"Whatsapp\" class=\"heateor_sss_whatsapp\" href=\"https:\/\/api.whatsapp.com\/send?text=A%20mente%20fredda.%20I%20poteri%20del%20Presidente%20della%20Repubblica%20e%20l%E2%80%99importanza%20delle%20prassi%20https%3A%2F%2Fwww.lacostituzione.info%2Findex.php%2F2018%2F06%2F14%2Fa-mente-fredda-i-poteri-del-presidente-della-repubblica-e-limportanza-delle-prassi%2F\" title=\"Whatsapp\" rel=\"nofollow noopener\" target=\"_blank\" style=\"font-size:32px!important;box-shadow:none;display:inline-block;vertical-align:middle\"><span class=\"heateor_sss_svg\" style=\"background-color:#55eb4c;width:35px;height:35px;display:inline-block;opacity:1;float:left;font-size:32px;box-shadow:none;display:inline-block;font-size:16px;padding:0 4px;vertical-align:middle;background-repeat:repeat;overflow:hidden;padding:0;cursor:pointer;box-sizing:content-box\"><svg style=\"display:block;\" focusable=\"false\" aria-hidden=\"true\" xmlns=\"http:\/\/www.w3.org\/2000\/svg\" width=\"100%\" height=\"100%\" viewBox=\"-6 -5 40 40\"><path class=\"heateor_sss_svg_stroke heateor_sss_no_fill\" stroke=\"#fff\" stroke-width=\"2\" fill=\"none\" d=\"M 11.579798566743314 24.396926207859085 A 10 10 0 1 0 6.808479557110079 20.73576436351046\"><\/path><path d=\"M 7 19 l -1 6 l 6 -1\" class=\"heateor_sss_no_fill heateor_sss_svg_stroke\" stroke=\"#fff\" stroke-width=\"2\" fill=\"none\"><\/path><path d=\"M 10 10 q -1 8 8 11 c 5 -1 0 -6 -1 -3 q -4 -3 -5 -5 c 4 -2 -1 -5 -1 -4\" fill=\"#fff\"><\/path><\/svg><\/span><\/a><\/div><div class=\"heateorSssClear\"><\/div><\/div><div class='heateorSssClear'><\/div>","protected":false},"author":3,"featured_media":0,"comment_status":"open","ping_status":"open","sticky":false,"template":"","format":"standard","meta":{"jetpack_post_was_ever_published":false,"_jetpack_newsletter_access":"","_jetpack_dont_email_post_to_subs":false,"_jetpack_newsletter_tier_id":0,"_jetpack_memberships_contains_paywalled_content":false,"_jetpack_memberships_contains_paid_content":false,"footnotes":"","jetpack_publicize_message":"","jetpack_publicize_feature_enabled":true,"jetpack_social_post_already_shared":true,"jetpack_social_options":{"image_generator_settings":{"template":"highway","default_image_id":0,"enabled":false},"version":2}},"categories":[4],"tags":[761,1057,397,1240],"class_list":["post-5313","post","type-post","status-publish","format-standard","hentry","category-attualita","tag-mattarella","tag-ministri","tag-partiti-politici","tag-poteri-presidenziali"],"jetpack_publicize_connections":[],"jetpack_featured_media_url":"","jetpack_shortlink":"https:\/\/wp.me\/p84sDq-1nH","jetpack_likes_enabled":true,"jetpack_sharing_enabled":true,"_links":{"self":[{"href":"https:\/\/www.lacostituzione.info\/index.php\/wp-json\/wp\/v2\/posts\/5313","targetHints":{"allow":["GET"]}}],"collection":[{"href":"https:\/\/www.lacostituzione.info\/index.php\/wp-json\/wp\/v2\/posts"}],"about":[{"href":"https:\/\/www.lacostituzione.info\/index.php\/wp-json\/wp\/v2\/types\/post"}],"author":[{"embeddable":true,"href":"https:\/\/www.lacostituzione.info\/index.php\/wp-json\/wp\/v2\/users\/3"}],"replies":[{"embeddable":true,"href":"https:\/\/www.lacostituzione.info\/index.php\/wp-json\/wp\/v2\/comments?post=5313"}],"version-history":[{"count":0,"href":"https:\/\/www.lacostituzione.info\/index.php\/wp-json\/wp\/v2\/posts\/5313\/revisions"}],"wp:attachment":[{"href":"https:\/\/www.lacostituzione.info\/index.php\/wp-json\/wp\/v2\/media?parent=5313"}],"wp:term":[{"taxonomy":"category","embeddable":true,"href":"https:\/\/www.lacostituzione.info\/index.php\/wp-json\/wp\/v2\/categories?post=5313"},{"taxonomy":"post_tag","embeddable":true,"href":"https:\/\/www.lacostituzione.info\/index.php\/wp-json\/wp\/v2\/tags?post=5313"}],"curies":[{"name":"wp","href":"https:\/\/api.w.org\/{rel}","templated":true}]}}