{"id":5329,"date":"2018-06-18T18:42:17","date_gmt":"2018-06-18T16:42:17","guid":{"rendered":"http:\/\/www.lacostituzione.info\/?p=5329"},"modified":"2018-06-19T00:42:26","modified_gmt":"2018-06-18T22:42:26","slug":"europa-c-nazionalismo-ci-si-gioca-la-pace","status":"publish","type":"post","link":"https:\/\/www.lacostituzione.info\/index.php\/2018\/06\/18\/europa-c-nazionalismo-ci-si-gioca-la-pace\/","title":{"rendered":"Europa c. nazionalismo, ci si gioca la pace"},"content":{"rendered":"<p><a href=\"http:\/\/www.lacostituzione.info\/wp-content\/uploads\/2018\/06\/nationalism-1-1.jpg\"><img loading=\"lazy\" decoding=\"async\" data-attachment-id=\"5340\" data-permalink=\"https:\/\/www.lacostituzione.info\/index.php\/2018\/06\/18\/europa-c-nazionalismo-ci-si-gioca-la-pace\/nationalism-1-2\/#main\" data-orig-file=\"https:\/\/www.lacostituzione.info\/wp-content\/uploads\/2018\/06\/nationalism-1-1.jpg\" data-orig-size=\"640,480\" data-comments-opened=\"1\" data-image-meta=\"{&quot;aperture&quot;:&quot;0&quot;,&quot;credit&quot;:&quot;&quot;,&quot;camera&quot;:&quot;&quot;,&quot;caption&quot;:&quot;&quot;,&quot;created_timestamp&quot;:&quot;0&quot;,&quot;copyright&quot;:&quot;&quot;,&quot;focal_length&quot;:&quot;0&quot;,&quot;iso&quot;:&quot;0&quot;,&quot;shutter_speed&quot;:&quot;0&quot;,&quot;title&quot;:&quot;&quot;,&quot;orientation&quot;:&quot;0&quot;}\" data-image-title=\"nationalism (1)\" data-image-description=\"\" data-image-caption=\"\" data-medium-file=\"https:\/\/www.lacostituzione.info\/wp-content\/uploads\/2018\/06\/nationalism-1-1-300x225.jpg\" data-large-file=\"https:\/\/www.lacostituzione.info\/wp-content\/uploads\/2018\/06\/nationalism-1-1.jpg\" class=\"aligncenter size-thumbnail wp-image-5340\" src=\"http:\/\/www.lacostituzione.info\/wp-content\/uploads\/2018\/06\/nationalism-1-1-150x150.jpg\" alt=\"\" width=\"150\" height=\"150\" \/><\/a><\/p>\n<p style=\"text-align: center;\">di <strong><abbr class='c2c-text-hover' title='Professore ordinario di Diritto costituzionale - Universit\u00e0 di Ferrara'>Roberto Bin<\/abbr><\/strong><\/p>\n<p>Settant\u2019anni di pace non sono pochi, almeno non lo sono in quel continente europeo che \u00e8 stato lacerato da guerre cicliche e devastanti, sommate a tumulti rivoluzioni e guerre civili. Da quando? Praticamente da sempre. Il merito di una pace lunga e \u2013 almeno sino a poco tempo fa \u2013 ben radicata nei paesi dell\u2019Europa occidentale (perch\u00e9 in quella orientale ci si \u00e8 massacrati nella ex-Jugoslavia e ancora lo si fa nel Donbass) sembrava un dato acquisito per sempre. E invece qualcosa si sta incrinando.<!--more--><\/p>\n<p>La causa non \u00e8 soltanto la crisi dell\u2019Unione europea, che male ha assorbito i colpi della crisi economica, della crisi greca e della Brexit. L\u2019Unione europea ne ha superate diverse di crisi: ogni volta sembrava spacciata e invece ha trovato le forze e le vie per modificare la propria organizzazione e rilanciare il suo significato. Quello che fa preoccupare non \u00e8 quindi che l\u2019Unione europea sia sottoposta a critica e a richieste di riforme profonde: queste sono necessarie, nessuno pu\u00f2 dubitarne.<\/p>\n<p>\u00c8 stato spettacolare il modo in cui sempre le istituzioni europee hanno saputo evolvere senza troppi strappi, non inseguendo precisi programmi, ma adattandosi alle possibilit\u00e0 che emergevano nei fatti. Non \u00e8 stata la progettualit\u00e0 a guidare l\u2019evoluzione istituzionale europea, perch\u00e9 nessun progetto ha preso la guida del processo. Ma forse, se questa \u00e8 stata la forza e la prova di vitalit\u00e0 dell\u2019Unione, ha per\u00f2 consentito ai \u201cpoteri forti\u201d, cio\u00e8 ai centri di potere economico e finanziario, di porsi come i punti fermi di coagulazione del sistema di governo europeo, sempre pi\u00f9 appoggiato sugli interessi capitalistici. E questo \u00e8 senz\u2019altro il vero motivo di crisi dell\u2019Unione europea, nelle cui politiche strati sempre pi\u00f9 vasti di popolazione non riescono pi\u00f9 a riconoscersi. La assoluta, incontrastabile libert\u00e0 di circolazione di tutto ci\u00f2 che interessa alle imprese ha progressivamente distrutto la base sociale e impedito la convergenza tra i lavoratori dei diversi comparti e dei diversi paesi. E l\u2019immigrazione ha fatto il resto. \u201c<em>Proletari di tutto il mondo, unitevi<\/em>\u201d \u00e8 lo slogan del <em>Manifesto <\/em>di Marx e Engels che compie quest\u2019anno 170 anni, e mostra di aver perso ormai qualsiasi significato nell\u2019Europa in cui \u00e8 nato.<\/p>\n<p>Ma neppure questo basterebbe a mettere in crisi irreversibile l\u2019Europa. Il vero problema \u00e8 invece il risorgente nazionalismo, \u00e8 la \u201cfilosofia\u201d di coloro che seguono lo slogan di Trump \u2013 \u201c<em>America first<\/em>\u201d \u2013 e lo coniugano con gli interessi del proprio paese. Provincialismo, rifiuto per la cultura e per il \u201cdiverso\u201d, l\u2019egoismo trionfante e l\u2019arroganza di chi disprezza tutto ci\u00f2 che si allontana dal proprio ombelico e dalla sottostante pancia. Sono i Salvini e i suoi \u201calleati\u201d dell\u2019Europa dell\u2019Est: il \u201cGruppo di Visegrad\u201d (Polonia, Ungheria, Slovacchia, Repubblica Ceca) e poi l\u2019Austria, e poi le Repubbliche baltiche e quelle balcaniche. Ed ora anche la CSU.<\/p>\n<p>L\u2019Unione Cristiano-sociale \u00e8 da sempre la consorella della CDU, il partito democristiano di Adenauer, Kohl e Merkel. L\u2019unione tra i due partiti \u00e8 stato l\u2019asse portante della politica tedesca, ma anche il motore unitario dell\u2019Europa. Ora la CSU ha messo in crisi l\u2019alleanza politica minacciando di far saltare la maggioranza su cui si basa il Governo Merkel. Sta perci\u00f2 ingrippando il motore europeo e forse anche spezzando l\u2019Europa. La svolta \u00e8 segnata a colpi di <em>tweet<\/em>, strumento apprezzatissimo dei nuovi barbari. Il nuovo premier della Baviera, <a href=\"https:\/\/twitter.com\/Markus_Soeder\/status\/1007226345338830848\">Markus S\u00f6der, ha twittato<\/a> che \u201cla Germania non deve aspettare per sempre l\u2019Europa ma deve agire indipendentemente\u201d. In che senso? Nel senso di rafforzare i confine e espellere un po\u2019 di immigrati. L\u2019<em>Asyltourismus<\/em> deve finire: non ha la volgarit\u00e0 della \u201cpacchia\u201d di Salvini, ma il senso \u00e8 quello. E gi\u00e0 il collega di Salvini, il Ministro Seehofer, anch\u2019egli della CSU, avanza proposte di espulsioni di massa. Ma in Germania, beati loro, c\u2019\u00e8 un Capo del Governo serio, che <a href=\"http:\/\/www.faz.net\/aktuell\/politik\/inland\/merkel-droht-seehofer-in-asylstreit-mit-richtlinienkompetenz-15646276.html\">ha subito messo in riga Seehofer<\/a>, opponendogli i limiti della sua competenza su decisioni di indirizzo politico. Beati loro che hanno un Presidente del Consiglio!<\/p>\n<p>A nessuno interessa quanto il nuovo <em>mood<\/em> della destra europea mi disgusti, sono fatti miei. Ma il problema generale, che riguarda tutti, \u00e8 che i vari Salvini europei, con i loro <em>tweet<\/em> e l\u2019appello continuo alla pancia dei loro elettori, minacciano di distruggere l\u2019Europa. Ne impediscono una riforma seria, estremamente necessaria, e ne nutrono l\u2019implosione. In nome di cosa? Di un nazionalismo reazionario che, oggi come ieri, minaccia di far disperdere il principale risultato del processo d\u2019integrazione europea: la pace.<\/p>\n","protected":false},"excerpt":{"rendered":"<p>di <abbr class='c2c-text-hover' title='Professore ordinario di Diritto costituzionale - Universit\u00e0 di Ferrara'>Roberto Bin<\/abbr> Settant\u2019anni di pace non sono pochi, almeno non lo sono in quel continente europeo che \u00e8 stato lacerato da guerre cicliche e devastanti, sommate a tumulti rivoluzioni e guerre civili. Da quando? Praticamente da sempre. Il merito di una pace lunga e \u2013 almeno sino a poco tempo fa \u2013 ben radicata &#8230; <a title=\"Europa c. nazionalismo, ci si gioca la pace\" class=\"read-more\" href=\"https:\/\/www.lacostituzione.info\/index.php\/2018\/06\/18\/europa-c-nazionalismo-ci-si-gioca-la-pace\/\">Leggi tutto<\/a><\/p>\n<div class='heateorSssClear'><\/div><div  class='heateor_sss_sharing_container heateor_sss_horizontal_sharing' data-heateor-sss-href='https:\/\/www.lacostituzione.info\/index.php\/2018\/06\/18\/europa-c-nazionalismo-ci-si-gioca-la-pace\/'><div class='heateor_sss_sharing_title' style=\"font-weight:bold\" >Condividi!<\/div><div class=\"heateor_sss_sharing_ul\"><a aria-label=\"Facebook\" class=\"heateor_sss_facebook\" href=\"https:\/\/www.facebook.com\/sharer\/sharer.php?u=https%3A%2F%2Fwww.lacostituzione.info%2Findex.php%2F2018%2F06%2F18%2Feuropa-c-nazionalismo-ci-si-gioca-la-pace%2F\" title=\"Facebook\" rel=\"nofollow noopener\" target=\"_blank\" style=\"font-size:32px!important;box-shadow:none;display:inline-block;vertical-align:middle\"><span class=\"heateor_sss_svg\" style=\"background-color:#0765FE;width:35px;height:35px;display:inline-block;opacity:1;float:left;font-size:32px;box-shadow:none;display:inline-block;font-size:16px;padding:0 4px;vertical-align:middle;background-repeat:repeat;overflow:hidden;padding:0;cursor:pointer;box-sizing:content-box\"><svg style=\"display:block;\" focusable=\"false\" aria-hidden=\"true\" xmlns=\"http:\/\/www.w3.org\/2000\/svg\" width=\"100%\" height=\"100%\" viewBox=\"0 0 32 32\"><path fill=\"#fff\" d=\"M28 16c0-6.627-5.373-12-12-12S4 9.373 4 16c0 5.628 3.875 10.35 9.101 11.647v-7.98h-2.474V16H13.1v-1.58c0-4.085 1.849-5.978 5.859-5.978.76 0 2.072.15 2.608.298v3.325c-.283-.03-.775-.045-1.386-.045-1.967 0-2.728.745-2.728 2.683V16h3.92l-.673 3.667h-3.247v8.245C23.395 27.195 28 22.135 28 16Z\"><\/path><\/svg><\/span><\/a><a aria-label=\"Twitter\" class=\"heateor_sss_button_twitter\" href=\"https:\/\/twitter.com\/intent\/tweet?text=Europa%20c.%20nazionalismo%2C%20ci%20si%20gioca%20la%20pace&url=https%3A%2F%2Fwww.lacostituzione.info%2Findex.php%2F2018%2F06%2F18%2Feuropa-c-nazionalismo-ci-si-gioca-la-pace%2F\" title=\"Twitter\" rel=\"nofollow noopener\" target=\"_blank\" style=\"font-size:32px!important;box-shadow:none;display:inline-block;vertical-align:middle\"><span class=\"heateor_sss_svg heateor_sss_s__default heateor_sss_s_twitter\" style=\"background-color:#55acee;width:35px;height:35px;display:inline-block;opacity:1;float:left;font-size:32px;box-shadow:none;display:inline-block;font-size:16px;padding:0 4px;vertical-align:middle;background-repeat:repeat;overflow:hidden;padding:0;cursor:pointer;box-sizing:content-box\"><svg style=\"display:block;\" focusable=\"false\" aria-hidden=\"true\" xmlns=\"http:\/\/www.w3.org\/2000\/svg\" width=\"100%\" height=\"100%\" viewBox=\"-4 -4 39 39\"><path d=\"M28 8.557a9.913 9.913 0 0 1-2.828.775 4.93 4.93 0 0 0 2.166-2.725 9.738 9.738 0 0 1-3.13 1.194 4.92 4.92 0 0 0-3.593-1.55 4.924 4.924 0 0 0-4.794 6.049c-4.09-.21-7.72-2.17-10.15-5.15a4.942 4.942 0 0 0-.665 2.477c0 1.71.87 3.214 2.19 4.1a4.968 4.968 0 0 1-2.23-.616v.06c0 2.39 1.7 4.38 3.952 4.83-.414.115-.85.174-1.297.174-.318 0-.626-.03-.928-.086a4.935 4.935 0 0 0 4.6 3.42 9.893 9.893 0 0 1-6.114 2.107c-.398 0-.79-.023-1.175-.068a13.953 13.953 0 0 0 7.55 2.213c9.056 0 14.01-7.507 14.01-14.013 0-.213-.005-.426-.015-.637.96-.695 1.795-1.56 2.455-2.55z\" fill=\"#fff\"><\/path><\/svg><\/span><\/a><a aria-label=\"Reddit\" class=\"heateor_sss_button_reddit\" href=\"https:\/\/reddit.com\/submit?url=https%3A%2F%2Fwww.lacostituzione.info%2Findex.php%2F2018%2F06%2F18%2Feuropa-c-nazionalismo-ci-si-gioca-la-pace%2F&title=Europa%20c.%20nazionalismo%2C%20ci%20si%20gioca%20la%20pace\" title=\"Reddit\" rel=\"nofollow noopener\" target=\"_blank\" style=\"font-size:32px!important;box-shadow:none;display:inline-block;vertical-align:middle\"><span class=\"heateor_sss_svg heateor_sss_s__default heateor_sss_s_reddit\" style=\"background-color:#ff5700;width:35px;height:35px;display:inline-block;opacity:1;float:left;font-size:32px;box-shadow:none;display:inline-block;font-size:16px;padding:0 4px;vertical-align:middle;background-repeat:repeat;overflow:hidden;padding:0;cursor:pointer;box-sizing:content-box\"><svg style=\"display:block;\" focusable=\"false\" aria-hidden=\"true\" xmlns=\"http:\/\/www.w3.org\/2000\/svg\" width=\"100%\" height=\"100%\" viewBox=\"-3.5 -3.5 39 39\"><path d=\"M28.543 15.774a2.953 2.953 0 0 0-2.951-2.949 2.882 2.882 0 0 0-1.9.713 14.075 14.075 0 0 0-6.85-2.044l1.38-4.349 3.768.884a2.452 2.452 0 1 0 .24-1.176l-4.274-1a.6.6 0 0 0-.709.4l-1.659 5.224a14.314 14.314 0 0 0-7.316 2.029 2.908 2.908 0 0 0-1.872-.681 2.942 2.942 0 0 0-1.618 5.4 5.109 5.109 0 0 0-.062.765c0 4.158 5.037 7.541 11.229 7.541s11.22-3.383 11.22-7.541a5.2 5.2 0 0 0-.053-.706 2.963 2.963 0 0 0 1.427-2.51zm-18.008 1.88a1.753 1.753 0 0 1 1.73-1.74 1.73 1.73 0 0 1 1.709 1.74 1.709 1.709 0 0 1-1.709 1.711 1.733 1.733 0 0 1-1.73-1.711zm9.565 4.968a5.573 5.573 0 0 1-4.081 1.272h-.032a5.576 5.576 0 0 1-4.087-1.272.6.6 0 0 1 .844-.854 4.5 4.5 0 0 0 3.238.927h.032a4.5 4.5 0 0 0 3.237-.927.6.6 0 1 1 .844.854zm-.331-3.256a1.726 1.726 0 1 1 1.709-1.712 1.717 1.717 0 0 1-1.712 1.712z\" fill=\"#fff\"\/><\/svg><\/span><\/a><a aria-label=\"Linkedin\" class=\"heateor_sss_button_linkedin\" href=\"https:\/\/www.linkedin.com\/sharing\/share-offsite\/?url=https%3A%2F%2Fwww.lacostituzione.info%2Findex.php%2F2018%2F06%2F18%2Feuropa-c-nazionalismo-ci-si-gioca-la-pace%2F\" title=\"Linkedin\" rel=\"nofollow noopener\" target=\"_blank\" style=\"font-size:32px!important;box-shadow:none;display:inline-block;vertical-align:middle\"><span class=\"heateor_sss_svg heateor_sss_s__default heateor_sss_s_linkedin\" style=\"background-color:#0077b5;width:35px;height:35px;display:inline-block;opacity:1;float:left;font-size:32px;box-shadow:none;display:inline-block;font-size:16px;padding:0 4px;vertical-align:middle;background-repeat:repeat;overflow:hidden;padding:0;cursor:pointer;box-sizing:content-box\"><svg style=\"display:block;\" focusable=\"false\" aria-hidden=\"true\" xmlns=\"http:\/\/www.w3.org\/2000\/svg\" width=\"100%\" height=\"100%\" viewBox=\"0 0 32 32\"><path d=\"M6.227 12.61h4.19v13.48h-4.19V12.61zm2.095-6.7a2.43 2.43 0 0 1 0 4.86c-1.344 0-2.428-1.09-2.428-2.43s1.084-2.43 2.428-2.43m4.72 6.7h4.02v1.84h.058c.56-1.058 1.927-2.176 3.965-2.176 4.238 0 5.02 2.792 5.02 6.42v7.395h-4.183v-6.56c0-1.564-.03-3.574-2.178-3.574-2.18 0-2.514 1.7-2.514 3.46v6.668h-4.187V12.61z\" fill=\"#fff\"><\/path><\/svg><\/span><\/a><a aria-label=\"Pinterest\" class=\"heateor_sss_button_pinterest\" href=\"https:\/\/www.lacostituzione.info\/index.php\/2018\/06\/18\/europa-c-nazionalismo-ci-si-gioca-la-pace\/\" onclick=\"event.preventDefault();javascript:void( (function() {var e=document.createElement('script' );e.setAttribute('type','text\/javascript' );e.setAttribute('charset','UTF-8' );e.setAttribute('src','\/\/assets.pinterest.com\/js\/pinmarklet.js?r='+Math.random()*99999999);document.body.appendChild(e)})());\" title=\"Pinterest\" rel=\"noopener\" style=\"font-size:32px!important;box-shadow:none;display:inline-block;vertical-align:middle\"><span class=\"heateor_sss_svg heateor_sss_s__default heateor_sss_s_pinterest\" style=\"background-color:#cc2329;width:35px;height:35px;display:inline-block;opacity:1;float:left;font-size:32px;box-shadow:none;display:inline-block;font-size:16px;padding:0 4px;vertical-align:middle;background-repeat:repeat;overflow:hidden;padding:0;cursor:pointer;box-sizing:content-box\"><svg style=\"display:block;\" focusable=\"false\" aria-hidden=\"true\" xmlns=\"http:\/\/www.w3.org\/2000\/svg\" width=\"100%\" height=\"100%\" viewBox=\"-2 -2 35 35\"><path fill=\"#fff\" d=\"M16.539 4.5c-6.277 0-9.442 4.5-9.442 8.253 0 2.272.86 4.293 2.705 5.046.303.125.574.005.662-.33.061-.231.205-.816.27-1.06.088-.331.053-.447-.191-.736-.532-.627-.873-1.439-.873-2.591 0-3.338 2.498-6.327 6.505-6.327 3.548 0 5.497 2.168 5.497 5.062 0 3.81-1.686 7.025-4.188 7.025-1.382 0-2.416-1.142-2.085-2.545.397-1.674 1.166-3.48 1.166-4.689 0-1.081-.581-1.983-1.782-1.983-1.413 0-2.548 1.462-2.548 3.419 0 1.247.421 2.091.421 2.091l-1.699 7.199c-.505 2.137-.076 4.755-.039 5.019.021.158.223.196.314.077.13-.17 1.813-2.247 2.384-4.324.162-.587.929-3.631.929-3.631.46.876 1.801 1.646 3.227 1.646 4.247 0 7.128-3.871 7.128-9.053.003-3.918-3.317-7.568-8.361-7.568z\"\/><\/svg><\/span><\/a><a aria-label=\"Whatsapp\" class=\"heateor_sss_whatsapp\" href=\"https:\/\/api.whatsapp.com\/send?text=Europa%20c.%20nazionalismo%2C%20ci%20si%20gioca%20la%20pace%20https%3A%2F%2Fwww.lacostituzione.info%2Findex.php%2F2018%2F06%2F18%2Feuropa-c-nazionalismo-ci-si-gioca-la-pace%2F\" title=\"Whatsapp\" rel=\"nofollow noopener\" target=\"_blank\" style=\"font-size:32px!important;box-shadow:none;display:inline-block;vertical-align:middle\"><span class=\"heateor_sss_svg\" style=\"background-color:#55eb4c;width:35px;height:35px;display:inline-block;opacity:1;float:left;font-size:32px;box-shadow:none;display:inline-block;font-size:16px;padding:0 4px;vertical-align:middle;background-repeat:repeat;overflow:hidden;padding:0;cursor:pointer;box-sizing:content-box\"><svg style=\"display:block;\" focusable=\"false\" aria-hidden=\"true\" xmlns=\"http:\/\/www.w3.org\/2000\/svg\" width=\"100%\" height=\"100%\" viewBox=\"-6 -5 40 40\"><path class=\"heateor_sss_svg_stroke heateor_sss_no_fill\" stroke=\"#fff\" stroke-width=\"2\" fill=\"none\" d=\"M 11.579798566743314 24.396926207859085 A 10 10 0 1 0 6.808479557110079 20.73576436351046\"><\/path><path d=\"M 7 19 l -1 6 l 6 -1\" class=\"heateor_sss_no_fill heateor_sss_svg_stroke\" stroke=\"#fff\" stroke-width=\"2\" fill=\"none\"><\/path><path d=\"M 10 10 q -1 8 8 11 c 5 -1 0 -6 -1 -3 q -4 -3 -5 -5 c 4 -2 -1 -5 -1 -4\" fill=\"#fff\"><\/path><\/svg><\/span><\/a><\/div><div class=\"heateorSssClear\"><\/div><\/div><div class='heateorSssClear'><\/div>","protected":false},"author":3,"featured_media":0,"comment_status":"open","ping_status":"open","sticky":false,"template":"","format":"standard","meta":{"jetpack_post_was_ever_published":false,"_jetpack_newsletter_access":"","_jetpack_dont_email_post_to_subs":false,"_jetpack_newsletter_tier_id":0,"_jetpack_memberships_contains_paywalled_content":false,"_jetpack_memberships_contains_paid_content":false,"footnotes":"","jetpack_publicize_message":"","jetpack_publicize_feature_enabled":true,"jetpack_social_post_already_shared":true,"jetpack_social_options":{"image_generator_settings":{"template":"highway","default_image_id":0,"enabled":false},"version":2}},"categories":[12],"tags":[98,735,94,1257],"class_list":["post-5329","post","type-post","status-publish","format-standard","hentry","category-editoriale","tag-immigrati","tag-nazionalismo","tag-unione-europea","tag-visegrad"],"jetpack_publicize_connections":[],"jetpack_featured_media_url":"","jetpack_shortlink":"https:\/\/wp.me\/p84sDq-1nX","jetpack_likes_enabled":true,"jetpack_sharing_enabled":true,"_links":{"self":[{"href":"https:\/\/www.lacostituzione.info\/index.php\/wp-json\/wp\/v2\/posts\/5329","targetHints":{"allow":["GET"]}}],"collection":[{"href":"https:\/\/www.lacostituzione.info\/index.php\/wp-json\/wp\/v2\/posts"}],"about":[{"href":"https:\/\/www.lacostituzione.info\/index.php\/wp-json\/wp\/v2\/types\/post"}],"author":[{"embeddable":true,"href":"https:\/\/www.lacostituzione.info\/index.php\/wp-json\/wp\/v2\/users\/3"}],"replies":[{"embeddable":true,"href":"https:\/\/www.lacostituzione.info\/index.php\/wp-json\/wp\/v2\/comments?post=5329"}],"version-history":[{"count":0,"href":"https:\/\/www.lacostituzione.info\/index.php\/wp-json\/wp\/v2\/posts\/5329\/revisions"}],"wp:attachment":[{"href":"https:\/\/www.lacostituzione.info\/index.php\/wp-json\/wp\/v2\/media?parent=5329"}],"wp:term":[{"taxonomy":"category","embeddable":true,"href":"https:\/\/www.lacostituzione.info\/index.php\/wp-json\/wp\/v2\/categories?post=5329"},{"taxonomy":"post_tag","embeddable":true,"href":"https:\/\/www.lacostituzione.info\/index.php\/wp-json\/wp\/v2\/tags?post=5329"}],"curies":[{"name":"wp","href":"https:\/\/api.w.org\/{rel}","templated":true}]}}