{"id":5387,"date":"2018-07-03T17:37:41","date_gmt":"2018-07-03T15:37:41","guid":{"rendered":"http:\/\/www.lacostituzione.info\/?p=5387"},"modified":"2018-07-03T17:38:36","modified_gmt":"2018-07-03T15:38:36","slug":"le-conclusioni-del-consiglio-europeo-del-28-29-giugno-2018-sulle-migrazioni-piu-autorita-e-meno-diritti-nello-spazio-schengen","status":"publish","type":"post","link":"https:\/\/www.lacostituzione.info\/index.php\/2018\/07\/03\/le-conclusioni-del-consiglio-europeo-del-28-29-giugno-2018-sulle-migrazioni-piu-autorita-e-meno-diritti-nello-spazio-schengen\/","title":{"rendered":"Le conclusioni del Consiglio europeo del 28-29 giugno 2018 sulle migrazioni: pi\u00f9 autorit\u00e0 e meno diritti nello spazio Schengen"},"content":{"rendered":"<p><a href=\"http:\/\/www.lacostituzione.info\/wp-content\/uploads\/2017\/08\/image.jpeg\"><img loading=\"lazy\" decoding=\"async\" data-attachment-id=\"3113\" data-permalink=\"https:\/\/www.lacostituzione.info\/index.php\/2017\/08\/15\/il-codice-di-condotta-per-le-ong-tra-terra-e-mare\/image-106\/#main\" data-orig-file=\"https:\/\/www.lacostituzione.info\/wp-content\/uploads\/2017\/08\/image.jpeg\" data-orig-size=\"1380,893\" data-comments-opened=\"1\" data-image-meta=\"{&quot;aperture&quot;:&quot;0&quot;,&quot;credit&quot;:&quot;&quot;,&quot;camera&quot;:&quot;&quot;,&quot;caption&quot;:&quot;&quot;,&quot;created_timestamp&quot;:&quot;0&quot;,&quot;copyright&quot;:&quot;&quot;,&quot;focal_length&quot;:&quot;0&quot;,&quot;iso&quot;:&quot;0&quot;,&quot;shutter_speed&quot;:&quot;0&quot;,&quot;title&quot;:&quot;&quot;,&quot;orientation&quot;:&quot;0&quot;}\" data-image-title=\"image\" data-image-description=\"\" data-image-caption=\"\" data-medium-file=\"https:\/\/www.lacostituzione.info\/wp-content\/uploads\/2017\/08\/image-300x194.jpeg\" data-large-file=\"https:\/\/www.lacostituzione.info\/wp-content\/uploads\/2017\/08\/image-1024x663.jpeg\" class=\"alignleft size-thumbnail wp-image-3113\" src=\"http:\/\/www.lacostituzione.info\/wp-content\/uploads\/2017\/08\/image-150x150.jpeg\" alt=\"\" width=\"150\" height=\"150\" \/><\/a>di <strong>Marco Magri<\/strong><\/p>\n<p>Chi pensava che le vicissitudini della nave Aquarius avrebbero influito sulle decisioni di politica migratoria del Consiglio europeo del 28 e 29 giugno 2018, sar\u00e0 probabilmente rimasto deluso: al vertice di Bruxelles hanno prevalso le divisioni, i nazionalismi, l\u2019antagonismo che caratterizza il comportamento degli Stati membri di fronte al dilemma tra chiusura e apertura dello spazio Schengen.<!--more--><\/p>\n<p>In realt\u00e0, il <a href=\"http:\/\/www.consilium.europa.eu\/media\/35947\/28-euco-final-conclusions-it.pdf\">documento conclusivo dei lavori del Consiglio<\/a> datato 28 giugno 2018 dimostra che a Bruxelles, malgrado la congerie di dichiarazioni televisive, di conferenze stampa, di <em>tweets<\/em>, di colloqui informali e vertici ristretti, un principio \u00e8 stato condiviso senza riserve: \u00a0accogliere i migranti regolari, respingere quelli irregolari, aiutarli tutti, fin dove possibile, \u201ca casa loro\u201d. Non si saprebbe cos\u2019altro dire, scorrendo punto per punto le 12 conclusioni del Consiglio: vi si trovano stabiliti obiettivi come aumentare gli investimenti europei, non solo finanziari, in Africa, bloccare i flussi irregolari, rafforzare le frontiere esterne, ridurre i movimenti secondari, completare la creazione di un sistema comune di asilo ed avviare una riforma responsabile e solidale del regolamento Dublino (n. 604\/2013); sottinteso, nella parte in cui stabilisce (art. 13) la competenza dello Stato di prima accoglienza sulle domande di protezione internazionale, nel caso in cui risulti che il richiedente ha varcato illegalmente le frontiere dello Stato medesimo.<\/p>\n<p>Nulla si afferma invece, nel documento, in merito alle radici personalistiche degli ordinamenti europei: a quel \u00abcomune impegno per la libert\u00e0 ancorata ai diritti dell&#8217;uomo, alle istituzioni democratiche e allo stato di diritto\u00bb proclamata dal Consiglio europeo quasi venti anni fa a Tampere (14-15 ottobre 1999), quando tutto, nella politica migratoria della Ue, sembrava volgere in senso opposto.<\/p>\n<p>Guardare a questa involuzione con distacco non \u00e8 semplice, come accade di solito davanti alle cose che non si vorrebbero mai vedere. Ma tant\u2019\u00e8: l\u2019Unione in questi ultimi anni ha messo a punto una politica armonizzata dei visti d\u2019ingresso, ha stimolato la cooperazione giudiziaria finalizzata a punire i trafficanti di esseri umani, ha consolidato insomma una politica di \u201csicurezza\u201d nell\u2019<em>acquis<\/em> di Schengen. Continua invece a disinteressarsi della dimensione sociale dei diritti dei migranti: del loro benessere, della loro istruzione, del loro inserimento sociale, della loro famiglia. Tutto si riduce all\u2019alternativa: rimpatrio o asilo.<\/p>\n<p>Completamente sregolati restano i rapporti con le ONG, altro tema \u201ccaldo\u201d di questi giorni; cos\u00ec come l\u2019accesso alla giustizia delle persone imbarcate o tratte in salvo in mare, che di fatto non esiste, a parte le indagini del Mediatore europeo o dell\u2019ombudsman previsto dal regolamento n. 1624\/2016 per le controversie sul rispetto dei diritti umani nelle operazioni di Frontex.<\/p>\n<p>Letto col senno di poi, anche il gi\u00e0 citato Consiglio di Tampere del 1999, il cui atto conclusivo sembrava offrire un \u201csogno europeo\u201d alle popolazioni dei paesi terzi (pace, solidariet\u00e0, eguaglianza, accoglienza, accessibilit\u00e0), appare come il prodotto di una cultura euro-centrica non troppo lungimirante. Le donne e gli uomini che si imbarcano sulle coste dell\u2019Africa verso l\u2019Europa non lo fanno liberi di esercitare diritti analoghi a quelli garantiti in Europa, n\u00e9 possono sbarcare come quivi si conviene, ossia \u201cregolarmente\u201d. Essi sono costretti ad aggirare le regole di ingresso e di soggiorno.<\/p>\n<p>Subordinare l\u2019accoglienza alla regolarit\u00e0 dell\u2019attraversamento dei confini \u2013 come anche a Tampere era specificato \u2013 non significa essere \u201caccoglienti\u201d, ma, semplicemente, forzare entro modelli irrealistici l\u2019attuale fenomeno migratorio di massa. Gi\u00e0 il parlare di viaggi intrapresi volontariamente, per distinguere l\u2019emigrante (colui che vuole partire) dallo schiavo (il deportato o vittima di tratta) \u00e8 il frutto di una cultura e di una giuridicit\u00e0 squisitamente europea. La verit\u00e0 \u00e8 che nei natanti alla deriva, ricolmi di esseri umani, questa distinzione svanisce: ci sono soltanto persone da soccorrere.<\/p>\n<p>Ecco tra l\u2019altro uno dei motivi per cui viene spontaneo cercare risposte nel diritto internazionale sull\u2019obbligo di salvataggio in mare (si veda in proposito l\u2019intervento di <a href=\"http:\/\/www.lacostituzione.info\/index.php\/2018\/06\/19\/salvataggio-in-mare-cosa-dice-il-diritto-e-cosa-non-dice\/\">Irini Papanicolopulu<\/a>, che per\u00f2 non \u00e8 pensato per regolare le attuali migrazioni di massa. Non che s\u2019intenda sminuire l\u2019importanza del punto di vista internazionalistico, ovviamente. Si vuole soltanto dire che il diritto internazionale non va preso come un ordine risolutivo, capace di sopperire alla mancanza di una politica europea che guardi nella loro interezza ai diritti delle persone tratte in salvo.<\/p>\n<p>In un\u2019epoca in cui il transito delle persone \u00e8 preda di organizzazioni criminali, evoca per pi\u00f9 aspetti le deportazioni (si pensi alle immagini di donne, uomini, bambini, ingannati dai trafficanti, che tornano sulle coste di partenza, costretti ad entrare nei centri nordafricani), occorrerebbe probabilmente prendere atto di un fenomeno del tutto nuovo rispetto al paradigma della \u201cnostra\u201d emigrazione.<\/p>\n<p>Una politica dei salvataggi e dell\u2019accoglienza delle persone recuperate in mare \u2013 che affianchi e, ove occorra, superi l\u2019amministrazione e le sue tecniche di polizia (identificazione, espulsione, ricollocamento, concessione della protezione internazionale) \u2013 \u00e8 la vera sfida dell\u2019Unione: si tratta di individuare status, anche nuovi, appropriati a garantire il rispetto del principio di non respingimento. Il Consiglio europeo del 28-29 giugno era un momento propizio per l\u2019assunzione di simili progetti.<\/p>\n<p>Sennonch\u00e9, tornando alla realt\u00e0, si permetta di trascrivere il punto n. 6 delle conclusioni del Consiglio europeo del 28-29 giugno, che tanto \u00e8 piaciuto ai governi di Francia e Germania e molto anche al nostro Presidente del consiglio dei ministri: \u00abNel territorio dell&#8217;UE coloro che vengono salvati, a norma del diritto internazionale, dovrebbero essere presi in carico sulla base di uno sforzo condiviso e trasferiti in centri sorvegliati istituiti negli Stati membri, unicamente su base volontaria; qui un trattamento rapido e sicuro consentirebbe, con il pieno sostegno dell&#8217;UE, di distinguere i migranti irregolari, che saranno rimpatriati, dalle persone bisognose di protezione internazionale, cui si applicherebbe il principio di solidariet\u00e0. Tutte le misure nel contesto di questi centri sorvegliati, ricollocazione e reinsediamento compresi, saranno attuate su base volontaria, lasciando impregiudicata la riforma di Dublino\u00bb.<\/p>\n<p>Ecco dunque la soluzione definitiva: il salvataggio dei migranti in mare resta un obbligo regolato dal diritto internazionale; l\u2019accoglienza delle persone, una volta tratte in salvo, \u00e8 raccomandata e supportata dall\u2019Unione, ma resta una facolt\u00e0, non un dovere, per gli Stati membri.<\/p>\n<p>Chiudere i porti alle ONG, come ha fatto l\u2019Italia, risulter\u00e0 dunque conforme al diritto dell\u2019Unione, cos\u00ec come non chiuderli, perch\u00e8 la garanzia dei diritti dei migranti dipender\u00e0 da limitazioni di sovranit\u00e0 spontanee, occasionali, e spesso dalla risoluzione di difficili controversie di diritto internazionale, condizionate dal livello di gravit\u00e0 e di precipitazione delle esigenze umanitarie.<\/p>\n<p>E i giudici? La Corte di giustizia, il 6 settembre 2017 (C-643\/15 e C-647\/15) ha respinto il ricorso presentato da Ungheria e Repubblica slovacca contro la decisione, adottata dal Consiglio Ue a beneficio di Italia e Grecia, di ricollocamento di quote di migranti, in deroga al regolamento Dublino, a causa dell\u2019afflusso migratorio improvviso del 2015 (come consente l\u2019art. 78 par. 3 del Tfue). Nonostante la sentenza, quei Paesi non hanno mai neppure iniziato ad ottemperare alla decisione impugnata. A quanto pare, neppure i giudici dell\u2019Unione possono molto, di fronte alla violazione dei diritti delle popolazioni migranti.<\/p>\n<p>Credo abbia ragione chi ha osservato che la condizione dei principi sanciti dagli articoli 78-80 del Trattato sul funzionamento dell\u2019Unione \u00e8 in questo momento simile a quella in cui si trovavano le norme costituzionali di principio o \u201cprogrammatiche\u201d nel secondo dopoguerra italiano; ed anche la pubblica opinione, l\u2019informazione, non sembrano reagire a questa involuzione delle tradizioni europee verso forme nazionalistiche ed autoritarie dei rapporti con le persone migranti.<\/p>\n<p>Nei giorni scorsi il ministro dell\u2019interno italiano ha dichiarato pubblicamente la sua soddisfazione per aver provocato, con la chiusura dei porti nazionali, la diminuzione dei salvataggi effettuati dalle ONG, perch\u00e8 questo significa che \u201cmeno persone partono, meno persone muoiono\u201d. In realt\u00e0 in questi giorni le persone hanno ricominciato ad annegare al largo della Libia, mentre quelle salvate dalle Autorit\u00e0 locali sono state riportate a terra e condotte in centri di accoglienza del tutto privi di garanzie per i loro diritti. Speriamo solo che, mentre nell\u2019Unione europea si discute su come realizzare il programma di accoglienza \u201cregolamentata\u201d abbozzato dal Consiglio europeo nell\u2019incontro del 28-29 giugno, non prenda avvio, pi\u00f9 a sud, una nuova catastrofe umanitaria, stavolta, pi\u00f9 che mai, preparata a tavolino.<\/p>\n","protected":false},"excerpt":{"rendered":"<p>di Marco Magri Chi pensava che le vicissitudini della nave Aquarius avrebbero influito sulle decisioni di politica migratoria del Consiglio europeo del 28 e 29 giugno 2018, sar\u00e0 probabilmente rimasto deluso: al vertice di Bruxelles hanno prevalso le divisioni, i nazionalismi, l\u2019antagonismo che caratterizza il comportamento degli Stati membri di fronte al dilemma tra chiusura &#8230; <a title=\"Le conclusioni del Consiglio europeo del 28-29 giugno 2018 sulle migrazioni: pi\u00f9 autorit\u00e0 e meno diritti nello spazio Schengen\" class=\"read-more\" href=\"https:\/\/www.lacostituzione.info\/index.php\/2018\/07\/03\/le-conclusioni-del-consiglio-europeo-del-28-29-giugno-2018-sulle-migrazioni-piu-autorita-e-meno-diritti-nello-spazio-schengen\/\">Leggi tutto<\/a><\/p>\n<div class='heateorSssClear'><\/div><div  class='heateor_sss_sharing_container heateor_sss_horizontal_sharing' data-heateor-sss-href='https:\/\/www.lacostituzione.info\/index.php\/2018\/07\/03\/le-conclusioni-del-consiglio-europeo-del-28-29-giugno-2018-sulle-migrazioni-piu-autorita-e-meno-diritti-nello-spazio-schengen\/'><div class='heateor_sss_sharing_title' style=\"font-weight:bold\" >Condividi!<\/div><div class=\"heateor_sss_sharing_ul\"><a aria-label=\"Facebook\" class=\"heateor_sss_facebook\" href=\"https:\/\/www.facebook.com\/sharer\/sharer.php?u=https%3A%2F%2Fwww.lacostituzione.info%2Findex.php%2F2018%2F07%2F03%2Fle-conclusioni-del-consiglio-europeo-del-28-29-giugno-2018-sulle-migrazioni-piu-autorita-e-meno-diritti-nello-spazio-schengen%2F\" title=\"Facebook\" rel=\"nofollow noopener\" target=\"_blank\" style=\"font-size:32px!important;box-shadow:none;display:inline-block;vertical-align:middle\"><span class=\"heateor_sss_svg\" style=\"background-color:#0765FE;width:35px;height:35px;display:inline-block;opacity:1;float:left;font-size:32px;box-shadow:none;display:inline-block;font-size:16px;padding:0 4px;vertical-align:middle;background-repeat:repeat;overflow:hidden;padding:0;cursor:pointer;box-sizing:content-box\"><svg style=\"display:block;\" focusable=\"false\" aria-hidden=\"true\" xmlns=\"http:\/\/www.w3.org\/2000\/svg\" width=\"100%\" height=\"100%\" viewBox=\"0 0 32 32\"><path fill=\"#fff\" d=\"M28 16c0-6.627-5.373-12-12-12S4 9.373 4 16c0 5.628 3.875 10.35 9.101 11.647v-7.98h-2.474V16H13.1v-1.58c0-4.085 1.849-5.978 5.859-5.978.76 0 2.072.15 2.608.298v3.325c-.283-.03-.775-.045-1.386-.045-1.967 0-2.728.745-2.728 2.683V16h3.92l-.673 3.667h-3.247v8.245C23.395 27.195 28 22.135 28 16Z\"><\/path><\/svg><\/span><\/a><a aria-label=\"Twitter\" class=\"heateor_sss_button_twitter\" href=\"https:\/\/twitter.com\/intent\/tweet?text=Le%20conclusioni%20del%20Consiglio%20europeo%20del%2028-29%20giugno%202018%20sulle%20migrazioni%3A%20pi%C3%B9%20autorit%C3%A0%20e%20meno%20diritti%20nello%20spazio%20Schengen&url=https%3A%2F%2Fwww.lacostituzione.info%2Findex.php%2F2018%2F07%2F03%2Fle-conclusioni-del-consiglio-europeo-del-28-29-giugno-2018-sulle-migrazioni-piu-autorita-e-meno-diritti-nello-spazio-schengen%2F\" title=\"Twitter\" rel=\"nofollow noopener\" target=\"_blank\" style=\"font-size:32px!important;box-shadow:none;display:inline-block;vertical-align:middle\"><span class=\"heateor_sss_svg heateor_sss_s__default heateor_sss_s_twitter\" style=\"background-color:#55acee;width:35px;height:35px;display:inline-block;opacity:1;float:left;font-size:32px;box-shadow:none;display:inline-block;font-size:16px;padding:0 4px;vertical-align:middle;background-repeat:repeat;overflow:hidden;padding:0;cursor:pointer;box-sizing:content-box\"><svg style=\"display:block;\" focusable=\"false\" aria-hidden=\"true\" xmlns=\"http:\/\/www.w3.org\/2000\/svg\" width=\"100%\" height=\"100%\" viewBox=\"-4 -4 39 39\"><path d=\"M28 8.557a9.913 9.913 0 0 1-2.828.775 4.93 4.93 0 0 0 2.166-2.725 9.738 9.738 0 0 1-3.13 1.194 4.92 4.92 0 0 0-3.593-1.55 4.924 4.924 0 0 0-4.794 6.049c-4.09-.21-7.72-2.17-10.15-5.15a4.942 4.942 0 0 0-.665 2.477c0 1.71.87 3.214 2.19 4.1a4.968 4.968 0 0 1-2.23-.616v.06c0 2.39 1.7 4.38 3.952 4.83-.414.115-.85.174-1.297.174-.318 0-.626-.03-.928-.086a4.935 4.935 0 0 0 4.6 3.42 9.893 9.893 0 0 1-6.114 2.107c-.398 0-.79-.023-1.175-.068a13.953 13.953 0 0 0 7.55 2.213c9.056 0 14.01-7.507 14.01-14.013 0-.213-.005-.426-.015-.637.96-.695 1.795-1.56 2.455-2.55z\" fill=\"#fff\"><\/path><\/svg><\/span><\/a><a aria-label=\"Reddit\" class=\"heateor_sss_button_reddit\" href=\"https:\/\/reddit.com\/submit?url=https%3A%2F%2Fwww.lacostituzione.info%2Findex.php%2F2018%2F07%2F03%2Fle-conclusioni-del-consiglio-europeo-del-28-29-giugno-2018-sulle-migrazioni-piu-autorita-e-meno-diritti-nello-spazio-schengen%2F&title=Le%20conclusioni%20del%20Consiglio%20europeo%20del%2028-29%20giugno%202018%20sulle%20migrazioni%3A%20pi%C3%B9%20autorit%C3%A0%20e%20meno%20diritti%20nello%20spazio%20Schengen\" title=\"Reddit\" rel=\"nofollow noopener\" target=\"_blank\" style=\"font-size:32px!important;box-shadow:none;display:inline-block;vertical-align:middle\"><span class=\"heateor_sss_svg heateor_sss_s__default heateor_sss_s_reddit\" style=\"background-color:#ff5700;width:35px;height:35px;display:inline-block;opacity:1;float:left;font-size:32px;box-shadow:none;display:inline-block;font-size:16px;padding:0 4px;vertical-align:middle;background-repeat:repeat;overflow:hidden;padding:0;cursor:pointer;box-sizing:content-box\"><svg style=\"display:block;\" focusable=\"false\" aria-hidden=\"true\" xmlns=\"http:\/\/www.w3.org\/2000\/svg\" width=\"100%\" height=\"100%\" viewBox=\"-3.5 -3.5 39 39\"><path d=\"M28.543 15.774a2.953 2.953 0 0 0-2.951-2.949 2.882 2.882 0 0 0-1.9.713 14.075 14.075 0 0 0-6.85-2.044l1.38-4.349 3.768.884a2.452 2.452 0 1 0 .24-1.176l-4.274-1a.6.6 0 0 0-.709.4l-1.659 5.224a14.314 14.314 0 0 0-7.316 2.029 2.908 2.908 0 0 0-1.872-.681 2.942 2.942 0 0 0-1.618 5.4 5.109 5.109 0 0 0-.062.765c0 4.158 5.037 7.541 11.229 7.541s11.22-3.383 11.22-7.541a5.2 5.2 0 0 0-.053-.706 2.963 2.963 0 0 0 1.427-2.51zm-18.008 1.88a1.753 1.753 0 0 1 1.73-1.74 1.73 1.73 0 0 1 1.709 1.74 1.709 1.709 0 0 1-1.709 1.711 1.733 1.733 0 0 1-1.73-1.711zm9.565 4.968a5.573 5.573 0 0 1-4.081 1.272h-.032a5.576 5.576 0 0 1-4.087-1.272.6.6 0 0 1 .844-.854 4.5 4.5 0 0 0 3.238.927h.032a4.5 4.5 0 0 0 3.237-.927.6.6 0 1 1 .844.854zm-.331-3.256a1.726 1.726 0 1 1 1.709-1.712 1.717 1.717 0 0 1-1.712 1.712z\" fill=\"#fff\"\/><\/svg><\/span><\/a><a aria-label=\"Linkedin\" class=\"heateor_sss_button_linkedin\" href=\"https:\/\/www.linkedin.com\/sharing\/share-offsite\/?url=https%3A%2F%2Fwww.lacostituzione.info%2Findex.php%2F2018%2F07%2F03%2Fle-conclusioni-del-consiglio-europeo-del-28-29-giugno-2018-sulle-migrazioni-piu-autorita-e-meno-diritti-nello-spazio-schengen%2F\" title=\"Linkedin\" rel=\"nofollow noopener\" target=\"_blank\" style=\"font-size:32px!important;box-shadow:none;display:inline-block;vertical-align:middle\"><span class=\"heateor_sss_svg heateor_sss_s__default heateor_sss_s_linkedin\" style=\"background-color:#0077b5;width:35px;height:35px;display:inline-block;opacity:1;float:left;font-size:32px;box-shadow:none;display:inline-block;font-size:16px;padding:0 4px;vertical-align:middle;background-repeat:repeat;overflow:hidden;padding:0;cursor:pointer;box-sizing:content-box\"><svg style=\"display:block;\" focusable=\"false\" aria-hidden=\"true\" xmlns=\"http:\/\/www.w3.org\/2000\/svg\" width=\"100%\" height=\"100%\" viewBox=\"0 0 32 32\"><path d=\"M6.227 12.61h4.19v13.48h-4.19V12.61zm2.095-6.7a2.43 2.43 0 0 1 0 4.86c-1.344 0-2.428-1.09-2.428-2.43s1.084-2.43 2.428-2.43m4.72 6.7h4.02v1.84h.058c.56-1.058 1.927-2.176 3.965-2.176 4.238 0 5.02 2.792 5.02 6.42v7.395h-4.183v-6.56c0-1.564-.03-3.574-2.178-3.574-2.18 0-2.514 1.7-2.514 3.46v6.668h-4.187V12.61z\" fill=\"#fff\"><\/path><\/svg><\/span><\/a><a aria-label=\"Pinterest\" class=\"heateor_sss_button_pinterest\" href=\"https:\/\/www.lacostituzione.info\/index.php\/2018\/07\/03\/le-conclusioni-del-consiglio-europeo-del-28-29-giugno-2018-sulle-migrazioni-piu-autorita-e-meno-diritti-nello-spazio-schengen\/\" onclick=\"event.preventDefault();javascript:void( (function() {var e=document.createElement('script' );e.setAttribute('type','text\/javascript' );e.setAttribute('charset','UTF-8' );e.setAttribute('src','\/\/assets.pinterest.com\/js\/pinmarklet.js?r='+Math.random()*99999999);document.body.appendChild(e)})());\" title=\"Pinterest\" rel=\"noopener\" style=\"font-size:32px!important;box-shadow:none;display:inline-block;vertical-align:middle\"><span class=\"heateor_sss_svg heateor_sss_s__default heateor_sss_s_pinterest\" style=\"background-color:#cc2329;width:35px;height:35px;display:inline-block;opacity:1;float:left;font-size:32px;box-shadow:none;display:inline-block;font-size:16px;padding:0 4px;vertical-align:middle;background-repeat:repeat;overflow:hidden;padding:0;cursor:pointer;box-sizing:content-box\"><svg style=\"display:block;\" focusable=\"false\" aria-hidden=\"true\" xmlns=\"http:\/\/www.w3.org\/2000\/svg\" width=\"100%\" height=\"100%\" viewBox=\"-2 -2 35 35\"><path fill=\"#fff\" d=\"M16.539 4.5c-6.277 0-9.442 4.5-9.442 8.253 0 2.272.86 4.293 2.705 5.046.303.125.574.005.662-.33.061-.231.205-.816.27-1.06.088-.331.053-.447-.191-.736-.532-.627-.873-1.439-.873-2.591 0-3.338 2.498-6.327 6.505-6.327 3.548 0 5.497 2.168 5.497 5.062 0 3.81-1.686 7.025-4.188 7.025-1.382 0-2.416-1.142-2.085-2.545.397-1.674 1.166-3.48 1.166-4.689 0-1.081-.581-1.983-1.782-1.983-1.413 0-2.548 1.462-2.548 3.419 0 1.247.421 2.091.421 2.091l-1.699 7.199c-.505 2.137-.076 4.755-.039 5.019.021.158.223.196.314.077.13-.17 1.813-2.247 2.384-4.324.162-.587.929-3.631.929-3.631.46.876 1.801 1.646 3.227 1.646 4.247 0 7.128-3.871 7.128-9.053.003-3.918-3.317-7.568-8.361-7.568z\"\/><\/svg><\/span><\/a><a aria-label=\"Whatsapp\" class=\"heateor_sss_whatsapp\" href=\"https:\/\/api.whatsapp.com\/send?text=Le%20conclusioni%20del%20Consiglio%20europeo%20del%2028-29%20giugno%202018%20sulle%20migrazioni%3A%20pi%C3%B9%20autorit%C3%A0%20e%20meno%20diritti%20nello%20spazio%20Schengen%20https%3A%2F%2Fwww.lacostituzione.info%2Findex.php%2F2018%2F07%2F03%2Fle-conclusioni-del-consiglio-europeo-del-28-29-giugno-2018-sulle-migrazioni-piu-autorita-e-meno-diritti-nello-spazio-schengen%2F\" title=\"Whatsapp\" rel=\"nofollow noopener\" target=\"_blank\" style=\"font-size:32px!important;box-shadow:none;display:inline-block;vertical-align:middle\"><span class=\"heateor_sss_svg\" style=\"background-color:#55eb4c;width:35px;height:35px;display:inline-block;opacity:1;float:left;font-size:32px;box-shadow:none;display:inline-block;font-size:16px;padding:0 4px;vertical-align:middle;background-repeat:repeat;overflow:hidden;padding:0;cursor:pointer;box-sizing:content-box\"><svg style=\"display:block;\" focusable=\"false\" aria-hidden=\"true\" xmlns=\"http:\/\/www.w3.org\/2000\/svg\" width=\"100%\" height=\"100%\" viewBox=\"-6 -5 40 40\"><path class=\"heateor_sss_svg_stroke heateor_sss_no_fill\" stroke=\"#fff\" stroke-width=\"2\" fill=\"none\" d=\"M 11.579798566743314 24.396926207859085 A 10 10 0 1 0 6.808479557110079 20.73576436351046\"><\/path><path d=\"M 7 19 l -1 6 l 6 -1\" class=\"heateor_sss_no_fill heateor_sss_svg_stroke\" stroke=\"#fff\" stroke-width=\"2\" fill=\"none\"><\/path><path d=\"M 10 10 q -1 8 8 11 c 5 -1 0 -6 -1 -3 q -4 -3 -5 -5 c 4 -2 -1 -5 -1 -4\" fill=\"#fff\"><\/path><\/svg><\/span><\/a><\/div><div class=\"heateorSssClear\"><\/div><\/div><div class='heateorSssClear'><\/div>","protected":false},"author":3,"featured_media":0,"comment_status":"open","ping_status":"open","sticky":false,"template":"","format":"standard","meta":{"jetpack_post_was_ever_published":false,"_jetpack_newsletter_access":"","_jetpack_dont_email_post_to_subs":false,"_jetpack_newsletter_tier_id":0,"_jetpack_memberships_contains_paywalled_content":false,"_jetpack_memberships_contains_paid_content":false,"footnotes":"","jetpack_publicize_message":"","jetpack_publicize_feature_enabled":true,"jetpack_social_post_already_shared":true,"jetpack_social_options":{"image_generator_settings":{"template":"highway","default_image_id":0,"enabled":false},"version":2}},"categories":[4],"tags":[421,1263,98],"class_list":["post-5387","post","type-post","status-publish","format-standard","hentry","category-attualita","tag-consiglio-europeo","tag-dublino","tag-immigrati"],"jetpack_publicize_connections":[],"jetpack_featured_media_url":"","jetpack_shortlink":"https:\/\/wp.me\/p84sDq-1oT","jetpack_likes_enabled":true,"jetpack_sharing_enabled":true,"_links":{"self":[{"href":"https:\/\/www.lacostituzione.info\/index.php\/wp-json\/wp\/v2\/posts\/5387","targetHints":{"allow":["GET"]}}],"collection":[{"href":"https:\/\/www.lacostituzione.info\/index.php\/wp-json\/wp\/v2\/posts"}],"about":[{"href":"https:\/\/www.lacostituzione.info\/index.php\/wp-json\/wp\/v2\/types\/post"}],"author":[{"embeddable":true,"href":"https:\/\/www.lacostituzione.info\/index.php\/wp-json\/wp\/v2\/users\/3"}],"replies":[{"embeddable":true,"href":"https:\/\/www.lacostituzione.info\/index.php\/wp-json\/wp\/v2\/comments?post=5387"}],"version-history":[{"count":0,"href":"https:\/\/www.lacostituzione.info\/index.php\/wp-json\/wp\/v2\/posts\/5387\/revisions"}],"wp:attachment":[{"href":"https:\/\/www.lacostituzione.info\/index.php\/wp-json\/wp\/v2\/media?parent=5387"}],"wp:term":[{"taxonomy":"category","embeddable":true,"href":"https:\/\/www.lacostituzione.info\/index.php\/wp-json\/wp\/v2\/categories?post=5387"},{"taxonomy":"post_tag","embeddable":true,"href":"https:\/\/www.lacostituzione.info\/index.php\/wp-json\/wp\/v2\/tags?post=5387"}],"curies":[{"name":"wp","href":"https:\/\/api.w.org\/{rel}","templated":true}]}}