{"id":5398,"date":"2018-07-04T20:03:43","date_gmt":"2018-07-04T18:03:43","guid":{"rendered":"http:\/\/www.lacostituzione.info\/?p=5398"},"modified":"2018-07-04T22:45:47","modified_gmt":"2018-07-04T20:45:47","slug":"fascismo-e-compiti-della-scuola","status":"publish","type":"post","link":"https:\/\/www.lacostituzione.info\/index.php\/2018\/07\/04\/fascismo-e-compiti-della-scuola\/","title":{"rendered":"Fascismo e compiti della scuola"},"content":{"rendered":"<p style=\"text-align: center;\"><a href=\"http:\/\/www.lacostituzione.info\/wp-content\/uploads\/2018\/07\/saluto2.jpg\"><img loading=\"lazy\" decoding=\"async\" data-attachment-id=\"5399\" data-permalink=\"https:\/\/www.lacostituzione.info\/index.php\/2018\/07\/04\/fascismo-e-compiti-della-scuola\/saluto2\/#main\" data-orig-file=\"https:\/\/www.lacostituzione.info\/wp-content\/uploads\/2018\/07\/saluto2.jpg\" data-orig-size=\"310,163\" data-comments-opened=\"1\" data-image-meta=\"{&quot;aperture&quot;:&quot;0&quot;,&quot;credit&quot;:&quot;&quot;,&quot;camera&quot;:&quot;&quot;,&quot;caption&quot;:&quot;&quot;,&quot;created_timestamp&quot;:&quot;0&quot;,&quot;copyright&quot;:&quot;&quot;,&quot;focal_length&quot;:&quot;0&quot;,&quot;iso&quot;:&quot;0&quot;,&quot;shutter_speed&quot;:&quot;0&quot;,&quot;title&quot;:&quot;&quot;,&quot;orientation&quot;:&quot;0&quot;}\" data-image-title=\"saluto2\" data-image-description=\"\" data-image-caption=\"\" data-medium-file=\"https:\/\/www.lacostituzione.info\/wp-content\/uploads\/2018\/07\/saluto2-300x158.jpg\" data-large-file=\"https:\/\/www.lacostituzione.info\/wp-content\/uploads\/2018\/07\/saluto2.jpg\" class=\"aligncenter size-thumbnail wp-image-5399\" src=\"http:\/\/www.lacostituzione.info\/wp-content\/uploads\/2018\/07\/saluto2-150x150.jpg\" alt=\"\" width=\"150\" height=\"150\" \/><\/a>di<b> Giacomo Menegus<\/b><\/p>\n<p>Qualcuno ricorder\u00e0 come lo scorso mese una classe del liceo Socrate di Roma (Garbatella) sia finita sui principali quotidiani nazionali perch\u00e9, nel mettersi in posa per la foto di classe, aveva alzato il braccio destro a rievocare il saluto romano.<!--more--><\/p>\n<p>Al di l\u00e0 del gesto, quello che aveva colpito l\u2019opinione pubblica \u2013 e sollevato le proteste non solo di altri studenti e professori, ma pure di esponenti politici e della comunit\u00e0 ebraica \u2013 era il fatto che la Dirigente scolastica dell\u2019istituto, consultato l\u2019Ufficio ispettivo, aveva escluso provvedimenti disciplinari nei confronti dei ragazzi: \u00abil saluto fascista non \u00e8 reato se commemorativo e non violento\u00bb e pertanto il gesto dei ragazzi \u00abva inquadrato tra le libert\u00e0 di espressione e di manifestazione del pensiero costituzionalmente garantite\u00bb.<\/p>\n<p>Ora che il clamore generato dalla vicenda si \u00e8 acquietato, \u00e8 possibile tornare a mente fredda sull\u2019accaduto per svolgere qualche considerazione sul rapporto tra fascismo, compiti della scuola e diritto penale.<\/p>\n<p>Conviene partire dalla lettura della singolare <a href=\"http:\/\/roma.repubblica.it\/cronaca\/2018\/06\/07\/foto\/saluto_fascista_al_liceo_socrate_della_garbatella_la_lettera_della_preside_sorridevano_non_c_e_reato_-198373597\/1\/#1\">circolare<\/a> con la quale la Dirigente scolastica esclude la necessit\u00e0 di convocare un Consiglio straordinario per (eventualmente) decidere delle sanzioni disciplinari a carico degli studenti coinvolti: la Dirigente comunica di aver preso visione della foto che ritrae la classe mentre fa il saluto romano e \u2013 nel dubbio se convocare o meno il Consiglio di cui si diceva \u2013 di aver frattanto incontrato i ragazzi e di averli fatti riflettere sul loro gesto.<\/p>\n<p>La parte interessante della circolare \u00e8 tuttavia la seconda. Qui la Preside dice di aver contattato per chiarimenti l\u2019Ufficio ispettivo (si pu\u00f2 supporre che sia quello provinciale), il quale le risponde che i ragazzi non vanno puniti: una sentenza della Cassazione penale, la <a href=\"http:\/\/www.giurisprudenzapenale.com\/2018\/02\/21\/sulla-rilevanza-penale-del-saluto-romano-non-e-reato-se-fatto-con-intento-commemorativo\/\">n. 8108 del 2018<\/a>, ha infatti assolto in via definitiva \u00abdue manifestanti, che durante una commemorazione nel 2014 a Milano organizzata da appartenenti al partito \u201cFratelli d&#8217;Italia\u201d, avevano alzato il braccio destro rispondendo alla \u201cchiamata del presente\u201d ed effettuando il \u201csaluto romano\u201d\u00bb. Se commemorativo e non violento, il saluto romano non integra alcuna fattispecie di reato e quindi \u2013 secondo il ragionamento dell\u2019Ufficio ispettivo \u2013 non \u00e8 vietato.<\/p>\n<p>La circolare si conclude con l\u2019applicazione della regola ricavata dalla sentenza citata al caso concreto; e qui la questione assume toni farseschi: \u00abvisto che i ragazzi (\u2026) erano sorridenti e in posa (non avevano dunque volont\u00e0 di violenza) n\u00e9 hanno testimoniato \u201cla volont\u00e0 di ricostituzione di organizzazioni fasciste\u201d in relazione al momento e all\u2019ambiente, lascio alle SS. LL. ogni riflessione del caso\u00bb.<\/p>\n<p>Va messo in chiaro sin da subito che tutto il ragionamento svolto dalla Dirigente scolastica \u00e8 compromesso da un grave malinteso di fondo \u2013 probabilmente suggerito e incoraggiato dall\u2019improvvido \u201cparere\u201d dell\u2019Ufficio ispettivo \u2013 secondo il quale la scuola potrebbe e dovrebbe sanzionare solo comportamenti penalmente rilevanti. Che tale assunto sia gravemente erroneo (qui ci vorrebbe la proverbiale penna blu), lo si ricava da diversi argomenti, alcuni giuridici, altri di semplice esperienza.<\/p>\n<p>Partiamo dalla sentenza citata (Cassazione Penale, Sez. I, 20 febbraio 2018, n. 8108), per comprenderne il senso (depurato dai frequenti fraintendimenti che accompagnano pronunce di questo tipo) e spiegare perch\u00e9 tale pronuncia della Cassazione non c\u2019entra nulla con il caso del liceo romano.<\/p>\n<p>I due imputati erano intervenuti ad una manifestazione (con tanto di croci celtiche, tamburi e tutto quello che accompagna questo genere di \u201critrovi\u201d) organizzata per commemorare \u201ctre camerati\u201d uccisi in quanto fascisti e, in questa circostanza, avevano fatto il saluto romano.\u00a0Il reato per il quale erano stati inizialmente incriminati \u00e8 quello di \u201cManifestazioni fasciste\u201d previsto all\u2019art. 5 della legge n. 645 del 1952 (c.d. legge Scelba), che contempla sanzioni detentive e pecuniarie per \u00abchiunque, partecipando a pubbliche riunioni, compie manifestazioni usuali del disciolto partito fascista ovvero di organizzazioni naziste\u00bb.<\/p>\n<p>La Cassazione assolve i due imputati (confermando la sentenza della Corte d\u2019Appello di Milano) perch\u00e9 offre una <em>lettura costituzionalmente orientata<\/em> del reato in esame, interpretazione che trova un\u2019autorevole conferma in due notissime sentenze della Corte costituzionale (<a href=\"http:\/\/www.giurcost.org\/decisioni\/1958\/0074s-58.html\">n. 74 del 1958<\/a> e <a href=\"http:\/\/www.giurcost.org\/decisioni\/1973\/0015s-73.html\">n. 15 del 1973<\/a>).<\/p>\n<p>Il ragionamento per chi non si occupa di diritto costituzionale pu\u00f2 apparire complesso e perci\u00f2 vale la pena ricostruirne i passaggi.<\/p>\n<ol>\n<li>Condotte come quella considerata nella sentenza \u2013 \u201csaluto romano\u201d \u2013 rientrano di per s\u00e9 nell\u2019ambito delle molteplici forme di manifestazione del pensiero tutelate dall\u2019art. 21 della Costituzione: una disposizione di legge che intendesse punire tali manifestazioni del pensiero per la pura e semplice ragione che si richiamano all\u2019ideologia fascista potrebbe (in ipotesi) andare incontro ad una declaratoria di incostituzionalit\u00e0.<\/li>\n<li>Ma bisogna a questo punto richiamare la XII disposizione transitoria e finale della Costituzione, che al primo comma recita: \u00ab\u00c8 vietata la riorganizzazione, sotto qualsiasi forma, del disciolto partito fascista\u00bb. \u00c8 tale disposizione a rappresentare il fondamento di legittimit\u00e0 del reato in questione, che punisce condotte che rientrerebbero altrimenti nella tutela dell\u2019art. 21 Cost.: il \u201csaluto romano\u201d, come altre espressioni simili, possono essere punite qualora siano idonee a ingenerare il pericolo della ricostituzione del disciolto partito fascista. La Corte costituzionale ha chiarito che possono essere perseguiti penalmente non soltanto \u00abgli atti finali e conclusivi della riorganizzazione, del tutto avulsi da ogni loro antecedente causale\u00bb, ma pure \u00abogni comportamento che, pur non rivestendo i caratteri di un vero e proprio atto di riorganizzazione, fosse tuttavia tale da contenere in s\u00e9 sufficiente idoneit\u00e0 a produrre gli atti stessi\u00bb (Corte cost. n. 74 del 1958).<\/li>\n<li>Si parla in proposito di <em>reati di pericolo concreto<\/em>, in rapporto ai quali il giudice \u00e8 chiamato a verificare <em>in concreto<\/em> l\u2019esistenza effettiva del pericolo contemplato dalla norma.<\/li>\n<li>Tornando alla sentenza citata dalla Dirigente, \u00e8 presto spiegata l\u2019assoluzione dei due manifestanti: trattandosi di una semplice commemorazione, i giudici hanno ritenuto \u2013 a torto o a ragione \u2013 che il saluto romano non fosse, in tale contesto, idoneo a generare il pericolo di ricostituzione del disciolto partito fascista, interpretando in conformit\u00e0 alla Costituzione l\u2019art. 5 della legge Scelba. I giudici escludono insomma che ai due manifestanti possano essere applicate delle sanzioni penali.<\/li>\n<\/ol>\n<p>Ci si potrebbe chiedere, a questo punto, cosa c\u2019entri tutto questo con la Scuola. Per assurdo, se la Dirigente avesse davvero ritenuto di trovarsi di fronte ad un potenziale reato, avrebbe dovuto logicamente rivolgersi ai Carabinieri, piuttosto che all\u2019Ufficio ispettivo.\u00a0Perch\u00e9 limitarsi allora a svolgere valutazioni su (assenti) profili penali della vicenda, valutazioni che certo non competono alla Dirigente? La Scuola non aveva nulla di pi\u00f9 e di diverso da dire in merito, come istituzione educativa di una Repubblica democratica che nasce dalle macerie e dagli orrori del Fascismo?<\/p>\n<p>Il punto centrale della vicenda \u00e8 che alla Scuola non compete n\u00e9 l\u2019accertamento di eventuali fatti criminosi n\u00e9 l\u2019irrogazione delle relative sanzioni, ma piuttosto \u2013 e con evidenza \u2013 l\u2019educazione e la formazione dei ragazzi. Educazione che non pu\u00f2 certo limitarsi al penalmente rilevante, altrimenti potrebbe essere tranquillamente appaltata alle autorit\u00e0 di pubblica sicurezza. Che una classe di quinta superiore venga ritratta mentre fa il \u201csaluto romano\u201d mi sembra un tema sul quale la Scuola \u2013 ripeto, di una Repubblica democratica \u2013 debba avere qualcosa da dire proprio sotto il profilo educativo.<\/p>\n<p>Il problema che sta sullo sfondo in realt\u00e0 \u00e8 pi\u00f9 vasto ed ha a che fare con una sorta di <em>giurisdizionalizzazione<\/em> dell\u2019educazione. A fronte di un (vero o percepito che sia) attivismo dei giudici, il cui intervento sulle attivit\u00e0 della scuola si farebbe sempre pi\u00f9 incisivo e frequente (si pensi, solo per fare un esempio, alle decisioni giurisprudenziali che ribaltano le bocciature), la scuola \u00e8 venuta assumendo un atteggiamento difensivo, appiattendosi sempre pi\u00f9 nello svolgimento delle sue funzioni sulla giurisprudenza (in modo non sempre coerente rispetto alla singola pronuncia). Un caso eclatante in questo senso mi pare possa essere quello dell\u2019uscita autonoma degli alunni under 14 (con tutto lo strascico surreale di commenti della politica e interventi legislativi; per qualche indicazione sulla vicenda, v. <a href=\"http:\/\/www.repubblica.it\/cronaca\/2017\/10\/27\/news\/renzi_studenti_scuole_medie_a_casa_da_soli_subito_legge_per_lasciare_scelta_ai_genitori-179470727\/\">qui<\/a>).<\/p>\n<p>Non \u00e8 difficile immaginare che il caso di cui ci siamo occupati si inserisca a pieno titolo in questa tendenza, alla quale va aggiunta la crescente aggressivit\u00e0 dei genitori nei confronti dell\u2019istituzione scolastica: la Dirigente \u2013 verosimilmente temendo di fare qualche errore e magari di andare incontro alle ire delle famiglie \u2013 si \u00e8 limitata ad attraccare nel \u201cporto sicuro\u201d indicato dall\u2019Ufficio ispettivo. Ma se da una parte si \u00e8 protetta da eventuali ricorsi, dall\u2019altra non ha certo reso il servizio educativo che dalla Scuola ci si attende.\u00a0Se compito della Scuola rimane anche quello di formare dei cittadini democratici, tale formazione passa anche per la trasmissione dei valori dell\u2019anti-fascismo su cui la Repubblica \u00e8 fondata; un\u2019educazione civica che non pu\u00f2 certo fermarsi sul confine del penalmente rilevante.<\/p>\n","protected":false},"excerpt":{"rendered":"<p>di Giacomo Menegus Qualcuno ricorder\u00e0 come lo scorso mese una classe del liceo Socrate di Roma (Garbatella) sia finita sui principali quotidiani nazionali perch\u00e9, nel mettersi in posa per la foto di classe, aveva alzato il braccio destro a rievocare il saluto romano.<\/p>\n<div class='heateorSssClear'><\/div><div  class='heateor_sss_sharing_container heateor_sss_horizontal_sharing' data-heateor-sss-href='https:\/\/www.lacostituzione.info\/index.php\/2018\/07\/04\/fascismo-e-compiti-della-scuola\/'><div class='heateor_sss_sharing_title' style=\"font-weight:bold\" >Condividi!<\/div><div class=\"heateor_sss_sharing_ul\"><a aria-label=\"Facebook\" class=\"heateor_sss_facebook\" href=\"https:\/\/www.facebook.com\/sharer\/sharer.php?u=https%3A%2F%2Fwww.lacostituzione.info%2Findex.php%2F2018%2F07%2F04%2Ffascismo-e-compiti-della-scuola%2F\" title=\"Facebook\" rel=\"nofollow noopener\" target=\"_blank\" style=\"font-size:32px!important;box-shadow:none;display:inline-block;vertical-align:middle\"><span class=\"heateor_sss_svg\" style=\"background-color:#0765FE;width:35px;height:35px;display:inline-block;opacity:1;float:left;font-size:32px;box-shadow:none;display:inline-block;font-size:16px;padding:0 4px;vertical-align:middle;background-repeat:repeat;overflow:hidden;padding:0;cursor:pointer;box-sizing:content-box\"><svg style=\"display:block;\" focusable=\"false\" aria-hidden=\"true\" xmlns=\"http:\/\/www.w3.org\/2000\/svg\" width=\"100%\" height=\"100%\" viewBox=\"0 0 32 32\"><path fill=\"#fff\" d=\"M28 16c0-6.627-5.373-12-12-12S4 9.373 4 16c0 5.628 3.875 10.35 9.101 11.647v-7.98h-2.474V16H13.1v-1.58c0-4.085 1.849-5.978 5.859-5.978.76 0 2.072.15 2.608.298v3.325c-.283-.03-.775-.045-1.386-.045-1.967 0-2.728.745-2.728 2.683V16h3.92l-.673 3.667h-3.247v8.245C23.395 27.195 28 22.135 28 16Z\"><\/path><\/svg><\/span><\/a><a aria-label=\"Twitter\" class=\"heateor_sss_button_twitter\" href=\"https:\/\/twitter.com\/intent\/tweet?text=Fascismo%20e%20compiti%20della%20scuola&url=https%3A%2F%2Fwww.lacostituzione.info%2Findex.php%2F2018%2F07%2F04%2Ffascismo-e-compiti-della-scuola%2F\" title=\"Twitter\" rel=\"nofollow noopener\" target=\"_blank\" style=\"font-size:32px!important;box-shadow:none;display:inline-block;vertical-align:middle\"><span class=\"heateor_sss_svg heateor_sss_s__default heateor_sss_s_twitter\" style=\"background-color:#55acee;width:35px;height:35px;display:inline-block;opacity:1;float:left;font-size:32px;box-shadow:none;display:inline-block;font-size:16px;padding:0 4px;vertical-align:middle;background-repeat:repeat;overflow:hidden;padding:0;cursor:pointer;box-sizing:content-box\"><svg style=\"display:block;\" focusable=\"false\" aria-hidden=\"true\" xmlns=\"http:\/\/www.w3.org\/2000\/svg\" width=\"100%\" height=\"100%\" viewBox=\"-4 -4 39 39\"><path d=\"M28 8.557a9.913 9.913 0 0 1-2.828.775 4.93 4.93 0 0 0 2.166-2.725 9.738 9.738 0 0 1-3.13 1.194 4.92 4.92 0 0 0-3.593-1.55 4.924 4.924 0 0 0-4.794 6.049c-4.09-.21-7.72-2.17-10.15-5.15a4.942 4.942 0 0 0-.665 2.477c0 1.71.87 3.214 2.19 4.1a4.968 4.968 0 0 1-2.23-.616v.06c0 2.39 1.7 4.38 3.952 4.83-.414.115-.85.174-1.297.174-.318 0-.626-.03-.928-.086a4.935 4.935 0 0 0 4.6 3.42 9.893 9.893 0 0 1-6.114 2.107c-.398 0-.79-.023-1.175-.068a13.953 13.953 0 0 0 7.55 2.213c9.056 0 14.01-7.507 14.01-14.013 0-.213-.005-.426-.015-.637.96-.695 1.795-1.56 2.455-2.55z\" fill=\"#fff\"><\/path><\/svg><\/span><\/a><a aria-label=\"Reddit\" class=\"heateor_sss_button_reddit\" href=\"https:\/\/reddit.com\/submit?url=https%3A%2F%2Fwww.lacostituzione.info%2Findex.php%2F2018%2F07%2F04%2Ffascismo-e-compiti-della-scuola%2F&title=Fascismo%20e%20compiti%20della%20scuola\" title=\"Reddit\" rel=\"nofollow noopener\" target=\"_blank\" style=\"font-size:32px!important;box-shadow:none;display:inline-block;vertical-align:middle\"><span class=\"heateor_sss_svg heateor_sss_s__default heateor_sss_s_reddit\" style=\"background-color:#ff5700;width:35px;height:35px;display:inline-block;opacity:1;float:left;font-size:32px;box-shadow:none;display:inline-block;font-size:16px;padding:0 4px;vertical-align:middle;background-repeat:repeat;overflow:hidden;padding:0;cursor:pointer;box-sizing:content-box\"><svg style=\"display:block;\" focusable=\"false\" aria-hidden=\"true\" xmlns=\"http:\/\/www.w3.org\/2000\/svg\" width=\"100%\" height=\"100%\" viewBox=\"-3.5 -3.5 39 39\"><path d=\"M28.543 15.774a2.953 2.953 0 0 0-2.951-2.949 2.882 2.882 0 0 0-1.9.713 14.075 14.075 0 0 0-6.85-2.044l1.38-4.349 3.768.884a2.452 2.452 0 1 0 .24-1.176l-4.274-1a.6.6 0 0 0-.709.4l-1.659 5.224a14.314 14.314 0 0 0-7.316 2.029 2.908 2.908 0 0 0-1.872-.681 2.942 2.942 0 0 0-1.618 5.4 5.109 5.109 0 0 0-.062.765c0 4.158 5.037 7.541 11.229 7.541s11.22-3.383 11.22-7.541a5.2 5.2 0 0 0-.053-.706 2.963 2.963 0 0 0 1.427-2.51zm-18.008 1.88a1.753 1.753 0 0 1 1.73-1.74 1.73 1.73 0 0 1 1.709 1.74 1.709 1.709 0 0 1-1.709 1.711 1.733 1.733 0 0 1-1.73-1.711zm9.565 4.968a5.573 5.573 0 0 1-4.081 1.272h-.032a5.576 5.576 0 0 1-4.087-1.272.6.6 0 0 1 .844-.854 4.5 4.5 0 0 0 3.238.927h.032a4.5 4.5 0 0 0 3.237-.927.6.6 0 1 1 .844.854zm-.331-3.256a1.726 1.726 0 1 1 1.709-1.712 1.717 1.717 0 0 1-1.712 1.712z\" fill=\"#fff\"\/><\/svg><\/span><\/a><a aria-label=\"Linkedin\" class=\"heateor_sss_button_linkedin\" href=\"https:\/\/www.linkedin.com\/sharing\/share-offsite\/?url=https%3A%2F%2Fwww.lacostituzione.info%2Findex.php%2F2018%2F07%2F04%2Ffascismo-e-compiti-della-scuola%2F\" title=\"Linkedin\" rel=\"nofollow noopener\" target=\"_blank\" style=\"font-size:32px!important;box-shadow:none;display:inline-block;vertical-align:middle\"><span class=\"heateor_sss_svg heateor_sss_s__default heateor_sss_s_linkedin\" style=\"background-color:#0077b5;width:35px;height:35px;display:inline-block;opacity:1;float:left;font-size:32px;box-shadow:none;display:inline-block;font-size:16px;padding:0 4px;vertical-align:middle;background-repeat:repeat;overflow:hidden;padding:0;cursor:pointer;box-sizing:content-box\"><svg style=\"display:block;\" focusable=\"false\" aria-hidden=\"true\" xmlns=\"http:\/\/www.w3.org\/2000\/svg\" width=\"100%\" height=\"100%\" viewBox=\"0 0 32 32\"><path d=\"M6.227 12.61h4.19v13.48h-4.19V12.61zm2.095-6.7a2.43 2.43 0 0 1 0 4.86c-1.344 0-2.428-1.09-2.428-2.43s1.084-2.43 2.428-2.43m4.72 6.7h4.02v1.84h.058c.56-1.058 1.927-2.176 3.965-2.176 4.238 0 5.02 2.792 5.02 6.42v7.395h-4.183v-6.56c0-1.564-.03-3.574-2.178-3.574-2.18 0-2.514 1.7-2.514 3.46v6.668h-4.187V12.61z\" fill=\"#fff\"><\/path><\/svg><\/span><\/a><a aria-label=\"Pinterest\" class=\"heateor_sss_button_pinterest\" href=\"https:\/\/www.lacostituzione.info\/index.php\/2018\/07\/04\/fascismo-e-compiti-della-scuola\/\" onclick=\"event.preventDefault();javascript:void( (function() {var e=document.createElement('script' );e.setAttribute('type','text\/javascript' );e.setAttribute('charset','UTF-8' );e.setAttribute('src','\/\/assets.pinterest.com\/js\/pinmarklet.js?r='+Math.random()*99999999);document.body.appendChild(e)})());\" title=\"Pinterest\" rel=\"noopener\" style=\"font-size:32px!important;box-shadow:none;display:inline-block;vertical-align:middle\"><span class=\"heateor_sss_svg heateor_sss_s__default heateor_sss_s_pinterest\" style=\"background-color:#cc2329;width:35px;height:35px;display:inline-block;opacity:1;float:left;font-size:32px;box-shadow:none;display:inline-block;font-size:16px;padding:0 4px;vertical-align:middle;background-repeat:repeat;overflow:hidden;padding:0;cursor:pointer;box-sizing:content-box\"><svg style=\"display:block;\" focusable=\"false\" aria-hidden=\"true\" xmlns=\"http:\/\/www.w3.org\/2000\/svg\" width=\"100%\" height=\"100%\" viewBox=\"-2 -2 35 35\"><path fill=\"#fff\" d=\"M16.539 4.5c-6.277 0-9.442 4.5-9.442 8.253 0 2.272.86 4.293 2.705 5.046.303.125.574.005.662-.33.061-.231.205-.816.27-1.06.088-.331.053-.447-.191-.736-.532-.627-.873-1.439-.873-2.591 0-3.338 2.498-6.327 6.505-6.327 3.548 0 5.497 2.168 5.497 5.062 0 3.81-1.686 7.025-4.188 7.025-1.382 0-2.416-1.142-2.085-2.545.397-1.674 1.166-3.48 1.166-4.689 0-1.081-.581-1.983-1.782-1.983-1.413 0-2.548 1.462-2.548 3.419 0 1.247.421 2.091.421 2.091l-1.699 7.199c-.505 2.137-.076 4.755-.039 5.019.021.158.223.196.314.077.13-.17 1.813-2.247 2.384-4.324.162-.587.929-3.631.929-3.631.46.876 1.801 1.646 3.227 1.646 4.247 0 7.128-3.871 7.128-9.053.003-3.918-3.317-7.568-8.361-7.568z\"\/><\/svg><\/span><\/a><a aria-label=\"Whatsapp\" class=\"heateor_sss_whatsapp\" href=\"https:\/\/api.whatsapp.com\/send?text=Fascismo%20e%20compiti%20della%20scuola%20https%3A%2F%2Fwww.lacostituzione.info%2Findex.php%2F2018%2F07%2F04%2Ffascismo-e-compiti-della-scuola%2F\" title=\"Whatsapp\" rel=\"nofollow noopener\" target=\"_blank\" style=\"font-size:32px!important;box-shadow:none;display:inline-block;vertical-align:middle\"><span class=\"heateor_sss_svg\" style=\"background-color:#55eb4c;width:35px;height:35px;display:inline-block;opacity:1;float:left;font-size:32px;box-shadow:none;display:inline-block;font-size:16px;padding:0 4px;vertical-align:middle;background-repeat:repeat;overflow:hidden;padding:0;cursor:pointer;box-sizing:content-box\"><svg style=\"display:block;\" focusable=\"false\" aria-hidden=\"true\" xmlns=\"http:\/\/www.w3.org\/2000\/svg\" width=\"100%\" height=\"100%\" viewBox=\"-6 -5 40 40\"><path class=\"heateor_sss_svg_stroke heateor_sss_no_fill\" stroke=\"#fff\" stroke-width=\"2\" fill=\"none\" d=\"M 11.579798566743314 24.396926207859085 A 10 10 0 1 0 6.808479557110079 20.73576436351046\"><\/path><path d=\"M 7 19 l -1 6 l 6 -1\" class=\"heateor_sss_no_fill heateor_sss_svg_stroke\" stroke=\"#fff\" stroke-width=\"2\" fill=\"none\"><\/path><path d=\"M 10 10 q -1 8 8 11 c 5 -1 0 -6 -1 -3 q -4 -3 -5 -5 c 4 -2 -1 -5 -1 -4\" fill=\"#fff\"><\/path><\/svg><\/span><\/a><\/div><div class=\"heateorSssClear\"><\/div><\/div><div class='heateorSssClear'><\/div>","protected":false},"author":3,"featured_media":0,"comment_status":"open","ping_status":"open","sticky":false,"template":"","format":"standard","meta":{"jetpack_post_was_ever_published":false,"_jetpack_newsletter_access":"","_jetpack_dont_email_post_to_subs":false,"_jetpack_newsletter_tier_id":0,"_jetpack_memberships_contains_paywalled_content":false,"_jetpack_memberships_contains_paid_content":false,"footnotes":"","jetpack_publicize_message":"","jetpack_publicize_feature_enabled":true,"jetpack_social_post_already_shared":true,"jetpack_social_options":{"image_generator_settings":{"template":"highway","default_image_id":0,"enabled":false},"version":2}},"categories":[5],"tags":[1265,99],"class_list":["post-5398","post","type-post","status-publish","format-standard","hentry","category-lavori-in-corso","tag-saluto-fascista","tag-scuola"],"jetpack_publicize_connections":[],"jetpack_featured_media_url":"","jetpack_shortlink":"https:\/\/wp.me\/p84sDq-1p4","jetpack_likes_enabled":true,"jetpack_sharing_enabled":true,"_links":{"self":[{"href":"https:\/\/www.lacostituzione.info\/index.php\/wp-json\/wp\/v2\/posts\/5398","targetHints":{"allow":["GET"]}}],"collection":[{"href":"https:\/\/www.lacostituzione.info\/index.php\/wp-json\/wp\/v2\/posts"}],"about":[{"href":"https:\/\/www.lacostituzione.info\/index.php\/wp-json\/wp\/v2\/types\/post"}],"author":[{"embeddable":true,"href":"https:\/\/www.lacostituzione.info\/index.php\/wp-json\/wp\/v2\/users\/3"}],"replies":[{"embeddable":true,"href":"https:\/\/www.lacostituzione.info\/index.php\/wp-json\/wp\/v2\/comments?post=5398"}],"version-history":[{"count":0,"href":"https:\/\/www.lacostituzione.info\/index.php\/wp-json\/wp\/v2\/posts\/5398\/revisions"}],"wp:attachment":[{"href":"https:\/\/www.lacostituzione.info\/index.php\/wp-json\/wp\/v2\/media?parent=5398"}],"wp:term":[{"taxonomy":"category","embeddable":true,"href":"https:\/\/www.lacostituzione.info\/index.php\/wp-json\/wp\/v2\/categories?post=5398"},{"taxonomy":"post_tag","embeddable":true,"href":"https:\/\/www.lacostituzione.info\/index.php\/wp-json\/wp\/v2\/tags?post=5398"}],"curies":[{"name":"wp","href":"https:\/\/api.w.org\/{rel}","templated":true}]}}