{"id":5407,"date":"2018-07-06T17:52:57","date_gmt":"2018-07-06T15:52:57","guid":{"rendered":"http:\/\/www.lacostituzione.info\/?p=5407"},"modified":"2018-07-06T18:56:13","modified_gmt":"2018-07-06T16:56:13","slug":"le-regole-su-diritto-dasilo-un-punto-di-vista-critico","status":"publish","type":"post","link":"https:\/\/www.lacostituzione.info\/index.php\/2018\/07\/06\/le-regole-su-diritto-dasilo-un-punto-di-vista-critico\/","title":{"rendered":"Le regole su diritto d&#8217;asilo: un punto di vista critico"},"content":{"rendered":"<p><a href=\"http:\/\/www.lacostituzione.info\/wp-content\/uploads\/2018\/07\/asilo.jpg\"><img loading=\"lazy\" decoding=\"async\" data-attachment-id=\"5408\" data-permalink=\"https:\/\/www.lacostituzione.info\/index.php\/2018\/07\/06\/le-regole-su-diritto-dasilo-un-punto-di-vista-critico\/asilo\/#main\" data-orig-file=\"https:\/\/www.lacostituzione.info\/wp-content\/uploads\/2018\/07\/asilo.jpg\" data-orig-size=\"620,340\" data-comments-opened=\"1\" data-image-meta=\"{&quot;aperture&quot;:&quot;0&quot;,&quot;credit&quot;:&quot;&quot;,&quot;camera&quot;:&quot;&quot;,&quot;caption&quot;:&quot;&quot;,&quot;created_timestamp&quot;:&quot;0&quot;,&quot;copyright&quot;:&quot;&quot;,&quot;focal_length&quot;:&quot;0&quot;,&quot;iso&quot;:&quot;0&quot;,&quot;shutter_speed&quot;:&quot;0&quot;,&quot;title&quot;:&quot;&quot;,&quot;orientation&quot;:&quot;0&quot;}\" data-image-title=\"asilo\" data-image-description=\"\" data-image-caption=\"\" data-medium-file=\"https:\/\/www.lacostituzione.info\/wp-content\/uploads\/2018\/07\/asilo-300x165.jpg\" data-large-file=\"https:\/\/www.lacostituzione.info\/wp-content\/uploads\/2018\/07\/asilo.jpg\" class=\"alignleft size-thumbnail wp-image-5408\" src=\"http:\/\/www.lacostituzione.info\/wp-content\/uploads\/2018\/07\/asilo-150x150.jpg\" alt=\"\" width=\"150\" height=\"150\" \/><\/a>di\u00a0<strong>Glauco Nori<\/strong><\/p>\n<p>Dei riferimenti giuridici della questione dei rifugiati si parla poco. Anche se non risolutivi, andrebbero fissati, data la stratificazione delle norme, in modo che criteri diversi, etici o politici, siano applicati all\u2019interno dell\u2019area normativa.<!--more--><\/p>\n<p>La <em>Convenzione sullo statuto dei rifugiati<\/em>, firmata a Ginevra il 28 luglio 1951, riflette le perplessit\u00e0 dei Paesi che, poco dopo la fine della guerra, hanno ritenuto prudente non accettare vincoli che, a quel tempo, non erano valutabili correttamente. Per questo non \u00e8 stato riconosciuto il diritto di asilo. Il 4\u00b0 capoverso del Preambolo \u00e8 chiaro: \u201cconsiderando che dalla concessione del diritto di asilo possano risultare oneri eccezionalmente gravi per determinati paese e che una soluzione soddisfacente\u2026 non pu\u00f2 essere conseguita senza solidariet\u00e0 internazionale\u201d.<\/p>\n<p>Il diritto di asilo \u00e8, dunque, richiamato per escluderne l\u2019attribuzione. In favore dei rifugiati, che gi\u00e0 risiedessero nei Paesi aderenti, per i fatti anteriori al 1\u00b0 gennaio 1951 sono state previste tutele diverse: in loro danno sono stati vietati l\u2019espulsione (art.32) e il rinvio al confine (art.33). Con il <em>Protocollo relativo allo stato di rifugiato<\/em>, adottato a New York il 31 gennaio 1967, \u00e8 stato poi eliminato il limite temporale del 1\u00b0 gennaio 1951.<\/p>\n<p>Per il diritto di asilo ci si \u00e8 rimessi agli ordinamenti nazionali secondo la raccomandazione nell\u2019 <em>Atto finale della<\/em> <em>Conferenza<\/em> <em>dei Plenipotenziari <\/em>(\u201cRACCOMANDA ai Governi di continuare ad accogliere i rifugi sul loro territorio e di agire di concerto con vero spirito di solidariet\u00e0 internazionale, affinch\u00e9 i rifugiati possano trovare asilo e possibilit\u00e0 di risistemazione\u201d).<\/p>\n<p>La Costituzione italiana lo aveva gi\u00e0 riconosciuto nell\u2019art. 10 dove, prevedendo come <em>effettivo <\/em>l\u2019esercizio delle libert\u00e0 democratiche, si \u00e8 voluto escludere che fosse sufficiente il riconoscimento solo formale.<\/p>\n<p>La Convenzione, dunque, riguardava situazioni preesistenti. L\u2019eliminazione del termine del 1\u00b0 gennaio 195i, disposta dal Protocollo di New York del 1067, ha esteso la disciplina solo dal punto di vista temporale; per il resto \u00e8 rimasta applicabile solo a chi si trovasse gi\u00e0 in uno degli Stati aderenti.<\/p>\n<p>Con la Convenzione di Dublino del 15 giugno 1990, entrata in vigore il 1\u00b0 settembre 1997 per dodici Stati firmatari, si sono affrontate le difficolt\u00e0 prevedibili: \u201cConsiderando l\u2019obiettivo comune di uno spazio senza frontiere interne nel cui ambito, in particolare, sar\u00e0 garantita la libera circolazione delle persone\u201d. \u00c8 stata necessaria una Convenzione apposita di diritto internazionale per la mancanza all\u2019epoca di una norma dei Trattati istitutivi che consentisse di intervenire con un atto di diritto derivato. Lo scopo era \u201cdi dare ad ogni richiedente l\u2019asilo la garanzia che la sua domanda sar\u00e0 esaminata da uno Stato membro e di evitare che i richiedenti asilo siano successivamente rinviati da uno Stato membro ad un altro senza che nessuno di questi Stati si riconosca competente per l\u2019esame della domanda di asilo\u201d.<\/p>\n<p>Ci si deve riportare alla situazione del tempo, quando i movimenti migratori erano ancora quelli tradizionali, di pochi alla volta, controllabili facilmente. Solo nel 1992 sono cominciati dall\u2019Albania verso l\u2019Italia veri flussi migratori e non migrazione individuali. Successivamente non sono stati solo i numeri a saltare, ma anche la natura delle migrazioni perch\u00e9 solo una minima parte, meno del 10%, hanno i requisiti per l\u2019asilo. Per gli altri le ragioni sono economiche Una volta escluso il pericolo alla propria integrit\u00e0 fisica, non poteva essere che economica la ragione per lasciare il proprio Paese ed affrontare pericoli ed oneri, mettendosi nelle mani di organizzazione criminali. Per limitarsi all\u2019Italia, mentre \u00e8 riconosciuto il diritto di asilo, non c\u2019\u00e8 una normativa apposita per i migranti economici ai quali, pertanto, va applicata quella ordinaria per l\u2019ingresso nel territorio italiano.<\/p>\n<p>C\u2019\u00e8 qualche altro punto da precisare.<\/p>\n<p>Quelli recuperati in mare non sono clandestini: tanto poco lo sono che le autorit\u00e0 italiane sono state avvertite per recuperarli. Una programmazione efficace diventava in pratica possibile. \u00a0\u00a0\u00c8 chi li raduna nei Paesi africani sul mediterraneo che decide quanti e quando arriveranno. Il Paese di destinazione, l\u2019Italia in prima fila, si \u00e8 trovata a fare fronte ad un numero di persone deciso da altri secondo i loro interessi economici.<\/p>\n<p>Sorge qualche dubbio anche sull\u2019applicabilit\u00e0 della Convenzione di Amburgo del 1979 sulla ricerca e il salvataggio marittimo.<\/p>\n<p>La ricerca \u00e8 necessaria solo in pochi casi perch\u00e9 alle autorit\u00e0, sollecitate ad intervenire, sono date le coordinate. Non \u00e8 nemmeno certo che sia configurabile un salvataggio, almeno nel senso presumibilmente seguito dalla Convenzione. Fino ad allora il salvataggio era stato sempre inteso come recupero di chi si trovava in pericolo in mare per eventi imprevisti. Dovrebbe essere giustificato il dubbio che vi rientri il recupero di un numero, anche notevole, di persone che si sono esposte volontariamente al pericolo, programmato da chi li trasporta, per provocare l\u2019intervento di soccorso. Andrebbe almeno spiegato il motivo per il quale la Convenzione possa essere interpretata nel senso di consentire alle organizzazioni criminali di speculare sulle disgrazie di chi gi\u00e0 si trova in difficolt\u00e0.<\/p>\n<p>Per l\u2019art. 1, b) della Convenzione di Dublino la domanda di asilo \u00e8 \u201cla domanda con la quale uno straniero chiede ad uno Stato membro la protezione della Convenzione di Ginevra\u201d. Per esserne \u201cuno\u201d Stato il destinatario, se ne dovrebbe dedurre che andrebbe individuato nella domanda<\/p>\n<p>Una conferma potrebbe essere vista nell\u2019art. 2, h) della Direttiva 2011\/95 per il quale la domanda di protezione internazionale \u00e8 la richiesta \u201crivolta ad uno Stato membro\u201d. In quanto \u201crivolta\u201d<em>, <\/em>lo Stato membro dovrebbe essere individuato. In caso contrario \u00e8 solo alla richiesta di asilo che dovrebbe provvedere l\u2019interessato, perch\u00e9 lo Stato membro sarebbe individuato da una normativa non derogabile. L\u2019interpretazione sarebbe singolare perch\u00e9 \u201crivolgere\u201d nel significato corrente significa \u201cindirizzare\u201d, inviare ad un destinatario individuato. La definizione \u00e8 stata confermata nell\u2019art. 2, b) del Regolamento n. 604\/2013.<\/p>\n<p>Secondo la lett. d) dello stesso art. 2, per \u201cesame della domanda di asilo\u201d, va inteso \u201cl\u2019insieme dei provvedimenti relativi all\u2019esame della domanda di asilo, delle decisioni e delle sentenze ad essa afferenti\u201d.<\/p>\n<p>\u201cEsame\u201d, e non solo nella lingua italiana, sta ad indicare la verifica attenta del contenuto di un atto predisposto da altri. Seguendo l\u2019interpretazione appena prospettata della lett. d), l\u2019esame dovrebbe essere limitato alla verifica che la domanda contenga tutti gli elementi necessari per provvedere.<\/p>\n<p>L\u2019interpretazione corrente \u00e8 invece diversa e sostenuta in termini perentori. Lo Stato, designato per l\u2019esame, sarebbe anche il destinatario della richiesta, senza nessuna possibilit\u00e0 di scelta da parte del richiedente. Questa interpretazione lascia qualche dubbio. La Convenzione non ha riconosciuto il diritto di asilo, rimettendosi alle legislazioni nazionali; fissando anche i criteri per la sua individuazione, ha reso possibile che destinatario venga ad essere uno Stato che non riconosce il diritto di asilo, facendo diventare inutile la domanda.<\/p>\n<p>Dalla Convenzione di Dublino non sono desumibili altri elementi a conferma che lo Stato, competente all\u2019esame, sia necessariamente anche quello destinatario. Elementi non possono essere sicuramente trovati nella Convenzione di Ginevra perch\u00e9, come si \u00e8 visto, prevede che l\u2019interessato si trovi gi\u00e0 nello Stato.<\/p>\n<p>Per l\u2019art. 3.1 della Convenzione di Dublino la domanda va presentata alla frontiera o nel rispettivo territorio, vale a dire appena si entra nel territorio di uno degli Stati firmatari, e dovrebbe essere rivolta a quello Stato. Per l\u2019art. 3.2 del Regolamento 343\/2003 la domanda di asilo si considera presentata \u201cnon appena le autorit\u00e0 competenti dello Stato membro interessato ricevono un formulario presentato dal richiedente asilo\u201d. Se lo Stato \u00e8 gi\u00e0 determinato, il formulario servirebbe soltanto ad individuare chi richiede l\u2019asilo; \u00e8 certamente da escludere che venga fondata su motivi economici una domanda proposta ai sensi della normativa sull\u2019asilo.<\/p>\n<p>\u00c8 ugualmente da escludere che si arrivi a bordo delle navi con la domanda gi\u00e0 predisposta. Il procedimento, seguendo la logica, dovrebbe esser questo: gli aspiranti rifugiati arrivano in un territorio dello Stato membro; l\u00ec fanno la richiesta che, sempre secondo l\u2019art. 3 richiamato, pu\u00f2 essere anche non scritta; le autorit\u00e0 dello Stato procedono all\u2019esame.<\/p>\n<p>Secondo il diritto internazionale, il territorio dello Stato \u00e8 lo spazio entro il quale lo Stato esercita la sovranit\u00e0; \u00e8 ormai un dato acquisito che ne facciano parte anche le navi mercantili che si trovano in acque internazionali (il c.d. territorio fluttuante).<\/p>\n<p>Il primo Stato membro con il quale i migranti entrano in contatto \u00e8, pertanto, quello della bandiera della nave che li recupera in quanto territorio di quello Stato. Se la nave ha la bandiera di uno Stato membro, andrebbe considerato come di primo arrivo ai sensi della Convenzione. \u00a0Se la bandiera fosse di uno Stato terzo, non potrebbe essere applicata una normativa come quella comunitaria alla quale \u00e8 estraneo.<\/p>\n<p>C\u2019\u00e8 anche da domandarsi se la Convenzione di Dublino sia applicabile nella situazione attuale.<\/p>\n<p>Nel 1990, come \u00e8 stato ricordato, non c\u2019erano ancora quelle che poi sono state chiamate immigrazione di massa. Secondo la Convenzione di Venna del 27 maggio 1969 \u201cun fondamentale mutamento di circostanze che si sia prodotto in relazione a quelle che esistevano al momento della conclusione\u201d pu\u00f2 costituire \u201cmotivo per porre termine al trattato\u201d quando il cambiamento \u201cabbia l\u2019effetto di trasformare radicalmente il peso degli obblighi\u201d (art.62); \u00e8 la c.d. clausola <em>rebus sic stantibus. <\/em>La Convenzione di Dublino, come trattato autonomo, \u00e8 soggetta a queste normativa internazionale<\/p>\n<p>Che il peso degli obblighi sia cambiato, quanto meno per l\u2019Italia, non sembra contestabile. C\u2019\u00e8 chi sostiene che il cambiamento non sarebbe stato radicale. Non ci si dovrebbe limitare a considerare la situazione attuale; si dovrebbe tenere conto di come le cose sono andate negli ultimi anni. Anche in sede comunitaria \u00e8 stato riconosciuto l\u2019aggravamento anomalo. Si potrebbe sostenere, pertanto, che la Convenzione di Dublino, fino a che durano le condizioni attuali, non sarebbe applicabile.<\/p>\n<p>Quando la Direttiva 2001\/55 ha introdotto una disciplina apposita per il caso di afflusso massiccio con misure \u201cintese a garantire l\u2019equilibrio degli sforzi tra Stati membri\u201d, l\u2019Unione ha riconosciuto, sia pure implicitamente, che l\u2019afflusso massiccio restava al di fuori della sfera normativa della Convenzione di Dublino. Tanto \u00e8 vero che la Commissione, nella motivazione della Proposta di regolamento, a modifica del Regolamento n.604\/2013 (COM(2015) 450), ha rilevato che la situazione di crisi in cui viene a trovarsi uno Stato membro \u201costacola l\u2019applicazione del Regolamento di Dublino\u201d e \u201cimplica una deroga ai criteri di attribuzione della competenza previsti dal Regolamento di Dublino\u201d. Anche secondo la Commissione la situazione sarebbe mutata in misura rilevante rispetto a quella presupposta dalla Convenzione.<\/p>\n<p>\u00c8 da prevedere l\u2019obiezione che la materia oggi \u00e8 disciplinata dal Regolamento n.604\/2013, il c.d. Regolamento Dublino III, che ha superato la Convenzione di Dublino. Le argomentazioni riferite alla Convenzione non potrebbero, pertanto, valere per il Regolamento.<\/p>\n<p>La nuova normativa, anche se autonoma, \u00e8 intervenuta sul presupposto della Convenzione, in quanto ancora applicabile in linea di principio. Una volta che si concordasse sulla non applicabilit\u00e0, si potrebbe dubitare della legittimit\u00e0 della nuova normativa comunitaria sotto il profilo della ragionevolezza, collegato a quello di proporzionalit\u00e0. Con l\u2019obiettivo di rendere comunitaria una disciplina di origine internazionale (lo conferma che il Regolamento sia individuato correntemente come Dublino III), sarebbe stata resa tale da farla diventare incompatibile con il trattato che l\u2019aveva introdotta.<\/p>\n<p>Sono, queste, solo ipotesi interpretative che sarebbe il caso di mettere a confronto con quella seguita fino ad oggi, per arrivare alle stesse conclusioni, ma almeno dopo averne discusso. Dal momento che si tratta dell\u2019applicazione di norme comunitarie o di norme che le integrano, ci si potrebbe anche rivolgere alla Corte di Giustizia per avere un chiarimento definitivo in modo che, almeno sotto il profilo giuridico, la questione sia definita.<\/p>\n","protected":false},"excerpt":{"rendered":"<p>di\u00a0Glauco Nori Dei riferimenti giuridici della questione dei rifugiati si parla poco. Anche se non risolutivi, andrebbero fissati, data la stratificazione delle norme, in modo che criteri diversi, etici o politici, siano applicati all\u2019interno dell\u2019area normativa.<\/p>\n<div class='heateorSssClear'><\/div><div  class='heateor_sss_sharing_container heateor_sss_horizontal_sharing' data-heateor-sss-href='https:\/\/www.lacostituzione.info\/index.php\/2018\/07\/06\/le-regole-su-diritto-dasilo-un-punto-di-vista-critico\/'><div class='heateor_sss_sharing_title' style=\"font-weight:bold\" >Condividi!<\/div><div class=\"heateor_sss_sharing_ul\"><a aria-label=\"Facebook\" class=\"heateor_sss_facebook\" href=\"https:\/\/www.facebook.com\/sharer\/sharer.php?u=https%3A%2F%2Fwww.lacostituzione.info%2Findex.php%2F2018%2F07%2F06%2Fle-regole-su-diritto-dasilo-un-punto-di-vista-critico%2F\" title=\"Facebook\" rel=\"nofollow noopener\" target=\"_blank\" style=\"font-size:32px!important;box-shadow:none;display:inline-block;vertical-align:middle\"><span class=\"heateor_sss_svg\" style=\"background-color:#0765FE;width:35px;height:35px;display:inline-block;opacity:1;float:left;font-size:32px;box-shadow:none;display:inline-block;font-size:16px;padding:0 4px;vertical-align:middle;background-repeat:repeat;overflow:hidden;padding:0;cursor:pointer;box-sizing:content-box\"><svg style=\"display:block;\" focusable=\"false\" aria-hidden=\"true\" xmlns=\"http:\/\/www.w3.org\/2000\/svg\" width=\"100%\" height=\"100%\" viewBox=\"0 0 32 32\"><path fill=\"#fff\" d=\"M28 16c0-6.627-5.373-12-12-12S4 9.373 4 16c0 5.628 3.875 10.35 9.101 11.647v-7.98h-2.474V16H13.1v-1.58c0-4.085 1.849-5.978 5.859-5.978.76 0 2.072.15 2.608.298v3.325c-.283-.03-.775-.045-1.386-.045-1.967 0-2.728.745-2.728 2.683V16h3.92l-.673 3.667h-3.247v8.245C23.395 27.195 28 22.135 28 16Z\"><\/path><\/svg><\/span><\/a><a aria-label=\"Twitter\" class=\"heateor_sss_button_twitter\" href=\"https:\/\/twitter.com\/intent\/tweet?text=Le%20regole%20su%20diritto%20d%27asilo%3A%20un%20punto%20di%20vista%20critico&url=https%3A%2F%2Fwww.lacostituzione.info%2Findex.php%2F2018%2F07%2F06%2Fle-regole-su-diritto-dasilo-un-punto-di-vista-critico%2F\" title=\"Twitter\" rel=\"nofollow noopener\" target=\"_blank\" style=\"font-size:32px!important;box-shadow:none;display:inline-block;vertical-align:middle\"><span class=\"heateor_sss_svg heateor_sss_s__default heateor_sss_s_twitter\" style=\"background-color:#55acee;width:35px;height:35px;display:inline-block;opacity:1;float:left;font-size:32px;box-shadow:none;display:inline-block;font-size:16px;padding:0 4px;vertical-align:middle;background-repeat:repeat;overflow:hidden;padding:0;cursor:pointer;box-sizing:content-box\"><svg style=\"display:block;\" focusable=\"false\" aria-hidden=\"true\" xmlns=\"http:\/\/www.w3.org\/2000\/svg\" width=\"100%\" height=\"100%\" viewBox=\"-4 -4 39 39\"><path d=\"M28 8.557a9.913 9.913 0 0 1-2.828.775 4.93 4.93 0 0 0 2.166-2.725 9.738 9.738 0 0 1-3.13 1.194 4.92 4.92 0 0 0-3.593-1.55 4.924 4.924 0 0 0-4.794 6.049c-4.09-.21-7.72-2.17-10.15-5.15a4.942 4.942 0 0 0-.665 2.477c0 1.71.87 3.214 2.19 4.1a4.968 4.968 0 0 1-2.23-.616v.06c0 2.39 1.7 4.38 3.952 4.83-.414.115-.85.174-1.297.174-.318 0-.626-.03-.928-.086a4.935 4.935 0 0 0 4.6 3.42 9.893 9.893 0 0 1-6.114 2.107c-.398 0-.79-.023-1.175-.068a13.953 13.953 0 0 0 7.55 2.213c9.056 0 14.01-7.507 14.01-14.013 0-.213-.005-.426-.015-.637.96-.695 1.795-1.56 2.455-2.55z\" fill=\"#fff\"><\/path><\/svg><\/span><\/a><a aria-label=\"Reddit\" class=\"heateor_sss_button_reddit\" href=\"https:\/\/reddit.com\/submit?url=https%3A%2F%2Fwww.lacostituzione.info%2Findex.php%2F2018%2F07%2F06%2Fle-regole-su-diritto-dasilo-un-punto-di-vista-critico%2F&title=Le%20regole%20su%20diritto%20d%27asilo%3A%20un%20punto%20di%20vista%20critico\" title=\"Reddit\" rel=\"nofollow noopener\" target=\"_blank\" style=\"font-size:32px!important;box-shadow:none;display:inline-block;vertical-align:middle\"><span class=\"heateor_sss_svg heateor_sss_s__default heateor_sss_s_reddit\" style=\"background-color:#ff5700;width:35px;height:35px;display:inline-block;opacity:1;float:left;font-size:32px;box-shadow:none;display:inline-block;font-size:16px;padding:0 4px;vertical-align:middle;background-repeat:repeat;overflow:hidden;padding:0;cursor:pointer;box-sizing:content-box\"><svg style=\"display:block;\" focusable=\"false\" aria-hidden=\"true\" xmlns=\"http:\/\/www.w3.org\/2000\/svg\" width=\"100%\" height=\"100%\" viewBox=\"-3.5 -3.5 39 39\"><path d=\"M28.543 15.774a2.953 2.953 0 0 0-2.951-2.949 2.882 2.882 0 0 0-1.9.713 14.075 14.075 0 0 0-6.85-2.044l1.38-4.349 3.768.884a2.452 2.452 0 1 0 .24-1.176l-4.274-1a.6.6 0 0 0-.709.4l-1.659 5.224a14.314 14.314 0 0 0-7.316 2.029 2.908 2.908 0 0 0-1.872-.681 2.942 2.942 0 0 0-1.618 5.4 5.109 5.109 0 0 0-.062.765c0 4.158 5.037 7.541 11.229 7.541s11.22-3.383 11.22-7.541a5.2 5.2 0 0 0-.053-.706 2.963 2.963 0 0 0 1.427-2.51zm-18.008 1.88a1.753 1.753 0 0 1 1.73-1.74 1.73 1.73 0 0 1 1.709 1.74 1.709 1.709 0 0 1-1.709 1.711 1.733 1.733 0 0 1-1.73-1.711zm9.565 4.968a5.573 5.573 0 0 1-4.081 1.272h-.032a5.576 5.576 0 0 1-4.087-1.272.6.6 0 0 1 .844-.854 4.5 4.5 0 0 0 3.238.927h.032a4.5 4.5 0 0 0 3.237-.927.6.6 0 1 1 .844.854zm-.331-3.256a1.726 1.726 0 1 1 1.709-1.712 1.717 1.717 0 0 1-1.712 1.712z\" fill=\"#fff\"\/><\/svg><\/span><\/a><a aria-label=\"Linkedin\" class=\"heateor_sss_button_linkedin\" href=\"https:\/\/www.linkedin.com\/sharing\/share-offsite\/?url=https%3A%2F%2Fwww.lacostituzione.info%2Findex.php%2F2018%2F07%2F06%2Fle-regole-su-diritto-dasilo-un-punto-di-vista-critico%2F\" title=\"Linkedin\" rel=\"nofollow noopener\" target=\"_blank\" style=\"font-size:32px!important;box-shadow:none;display:inline-block;vertical-align:middle\"><span class=\"heateor_sss_svg heateor_sss_s__default heateor_sss_s_linkedin\" style=\"background-color:#0077b5;width:35px;height:35px;display:inline-block;opacity:1;float:left;font-size:32px;box-shadow:none;display:inline-block;font-size:16px;padding:0 4px;vertical-align:middle;background-repeat:repeat;overflow:hidden;padding:0;cursor:pointer;box-sizing:content-box\"><svg style=\"display:block;\" focusable=\"false\" aria-hidden=\"true\" xmlns=\"http:\/\/www.w3.org\/2000\/svg\" width=\"100%\" height=\"100%\" viewBox=\"0 0 32 32\"><path d=\"M6.227 12.61h4.19v13.48h-4.19V12.61zm2.095-6.7a2.43 2.43 0 0 1 0 4.86c-1.344 0-2.428-1.09-2.428-2.43s1.084-2.43 2.428-2.43m4.72 6.7h4.02v1.84h.058c.56-1.058 1.927-2.176 3.965-2.176 4.238 0 5.02 2.792 5.02 6.42v7.395h-4.183v-6.56c0-1.564-.03-3.574-2.178-3.574-2.18 0-2.514 1.7-2.514 3.46v6.668h-4.187V12.61z\" fill=\"#fff\"><\/path><\/svg><\/span><\/a><a aria-label=\"Pinterest\" class=\"heateor_sss_button_pinterest\" href=\"https:\/\/www.lacostituzione.info\/index.php\/2018\/07\/06\/le-regole-su-diritto-dasilo-un-punto-di-vista-critico\/\" onclick=\"event.preventDefault();javascript:void( (function() {var e=document.createElement('script' );e.setAttribute('type','text\/javascript' );e.setAttribute('charset','UTF-8' );e.setAttribute('src','\/\/assets.pinterest.com\/js\/pinmarklet.js?r='+Math.random()*99999999);document.body.appendChild(e)})());\" title=\"Pinterest\" rel=\"noopener\" style=\"font-size:32px!important;box-shadow:none;display:inline-block;vertical-align:middle\"><span class=\"heateor_sss_svg heateor_sss_s__default heateor_sss_s_pinterest\" style=\"background-color:#cc2329;width:35px;height:35px;display:inline-block;opacity:1;float:left;font-size:32px;box-shadow:none;display:inline-block;font-size:16px;padding:0 4px;vertical-align:middle;background-repeat:repeat;overflow:hidden;padding:0;cursor:pointer;box-sizing:content-box\"><svg style=\"display:block;\" focusable=\"false\" aria-hidden=\"true\" xmlns=\"http:\/\/www.w3.org\/2000\/svg\" width=\"100%\" height=\"100%\" viewBox=\"-2 -2 35 35\"><path fill=\"#fff\" d=\"M16.539 4.5c-6.277 0-9.442 4.5-9.442 8.253 0 2.272.86 4.293 2.705 5.046.303.125.574.005.662-.33.061-.231.205-.816.27-1.06.088-.331.053-.447-.191-.736-.532-.627-.873-1.439-.873-2.591 0-3.338 2.498-6.327 6.505-6.327 3.548 0 5.497 2.168 5.497 5.062 0 3.81-1.686 7.025-4.188 7.025-1.382 0-2.416-1.142-2.085-2.545.397-1.674 1.166-3.48 1.166-4.689 0-1.081-.581-1.983-1.782-1.983-1.413 0-2.548 1.462-2.548 3.419 0 1.247.421 2.091.421 2.091l-1.699 7.199c-.505 2.137-.076 4.755-.039 5.019.021.158.223.196.314.077.13-.17 1.813-2.247 2.384-4.324.162-.587.929-3.631.929-3.631.46.876 1.801 1.646 3.227 1.646 4.247 0 7.128-3.871 7.128-9.053.003-3.918-3.317-7.568-8.361-7.568z\"\/><\/svg><\/span><\/a><a aria-label=\"Whatsapp\" class=\"heateor_sss_whatsapp\" href=\"https:\/\/api.whatsapp.com\/send?text=Le%20regole%20su%20diritto%20d%27asilo%3A%20un%20punto%20di%20vista%20critico%20https%3A%2F%2Fwww.lacostituzione.info%2Findex.php%2F2018%2F07%2F06%2Fle-regole-su-diritto-dasilo-un-punto-di-vista-critico%2F\" title=\"Whatsapp\" rel=\"nofollow noopener\" target=\"_blank\" style=\"font-size:32px!important;box-shadow:none;display:inline-block;vertical-align:middle\"><span class=\"heateor_sss_svg\" style=\"background-color:#55eb4c;width:35px;height:35px;display:inline-block;opacity:1;float:left;font-size:32px;box-shadow:none;display:inline-block;font-size:16px;padding:0 4px;vertical-align:middle;background-repeat:repeat;overflow:hidden;padding:0;cursor:pointer;box-sizing:content-box\"><svg style=\"display:block;\" focusable=\"false\" aria-hidden=\"true\" xmlns=\"http:\/\/www.w3.org\/2000\/svg\" width=\"100%\" height=\"100%\" viewBox=\"-6 -5 40 40\"><path class=\"heateor_sss_svg_stroke heateor_sss_no_fill\" stroke=\"#fff\" stroke-width=\"2\" fill=\"none\" d=\"M 11.579798566743314 24.396926207859085 A 10 10 0 1 0 6.808479557110079 20.73576436351046\"><\/path><path d=\"M 7 19 l -1 6 l 6 -1\" class=\"heateor_sss_no_fill heateor_sss_svg_stroke\" stroke=\"#fff\" stroke-width=\"2\" fill=\"none\"><\/path><path d=\"M 10 10 q -1 8 8 11 c 5 -1 0 -6 -1 -3 q -4 -3 -5 -5 c 4 -2 -1 -5 -1 -4\" fill=\"#fff\"><\/path><\/svg><\/span><\/a><\/div><div class=\"heateorSssClear\"><\/div><\/div><div class='heateorSssClear'><\/div>","protected":false},"author":3,"featured_media":0,"comment_status":"open","ping_status":"open","sticky":false,"template":"","format":"standard","meta":{"jetpack_post_was_ever_published":false,"_jetpack_newsletter_access":"","_jetpack_dont_email_post_to_subs":false,"_jetpack_newsletter_tier_id":0,"_jetpack_memberships_contains_paywalled_content":false,"_jetpack_memberships_contains_paid_content":false,"footnotes":"","jetpack_publicize_message":"","jetpack_publicize_feature_enabled":true,"jetpack_social_post_already_shared":true,"jetpack_social_options":{"image_generator_settings":{"template":"highway","default_image_id":0,"enabled":false},"version":2}},"categories":[4],"tags":[1267,1263,1224],"class_list":["post-5407","post","type-post","status-publish","format-standard","hentry","category-attualita","tag-diritto-di-asilo","tag-dublino","tag-rifugiati"],"jetpack_publicize_connections":[],"jetpack_featured_media_url":"","jetpack_shortlink":"https:\/\/wp.me\/p84sDq-1pd","jetpack_likes_enabled":true,"jetpack_sharing_enabled":true,"_links":{"self":[{"href":"https:\/\/www.lacostituzione.info\/index.php\/wp-json\/wp\/v2\/posts\/5407","targetHints":{"allow":["GET"]}}],"collection":[{"href":"https:\/\/www.lacostituzione.info\/index.php\/wp-json\/wp\/v2\/posts"}],"about":[{"href":"https:\/\/www.lacostituzione.info\/index.php\/wp-json\/wp\/v2\/types\/post"}],"author":[{"embeddable":true,"href":"https:\/\/www.lacostituzione.info\/index.php\/wp-json\/wp\/v2\/users\/3"}],"replies":[{"embeddable":true,"href":"https:\/\/www.lacostituzione.info\/index.php\/wp-json\/wp\/v2\/comments?post=5407"}],"version-history":[{"count":0,"href":"https:\/\/www.lacostituzione.info\/index.php\/wp-json\/wp\/v2\/posts\/5407\/revisions"}],"wp:attachment":[{"href":"https:\/\/www.lacostituzione.info\/index.php\/wp-json\/wp\/v2\/media?parent=5407"}],"wp:term":[{"taxonomy":"category","embeddable":true,"href":"https:\/\/www.lacostituzione.info\/index.php\/wp-json\/wp\/v2\/categories?post=5407"},{"taxonomy":"post_tag","embeddable":true,"href":"https:\/\/www.lacostituzione.info\/index.php\/wp-json\/wp\/v2\/tags?post=5407"}],"curies":[{"name":"wp","href":"https:\/\/api.w.org\/{rel}","templated":true}]}}