{"id":5431,"date":"2018-07-08T12:50:45","date_gmt":"2018-07-08T10:50:45","guid":{"rendered":"http:\/\/www.lacostituzione.info\/?p=5431"},"modified":"2018-07-17T00:09:03","modified_gmt":"2018-07-16T22:09:03","slug":"ancora-vaccini-la-circolare-grillo-busetti-viola-la-legge","status":"publish","type":"post","link":"https:\/\/www.lacostituzione.info\/index.php\/2018\/07\/08\/ancora-vaccini-la-circolare-grillo-busetti-viola-la-legge\/","title":{"rendered":"Ancora vaccini: la circolare Grillo-Busetti viola la legge?"},"content":{"rendered":"<p><a href=\"http:\/\/www.lacostituzione.info\/wp-content\/uploads\/2018\/07\/vaccino.jpg\"><img loading=\"lazy\" decoding=\"async\" data-attachment-id=\"5432\" data-permalink=\"https:\/\/www.lacostituzione.info\/index.php\/2018\/07\/08\/ancora-vaccini-la-circolare-grillo-busetti-viola-la-legge\/vaccino\/#main\" data-orig-file=\"https:\/\/www.lacostituzione.info\/wp-content\/uploads\/2018\/07\/vaccino.jpg\" data-orig-size=\"593,443\" data-comments-opened=\"1\" data-image-meta=\"{&quot;aperture&quot;:&quot;0&quot;,&quot;credit&quot;:&quot;&quot;,&quot;camera&quot;:&quot;&quot;,&quot;caption&quot;:&quot;&quot;,&quot;created_timestamp&quot;:&quot;0&quot;,&quot;copyright&quot;:&quot;&quot;,&quot;focal_length&quot;:&quot;0&quot;,&quot;iso&quot;:&quot;0&quot;,&quot;shutter_speed&quot;:&quot;0&quot;,&quot;title&quot;:&quot;&quot;,&quot;orientation&quot;:&quot;0&quot;}\" data-image-title=\"vaccino\" data-image-description=\"\" data-image-caption=\"\" data-medium-file=\"https:\/\/www.lacostituzione.info\/wp-content\/uploads\/2018\/07\/vaccino-300x224.jpg\" data-large-file=\"https:\/\/www.lacostituzione.info\/wp-content\/uploads\/2018\/07\/vaccino.jpg\" class=\"alignleft size-thumbnail wp-image-5432\" src=\"http:\/\/www.lacostituzione.info\/wp-content\/uploads\/2018\/07\/vaccino-150x150.jpg\" alt=\"\" width=\"150\" height=\"150\" \/><\/a>di <strong>Stefano Rossi<\/strong><\/p>\n<p>Come noto, con il decreto-legge n. 73\/2017, il Governo aveva ravvisato la necessit\u00e0 di adottare, in via d\u2019urgenza, una disciplina che ha reintrodotto l\u2019obbligatoriet\u00e0 relativamente a 10 vaccinazioni<!--more--> per i minori di et\u00e0 compresa tra 0 e 16 anni (art. 1 e 1 <em>bis<\/em> legge n. 119\/2017, di conversione del decreto-legge), avendo riscontrato la tendenza, emergente dalle statistiche epidemiologiche, alla riduzione, in Italia, delle coperture vaccinali al di sotto della soglia critica del 95% \u2013<\/p>\n<p>Al fine di rafforzare l\u2019effettivit\u00e0 di tale obbligo il legislatore ha previsto una sanzione diretta a carico dei genitori inadempienti (da euro 100 a euro 500) ed una indiretta che condiziona l\u2019accesso alle scuole dell\u2019infanzia all\u2019adempimento dell\u2019obbligo vaccinale. In questo senso il comma 3 dell\u2019articolo 3 della legge stabilisce che: \u00ab<em>Per i servizi educativi per l\u2019infanzia e le scuole dell\u2019infanzia, ivi incluse quelle private non paritarie, la presentazione della documentazione di cui al comma 1 costituisce requisito di accesso. Per gli altri gradi di istruzione e per i centri di formazione professionale regionale, la presentazione della documentazione di cui al comma 1 non costituisce requisito di accesso alla scuola o, al centro ovvero agli esami<\/em>\u00bb (si veda, in senso analogo, per l\u2019anno 2019\/2020, l\u2019art. 3 <em>bis<\/em>, comma 5).<\/p>\n<p>La legge n. 119\/2017 ha previsto tre distinte procedure per darvi attuazione: una transitoria per l\u2019anno scolastico 2017\/18; un\u2019altra ordinaria per il 2018\/19 ed infine una semplificata a partire dal 2019\/20 (dopo l\u2019approvazione del decreto fiscale [art. 18 ter d.l.\u00a0 n. 148\/2017] quest\u2019ultima procedura potr\u00e0 trovare applicazione gi\u00e0 a partire dal prossimo anno scolastico, ma soltanto in quelle regioni in cui sia stata gi\u00e0 istituita l\u2019Anagrafe Vaccinale).<\/p>\n<p>Cos\u00ec, al comma 1 dell\u2019art. 3 si dispone, secondo la procedura ordinaria, che i dirigenti scolastici, all\u2019atto dell\u2019iscrizione del minore, siano tenuti a richiedere ai genitori di presentare, entro il termine di scadenza dell\u2019iscrizione, in alternativa: a) la documentazione idonea a comprovare l\u2019effettuazione delle vaccinazioni obbligatorie o la condizione che giustifichi l\u2019esonero (o l\u2019omissione o il differimento delle vaccinazioni); b) la formale richiesta di vaccinazione all\u2019azienda sanitaria locale territorialmente competente, che eseguir\u00e0 le vaccinazioni obbligatorie secondo la schedula vaccinale, entro la fine dell\u2019anno scolastico o la conclusione del calendario annuale dei servizi educativi per l\u2019infanzia. Si precisa, per\u00f2, che la presentazione della documentazione comprovante l\u2019effettuazione delle vaccinazioni (di cui alla lett. a) pu\u00f2 essere sostituita dal deposito di una dichiarazione sostitutiva di atto notorio, ma, in questo caso, la documentazione comprovante l\u2019effettuazione delle vaccinazioni dovr\u00e0 essere presentata entro il 10 luglio di ogni anno (anteriore a quello a cui si riferisce l\u2019iscrizione) [in senso analogo la disciplina transitoria per l\u2019anno 2017\/2018 di cui all\u2019art. 5, comma 1].<\/p>\n<p>Con circolare congiunta del 1\u00b0 settembre 2017, i ministri della salute e dell\u2019istruzione hanno diramato indicazioni operative per l\u2019attuazione del citato decreto-legge n. 73\/2017 \u2013 che \u00e8 intervenuto a procedure di iscrizione gi\u00e0 perfezionatesi \u2013 con le quali si \u00e8 previsto che i minori, i cui genitori non abbiano presentato entro l\u201911 settembre 2017 la documentazione prescritta, non possano frequentare i servizi educativi per l\u2019infanzia n\u00e9 le scuole dell\u2019infanzia, pur rimanendo comunque iscritti, con possibilit\u00e0 di essere nuovamente ammessi ai servizi stessi, una volta assolto l\u2019obbligo di presentare tale documentazione. Per l\u2019anno scolastico 2018\/2019 si sarebbe dovuto applicare invece unicamente l\u2019art. 3 e, quindi, i genitori sarebbero stati costretti a produrre la prescritta documentazione all\u2019atto dell\u2019iscrizione del minore (ossia entro il termine di scadenza dell\u2019iscrizione o entro il successivo 10 luglio, qualora si fosse optato per l\u2019iniziale presentazione di una dichiarazione sostitutiva di atto notorio), fermo restando la regola del divieto di accesso nell\u2019ipotesi in cui la suddetta documentazione non fosse stata tempestivamente prodotta.<\/p>\n<p>Con circolare del 5 luglio 2018, i ministri di salute e istruzione del governo giallo-verde \u2013 dopo aver premesso che la prima applicazione della legge \u201cLorenzin\u201d ha consentito di conseguire a livello nazionale un significativo innalzamento delle coperture vaccinali \u2013 hanno giustificato, in modo quanto meno paradossale, proprio in ragione di tale <em>trend <\/em>positivo che consente \u00abdi tenere in maggiore considerazione le esigenze di semplificazione dell\u2019attivit\u00e0 amministrativa, senza pregiudizio per l\u2019interesse pubblico alla tutela della salute\u00bb, l\u2019introduzione di un dispositivo che di fatto verr\u00e0 a disincentivare l\u2019effettivit\u00e0 dell\u2019obbligo normativo.<\/p>\n<p>Sostengono i ministri che l\u2019art. 3, comma 1, non impone che venga \u00abnecessariamente consegnato alle istituzioni scolastiche un certificato di avvenuta vaccinazione, ma, pi\u00f9 in generale, qualsivoglia documentazione che possa essere considerata <em>idonea<\/em> a comprovare l\u2019effettuazione, anche nel corso dell\u2019anno scolastico e del calendario annuale, delle vaccinazioni obbligatorie\u00bb.<\/p>\n<p>A supporto di tale interpretazione si richiama la disciplina prevista nel caso in cui l\u2019iscrizione avvenga d\u2019ufficio, sottolineando come l\u2019uso della locuzione \u00ab<em>senza preventiva presentazione di una dichiarazione<\/em>\u00bb (ult. periodo dell\u2019art. 3, comma 1), non sembri escludere che i genitori possano adempiere agli obblighi di legge presentando una dichiarazione sostitutiva entro il 10 luglio 2018.<\/p>\n<p>Di conseguenza, per il solo anno scolastico e il calendario annuale 2018\/2019, in ipotesi di prima iscrizione alle istituzioni scolastiche, nel caso in cui i genitori non presentino entro il 10 luglio 2018 la documentazione comprovante l\u2019effettuazione delle vaccinazioni, i dirigenti scolastici delle scuole dell\u2019infanzia, dei centri di formazione professionale regionale e delle scuole private non paritarie potranno ammettere i minori alla frequenza sulla base della sola dichiarazione sostitutiva, fatte salve le verifiche sulla veridicit\u00e0 previste dal d.P.R. n. 445\/2000. Tale previsione \u00e8 stata estesa anche alle regioni e province autonome presso le quali \u00e8 gi\u00e0 stata istituita l\u2019anagrafe vaccinale e che si sono\u00a0 avvalse della procedura semplificata di cui all\u2019art. 3-<em>bis <\/em>della legge, condizioni che fanno emergere in termini ancor pi\u00f9 chiari il carattere apparente e strumentale delle giustificazioni addotte nella circolare.<\/p>\n<p>L\u2019interpretazione ministeriale si palesa come <em>contra legem <\/em>per diverse ragioni. L\u2019art. 3 della legge pone diverse opzioni attraverso le quali i genitori possono adempiere all\u2019obbligo normativo, ovvero la presentazione di idonea documentazione comprovante l\u2019immunizzazione vaccinale, la possibilit\u00e0 di usufruire dell\u2019esonero o la dimostrazione della prenotazione dell\u2019appuntamento presso l\u2019azienda sanitaria. Solo in via residuale e sussidiaria la disposizione consente di supplire alla documentazione indicata mediante una dichiarazione sostitutiva, la cui validit\u00e0 per consentire l\u2019accesso alla scuola \u00e8 temporalmente condizionata (sino al 10 luglio di ogni anno).<\/p>\n<p>N\u00e9 si pu\u00f2 trarre una diversa conclusione dall\u2019analisi della disposizione sull\u2019iscrizione d\u2019ufficio che riguarda gli studenti delle classi successive al primo anno di corso, laddove \u2013 contestualizzando la locuzione \u00ab<em>senza preventiva presentazione di una dichiarazione<\/em>\u00bb \u2013 si comprende come la stessa escluda che la dichiarazione <em>ex <\/em>d.P.R. n. 445\/2000 possa sostituire la documentazione richiamata. La suddetta previsione \u00e8 stata infatti introdotta, con una modifica operata al Senato, al fine di consentire ai genitori \u2013 nel caso di iscrizione d\u2019ufficio \u2013 di poter usufruire del pi\u00f9 ampio termine del 10 luglio senza necessit\u00e0 della previa presentazione di una dichiarazione sostitutiva; a conferma la normativa ha lasciato fissi, per il 2017, i termini specifici di cui all\u2019art. 5 e dunque la necessit\u00e0 di presentazione di una dichiarazione sostitutiva per godere del relativo termine pi\u00f9 ampio.<\/p>\n<p>Peraltro, se come rilevato nelle premesse della circolare, il sistema vigente \u00e8 risultato efficace nel riportare entro parametri di sicurezza il tasso della copertura vaccinale, non si comprende \u2013 secondo un criterio di razionalit\u00e0 \u2013 perch\u00e9 mai si dovrebbe depotenziare lo strumento, creando una \u201cuscita di sicurezza\u201d che apparentemente serve a semplificare, ma poi in concreto produce l\u2019effetto di eludere l\u2019obbligo ed erodere i risultati raggiunti.<\/p>\n<p>Le considerazioni esposte parrebbero quindi confermare che la circolare ministeriale adottata non sia semplicemente interpretativa, ma abbia carattere innovativo derogando ad un obbligo ed alla correlata finalit\u00e0 perseguita dalla legge.<\/p>\n<p>Naturalmente non \u00e8 questa la sede per affrontare il tema del ruolo delle circolari nel nostro ordinamento, laddove la forza e il carattere dispositivo attribuito loro si manifesta, prepotentemente, nella prassi amministrativa, assumendo per la burocrazia statale una cogenza pari a quella della legge (come notano U. Allegretti, <em>Le r\u00f4le de la pratique dans la formation du droit public en Italie<\/em>, in <em>Studi in memoria di V. Bachelet<\/em>, II, Giuffre, Milano, 1987, 8 ss.; R. Tarchi, <em>Le circolari ministeriali con particolare riferimento alla prassi<\/em>, in\u00a0U. De Siervo (a cura di), <em>Norme secondarie e direzione dell\u2019amministrazione<\/em>, il Mulino, Bologna, 1992, 27 ss.). Questa condizione potrebbe determinare dei fenomeni di \u00ab<em>lost in translation<\/em>\u00bb nel passaggio dal dato legislativo a quello portato dalla circolare, il che \u00e8 ancor pi\u00f9 grave tenuto conto che, per la giurisprudenza consolidata, \u00able circolari amministrativi sono atti a carattere interno finalizzati a garantire un\u2019uniforme applicazione delle norme di legge, diretti agli organi ed uffici periferici, ovvero sottordinati, e non hanno di per s\u00e9 valore normativo o provvedimentale o, comunque, vincolante per i soggetti estranei all\u2019amministrazione, onde i soggetti destinatari degli atti applicativi di esse non hanno alcun onere di impugnativa, ma possono limitarsi a contestarne la legittimit\u00e0 al solo scopo di sostenere che gli atti applicativi sono illegittimi perch\u00e9 scaturiscono da una circolare illegittima che avrebbe, invece, dovuto essere disapplicata\u00bb (Cons. St., 21 giugno 2010, n. 3877). Risulta peraltro \u00abquasi pleonastico evidenziare che la circolare interpretativa non possa legittimare l\u2019inosservanza di principi direttamente e chiaramente stabiliti dalla legge, dovendosi conseguentemente disattendere le circolari sulla base del principio di prevalenza del dettato legislativo\u00bb (Tar Puglia, Bari, sez. II, 14 settembre 2012, n. 1660; Tar Campania, Salerno, sez. I, 13 gennaio 2016, n. 17). \u00c8 tuttavia un dato critico, da tenere in considerazione, che le circolari spesso sfuggono al vaglio giurisdizionale, essendone esclusa sia l\u2019impugnazione diretta sia la possibilit\u00e0 che il provvedimento si configuri \u00abquale atto presupposto del provvedimento lesivo che ne abbia fatto puntuale applicazione\u00bb (Tar Molise, Campobasso, 15 gennaio 2007, n. 12). Ora la parola passa dunque all\u2019Amministrazione che dovr\u00e0 decidere se essere fedele alla legge o ad una circolare, in attesa dell\u2019annunciata modifica in sede legislativa della legge \u201cLorenzin\u201d.<\/p>\n","protected":false},"excerpt":{"rendered":"<p>di Stefano Rossi Come noto, con il decreto-legge n. 73\/2017, il Governo aveva ravvisato la necessit\u00e0 di adottare, in via d\u2019urgenza, una disciplina che ha reintrodotto l\u2019obbligatoriet\u00e0 relativamente a 10 vaccinazioni<\/p>\n<div class='heateorSssClear'><\/div><div  class='heateor_sss_sharing_container heateor_sss_horizontal_sharing' data-heateor-sss-href='https:\/\/www.lacostituzione.info\/index.php\/2018\/07\/08\/ancora-vaccini-la-circolare-grillo-busetti-viola-la-legge\/'><div class='heateor_sss_sharing_title' style=\"font-weight:bold\" >Condividi!<\/div><div class=\"heateor_sss_sharing_ul\"><a aria-label=\"Facebook\" class=\"heateor_sss_facebook\" href=\"https:\/\/www.facebook.com\/sharer\/sharer.php?u=https%3A%2F%2Fwww.lacostituzione.info%2Findex.php%2F2018%2F07%2F08%2Fancora-vaccini-la-circolare-grillo-busetti-viola-la-legge%2F\" title=\"Facebook\" rel=\"nofollow noopener\" target=\"_blank\" style=\"font-size:32px!important;box-shadow:none;display:inline-block;vertical-align:middle\"><span class=\"heateor_sss_svg\" style=\"background-color:#0765FE;width:35px;height:35px;display:inline-block;opacity:1;float:left;font-size:32px;box-shadow:none;display:inline-block;font-size:16px;padding:0 4px;vertical-align:middle;background-repeat:repeat;overflow:hidden;padding:0;cursor:pointer;box-sizing:content-box\"><svg style=\"display:block;\" focusable=\"false\" aria-hidden=\"true\" xmlns=\"http:\/\/www.w3.org\/2000\/svg\" width=\"100%\" height=\"100%\" viewBox=\"0 0 32 32\"><path fill=\"#fff\" d=\"M28 16c0-6.627-5.373-12-12-12S4 9.373 4 16c0 5.628 3.875 10.35 9.101 11.647v-7.98h-2.474V16H13.1v-1.58c0-4.085 1.849-5.978 5.859-5.978.76 0 2.072.15 2.608.298v3.325c-.283-.03-.775-.045-1.386-.045-1.967 0-2.728.745-2.728 2.683V16h3.92l-.673 3.667h-3.247v8.245C23.395 27.195 28 22.135 28 16Z\"><\/path><\/svg><\/span><\/a><a aria-label=\"Twitter\" class=\"heateor_sss_button_twitter\" href=\"https:\/\/twitter.com\/intent\/tweet?text=Ancora%20vaccini%3A%20la%20circolare%20Grillo-Busetti%20viola%20la%20legge%3F&url=https%3A%2F%2Fwww.lacostituzione.info%2Findex.php%2F2018%2F07%2F08%2Fancora-vaccini-la-circolare-grillo-busetti-viola-la-legge%2F\" title=\"Twitter\" rel=\"nofollow noopener\" target=\"_blank\" style=\"font-size:32px!important;box-shadow:none;display:inline-block;vertical-align:middle\"><span class=\"heateor_sss_svg heateor_sss_s__default heateor_sss_s_twitter\" style=\"background-color:#55acee;width:35px;height:35px;display:inline-block;opacity:1;float:left;font-size:32px;box-shadow:none;display:inline-block;font-size:16px;padding:0 4px;vertical-align:middle;background-repeat:repeat;overflow:hidden;padding:0;cursor:pointer;box-sizing:content-box\"><svg style=\"display:block;\" focusable=\"false\" aria-hidden=\"true\" xmlns=\"http:\/\/www.w3.org\/2000\/svg\" width=\"100%\" height=\"100%\" viewBox=\"-4 -4 39 39\"><path d=\"M28 8.557a9.913 9.913 0 0 1-2.828.775 4.93 4.93 0 0 0 2.166-2.725 9.738 9.738 0 0 1-3.13 1.194 4.92 4.92 0 0 0-3.593-1.55 4.924 4.924 0 0 0-4.794 6.049c-4.09-.21-7.72-2.17-10.15-5.15a4.942 4.942 0 0 0-.665 2.477c0 1.71.87 3.214 2.19 4.1a4.968 4.968 0 0 1-2.23-.616v.06c0 2.39 1.7 4.38 3.952 4.83-.414.115-.85.174-1.297.174-.318 0-.626-.03-.928-.086a4.935 4.935 0 0 0 4.6 3.42 9.893 9.893 0 0 1-6.114 2.107c-.398 0-.79-.023-1.175-.068a13.953 13.953 0 0 0 7.55 2.213c9.056 0 14.01-7.507 14.01-14.013 0-.213-.005-.426-.015-.637.96-.695 1.795-1.56 2.455-2.55z\" fill=\"#fff\"><\/path><\/svg><\/span><\/a><a aria-label=\"Reddit\" class=\"heateor_sss_button_reddit\" href=\"https:\/\/reddit.com\/submit?url=https%3A%2F%2Fwww.lacostituzione.info%2Findex.php%2F2018%2F07%2F08%2Fancora-vaccini-la-circolare-grillo-busetti-viola-la-legge%2F&title=Ancora%20vaccini%3A%20la%20circolare%20Grillo-Busetti%20viola%20la%20legge%3F\" title=\"Reddit\" rel=\"nofollow noopener\" target=\"_blank\" style=\"font-size:32px!important;box-shadow:none;display:inline-block;vertical-align:middle\"><span class=\"heateor_sss_svg heateor_sss_s__default heateor_sss_s_reddit\" style=\"background-color:#ff5700;width:35px;height:35px;display:inline-block;opacity:1;float:left;font-size:32px;box-shadow:none;display:inline-block;font-size:16px;padding:0 4px;vertical-align:middle;background-repeat:repeat;overflow:hidden;padding:0;cursor:pointer;box-sizing:content-box\"><svg style=\"display:block;\" focusable=\"false\" aria-hidden=\"true\" xmlns=\"http:\/\/www.w3.org\/2000\/svg\" width=\"100%\" height=\"100%\" viewBox=\"-3.5 -3.5 39 39\"><path d=\"M28.543 15.774a2.953 2.953 0 0 0-2.951-2.949 2.882 2.882 0 0 0-1.9.713 14.075 14.075 0 0 0-6.85-2.044l1.38-4.349 3.768.884a2.452 2.452 0 1 0 .24-1.176l-4.274-1a.6.6 0 0 0-.709.4l-1.659 5.224a14.314 14.314 0 0 0-7.316 2.029 2.908 2.908 0 0 0-1.872-.681 2.942 2.942 0 0 0-1.618 5.4 5.109 5.109 0 0 0-.062.765c0 4.158 5.037 7.541 11.229 7.541s11.22-3.383 11.22-7.541a5.2 5.2 0 0 0-.053-.706 2.963 2.963 0 0 0 1.427-2.51zm-18.008 1.88a1.753 1.753 0 0 1 1.73-1.74 1.73 1.73 0 0 1 1.709 1.74 1.709 1.709 0 0 1-1.709 1.711 1.733 1.733 0 0 1-1.73-1.711zm9.565 4.968a5.573 5.573 0 0 1-4.081 1.272h-.032a5.576 5.576 0 0 1-4.087-1.272.6.6 0 0 1 .844-.854 4.5 4.5 0 0 0 3.238.927h.032a4.5 4.5 0 0 0 3.237-.927.6.6 0 1 1 .844.854zm-.331-3.256a1.726 1.726 0 1 1 1.709-1.712 1.717 1.717 0 0 1-1.712 1.712z\" fill=\"#fff\"\/><\/svg><\/span><\/a><a aria-label=\"Linkedin\" class=\"heateor_sss_button_linkedin\" href=\"https:\/\/www.linkedin.com\/sharing\/share-offsite\/?url=https%3A%2F%2Fwww.lacostituzione.info%2Findex.php%2F2018%2F07%2F08%2Fancora-vaccini-la-circolare-grillo-busetti-viola-la-legge%2F\" title=\"Linkedin\" rel=\"nofollow noopener\" target=\"_blank\" style=\"font-size:32px!important;box-shadow:none;display:inline-block;vertical-align:middle\"><span class=\"heateor_sss_svg heateor_sss_s__default heateor_sss_s_linkedin\" style=\"background-color:#0077b5;width:35px;height:35px;display:inline-block;opacity:1;float:left;font-size:32px;box-shadow:none;display:inline-block;font-size:16px;padding:0 4px;vertical-align:middle;background-repeat:repeat;overflow:hidden;padding:0;cursor:pointer;box-sizing:content-box\"><svg style=\"display:block;\" focusable=\"false\" aria-hidden=\"true\" xmlns=\"http:\/\/www.w3.org\/2000\/svg\" width=\"100%\" height=\"100%\" viewBox=\"0 0 32 32\"><path d=\"M6.227 12.61h4.19v13.48h-4.19V12.61zm2.095-6.7a2.43 2.43 0 0 1 0 4.86c-1.344 0-2.428-1.09-2.428-2.43s1.084-2.43 2.428-2.43m4.72 6.7h4.02v1.84h.058c.56-1.058 1.927-2.176 3.965-2.176 4.238 0 5.02 2.792 5.02 6.42v7.395h-4.183v-6.56c0-1.564-.03-3.574-2.178-3.574-2.18 0-2.514 1.7-2.514 3.46v6.668h-4.187V12.61z\" fill=\"#fff\"><\/path><\/svg><\/span><\/a><a aria-label=\"Pinterest\" class=\"heateor_sss_button_pinterest\" href=\"https:\/\/www.lacostituzione.info\/index.php\/2018\/07\/08\/ancora-vaccini-la-circolare-grillo-busetti-viola-la-legge\/\" onclick=\"event.preventDefault();javascript:void( (function() {var e=document.createElement('script' );e.setAttribute('type','text\/javascript' );e.setAttribute('charset','UTF-8' );e.setAttribute('src','\/\/assets.pinterest.com\/js\/pinmarklet.js?r='+Math.random()*99999999);document.body.appendChild(e)})());\" title=\"Pinterest\" rel=\"noopener\" style=\"font-size:32px!important;box-shadow:none;display:inline-block;vertical-align:middle\"><span class=\"heateor_sss_svg heateor_sss_s__default heateor_sss_s_pinterest\" style=\"background-color:#cc2329;width:35px;height:35px;display:inline-block;opacity:1;float:left;font-size:32px;box-shadow:none;display:inline-block;font-size:16px;padding:0 4px;vertical-align:middle;background-repeat:repeat;overflow:hidden;padding:0;cursor:pointer;box-sizing:content-box\"><svg style=\"display:block;\" focusable=\"false\" aria-hidden=\"true\" xmlns=\"http:\/\/www.w3.org\/2000\/svg\" width=\"100%\" height=\"100%\" viewBox=\"-2 -2 35 35\"><path fill=\"#fff\" d=\"M16.539 4.5c-6.277 0-9.442 4.5-9.442 8.253 0 2.272.86 4.293 2.705 5.046.303.125.574.005.662-.33.061-.231.205-.816.27-1.06.088-.331.053-.447-.191-.736-.532-.627-.873-1.439-.873-2.591 0-3.338 2.498-6.327 6.505-6.327 3.548 0 5.497 2.168 5.497 5.062 0 3.81-1.686 7.025-4.188 7.025-1.382 0-2.416-1.142-2.085-2.545.397-1.674 1.166-3.48 1.166-4.689 0-1.081-.581-1.983-1.782-1.983-1.413 0-2.548 1.462-2.548 3.419 0 1.247.421 2.091.421 2.091l-1.699 7.199c-.505 2.137-.076 4.755-.039 5.019.021.158.223.196.314.077.13-.17 1.813-2.247 2.384-4.324.162-.587.929-3.631.929-3.631.46.876 1.801 1.646 3.227 1.646 4.247 0 7.128-3.871 7.128-9.053.003-3.918-3.317-7.568-8.361-7.568z\"\/><\/svg><\/span><\/a><a aria-label=\"Whatsapp\" class=\"heateor_sss_whatsapp\" href=\"https:\/\/api.whatsapp.com\/send?text=Ancora%20vaccini%3A%20la%20circolare%20Grillo-Busetti%20viola%20la%20legge%3F%20https%3A%2F%2Fwww.lacostituzione.info%2Findex.php%2F2018%2F07%2F08%2Fancora-vaccini-la-circolare-grillo-busetti-viola-la-legge%2F\" title=\"Whatsapp\" rel=\"nofollow noopener\" target=\"_blank\" style=\"font-size:32px!important;box-shadow:none;display:inline-block;vertical-align:middle\"><span class=\"heateor_sss_svg\" style=\"background-color:#55eb4c;width:35px;height:35px;display:inline-block;opacity:1;float:left;font-size:32px;box-shadow:none;display:inline-block;font-size:16px;padding:0 4px;vertical-align:middle;background-repeat:repeat;overflow:hidden;padding:0;cursor:pointer;box-sizing:content-box\"><svg style=\"display:block;\" focusable=\"false\" aria-hidden=\"true\" xmlns=\"http:\/\/www.w3.org\/2000\/svg\" width=\"100%\" height=\"100%\" viewBox=\"-6 -5 40 40\"><path class=\"heateor_sss_svg_stroke heateor_sss_no_fill\" stroke=\"#fff\" stroke-width=\"2\" fill=\"none\" d=\"M 11.579798566743314 24.396926207859085 A 10 10 0 1 0 6.808479557110079 20.73576436351046\"><\/path><path d=\"M 7 19 l -1 6 l 6 -1\" class=\"heateor_sss_no_fill heateor_sss_svg_stroke\" stroke=\"#fff\" stroke-width=\"2\" fill=\"none\"><\/path><path d=\"M 10 10 q -1 8 8 11 c 5 -1 0 -6 -1 -3 q -4 -3 -5 -5 c 4 -2 -1 -5 -1 -4\" fill=\"#fff\"><\/path><\/svg><\/span><\/a><\/div><div class=\"heateorSssClear\"><\/div><\/div><div class='heateorSssClear'><\/div>","protected":false},"author":1,"featured_media":0,"comment_status":"open","ping_status":"open","sticky":false,"template":"","format":"standard","meta":{"jetpack_post_was_ever_published":false,"_jetpack_newsletter_access":"","_jetpack_dont_email_post_to_subs":false,"_jetpack_newsletter_tier_id":0,"_jetpack_memberships_contains_paywalled_content":false,"_jetpack_memberships_contains_paid_content":false,"footnotes":"","jetpack_publicize_message":"","jetpack_publicize_feature_enabled":true,"jetpack_social_post_already_shared":true,"jetpack_social_options":{"image_generator_settings":{"template":"highway","default_image_id":0,"enabled":false},"version":2}},"categories":[4],"tags":[1269,611,55],"class_list":["post-5431","post","type-post","status-publish","format-standard","hentry","category-attualita","tag-circolare","tag-decreto-vaccini","tag-vaccini"],"jetpack_publicize_connections":[],"jetpack_featured_media_url":"","jetpack_shortlink":"https:\/\/wp.me\/p84sDq-1pB","jetpack_likes_enabled":true,"jetpack_sharing_enabled":true,"_links":{"self":[{"href":"https:\/\/www.lacostituzione.info\/index.php\/wp-json\/wp\/v2\/posts\/5431","targetHints":{"allow":["GET"]}}],"collection":[{"href":"https:\/\/www.lacostituzione.info\/index.php\/wp-json\/wp\/v2\/posts"}],"about":[{"href":"https:\/\/www.lacostituzione.info\/index.php\/wp-json\/wp\/v2\/types\/post"}],"author":[{"embeddable":true,"href":"https:\/\/www.lacostituzione.info\/index.php\/wp-json\/wp\/v2\/users\/1"}],"replies":[{"embeddable":true,"href":"https:\/\/www.lacostituzione.info\/index.php\/wp-json\/wp\/v2\/comments?post=5431"}],"version-history":[{"count":0,"href":"https:\/\/www.lacostituzione.info\/index.php\/wp-json\/wp\/v2\/posts\/5431\/revisions"}],"wp:attachment":[{"href":"https:\/\/www.lacostituzione.info\/index.php\/wp-json\/wp\/v2\/media?parent=5431"}],"wp:term":[{"taxonomy":"category","embeddable":true,"href":"https:\/\/www.lacostituzione.info\/index.php\/wp-json\/wp\/v2\/categories?post=5431"},{"taxonomy":"post_tag","embeddable":true,"href":"https:\/\/www.lacostituzione.info\/index.php\/wp-json\/wp\/v2\/tags?post=5431"}],"curies":[{"name":"wp","href":"https:\/\/api.w.org\/{rel}","templated":true}]}}