{"id":5461,"date":"2018-07-16T18:00:23","date_gmt":"2018-07-16T16:00:23","guid":{"rendered":"http:\/\/www.lacostituzione.info\/?p=5461"},"modified":"2018-07-17T00:04:24","modified_gmt":"2018-07-16T22:04:24","slug":"sul-ricalcolo-retroattivo-dei-vitalizi-quando-il-fine-non-giustifica-i-mezzi","status":"publish","type":"post","link":"https:\/\/www.lacostituzione.info\/index.php\/2018\/07\/16\/sul-ricalcolo-retroattivo-dei-vitalizi-quando-il-fine-non-giustifica-i-mezzi\/","title":{"rendered":"Sul ricalcolo retroattivo dei vitalizi: quando il fine non giustifica i mezzi"},"content":{"rendered":"<p><a href=\"http:\/\/www.lacostituzione.info\/wp-content\/uploads\/2018\/07\/vitalizi2.jpg\"><img loading=\"lazy\" decoding=\"async\" data-attachment-id=\"5462\" data-permalink=\"https:\/\/www.lacostituzione.info\/index.php\/2018\/07\/16\/sul-ricalcolo-retroattivo-dei-vitalizi-quando-il-fine-non-giustifica-i-mezzi\/vitalizi2\/#main\" data-orig-file=\"https:\/\/www.lacostituzione.info\/wp-content\/uploads\/2018\/07\/vitalizi2.jpg\" data-orig-size=\"320,218\" data-comments-opened=\"1\" data-image-meta=\"{&quot;aperture&quot;:&quot;0&quot;,&quot;credit&quot;:&quot;&quot;,&quot;camera&quot;:&quot;&quot;,&quot;caption&quot;:&quot;&quot;,&quot;created_timestamp&quot;:&quot;0&quot;,&quot;copyright&quot;:&quot;&quot;,&quot;focal_length&quot;:&quot;0&quot;,&quot;iso&quot;:&quot;0&quot;,&quot;shutter_speed&quot;:&quot;0&quot;,&quot;title&quot;:&quot;&quot;,&quot;orientation&quot;:&quot;0&quot;}\" data-image-title=\"vitalizi2\" data-image-description=\"\" data-image-caption=\"\" data-medium-file=\"https:\/\/www.lacostituzione.info\/wp-content\/uploads\/2018\/07\/vitalizi2-300x204.jpg\" data-large-file=\"https:\/\/www.lacostituzione.info\/wp-content\/uploads\/2018\/07\/vitalizi2.jpg\" class=\"alignleft size-thumbnail wp-image-5462\" src=\"http:\/\/www.lacostituzione.info\/wp-content\/uploads\/2018\/07\/vitalizi2-150x150.jpg\" alt=\"\" width=\"150\" height=\"150\" \/><\/a>di <strong>Salvatore Curreri<\/strong><\/p>\n<p><em>La delibera dell\u2019Ufficio di Presidenza della Camera che impone il ricalcolo retroattivo degli assegni vitalizi degli ex parlamentari solleva pi\u00f9 di un dubbio di legittimit\u00e0 ma, poich\u00e9 si tratta di un atto interno, difficilmente sar\u00e0 sottoposta al vaglio di un giudice terzo ed imparziale. <\/em><!--more--><\/p>\n<p>Con <a href=\"http:\/\/www.camera.it\/leg18\/1132?shadow_primapagina=7819\">delibera<\/a> dello scorso 12 luglio, l\u2019Ufficio di Presidenza della Camera ha deciso di rideterminare dal prossimo 1\u00b0 gennaio 2019 la misura degli assegni vitalizi e delle quote di assegno vitalizio dei trattamenti previdenziali <em>pro rata <\/em>nonch\u00e9 dei trattamenti di reversibilit\u00e0 relativi agli anni di mandato svolti fino al 31 dicembre 2011. Per effetto di tale ricalcolo, la quasi totalit\u00e0 dei 1.405 ex deputati interessati subiranno una decurtazione, talora sensibile, dell\u2019assegno vitalizio (per 840 di costoro tra il 31 ed il 60%), fermo restando il minimo di 980 euro (elevabile a 1.470 se il ricalcolo supera il 50% di quello gi\u00e0 in godimento). Non avranno, invece, un aumento i 67 che ne avrebbero avuto diritto in virt\u00f9 dei maggiori contributi versati nelle molte legislature svolte (art. 1.4). I risparmi attesi sono di circa 40 mln. annui.<\/p>\n<p>Rispetto alla proposta iniziale, presentata il 27 giugno e gi\u00e0 <a href=\"http:\/\/www.lacostituzione.info\/index.php\/2018\/06\/27\/5369\/\">qui<\/a> commentata, l\u2019unica modifica approvata prevede l\u2019aumento del vitalizio fino ad un massimo del 50% per gli ex deputati che non hanno altri redditi annui superiori all\u2019assegno sociale, eccettuati quelli dell\u2019abitazione principale, oppure affetti da patologie gravi (art. 1.7). Di conseguenza, il metodo contributivo, oggi in vigore per i deputati in carica dall\u20191 gennaio 2012 (giusta delibere dell\u2019Ufficio di Presidenza del 14 dicembre 2011 e 30 gennaio 2012), si applicher\u00e0 (in certa misura: v. <em>infra<\/em>) retroattivamente anche per quelli cessati dal mandato prima di tale data.<\/p>\n<p>Alla delibera non hanno partecipato i rappresentanti nell\u2019Ufficio di Presidenza del gruppo parlamentare di Liberi e Uguali e del gruppo misto, temendo di poter essere eventualmente chiamati a rispondere del danno patrimoniale arrecato agli ex parlamentari. Il punto, su cui hanno espresso, su richiesta, il loro parere il Consiglio e l\u2019Avvocatura di Stato, sembra d\u2019estremo interesse, giacch\u00e9 si tratter\u00e0 di valutare se, come ritengo, la delibera sia coperta dalla prerogativa dell\u2019insindacabilit\u00e0 ex art. 68.1 Cost. oppure non vada considerata come esercizio di funzioni costituzionali ma mera attivit\u00e0 amministrativa, come tale sindacabile (v. Corte cost., <a href=\"https:\/\/www.cortecostituzionale.it\/actionSchedaPronuncia.do?anno=2009&amp;numero=337\">sentenza n. 337\/2009<\/a>, <a href=\"http:\/\/www.isle.it\/rassegnaparlamentare\/2010.aspx\">qui<\/a> criticata). Quest\u2019ultimo interrogativo ne richiama altri, ancor pi\u00f9 problematici.<\/p>\n<p>Difatti, bench\u00e9 approvata senza nemmeno un voto contrario, non sono pochi, n\u00e9 di poco momento i dubbi di legittimit\u00e0 sollevati da tale delibera. Tra essi, certamente quello che ha avuto maggiore risonanza mediatica riguarda la legittimit\u00e0 di un intervento retroattivo su diritti pensionistici gi\u00e0 acquisiti. Intervento, peraltro, che prevede l\u2019applicazione di specifici \u201ccoefficienti di trasformazione\u201d &#8211; elaborati appositamente dall\u2019Inps e in collaborazione con l\u2019Istat (con una discutibile proiezione all\u2019indietro delle previsioni statistiche) &#8211; atti a correggere il criterio di calcolo contributivo, applicato dalla Riforma Dini (<a href=\"http:\/\/www.normattiva.it\/atto\/caricaDettaglioAtto?atto.dataPubblicazioneGazzetta=1995-08-16&amp;atto.codiceRedazionale=095G0382&amp;queryString=%3FmeseProvvedimento%3D%26formType%3Dricerca_semplice%26numeroArticolo%3D%26numeroProvvedimento%3D335%26testo%3D%26annoP\">legge n. 335\/1995<\/a>) ai dipendenti pubblici solo dal 1996.<\/p>\n<p>Come noto, la Corte costituzionale non ha escluso in radice la legittimit\u00e0 d\u2019interventi retroattivi sui trattamenti previdenziali in corso, purch\u00e9 provvisori e giustificati da esigenze eccezionali, quali ad esempio ragioni di contenimento della spesa pubblica (<a href=\"https:\/\/www.cortecostituzionale.it\/actionSchedaPronuncia.do?param_ecli=ECLI:IT:COST:2002:446\">sentenza n. 446\/2002, 6\u00b0 cons. dir<\/a>). \u00c8 il caso dei c.d. <strong>contributi di solidariet\u00e0<\/strong> (sulla cui legittimit\u00e0 v. <a href=\"https:\/\/www.cortecostituzionale.it\/actionSchedaPronuncia.do?param_ecli=ECLI:IT:COST:2016:173\">sentenza n. 173\/2016, 11\u00b0 cons. dir.<\/a>), introdotto dal solo Ufficio di Presidenza della Camera, con delibera n. 210, nella seduta del 22 marzo 2017 (quella famosa dell\u2019intervento squadrista dei deputati del M5S, con l\u2019irruzione nella sala della riunione del deputato <a href=\"http:\/\/www.camera.it\/leg17\/29?shadow_deputato=306224&amp;idpersona=306224&amp;idlegislatura=17\">De Rosa<\/a>). Diversamente, secondo i giudici costituzionali, saremmo di fronte a scelte arbitrarie, e perci\u00f2 irragionevoli, che frustrerebbero quella certezza e sicurezza giuridica su cui si fonda lo Stato di diritto (sentenze nn. <a href=\"https:\/\/www.cortecostituzionale.it\/actionSchedaPronuncia.do?param_ecli=ECLI:IT:COST:2013:92\">92\/2013, 5\u00b0 cons. dir.<\/a> e <a href=\"https:\/\/www.cortecostituzionale.it\/actionSchedaPronuncia.do?param_ecli=ECLI:IT:COST:2015:216\">216\/2015, 4.2\u00b0 cons. dir.<\/a>).<\/p>\n<p>Qui, invece, siamo in presenza di un intervento strutturale, non transitorio, che penalizzerebbe, come detto, gli ex deputati in modo irreparabile e, in certa misura, incolpevole, giacch\u00e9 prima del 1996, in pieno regime retributivo, non era data la possibilit\u00e0, qualora avessero voluto, di effettuare versamenti contributivi aggiuntivi. Tra l\u2019altro si tratta di un effetto retroattivo limitato ai soli ex parlamentari, e non agli altri dipendenti pubblici i quali\u00a0 &#8211; loro s\u00ec in forza di un privilegio \u2013 se andati in pensione prima della Riforma Dini (e magari dopo appena 19 (14 per le donne) anni, 6 mesi e 1 giorno) \u2013 continueranno a percepire una pensione calcolata con il metodo retributivo. Nonostante quanto enfaticamente pubblicizzato, dunque, <strong>gli ex deputati non sono equiparati ma penalizzati rispetto agli altri pensionati pubblici<\/strong>, poich\u00e9 dal prossimo 1\u00b0 gennaio non saranno pi\u00f9 i primi ma i secondi che continueranno a godere d\u2019un trattamento previdenziale di favore.<\/p>\n<p>\u00c8 questo, a mio modesto parere, il punto centrale sollevato dalla delibera in commento: se l\u2019autonomia normativa di cui ciascuna camera gode ex art. 64.1 Cost. possa esplicarsi in materia di trattamento previdenziale dei loro ex componenti e, in caso positivo, goda di una discrezionalit\u00e0 tale da potersi tradurre in regole tali da differenziarli, stavolta in negativo, rispetto al regime previdenziale previsti per la generalit\u00e0 dei cittadini.<\/p>\n<p>Sul punto la Corte costituzionale (<a href=\"https:\/\/www.cortecostituzionale.it\/actionSchedaPronuncia.do?param_ecli=ECLI:IT:COST:1994:289\">sentenza n. 289\/1994, 3\u00b0 cons. dir.<\/a>) ha precisato che gli assegni vitalizi differiscono dalle pensioni ordinarie del pubblico impiego sia perch\u00e9 non collegati ad una retribuzione ma all\u2019indennit\u00e0 di carica goduta in relazione all\u2019esercizio di un mandato pubblico, sia perch\u00e9 si tratta di un \u201cparticolare tipo di previdenza (\u2026) che, nella sua disciplina positiva, ha recepito, in parte, aspetti riconducibili al modello pensionistico e, in parte, profili tipici del regime delle assicurazioni private\u201d, con un\u2019accentuazione di quest\u2019ultimo profilo soprattutto dopo la riforma del 2012. Ma tale diversit\u00e0 di natura e di regime pu\u00f2 spingersi fino al punto da ritenere di per s\u00e9 ragionevole un simile strutturale intervento retroattivo che la giurisprudenza costituzionale ha invece escluso per il pubblico impiego? (sul punto si richiamano le condivisibili osservazioni qui svolte dal consigliere <a href=\"http:\/\/www.lacostituzione.info\/index.php\/2017\/06\/15\/vitalizi-e-pensioni-due-species-un-solo-genus\/\">Buonomo<\/a>).<\/p>\n<p>\u00c8 nella risposta a questo quesito che va ricercato il motivo per cui si \u00e8 deciso di riprendere la soluzione dalla delibera interna dell\u2019Ufficio di Presidenza, anzich\u00e9 optare per la via legislativa, seguita nella scorsa legislatura dalla <a href=\"http:\/\/www.camera.it\/leg17\/126?pdl=3225\">proposta di legge Richetti<\/a> (approvato dalla Camera ma non dal Senato alla fine della scorsa legislatura), dal contenuto sostanzialmente analogo all\u2019attuale delibera.<\/p>\n<p>Soluzione \u2013 quella regolamentare &#8211; che ha dalla sua certamente la prassi, come noto non affatto irrilevante in materia parlamentare, in base a cui la materia previdenziale \u00e8 dal 1954 disciplinata tramite regolamenti interni ma che, ora come non mai, solleva ulteriori dubbi.<\/p>\n<p>Innanzi tutto, per la prima volta in materia di trattamenti previdenziali, le due Camere non sono allineate, con la paradossale conseguenza che \u2013 poich\u00e9 ai fini previdenziali conta la sede in cui si \u00e8 svolta l\u2019ultima legislatura &#8211; chi \u00e8 stato prima senatore e poi deputato percepir\u00e0 un assegno inferiore rispetto a chi \u00e8 stato prima deputato e poi senatore.<\/p>\n<p>In secondo luogo, se \u00e8 vero che il trattamento previdenziale condivide con l\u2019indennit\u00e0 la medesima funzione di garantire il libero mandato del parlamentare, di modo che il timore per la sua futura sicurezza economica non possa condizionarne negativamente l\u2019esercizio, non si comprende perch\u00e9 il primo non debba essere regolato per legge cos\u00ec come l\u2019<a href=\"https:\/\/www.senato.it\/1025?sezione=126&amp;articolo_numero_articolo=69\">art. 69 Cost.<\/a> richiede per la seconda e come trova indirettamente conferma nell\u2019<a href=\"http:\/\/www.camera.it\/leg18\/438?shadow_regolamento_capi=917&amp;shadow_regolamento_articoli_titolo=Art.%2012%20(*)\">articolo 12.3 R.C.<\/a>, il quale, non a caso, non include espressamente il Regolamento per il trattamento previdenziale degli ex deputati tra quelli che l\u2019Ufficio di Presidenza pu\u00f2 approvare. Tale regime speciale costituisce un\u2019elusione del dettato costituzionale, analoga a quella operata dall\u2019<a href=\"http:\/\/www.normattiva.it\/atto\/caricaDettaglioAtto?atto.dataPubblicazioneGazzetta=1965-11-20&amp;atto.codiceRedazionale=065U1261&amp;queryString=%3FmeseProvvedimento%3D%26formType%3Dricerca_semplice%26numeroArticolo%3D%26numeroProvvedimento%3D1261%26testo%3D%26anno\">art. 1 l. 1261\/1965<\/a> che, anzich\u00e9 individuare direttamente l\u2019indennit\u00e0 parlamentare, ne ha rinviato la determinazione agli Uffici di Presidenza delle due Camere. Si invoca, pertanto, l\u2019autonomia regolamentare sancita dall\u2019<a href=\"https:\/\/www.senato.it\/1025?sezione=126&amp;articolo_numero_articolo=64\">art. 64.1 Cost.<\/a> proprio in una materia &#8211; i trattamenti economici dei parlamentari \u2013 nella quale essa incontra un significativo limite nella riserva di legge prevista dal successivo art. 69 Cost.<\/p>\n<p>Infine, ma non per ultimo, la decisione di ricorrere ad una regolamento interno sembra rispondere all\u2019intento di sottrarlo ad un controllo giurisdizionale esterno, ordinario, amministrativo (v. <em>supra<\/em>) o costituzionale che sia. Il regolamento appena approvato, infatti, potrebbe essere certamente impugnato dinanzi agli organi giurisdizionali interni, e cio\u00e8 in primo grado dal Consiglio di giurisdizione e in secondo grado dal Collegio d\u2019appello, della cui imparzialit\u00e0 e indipendenza da tempo per\u00f2 si dubita (v. Corte cost., sentenze nn. <a href=\"https:\/\/www.cortecostituzionale.it\/actionSchedaPronuncia.do?anno=1985&amp;numero=154\">154\/1985, 4.4\u00b0 cons. dir.<\/a>, e <a href=\"https:\/\/www.cortecostituzionale.it\/actionSchedaPronuncia.do?anno=2014&amp;numero=120\">120\/2014<\/a>) perch\u00e9 composti da deputati inevitabilmente indotti a giudicare in base a criteri politici (<a href=\"http:\/\/www.camera.it\/leg17\/954\">lo schema seguito fino alla passata legislatura \u2013 ad oggi non risultano costituiti &#8211; \u00e8 di due deputati della maggioranza e uno dell\u2019opposizione<\/a>). N\u00e9 tale terziet\u00e0 pu\u00f2 ritenersi di per s\u00e9 assicurata dal sol fatto che di tali organi non possano far parte i componenti dell\u2019Ufficio di Presidenza contro i cui provvedimenti si \u00e8 fatto dinanzi ad essi ricorso (<a href=\"http:\/\/www.camera.it\/leg18\/438?shadow_regolamento_capi=917&amp;shadow_regolamento_articoli_titolo=Art.%2012%20(*)\">art. 12.6 R.C.<\/a>). In forza di tutto ci\u00f2, si pone dunque ancora una volta, e con maggior forza, il problema se una siffatta giurisdizione domestica leda l\u2019articolo 24 Cost. secondo cui \u201ctutti possono agire in giudizio per la tutela dei propri diritti e interessi legittimi\u201d.<\/p>\n<p>Problema acuito dal fatto che molto difficilmente tale regolamento potrebbe essere oggetto di giudizio della Corte costituzionale la quale, nel contesto di una consolidata giurisprudenza che ha resuscitato il mitico feticcio della insindacabilit\u00e0 degli <em>interna corporis<\/em>, ha dato un\u2019interpretazione molto ampia dell\u2019autodichia di ciascuna camera, escludendo da essa solo i rapporti con i soggetti terzi riguardanti \u201cattivit\u00e0 non direttamente strumentali all\u2019esercizio delle funzioni parlamentari\u201d (<a href=\"http:\/\/www.camera.it\/leg18\/438?shadow_regolamento_capi=917&amp;shadow_regolamento_articoli_titolo=Art.%2012%20(*)\">art. 12.3.<em>e) <\/em>R.C.<\/a>); rapporti in cui, per\u00f2, la Corte costituzionale ben potrebbe includere quelli con gli ex parlamentari, proprio perch\u00e9 ormai terzi rispetto alle camere di cui sono stati membri (v., da ultimo, la <a href=\"http:\/\/www.giurcost.org\/decisioni\/2017\/0262s-17.html\">discussa sentenza n. 262\/2017<\/a> in cui si \u00e8 registrata la dissociazione tra relatore ed estensore).<\/p>\n<p>Concludendo: il pretendere dagli altri quanto non si vuole a s\u00e9 applicato \u00e8 gi\u00e0 di per s\u00e9 biasimevole. Ancor di pi\u00f9 farlo in modo e forme tali da creare irragionevoli disparit\u00e0 di trattamento in danno di chi cos\u00ec vedrebbe reso difficolt\u00e0 l\u2019esercizio del proprio diritto di difesa. Se poi il tutto viene ammantato dall\u2019imperante qualunquismo antiparlamentare che vuole i parlamentari eguali a tutti gli altri cittadini non si pu\u00f2 che temere che quella contro i vitalizi sia solo una tappa di una pi\u00f9 vasta strategia che, in nome della battaglia contro gli odiosi privilegi, metter\u00e0 in discussione le attuali prerogative dei singoli parlamentari e, con esse, la dignit\u00e0 della loro funzione e di quella dello stesso Parlamento.<\/p>\n<p>&nbsp;<\/p>\n","protected":false},"excerpt":{"rendered":"<p>di Salvatore Curreri La delibera dell\u2019Ufficio di Presidenza della Camera che impone il ricalcolo retroattivo degli assegni vitalizi degli ex parlamentari solleva pi\u00f9 di un dubbio di legittimit\u00e0 ma, poich\u00e9 si tratta di un atto interno, difficilmente sar\u00e0 sottoposta al vaglio di un giudice terzo ed imparziale.<\/p>\n<div class='heateorSssClear'><\/div><div  class='heateor_sss_sharing_container heateor_sss_horizontal_sharing' data-heateor-sss-href='https:\/\/www.lacostituzione.info\/index.php\/2018\/07\/16\/sul-ricalcolo-retroattivo-dei-vitalizi-quando-il-fine-non-giustifica-i-mezzi\/'><div class='heateor_sss_sharing_title' style=\"font-weight:bold\" >Condividi!<\/div><div class=\"heateor_sss_sharing_ul\"><a aria-label=\"Facebook\" class=\"heateor_sss_facebook\" href=\"https:\/\/www.facebook.com\/sharer\/sharer.php?u=https%3A%2F%2Fwww.lacostituzione.info%2Findex.php%2F2018%2F07%2F16%2Fsul-ricalcolo-retroattivo-dei-vitalizi-quando-il-fine-non-giustifica-i-mezzi%2F\" title=\"Facebook\" rel=\"nofollow noopener\" target=\"_blank\" style=\"font-size:32px!important;box-shadow:none;display:inline-block;vertical-align:middle\"><span class=\"heateor_sss_svg\" style=\"background-color:#0765FE;width:35px;height:35px;display:inline-block;opacity:1;float:left;font-size:32px;box-shadow:none;display:inline-block;font-size:16px;padding:0 4px;vertical-align:middle;background-repeat:repeat;overflow:hidden;padding:0;cursor:pointer;box-sizing:content-box\"><svg style=\"display:block;\" focusable=\"false\" aria-hidden=\"true\" xmlns=\"http:\/\/www.w3.org\/2000\/svg\" width=\"100%\" height=\"100%\" viewBox=\"0 0 32 32\"><path fill=\"#fff\" d=\"M28 16c0-6.627-5.373-12-12-12S4 9.373 4 16c0 5.628 3.875 10.35 9.101 11.647v-7.98h-2.474V16H13.1v-1.58c0-4.085 1.849-5.978 5.859-5.978.76 0 2.072.15 2.608.298v3.325c-.283-.03-.775-.045-1.386-.045-1.967 0-2.728.745-2.728 2.683V16h3.92l-.673 3.667h-3.247v8.245C23.395 27.195 28 22.135 28 16Z\"><\/path><\/svg><\/span><\/a><a aria-label=\"Twitter\" class=\"heateor_sss_button_twitter\" href=\"https:\/\/twitter.com\/intent\/tweet?text=Sul%20ricalcolo%20retroattivo%20dei%20vitalizi%3A%20quando%20il%20fine%20non%20giustifica%20i%20mezzi&url=https%3A%2F%2Fwww.lacostituzione.info%2Findex.php%2F2018%2F07%2F16%2Fsul-ricalcolo-retroattivo-dei-vitalizi-quando-il-fine-non-giustifica-i-mezzi%2F\" title=\"Twitter\" rel=\"nofollow noopener\" target=\"_blank\" style=\"font-size:32px!important;box-shadow:none;display:inline-block;vertical-align:middle\"><span class=\"heateor_sss_svg heateor_sss_s__default heateor_sss_s_twitter\" style=\"background-color:#55acee;width:35px;height:35px;display:inline-block;opacity:1;float:left;font-size:32px;box-shadow:none;display:inline-block;font-size:16px;padding:0 4px;vertical-align:middle;background-repeat:repeat;overflow:hidden;padding:0;cursor:pointer;box-sizing:content-box\"><svg style=\"display:block;\" focusable=\"false\" aria-hidden=\"true\" xmlns=\"http:\/\/www.w3.org\/2000\/svg\" width=\"100%\" height=\"100%\" viewBox=\"-4 -4 39 39\"><path d=\"M28 8.557a9.913 9.913 0 0 1-2.828.775 4.93 4.93 0 0 0 2.166-2.725 9.738 9.738 0 0 1-3.13 1.194 4.92 4.92 0 0 0-3.593-1.55 4.924 4.924 0 0 0-4.794 6.049c-4.09-.21-7.72-2.17-10.15-5.15a4.942 4.942 0 0 0-.665 2.477c0 1.71.87 3.214 2.19 4.1a4.968 4.968 0 0 1-2.23-.616v.06c0 2.39 1.7 4.38 3.952 4.83-.414.115-.85.174-1.297.174-.318 0-.626-.03-.928-.086a4.935 4.935 0 0 0 4.6 3.42 9.893 9.893 0 0 1-6.114 2.107c-.398 0-.79-.023-1.175-.068a13.953 13.953 0 0 0 7.55 2.213c9.056 0 14.01-7.507 14.01-14.013 0-.213-.005-.426-.015-.637.96-.695 1.795-1.56 2.455-2.55z\" fill=\"#fff\"><\/path><\/svg><\/span><\/a><a aria-label=\"Reddit\" class=\"heateor_sss_button_reddit\" href=\"https:\/\/reddit.com\/submit?url=https%3A%2F%2Fwww.lacostituzione.info%2Findex.php%2F2018%2F07%2F16%2Fsul-ricalcolo-retroattivo-dei-vitalizi-quando-il-fine-non-giustifica-i-mezzi%2F&title=Sul%20ricalcolo%20retroattivo%20dei%20vitalizi%3A%20quando%20il%20fine%20non%20giustifica%20i%20mezzi\" title=\"Reddit\" rel=\"nofollow noopener\" target=\"_blank\" style=\"font-size:32px!important;box-shadow:none;display:inline-block;vertical-align:middle\"><span class=\"heateor_sss_svg heateor_sss_s__default heateor_sss_s_reddit\" style=\"background-color:#ff5700;width:35px;height:35px;display:inline-block;opacity:1;float:left;font-size:32px;box-shadow:none;display:inline-block;font-size:16px;padding:0 4px;vertical-align:middle;background-repeat:repeat;overflow:hidden;padding:0;cursor:pointer;box-sizing:content-box\"><svg style=\"display:block;\" focusable=\"false\" aria-hidden=\"true\" xmlns=\"http:\/\/www.w3.org\/2000\/svg\" width=\"100%\" height=\"100%\" viewBox=\"-3.5 -3.5 39 39\"><path d=\"M28.543 15.774a2.953 2.953 0 0 0-2.951-2.949 2.882 2.882 0 0 0-1.9.713 14.075 14.075 0 0 0-6.85-2.044l1.38-4.349 3.768.884a2.452 2.452 0 1 0 .24-1.176l-4.274-1a.6.6 0 0 0-.709.4l-1.659 5.224a14.314 14.314 0 0 0-7.316 2.029 2.908 2.908 0 0 0-1.872-.681 2.942 2.942 0 0 0-1.618 5.4 5.109 5.109 0 0 0-.062.765c0 4.158 5.037 7.541 11.229 7.541s11.22-3.383 11.22-7.541a5.2 5.2 0 0 0-.053-.706 2.963 2.963 0 0 0 1.427-2.51zm-18.008 1.88a1.753 1.753 0 0 1 1.73-1.74 1.73 1.73 0 0 1 1.709 1.74 1.709 1.709 0 0 1-1.709 1.711 1.733 1.733 0 0 1-1.73-1.711zm9.565 4.968a5.573 5.573 0 0 1-4.081 1.272h-.032a5.576 5.576 0 0 1-4.087-1.272.6.6 0 0 1 .844-.854 4.5 4.5 0 0 0 3.238.927h.032a4.5 4.5 0 0 0 3.237-.927.6.6 0 1 1 .844.854zm-.331-3.256a1.726 1.726 0 1 1 1.709-1.712 1.717 1.717 0 0 1-1.712 1.712z\" fill=\"#fff\"\/><\/svg><\/span><\/a><a aria-label=\"Linkedin\" class=\"heateor_sss_button_linkedin\" href=\"https:\/\/www.linkedin.com\/sharing\/share-offsite\/?url=https%3A%2F%2Fwww.lacostituzione.info%2Findex.php%2F2018%2F07%2F16%2Fsul-ricalcolo-retroattivo-dei-vitalizi-quando-il-fine-non-giustifica-i-mezzi%2F\" title=\"Linkedin\" rel=\"nofollow noopener\" target=\"_blank\" style=\"font-size:32px!important;box-shadow:none;display:inline-block;vertical-align:middle\"><span class=\"heateor_sss_svg heateor_sss_s__default heateor_sss_s_linkedin\" style=\"background-color:#0077b5;width:35px;height:35px;display:inline-block;opacity:1;float:left;font-size:32px;box-shadow:none;display:inline-block;font-size:16px;padding:0 4px;vertical-align:middle;background-repeat:repeat;overflow:hidden;padding:0;cursor:pointer;box-sizing:content-box\"><svg style=\"display:block;\" focusable=\"false\" aria-hidden=\"true\" xmlns=\"http:\/\/www.w3.org\/2000\/svg\" width=\"100%\" height=\"100%\" viewBox=\"0 0 32 32\"><path d=\"M6.227 12.61h4.19v13.48h-4.19V12.61zm2.095-6.7a2.43 2.43 0 0 1 0 4.86c-1.344 0-2.428-1.09-2.428-2.43s1.084-2.43 2.428-2.43m4.72 6.7h4.02v1.84h.058c.56-1.058 1.927-2.176 3.965-2.176 4.238 0 5.02 2.792 5.02 6.42v7.395h-4.183v-6.56c0-1.564-.03-3.574-2.178-3.574-2.18 0-2.514 1.7-2.514 3.46v6.668h-4.187V12.61z\" fill=\"#fff\"><\/path><\/svg><\/span><\/a><a aria-label=\"Pinterest\" class=\"heateor_sss_button_pinterest\" href=\"https:\/\/www.lacostituzione.info\/index.php\/2018\/07\/16\/sul-ricalcolo-retroattivo-dei-vitalizi-quando-il-fine-non-giustifica-i-mezzi\/\" onclick=\"event.preventDefault();javascript:void( (function() {var e=document.createElement('script' );e.setAttribute('type','text\/javascript' );e.setAttribute('charset','UTF-8' );e.setAttribute('src','\/\/assets.pinterest.com\/js\/pinmarklet.js?r='+Math.random()*99999999);document.body.appendChild(e)})());\" title=\"Pinterest\" rel=\"noopener\" style=\"font-size:32px!important;box-shadow:none;display:inline-block;vertical-align:middle\"><span class=\"heateor_sss_svg heateor_sss_s__default heateor_sss_s_pinterest\" style=\"background-color:#cc2329;width:35px;height:35px;display:inline-block;opacity:1;float:left;font-size:32px;box-shadow:none;display:inline-block;font-size:16px;padding:0 4px;vertical-align:middle;background-repeat:repeat;overflow:hidden;padding:0;cursor:pointer;box-sizing:content-box\"><svg style=\"display:block;\" focusable=\"false\" aria-hidden=\"true\" xmlns=\"http:\/\/www.w3.org\/2000\/svg\" width=\"100%\" height=\"100%\" viewBox=\"-2 -2 35 35\"><path fill=\"#fff\" d=\"M16.539 4.5c-6.277 0-9.442 4.5-9.442 8.253 0 2.272.86 4.293 2.705 5.046.303.125.574.005.662-.33.061-.231.205-.816.27-1.06.088-.331.053-.447-.191-.736-.532-.627-.873-1.439-.873-2.591 0-3.338 2.498-6.327 6.505-6.327 3.548 0 5.497 2.168 5.497 5.062 0 3.81-1.686 7.025-4.188 7.025-1.382 0-2.416-1.142-2.085-2.545.397-1.674 1.166-3.48 1.166-4.689 0-1.081-.581-1.983-1.782-1.983-1.413 0-2.548 1.462-2.548 3.419 0 1.247.421 2.091.421 2.091l-1.699 7.199c-.505 2.137-.076 4.755-.039 5.019.021.158.223.196.314.077.13-.17 1.813-2.247 2.384-4.324.162-.587.929-3.631.929-3.631.46.876 1.801 1.646 3.227 1.646 4.247 0 7.128-3.871 7.128-9.053.003-3.918-3.317-7.568-8.361-7.568z\"\/><\/svg><\/span><\/a><a aria-label=\"Whatsapp\" class=\"heateor_sss_whatsapp\" href=\"https:\/\/api.whatsapp.com\/send?text=Sul%20ricalcolo%20retroattivo%20dei%20vitalizi%3A%20quando%20il%20fine%20non%20giustifica%20i%20mezzi%20https%3A%2F%2Fwww.lacostituzione.info%2Findex.php%2F2018%2F07%2F16%2Fsul-ricalcolo-retroattivo-dei-vitalizi-quando-il-fine-non-giustifica-i-mezzi%2F\" title=\"Whatsapp\" rel=\"nofollow noopener\" target=\"_blank\" style=\"font-size:32px!important;box-shadow:none;display:inline-block;vertical-align:middle\"><span class=\"heateor_sss_svg\" style=\"background-color:#55eb4c;width:35px;height:35px;display:inline-block;opacity:1;float:left;font-size:32px;box-shadow:none;display:inline-block;font-size:16px;padding:0 4px;vertical-align:middle;background-repeat:repeat;overflow:hidden;padding:0;cursor:pointer;box-sizing:content-box\"><svg style=\"display:block;\" focusable=\"false\" aria-hidden=\"true\" xmlns=\"http:\/\/www.w3.org\/2000\/svg\" width=\"100%\" height=\"100%\" viewBox=\"-6 -5 40 40\"><path class=\"heateor_sss_svg_stroke heateor_sss_no_fill\" stroke=\"#fff\" stroke-width=\"2\" fill=\"none\" d=\"M 11.579798566743314 24.396926207859085 A 10 10 0 1 0 6.808479557110079 20.73576436351046\"><\/path><path d=\"M 7 19 l -1 6 l 6 -1\" class=\"heateor_sss_no_fill heateor_sss_svg_stroke\" stroke=\"#fff\" stroke-width=\"2\" fill=\"none\"><\/path><path d=\"M 10 10 q -1 8 8 11 c 5 -1 0 -6 -1 -3 q -4 -3 -5 -5 c 4 -2 -1 -5 -1 -4\" fill=\"#fff\"><\/path><\/svg><\/span><\/a><\/div><div class=\"heateorSssClear\"><\/div><\/div><div class='heateorSssClear'><\/div>","protected":false},"author":13,"featured_media":0,"comment_status":"open","ping_status":"open","sticky":false,"template":"","format":"standard","meta":{"jetpack_post_was_ever_published":false,"_jetpack_newsletter_access":"","_jetpack_dont_email_post_to_subs":false,"_jetpack_newsletter_tier_id":0,"_jetpack_memberships_contains_paywalled_content":false,"_jetpack_memberships_contains_paid_content":false,"footnotes":"","jetpack_publicize_message":"","jetpack_publicize_feature_enabled":true,"jetpack_social_post_already_shared":true,"jetpack_social_options":{"image_generator_settings":{"template":"highway","default_image_id":0,"enabled":false},"version":2}},"categories":[4],"tags":[1276,1274,1275,1130],"class_list":["post-5461","post","type-post","status-publish","format-standard","hentry","category-attualita","tag-autonomia-parlamentare","tag-contributi-di-solidarieta","tag-diritti-acquisiti","tag-vitalizi"],"jetpack_publicize_connections":[],"jetpack_featured_media_url":"","jetpack_shortlink":"https:\/\/wp.me\/p84sDq-1q5","jetpack_likes_enabled":true,"jetpack_sharing_enabled":true,"_links":{"self":[{"href":"https:\/\/www.lacostituzione.info\/index.php\/wp-json\/wp\/v2\/posts\/5461","targetHints":{"allow":["GET"]}}],"collection":[{"href":"https:\/\/www.lacostituzione.info\/index.php\/wp-json\/wp\/v2\/posts"}],"about":[{"href":"https:\/\/www.lacostituzione.info\/index.php\/wp-json\/wp\/v2\/types\/post"}],"author":[{"embeddable":true,"href":"https:\/\/www.lacostituzione.info\/index.php\/wp-json\/wp\/v2\/users\/13"}],"replies":[{"embeddable":true,"href":"https:\/\/www.lacostituzione.info\/index.php\/wp-json\/wp\/v2\/comments?post=5461"}],"version-history":[{"count":0,"href":"https:\/\/www.lacostituzione.info\/index.php\/wp-json\/wp\/v2\/posts\/5461\/revisions"}],"wp:attachment":[{"href":"https:\/\/www.lacostituzione.info\/index.php\/wp-json\/wp\/v2\/media?parent=5461"}],"wp:term":[{"taxonomy":"category","embeddable":true,"href":"https:\/\/www.lacostituzione.info\/index.php\/wp-json\/wp\/v2\/categories?post=5461"},{"taxonomy":"post_tag","embeddable":true,"href":"https:\/\/www.lacostituzione.info\/index.php\/wp-json\/wp\/v2\/tags?post=5461"}],"curies":[{"name":"wp","href":"https:\/\/api.w.org\/{rel}","templated":true}]}}