{"id":5496,"date":"2018-07-19T16:51:34","date_gmt":"2018-07-19T14:51:34","guid":{"rendered":"http:\/\/www.lacostituzione.info\/?p=5496"},"modified":"2018-07-19T16:51:34","modified_gmt":"2018-07-19T14:51:34","slug":"ancora-in-margine-alla-sentenza-della-cassazione-liberta-di-espressione-e-dovere-di-informarsi","status":"publish","type":"post","link":"https:\/\/www.lacostituzione.info\/index.php\/2018\/07\/19\/ancora-in-margine-alla-sentenza-della-cassazione-liberta-di-espressione-e-dovere-di-informarsi\/","title":{"rendered":"Ancora in margine alla sentenza della Cassazione: libert\u00e0 di espressione e dovere di informarsi"},"content":{"rendered":"<p style=\"text-align: center;\"><a href=\"http:\/\/www.lacostituzione.info\/wp-content\/uploads\/2018\/07\/informazione.jpg\"><img loading=\"lazy\" decoding=\"async\" data-attachment-id=\"5497\" data-permalink=\"https:\/\/www.lacostituzione.info\/index.php\/2018\/07\/19\/ancora-in-margine-alla-sentenza-della-cassazione-liberta-di-espressione-e-dovere-di-informarsi\/informazione\/#main\" data-orig-file=\"https:\/\/www.lacostituzione.info\/wp-content\/uploads\/2018\/07\/informazione.jpg\" data-orig-size=\"305,165\" data-comments-opened=\"1\" data-image-meta=\"{&quot;aperture&quot;:&quot;0&quot;,&quot;credit&quot;:&quot;&quot;,&quot;camera&quot;:&quot;&quot;,&quot;caption&quot;:&quot;&quot;,&quot;created_timestamp&quot;:&quot;0&quot;,&quot;copyright&quot;:&quot;&quot;,&quot;focal_length&quot;:&quot;0&quot;,&quot;iso&quot;:&quot;0&quot;,&quot;shutter_speed&quot;:&quot;0&quot;,&quot;title&quot;:&quot;&quot;,&quot;orientation&quot;:&quot;0&quot;}\" data-image-title=\"informazione\" data-image-description=\"\" data-image-caption=\"\" data-medium-file=\"https:\/\/www.lacostituzione.info\/wp-content\/uploads\/2018\/07\/informazione-300x162.jpg\" data-large-file=\"https:\/\/www.lacostituzione.info\/wp-content\/uploads\/2018\/07\/informazione.jpg\" class=\"aligncenter size-thumbnail wp-image-5497\" src=\"http:\/\/www.lacostituzione.info\/wp-content\/uploads\/2018\/07\/informazione-150x150.jpg\" alt=\"\" width=\"150\" height=\"150\" \/><\/a>di\u00a0<strong>Fabio Ferrari<\/strong><\/p>\n<p>I commenti negativi sulla sentenza della Cassazione in tema di stupro continuano a sprecarsi:<!--more--> quanto siano perlopi\u00f9 affermazioni prive di alcun senso giuridico \u2013 e prima ancora logico-razionale, visto che le motivazioni non sono ancora state pubblicate \u2013 \u00e8 gi\u00e0 stato ampiamente chiarito (<a href=\"http:\/\/www.lacostituzione.info\/index.php\/2018\/07\/17\/cassazione-e-stupro\/\">Bin<\/a>).<\/p>\n<p>C\u2019\u00e8 effettivamente da rimanere stupiti innanzi al livello del cosiddetto dibattito sul tema, ma appena si tenta di entrare tecnicamente nel merito ci si scontra immediatamente con la mitologia del \u2018diritto al libero pensiero\u2019, vedendo cos\u00ec scomodato addirittura un vero e proprio pilastro della Costituzione (e del costituzionalismo occidentale in generale), ossia il principio espresso dall\u2019art. <a href=\"https:\/\/www.senato.it\/1025?sezione=120&amp;articolo_numero_articolo=21\">21<\/a> Cost.<\/p>\n<p>Qui, per\u00f2, l\u2019art. 21 c\u2019entra poco, ed \u00e8 forse necessario provare a fare un minimo di chiarezza.<\/p>\n<p>Nessuna teoria democratica nega il ruolo fondamentale dell\u2019opinione pubblica, e della stampa che la alimenta, ai fini della tenuta \u2018concreta\u2019 dell\u2019intero sistema: il fatto che i cittadini \u2013 tutti i cittadini, intellettuali e non \u2013 discutano, riflettano, si confrontino quotidianamente sulla cronaca istituzionale e sociale \u00e8 il sale di ogni regime che pretenda di essere basato sulla volont\u00e0 popolare e sui diritti fondamentali. Nell\u2019Ottocento \u2013 epoca in cui i giudici non erano visti esattamente di buon occhio, perlomeno quando pretendevano di esercitare qualcosa di simile all\u2019attuale sindacato costituzionale \u2013 si teorizzava addirittura che il vero contro-potere fosse incarnato, appunto, dalla stampa e dall\u2019opinione pubblica: per Hegel il giornale quotidiano era la preghiera mattutina del laico; Jefferson riteneva preferibile \u2013 ai limiti del controsenso \u2013 avere giornali senza Stato, piuttosto che Stato senza giornali; un po\u2019 meno entusiasta sul punto era Tocqueville, ma il succo del discorso, per lui e molti altri, non cambiava.<\/p>\n<p>In linea di principio, dunque, non pu\u00f2 che essere benvenuta l\u2019attenzione suscitata nell\u2019opinione pubblica da sentenze come quella in oggetto.<\/p>\n<p>Ma c\u2019\u00e8 un \u2018ma\u2019: un enorme \u2018ma\u2019. Uno dei presupposti sui cui si basa ogni democrazia \u00e8 la conoscenza, ossia la consapevolezza di ci\u00f2 di cui si sta parlando: \u00e8 importante guardare ancora all\u2019Ottocento, perch\u00e9 \u00e8 in quel secolo che i primi vagiti di democrazia iniziano a risuonare, ed \u00e8 in quel secolo che lo Stato liberale \u2013 genitore pi\u00f9 o meno rinnegato dello Stato costituzionale, ma pur sempre genitore \u2013 si perfeziona. Ebbene, i dibattiti parlamentari dei padri fondatori restituiscono nitidamente il loro acume culturale; senza voler sovrastimare l\u2019elogio dei tempi passati, essi tendenzialmente sapevano di cosa stavano parlando. Leggi elettorali, teorie politiche, sistema costituzionale: gli archivi (per chi volesse approfondire <a href=\"http:\/\/storia.camera.it\/lavori\/regno-di-sardegna\/leg-sabaudo-I\/1848#nav\">Italia<\/a>, <a href=\"https:\/\/gallica.bnf.fr\/services\/engine\/search\/sru?operation=searchRetrieve&amp;version=1.2&amp;query=%28dc.title%20all%20%22Archives%20parlementaires%20de%201787%20%C3%A0%201860%22%29&amp;suggest=3\" class=\"broken_link\">Francia<\/a>, <a href=\"http:\/\/oll.libertyfund.org\/titles\/farrand-the-records-of-the-federal-convention-of-1787-vol-1\">USA<\/a>) evidenziano come le Camere fossero popolate da persone perlopi\u00f9 competenti, le quali avevano chiara la portata dei problemi fondamentali trattati (almeno nella fase \u2018costituente\u2019). Ci\u00f2, peraltro, valeva anche per i loro elettori, e non per nostalgie apologetiche di chi scrive, ma per motivi \u2018tecnici\u2019: l\u2019elettorato era garantito a percentuali irrisorie della popolazione, debitamente scelte su criteri di censo \u2013 i famosi <em>notabili<\/em> \u2013 e, inevitabilmente e conseguentemente, di cultura generale. Era una rappresentanza \u2018assediata\u2019 dalle violente rivendicazioni delle piazze popolate dai poveri e dai meno abbienti: elitaria, piena di contraddizioni e brutalmente autoreferenziale; ma per quanto qui interessa, popolata da gente (almeno un minimo) competente.<\/p>\n<p>Quando, nella seconda met\u00e0 dell\u2019Ottocento, inizi\u00f2 seriamente a sbocciare il movimento operaio, sotto questo profilo le cose non cambiarono: si trattava senz\u2019altro di persone meno acculturate rispetto alla borghesia e all\u2019aristocrazia, ma pure in questo caso gli <em>adepti <\/em>avevano consapevolezza almeno delle questioni che li riguardavano; i partiti di \u2018sinistra\u2019 nacquero <em>in primis<\/em> \u2013 appunto \u2013 dalle e nelle fabbriche, cio\u00e8 in mezzo a quegli operai che per primi vivevano sulla propria pelle le condizioni di vita e di lavoro non esattamente idilliache contro cui si coalizzarono. Certo, alle spalle c\u2019era il respiro teorico di un Marx o di un Engels, ma ci\u00f2 non toglie che i temi portati dalla \u2018cronaca\u2019 erano, perlomeno <em>pro quota <\/em>e in gran parte, nella disponibilit\u00e0 culturale dei contendenti.<\/p>\n<p>Non sono precisazioni da poco.<\/p>\n<p>Oggi, le questioni \u2018pubbliche\u2019 sottoposte all\u2019attenzione di ogni singolo cittadino sono innumerevoli, e abbracciano una complessit\u00e0 che trascende le specifiche competenze di ciascuno; nonostante ci\u00f2, la retorica (nel senso pi\u00f9 alto del termine) dei diritti fondamentali (compreso il diritto al libero pensiero) tende a dare per scontato, per assodato, quel <em>sapere<\/em> che dovrebbe porsi a presupposto del <em>riflettere<\/em>, e ancor pi\u00f9 del <em>giudicare<\/em>. Tende, forse, a dare per acquisito pure quel minimo di complementariet\u00e0 logica che dovrebbe esistere tra diritti e doveri.<\/p>\n<p>La Costituzione, al contrario e sebbene si preferisca non ricordarlo, \u00e8 molto pi\u00f9 tignosa sul punto; l\u2019art. 21 Cost. \u00e8 infatti \u2018affiancato\u2019 da altri precetti che in un certo senso lo strutturano; norme altrettanto importanti ma scomode, e per questo spesso condannate all\u2019oblio: gli artt. <a href=\"https:\/\/www.senato.it\/1025?sezione=121&amp;articolo_numero_articolo=33\">33<\/a> e <a href=\"https:\/\/www.senato.it\/1025?sezione=121&amp;articolo_numero_articolo=34\">34<\/a> in tema di istruzione, per esempio, e ancor pi\u00f9 il \u2018famigerato\u2019 art. <a href=\"https:\/\/www.senato.it\/1025?sezione=123&amp;articolo_numero_articolo=54\">54<\/a>, il quale <em>impone<\/em> ai cittadini di osservare (e, dunque, <em>conoscere<\/em>) le leggi e la Costituzione. Si tratta, almeno in quest\u2019ultimo caso, di norme la cui inottemperanza non cagiona sanzione, purtroppo. Ma questo non le rende meno rilevanti per la tenuta del sistema.<\/p>\n<p>Il diritto alla libera manifestazione del pensiero \u00e8, appunto, un diritto, non un dovere: non \u00e8 obbligatorio esprimere necessariamente la propria opinione; il fatto che sia giuridicamente consentito farlo \u2013 e ci mancherebbe pure altro \u2013 non significa che sia sempre <em>opportuno <\/em>comportarsi di conseguenza. Forse, bisognerebbe iniziare ad affiancare alla (giusta) retorica dei diritti la retorica dell\u2019ascolto, e della riflessione debitamente informata: in una parola, dei doveri.<\/p>\n<p>Un\u2019ultima considerazione.<\/p>\n<p>\u00c8 davvero sorprendente che parte dei commenti \u2018gratuiti\u2019 sulla sentenza provengano da tecnici, in particolare da alcuni giornalisti e avvocati; proprio da quei soggetti, cio\u00e8, che pi\u00f9 di altri dovrebbero aiutare il cittadino comune a comprendere la questione.<\/p>\n<p>L\u2019avvocato, secondo il codice deontologico, \u00e8 tenuto a comportarsi con \u00abprobit\u00e0, dignit\u00e0, decoro\u2026\u00bb sempre e comunque, anche fuori dall\u2019esercizio della sua professione (art. <a href=\"http:\/\/www.consiglionazionaleforense.it\/documents\/20182\/172316\/Presentazione+Codice+Deontologico+Forense.+Dossier+5-2014\/0fa792c5-0ebc-4878-a557-1804aeb20065\">9<\/a>). Il giornalista, dal canto suo, \u00e8 tenuto a rispettare la \u00abverit\u00e0 sostanziale dei fatti\u00bb, come prescritto dalla legge e confermato dal recente \u00abtesto unico dei doveri del giornalista\u00bb (artt. <a href=\"http:\/\/www.odg.it\/testo-unico-dei-doveri-del-giornalista\/24288\">1 e 2<\/a>).<\/p>\n<p>Detto sottovoce, e con il massimo rispetto per le competenze e il lavoro altrui: sarebbe davvero troppo sperare in un sussulto dei rispettivi Ordini? Non tutte le norme, per fortuna, sono prive di sanzione.<\/p>\n","protected":false},"excerpt":{"rendered":"<p>di\u00a0Fabio Ferrari I commenti negativi sulla sentenza della Cassazione in tema di stupro continuano a sprecarsi:<\/p>\n<div class='heateorSssClear'><\/div><div  class='heateor_sss_sharing_container heateor_sss_horizontal_sharing' data-heateor-sss-href='https:\/\/www.lacostituzione.info\/index.php\/2018\/07\/19\/ancora-in-margine-alla-sentenza-della-cassazione-liberta-di-espressione-e-dovere-di-informarsi\/'><div class='heateor_sss_sharing_title' style=\"font-weight:bold\" >Condividi!<\/div><div class=\"heateor_sss_sharing_ul\"><a aria-label=\"Facebook\" class=\"heateor_sss_facebook\" href=\"https:\/\/www.facebook.com\/sharer\/sharer.php?u=https%3A%2F%2Fwww.lacostituzione.info%2Findex.php%2F2018%2F07%2F19%2Fancora-in-margine-alla-sentenza-della-cassazione-liberta-di-espressione-e-dovere-di-informarsi%2F\" title=\"Facebook\" rel=\"nofollow noopener\" target=\"_blank\" style=\"font-size:32px!important;box-shadow:none;display:inline-block;vertical-align:middle\"><span class=\"heateor_sss_svg\" style=\"background-color:#0765FE;width:35px;height:35px;display:inline-block;opacity:1;float:left;font-size:32px;box-shadow:none;display:inline-block;font-size:16px;padding:0 4px;vertical-align:middle;background-repeat:repeat;overflow:hidden;padding:0;cursor:pointer;box-sizing:content-box\"><svg style=\"display:block;\" focusable=\"false\" aria-hidden=\"true\" xmlns=\"http:\/\/www.w3.org\/2000\/svg\" width=\"100%\" height=\"100%\" viewBox=\"0 0 32 32\"><path fill=\"#fff\" d=\"M28 16c0-6.627-5.373-12-12-12S4 9.373 4 16c0 5.628 3.875 10.35 9.101 11.647v-7.98h-2.474V16H13.1v-1.58c0-4.085 1.849-5.978 5.859-5.978.76 0 2.072.15 2.608.298v3.325c-.283-.03-.775-.045-1.386-.045-1.967 0-2.728.745-2.728 2.683V16h3.92l-.673 3.667h-3.247v8.245C23.395 27.195 28 22.135 28 16Z\"><\/path><\/svg><\/span><\/a><a aria-label=\"Twitter\" class=\"heateor_sss_button_twitter\" href=\"https:\/\/twitter.com\/intent\/tweet?text=Ancora%20in%20margine%20alla%20sentenza%20della%20Cassazione%3A%20libert%C3%A0%20di%20espressione%20e%20dovere%20di%20informarsi&url=https%3A%2F%2Fwww.lacostituzione.info%2Findex.php%2F2018%2F07%2F19%2Fancora-in-margine-alla-sentenza-della-cassazione-liberta-di-espressione-e-dovere-di-informarsi%2F\" title=\"Twitter\" rel=\"nofollow noopener\" target=\"_blank\" style=\"font-size:32px!important;box-shadow:none;display:inline-block;vertical-align:middle\"><span class=\"heateor_sss_svg heateor_sss_s__default heateor_sss_s_twitter\" style=\"background-color:#55acee;width:35px;height:35px;display:inline-block;opacity:1;float:left;font-size:32px;box-shadow:none;display:inline-block;font-size:16px;padding:0 4px;vertical-align:middle;background-repeat:repeat;overflow:hidden;padding:0;cursor:pointer;box-sizing:content-box\"><svg style=\"display:block;\" focusable=\"false\" aria-hidden=\"true\" xmlns=\"http:\/\/www.w3.org\/2000\/svg\" width=\"100%\" height=\"100%\" viewBox=\"-4 -4 39 39\"><path d=\"M28 8.557a9.913 9.913 0 0 1-2.828.775 4.93 4.93 0 0 0 2.166-2.725 9.738 9.738 0 0 1-3.13 1.194 4.92 4.92 0 0 0-3.593-1.55 4.924 4.924 0 0 0-4.794 6.049c-4.09-.21-7.72-2.17-10.15-5.15a4.942 4.942 0 0 0-.665 2.477c0 1.71.87 3.214 2.19 4.1a4.968 4.968 0 0 1-2.23-.616v.06c0 2.39 1.7 4.38 3.952 4.83-.414.115-.85.174-1.297.174-.318 0-.626-.03-.928-.086a4.935 4.935 0 0 0 4.6 3.42 9.893 9.893 0 0 1-6.114 2.107c-.398 0-.79-.023-1.175-.068a13.953 13.953 0 0 0 7.55 2.213c9.056 0 14.01-7.507 14.01-14.013 0-.213-.005-.426-.015-.637.96-.695 1.795-1.56 2.455-2.55z\" fill=\"#fff\"><\/path><\/svg><\/span><\/a><a aria-label=\"Reddit\" class=\"heateor_sss_button_reddit\" href=\"https:\/\/reddit.com\/submit?url=https%3A%2F%2Fwww.lacostituzione.info%2Findex.php%2F2018%2F07%2F19%2Fancora-in-margine-alla-sentenza-della-cassazione-liberta-di-espressione-e-dovere-di-informarsi%2F&title=Ancora%20in%20margine%20alla%20sentenza%20della%20Cassazione%3A%20libert%C3%A0%20di%20espressione%20e%20dovere%20di%20informarsi\" title=\"Reddit\" rel=\"nofollow noopener\" target=\"_blank\" style=\"font-size:32px!important;box-shadow:none;display:inline-block;vertical-align:middle\"><span class=\"heateor_sss_svg heateor_sss_s__default heateor_sss_s_reddit\" style=\"background-color:#ff5700;width:35px;height:35px;display:inline-block;opacity:1;float:left;font-size:32px;box-shadow:none;display:inline-block;font-size:16px;padding:0 4px;vertical-align:middle;background-repeat:repeat;overflow:hidden;padding:0;cursor:pointer;box-sizing:content-box\"><svg style=\"display:block;\" focusable=\"false\" aria-hidden=\"true\" xmlns=\"http:\/\/www.w3.org\/2000\/svg\" width=\"100%\" height=\"100%\" viewBox=\"-3.5 -3.5 39 39\"><path d=\"M28.543 15.774a2.953 2.953 0 0 0-2.951-2.949 2.882 2.882 0 0 0-1.9.713 14.075 14.075 0 0 0-6.85-2.044l1.38-4.349 3.768.884a2.452 2.452 0 1 0 .24-1.176l-4.274-1a.6.6 0 0 0-.709.4l-1.659 5.224a14.314 14.314 0 0 0-7.316 2.029 2.908 2.908 0 0 0-1.872-.681 2.942 2.942 0 0 0-1.618 5.4 5.109 5.109 0 0 0-.062.765c0 4.158 5.037 7.541 11.229 7.541s11.22-3.383 11.22-7.541a5.2 5.2 0 0 0-.053-.706 2.963 2.963 0 0 0 1.427-2.51zm-18.008 1.88a1.753 1.753 0 0 1 1.73-1.74 1.73 1.73 0 0 1 1.709 1.74 1.709 1.709 0 0 1-1.709 1.711 1.733 1.733 0 0 1-1.73-1.711zm9.565 4.968a5.573 5.573 0 0 1-4.081 1.272h-.032a5.576 5.576 0 0 1-4.087-1.272.6.6 0 0 1 .844-.854 4.5 4.5 0 0 0 3.238.927h.032a4.5 4.5 0 0 0 3.237-.927.6.6 0 1 1 .844.854zm-.331-3.256a1.726 1.726 0 1 1 1.709-1.712 1.717 1.717 0 0 1-1.712 1.712z\" fill=\"#fff\"\/><\/svg><\/span><\/a><a aria-label=\"Linkedin\" class=\"heateor_sss_button_linkedin\" href=\"https:\/\/www.linkedin.com\/sharing\/share-offsite\/?url=https%3A%2F%2Fwww.lacostituzione.info%2Findex.php%2F2018%2F07%2F19%2Fancora-in-margine-alla-sentenza-della-cassazione-liberta-di-espressione-e-dovere-di-informarsi%2F\" title=\"Linkedin\" rel=\"nofollow noopener\" target=\"_blank\" style=\"font-size:32px!important;box-shadow:none;display:inline-block;vertical-align:middle\"><span class=\"heateor_sss_svg heateor_sss_s__default heateor_sss_s_linkedin\" style=\"background-color:#0077b5;width:35px;height:35px;display:inline-block;opacity:1;float:left;font-size:32px;box-shadow:none;display:inline-block;font-size:16px;padding:0 4px;vertical-align:middle;background-repeat:repeat;overflow:hidden;padding:0;cursor:pointer;box-sizing:content-box\"><svg style=\"display:block;\" focusable=\"false\" aria-hidden=\"true\" xmlns=\"http:\/\/www.w3.org\/2000\/svg\" width=\"100%\" height=\"100%\" viewBox=\"0 0 32 32\"><path d=\"M6.227 12.61h4.19v13.48h-4.19V12.61zm2.095-6.7a2.43 2.43 0 0 1 0 4.86c-1.344 0-2.428-1.09-2.428-2.43s1.084-2.43 2.428-2.43m4.72 6.7h4.02v1.84h.058c.56-1.058 1.927-2.176 3.965-2.176 4.238 0 5.02 2.792 5.02 6.42v7.395h-4.183v-6.56c0-1.564-.03-3.574-2.178-3.574-2.18 0-2.514 1.7-2.514 3.46v6.668h-4.187V12.61z\" fill=\"#fff\"><\/path><\/svg><\/span><\/a><a aria-label=\"Pinterest\" class=\"heateor_sss_button_pinterest\" href=\"https:\/\/www.lacostituzione.info\/index.php\/2018\/07\/19\/ancora-in-margine-alla-sentenza-della-cassazione-liberta-di-espressione-e-dovere-di-informarsi\/\" onclick=\"event.preventDefault();javascript:void( (function() {var e=document.createElement('script' );e.setAttribute('type','text\/javascript' );e.setAttribute('charset','UTF-8' );e.setAttribute('src','\/\/assets.pinterest.com\/js\/pinmarklet.js?r='+Math.random()*99999999);document.body.appendChild(e)})());\" title=\"Pinterest\" rel=\"noopener\" style=\"font-size:32px!important;box-shadow:none;display:inline-block;vertical-align:middle\"><span class=\"heateor_sss_svg heateor_sss_s__default heateor_sss_s_pinterest\" style=\"background-color:#cc2329;width:35px;height:35px;display:inline-block;opacity:1;float:left;font-size:32px;box-shadow:none;display:inline-block;font-size:16px;padding:0 4px;vertical-align:middle;background-repeat:repeat;overflow:hidden;padding:0;cursor:pointer;box-sizing:content-box\"><svg style=\"display:block;\" focusable=\"false\" aria-hidden=\"true\" xmlns=\"http:\/\/www.w3.org\/2000\/svg\" width=\"100%\" height=\"100%\" viewBox=\"-2 -2 35 35\"><path fill=\"#fff\" d=\"M16.539 4.5c-6.277 0-9.442 4.5-9.442 8.253 0 2.272.86 4.293 2.705 5.046.303.125.574.005.662-.33.061-.231.205-.816.27-1.06.088-.331.053-.447-.191-.736-.532-.627-.873-1.439-.873-2.591 0-3.338 2.498-6.327 6.505-6.327 3.548 0 5.497 2.168 5.497 5.062 0 3.81-1.686 7.025-4.188 7.025-1.382 0-2.416-1.142-2.085-2.545.397-1.674 1.166-3.48 1.166-4.689 0-1.081-.581-1.983-1.782-1.983-1.413 0-2.548 1.462-2.548 3.419 0 1.247.421 2.091.421 2.091l-1.699 7.199c-.505 2.137-.076 4.755-.039 5.019.021.158.223.196.314.077.13-.17 1.813-2.247 2.384-4.324.162-.587.929-3.631.929-3.631.46.876 1.801 1.646 3.227 1.646 4.247 0 7.128-3.871 7.128-9.053.003-3.918-3.317-7.568-8.361-7.568z\"\/><\/svg><\/span><\/a><a aria-label=\"Whatsapp\" class=\"heateor_sss_whatsapp\" href=\"https:\/\/api.whatsapp.com\/send?text=Ancora%20in%20margine%20alla%20sentenza%20della%20Cassazione%3A%20libert%C3%A0%20di%20espressione%20e%20dovere%20di%20informarsi%20https%3A%2F%2Fwww.lacostituzione.info%2Findex.php%2F2018%2F07%2F19%2Fancora-in-margine-alla-sentenza-della-cassazione-liberta-di-espressione-e-dovere-di-informarsi%2F\" title=\"Whatsapp\" rel=\"nofollow noopener\" target=\"_blank\" style=\"font-size:32px!important;box-shadow:none;display:inline-block;vertical-align:middle\"><span class=\"heateor_sss_svg\" style=\"background-color:#55eb4c;width:35px;height:35px;display:inline-block;opacity:1;float:left;font-size:32px;box-shadow:none;display:inline-block;font-size:16px;padding:0 4px;vertical-align:middle;background-repeat:repeat;overflow:hidden;padding:0;cursor:pointer;box-sizing:content-box\"><svg style=\"display:block;\" focusable=\"false\" aria-hidden=\"true\" xmlns=\"http:\/\/www.w3.org\/2000\/svg\" width=\"100%\" height=\"100%\" viewBox=\"-6 -5 40 40\"><path class=\"heateor_sss_svg_stroke heateor_sss_no_fill\" stroke=\"#fff\" stroke-width=\"2\" fill=\"none\" d=\"M 11.579798566743314 24.396926207859085 A 10 10 0 1 0 6.808479557110079 20.73576436351046\"><\/path><path d=\"M 7 19 l -1 6 l 6 -1\" class=\"heateor_sss_no_fill heateor_sss_svg_stroke\" stroke=\"#fff\" stroke-width=\"2\" fill=\"none\"><\/path><path d=\"M 10 10 q -1 8 8 11 c 5 -1 0 -6 -1 -3 q -4 -3 -5 -5 c 4 -2 -1 -5 -1 -4\" fill=\"#fff\"><\/path><\/svg><\/span><\/a><\/div><div class=\"heateorSssClear\"><\/div><\/div><div class='heateorSssClear'><\/div>","protected":false},"author":6,"featured_media":0,"comment_status":"open","ping_status":"open","sticky":false,"template":"","format":"standard","meta":{"jetpack_post_was_ever_published":false,"_jetpack_newsletter_access":"","_jetpack_dont_email_post_to_subs":false,"_jetpack_newsletter_tier_id":0,"_jetpack_memberships_contains_paywalled_content":false,"_jetpack_memberships_contains_paid_content":false,"footnotes":"","jetpack_publicize_message":"","jetpack_publicize_feature_enabled":true,"jetpack_social_post_already_shared":true,"jetpack_social_options":{"image_generator_settings":{"template":"highway","default_image_id":0,"enabled":false},"version":2}},"categories":[5],"tags":[661,645,1282],"class_list":["post-5496","post","type-post","status-publish","format-standard","hentry","category-lavori-in-corso","tag-liberta-di-stampa","tag-liberta-manifestazione-pensiero","tag-sentenze"],"jetpack_publicize_connections":[],"jetpack_featured_media_url":"","jetpack_shortlink":"https:\/\/wp.me\/p84sDq-1qE","jetpack_likes_enabled":true,"jetpack_sharing_enabled":true,"_links":{"self":[{"href":"https:\/\/www.lacostituzione.info\/index.php\/wp-json\/wp\/v2\/posts\/5496","targetHints":{"allow":["GET"]}}],"collection":[{"href":"https:\/\/www.lacostituzione.info\/index.php\/wp-json\/wp\/v2\/posts"}],"about":[{"href":"https:\/\/www.lacostituzione.info\/index.php\/wp-json\/wp\/v2\/types\/post"}],"author":[{"embeddable":true,"href":"https:\/\/www.lacostituzione.info\/index.php\/wp-json\/wp\/v2\/users\/6"}],"replies":[{"embeddable":true,"href":"https:\/\/www.lacostituzione.info\/index.php\/wp-json\/wp\/v2\/comments?post=5496"}],"version-history":[{"count":0,"href":"https:\/\/www.lacostituzione.info\/index.php\/wp-json\/wp\/v2\/posts\/5496\/revisions"}],"wp:attachment":[{"href":"https:\/\/www.lacostituzione.info\/index.php\/wp-json\/wp\/v2\/media?parent=5496"}],"wp:term":[{"taxonomy":"category","embeddable":true,"href":"https:\/\/www.lacostituzione.info\/index.php\/wp-json\/wp\/v2\/categories?post=5496"},{"taxonomy":"post_tag","embeddable":true,"href":"https:\/\/www.lacostituzione.info\/index.php\/wp-json\/wp\/v2\/tags?post=5496"}],"curies":[{"name":"wp","href":"https:\/\/api.w.org\/{rel}","templated":true}]}}