{"id":5511,"date":"2018-07-24T10:50:29","date_gmt":"2018-07-24T08:50:29","guid":{"rendered":"http:\/\/www.lacostituzione.info\/?p=5511"},"modified":"2018-07-24T11:39:25","modified_gmt":"2018-07-24T09:39:25","slug":"il-governo-del-cambiamento-e-le-donne","status":"publish","type":"post","link":"https:\/\/www.lacostituzione.info\/index.php\/2018\/07\/24\/il-governo-del-cambiamento-e-le-donne\/","title":{"rendered":"Il Governo del cambiamento e le donne"},"content":{"rendered":"<p style=\"text-align: center;\"><a href=\"http:\/\/www.lacostituzione.info\/wp-content\/uploads\/2018\/07\/mind-the-gap.png\"><img loading=\"lazy\" decoding=\"async\" data-attachment-id=\"5522\" data-permalink=\"https:\/\/www.lacostituzione.info\/index.php\/2018\/07\/24\/il-governo-del-cambiamento-e-le-donne\/mind-the-gap\/#main\" data-orig-file=\"https:\/\/www.lacostituzione.info\/wp-content\/uploads\/2018\/07\/mind-the-gap.png\" data-orig-size=\"1024,512\" data-comments-opened=\"1\" data-image-meta=\"{&quot;aperture&quot;:&quot;0&quot;,&quot;credit&quot;:&quot;&quot;,&quot;camera&quot;:&quot;&quot;,&quot;caption&quot;:&quot;&quot;,&quot;created_timestamp&quot;:&quot;0&quot;,&quot;copyright&quot;:&quot;&quot;,&quot;focal_length&quot;:&quot;0&quot;,&quot;iso&quot;:&quot;0&quot;,&quot;shutter_speed&quot;:&quot;0&quot;,&quot;title&quot;:&quot;&quot;,&quot;orientation&quot;:&quot;0&quot;}\" data-image-title=\"mind-the-gap\" data-image-description=\"\" data-image-caption=\"\" data-medium-file=\"https:\/\/www.lacostituzione.info\/wp-content\/uploads\/2018\/07\/mind-the-gap-300x150.png\" data-large-file=\"https:\/\/www.lacostituzione.info\/wp-content\/uploads\/2018\/07\/mind-the-gap-1024x512.png\" class=\"aligncenter size-thumbnail wp-image-5522\" src=\"http:\/\/www.lacostituzione.info\/wp-content\/uploads\/2018\/07\/mind-the-gap-150x150.png\" alt=\"\" width=\"150\" height=\"150\" \/><\/a>di\u00a0<strong><abbr class='c2c-text-hover' title='Professore ordinario di Diritto costituzionale - Universit\u00e0 di Ferrara'>Roberto Bin<\/abbr><\/strong><\/p>\n<p>In questi giorni alcune docenti di diritto costituzionale hanno diffuso una lettera indirizzata ai Presidenti delle Camere (riprodotta qui sotto),<!--more--> alla quale stanno manifestando la loro adesione moltissimi aderenti all\u2019Associazione dei costituzionalisti. In questa lettera si fa osservare che nelle nomine compiute in questi giorni dal Parlamento, che ha eletto 21 componenti di organi \u201cdi garanzia\u201d (un giudice costituzionale e 20 membri \u201claici\u201d del CSM e degli altri organi di garanzia della magistratura), non c\u2019\u00e8 neppure una donna.<\/p>\n<p>\u00c8 un dato preoccupante, che denuncia una netta retrocessione del costume politico, che negli anni pi\u00f9 recenti aveva rivelato una crescente sensibilit\u00e0 verso il principio di pari opportunit\u00e0 nell\u2019accesso alle cariche pubbliche: principio affermato nell\u2019art. 51 Cost., ma la cui attuazione ha fatto un faticosissimo cammino nella cultura politica italiana. Ora questo cammino si \u00e8 interrotto bruscamente.<\/p>\n<p>Lo aveva rivelato gi\u00e0 la formazione del Governo: sono solo 6 le donne nominate ministro, solo 2 \u201ccon portafoglio\u201d (cio\u00e8 messe a capo di una struttura ministeriale); e solo 4 sono le sottosegretarie. 10 in tutto su 68 membri del Governo, pari al 14.7%. Sono questi i segni di radicale cambiamento promesso dai due partiti di maggioranza prima e dopo il voto? Cos\u00ec torniamo agli ultimi posti nelle classifiche mondiali, e non c\u2019\u00e8 proprio da esserne fieri.<\/p>\n<p>&nbsp;<\/p>\n<p>&nbsp;<\/p>\n<p>All\u2019On Maria Elisabetta Alberti Casellati<\/p>\n<p>Presidente del Senato della Repubblica<\/p>\n<p>All\u2019On. Roberto Fico<\/p>\n<p>Presidente della Camera dei deputati<\/p>\n<p>&nbsp;<\/p>\n<p><em>Illustri Presidenti, <\/em><\/p>\n<p>&nbsp;<\/p>\n<p><em>Nei giorni scorsi il Parlamento \u00e8 stato chiamato a eleggere un giudice costituzionale e i componenti \u201claici\u201d degli organi di amministrazione autonoma delle magistrature: il Consiglio Superiore della Magistratura e i Consigli di Presidenza della Giustizia amministrativa, della Giustizia tributaria e della Corte dei Conti. <\/em><\/p>\n<p><em>E, come ben sapete, il Parlamento ha eletto nelle 21 posizioni disponibili ben 21 uomini. <\/em><\/p>\n<p><em>Come costituzionaliste italiane, desideriamo esprimerVi il nostro stupore e le nostre preoccupazioni di fronte a questa decisione, adottata in aperta violazione dell\u2019art. 51 della Costituzione, che assicura a uomini e donne il diritto di accedere in condizioni di uguaglianza agli uffici pubblici e che, a tal fine, affida alla Repubblica il compito di adottare appositi provvedimenti. <\/em><\/p>\n<p><em>Vi chiediamo di avviare una seria riflessione, all\u2019interno delle Assemblee da Voi presiedute, sulle cause che hanno portato a tale grave vulnus costituzionale e sugli interventi, anche regolamentari, necessari per evitare che una simile situazione, oggettivamente incomprensibile in Italia nel 2018, possa ripetersi in futuro. <\/em><\/p>\n<p><em>Restiamo a Vostra disposizione per le iniziative di studio e di confronto che vogliate avviare al riguardo. <\/em><\/p>\n<p><em>Con i pi\u00f9 cordiali saluti e certe della Vostra attenzione, <\/em><\/p>\n<p><em>le Costituzionaliste italiane <\/em><\/p>\n<p>Alessandra Algostino, Universit\u00e0 degli Studi di Torino<\/p>\n<p>Francesca Angelini, Universit\u00e0 degli Studi di Roma \u201cLa Sapienza\u201d<\/p>\n<p>Adriana Apostoli, Universit\u00e0 degli Studi di Brescia<\/p>\n<p>Mariangela Atripaldi, Universit\u00e0 degli Studi di Roma Tre<\/p>\n<p>Luisa Azzena, Universit\u00e0 di Pisa<\/p>\n<p>Stefania Baroncelli, Libera Universit\u00e0 di Bolzano<\/p>\n<p>Cristina Bertolino, Universit\u00e0 degli Studi di Torino<\/p>\n<p>Paola Bilancia, Universit\u00e0 degli Studi di Milano<\/p>\n<p>Elena Bindi, Universit\u00e0 degli Studi di Siena<\/p>\n<p>Francesca Biondi, Universit\u00e0 degli Studi di Milano<\/p>\n<p>Chiara Bologna, Universit\u00e0 degli Studi di Bologna<\/p>\n<p>Giuditta Brunelli, Universit\u00e0 degli Studi di Ferrara<\/p>\n<p>Camilla Buzzacchi Universit\u00e0 degli Studi di Milano Bicocca<\/p>\n<p>Maria Agostina Cabiddu, Politecnico di Milano<\/p>\n<p>Marina Calamo Specchia, Universit\u00e0 degli Studi di Bari \u201cAldo Moro\u201d<\/p>\n<p>Roberta Calvano, Universit\u00e0 degli Studi di Roma Unitelma Sapienza<\/p>\n<p>Lorenza Carlassare, Universit\u00e0 degli Studi di Padova<\/p>\n<p>Luisa Cassetti, Universit\u00e0 degli Studi di Perugia<\/p>\n<p>Elisabetta Catelani, Universit\u00e0 degli Studi di Pisa<\/p>\n<p>Ginevra Cerrina Feroni , Universit\u00e0 degli Studi di Firenze<\/p>\n<p>Tanja Cerruti, Universit\u00e0 degli Studi di Torino<\/p>\n<p>Adriana Ciancio, Universit\u00e0 degli Studi di Catania<\/p>\n<p>Ines Ciolli, Universit\u00e0 degli Studi di Roma \u201cLa Sapienza\u201d<\/p>\n<p>Cecilia Corsi, Universit\u00e0 degli Studi di Firenze<\/p>\n<p>Marilisa D\u2019Amico, Universit\u00e0 degli Studi di Milano<\/p>\n<p>Lidianna Degrassi, Universita\u2019 degli Studi di Milano Bicocca<\/p>\n<p>Maria Elena Gennusa, Universit\u00e0 degli Studi di Pavia<\/p>\n<p>Maria Cristina Grisolia, Universit\u00e0 degli Studi di Firenze<\/p>\n<p>Tania Groppi, Universit\u00e0 degli Studi di Siena<\/p>\n<p>Maria Pia Iadicicco, Universit\u00e0 degli studi della Campania &#8220;Luigi Vanvitelli&#8221;<\/p>\n<p>Silvia Illari, Universit\u00e0 degli Studi di Pavia<\/p>\n<p>Elisabetta Lamarque, Universit\u00e0 degli Studi di Milano Bicocca<\/p>\n<p>Isabella Loiodice, Universit\u00e0 degli Studi di Bari \u201cAldo Moro\u201d<\/p>\n<p>Laura Lorello, Universit\u00e0 degli Studi di Palermo<\/p>\n<p>Stefania Mabellini, Universit\u00e0 degli Studi di Roma \u201cTor Vergata\u201d<\/p>\n<p>Elena Malfatti, Universit\u00e0 di Pisa<\/p>\n<p>Susanna Mancini, Universit\u00e0 degli Studi di Bologna<\/p>\n<p>Valeria Marcen\u00f2, Universit\u00e0 degli Studi di Torino<\/p>\n<p>Paola Marsocci, Universit\u00e0 degli Studi di Roma \u201cLa Sapienza\u201d<\/p>\n<p>Anna Marzanati, Universita\u2019 degli Studi di Milano Bicocca<\/p>\n<p>Ilenia Massa Pinto, Universit\u00e0 degli Studi di Torino<\/p>\n<p>Anna Mastromarino, Universit\u00e0 degli Studi di Torino<\/p>\n<p>Laura Montanari, Universit\u00e0 degli Studi di Udine<\/p>\n<p>Donatella Morana, Universit\u00e0 degli Studi di Roma \u201cTor Vergata\u201d<\/p>\n<p>Anna Moscarini, socia AIC, attualmente Consigliere Corte di Cassazione<\/p>\n<p>Angela Musumeci, Universit\u00e0 degli Studi di Teramo<\/p>\n<p>Anna Maria Nico, Universit\u00e0 degli Studi di Bari \u201cAldo Moro\u201d<\/p>\n<p>Ida Angela Nicotra, Universit\u00e0 degli Studi di Catania<\/p>\n<p>Stefania Ninatti, Universit\u00e0 degli Studi di Milano Bicocca<\/p>\n<p>Elisabetta Palici di Suni, Universit\u00e0 degli Studi di Torino<\/p>\n<p>Anna Papa, Universit\u00e0 degli Studi di Napoli &#8220;Parthenope&#8221;<\/p>\n<p>Barbara Pezzini, Universit\u00e0 degli Studi di Bergamo<\/p>\n<p>Marta Picchi, Universit\u00e0 degli Studi di Firenze<\/p>\n<p>Valeria Piergigli, Universit\u00e0 degli Studi di Siena<\/p>\n<p>Anna Pirozzoli, Universit\u00e0 degli Studi &#8220;Niccol\u00f2 Cusano&#8221;<\/p>\n<p>Giovanna Pistorio, Universit\u00e0 degli Studi di Roma Tre<\/p>\n<p>Anna Maria Poggi, Universit\u00e0 degli Studi di Torino<\/p>\n<p>Margherita Raveraira, Universit\u00e0 degli Studi di Perugia<\/p>\n<p>Carmela Salazar, Universit\u00e0 degli Studi &#8220;Mediterranea&#8221; di Reggio Calabria<\/p>\n<p>Lucia Scaffardi, Universit\u00e0 degli Studi di Parma<\/p>\n<p>Giusi Sorrenti, Universit\u00e0 degli Studi di Messina<\/p>\n<p>Paola Torretta, Universit\u00e0 degli Studi di Parma<\/p>\n<p>Chiara Tripodina, Universit\u00e0 del Piemonte Orientale<\/p>\n<p>Lara Trucco, Universit\u00e0 degli Studi di Genova<\/p>\n<p>Patrizia Vipiana, Universit\u00e0 degli Studi di Genova<\/p>\n","protected":false},"excerpt":{"rendered":"<p>di\u00a0<abbr class='c2c-text-hover' title='Professore ordinario di Diritto costituzionale - Universit\u00e0 di Ferrara'>Roberto Bin<\/abbr> In questi giorni alcune docenti di diritto costituzionale hanno diffuso una lettera indirizzata ai Presidenti delle Camere (riprodotta qui sotto),<\/p>\n<div class='heateorSssClear'><\/div><div  class='heateor_sss_sharing_container heateor_sss_horizontal_sharing' data-heateor-sss-href='https:\/\/www.lacostituzione.info\/index.php\/2018\/07\/24\/il-governo-del-cambiamento-e-le-donne\/'><div class='heateor_sss_sharing_title' style=\"font-weight:bold\" >Condividi!<\/div><div class=\"heateor_sss_sharing_ul\"><a aria-label=\"Facebook\" class=\"heateor_sss_facebook\" href=\"https:\/\/www.facebook.com\/sharer\/sharer.php?u=https%3A%2F%2Fwww.lacostituzione.info%2Findex.php%2F2018%2F07%2F24%2Fil-governo-del-cambiamento-e-le-donne%2F\" title=\"Facebook\" rel=\"nofollow noopener\" target=\"_blank\" style=\"font-size:32px!important;box-shadow:none;display:inline-block;vertical-align:middle\"><span class=\"heateor_sss_svg\" style=\"background-color:#0765FE;width:35px;height:35px;display:inline-block;opacity:1;float:left;font-size:32px;box-shadow:none;display:inline-block;font-size:16px;padding:0 4px;vertical-align:middle;background-repeat:repeat;overflow:hidden;padding:0;cursor:pointer;box-sizing:content-box\"><svg style=\"display:block;\" focusable=\"false\" aria-hidden=\"true\" xmlns=\"http:\/\/www.w3.org\/2000\/svg\" width=\"100%\" height=\"100%\" viewBox=\"0 0 32 32\"><path fill=\"#fff\" d=\"M28 16c0-6.627-5.373-12-12-12S4 9.373 4 16c0 5.628 3.875 10.35 9.101 11.647v-7.98h-2.474V16H13.1v-1.58c0-4.085 1.849-5.978 5.859-5.978.76 0 2.072.15 2.608.298v3.325c-.283-.03-.775-.045-1.386-.045-1.967 0-2.728.745-2.728 2.683V16h3.92l-.673 3.667h-3.247v8.245C23.395 27.195 28 22.135 28 16Z\"><\/path><\/svg><\/span><\/a><a aria-label=\"Twitter\" class=\"heateor_sss_button_twitter\" href=\"https:\/\/twitter.com\/intent\/tweet?text=Il%20Governo%20del%20cambiamento%20e%20le%20donne&url=https%3A%2F%2Fwww.lacostituzione.info%2Findex.php%2F2018%2F07%2F24%2Fil-governo-del-cambiamento-e-le-donne%2F\" title=\"Twitter\" rel=\"nofollow noopener\" target=\"_blank\" style=\"font-size:32px!important;box-shadow:none;display:inline-block;vertical-align:middle\"><span class=\"heateor_sss_svg heateor_sss_s__default heateor_sss_s_twitter\" style=\"background-color:#55acee;width:35px;height:35px;display:inline-block;opacity:1;float:left;font-size:32px;box-shadow:none;display:inline-block;font-size:16px;padding:0 4px;vertical-align:middle;background-repeat:repeat;overflow:hidden;padding:0;cursor:pointer;box-sizing:content-box\"><svg style=\"display:block;\" focusable=\"false\" aria-hidden=\"true\" xmlns=\"http:\/\/www.w3.org\/2000\/svg\" width=\"100%\" height=\"100%\" viewBox=\"-4 -4 39 39\"><path d=\"M28 8.557a9.913 9.913 0 0 1-2.828.775 4.93 4.93 0 0 0 2.166-2.725 9.738 9.738 0 0 1-3.13 1.194 4.92 4.92 0 0 0-3.593-1.55 4.924 4.924 0 0 0-4.794 6.049c-4.09-.21-7.72-2.17-10.15-5.15a4.942 4.942 0 0 0-.665 2.477c0 1.71.87 3.214 2.19 4.1a4.968 4.968 0 0 1-2.23-.616v.06c0 2.39 1.7 4.38 3.952 4.83-.414.115-.85.174-1.297.174-.318 0-.626-.03-.928-.086a4.935 4.935 0 0 0 4.6 3.42 9.893 9.893 0 0 1-6.114 2.107c-.398 0-.79-.023-1.175-.068a13.953 13.953 0 0 0 7.55 2.213c9.056 0 14.01-7.507 14.01-14.013 0-.213-.005-.426-.015-.637.96-.695 1.795-1.56 2.455-2.55z\" fill=\"#fff\"><\/path><\/svg><\/span><\/a><a aria-label=\"Reddit\" class=\"heateor_sss_button_reddit\" href=\"https:\/\/reddit.com\/submit?url=https%3A%2F%2Fwww.lacostituzione.info%2Findex.php%2F2018%2F07%2F24%2Fil-governo-del-cambiamento-e-le-donne%2F&title=Il%20Governo%20del%20cambiamento%20e%20le%20donne\" title=\"Reddit\" rel=\"nofollow noopener\" target=\"_blank\" style=\"font-size:32px!important;box-shadow:none;display:inline-block;vertical-align:middle\"><span class=\"heateor_sss_svg heateor_sss_s__default heateor_sss_s_reddit\" style=\"background-color:#ff5700;width:35px;height:35px;display:inline-block;opacity:1;float:left;font-size:32px;box-shadow:none;display:inline-block;font-size:16px;padding:0 4px;vertical-align:middle;background-repeat:repeat;overflow:hidden;padding:0;cursor:pointer;box-sizing:content-box\"><svg style=\"display:block;\" focusable=\"false\" aria-hidden=\"true\" xmlns=\"http:\/\/www.w3.org\/2000\/svg\" width=\"100%\" height=\"100%\" viewBox=\"-3.5 -3.5 39 39\"><path d=\"M28.543 15.774a2.953 2.953 0 0 0-2.951-2.949 2.882 2.882 0 0 0-1.9.713 14.075 14.075 0 0 0-6.85-2.044l1.38-4.349 3.768.884a2.452 2.452 0 1 0 .24-1.176l-4.274-1a.6.6 0 0 0-.709.4l-1.659 5.224a14.314 14.314 0 0 0-7.316 2.029 2.908 2.908 0 0 0-1.872-.681 2.942 2.942 0 0 0-1.618 5.4 5.109 5.109 0 0 0-.062.765c0 4.158 5.037 7.541 11.229 7.541s11.22-3.383 11.22-7.541a5.2 5.2 0 0 0-.053-.706 2.963 2.963 0 0 0 1.427-2.51zm-18.008 1.88a1.753 1.753 0 0 1 1.73-1.74 1.73 1.73 0 0 1 1.709 1.74 1.709 1.709 0 0 1-1.709 1.711 1.733 1.733 0 0 1-1.73-1.711zm9.565 4.968a5.573 5.573 0 0 1-4.081 1.272h-.032a5.576 5.576 0 0 1-4.087-1.272.6.6 0 0 1 .844-.854 4.5 4.5 0 0 0 3.238.927h.032a4.5 4.5 0 0 0 3.237-.927.6.6 0 1 1 .844.854zm-.331-3.256a1.726 1.726 0 1 1 1.709-1.712 1.717 1.717 0 0 1-1.712 1.712z\" fill=\"#fff\"\/><\/svg><\/span><\/a><a aria-label=\"Linkedin\" class=\"heateor_sss_button_linkedin\" href=\"https:\/\/www.linkedin.com\/sharing\/share-offsite\/?url=https%3A%2F%2Fwww.lacostituzione.info%2Findex.php%2F2018%2F07%2F24%2Fil-governo-del-cambiamento-e-le-donne%2F\" title=\"Linkedin\" rel=\"nofollow noopener\" target=\"_blank\" style=\"font-size:32px!important;box-shadow:none;display:inline-block;vertical-align:middle\"><span class=\"heateor_sss_svg heateor_sss_s__default heateor_sss_s_linkedin\" style=\"background-color:#0077b5;width:35px;height:35px;display:inline-block;opacity:1;float:left;font-size:32px;box-shadow:none;display:inline-block;font-size:16px;padding:0 4px;vertical-align:middle;background-repeat:repeat;overflow:hidden;padding:0;cursor:pointer;box-sizing:content-box\"><svg style=\"display:block;\" focusable=\"false\" aria-hidden=\"true\" xmlns=\"http:\/\/www.w3.org\/2000\/svg\" width=\"100%\" height=\"100%\" viewBox=\"0 0 32 32\"><path d=\"M6.227 12.61h4.19v13.48h-4.19V12.61zm2.095-6.7a2.43 2.43 0 0 1 0 4.86c-1.344 0-2.428-1.09-2.428-2.43s1.084-2.43 2.428-2.43m4.72 6.7h4.02v1.84h.058c.56-1.058 1.927-2.176 3.965-2.176 4.238 0 5.02 2.792 5.02 6.42v7.395h-4.183v-6.56c0-1.564-.03-3.574-2.178-3.574-2.18 0-2.514 1.7-2.514 3.46v6.668h-4.187V12.61z\" fill=\"#fff\"><\/path><\/svg><\/span><\/a><a aria-label=\"Pinterest\" class=\"heateor_sss_button_pinterest\" href=\"https:\/\/www.lacostituzione.info\/index.php\/2018\/07\/24\/il-governo-del-cambiamento-e-le-donne\/\" onclick=\"event.preventDefault();javascript:void( (function() {var e=document.createElement('script' );e.setAttribute('type','text\/javascript' );e.setAttribute('charset','UTF-8' );e.setAttribute('src','\/\/assets.pinterest.com\/js\/pinmarklet.js?r='+Math.random()*99999999);document.body.appendChild(e)})());\" title=\"Pinterest\" rel=\"noopener\" style=\"font-size:32px!important;box-shadow:none;display:inline-block;vertical-align:middle\"><span class=\"heateor_sss_svg heateor_sss_s__default heateor_sss_s_pinterest\" style=\"background-color:#cc2329;width:35px;height:35px;display:inline-block;opacity:1;float:left;font-size:32px;box-shadow:none;display:inline-block;font-size:16px;padding:0 4px;vertical-align:middle;background-repeat:repeat;overflow:hidden;padding:0;cursor:pointer;box-sizing:content-box\"><svg style=\"display:block;\" focusable=\"false\" aria-hidden=\"true\" xmlns=\"http:\/\/www.w3.org\/2000\/svg\" width=\"100%\" height=\"100%\" viewBox=\"-2 -2 35 35\"><path fill=\"#fff\" d=\"M16.539 4.5c-6.277 0-9.442 4.5-9.442 8.253 0 2.272.86 4.293 2.705 5.046.303.125.574.005.662-.33.061-.231.205-.816.27-1.06.088-.331.053-.447-.191-.736-.532-.627-.873-1.439-.873-2.591 0-3.338 2.498-6.327 6.505-6.327 3.548 0 5.497 2.168 5.497 5.062 0 3.81-1.686 7.025-4.188 7.025-1.382 0-2.416-1.142-2.085-2.545.397-1.674 1.166-3.48 1.166-4.689 0-1.081-.581-1.983-1.782-1.983-1.413 0-2.548 1.462-2.548 3.419 0 1.247.421 2.091.421 2.091l-1.699 7.199c-.505 2.137-.076 4.755-.039 5.019.021.158.223.196.314.077.13-.17 1.813-2.247 2.384-4.324.162-.587.929-3.631.929-3.631.46.876 1.801 1.646 3.227 1.646 4.247 0 7.128-3.871 7.128-9.053.003-3.918-3.317-7.568-8.361-7.568z\"\/><\/svg><\/span><\/a><a aria-label=\"Whatsapp\" class=\"heateor_sss_whatsapp\" href=\"https:\/\/api.whatsapp.com\/send?text=Il%20Governo%20del%20cambiamento%20e%20le%20donne%20https%3A%2F%2Fwww.lacostituzione.info%2Findex.php%2F2018%2F07%2F24%2Fil-governo-del-cambiamento-e-le-donne%2F\" title=\"Whatsapp\" rel=\"nofollow noopener\" target=\"_blank\" style=\"font-size:32px!important;box-shadow:none;display:inline-block;vertical-align:middle\"><span class=\"heateor_sss_svg\" style=\"background-color:#55eb4c;width:35px;height:35px;display:inline-block;opacity:1;float:left;font-size:32px;box-shadow:none;display:inline-block;font-size:16px;padding:0 4px;vertical-align:middle;background-repeat:repeat;overflow:hidden;padding:0;cursor:pointer;box-sizing:content-box\"><svg style=\"display:block;\" focusable=\"false\" aria-hidden=\"true\" xmlns=\"http:\/\/www.w3.org\/2000\/svg\" width=\"100%\" height=\"100%\" viewBox=\"-6 -5 40 40\"><path class=\"heateor_sss_svg_stroke heateor_sss_no_fill\" stroke=\"#fff\" stroke-width=\"2\" fill=\"none\" d=\"M 11.579798566743314 24.396926207859085 A 10 10 0 1 0 6.808479557110079 20.73576436351046\"><\/path><path d=\"M 7 19 l -1 6 l 6 -1\" class=\"heateor_sss_no_fill heateor_sss_svg_stroke\" stroke=\"#fff\" stroke-width=\"2\" fill=\"none\"><\/path><path d=\"M 10 10 q -1 8 8 11 c 5 -1 0 -6 -1 -3 q -4 -3 -5 -5 c 4 -2 -1 -5 -1 -4\" fill=\"#fff\"><\/path><\/svg><\/span><\/a><\/div><div class=\"heateorSssClear\"><\/div><\/div><div class='heateorSssClear'><\/div>","protected":false},"author":3,"featured_media":0,"comment_status":"open","ping_status":"open","sticky":false,"template":"","format":"standard","meta":{"jetpack_post_was_ever_published":false,"_jetpack_newsletter_access":"","_jetpack_dont_email_post_to_subs":false,"_jetpack_newsletter_tier_id":0,"_jetpack_memberships_contains_paywalled_content":false,"_jetpack_memberships_contains_paid_content":false,"footnotes":"","jetpack_publicize_message":"","jetpack_publicize_feature_enabled":true,"jetpack_social_post_already_shared":true,"jetpack_social_options":{"image_generator_settings":{"template":"highway","default_image_id":0,"enabled":false},"version":2}},"categories":[12],"tags":[1286,1285,691],"class_list":["post-5511","post","type-post","status-publish","format-standard","hentry","category-editoriale","tag-governo-conte","tag-parita","tag-rappresentanza"],"jetpack_publicize_connections":[],"jetpack_featured_media_url":"","jetpack_shortlink":"https:\/\/wp.me\/p84sDq-1qT","jetpack_likes_enabled":true,"jetpack_sharing_enabled":true,"_links":{"self":[{"href":"https:\/\/www.lacostituzione.info\/index.php\/wp-json\/wp\/v2\/posts\/5511","targetHints":{"allow":["GET"]}}],"collection":[{"href":"https:\/\/www.lacostituzione.info\/index.php\/wp-json\/wp\/v2\/posts"}],"about":[{"href":"https:\/\/www.lacostituzione.info\/index.php\/wp-json\/wp\/v2\/types\/post"}],"author":[{"embeddable":true,"href":"https:\/\/www.lacostituzione.info\/index.php\/wp-json\/wp\/v2\/users\/3"}],"replies":[{"embeddable":true,"href":"https:\/\/www.lacostituzione.info\/index.php\/wp-json\/wp\/v2\/comments?post=5511"}],"version-history":[{"count":0,"href":"https:\/\/www.lacostituzione.info\/index.php\/wp-json\/wp\/v2\/posts\/5511\/revisions"}],"wp:attachment":[{"href":"https:\/\/www.lacostituzione.info\/index.php\/wp-json\/wp\/v2\/media?parent=5511"}],"wp:term":[{"taxonomy":"category","embeddable":true,"href":"https:\/\/www.lacostituzione.info\/index.php\/wp-json\/wp\/v2\/categories?post=5511"},{"taxonomy":"post_tag","embeddable":true,"href":"https:\/\/www.lacostituzione.info\/index.php\/wp-json\/wp\/v2\/tags?post=5511"}],"curies":[{"name":"wp","href":"https:\/\/api.w.org\/{rel}","templated":true}]}}