{"id":5583,"date":"2018-08-11T16:33:49","date_gmt":"2018-08-11T14:33:49","guid":{"rendered":"http:\/\/www.lacostituzione.info\/?p=5583"},"modified":"2018-08-11T16:33:49","modified_gmt":"2018-08-11T14:33:49","slug":"si-muovono-anche-le-montagne-il-referendum-per-il-distacco-dal-piemonte-della-provincia-del-vco","status":"publish","type":"post","link":"https:\/\/www.lacostituzione.info\/index.php\/2018\/08\/11\/si-muovono-anche-le-montagne-il-referendum-per-il-distacco-dal-piemonte-della-provincia-del-vco\/","title":{"rendered":"Si muovono anche le montagne. Il referendum per il distacco dal Piemonte della Provincia del VCO"},"content":{"rendered":"<p style=\"text-align: center;\"><a href=\"http:\/\/www.lacostituzione.info\/wp-content\/uploads\/2018\/08\/vco.jpg\"><img loading=\"lazy\" decoding=\"async\" data-attachment-id=\"5584\" data-permalink=\"https:\/\/www.lacostituzione.info\/index.php\/2018\/08\/11\/si-muovono-anche-le-montagne-il-referendum-per-il-distacco-dal-piemonte-della-provincia-del-vco\/vco\/#main\" data-orig-file=\"https:\/\/www.lacostituzione.info\/wp-content\/uploads\/2018\/08\/vco.jpg\" data-orig-size=\"650,459\" data-comments-opened=\"1\" data-image-meta=\"{&quot;aperture&quot;:&quot;0&quot;,&quot;credit&quot;:&quot;&quot;,&quot;camera&quot;:&quot;&quot;,&quot;caption&quot;:&quot;&quot;,&quot;created_timestamp&quot;:&quot;0&quot;,&quot;copyright&quot;:&quot;&quot;,&quot;focal_length&quot;:&quot;0&quot;,&quot;iso&quot;:&quot;0&quot;,&quot;shutter_speed&quot;:&quot;0&quot;,&quot;title&quot;:&quot;&quot;,&quot;orientation&quot;:&quot;0&quot;}\" data-image-title=\"vco\" data-image-description=\"\" data-image-caption=\"\" data-medium-file=\"https:\/\/www.lacostituzione.info\/wp-content\/uploads\/2018\/08\/vco-300x212.jpg\" data-large-file=\"https:\/\/www.lacostituzione.info\/wp-content\/uploads\/2018\/08\/vco.jpg\" class=\"aligncenter size-thumbnail wp-image-5584\" src=\"http:\/\/www.lacostituzione.info\/wp-content\/uploads\/2018\/08\/vco-150x150.jpg\" alt=\"\" width=\"150\" height=\"150\" \/><\/a>di <strong>Massimo Cavino<\/strong><\/p>\n<p>Il Consiglio dei ministri dello scorso 8 agosto ha deliberato, su proposta del Ministro dell\u2019interno, Matteo Salvini, l\u2019indizione di un referendum consultivo per il distacco della provincia del Verbano-Cusio-Ossola (VCO), dalla regione Piemonte e la sua aggregazione alla regione Lombardia.<!--more--> La consultazione si svolger\u00e0 il prossimo 21 ottobre.<\/p>\n<p>La richiesta di indizione del referendum, deliberata all\u2019unanimit\u00e0 dal consiglio provinciale del VCO nella seduta del 3 maggio 2018, \u00e8 stata dichiarata ammissibile dall\u2019Ufficio centrale per il referendum della Corte di cassazione con ordinanza dell\u201911 luglio 2018. Essa rappresenta solo una parte del complesso procedimento previsto dall\u2019articolo 132, comma 2, della Costituzione che stabilisce: \u00abSi pu\u00f2, con l\u2019approvazione della maggioranza delle popolazioni della Provincia o delle Province interessate e del Comune o dei Comuni interessati espressa mediante referendum e con legge della Repubblica, sentiti i Consigli regionali, consentire che Provincie e Comuni, che ne facciano richiesta, siano staccati da una Regione ed aggregati ad un\u2019altra\u00bb.<\/p>\n<p>L\u2019iniziativa del VCO non ha precedenti: l\u2019articolo 132, comma 2, Cost. \u00e8 stato applicato fino ad ora soltanto per il distacco di comuni, mai per una provincia.<\/p>\n<p>Essa pone due ordini di questioni: di carattere politico (perch\u00e9 il VCO vuole diventare lombardo) e di carattere procedurale (come funziona concretamente e quali effetti produce il meccanismo previsto dalla Costituzione).<\/p>\n<p>Le ragioni che spingono il VCO verso la Lombardia sono serissime e traggono origine da un sentimento di frustrazione che \u00e8 stato inconsapevolmente alimentato dal legislatore statale.<\/p>\n<p>Per comprenderle dobbiamo ricordare che il VCO \u00e8 un territorio di montagna, con tutte le esigenze, soprattutto di carattere infrastrutturale, che ci\u00f2 comporta.<\/p>\n<p>Esigenze che sono state riconosciute espressamente dal legislatore statale che, al comma 3 dell\u2019articolo unico della legge n.56 del 2014 (legge Delrio), ha riconosciuto la specificit\u00e0 delle province \u00abcon territorio interamente montano e confinanti con Paesi stranieri\u00bb.<\/p>\n<p>A trovarsi nelle condizioni previste dalla legge \u2013 territorio interamente montano e confine con Paesi stranieri \u2013 sono tre province: Sondrio, Belluno e, appunto VCO.<\/p>\n<p>Da quando il legislatore statale le ha prese in considerazione partitamente, riconoscendone la specificit\u00e0, nelle tre province si \u00e8 acceso un dibattito sulla possibilit\u00e0 di ottenere dalle rispettive regioni un elevato grado di autonomia. Dibattito che, ovviamente, ha riguardato le politiche per la montagna.<\/p>\n<p>\u00c8 rispetto a queste che il VCO lamenta la disattenzione della regione Piemonte e guarda invece con interesse alla Lombardia. Soprattutto in relazione ad un aspetto particolare: la assegnazione delle risorse provenienti dalla riscossione dei canoni delle acque demaniali che per i territori montani rappresentano una risorsa assai rilevante.<\/p>\n<p>La competenza regionale alla riscossione dei canoni \u00e8 esercitata molto diversamente dal Piemonte e dalla Lombardia.<\/p>\n<p>L\u2019articolo 55, lettera f, della legge regionale n.44 del 2000 del Piemonte attribuisce alla regione il potere di destinare i proventi dei canoni idrici, sentiti gli enti locali, senza alcun particolare vincolo. E questa assenza di vincoli ha consentito alla regione di non trasferire nulla al VCO dal 2012 a oggi.<\/p>\n<p>Al contrario l\u2019articolo 6 della legge regionale n.10 del 2009 della Lombardia stabilisce un preciso vincolo, disponendo, al comma 3 quinquies, che annualmente le province siano destinatarie di una quota dei proventi dei canoni. Non solo. Al successivo comma 3 sexies, dispone specifiche modalit\u00e0 di finanziamento per la provincia di Sondrio.\u00a0\u00a0Non c\u2019\u00e8 da quindi da stupirsi se nel VCO cresce la voglia di Lombardia.<\/p>\n<p>Rispetto alle questioni procedurali alcuni aspetti meritano particolare interesse.\u00a0Prima di tutto: chi vota?<\/p>\n<p>L\u2019articolo 44 della legge n. 352 del 1970 stabilisce al comma 3 che \u00abNell&#8217;ipotesi di cui al secondo comma dell&#8217;articolo 132 della Costituzione, il referendum \u00e8 indetto sia nel territorio della regione dalla quale le province o i comuni intendono staccarsi, sia nel territorio della regione alla quale le province o i comuni intendono aggregarsi\u00bb.<\/p>\n<p>Questo significa che voteranno tutti i piemontesi e tutti i lombardi? Gli elettori del VCO e tutti i lombardi?<\/p>\n<p>In realt\u00e0 voteranno soltanto gli elettori del VCO. Questo per effetto dell\u2019interpretazione che la Corte costituzionale ha fornito con la sentenza n. 334 del 2004. In quella occasione la Corte dichiar\u00f2 la illegittimit\u00e0 costituzionale dell\u2019articolo 42, comma 2, della legge 352\/1970 nella parte in cui prescriveva che la richiesta di <em>referendum <\/em>per il distacco di una Provincia o di un Comune da una Regione e l\u2019aggregazione ad altra Regione deve essere corredata \u2013 oltre che delle deliberazioni, identiche nell\u2019oggetto, rispettivamente dei consigli provinciali e dei consigli comunali delle Province e dei Comuni di cui si propone il distacco \u2013 anche delle deliberazioni, identiche nell\u2019oggetto, di tanti consigli provinciali o di tanti consigli comunali che rappresentino almeno un terzo della restante popolazione della regione dalla quale \u00e8 proposto il distacco delle province o dei comuni predetti e di tanti consigli provinciali o di tanti consigli comunali che rappresentino almeno un terzo della popolazione della regione alla quale si propone che le province o i comuni siano aggregati.<\/p>\n<p>Secondo la Corte l\u2019onerosit\u00e0 del procedimento risultava eccessiva e si risolveva nella frustrazione del diritto di autodeterminazione dell\u2019autonomia locale, la cui affermazione e garanzia risulta invece tendenzialmente accentuata dalla riforma del 2001.<\/p>\n<p>Si faccia attenzione: la Corte costituzionale ha dichiarato la illegittimit\u00e0 del secondo comma dell\u2019articolo 42 della legge, relativo alle operazioni necessarie per arrivare a formulare il quesito referendario. Per quale motivo la decisione dovrebbe stendere i suoi effetti anche sulle successive operazioni di voto, disciplinate dall\u2019articolo 44?<\/p>\n<p>La risposta sarebbe data dalla motivazione della sentenza n. 334\/2004 che rispetto al concetto di popolazioni interessate che devono esprimersi con referendum sostiene: \u00abl\u2019espressione \u201cpopolazioni della Provincia o delle Province interessate e del Comune o dei Comuni interessati\u201d, utilizzata dal nuovo art. 132, secondo comma, inequivocamente si riferisce soltanto ai cittadini degli enti locali direttamente coinvolti nel distacco-aggregazione\u00bb. Ebbene: il Governo, bench\u00e9 la Corte non si sia espressamente pronunciata sull\u2019articolo 44, ha per\u00f2 ritenuto di procedere ad una interpretazione adeguatrice (per altro condivisa dal Parlamento rispetto a casi di distacco di comuni nel frattempo intervenuti) coinvolgendo nel voto solo i cittadini degli enti oggetto del distacco\/aggregazione.<\/p>\n<p>Ci\u00f2 potrebbe aprire a nuovi scenari. Si pu\u00f2 cio\u00e8 immaginare la possibilit\u00e0 (assai utile a quanti si oppongono al referendum) di un ricorso innanzi al giudice comune per impugnare la violazione di legge compiuta dal decreto di indizione del governo e, in quella sede, la proposizione di una questione di legittimit\u00e0 costituzionale.<\/p>\n<p>Altri due aspetti degni di nota sul piano procedurale riguardano i pareri dei consigli regionali: le modalit\u00e0 e la tempistica con le quali devono essere resi; il loro valore rispetto alla deliberazione delle Camere.<\/p>\n<p>L\u2019articolo 132, comma 2, Cost. non chiarisce se essi debbano precedere o seguire il disegno di legge predisposto dal Governo.<\/p>\n<p>Sul punto si \u00e8 registrata una divergenza di interpretazioni tra il Governo e la Regione Marche in relazione al <a href=\"http:\/\/documenti.camera.it\/leg17\/dossier\/pdf\/AC0234_0.pdf\">distacco dei comuni marchigiani di Montecopiolo e di Sassofeltrio<\/a>, da aggregare alla regione Emilia Romagna. Le Marche hanno sostenuto (<a href=\"https:\/\/drive.google.com\/file\/d\/0B9DmyuOSKuNAYmN4OFpRVTFNZ0R6TWNnejl1bDA0Nlh0Snlz\/edit\">nota della giunta<\/a> del 10 aprile 2012) che il parere del consiglio regionale debba avere ad oggetto il disegno di legge. Al contrario il Governo ha costantemente sostenuto che i pareri dei consigli regionali debbano essere acquisiti prima della presentazione del disegno di legge alle Camere.<\/p>\n<p>Questa \u00e8 l\u2019interpretazione condivisa anche in sede parlamentare. Si ricordi la vicenda del distacco del comune di Lamon dalla regione Veneto e l&#8217;aggregazione alla regione Trentino &#8211; Alto Adige: nel corso della la XIV legislatura (A.C. 6274), e della XV (A.C. 27), \u00e8 iniziato alla Camera l&#8217;esame in sede referente di un progetto di legge di iniziativa parlamentare ai sensi dell&#8217;art. 132, comma 2, anche in assenza dei pareri regionali. L&#8217;ufficio di presidenza della I Commissione stabil\u00ec che la mancanza dei pareri regionali e di un disegno di legge di iniziativa governativa non potevano impedire l&#8217;esame del provvedimento. E nella XVI legislatura, sempre rispetto al comune di Lamon (A.C. 1698 cost.), la Presidenza della Camera, nel richiedere il parere regionale, aveva fissato un termine; decorso il quale, senza che la regione Veneto si fosse espressa, la Commissione affari costituzionali aveva ritenuto sussistessero le condizioni per proseguire l&#8217;esame).<\/p>\n<p>Per quanto concerne il loro peso nella deliberazione finale delle Camere la Corte costituzionale ha affermato che (sentenza 334\/2004) \u00absiccome infatti l\u2019esito positivo del <em>referendum<\/em>, avente carattere meramente consultivo, sicuramente non vincola il legislatore statale alla cui discrezionalit\u00e0 compete di determinare l\u2019effetto di distacco-aggregazione; e siccome nel procedimento di approvazione della legge della Repubblica la norma costituzionale citata inserisce la fase dell\u2019audizione dei consigli delle Regioni coinvolte, proprio questa fase consente l\u2019emersione e la valutazione degli interessi locali contrapposti (o anche non integralmente concordanti con quelli espressi attraverso la soluzione della rigida alternativa propria dell\u2019istituto referendario). Sicch\u00e9 l\u2019acquisizione e l\u2019esame dei pareri dei consigli regionali avranno sicura incidenza ai fini dell\u2019eventuale approvazione della legge di modifica territoriale\u00bb.<\/p>\n<p>Ma ha poi precisato (sentenza 246\/2010) che la \u201csicura incidenza\u201d dei pareri dei consigli regionali non pu\u00f2 \u00abconcretizzarsi nell\u2019esistenza a carico del Parlamento di ulteriori oneri procedimentali susseguenti alla espressione del parere ed alla sua acquisizione in sede parlamentare. La norma costituzionale infatti, l\u2019unica che possa porre dei vincoli di carattere procedimentale all\u2019operato degli organi legislativi, non prescrive che, esauritasi la prima delle due fasi in cui si articola lo speciale procedimento di cui all\u2019art. 132, secondo comma, della Costituzione (cio\u00e8 quella avente ad oggetto la consultazione referendaria e la espressione del parere dei Consigli regionali interessati), la seconda fase (quella cio\u00e8 che ha inizio con la presentazione del disegno di legge) si svolga secondo forme sostanzialmente diverse rispetto a quelle legislative ordinarie\u00bb.<\/p>\n<p>Non solo. La Corte costituzionale (sentenza 246\/2010) ha ricordato, citando la Commissione affari costituzionale della Camera, che \u00abin nessun caso il Parlamento possa essere considerato una sorta di notaio in questo procedimento, per effetto di una serie di fasi precedenti che si sono determinate [\u2026]. Le Camere del Parlamento sono chiamate a valutare questa tematica, cos\u00ec come tutte le altre, alla luce [\u2026] dell\u2019interesse generale, dell\u2019intera comunit\u00e0 politica e dell\u2019intera Repubblica\u00bb.<\/p>\n<p>Cos\u00ec, quali che siano l\u2019esito del referendum e i pareri dei consigli regionali, l\u2019ultima parola sul passaggio del VCO dal Piemonte alla Lombardia, toccher\u00e0 al Parlamento.<\/p>\n<p>Un\u2019ultima considerazione: nella primavera del 2019 i cittadini Piemontesi saranno chiamati alle urne per le elezioni regionali. Quali conseguenze potrebbe avere il passaggio del VCO alla Lombardia?<\/p>\n<p>Nessuna, rispetto al numero dei consiglieri regionali che continueranno ad essere 50, non incidendo il distacco sulla soglia definita all\u2019articolo 14 del decreto legge n.138\/2011.<\/p>\n<p>Moltissime rispetto alla ripartizione dei seggi, qualora la procedura di distacco dovesse chiudersi prima delle elezioni; ma anche qualora non dovesse esaurirsi prima delle elezioni, la procedura di distacco rappresenter\u00e0 un forte limite per il Consiglio regionale piemontese che non potr\u00e0 approvare una legge elettorale regionale fino a quando la vicenda non sar\u00e0 conclusa.<\/p>\n","protected":false},"excerpt":{"rendered":"<p>di Massimo Cavino Il Consiglio dei ministri dello scorso 8 agosto ha deliberato, su proposta del Ministro dell\u2019interno, Matteo Salvini, l\u2019indizione di un referendum consultivo per il distacco della provincia del Verbano-Cusio-Ossola (VCO), dalla regione Piemonte e la sua aggregazione alla regione Lombardia.<\/p>\n<div class='heateorSssClear'><\/div><div  class='heateor_sss_sharing_container heateor_sss_horizontal_sharing' data-heateor-sss-href='https:\/\/www.lacostituzione.info\/index.php\/2018\/08\/11\/si-muovono-anche-le-montagne-il-referendum-per-il-distacco-dal-piemonte-della-provincia-del-vco\/'><div class='heateor_sss_sharing_title' style=\"font-weight:bold\" >Condividi!<\/div><div class=\"heateor_sss_sharing_ul\"><a aria-label=\"Facebook\" class=\"heateor_sss_facebook\" href=\"https:\/\/www.facebook.com\/sharer\/sharer.php?u=https%3A%2F%2Fwww.lacostituzione.info%2Findex.php%2F2018%2F08%2F11%2Fsi-muovono-anche-le-montagne-il-referendum-per-il-distacco-dal-piemonte-della-provincia-del-vco%2F\" title=\"Facebook\" rel=\"nofollow noopener\" target=\"_blank\" style=\"font-size:32px!important;box-shadow:none;display:inline-block;vertical-align:middle\"><span class=\"heateor_sss_svg\" style=\"background-color:#0765FE;width:35px;height:35px;display:inline-block;opacity:1;float:left;font-size:32px;box-shadow:none;display:inline-block;font-size:16px;padding:0 4px;vertical-align:middle;background-repeat:repeat;overflow:hidden;padding:0;cursor:pointer;box-sizing:content-box\"><svg style=\"display:block;\" focusable=\"false\" aria-hidden=\"true\" xmlns=\"http:\/\/www.w3.org\/2000\/svg\" width=\"100%\" height=\"100%\" viewBox=\"0 0 32 32\"><path fill=\"#fff\" d=\"M28 16c0-6.627-5.373-12-12-12S4 9.373 4 16c0 5.628 3.875 10.35 9.101 11.647v-7.98h-2.474V16H13.1v-1.58c0-4.085 1.849-5.978 5.859-5.978.76 0 2.072.15 2.608.298v3.325c-.283-.03-.775-.045-1.386-.045-1.967 0-2.728.745-2.728 2.683V16h3.92l-.673 3.667h-3.247v8.245C23.395 27.195 28 22.135 28 16Z\"><\/path><\/svg><\/span><\/a><a aria-label=\"Twitter\" class=\"heateor_sss_button_twitter\" href=\"https:\/\/twitter.com\/intent\/tweet?text=Si%20muovono%20anche%20le%20montagne.%20Il%20referendum%20per%20il%20distacco%20dal%20Piemonte%20della%20Provincia%20del%20VCO&url=https%3A%2F%2Fwww.lacostituzione.info%2Findex.php%2F2018%2F08%2F11%2Fsi-muovono-anche-le-montagne-il-referendum-per-il-distacco-dal-piemonte-della-provincia-del-vco%2F\" title=\"Twitter\" rel=\"nofollow noopener\" target=\"_blank\" style=\"font-size:32px!important;box-shadow:none;display:inline-block;vertical-align:middle\"><span class=\"heateor_sss_svg heateor_sss_s__default heateor_sss_s_twitter\" style=\"background-color:#55acee;width:35px;height:35px;display:inline-block;opacity:1;float:left;font-size:32px;box-shadow:none;display:inline-block;font-size:16px;padding:0 4px;vertical-align:middle;background-repeat:repeat;overflow:hidden;padding:0;cursor:pointer;box-sizing:content-box\"><svg style=\"display:block;\" focusable=\"false\" aria-hidden=\"true\" xmlns=\"http:\/\/www.w3.org\/2000\/svg\" width=\"100%\" height=\"100%\" viewBox=\"-4 -4 39 39\"><path d=\"M28 8.557a9.913 9.913 0 0 1-2.828.775 4.93 4.93 0 0 0 2.166-2.725 9.738 9.738 0 0 1-3.13 1.194 4.92 4.92 0 0 0-3.593-1.55 4.924 4.924 0 0 0-4.794 6.049c-4.09-.21-7.72-2.17-10.15-5.15a4.942 4.942 0 0 0-.665 2.477c0 1.71.87 3.214 2.19 4.1a4.968 4.968 0 0 1-2.23-.616v.06c0 2.39 1.7 4.38 3.952 4.83-.414.115-.85.174-1.297.174-.318 0-.626-.03-.928-.086a4.935 4.935 0 0 0 4.6 3.42 9.893 9.893 0 0 1-6.114 2.107c-.398 0-.79-.023-1.175-.068a13.953 13.953 0 0 0 7.55 2.213c9.056 0 14.01-7.507 14.01-14.013 0-.213-.005-.426-.015-.637.96-.695 1.795-1.56 2.455-2.55z\" fill=\"#fff\"><\/path><\/svg><\/span><\/a><a aria-label=\"Reddit\" class=\"heateor_sss_button_reddit\" href=\"https:\/\/reddit.com\/submit?url=https%3A%2F%2Fwww.lacostituzione.info%2Findex.php%2F2018%2F08%2F11%2Fsi-muovono-anche-le-montagne-il-referendum-per-il-distacco-dal-piemonte-della-provincia-del-vco%2F&title=Si%20muovono%20anche%20le%20montagne.%20Il%20referendum%20per%20il%20distacco%20dal%20Piemonte%20della%20Provincia%20del%20VCO\" title=\"Reddit\" rel=\"nofollow noopener\" target=\"_blank\" style=\"font-size:32px!important;box-shadow:none;display:inline-block;vertical-align:middle\"><span class=\"heateor_sss_svg heateor_sss_s__default heateor_sss_s_reddit\" style=\"background-color:#ff5700;width:35px;height:35px;display:inline-block;opacity:1;float:left;font-size:32px;box-shadow:none;display:inline-block;font-size:16px;padding:0 4px;vertical-align:middle;background-repeat:repeat;overflow:hidden;padding:0;cursor:pointer;box-sizing:content-box\"><svg style=\"display:block;\" focusable=\"false\" aria-hidden=\"true\" xmlns=\"http:\/\/www.w3.org\/2000\/svg\" width=\"100%\" height=\"100%\" viewBox=\"-3.5 -3.5 39 39\"><path d=\"M28.543 15.774a2.953 2.953 0 0 0-2.951-2.949 2.882 2.882 0 0 0-1.9.713 14.075 14.075 0 0 0-6.85-2.044l1.38-4.349 3.768.884a2.452 2.452 0 1 0 .24-1.176l-4.274-1a.6.6 0 0 0-.709.4l-1.659 5.224a14.314 14.314 0 0 0-7.316 2.029 2.908 2.908 0 0 0-1.872-.681 2.942 2.942 0 0 0-1.618 5.4 5.109 5.109 0 0 0-.062.765c0 4.158 5.037 7.541 11.229 7.541s11.22-3.383 11.22-7.541a5.2 5.2 0 0 0-.053-.706 2.963 2.963 0 0 0 1.427-2.51zm-18.008 1.88a1.753 1.753 0 0 1 1.73-1.74 1.73 1.73 0 0 1 1.709 1.74 1.709 1.709 0 0 1-1.709 1.711 1.733 1.733 0 0 1-1.73-1.711zm9.565 4.968a5.573 5.573 0 0 1-4.081 1.272h-.032a5.576 5.576 0 0 1-4.087-1.272.6.6 0 0 1 .844-.854 4.5 4.5 0 0 0 3.238.927h.032a4.5 4.5 0 0 0 3.237-.927.6.6 0 1 1 .844.854zm-.331-3.256a1.726 1.726 0 1 1 1.709-1.712 1.717 1.717 0 0 1-1.712 1.712z\" fill=\"#fff\"\/><\/svg><\/span><\/a><a aria-label=\"Linkedin\" class=\"heateor_sss_button_linkedin\" href=\"https:\/\/www.linkedin.com\/sharing\/share-offsite\/?url=https%3A%2F%2Fwww.lacostituzione.info%2Findex.php%2F2018%2F08%2F11%2Fsi-muovono-anche-le-montagne-il-referendum-per-il-distacco-dal-piemonte-della-provincia-del-vco%2F\" title=\"Linkedin\" rel=\"nofollow noopener\" target=\"_blank\" style=\"font-size:32px!important;box-shadow:none;display:inline-block;vertical-align:middle\"><span class=\"heateor_sss_svg heateor_sss_s__default heateor_sss_s_linkedin\" style=\"background-color:#0077b5;width:35px;height:35px;display:inline-block;opacity:1;float:left;font-size:32px;box-shadow:none;display:inline-block;font-size:16px;padding:0 4px;vertical-align:middle;background-repeat:repeat;overflow:hidden;padding:0;cursor:pointer;box-sizing:content-box\"><svg style=\"display:block;\" focusable=\"false\" aria-hidden=\"true\" xmlns=\"http:\/\/www.w3.org\/2000\/svg\" width=\"100%\" height=\"100%\" viewBox=\"0 0 32 32\"><path d=\"M6.227 12.61h4.19v13.48h-4.19V12.61zm2.095-6.7a2.43 2.43 0 0 1 0 4.86c-1.344 0-2.428-1.09-2.428-2.43s1.084-2.43 2.428-2.43m4.72 6.7h4.02v1.84h.058c.56-1.058 1.927-2.176 3.965-2.176 4.238 0 5.02 2.792 5.02 6.42v7.395h-4.183v-6.56c0-1.564-.03-3.574-2.178-3.574-2.18 0-2.514 1.7-2.514 3.46v6.668h-4.187V12.61z\" fill=\"#fff\"><\/path><\/svg><\/span><\/a><a aria-label=\"Pinterest\" class=\"heateor_sss_button_pinterest\" href=\"https:\/\/www.lacostituzione.info\/index.php\/2018\/08\/11\/si-muovono-anche-le-montagne-il-referendum-per-il-distacco-dal-piemonte-della-provincia-del-vco\/\" onclick=\"event.preventDefault();javascript:void( (function() {var e=document.createElement('script' );e.setAttribute('type','text\/javascript' );e.setAttribute('charset','UTF-8' );e.setAttribute('src','\/\/assets.pinterest.com\/js\/pinmarklet.js?r='+Math.random()*99999999);document.body.appendChild(e)})());\" title=\"Pinterest\" rel=\"noopener\" style=\"font-size:32px!important;box-shadow:none;display:inline-block;vertical-align:middle\"><span class=\"heateor_sss_svg heateor_sss_s__default heateor_sss_s_pinterest\" style=\"background-color:#cc2329;width:35px;height:35px;display:inline-block;opacity:1;float:left;font-size:32px;box-shadow:none;display:inline-block;font-size:16px;padding:0 4px;vertical-align:middle;background-repeat:repeat;overflow:hidden;padding:0;cursor:pointer;box-sizing:content-box\"><svg style=\"display:block;\" focusable=\"false\" aria-hidden=\"true\" xmlns=\"http:\/\/www.w3.org\/2000\/svg\" width=\"100%\" height=\"100%\" viewBox=\"-2 -2 35 35\"><path fill=\"#fff\" d=\"M16.539 4.5c-6.277 0-9.442 4.5-9.442 8.253 0 2.272.86 4.293 2.705 5.046.303.125.574.005.662-.33.061-.231.205-.816.27-1.06.088-.331.053-.447-.191-.736-.532-.627-.873-1.439-.873-2.591 0-3.338 2.498-6.327 6.505-6.327 3.548 0 5.497 2.168 5.497 5.062 0 3.81-1.686 7.025-4.188 7.025-1.382 0-2.416-1.142-2.085-2.545.397-1.674 1.166-3.48 1.166-4.689 0-1.081-.581-1.983-1.782-1.983-1.413 0-2.548 1.462-2.548 3.419 0 1.247.421 2.091.421 2.091l-1.699 7.199c-.505 2.137-.076 4.755-.039 5.019.021.158.223.196.314.077.13-.17 1.813-2.247 2.384-4.324.162-.587.929-3.631.929-3.631.46.876 1.801 1.646 3.227 1.646 4.247 0 7.128-3.871 7.128-9.053.003-3.918-3.317-7.568-8.361-7.568z\"\/><\/svg><\/span><\/a><a aria-label=\"Whatsapp\" class=\"heateor_sss_whatsapp\" href=\"https:\/\/api.whatsapp.com\/send?text=Si%20muovono%20anche%20le%20montagne.%20Il%20referendum%20per%20il%20distacco%20dal%20Piemonte%20della%20Provincia%20del%20VCO%20https%3A%2F%2Fwww.lacostituzione.info%2Findex.php%2F2018%2F08%2F11%2Fsi-muovono-anche-le-montagne-il-referendum-per-il-distacco-dal-piemonte-della-provincia-del-vco%2F\" title=\"Whatsapp\" rel=\"nofollow noopener\" target=\"_blank\" style=\"font-size:32px!important;box-shadow:none;display:inline-block;vertical-align:middle\"><span class=\"heateor_sss_svg\" style=\"background-color:#55eb4c;width:35px;height:35px;display:inline-block;opacity:1;float:left;font-size:32px;box-shadow:none;display:inline-block;font-size:16px;padding:0 4px;vertical-align:middle;background-repeat:repeat;overflow:hidden;padding:0;cursor:pointer;box-sizing:content-box\"><svg style=\"display:block;\" focusable=\"false\" aria-hidden=\"true\" xmlns=\"http:\/\/www.w3.org\/2000\/svg\" width=\"100%\" height=\"100%\" viewBox=\"-6 -5 40 40\"><path class=\"heateor_sss_svg_stroke heateor_sss_no_fill\" stroke=\"#fff\" stroke-width=\"2\" fill=\"none\" d=\"M 11.579798566743314 24.396926207859085 A 10 10 0 1 0 6.808479557110079 20.73576436351046\"><\/path><path d=\"M 7 19 l -1 6 l 6 -1\" class=\"heateor_sss_no_fill heateor_sss_svg_stroke\" stroke=\"#fff\" stroke-width=\"2\" fill=\"none\"><\/path><path d=\"M 10 10 q -1 8 8 11 c 5 -1 0 -6 -1 -3 q -4 -3 -5 -5 c 4 -2 -1 -5 -1 -4\" fill=\"#fff\"><\/path><\/svg><\/span><\/a><\/div><div class=\"heateorSssClear\"><\/div><\/div><div class='heateorSssClear'><\/div>","protected":false},"author":17,"featured_media":0,"comment_status":"open","ping_status":"open","sticky":false,"template":"","format":"standard","meta":{"jetpack_post_was_ever_published":false,"_jetpack_newsletter_access":"","_jetpack_dont_email_post_to_subs":false,"_jetpack_newsletter_tier_id":0,"_jetpack_memberships_contains_paywalled_content":false,"_jetpack_memberships_contains_paid_content":false,"footnotes":"","jetpack_publicize_message":"","jetpack_publicize_feature_enabled":true,"jetpack_social_post_already_shared":true,"jetpack_social_options":{"image_generator_settings":{"template":"highway","default_image_id":0,"enabled":false},"version":2}},"categories":[5],"tags":[202,51,38,203],"class_list":["post-5583","post","type-post","status-publish","format-standard","hentry","category-lavori-in-corso","tag-lombardia","tag-piemonte","tag-province","tag-referendum-autonomia"],"jetpack_publicize_connections":[],"jetpack_featured_media_url":"","jetpack_shortlink":"https:\/\/wp.me\/p84sDq-1s3","jetpack_likes_enabled":true,"jetpack_sharing_enabled":true,"_links":{"self":[{"href":"https:\/\/www.lacostituzione.info\/index.php\/wp-json\/wp\/v2\/posts\/5583","targetHints":{"allow":["GET"]}}],"collection":[{"href":"https:\/\/www.lacostituzione.info\/index.php\/wp-json\/wp\/v2\/posts"}],"about":[{"href":"https:\/\/www.lacostituzione.info\/index.php\/wp-json\/wp\/v2\/types\/post"}],"author":[{"embeddable":true,"href":"https:\/\/www.lacostituzione.info\/index.php\/wp-json\/wp\/v2\/users\/17"}],"replies":[{"embeddable":true,"href":"https:\/\/www.lacostituzione.info\/index.php\/wp-json\/wp\/v2\/comments?post=5583"}],"version-history":[{"count":0,"href":"https:\/\/www.lacostituzione.info\/index.php\/wp-json\/wp\/v2\/posts\/5583\/revisions"}],"wp:attachment":[{"href":"https:\/\/www.lacostituzione.info\/index.php\/wp-json\/wp\/v2\/media?parent=5583"}],"wp:term":[{"taxonomy":"category","embeddable":true,"href":"https:\/\/www.lacostituzione.info\/index.php\/wp-json\/wp\/v2\/categories?post=5583"},{"taxonomy":"post_tag","embeddable":true,"href":"https:\/\/www.lacostituzione.info\/index.php\/wp-json\/wp\/v2\/tags?post=5583"}],"curies":[{"name":"wp","href":"https:\/\/api.w.org\/{rel}","templated":true}]}}