{"id":5588,"date":"2018-08-15T23:44:22","date_gmt":"2018-08-15T21:44:22","guid":{"rendered":"http:\/\/www.lacostituzione.info\/?p=5588"},"modified":"2018-08-15T23:44:22","modified_gmt":"2018-08-15T21:44:22","slug":"in-spagna-si-decide-di-decidere-aperto-il-dibattito-pubblico-sulleutanasia-e-in-italia","status":"publish","type":"post","link":"https:\/\/www.lacostituzione.info\/index.php\/2018\/08\/15\/in-spagna-si-decide-di-decidere-aperto-il-dibattito-pubblico-sulleutanasia-e-in-italia\/","title":{"rendered":"In Spagna si decide di decidere. Aperto il dibattito pubblico sull\u2019eutanasia \u2026 e in Italia?"},"content":{"rendered":"<p style=\"text-align: center;\"><a href=\"http:\/\/www.lacostituzione.info\/wp-content\/uploads\/2018\/08\/muerte.jpg\"><img loading=\"lazy\" decoding=\"async\" data-attachment-id=\"5589\" data-permalink=\"https:\/\/www.lacostituzione.info\/index.php\/2018\/08\/15\/in-spagna-si-decide-di-decidere-aperto-il-dibattito-pubblico-sulleutanasia-e-in-italia\/muerte\/#main\" data-orig-file=\"https:\/\/www.lacostituzione.info\/wp-content\/uploads\/2018\/08\/muerte.jpg\" data-orig-size=\"900,613\" data-comments-opened=\"1\" data-image-meta=\"{&quot;aperture&quot;:&quot;0&quot;,&quot;credit&quot;:&quot;&quot;,&quot;camera&quot;:&quot;&quot;,&quot;caption&quot;:&quot;&quot;,&quot;created_timestamp&quot;:&quot;0&quot;,&quot;copyright&quot;:&quot;&quot;,&quot;focal_length&quot;:&quot;0&quot;,&quot;iso&quot;:&quot;0&quot;,&quot;shutter_speed&quot;:&quot;0&quot;,&quot;title&quot;:&quot;&quot;,&quot;orientation&quot;:&quot;0&quot;}\" data-image-title=\"muerte\" data-image-description=\"\" data-image-caption=\"\" data-medium-file=\"https:\/\/www.lacostituzione.info\/wp-content\/uploads\/2018\/08\/muerte-300x204.jpg\" data-large-file=\"https:\/\/www.lacostituzione.info\/wp-content\/uploads\/2018\/08\/muerte.jpg\" class=\"aligncenter size-thumbnail wp-image-5589\" src=\"http:\/\/www.lacostituzione.info\/wp-content\/uploads\/2018\/08\/muerte-150x150.jpg\" alt=\"\" width=\"150\" height=\"150\" \/><\/a>di <strong>Ugo Adamo<\/strong><\/p>\n<p>Quest\u2019anno sia in Italia che in Spagna ricorrono anniversari importanti. <!--more-->Nel nostro Paese si celebrano i Settant\u2019anni dall\u2019entrata in vigore della Costituzione, nel Paese iberico sono Quaranta gli anni trascorsi dalla nascita della Carta costituzionale.<\/p>\n<p>Pur in un periodo di regime democratico relativamente breve, il Legislatore spagnolo ha avuto la capacit\u00e0 di normare in maniera sia reattiva che proattiva in tema di diritti civili tanto che, in tale ambito, \u00e8 riuscito a mantenere un \u2018passo avanti\u2019 rispetto a quello italiano. Si ricordino, solo per fare qualche esempio, la disciplina sulla procreazione medicalmente assistita, il matrimonio omosessuale, il c.d. testamento biologico. In Italia, bench\u00e9 con ritardo di diversi lustri, la distanza dalla disciplina legislativa spagnola \u00e8 stata lentamente ridotta e poi colmata. Ma la doppia velocit\u00e0 tra i due Legislatori pare si stia nuovamente riproponendo in queste ultime settimane; infatti, mentre il Parlamento italiano \u00e8 nei fatti silente (come lo \u00e8 il \u2018contratto di governo\u2019 soprattutto in tema di diritti civili), quello iberico, invece, \u00e8 pi\u00f9 che attivo: solo in Spagna si \u00e8 deciso di aprire un dibattitto pubblico sul tema dell\u2019eutanasia e di farlo, per l\u2019appunto, in un luogo pi\u00f9 che appropriato, l\u00ec dove risiede la sovranit\u00e0 popolare, vale a dire nel Parlamento (nelle <em>Cortes Generales<\/em>).<\/p>\n<p>Mentre in Italia \u2013 dove il Legislatore ha deciso di non decidere \u2013 si attende una \u2018difficile\u2019 sentenza della Corte costituzionale (il 23 ottobre \u00e8 stata fissata l\u2019udienza sull\u2019art. 580 c.p. a valle del c.d. processo Cappato), nell\u2019ordinamento spagnolo lo scorso mese di luglio la Camera dei Deputati ha accolto la proposta legislativa in materia di eutanasia avanzata dal Gruppo parlamentare socialista dopo una deliberazione adottata con 206 voti a favore, 132 contrari e 1 astenuto.<\/p>\n<p>Il disegno legislativo \u00e8 rubricato <em>Ley Org\u00e1nica de regulaci\u00f3n de la eutanasia<\/em> e consta di ben 22 articoli ognuno dei quali suddiviso in numerosi commi. L\u2019articolato \u00e8 preceduto dai Motivi che hanno spinto alla presentazione del testo che intende assicurare \u00abuna risposta giuridica, sistematica, equilibrata e garantista a una domanda, qual \u00e8 l\u2019eutanasia, sollecitata dall\u2019attuale societ\u00e0\u00bb.<\/p>\n<p>La legge si prefigge fin da subito l\u2019obbiettivo di stabilire cosa si debba intendere per eutanasia, quali siano i valori costituzionali di riferimento, quali i limiti alle libert\u00e0 individuate.<\/p>\n<p>Per il Legislatore, con il termine eutanasia non si intende fare riferimento ad altre situazioni gi\u00e0 lecite nell\u2019ordinamento spagnolo (cos\u00ec come in quello italiano); non ci si riferisce cio\u00e8 ai concetti errati e fuorvianti di \u2018eutanasia passiva\u2019 (essendo dinanzi ad un rifiuto delle cure) e di \u2018eutanasia attiva indiretta\u2019 (essendo dinanzi all\u2019impiego di cure palliative che hanno il solo fine di sedare il dolore fisico e psichico). Per eutanasia (senza aggettivazione alcuna) viene intesa quella pratica medica il cui il nucleo essenziale \u00e8 cos\u00ec riassumibile: richiesta cosciente e libera da parte di un soggetto malato; raggiungimento di uno stato di malattia talmente grave da essere definito come irreversibile e che comporta che il vivere non sia pi\u00f9 accettabile dalla (e solo dalla) persona richiedente la pratica eutanasica; espressione del principio personalista e della libera autodeterminazione del soggetto richiedente.<\/p>\n<p>Alla base della decisione della presentazione della bozza legislativa, vi \u00e8 la volont\u00e0 politica di <em>parlamentarizzare <\/em>un dibattito gi\u00e0 da tempo avviato in ambito accademico cos\u00ec come in quello della societ\u00e0 civile e che ciclicamente e carsicamente si ripropone all\u2019indomani di casi tragici che continuano a non avere una risposta seppur richiesta. L\u2019odierno dibattito trova l\u2019abbrivio dalla sempre pi\u00f9 incisiva influenza che la tecnica (nei paesi \u2018sviluppati\u2019) ha sul corpo e pi\u00f9 in generale sulla vita di ognuno di noi, tanto che \u00e8 sempre pi\u00f9 \u2018naturale\u2019, ad esempio, trovarsi nella condizione di prolungamento dell\u2019aspettativa di vita, anche in condizioni di grave malattia, pur in assenza di cure efficaci ed adeguate o di un significativo miglioramento della qualit\u00e0 della vita stessa.<\/p>\n<p>Il proponente aggancia il tema eutanasico ai diritti fondamentali della libert\u00e0, dell\u2019autonomia e del bene della dignit\u00e0 della persona. Ma la tutela di questi diritti, <em>in primis<\/em> quello della vita, esige che la richiesta di porre fine alla propria vita tramite un <em>facere<\/em> (vale a dire un intervento attivo) da parte di terzi possa e debba essere avanzata solo ed esclusivamente in alcune, tassative e legalizzate circostanze.<\/p>\n<p>La tutela della vita, come pure della stessa dignit\u00e0 umana \u2013 ed in particolare la protezione dei soggetti pi\u00f9 deboli e vulnerabili \u2013 si assicura proprio garantendo che ogni persona possa s\u00ec esprimersi attraverso la propria autodeterminazione, ma sempre nel rispetto di determinati limiti anche quando non si interferisca in sfere giuridiche altrui; d\u2019altronde, in uno Stato costituzionale nessun diritto \u00e8 da considerarsi esente da limiti, e ci\u00f2 per scongiurare quella che da C. Schmitt fu definita la \u00abtirannia dei valori\u00bb. Facendo nostre le parole di R. Dworkin, la ragionevolezza della previsione di limiti all\u2019autodeterminazione si fonda sull\u2019assunto che seppure \u00abogni persona ha il diritto di prendere da sola decisioni personali importanti [, &#8230;] le persone possono fare scelte di tale portata in modo impulsivo o spinte dalla depressione\u00bb. Per assicurare che l\u2019autonomia del richiedente l\u2019eutanasia si esprima nel modo pi\u00f9 pieno e libero ed affinch\u00e9 lo Stato possa adempiere al compito di tutelare il soggetto anche contro se stesso \u00e8 necessario che il ricorso all\u2019eutanasia sia limitato e rigidamente circoscritto.<\/p>\n<p>D\u2019altronde, in tutti i Paesi dove le pratiche eutanasiche sono riconosciute, il vaglio del controllo della loro costituzionalit\u00e0 \u00e8 stato favorevole nei riguardi di quelle legislazioni che prevedevano il rispetto di concreti requisiti e garanzie (anche la Corte europea dei diritti dell\u2019uomo assume questa chiave interpretativa).<\/p>\n<p>Nel Capitolo I della <em>proposici\u00f3n de ley<\/em> si definiscono i termini impiegati nell\u2019articolato, quale, fra gli altri, quello di \u00abinvalidit\u00e0 grave cronica\u00bb (\u00absituazione in cui si produce per la persona malata una disabilit\u00e0 generalizzata, senza che vi siano possibilit\u00e0 di cura ben fondate ed essendovi, d\u2019altra parte, una certezza o un\u2019alta probabilit\u00e0 che tale disabilit\u00e0 possa persistere per il resto della sua vita. Per limitazioni si intendono quelle che influenzano profondamente l\u2019autonomia fisica e le attivit\u00e0 della vita quotidiana cos\u00ec come la capacit\u00e0 di espressione e relazione, e che sono procurate dalle sofferenze fisiche o psichiche costanti e intollerabili, senza possibilit\u00e0 di sollievo e considerate come tali dal paziente. Il riferimento all\u2019\u2018invalidit\u00e0 grave cronica\u2019, a volte, pu\u00f2 significare l\u2019assoluta dipendenza dal supporto tecnologico\u00bb). Altra espressione descritta dal Legislatore \u00e8 quella di \u00abmalattia grave ed incurabile\u00bb (che per sua natura causa sofferenze fisiche o psichiche, costanti e insopportabili, senza possibilit\u00e0 di sollievo, che il paziente considera intollerabili, con una prognosi di vita limitata, in un contesto di progressiva fragilit\u00e0).<\/p>\n<p>Nel Capitolo II si stabiliscono i presupposti per la richiesta eutanasica, intesa sia come aiuto al suicidio che come omicidio del consenziente: qualsiasi persona maggiorenne (in possesso di cittadinanza o di residenza spagnola) e in piena capacit\u00e0 di agire e decidere pu\u00f2 richiedere e ricevere tale aiuto, a condizione che lo faccia in modo autonomo, cosciente e consapevole (anche tramite <em>instrucciones previas<\/em>, quelle che in italiano possono essere tradotte come disposizioni anticipate di trattamento secondo l\u2019espressione che il Legislatore italiano ha deciso di utilizzare nella l. n. 219 del 2017) e purch\u00e9 si trovi in una situazione di <em>malattia grave ed incurabile<\/em> o di <em>invalidit\u00e0 grave cronica<\/em>, causa di sofferenze fisiche o mentali intollerabili.<\/p>\n<p>In ultimo, nel Capitolo III si riconosce il diritto all\u2019obiezione di coscienza dei medici.<\/p>\n<p>Quindi, si avanza la riforma dell\u2019art. 143, comma 4, del Codice penale (in Italia, il riferimento, come \u00e8 noto, va agli artt. 579 e 580 cod. pen.), in maniera che \u00abnon sar\u00e0 punibile la condotta del medico che con atti necessari e diretti causa o collabora alla morte di una persona quando questa soffre di una malattia grave e incurabile o grave disabilit\u00e0 cronica, nei termini stabiliti dalla legge\u2026\u00bb.<\/p>\n<p>L\u2019attuale Legislatura terminer\u00e0 nel luglio del 2020; se le Camere saranno sciolte alla fine della stessa, e non prima, \u00e8 probabile che il Legislatore riesca a deliberare sulla normativa in questione, bench\u00e9 sia necessaria la maggioranza assoluta, dal momento che la fonte del diritto richiesta non \u00e8 una semplice legge ordinaria, ma una legge organica, costituendo essa, nel caso particolare \u2013 e cos\u00ec come richiesto dalla Costituzione spagnola\u2013, uno sviluppo dei diritti fondamentali.<\/p>\n<p>\u00c8 possibile ritenere che la legge possa concludere positivamente il suo <em>iter<\/em> e che durante la discussione intorno al progetto di riforma legislativa possano essere apportate delle modifiche emendative \u2018positive\u2019 come quelle che non prevedano una limitazione della richiesta delle pratiche eutanasiche per i soli maggiorenni, estendendole anche ai minori di et\u00e0 (ai soli c.d. minori maturi), fermi restando, ben inteso, i presupposti per la richiesta. Una ulteriore auspicabile modifica potrebbe riguardare l\u2019intervento della <em>Comisi\u00f3n de Control y Evaluaci\u00f3n<\/em> (art. 20) successivo e non preventivo (per come ora sarebbe previsto) all\u2019eutanasia e ci\u00f2 per non burocratizzare eccessivamente la procedura e per la constatazione che gi\u00e0 \u00e8 richiesto un intervento medico \u2018duplice\u2019 per arrestare il pericolo di un pendio scivoloso e limitare il rischio di errore medico (\u00abil medico deve consultare un altro specialista che non faccia gi\u00e0 parte dell\u2019<em>\u00e9quipe<\/em> medica e che sia competente nel campo delle patologie del richiedente; tale medico, dopo aver analizzato la storia clinica ed effettuato l\u2019esame del paziente, deve confermare la presenza delle condizioni stabilite [dalla legge], entro un periodo massimo di 10 giorni. Egli dovr\u00e0 anche scrivere un rapporto che verr\u00e0 consegnato al paziente che richiede l\u2019assistenza a morire, e che diventer\u00e0 parte della sua storia medica\u00bb: art. 9, comma 6, della <em>proposici\u00f3n de ley<\/em>).<\/p>\n<p>In ogni caso, le due previsioni presenti nel disegno di legge (e che qui si auspica possano essere emendate) rimangono comunque ragionevoli (seppur non <em>strettamente<\/em> imprescindibili) durante una prima fase di elaborazione legislativa.<\/p>\n<p>Prima di chiudere queste brevi note, non sembra superfluo ricordare che quando si norma su un diritto, quello che si <em>permette<\/em> \u00e8 un esercizio <em>facoltativo<\/em> e <em>non<\/em> <em>obbligatorio<\/em> e che lo stesso \u00e8 consentito solo ed esclusivamente in presenza di una richiesta volontaria, libera, <em>id est<\/em>, da qualsiasi costrizione. L\u2019esercizio del diritto deve attuarsi come esercizio di <em>libert\u00e0<\/em>.<\/p>\n<p>Sono passati vent\u2019anni dalla morte del cittadino spagnolo R. Sampedro procurata con l\u2019aiuto di chi \u00e8 rimasto ignoto, e ancor di pi\u00f9 da quando egli stesso scriveva che \u00absolo il tempo e lo sviluppo delle coscienze qualificheranno la mia richiesta come ragionevole o meno\u00bb e rispondeva che \u00abuna vita che nega la libert\u00e0 non \u00e8 vita\u00bb a chi affermava che \u00abuna libert\u00e0 che nega la vita non \u00e8 libert\u00e0\u00bb (in italiano il libro di R. Sampedro \u00e8 edito da Mondadori con il titolo di <em>Mare dentro<\/em>; da questo \u00e8 stato tratto il film diretto da Alejandro Amen\u00e1bar).<\/p>\n<p>Il dibattito parlamentare, in Spagna, \u00e8, quindi, aperto. Noi non possiamo che rimanere in attesa della decisione della Corte costituzionale italiana.<\/p>\n","protected":false},"excerpt":{"rendered":"<p>di Ugo Adamo Quest\u2019anno sia in Italia che in Spagna ricorrono anniversari importanti.<\/p>\n<div class='heateorSssClear'><\/div><div  class='heateor_sss_sharing_container heateor_sss_horizontal_sharing' data-heateor-sss-href='https:\/\/www.lacostituzione.info\/index.php\/2018\/08\/15\/in-spagna-si-decide-di-decidere-aperto-il-dibattito-pubblico-sulleutanasia-e-in-italia\/'><div class='heateor_sss_sharing_title' style=\"font-weight:bold\" >Condividi!<\/div><div class=\"heateor_sss_sharing_ul\"><a aria-label=\"Facebook\" class=\"heateor_sss_facebook\" href=\"https:\/\/www.facebook.com\/sharer\/sharer.php?u=https%3A%2F%2Fwww.lacostituzione.info%2Findex.php%2F2018%2F08%2F15%2Fin-spagna-si-decide-di-decidere-aperto-il-dibattito-pubblico-sulleutanasia-e-in-italia%2F\" title=\"Facebook\" rel=\"nofollow noopener\" target=\"_blank\" style=\"font-size:32px!important;box-shadow:none;display:inline-block;vertical-align:middle\"><span class=\"heateor_sss_svg\" style=\"background-color:#0765FE;width:35px;height:35px;display:inline-block;opacity:1;float:left;font-size:32px;box-shadow:none;display:inline-block;font-size:16px;padding:0 4px;vertical-align:middle;background-repeat:repeat;overflow:hidden;padding:0;cursor:pointer;box-sizing:content-box\"><svg style=\"display:block;\" focusable=\"false\" aria-hidden=\"true\" xmlns=\"http:\/\/www.w3.org\/2000\/svg\" width=\"100%\" height=\"100%\" viewBox=\"0 0 32 32\"><path fill=\"#fff\" d=\"M28 16c0-6.627-5.373-12-12-12S4 9.373 4 16c0 5.628 3.875 10.35 9.101 11.647v-7.98h-2.474V16H13.1v-1.58c0-4.085 1.849-5.978 5.859-5.978.76 0 2.072.15 2.608.298v3.325c-.283-.03-.775-.045-1.386-.045-1.967 0-2.728.745-2.728 2.683V16h3.92l-.673 3.667h-3.247v8.245C23.395 27.195 28 22.135 28 16Z\"><\/path><\/svg><\/span><\/a><a aria-label=\"Twitter\" class=\"heateor_sss_button_twitter\" href=\"https:\/\/twitter.com\/intent\/tweet?text=In%20Spagna%20si%20decide%20di%20decidere.%20Aperto%20il%20dibattito%20pubblico%20sull%E2%80%99eutanasia%20%E2%80%A6%20e%20in%20Italia%3F&url=https%3A%2F%2Fwww.lacostituzione.info%2Findex.php%2F2018%2F08%2F15%2Fin-spagna-si-decide-di-decidere-aperto-il-dibattito-pubblico-sulleutanasia-e-in-italia%2F\" title=\"Twitter\" rel=\"nofollow noopener\" target=\"_blank\" style=\"font-size:32px!important;box-shadow:none;display:inline-block;vertical-align:middle\"><span class=\"heateor_sss_svg heateor_sss_s__default heateor_sss_s_twitter\" style=\"background-color:#55acee;width:35px;height:35px;display:inline-block;opacity:1;float:left;font-size:32px;box-shadow:none;display:inline-block;font-size:16px;padding:0 4px;vertical-align:middle;background-repeat:repeat;overflow:hidden;padding:0;cursor:pointer;box-sizing:content-box\"><svg style=\"display:block;\" focusable=\"false\" aria-hidden=\"true\" xmlns=\"http:\/\/www.w3.org\/2000\/svg\" width=\"100%\" height=\"100%\" viewBox=\"-4 -4 39 39\"><path d=\"M28 8.557a9.913 9.913 0 0 1-2.828.775 4.93 4.93 0 0 0 2.166-2.725 9.738 9.738 0 0 1-3.13 1.194 4.92 4.92 0 0 0-3.593-1.55 4.924 4.924 0 0 0-4.794 6.049c-4.09-.21-7.72-2.17-10.15-5.15a4.942 4.942 0 0 0-.665 2.477c0 1.71.87 3.214 2.19 4.1a4.968 4.968 0 0 1-2.23-.616v.06c0 2.39 1.7 4.38 3.952 4.83-.414.115-.85.174-1.297.174-.318 0-.626-.03-.928-.086a4.935 4.935 0 0 0 4.6 3.42 9.893 9.893 0 0 1-6.114 2.107c-.398 0-.79-.023-1.175-.068a13.953 13.953 0 0 0 7.55 2.213c9.056 0 14.01-7.507 14.01-14.013 0-.213-.005-.426-.015-.637.96-.695 1.795-1.56 2.455-2.55z\" fill=\"#fff\"><\/path><\/svg><\/span><\/a><a aria-label=\"Reddit\" class=\"heateor_sss_button_reddit\" href=\"https:\/\/reddit.com\/submit?url=https%3A%2F%2Fwww.lacostituzione.info%2Findex.php%2F2018%2F08%2F15%2Fin-spagna-si-decide-di-decidere-aperto-il-dibattito-pubblico-sulleutanasia-e-in-italia%2F&title=In%20Spagna%20si%20decide%20di%20decidere.%20Aperto%20il%20dibattito%20pubblico%20sull%E2%80%99eutanasia%20%E2%80%A6%20e%20in%20Italia%3F\" title=\"Reddit\" rel=\"nofollow noopener\" target=\"_blank\" style=\"font-size:32px!important;box-shadow:none;display:inline-block;vertical-align:middle\"><span class=\"heateor_sss_svg heateor_sss_s__default heateor_sss_s_reddit\" style=\"background-color:#ff5700;width:35px;height:35px;display:inline-block;opacity:1;float:left;font-size:32px;box-shadow:none;display:inline-block;font-size:16px;padding:0 4px;vertical-align:middle;background-repeat:repeat;overflow:hidden;padding:0;cursor:pointer;box-sizing:content-box\"><svg style=\"display:block;\" focusable=\"false\" aria-hidden=\"true\" xmlns=\"http:\/\/www.w3.org\/2000\/svg\" width=\"100%\" height=\"100%\" viewBox=\"-3.5 -3.5 39 39\"><path d=\"M28.543 15.774a2.953 2.953 0 0 0-2.951-2.949 2.882 2.882 0 0 0-1.9.713 14.075 14.075 0 0 0-6.85-2.044l1.38-4.349 3.768.884a2.452 2.452 0 1 0 .24-1.176l-4.274-1a.6.6 0 0 0-.709.4l-1.659 5.224a14.314 14.314 0 0 0-7.316 2.029 2.908 2.908 0 0 0-1.872-.681 2.942 2.942 0 0 0-1.618 5.4 5.109 5.109 0 0 0-.062.765c0 4.158 5.037 7.541 11.229 7.541s11.22-3.383 11.22-7.541a5.2 5.2 0 0 0-.053-.706 2.963 2.963 0 0 0 1.427-2.51zm-18.008 1.88a1.753 1.753 0 0 1 1.73-1.74 1.73 1.73 0 0 1 1.709 1.74 1.709 1.709 0 0 1-1.709 1.711 1.733 1.733 0 0 1-1.73-1.711zm9.565 4.968a5.573 5.573 0 0 1-4.081 1.272h-.032a5.576 5.576 0 0 1-4.087-1.272.6.6 0 0 1 .844-.854 4.5 4.5 0 0 0 3.238.927h.032a4.5 4.5 0 0 0 3.237-.927.6.6 0 1 1 .844.854zm-.331-3.256a1.726 1.726 0 1 1 1.709-1.712 1.717 1.717 0 0 1-1.712 1.712z\" fill=\"#fff\"\/><\/svg><\/span><\/a><a aria-label=\"Linkedin\" class=\"heateor_sss_button_linkedin\" href=\"https:\/\/www.linkedin.com\/sharing\/share-offsite\/?url=https%3A%2F%2Fwww.lacostituzione.info%2Findex.php%2F2018%2F08%2F15%2Fin-spagna-si-decide-di-decidere-aperto-il-dibattito-pubblico-sulleutanasia-e-in-italia%2F\" title=\"Linkedin\" rel=\"nofollow noopener\" target=\"_blank\" style=\"font-size:32px!important;box-shadow:none;display:inline-block;vertical-align:middle\"><span class=\"heateor_sss_svg heateor_sss_s__default heateor_sss_s_linkedin\" style=\"background-color:#0077b5;width:35px;height:35px;display:inline-block;opacity:1;float:left;font-size:32px;box-shadow:none;display:inline-block;font-size:16px;padding:0 4px;vertical-align:middle;background-repeat:repeat;overflow:hidden;padding:0;cursor:pointer;box-sizing:content-box\"><svg style=\"display:block;\" focusable=\"false\" aria-hidden=\"true\" xmlns=\"http:\/\/www.w3.org\/2000\/svg\" width=\"100%\" height=\"100%\" viewBox=\"0 0 32 32\"><path d=\"M6.227 12.61h4.19v13.48h-4.19V12.61zm2.095-6.7a2.43 2.43 0 0 1 0 4.86c-1.344 0-2.428-1.09-2.428-2.43s1.084-2.43 2.428-2.43m4.72 6.7h4.02v1.84h.058c.56-1.058 1.927-2.176 3.965-2.176 4.238 0 5.02 2.792 5.02 6.42v7.395h-4.183v-6.56c0-1.564-.03-3.574-2.178-3.574-2.18 0-2.514 1.7-2.514 3.46v6.668h-4.187V12.61z\" fill=\"#fff\"><\/path><\/svg><\/span><\/a><a aria-label=\"Pinterest\" class=\"heateor_sss_button_pinterest\" href=\"https:\/\/www.lacostituzione.info\/index.php\/2018\/08\/15\/in-spagna-si-decide-di-decidere-aperto-il-dibattito-pubblico-sulleutanasia-e-in-italia\/\" onclick=\"event.preventDefault();javascript:void( (function() {var e=document.createElement('script' );e.setAttribute('type','text\/javascript' );e.setAttribute('charset','UTF-8' );e.setAttribute('src','\/\/assets.pinterest.com\/js\/pinmarklet.js?r='+Math.random()*99999999);document.body.appendChild(e)})());\" title=\"Pinterest\" rel=\"noopener\" style=\"font-size:32px!important;box-shadow:none;display:inline-block;vertical-align:middle\"><span class=\"heateor_sss_svg heateor_sss_s__default heateor_sss_s_pinterest\" style=\"background-color:#cc2329;width:35px;height:35px;display:inline-block;opacity:1;float:left;font-size:32px;box-shadow:none;display:inline-block;font-size:16px;padding:0 4px;vertical-align:middle;background-repeat:repeat;overflow:hidden;padding:0;cursor:pointer;box-sizing:content-box\"><svg style=\"display:block;\" focusable=\"false\" aria-hidden=\"true\" xmlns=\"http:\/\/www.w3.org\/2000\/svg\" width=\"100%\" height=\"100%\" viewBox=\"-2 -2 35 35\"><path fill=\"#fff\" d=\"M16.539 4.5c-6.277 0-9.442 4.5-9.442 8.253 0 2.272.86 4.293 2.705 5.046.303.125.574.005.662-.33.061-.231.205-.816.27-1.06.088-.331.053-.447-.191-.736-.532-.627-.873-1.439-.873-2.591 0-3.338 2.498-6.327 6.505-6.327 3.548 0 5.497 2.168 5.497 5.062 0 3.81-1.686 7.025-4.188 7.025-1.382 0-2.416-1.142-2.085-2.545.397-1.674 1.166-3.48 1.166-4.689 0-1.081-.581-1.983-1.782-1.983-1.413 0-2.548 1.462-2.548 3.419 0 1.247.421 2.091.421 2.091l-1.699 7.199c-.505 2.137-.076 4.755-.039 5.019.021.158.223.196.314.077.13-.17 1.813-2.247 2.384-4.324.162-.587.929-3.631.929-3.631.46.876 1.801 1.646 3.227 1.646 4.247 0 7.128-3.871 7.128-9.053.003-3.918-3.317-7.568-8.361-7.568z\"\/><\/svg><\/span><\/a><a aria-label=\"Whatsapp\" class=\"heateor_sss_whatsapp\" href=\"https:\/\/api.whatsapp.com\/send?text=In%20Spagna%20si%20decide%20di%20decidere.%20Aperto%20il%20dibattito%20pubblico%20sull%E2%80%99eutanasia%20%E2%80%A6%20e%20in%20Italia%3F%20https%3A%2F%2Fwww.lacostituzione.info%2Findex.php%2F2018%2F08%2F15%2Fin-spagna-si-decide-di-decidere-aperto-il-dibattito-pubblico-sulleutanasia-e-in-italia%2F\" title=\"Whatsapp\" rel=\"nofollow noopener\" target=\"_blank\" style=\"font-size:32px!important;box-shadow:none;display:inline-block;vertical-align:middle\"><span class=\"heateor_sss_svg\" style=\"background-color:#55eb4c;width:35px;height:35px;display:inline-block;opacity:1;float:left;font-size:32px;box-shadow:none;display:inline-block;font-size:16px;padding:0 4px;vertical-align:middle;background-repeat:repeat;overflow:hidden;padding:0;cursor:pointer;box-sizing:content-box\"><svg style=\"display:block;\" focusable=\"false\" aria-hidden=\"true\" xmlns=\"http:\/\/www.w3.org\/2000\/svg\" width=\"100%\" height=\"100%\" viewBox=\"-6 -5 40 40\"><path class=\"heateor_sss_svg_stroke heateor_sss_no_fill\" stroke=\"#fff\" stroke-width=\"2\" fill=\"none\" d=\"M 11.579798566743314 24.396926207859085 A 10 10 0 1 0 6.808479557110079 20.73576436351046\"><\/path><path d=\"M 7 19 l -1 6 l 6 -1\" class=\"heateor_sss_no_fill heateor_sss_svg_stroke\" stroke=\"#fff\" stroke-width=\"2\" fill=\"none\"><\/path><path d=\"M 10 10 q -1 8 8 11 c 5 -1 0 -6 -1 -3 q -4 -3 -5 -5 c 4 -2 -1 -5 -1 -4\" fill=\"#fff\"><\/path><\/svg><\/span><\/a><\/div><div class=\"heateorSssClear\"><\/div><\/div><div class='heateorSssClear'><\/div>","protected":false},"author":1,"featured_media":0,"comment_status":"open","ping_status":"open","sticky":false,"template":"","format":"standard","meta":{"jetpack_post_was_ever_published":false,"_jetpack_newsletter_access":"","_jetpack_dont_email_post_to_subs":false,"_jetpack_newsletter_tier_id":0,"_jetpack_memberships_contains_paywalled_content":false,"_jetpack_memberships_contains_paid_content":false,"footnotes":"","jetpack_publicize_message":"","jetpack_publicize_feature_enabled":true,"jetpack_social_post_already_shared":true,"jetpack_social_options":{"image_generator_settings":{"template":"highway","default_image_id":0,"enabled":false},"version":2}},"categories":[5],"tags":[462,113,1042],"class_list":["post-5588","post","type-post","status-publish","format-standard","hentry","category-lavori-in-corso","tag-eutanasia","tag-parlamento","tag-spagna"],"jetpack_publicize_connections":[],"jetpack_featured_media_url":"","jetpack_shortlink":"https:\/\/wp.me\/p84sDq-1s8","jetpack_likes_enabled":true,"jetpack_sharing_enabled":true,"_links":{"self":[{"href":"https:\/\/www.lacostituzione.info\/index.php\/wp-json\/wp\/v2\/posts\/5588","targetHints":{"allow":["GET"]}}],"collection":[{"href":"https:\/\/www.lacostituzione.info\/index.php\/wp-json\/wp\/v2\/posts"}],"about":[{"href":"https:\/\/www.lacostituzione.info\/index.php\/wp-json\/wp\/v2\/types\/post"}],"author":[{"embeddable":true,"href":"https:\/\/www.lacostituzione.info\/index.php\/wp-json\/wp\/v2\/users\/1"}],"replies":[{"embeddable":true,"href":"https:\/\/www.lacostituzione.info\/index.php\/wp-json\/wp\/v2\/comments?post=5588"}],"version-history":[{"count":0,"href":"https:\/\/www.lacostituzione.info\/index.php\/wp-json\/wp\/v2\/posts\/5588\/revisions"}],"wp:attachment":[{"href":"https:\/\/www.lacostituzione.info\/index.php\/wp-json\/wp\/v2\/media?parent=5588"}],"wp:term":[{"taxonomy":"category","embeddable":true,"href":"https:\/\/www.lacostituzione.info\/index.php\/wp-json\/wp\/v2\/categories?post=5588"},{"taxonomy":"post_tag","embeddable":true,"href":"https:\/\/www.lacostituzione.info\/index.php\/wp-json\/wp\/v2\/tags?post=5588"}],"curies":[{"name":"wp","href":"https:\/\/api.w.org\/{rel}","templated":true}]}}