{"id":5629,"date":"2018-08-25T15:21:44","date_gmt":"2018-08-25T13:21:44","guid":{"rendered":"http:\/\/www.lacostituzione.info\/?p=5629"},"modified":"2018-08-25T15:48:33","modified_gmt":"2018-08-25T13:48:33","slug":"cosa-rischia-salvini-cosa-rischia-il-paese","status":"publish","type":"post","link":"https:\/\/www.lacostituzione.info\/index.php\/2018\/08\/25\/cosa-rischia-salvini-cosa-rischia-il-paese\/","title":{"rendered":"Cosa rischia Salvini? Cosa rischia il Paese?"},"content":{"rendered":"<p><a href=\"http:\/\/www.lacostituzione.info\/wp-content\/uploads\/2018\/08\/salvini-diciotti-2.png\"><img loading=\"lazy\" decoding=\"async\" data-attachment-id=\"5633\" data-permalink=\"https:\/\/www.lacostituzione.info\/index.php\/2018\/08\/25\/cosa-rischia-salvini-cosa-rischia-il-paese\/salvini-diciotti-2\/#main\" data-orig-file=\"https:\/\/www.lacostituzione.info\/wp-content\/uploads\/2018\/08\/salvini-diciotti-2.png\" data-orig-size=\"990,720\" data-comments-opened=\"1\" data-image-meta=\"{&quot;aperture&quot;:&quot;0&quot;,&quot;credit&quot;:&quot;&quot;,&quot;camera&quot;:&quot;&quot;,&quot;caption&quot;:&quot;&quot;,&quot;created_timestamp&quot;:&quot;0&quot;,&quot;copyright&quot;:&quot;&quot;,&quot;focal_length&quot;:&quot;0&quot;,&quot;iso&quot;:&quot;0&quot;,&quot;shutter_speed&quot;:&quot;0&quot;,&quot;title&quot;:&quot;&quot;,&quot;orientation&quot;:&quot;0&quot;}\" data-image-title=\"salvini-diciotti 2\" data-image-description=\"\" data-image-caption=\"\" data-medium-file=\"https:\/\/www.lacostituzione.info\/wp-content\/uploads\/2018\/08\/salvini-diciotti-2-300x218.png\" data-large-file=\"https:\/\/www.lacostituzione.info\/wp-content\/uploads\/2018\/08\/salvini-diciotti-2.png\" class=\"alignright size-thumbnail wp-image-5633\" src=\"http:\/\/www.lacostituzione.info\/wp-content\/uploads\/2018\/08\/salvini-diciotti-2-150x150.png\" alt=\"\" width=\"150\" height=\"150\" \/><\/a>di <strong>Alessandro Morelli<\/strong><\/p>\n<p>\u00abInterrogasse me, non andasse a chiedere lumi a dei funzionari, che svolgono delle direttive che il responsabile d\u00e0, cio\u00e8 io. [\u2026] Se questo magistrato vuole capire qualcosa deve evitare i passaggi intermedi. Visto che c\u2019\u00e8 questo presunto sequestratore, che per qualcuno sarei io, sono disponibile a farmi interrogare domani mattina\u00bb, <!--more-->ha dichiarato due giorni fa il Ministro Salvini in un\u2019intervista a Rai Radio 1. Il riferimento era al Procuratore di Agrigento, che, riguardo alla vicenda del trattenimento di 150 migranti a bordo della nave Diciotti della Guardia Costiera, ferma ormai da diversi giorni presso il porto di Catania, ha avviato un\u2019inchiesta contro ignoti per sequestro di persona e arresto illegale.<\/p>\n<p>Colpisce la durezza della reazione e induce a chiedersi cosa rischi effettivamente Salvini qualora il procedimento andasse avanti e coinvolgesse il \u201cresponsabile\u201d della situazione, secondo le provocatorie affermazioni dello stesso Ministro.<\/p>\n<p>La Costituzione prevede che, per quanto riguarda i reati commessi nell\u2019esercizio delle funzioni, il Presidente del Consiglio e i ministri, \u00ab<em>anche se cessati dalla carica<\/em>\u00bb, sono sottoposti \u00ab<em>alla giurisdizione ordinaria, previa autorizzazione del Senato della Repubblica o della Camera dei Deputati, secondo le norme stabilite con legge costituzionale<\/em>\u00bb (art. 96). Tale disposizione \u00e8 stata modificata dalla legge costituzionale n. 1 del 1989, prima della quale anche il Presidente del Consiglio e i ministri, al pari di quanto \u00e8 ancora previsto per il Presidente della Repubblica (art. 90), in caso di reati commessi nell\u2019esercizio delle funzioni, dovevano essere messi in stato d\u2019accusa dal Parlamento in seduta comune e giudicati dalla Corte costituzionale.<\/p>\n<p>Il Ministro dell\u2019Interno, dunque, rischia, <em>in astratto<\/em>, un processo penale dinanzi alla giurisdizione ordinaria, peraltro per reati di particolare gravit\u00e0.<\/p>\n<p>Lo stesso art. 96 Cost. stabilisce, tuttavia, che il processo possa avere luogo previa autorizzazione parlamentare e la legge costituzionale del 1989 precisa che l\u2019autorizzazione deve essere data dalla Camera cui appartengono le persone nei cui confronti si deve procedere, anche se il procedimento riguardi soggetti che non sono parlamentari. La competenza spetta, invece, al Senato se le persone appartengono a Camere diverse o se si deve procedere esclusivamente nei confronti di soggetti che non sono membri delle Camere (art. 5).<\/p>\n<p>Il Parlamento, tuttavia, non pu\u00f2 negare a piacimento l\u2019autorizzazione. La normativa vigente richiede, infatti, alcune condizioni: in particolare, l\u2019art. 9, comma 3, della legge attuativa stabilisce che la Camera competente a dare l\u2019autorizzazione \u00ab<em>pu\u00f2, a maggioranza assoluta dei suoi componenti, negare l\u2019autorizzazione a procedere ove reputi, con valutazione insindacabile, che l\u2019inquisito abbia agito per la tutela di un interesse dello Stato costituzionalmente rilevante ovvero per il perseguimento di un preminente interesse pubblico nell\u2019esercizio della funzione di Governo<\/em>\u00bb. Possono certo sorgere dubbi sulla natura del reato contestato, se cio\u00e8 si tratti di un reato \u201cministeriale\u201d o \u201ccomune\u201d e, in passato, \u00e8 stata pi\u00f9 volte chiamata a pronunciarsi sul punto la Corte costituzionale in sede di conflitto di attribuzione tra poteri dello Stato (sentenze nn. 241 del 2009, 87 e 88 del 2012).<\/p>\n<p>Il Ministro dell\u2019Interno \u00e8 probabilmente convinto che, nell\u2019ipotesi in cui l\u2019inchiesta giudiziaria avviata dalla Procura di Agrigento finisse con il coinvolgerlo, il reato sarebbe qualificato come \u201cministeriale\u201d ed egli, appellandosi al \u00ab<em>preminente interesse pubblico<\/em>\u00bb, perseguito \u00ab<em>nell\u2019esercizio della funzione di Governo<\/em>\u00bb e potendo contare sull\u2019appoggio della maggioranza assoluta del Senato, non avrebbe molto da temere. Certo, si sa che le condizioni politiche possono mutare anche rapidamente e non \u00e8 detto che le cose vadano esattamente come previsto.<\/p>\n<p>Se, dunque, Salvini non sembrerebbe rischiare granch\u00e9 in questa vicenda (almeno per il momento), il pericolo che il Paese corre, come ha ben scritto <a href=\"http:\/\/www.lacostituzione.info\/index.php\/2018\/08\/24\/qualcuno-potrebbe-spiegare-a-salvini-e-bongiorno-a-cosa-serve-la-costituzione\/\"><abbr class='c2c-text-hover' title='Professore ordinario di Diritto costituzionale - Universit\u00e0 di Ferrara'>Roberto Bin<\/abbr><\/a>, \u00e8 quello di finire con il ritenere normale che l\u2019\u201cinteresse pubblico\u201d, cos\u00ec come inteso dal Governo, possa prevalere sui principi fondamentali della Costituzione (come la garanzia della libert\u00e0 personale, qualificata come \u00abinviolabile\u00bb dall\u2019art. 13), legittimando ogni possibile comportamento, persino un sequestro di persona. Al di l\u00e0 del caso specifico, l\u2019atteggiamento di sfida del Ministro sembra esprimere proprio questa idea: che non c\u2019\u00e8 legge o Costituzione che tenga quando sussiste il superiore interesse pubblico, espresso ovviamente dal governante di turno che se ne autoproclami esclusivo e insindacabile interprete. Una logica antitetica a quella dello Stato di diritto (la stessa Corte costituzionale ha pi\u00f9 volte ribadito che il principio \u00ab<em>salus rei publicae suprema lex esto<\/em>\u00bb non pu\u00f2 essere invocato per sospendere le garanzie costituzionali: si vedano, ad esempio, le sentenze nn. 151 del 2012 e 89 del 2014).<\/p>\n<p>Nulla di nuovo sotto il sole, dir\u00e0 qualcuno. E, in effetti, \u00e8 cos\u00ec: quante nefandezze sono state compiute, nel passato pi\u00f9 o meno recente, in funzione della ragion di Stato e nella convinzione che comunque il fine giustificasse i mezzi?<\/p>\n<p>Si tratta di una logica contro la quale, tuttavia, i Costituenti intesero porre le fondamenta di un nuovo ordinamento, quello appunto repubblicano, nel quale la persona umana fosse intesa sempre come un fine e mai come un mezzo. Siamo sicuri che, sfruttando la condizione disperata di 150 persone, non si stia tradendo nel profondo la nostra identit\u00e0 nazionale, che trova nei principi fondamentali e nei diritti inviolabili dell\u2019uomo il suo \u00abnucleo duro\u00bb? Siamo certi che l\u2019\u201cinteresse pubblico\u201d che deve prevalere non sia sempre e comunque la tutela della dignit\u00e0 umana? E quando ad essere messa in discussione dal declamato \u201cinteresse pubblico\u201d non sar\u00e0 la dignit\u00e0 degli altri, ma la nostra, a quali garanzie ci appelleremo?<\/p>\n","protected":false},"excerpt":{"rendered":"<p>di Alessandro Morelli \u00abInterrogasse me, non andasse a chiedere lumi a dei funzionari, che svolgono delle direttive che il responsabile d\u00e0, cio\u00e8 io. [\u2026] Se questo magistrato vuole capire qualcosa deve evitare i passaggi intermedi. Visto che c\u2019\u00e8 questo presunto sequestratore, che per qualcuno sarei io, sono disponibile a farmi interrogare domani mattina\u00bb,<\/p>\n<div class='heateorSssClear'><\/div><div  class='heateor_sss_sharing_container heateor_sss_horizontal_sharing' data-heateor-sss-href='https:\/\/www.lacostituzione.info\/index.php\/2018\/08\/25\/cosa-rischia-salvini-cosa-rischia-il-paese\/'><div class='heateor_sss_sharing_title' style=\"font-weight:bold\" >Condividi!<\/div><div class=\"heateor_sss_sharing_ul\"><a aria-label=\"Facebook\" class=\"heateor_sss_facebook\" href=\"https:\/\/www.facebook.com\/sharer\/sharer.php?u=https%3A%2F%2Fwww.lacostituzione.info%2Findex.php%2F2018%2F08%2F25%2Fcosa-rischia-salvini-cosa-rischia-il-paese%2F\" title=\"Facebook\" rel=\"nofollow noopener\" target=\"_blank\" style=\"font-size:32px!important;box-shadow:none;display:inline-block;vertical-align:middle\"><span class=\"heateor_sss_svg\" style=\"background-color:#0765FE;width:35px;height:35px;display:inline-block;opacity:1;float:left;font-size:32px;box-shadow:none;display:inline-block;font-size:16px;padding:0 4px;vertical-align:middle;background-repeat:repeat;overflow:hidden;padding:0;cursor:pointer;box-sizing:content-box\"><svg style=\"display:block;\" focusable=\"false\" aria-hidden=\"true\" xmlns=\"http:\/\/www.w3.org\/2000\/svg\" width=\"100%\" height=\"100%\" viewBox=\"0 0 32 32\"><path fill=\"#fff\" d=\"M28 16c0-6.627-5.373-12-12-12S4 9.373 4 16c0 5.628 3.875 10.35 9.101 11.647v-7.98h-2.474V16H13.1v-1.58c0-4.085 1.849-5.978 5.859-5.978.76 0 2.072.15 2.608.298v3.325c-.283-.03-.775-.045-1.386-.045-1.967 0-2.728.745-2.728 2.683V16h3.92l-.673 3.667h-3.247v8.245C23.395 27.195 28 22.135 28 16Z\"><\/path><\/svg><\/span><\/a><a aria-label=\"Twitter\" class=\"heateor_sss_button_twitter\" href=\"https:\/\/twitter.com\/intent\/tweet?text=Cosa%20rischia%20Salvini%3F%20Cosa%20rischia%20il%20Paese%3F&url=https%3A%2F%2Fwww.lacostituzione.info%2Findex.php%2F2018%2F08%2F25%2Fcosa-rischia-salvini-cosa-rischia-il-paese%2F\" title=\"Twitter\" rel=\"nofollow noopener\" target=\"_blank\" style=\"font-size:32px!important;box-shadow:none;display:inline-block;vertical-align:middle\"><span class=\"heateor_sss_svg heateor_sss_s__default heateor_sss_s_twitter\" style=\"background-color:#55acee;width:35px;height:35px;display:inline-block;opacity:1;float:left;font-size:32px;box-shadow:none;display:inline-block;font-size:16px;padding:0 4px;vertical-align:middle;background-repeat:repeat;overflow:hidden;padding:0;cursor:pointer;box-sizing:content-box\"><svg style=\"display:block;\" focusable=\"false\" aria-hidden=\"true\" xmlns=\"http:\/\/www.w3.org\/2000\/svg\" width=\"100%\" height=\"100%\" viewBox=\"-4 -4 39 39\"><path d=\"M28 8.557a9.913 9.913 0 0 1-2.828.775 4.93 4.93 0 0 0 2.166-2.725 9.738 9.738 0 0 1-3.13 1.194 4.92 4.92 0 0 0-3.593-1.55 4.924 4.924 0 0 0-4.794 6.049c-4.09-.21-7.72-2.17-10.15-5.15a4.942 4.942 0 0 0-.665 2.477c0 1.71.87 3.214 2.19 4.1a4.968 4.968 0 0 1-2.23-.616v.06c0 2.39 1.7 4.38 3.952 4.83-.414.115-.85.174-1.297.174-.318 0-.626-.03-.928-.086a4.935 4.935 0 0 0 4.6 3.42 9.893 9.893 0 0 1-6.114 2.107c-.398 0-.79-.023-1.175-.068a13.953 13.953 0 0 0 7.55 2.213c9.056 0 14.01-7.507 14.01-14.013 0-.213-.005-.426-.015-.637.96-.695 1.795-1.56 2.455-2.55z\" fill=\"#fff\"><\/path><\/svg><\/span><\/a><a aria-label=\"Reddit\" class=\"heateor_sss_button_reddit\" href=\"https:\/\/reddit.com\/submit?url=https%3A%2F%2Fwww.lacostituzione.info%2Findex.php%2F2018%2F08%2F25%2Fcosa-rischia-salvini-cosa-rischia-il-paese%2F&title=Cosa%20rischia%20Salvini%3F%20Cosa%20rischia%20il%20Paese%3F\" title=\"Reddit\" rel=\"nofollow noopener\" target=\"_blank\" style=\"font-size:32px!important;box-shadow:none;display:inline-block;vertical-align:middle\"><span class=\"heateor_sss_svg heateor_sss_s__default heateor_sss_s_reddit\" style=\"background-color:#ff5700;width:35px;height:35px;display:inline-block;opacity:1;float:left;font-size:32px;box-shadow:none;display:inline-block;font-size:16px;padding:0 4px;vertical-align:middle;background-repeat:repeat;overflow:hidden;padding:0;cursor:pointer;box-sizing:content-box\"><svg style=\"display:block;\" focusable=\"false\" aria-hidden=\"true\" xmlns=\"http:\/\/www.w3.org\/2000\/svg\" width=\"100%\" height=\"100%\" viewBox=\"-3.5 -3.5 39 39\"><path d=\"M28.543 15.774a2.953 2.953 0 0 0-2.951-2.949 2.882 2.882 0 0 0-1.9.713 14.075 14.075 0 0 0-6.85-2.044l1.38-4.349 3.768.884a2.452 2.452 0 1 0 .24-1.176l-4.274-1a.6.6 0 0 0-.709.4l-1.659 5.224a14.314 14.314 0 0 0-7.316 2.029 2.908 2.908 0 0 0-1.872-.681 2.942 2.942 0 0 0-1.618 5.4 5.109 5.109 0 0 0-.062.765c0 4.158 5.037 7.541 11.229 7.541s11.22-3.383 11.22-7.541a5.2 5.2 0 0 0-.053-.706 2.963 2.963 0 0 0 1.427-2.51zm-18.008 1.88a1.753 1.753 0 0 1 1.73-1.74 1.73 1.73 0 0 1 1.709 1.74 1.709 1.709 0 0 1-1.709 1.711 1.733 1.733 0 0 1-1.73-1.711zm9.565 4.968a5.573 5.573 0 0 1-4.081 1.272h-.032a5.576 5.576 0 0 1-4.087-1.272.6.6 0 0 1 .844-.854 4.5 4.5 0 0 0 3.238.927h.032a4.5 4.5 0 0 0 3.237-.927.6.6 0 1 1 .844.854zm-.331-3.256a1.726 1.726 0 1 1 1.709-1.712 1.717 1.717 0 0 1-1.712 1.712z\" fill=\"#fff\"\/><\/svg><\/span><\/a><a aria-label=\"Linkedin\" class=\"heateor_sss_button_linkedin\" href=\"https:\/\/www.linkedin.com\/sharing\/share-offsite\/?url=https%3A%2F%2Fwww.lacostituzione.info%2Findex.php%2F2018%2F08%2F25%2Fcosa-rischia-salvini-cosa-rischia-il-paese%2F\" title=\"Linkedin\" rel=\"nofollow noopener\" target=\"_blank\" style=\"font-size:32px!important;box-shadow:none;display:inline-block;vertical-align:middle\"><span class=\"heateor_sss_svg heateor_sss_s__default heateor_sss_s_linkedin\" style=\"background-color:#0077b5;width:35px;height:35px;display:inline-block;opacity:1;float:left;font-size:32px;box-shadow:none;display:inline-block;font-size:16px;padding:0 4px;vertical-align:middle;background-repeat:repeat;overflow:hidden;padding:0;cursor:pointer;box-sizing:content-box\"><svg style=\"display:block;\" focusable=\"false\" aria-hidden=\"true\" xmlns=\"http:\/\/www.w3.org\/2000\/svg\" width=\"100%\" height=\"100%\" viewBox=\"0 0 32 32\"><path d=\"M6.227 12.61h4.19v13.48h-4.19V12.61zm2.095-6.7a2.43 2.43 0 0 1 0 4.86c-1.344 0-2.428-1.09-2.428-2.43s1.084-2.43 2.428-2.43m4.72 6.7h4.02v1.84h.058c.56-1.058 1.927-2.176 3.965-2.176 4.238 0 5.02 2.792 5.02 6.42v7.395h-4.183v-6.56c0-1.564-.03-3.574-2.178-3.574-2.18 0-2.514 1.7-2.514 3.46v6.668h-4.187V12.61z\" fill=\"#fff\"><\/path><\/svg><\/span><\/a><a aria-label=\"Pinterest\" class=\"heateor_sss_button_pinterest\" href=\"https:\/\/www.lacostituzione.info\/index.php\/2018\/08\/25\/cosa-rischia-salvini-cosa-rischia-il-paese\/\" onclick=\"event.preventDefault();javascript:void( (function() {var e=document.createElement('script' );e.setAttribute('type','text\/javascript' );e.setAttribute('charset','UTF-8' );e.setAttribute('src','\/\/assets.pinterest.com\/js\/pinmarklet.js?r='+Math.random()*99999999);document.body.appendChild(e)})());\" title=\"Pinterest\" rel=\"noopener\" style=\"font-size:32px!important;box-shadow:none;display:inline-block;vertical-align:middle\"><span class=\"heateor_sss_svg heateor_sss_s__default heateor_sss_s_pinterest\" style=\"background-color:#cc2329;width:35px;height:35px;display:inline-block;opacity:1;float:left;font-size:32px;box-shadow:none;display:inline-block;font-size:16px;padding:0 4px;vertical-align:middle;background-repeat:repeat;overflow:hidden;padding:0;cursor:pointer;box-sizing:content-box\"><svg style=\"display:block;\" focusable=\"false\" aria-hidden=\"true\" xmlns=\"http:\/\/www.w3.org\/2000\/svg\" width=\"100%\" height=\"100%\" viewBox=\"-2 -2 35 35\"><path fill=\"#fff\" d=\"M16.539 4.5c-6.277 0-9.442 4.5-9.442 8.253 0 2.272.86 4.293 2.705 5.046.303.125.574.005.662-.33.061-.231.205-.816.27-1.06.088-.331.053-.447-.191-.736-.532-.627-.873-1.439-.873-2.591 0-3.338 2.498-6.327 6.505-6.327 3.548 0 5.497 2.168 5.497 5.062 0 3.81-1.686 7.025-4.188 7.025-1.382 0-2.416-1.142-2.085-2.545.397-1.674 1.166-3.48 1.166-4.689 0-1.081-.581-1.983-1.782-1.983-1.413 0-2.548 1.462-2.548 3.419 0 1.247.421 2.091.421 2.091l-1.699 7.199c-.505 2.137-.076 4.755-.039 5.019.021.158.223.196.314.077.13-.17 1.813-2.247 2.384-4.324.162-.587.929-3.631.929-3.631.46.876 1.801 1.646 3.227 1.646 4.247 0 7.128-3.871 7.128-9.053.003-3.918-3.317-7.568-8.361-7.568z\"\/><\/svg><\/span><\/a><a aria-label=\"Whatsapp\" class=\"heateor_sss_whatsapp\" href=\"https:\/\/api.whatsapp.com\/send?text=Cosa%20rischia%20Salvini%3F%20Cosa%20rischia%20il%20Paese%3F%20https%3A%2F%2Fwww.lacostituzione.info%2Findex.php%2F2018%2F08%2F25%2Fcosa-rischia-salvini-cosa-rischia-il-paese%2F\" title=\"Whatsapp\" rel=\"nofollow noopener\" target=\"_blank\" style=\"font-size:32px!important;box-shadow:none;display:inline-block;vertical-align:middle\"><span class=\"heateor_sss_svg\" style=\"background-color:#55eb4c;width:35px;height:35px;display:inline-block;opacity:1;float:left;font-size:32px;box-shadow:none;display:inline-block;font-size:16px;padding:0 4px;vertical-align:middle;background-repeat:repeat;overflow:hidden;padding:0;cursor:pointer;box-sizing:content-box\"><svg style=\"display:block;\" focusable=\"false\" aria-hidden=\"true\" xmlns=\"http:\/\/www.w3.org\/2000\/svg\" width=\"100%\" height=\"100%\" viewBox=\"-6 -5 40 40\"><path class=\"heateor_sss_svg_stroke heateor_sss_no_fill\" stroke=\"#fff\" stroke-width=\"2\" fill=\"none\" d=\"M 11.579798566743314 24.396926207859085 A 10 10 0 1 0 6.808479557110079 20.73576436351046\"><\/path><path d=\"M 7 19 l -1 6 l 6 -1\" class=\"heateor_sss_no_fill heateor_sss_svg_stroke\" stroke=\"#fff\" stroke-width=\"2\" fill=\"none\"><\/path><path d=\"M 10 10 q -1 8 8 11 c 5 -1 0 -6 -1 -3 q -4 -3 -5 -5 c 4 -2 -1 -5 -1 -4\" fill=\"#fff\"><\/path><\/svg><\/span><\/a><\/div><div class=\"heateorSssClear\"><\/div><\/div><div class='heateorSssClear'><\/div>","protected":false},"author":12,"featured_media":0,"comment_status":"open","ping_status":"open","sticky":false,"template":"","format":"standard","meta":{"jetpack_post_was_ever_published":false,"_jetpack_newsletter_access":"","_jetpack_dont_email_post_to_subs":false,"_jetpack_newsletter_tier_id":0,"_jetpack_memberships_contains_paywalled_content":false,"_jetpack_memberships_contains_paid_content":false,"footnotes":"","jetpack_publicize_message":"","jetpack_publicize_feature_enabled":true,"jetpack_social_post_already_shared":true,"jetpack_social_options":{"image_generator_settings":{"template":"highway","default_image_id":0,"enabled":false},"version":2}},"categories":[4],"tags":[1303,98,433,1304,154],"class_list":["post-5629","post","type-post","status-publish","format-standard","hentry","category-attualita","tag-diciotti","tag-immigrati","tag-liberta-personale","tag-reati-ministeriali","tag-salvini"],"jetpack_publicize_connections":[],"jetpack_featured_media_url":"","jetpack_shortlink":"https:\/\/wp.me\/p84sDq-1sN","jetpack_likes_enabled":true,"jetpack_sharing_enabled":true,"_links":{"self":[{"href":"https:\/\/www.lacostituzione.info\/index.php\/wp-json\/wp\/v2\/posts\/5629","targetHints":{"allow":["GET"]}}],"collection":[{"href":"https:\/\/www.lacostituzione.info\/index.php\/wp-json\/wp\/v2\/posts"}],"about":[{"href":"https:\/\/www.lacostituzione.info\/index.php\/wp-json\/wp\/v2\/types\/post"}],"author":[{"embeddable":true,"href":"https:\/\/www.lacostituzione.info\/index.php\/wp-json\/wp\/v2\/users\/12"}],"replies":[{"embeddable":true,"href":"https:\/\/www.lacostituzione.info\/index.php\/wp-json\/wp\/v2\/comments?post=5629"}],"version-history":[{"count":0,"href":"https:\/\/www.lacostituzione.info\/index.php\/wp-json\/wp\/v2\/posts\/5629\/revisions"}],"wp:attachment":[{"href":"https:\/\/www.lacostituzione.info\/index.php\/wp-json\/wp\/v2\/media?parent=5629"}],"wp:term":[{"taxonomy":"category","embeddable":true,"href":"https:\/\/www.lacostituzione.info\/index.php\/wp-json\/wp\/v2\/categories?post=5629"},{"taxonomy":"post_tag","embeddable":true,"href":"https:\/\/www.lacostituzione.info\/index.php\/wp-json\/wp\/v2\/tags?post=5629"}],"curies":[{"name":"wp","href":"https:\/\/api.w.org\/{rel}","templated":true}]}}