{"id":5639,"date":"2018-08-26T15:10:13","date_gmt":"2018-08-26T13:10:13","guid":{"rendered":"http:\/\/www.lacostituzione.info\/?p=5639"},"modified":"2018-09-05T11:20:53","modified_gmt":"2018-09-05T09:20:53","slug":"il-caso-diciotti-e-la-prova-di-forza-con-lue-fare-i-conti-con-la-legalita","status":"publish","type":"post","link":"https:\/\/www.lacostituzione.info\/index.php\/2018\/08\/26\/il-caso-diciotti-e-la-prova-di-forza-con-lue-fare-i-conti-con-la-legalita\/","title":{"rendered":"Il \u201ccaso Diciotti\u201d e la \u201cprova di forza\u201d con l\u2019Ue: fare i conti con la legalit\u00e0"},"content":{"rendered":"<p style=\"text-align: center;\"><a href=\"http:\/\/www.lacostituzione.info\/wp-content\/uploads\/2018\/08\/navediciotti.jpg\"><img loading=\"lazy\" decoding=\"async\" data-attachment-id=\"5640\" data-permalink=\"https:\/\/www.lacostituzione.info\/index.php\/2018\/08\/26\/il-caso-diciotti-e-la-prova-di-forza-con-lue-fare-i-conti-con-la-legalita\/navediciotti\/#main\" data-orig-file=\"https:\/\/www.lacostituzione.info\/wp-content\/uploads\/2018\/08\/navediciotti.jpg\" data-orig-size=\"1024,682\" data-comments-opened=\"1\" data-image-meta=\"{&quot;aperture&quot;:&quot;0&quot;,&quot;credit&quot;:&quot;&quot;,&quot;camera&quot;:&quot;&quot;,&quot;caption&quot;:&quot;&quot;,&quot;created_timestamp&quot;:&quot;0&quot;,&quot;copyright&quot;:&quot;&quot;,&quot;focal_length&quot;:&quot;0&quot;,&quot;iso&quot;:&quot;0&quot;,&quot;shutter_speed&quot;:&quot;0&quot;,&quot;title&quot;:&quot;&quot;,&quot;orientation&quot;:&quot;0&quot;}\" data-image-title=\"navediciotti\" data-image-description=\"\" data-image-caption=\"\" data-medium-file=\"https:\/\/www.lacostituzione.info\/wp-content\/uploads\/2018\/08\/navediciotti-300x200.jpg\" data-large-file=\"https:\/\/www.lacostituzione.info\/wp-content\/uploads\/2018\/08\/navediciotti-1024x682.jpg\" class=\"aligncenter size-thumbnail wp-image-5640\" src=\"http:\/\/www.lacostituzione.info\/wp-content\/uploads\/2018\/08\/navediciotti-150x150.jpg\" alt=\"\" width=\"150\" height=\"150\" \/><\/a>di <strong>Francesca Bailo<\/strong><\/p>\n<p>Il \u201ccaso Diciotti\u201d, dopo le vicende gi\u00e0 note di Pozzallo, Trapani e della nave \u201cAquarius\u201d, riporta prepotentemente l\u2019attenzione sull\u2019emergenza dei flussi migratori e sul ruolo dell\u2019Unione europea e degli Stati membri nel far s\u00ec che siano rispettati i diritti fondamentali e inviolabili \u2013 e, tra questi, <em>in primis<\/em>, la dignit\u00e0 \u2013 di ogni individuo.<!--more--><\/p>\n<p>Eppure, in un tale clima di tensione, da un lato, si intravede una politica \u201cgiustizialista\u201d messa in campo dalla compagine dell\u2019esecutivo che, sfiorando una crisi di governo a colpi di <em>tweet<\/em>, minaccia il mancato versamento dei contributi dovuti dall\u2019Italia al bilancio dell\u2019Unione europea per il 2019 nel caso in cui la stessa non provveda all\u2019immediata redistribuzione tra gli Stati membri dei migranti bloccati nel porto di Catania. E, dall\u2019altro lato, deve darsi atto del \u201cnulla di fatto\u201d in cui si \u00e8 risolto il vertice informalmente convocato il 24 agosto a Bruxelles di tutta corsa dalla Commissione Ue tra gli ambasciatori e i funzionari degli Stati membri, su richiesta dell\u2019Italia, e che, dunque, \u00e8 stato interpretato dai pi\u00f9 come un \u201cno\u201d abbastanza netto alle richieste avanzate dal nostro Paese.<\/p>\n<p>Una situazione tanto delicata quanto, per cos\u00ec dire, \u201cmuscolare\u201d, converrebbe, tuttavia, fosse analizzata a bocce ferme, attraverso la lente della legalit\u00e0 e, in specie, nel rispetto e nella puntuale applicazione dei principi costituzionali affermatisi nella nostra Costituzione, cos\u00ec come nelle altre Carte di natura sovranazionale e internazionale \u2013 quali, tra tutte, la Carta dell\u2019UE e la Cedu \u2013 cos\u00ec come interpretati alla luce della giurisprudenza delle Corti che le presidiano.<\/p>\n<p>In questa prospettiva, e nell\u2019immediato, non si pu\u00f2, quindi, mancare di ricordare che gi\u00e0 in pi\u00f9 occasioni il nostro ordinamento \u00e8 stato condannato dalla Corte Edu per la non corretta gestione dell\u2019\u201cemergenza sbarchi\u201d nei porti siciliani.<\/p>\n<p>In una prima occasione, oggetto di censura era stato l\u2019aver ricondotto in Libia i migranti dapprima accolti in imbarcazioni della marina militare italiana. Vicenda che \u00e8 stata giudicata all\u2019unanimit\u00e0 da Strasburgo (Corte Edu, Grande Camera, sent. 23 febbraio 2012, <em>Hirsi Jamaa c. Italia<\/em>) contraria all\u2019art. 3 Cedu e, in particolare, al principio di <em>non refoulement<\/em>, all\u2019art. 4 del Protocollo 4 allegato alla Cedu, con cui si vietano i respingimenti collettivi, e, infine, all\u2019art. 13 Cedu, per non essere i ricorrenti stati posti nelle condizioni di poter contestare dinanzi ad un\u2019autorit\u00e0 competente la legittimit\u00e0 del respingimento cui erano sottoposti.<\/p>\n<p>In una seconda e pi\u00f9 recente circostanza, poi, i migranti giunti nelle coste siciliane, in un primo momento, erano stati portati in un Centro di soccorso e prima accoglienza e, dopo una rivolta e il successivo incendio scaturito nel Centro medesimo, erano stati ricollocati in tre navi rimaste attraccate alle coste italiane per diversi giorni, per poi essere riportati, a mezzo aereo, nel proprio paese di origine. Essendo conseguentemente stata adita la Corte Edu, la Grande Camera (sent. 15 dicembre 2016, <em>Khlaifia e a. c. Italia<\/em>), in parziale riforma della decisione emessa dalla II sez. (Corte Edu, sez. II, 1\u00b0 settembre 2015), ha escluso che nel caso di specie vi fosse stata violazione dell\u2019art. 3 Cedu, nella parte in cui si lamentavano le gravi condizioni in cui il trattenimento era stato operato, rifacendosi agli standard attraverso i quali, in forza di una consolidata giurisprudenza, il parametro convenzionale sarebbe dovuto essere valutato (e, in estrema sintesi, riportabili a: I) un livello minimo di gravit\u00e0 delle condizioni sopportate; II) la condizione di vulnerabilit\u00e0 della vittima; III) il sovraffollamento; IV) la durata del trattenimento V) l\u2019assenza di violenze o maltrattamenti).<\/p>\n<p>Analoga sorte \u00e8 toccata pure alla doglianza relativa all\u2019art. 4, del Protocollo 4 allegata alla Cedu, per aver la Corte ritenuto che nel caso di specie fosse stata data una reale possibilit\u00e0 di far valere argomenti atti ad escludere l\u2019espulsione e che questi fossero stati esaminati in modo adeguato dalle autorit\u00e0 competenti.<\/p>\n<p>Mentre, per quanto pi\u00f9 ci interessa, e a integrale conferma della decisione di primo grado, \u00e8 stata ritenuta sussistente la violazione dell\u2019art. 5 Cedu, chiarendosi, tra l\u2019altro, che, nella fattispecie, il trattenimento protratto per una dozzina di giorni prima nel Centro e, poi, nelle navi, era da considerarsi privo di alcuna base giuridica chiara ed accessibile. Non \u00e8, infatti, a tal fine stato ritenuto sufficiente quanto disposto dagli artt. 10 e 14 del T.U sull\u2019immigrazione e, inoltre, si \u00e8 aggiunto che, anzi, i ricorrenti erano stati privati delle garanzie previste dall\u2019<em>habeas corpus <\/em>di cui all\u2019art. 13 della nostra Costituzione e che, dunque, nessun provvedimento, giudiziario o ammnistrativo, avrebbe giustificato il loro trattenimento (v. spec. \u00a7 105 della citata sentenza). Ci\u00f2 segnalando, ancora, che il sistema giuridico italiano non offriva ai ricorrenti un ricorso con il quale essi avrebbero potuto ottenere una decisione giurisdizionale sulla legittimit\u00e0 della loro privazione della libert\u00e0 e per dispensare la Corte dal verificare se i ricorsi disponibili nel diritto italiano avrebbero potuto offrire agli interessati delle garanzie sufficienti ai fini dell\u2019articolo 5 \u00a7 4 della Convenzione.<\/p>\n<p>Se, dunque, al di l\u00e0 delle vie giudiziarie interne gi\u00e0 avviate, si pu\u00f2 pensare che detti precedenti potranno verosimilmente assumere una qualche valenza qualora anche per la vicenda odierna si vorr\u00e0 nuovamente chiamare a decidere la Corte Edu, occorre, altres\u00ec, considerare come una buona parte del T.U. in materia di immigrazione sia stata a pi\u00f9 riprese fatta oggetto di censure sia dalla Corte di Giustizia (potendosi al proposito richiamare, tra gli altri, i casi <em>El Dridi<\/em> e <em>Sagor<\/em>), sia dalla stessa Corte costituzionale. E, proprio quest\u2019ultima, ha, ad esempio, ribadito (<em>ex multis<\/em>, cfr. Corte cost., sent. n. 249\/2010 ) che i diritti inviolabili spettano \u201cai singoli non in quanto partecipi di una determinata comunit\u00e0 politica, ma in quanto esseri umani\u201d, affermando che la condizione giuridica dello straniero \u201cnon dovesse essere pertanto considerata \u2013 per quanto riguarda la tutela di tali diritti \u2013 come causa ammissibile di trattamenti diversificati e peggiorativi\u201d.<\/p>\n<p>Cos\u00ec, se un profondo ripensamento della normativa interna in materia sembra non pi\u00f9 procrastinabile (nella speranza che il diritto penale sia ora impiegato limitatamente e solo \u201cin via sussidiaria\u201d), del pari, si auspica che venga fattivamente ed efficacemente adottata un\u2019azione convergente e comune da parte delle istituzioni europee.<\/p>\n<p>Su detto ultimo versante, occorre, peraltro, dare atto che, anche a motivo delle criticit\u00e0 riscontrate nell\u2019applicazione del regolamento UE n. 604\/2013 (c.d. \u201cRegolamento di Dublino III\u201d), sono state avanzate, da parte della Commissione Ue, sin dal 2014, proposte di modifica dello stesso e che, per\u00f2, l\u2019<em>iter<\/em> di approvazione del relativo testo normativo si trova, allo stato, in una fase di \u201cstallo\u201d anche per l\u2019opposizione di quelle forze politiche, presenti, per vero, in diversi Stati membri, che prevedono, nei propri programmi di governo, misure atte al contrasto \u201c<em>tout court<\/em>\u201d del fenomeno migratorio.<\/p>\n<p>Forse sarebbe, dunque, una buona occasione per riavviare fattivamente i lavori, senza pi\u00f9 tirarsi indietro da questa che, come \u00e8 stato efficacemente rilevato dal nostro Presidente della Repubblica, \u00e8 una \u00absistematica violazione della dignit\u00e0\u00bb.<\/p>\n","protected":false},"excerpt":{"rendered":"<p>di Francesca Bailo Il \u201ccaso Diciotti\u201d, dopo le vicende gi\u00e0 note di Pozzallo, Trapani e della nave \u201cAquarius\u201d, riporta prepotentemente l\u2019attenzione sull\u2019emergenza dei flussi migratori e sul ruolo dell\u2019Unione europea e degli Stati membri nel far s\u00ec che siano rispettati i diritti fondamentali e inviolabili \u2013 e, tra questi, in primis, la dignit\u00e0 \u2013 di &#8230; <a title=\"Il \u201ccaso Diciotti\u201d e la \u201cprova di forza\u201d con l\u2019Ue: fare i conti con la legalit\u00e0\" class=\"read-more\" href=\"https:\/\/www.lacostituzione.info\/index.php\/2018\/08\/26\/il-caso-diciotti-e-la-prova-di-forza-con-lue-fare-i-conti-con-la-legalita\/\">Leggi tutto<\/a><\/p>\n<div class='heateorSssClear'><\/div><div  class='heateor_sss_sharing_container heateor_sss_horizontal_sharing' data-heateor-sss-href='https:\/\/www.lacostituzione.info\/index.php\/2018\/08\/26\/il-caso-diciotti-e-la-prova-di-forza-con-lue-fare-i-conti-con-la-legalita\/'><div class='heateor_sss_sharing_title' style=\"font-weight:bold\" >Condividi!<\/div><div class=\"heateor_sss_sharing_ul\"><a aria-label=\"Facebook\" class=\"heateor_sss_facebook\" href=\"https:\/\/www.facebook.com\/sharer\/sharer.php?u=https%3A%2F%2Fwww.lacostituzione.info%2Findex.php%2F2018%2F08%2F26%2Fil-caso-diciotti-e-la-prova-di-forza-con-lue-fare-i-conti-con-la-legalita%2F\" title=\"Facebook\" rel=\"nofollow noopener\" target=\"_blank\" style=\"font-size:32px!important;box-shadow:none;display:inline-block;vertical-align:middle\"><span class=\"heateor_sss_svg\" style=\"background-color:#0765FE;width:35px;height:35px;display:inline-block;opacity:1;float:left;font-size:32px;box-shadow:none;display:inline-block;font-size:16px;padding:0 4px;vertical-align:middle;background-repeat:repeat;overflow:hidden;padding:0;cursor:pointer;box-sizing:content-box\"><svg style=\"display:block;\" focusable=\"false\" aria-hidden=\"true\" xmlns=\"http:\/\/www.w3.org\/2000\/svg\" width=\"100%\" height=\"100%\" viewBox=\"0 0 32 32\"><path fill=\"#fff\" d=\"M28 16c0-6.627-5.373-12-12-12S4 9.373 4 16c0 5.628 3.875 10.35 9.101 11.647v-7.98h-2.474V16H13.1v-1.58c0-4.085 1.849-5.978 5.859-5.978.76 0 2.072.15 2.608.298v3.325c-.283-.03-.775-.045-1.386-.045-1.967 0-2.728.745-2.728 2.683V16h3.92l-.673 3.667h-3.247v8.245C23.395 27.195 28 22.135 28 16Z\"><\/path><\/svg><\/span><\/a><a aria-label=\"Twitter\" class=\"heateor_sss_button_twitter\" href=\"https:\/\/twitter.com\/intent\/tweet?text=Il%20%E2%80%9Ccaso%20Diciotti%E2%80%9D%20e%20la%20%E2%80%9Cprova%20di%20forza%E2%80%9D%20con%20l%E2%80%99Ue%3A%20fare%20i%20conti%20con%20la%20legalit%C3%A0&url=https%3A%2F%2Fwww.lacostituzione.info%2Findex.php%2F2018%2F08%2F26%2Fil-caso-diciotti-e-la-prova-di-forza-con-lue-fare-i-conti-con-la-legalita%2F\" title=\"Twitter\" rel=\"nofollow noopener\" target=\"_blank\" style=\"font-size:32px!important;box-shadow:none;display:inline-block;vertical-align:middle\"><span class=\"heateor_sss_svg heateor_sss_s__default heateor_sss_s_twitter\" style=\"background-color:#55acee;width:35px;height:35px;display:inline-block;opacity:1;float:left;font-size:32px;box-shadow:none;display:inline-block;font-size:16px;padding:0 4px;vertical-align:middle;background-repeat:repeat;overflow:hidden;padding:0;cursor:pointer;box-sizing:content-box\"><svg style=\"display:block;\" focusable=\"false\" aria-hidden=\"true\" xmlns=\"http:\/\/www.w3.org\/2000\/svg\" width=\"100%\" height=\"100%\" viewBox=\"-4 -4 39 39\"><path d=\"M28 8.557a9.913 9.913 0 0 1-2.828.775 4.93 4.93 0 0 0 2.166-2.725 9.738 9.738 0 0 1-3.13 1.194 4.92 4.92 0 0 0-3.593-1.55 4.924 4.924 0 0 0-4.794 6.049c-4.09-.21-7.72-2.17-10.15-5.15a4.942 4.942 0 0 0-.665 2.477c0 1.71.87 3.214 2.19 4.1a4.968 4.968 0 0 1-2.23-.616v.06c0 2.39 1.7 4.38 3.952 4.83-.414.115-.85.174-1.297.174-.318 0-.626-.03-.928-.086a4.935 4.935 0 0 0 4.6 3.42 9.893 9.893 0 0 1-6.114 2.107c-.398 0-.79-.023-1.175-.068a13.953 13.953 0 0 0 7.55 2.213c9.056 0 14.01-7.507 14.01-14.013 0-.213-.005-.426-.015-.637.96-.695 1.795-1.56 2.455-2.55z\" fill=\"#fff\"><\/path><\/svg><\/span><\/a><a aria-label=\"Reddit\" class=\"heateor_sss_button_reddit\" href=\"https:\/\/reddit.com\/submit?url=https%3A%2F%2Fwww.lacostituzione.info%2Findex.php%2F2018%2F08%2F26%2Fil-caso-diciotti-e-la-prova-di-forza-con-lue-fare-i-conti-con-la-legalita%2F&title=Il%20%E2%80%9Ccaso%20Diciotti%E2%80%9D%20e%20la%20%E2%80%9Cprova%20di%20forza%E2%80%9D%20con%20l%E2%80%99Ue%3A%20fare%20i%20conti%20con%20la%20legalit%C3%A0\" title=\"Reddit\" rel=\"nofollow noopener\" target=\"_blank\" style=\"font-size:32px!important;box-shadow:none;display:inline-block;vertical-align:middle\"><span class=\"heateor_sss_svg heateor_sss_s__default heateor_sss_s_reddit\" style=\"background-color:#ff5700;width:35px;height:35px;display:inline-block;opacity:1;float:left;font-size:32px;box-shadow:none;display:inline-block;font-size:16px;padding:0 4px;vertical-align:middle;background-repeat:repeat;overflow:hidden;padding:0;cursor:pointer;box-sizing:content-box\"><svg style=\"display:block;\" focusable=\"false\" aria-hidden=\"true\" xmlns=\"http:\/\/www.w3.org\/2000\/svg\" width=\"100%\" height=\"100%\" viewBox=\"-3.5 -3.5 39 39\"><path d=\"M28.543 15.774a2.953 2.953 0 0 0-2.951-2.949 2.882 2.882 0 0 0-1.9.713 14.075 14.075 0 0 0-6.85-2.044l1.38-4.349 3.768.884a2.452 2.452 0 1 0 .24-1.176l-4.274-1a.6.6 0 0 0-.709.4l-1.659 5.224a14.314 14.314 0 0 0-7.316 2.029 2.908 2.908 0 0 0-1.872-.681 2.942 2.942 0 0 0-1.618 5.4 5.109 5.109 0 0 0-.062.765c0 4.158 5.037 7.541 11.229 7.541s11.22-3.383 11.22-7.541a5.2 5.2 0 0 0-.053-.706 2.963 2.963 0 0 0 1.427-2.51zm-18.008 1.88a1.753 1.753 0 0 1 1.73-1.74 1.73 1.73 0 0 1 1.709 1.74 1.709 1.709 0 0 1-1.709 1.711 1.733 1.733 0 0 1-1.73-1.711zm9.565 4.968a5.573 5.573 0 0 1-4.081 1.272h-.032a5.576 5.576 0 0 1-4.087-1.272.6.6 0 0 1 .844-.854 4.5 4.5 0 0 0 3.238.927h.032a4.5 4.5 0 0 0 3.237-.927.6.6 0 1 1 .844.854zm-.331-3.256a1.726 1.726 0 1 1 1.709-1.712 1.717 1.717 0 0 1-1.712 1.712z\" fill=\"#fff\"\/><\/svg><\/span><\/a><a aria-label=\"Linkedin\" class=\"heateor_sss_button_linkedin\" href=\"https:\/\/www.linkedin.com\/sharing\/share-offsite\/?url=https%3A%2F%2Fwww.lacostituzione.info%2Findex.php%2F2018%2F08%2F26%2Fil-caso-diciotti-e-la-prova-di-forza-con-lue-fare-i-conti-con-la-legalita%2F\" title=\"Linkedin\" rel=\"nofollow noopener\" target=\"_blank\" style=\"font-size:32px!important;box-shadow:none;display:inline-block;vertical-align:middle\"><span class=\"heateor_sss_svg heateor_sss_s__default heateor_sss_s_linkedin\" style=\"background-color:#0077b5;width:35px;height:35px;display:inline-block;opacity:1;float:left;font-size:32px;box-shadow:none;display:inline-block;font-size:16px;padding:0 4px;vertical-align:middle;background-repeat:repeat;overflow:hidden;padding:0;cursor:pointer;box-sizing:content-box\"><svg style=\"display:block;\" focusable=\"false\" aria-hidden=\"true\" xmlns=\"http:\/\/www.w3.org\/2000\/svg\" width=\"100%\" height=\"100%\" viewBox=\"0 0 32 32\"><path d=\"M6.227 12.61h4.19v13.48h-4.19V12.61zm2.095-6.7a2.43 2.43 0 0 1 0 4.86c-1.344 0-2.428-1.09-2.428-2.43s1.084-2.43 2.428-2.43m4.72 6.7h4.02v1.84h.058c.56-1.058 1.927-2.176 3.965-2.176 4.238 0 5.02 2.792 5.02 6.42v7.395h-4.183v-6.56c0-1.564-.03-3.574-2.178-3.574-2.18 0-2.514 1.7-2.514 3.46v6.668h-4.187V12.61z\" fill=\"#fff\"><\/path><\/svg><\/span><\/a><a aria-label=\"Pinterest\" class=\"heateor_sss_button_pinterest\" href=\"https:\/\/www.lacostituzione.info\/index.php\/2018\/08\/26\/il-caso-diciotti-e-la-prova-di-forza-con-lue-fare-i-conti-con-la-legalita\/\" onclick=\"event.preventDefault();javascript:void( (function() {var e=document.createElement('script' );e.setAttribute('type','text\/javascript' );e.setAttribute('charset','UTF-8' );e.setAttribute('src','\/\/assets.pinterest.com\/js\/pinmarklet.js?r='+Math.random()*99999999);document.body.appendChild(e)})());\" title=\"Pinterest\" rel=\"noopener\" style=\"font-size:32px!important;box-shadow:none;display:inline-block;vertical-align:middle\"><span class=\"heateor_sss_svg heateor_sss_s__default heateor_sss_s_pinterest\" style=\"background-color:#cc2329;width:35px;height:35px;display:inline-block;opacity:1;float:left;font-size:32px;box-shadow:none;display:inline-block;font-size:16px;padding:0 4px;vertical-align:middle;background-repeat:repeat;overflow:hidden;padding:0;cursor:pointer;box-sizing:content-box\"><svg style=\"display:block;\" focusable=\"false\" aria-hidden=\"true\" xmlns=\"http:\/\/www.w3.org\/2000\/svg\" width=\"100%\" height=\"100%\" viewBox=\"-2 -2 35 35\"><path fill=\"#fff\" d=\"M16.539 4.5c-6.277 0-9.442 4.5-9.442 8.253 0 2.272.86 4.293 2.705 5.046.303.125.574.005.662-.33.061-.231.205-.816.27-1.06.088-.331.053-.447-.191-.736-.532-.627-.873-1.439-.873-2.591 0-3.338 2.498-6.327 6.505-6.327 3.548 0 5.497 2.168 5.497 5.062 0 3.81-1.686 7.025-4.188 7.025-1.382 0-2.416-1.142-2.085-2.545.397-1.674 1.166-3.48 1.166-4.689 0-1.081-.581-1.983-1.782-1.983-1.413 0-2.548 1.462-2.548 3.419 0 1.247.421 2.091.421 2.091l-1.699 7.199c-.505 2.137-.076 4.755-.039 5.019.021.158.223.196.314.077.13-.17 1.813-2.247 2.384-4.324.162-.587.929-3.631.929-3.631.46.876 1.801 1.646 3.227 1.646 4.247 0 7.128-3.871 7.128-9.053.003-3.918-3.317-7.568-8.361-7.568z\"\/><\/svg><\/span><\/a><a aria-label=\"Whatsapp\" class=\"heateor_sss_whatsapp\" href=\"https:\/\/api.whatsapp.com\/send?text=Il%20%E2%80%9Ccaso%20Diciotti%E2%80%9D%20e%20la%20%E2%80%9Cprova%20di%20forza%E2%80%9D%20con%20l%E2%80%99Ue%3A%20fare%20i%20conti%20con%20la%20legalit%C3%A0%20https%3A%2F%2Fwww.lacostituzione.info%2Findex.php%2F2018%2F08%2F26%2Fil-caso-diciotti-e-la-prova-di-forza-con-lue-fare-i-conti-con-la-legalita%2F\" title=\"Whatsapp\" rel=\"nofollow noopener\" target=\"_blank\" style=\"font-size:32px!important;box-shadow:none;display:inline-block;vertical-align:middle\"><span class=\"heateor_sss_svg\" style=\"background-color:#55eb4c;width:35px;height:35px;display:inline-block;opacity:1;float:left;font-size:32px;box-shadow:none;display:inline-block;font-size:16px;padding:0 4px;vertical-align:middle;background-repeat:repeat;overflow:hidden;padding:0;cursor:pointer;box-sizing:content-box\"><svg style=\"display:block;\" focusable=\"false\" aria-hidden=\"true\" xmlns=\"http:\/\/www.w3.org\/2000\/svg\" width=\"100%\" height=\"100%\" viewBox=\"-6 -5 40 40\"><path class=\"heateor_sss_svg_stroke heateor_sss_no_fill\" stroke=\"#fff\" stroke-width=\"2\" fill=\"none\" d=\"M 11.579798566743314 24.396926207859085 A 10 10 0 1 0 6.808479557110079 20.73576436351046\"><\/path><path d=\"M 7 19 l -1 6 l 6 -1\" class=\"heateor_sss_no_fill heateor_sss_svg_stroke\" stroke=\"#fff\" stroke-width=\"2\" fill=\"none\"><\/path><path d=\"M 10 10 q -1 8 8 11 c 5 -1 0 -6 -1 -3 q -4 -3 -5 -5 c 4 -2 -1 -5 -1 -4\" fill=\"#fff\"><\/path><\/svg><\/span><\/a><\/div><div class=\"heateorSssClear\"><\/div><\/div><div class='heateorSssClear'><\/div>","protected":false},"author":1,"featured_media":0,"comment_status":"open","ping_status":"open","sticky":false,"template":"","format":"standard","meta":{"jetpack_post_was_ever_published":false,"_jetpack_newsletter_access":"","_jetpack_dont_email_post_to_subs":false,"_jetpack_newsletter_tier_id":0,"_jetpack_memberships_contains_paywalled_content":false,"_jetpack_memberships_contains_paid_content":false,"footnotes":"","jetpack_publicize_message":"","jetpack_publicize_feature_enabled":true,"jetpack_social_post_already_shared":true,"jetpack_social_options":{"image_generator_settings":{"template":"highway","default_image_id":0,"enabled":false},"version":2}},"categories":[4],"tags":[702,1303,98],"class_list":["post-5639","post","type-post","status-publish","format-standard","hentry","category-attualita","tag-cedu","tag-diciotti","tag-immigrati"],"jetpack_publicize_connections":[],"jetpack_featured_media_url":"","jetpack_shortlink":"https:\/\/wp.me\/p84sDq-1sX","jetpack_likes_enabled":true,"jetpack_sharing_enabled":true,"_links":{"self":[{"href":"https:\/\/www.lacostituzione.info\/index.php\/wp-json\/wp\/v2\/posts\/5639","targetHints":{"allow":["GET"]}}],"collection":[{"href":"https:\/\/www.lacostituzione.info\/index.php\/wp-json\/wp\/v2\/posts"}],"about":[{"href":"https:\/\/www.lacostituzione.info\/index.php\/wp-json\/wp\/v2\/types\/post"}],"author":[{"embeddable":true,"href":"https:\/\/www.lacostituzione.info\/index.php\/wp-json\/wp\/v2\/users\/1"}],"replies":[{"embeddable":true,"href":"https:\/\/www.lacostituzione.info\/index.php\/wp-json\/wp\/v2\/comments?post=5639"}],"version-history":[{"count":0,"href":"https:\/\/www.lacostituzione.info\/index.php\/wp-json\/wp\/v2\/posts\/5639\/revisions"}],"wp:attachment":[{"href":"https:\/\/www.lacostituzione.info\/index.php\/wp-json\/wp\/v2\/media?parent=5639"}],"wp:term":[{"taxonomy":"category","embeddable":true,"href":"https:\/\/www.lacostituzione.info\/index.php\/wp-json\/wp\/v2\/categories?post=5639"},{"taxonomy":"post_tag","embeddable":true,"href":"https:\/\/www.lacostituzione.info\/index.php\/wp-json\/wp\/v2\/tags?post=5639"}],"curies":[{"name":"wp","href":"https:\/\/api.w.org\/{rel}","templated":true}]}}